{"id":5387,"date":"2016-04-07T00:00:40","date_gmt":"2016-04-06T22:00:40","guid":{"rendered":"http:\/\/lararkarriar.se\/grundskola\/?p=5387"},"modified":"2016-04-07T00:00:40","modified_gmt":"2016-04-06T22:00:40","slug":"motala-kommun-erbjuder-inflytande-och-utvecklingsmojligheter","status":"publish","type":"post","link":"https:\/\/lararkarriar.se\/grundskola\/2016\/04\/07\/motala-kommun-erbjuder-inflytande-och-utvecklingsmojligheter\/","title":{"rendered":"Motala kommun erbjuder inflytande och utvecklingsm\u00f6jligheter"},"content":{"rendered":"<p><figure id=\"attachment_5390\" aria-describedby=\"caption-attachment-5390\" style=\"width: 1000px\" class=\"wp-caption alignnone\"><img loading=\"lazy\" decoding=\"async\" src=\"https:\/\/lararkarriar.se\/grundskola\/wp-content\/uploads\/sites\/12\/2016\/04\/motala-johan3.jpg\" alt=\"Johan Wernstr\u00f6m, rektor p\u00e5 Mariebergsskolan i Motala.\" width=\"1000\" height=\"627\" class=\"size-full wp-image-5390\" srcset=\"https:\/\/lararkarriar.se\/grundskola\/wp-content\/uploads\/sites\/12\/2016\/04\/motala-johan3.jpg 1000w, https:\/\/lararkarriar.se\/grundskola\/wp-content\/uploads\/sites\/12\/2016\/04\/motala-johan3-300x188.jpg 300w, https:\/\/lararkarriar.se\/grundskola\/wp-content\/uploads\/sites\/12\/2016\/04\/motala-johan3-768x482.jpg 768w, https:\/\/lararkarriar.se\/grundskola\/wp-content\/uploads\/sites\/12\/2016\/04\/motala-johan3-255x160.jpg 255w, https:\/\/lararkarriar.se\/grundskola\/wp-content\/uploads\/sites\/12\/2016\/04\/motala-johan3-526x330.jpg 526w, https:\/\/lararkarriar.se\/grundskola\/wp-content\/uploads\/sites\/12\/2016\/04\/motala-johan3-720x451.jpg 720w, https:\/\/lararkarriar.se\/grundskola\/wp-content\/uploads\/sites\/12\/2016\/04\/motala-johan3-960x602.jpg 960w\" sizes=\"auto, (max-width: 1000px) 100vw, 1000px\" \/><figcaption id=\"caption-attachment-5390\" class=\"wp-caption-text\">Johan Wernstr\u00f6m, rektor p\u00e5 Mariebergsskolan i Motala.<\/figcaption><\/figure><strong>Som grundskoll\u00e4rare i Motala kommun verkar du i en kommun som \u00e4r tillr\u00e4ckligt stor f\u00f6r att kunna erbjuda utvecklingsm\u00f6jligheter och samtidigt tillr\u00e4ckligt sm\u00e5skalig f\u00f6r att beslutsv\u00e4garna ska vara korta. Motala kan erbjuda en god livskvalitet, mycket goda pendlingsm\u00f6jligheter och ett kontinuerligt utvecklingsarbete.<\/strong><\/p>\n<p>Motala kommun erbjuder m\u00e5nga utvecklingsv\u00e4gar och synligg\u00f6r samtidigt alla l\u00e4rare. Ut\u00f6ver f\u00f6rstel\u00e4rarroller kan kommunen erbjuda ett chefsaspirantprogram f\u00f6r l\u00e4rare som vill utforska m\u00f6jligheten att bli chef. Chefsaspirantprogrammet ger en introduktion till chefsrollen och inneb\u00e4r en fortbildningsm\u00f6jlighet som genomf\u00f6rs parallellt med l\u00e4raryrket.<br \/>\n\u2013 Sedan tre \u00e5r tillbaka utbildar vi all personal i samtliga skolor samt kommunens fritids- och kulturverksamhet inom ESFA, En skola f\u00f6r alla. ESFA ger all skolpersonal en gemensam v\u00e4rdegrund och kompetens kring bem\u00f6tandet av elever med neuropsykiatriska funktionsvariationer.  Det \u00f6kar tryggheten f\u00f6r s\u00e5v\u00e4l skolpersonal som elever. P\u00e5 senare \u00e5r har grundskoleelevernas resultatniv\u00e5er successivt f\u00f6rb\u00e4ttrats. V\u00e5r konsekventa satsning p\u00e5 ESFA kan definitivt ha bidragit, s\u00e4ger Johan Wernstr\u00f6m, rektor p\u00e5 Mariebergsskolan i Motala.<\/p>\n<p><strong>Utvecklingssatsningar<\/strong><br \/>\nUnder 2014 p\u00e5b\u00f6rjades en ut\u00f6kning av antalet digitala verktyg och l\u00e4romedel i Motala kommuns f\u00f6rskolor och skolor. Alla elever i grundskolan kommer fr\u00e5n 2016 att ha tillg\u00e5ng till varsin dator eller l\u00e4rplatta f\u00f6r sitt l\u00e4rande i s\u00e5v\u00e4l skola som hem. Med digitala verktyg i undervisningen kan eleverna f\u00e5 djupare kunskap om b\u00e5de ett \u00e4mne och om hur modern teknik kan anv\u00e4ndas f\u00f6r att s\u00f6ka kunskap och kommunicera med andra. Eleverna kan med hj\u00e4lp av den digitala tekniken utveckla sin kreativitet, nyfikenhet, probleml\u00f6snings- och initiativf\u00f6rm\u00e5ga n\u00e4r de f\u00e5r m\u00f6jlighet att anv\u00e4nda sig av dessa verktyg och l\u00e4romedel samt att elever med funktionsvariationer f\u00e5r st\u00f6d med hj\u00e4lp av digitala verktyg.<br \/>\n\u2013 Motala \u00e4r en boendeort med en bredd av boendem\u00f6jligheter, fr\u00e5n villor vid V\u00e4tterns strand till centralt bel\u00e4gna hyreshusomr\u00e5den. Kommunen pr\u00e4glas av ett levande f\u00f6reningsliv och en mycket god tillg\u00e5ng till olika typer av friluftsomr\u00e5den. Pendlingsm\u00f6jligheterna till och fr\u00e5n Motala \u00e4r mycket goda, med direktlinjer och t\u00e4ta avg\u00e5ngar till Link\u00f6ping och Norrk\u00f6ping med \u00d6stg\u00f6tapendeln, s\u00e4ger Johan Wernstr\u00f6m.<\/p>\n<div class=\"faktaruta-title\">Motala kommun<\/div><div class=\"faktaruta\">\u2022 43&nbsp;000 inv\u00e5nare<br \/>\n\u2022 3&nbsp;500 anst\u00e4llda inom kommunen<br \/>\n\u2022 \u00c5rets cykelfr\u00e4mjarkommun 2015<br \/>\n\u2022 Huvudort f\u00f6r V\u00e4tternrundan och G\u00f6ta kanal<br \/>\n\u2022 Varamobaden \u2013 Nordens st\u00f6rsta insj\u00f6bad<br \/>\n<strong><a href=\"http:\/\/www.motala.se\" target=\"_blank\" rel=\"noopener noreferrer\">www.motala.se<\/a><\/strong><\/br><br \/>\n<a href=\"http:\/\/www.motala.se\" target=\"_blank\" rel=\"attachment wp-att-5391 noopener noreferrer\"><img loading=\"lazy\" decoding=\"async\" src=\"http:\/\/lararkarriar.se\/grundskola\/wp-content\/uploads\/2016\/04\/motala_kommun-530x290.png\" alt=\"www.motala.se\" width=\"237\" height=\"130\" class=\"alignnone size-large wp-image-5391\" \/><\/a><\/div>\n","protected":false},"excerpt":{"rendered":"<p>Som grundskoll\u00e4rare i Motala kommun verkar du i en kommun som \u00e4r tillr\u00e4ckligt stor f\u00f6r&#8230;<\/p>\n","protected":false},"author":3,"featured_media":5389,"comment_status":"closed","ping_status":"open","sticky":false,"template":"","format":"standard","meta":{"_acf_changed":false,"_monsterinsights_skip_tracking":false,"_monsterinsights_sitenote_active":false,"_monsterinsights_sitenote_note":"","_monsterinsights_sitenote_category":0,"footnotes":""},"categories":[7],"tags":[],"class_list":["post-5387","post","type-post","status-publish","format-standard","has-post-thumbnail","hentry","category-presentation"],"acf":[],"yoast_head":"<!-- This site is optimized with the Yoast SEO plugin v27.3 - https:\/\/yoast.com\/product\/yoast-seo-wordpress\/ -->\n<title>Motala kommun erbjuder inflytande och utvecklingsm\u00f6jligheter - Framtidens Karri\u00e4r \u2013 Grundskolel\u00e4rare<\/title>\n<meta name=\"robots\" content=\"index, follow, max-snippet:-1, max-image-preview:large, max-video-preview:-1\" \/>\n<link rel=\"canonical\" href=\"https:\/\/lararkarriar.se\/grundskola\/2016\/04\/07\/motala-kommun-erbjuder-inflytande-och-utvecklingsmojligheter\/\" \/>\n<meta property=\"og:locale\" content=\"sv_SE\" \/>\n<meta property=\"og:type\" content=\"article\" \/>\n<meta property=\"og:title\" content=\"Motala kommun erbjuder inflytande och utvecklingsm\u00f6jligheter - Framtidens Karri\u00e4r \u2013 Grundskolel\u00e4rare\" \/>\n<meta property=\"og:description\" content=\"Som grundskoll\u00e4rare i Motala kommun verkar du i en kommun som \u00e4r tillr\u00e4ckligt stor f\u00f6r...\" \/>\n<meta property=\"og:url\" content=\"https:\/\/lararkarriar.se\/grundskola\/2016\/04\/07\/motala-kommun-erbjuder-inflytande-och-utvecklingsmojligheter\/\" \/>\n<meta property=\"og:site_name\" content=\"Framtidens Karri\u00e4r \u2013 Grundskolel\u00e4rare\" \/>\n<meta property=\"article:published_time\" content=\"2016-04-06T22:00:40+00:00\" \/>\n<meta property=\"og:image\" content=\"https:\/\/lararkarriar.se\/grundskola\/wp-content\/uploads\/sites\/12\/2016\/04\/motala-johan3-liten.jpg\" \/>\n\t<meta property=\"og:image:width\" content=\"442\" \/>\n\t<meta property=\"og:image:height\" content=\"442\" \/>\n\t<meta property=\"og:image:type\" content=\"image\/jpeg\" \/>\n<meta name=\"author\" content=\"stellanstal\" \/>\n<meta name=\"twitter:card\" content=\"summary_large_image\" \/>\n<meta name=\"twitter:label1\" content=\"Skriven av\" \/>\n\t<meta name=\"twitter:data1\" content=\"stellanstal\" \/>\n\t<meta name=\"twitter:label2\" content=\"Ber\u00e4knad l\u00e4stid\" \/>\n\t<meta name=\"twitter:data2\" content=\"2 minuter\" \/>\n<script type=\"application\/ld+json\" class=\"yoast-schema-graph\">{\"@context\":\"https:\\\/\\\/schema.org\",\"@graph\":[{\"@type\":\"Article\",\"@id\":\"https:\\\/\\\/lararkarriar.se\\\/grundskola\\\/2016\\\/04\\\/07\\\/motala-kommun-erbjuder-inflytande-och-utvecklingsmojligheter\\\/#article\",\"isPartOf\":{\"@id\":\"https:\\\/\\\/lararkarriar.se\\\/grundskola\\\/2016\\\/04\\\/07\\\/motala-kommun-erbjuder-inflytande-och-utvecklingsmojligheter\\\/\"},\"author\":{\"name\":\"stellanstal\",\"@id\":\"https:\\\/\\\/lararkarriar.se\\\/grundskola\\\/#\\\/schema\\\/person\\\/c8a43eb855191e573b73ecf8987a3b99\"},\"headline\":\"Motala kommun erbjuder inflytande och utvecklingsm\u00f6jligheter\",\"datePublished\":\"2016-04-06T22:00:40+00:00\",\"mainEntityOfPage\":{\"@id\":\"https:\\\/\\\/lararkarriar.se\\\/grundskola\\\/2016\\\/04\\\/07\\\/motala-kommun-erbjuder-inflytande-och-utvecklingsmojligheter\\\/\"},\"wordCount\":454,\"image\":{\"@id\":\"https:\\\/\\\/lararkarriar.se\\\/grundskola\\\/2016\\\/04\\\/07\\\/motala-kommun-erbjuder-inflytande-och-utvecklingsmojligheter\\\/#primaryimage\"},\"thumbnailUrl\":\"https:\\\/\\\/lararkarriar.se\\\/grundskola\\\/wp-content\\\/uploads\\\/sites\\\/12\\\/2016\\\/04\\\/motala-johan3-liten.jpg\",\"articleSection\":[\"Presentation\"],\"inLanguage\":\"sv-SE\"},{\"@type\":\"WebPage\",\"@id\":\"https:\\\/\\\/lararkarriar.se\\\/grundskola\\\/2016\\\/04\\\/07\\\/motala-kommun-erbjuder-inflytande-och-utvecklingsmojligheter\\\/\",\"url\":\"https:\\\/\\\/lararkarriar.se\\\/grundskola\\\/2016\\\/04\\\/07\\\/motala-kommun-erbjuder-inflytande-och-utvecklingsmojligheter\\\/\",\"name\":\"Motala kommun erbjuder inflytande och utvecklingsm\u00f6jligheter - Framtidens Karri\u00e4r \u2013 Grundskolel\u00e4rare\",\"isPartOf\":{\"@id\":\"https:\\\/\\\/lararkarriar.se\\\/grundskola\\\/#website\"},\"primaryImageOfPage\":{\"@id\":\"https:\\\/\\\/lararkarriar.se\\\/grundskola\\\/2016\\\/04\\\/07\\\/motala-kommun-erbjuder-inflytande-och-utvecklingsmojligheter\\\/#primaryimage\"},\"image\":{\"@id\":\"https:\\\/\\\/lararkarriar.se\\\/grundskola\\\/2016\\\/04\\\/07\\\/motala-kommun-erbjuder-inflytande-och-utvecklingsmojligheter\\\/#primaryimage\"},\"thumbnailUrl\":\"https:\\\/\\\/lararkarriar.se\\\/grundskola\\\/wp-content\\\/uploads\\\/sites\\\/12\\\/2016\\\/04\\\/motala-johan3-liten.jpg\",\"datePublished\":\"2016-04-06T22:00:40+00:00\",\"author\":{\"@id\":\"https:\\\/\\\/lararkarriar.se\\\/grundskola\\\/#\\\/schema\\\/person\\\/c8a43eb855191e573b73ecf8987a3b99\"},\"breadcrumb\":{\"@id\":\"https:\\\/\\\/lararkarriar.se\\\/grundskola\\\/2016\\\/04\\\/07\\\/motala-kommun-erbjuder-inflytande-och-utvecklingsmojligheter\\\/#breadcrumb\"},\"inLanguage\":\"sv-SE\",\"potentialAction\":[{\"@type\":\"ReadAction\",\"target\":[\"https:\\\/\\\/lararkarriar.se\\\/grundskola\\\/2016\\\/04\\\/07\\\/motala-kommun-erbjuder-inflytande-och-utvecklingsmojligheter\\\/\"]}]},{\"@type\":\"ImageObject\",\"inLanguage\":\"sv-SE\",\"@id\":\"https:\\\/\\\/lararkarriar.se\\\/grundskola\\\/2016\\\/04\\\/07\\\/motala-kommun-erbjuder-inflytande-och-utvecklingsmojligheter\\\/#primaryimage\",\"url\":\"https:\\\/\\\/lararkarriar.se\\\/grundskola\\\/wp-content\\\/uploads\\\/sites\\\/12\\\/2016\\\/04\\\/motala-johan3-liten.jpg\",\"contentUrl\":\"https:\\\/\\\/lararkarriar.se\\\/grundskola\\\/wp-content\\\/uploads\\\/sites\\\/12\\\/2016\\\/04\\\/motala-johan3-liten.jpg\",\"width\":442,\"height\":442},{\"@type\":\"BreadcrumbList\",\"@id\":\"https:\\\/\\\/lararkarriar.se\\\/grundskola\\\/2016\\\/04\\\/07\\\/motala-kommun-erbjuder-inflytande-och-utvecklingsmojligheter\\\/#breadcrumb\",\"itemListElement\":[{\"@type\":\"ListItem\",\"position\":1,\"name\":\"Home\",\"item\":\"https:\\\/\\\/lararkarriar.se\\\/grundskola\\\/\"},{\"@type\":\"ListItem\",\"position\":2,\"name\":\"Motala kommun erbjuder inflytande och utvecklingsm\u00f6jligheter\"}]},{\"@type\":\"WebSite\",\"@id\":\"https:\\\/\\\/lararkarriar.se\\\/grundskola\\\/#website\",\"url\":\"https:\\\/\\\/lararkarriar.se\\\/grundskola\\\/\",\"name\":\"Framtidens Karri\u00e4r \u2013 Grundskolel\u00e4rare\",\"description\":\"Just another NMDashboard.se Sites site\",\"potentialAction\":[{\"@type\":\"SearchAction\",\"target\":{\"@type\":\"EntryPoint\",\"urlTemplate\":\"https:\\\/\\\/lararkarriar.se\\\/grundskola\\\/?s={search_term_string}\"},\"query-input\":{\"@type\":\"PropertyValueSpecification\",\"valueRequired\":true,\"valueName\":\"search_term_string\"}}],\"inLanguage\":\"sv-SE\"},{\"@type\":\"Person\",\"@id\":\"https:\\\/\\\/lararkarriar.se\\\/grundskola\\\/#\\\/schema\\\/person\\\/c8a43eb855191e573b73ecf8987a3b99\",\"name\":\"stellanstal\",\"image\":{\"@type\":\"ImageObject\",\"inLanguage\":\"sv-SE\",\"@id\":\"https:\\\/\\\/secure.gravatar.com\\\/avatar\\\/cd330fa6bb17f598124b2068ee0b189e4fe0987a50af9d53b78410836060d0c9?s=96&d=mm&r=g\",\"url\":\"https:\\\/\\\/secure.gravatar.com\\\/avatar\\\/cd330fa6bb17f598124b2068ee0b189e4fe0987a50af9d53b78410836060d0c9?s=96&d=mm&r=g\",\"contentUrl\":\"https:\\\/\\\/secure.gravatar.com\\\/avatar\\\/cd330fa6bb17f598124b2068ee0b189e4fe0987a50af9d53b78410836060d0c9?s=96&d=mm&r=g\",\"caption\":\"stellanstal\"},\"url\":\"https:\\\/\\\/lararkarriar.se\\\/grundskola\\\/author\\\/stellanstal\\\/\"}]}<\/script>\n<!-- \/ Yoast SEO plugin. -->","yoast_head_json":{"title":"Motala kommun erbjuder inflytande och utvecklingsm\u00f6jligheter - Framtidens Karri\u00e4r \u2013 Grundskolel\u00e4rare","robots":{"index":"index","follow":"follow","max-snippet":"max-snippet:-1","max-image-preview":"max-image-preview:large","max-video-preview":"max-video-preview:-1"},"canonical":"https:\/\/lararkarriar.se\/grundskola\/2016\/04\/07\/motala-kommun-erbjuder-inflytande-och-utvecklingsmojligheter\/","og_locale":"sv_SE","og_type":"article","og_title":"Motala kommun erbjuder inflytande och utvecklingsm\u00f6jligheter - Framtidens Karri\u00e4r \u2013 Grundskolel\u00e4rare","og_description":"Som grundskoll\u00e4rare i Motala kommun verkar du i en kommun som \u00e4r tillr\u00e4ckligt stor f\u00f6r...","og_url":"https:\/\/lararkarriar.se\/grundskola\/2016\/04\/07\/motala-kommun-erbjuder-inflytande-och-utvecklingsmojligheter\/","og_site_name":"Framtidens Karri\u00e4r \u2013 Grundskolel\u00e4rare","article_published_time":"2016-04-06T22:00:40+00:00","og_image":[{"width":442,"height":442,"url":"https:\/\/lararkarriar.se\/grundskola\/wp-content\/uploads\/sites\/12\/2016\/04\/motala-johan3-liten.jpg","type":"image\/jpeg"}],"author":"stellanstal","twitter_card":"summary_large_image","twitter_misc":{"Skriven av":"stellanstal","Ber\u00e4knad l\u00e4stid":"2 minuter"},"schema":{"@context":"https:\/\/schema.org","@graph":[{"@type":"Article","@id":"https:\/\/lararkarriar.se\/grundskola\/2016\/04\/07\/motala-kommun-erbjuder-inflytande-och-utvecklingsmojligheter\/#article","isPartOf":{"@id":"https:\/\/lararkarriar.se\/grundskola\/2016\/04\/07\/motala-kommun-erbjuder-inflytande-och-utvecklingsmojligheter\/"},"author":{"name":"stellanstal","@id":"https:\/\/lararkarriar.se\/grundskola\/#\/schema\/person\/c8a43eb855191e573b73ecf8987a3b99"},"headline":"Motala kommun erbjuder inflytande och utvecklingsm\u00f6jligheter","datePublished":"2016-04-06T22:00:40+00:00","mainEntityOfPage":{"@id":"https:\/\/lararkarriar.se\/grundskola\/2016\/04\/07\/motala-kommun-erbjuder-inflytande-och-utvecklingsmojligheter\/"},"wordCount":454,"image":{"@id":"https:\/\/lararkarriar.se\/grundskola\/2016\/04\/07\/motala-kommun-erbjuder-inflytande-och-utvecklingsmojligheter\/#primaryimage"},"thumbnailUrl":"https:\/\/lararkarriar.se\/grundskola\/wp-content\/uploads\/sites\/12\/2016\/04\/motala-johan3-liten.jpg","articleSection":["Presentation"],"inLanguage":"sv-SE"},{"@type":"WebPage","@id":"https:\/\/lararkarriar.se\/grundskola\/2016\/04\/07\/motala-kommun-erbjuder-inflytande-och-utvecklingsmojligheter\/","url":"https:\/\/lararkarriar.se\/grundskola\/2016\/04\/07\/motala-kommun-erbjuder-inflytande-och-utvecklingsmojligheter\/","name":"Motala kommun erbjuder inflytande och utvecklingsm\u00f6jligheter - Framtidens Karri\u00e4r \u2013 Grundskolel\u00e4rare","isPartOf":{"@id":"https:\/\/lararkarriar.se\/grundskola\/#website"},"primaryImageOfPage":{"@id":"https:\/\/lararkarriar.se\/grundskola\/2016\/04\/07\/motala-kommun-erbjuder-inflytande-och-utvecklingsmojligheter\/#primaryimage"},"image":{"@id":"https:\/\/lararkarriar.se\/grundskola\/2016\/04\/07\/motala-kommun-erbjuder-inflytande-och-utvecklingsmojligheter\/#primaryimage"},"thumbnailUrl":"https:\/\/lararkarriar.se\/grundskola\/wp-content\/uploads\/sites\/12\/2016\/04\/motala-johan3-liten.jpg","datePublished":"2016-04-06T22:00:40+00:00","author":{"@id":"https:\/\/lararkarriar.se\/grundskola\/#\/schema\/person\/c8a43eb855191e573b73ecf8987a3b99"},"breadcrumb":{"@id":"https:\/\/lararkarriar.se\/grundskola\/2016\/04\/07\/motala-kommun-erbjuder-inflytande-och-utvecklingsmojligheter\/#breadcrumb"},"inLanguage":"sv-SE","potentialAction":[{"@type":"ReadAction","target":["https:\/\/lararkarriar.se\/grundskola\/2016\/04\/07\/motala-kommun-erbjuder-inflytande-och-utvecklingsmojligheter\/"]}]},{"@type":"ImageObject","inLanguage":"sv-SE","@id":"https:\/\/lararkarriar.se\/grundskola\/2016\/04\/07\/motala-kommun-erbjuder-inflytande-och-utvecklingsmojligheter\/#primaryimage","url":"https:\/\/lararkarriar.se\/grundskola\/wp-content\/uploads\/sites\/12\/2016\/04\/motala-johan3-liten.jpg","contentUrl":"https:\/\/lararkarriar.se\/grundskola\/wp-content\/uploads\/sites\/12\/2016\/04\/motala-johan3-liten.jpg","width":442,"height":442},{"@type":"BreadcrumbList","@id":"https:\/\/lararkarriar.se\/grundskola\/2016\/04\/07\/motala-kommun-erbjuder-inflytande-och-utvecklingsmojligheter\/#breadcrumb","itemListElement":[{"@type":"ListItem","position":1,"name":"Home","item":"https:\/\/lararkarriar.se\/grundskola\/"},{"@type":"ListItem","position":2,"name":"Motala kommun erbjuder inflytande och utvecklingsm\u00f6jligheter"}]},{"@type":"WebSite","@id":"https:\/\/lararkarriar.se\/grundskola\/#website","url":"https:\/\/lararkarriar.se\/grundskola\/","name":"Framtidens Karri\u00e4r \u2013 Grundskolel\u00e4rare","description":"Just another NMDashboard.se Sites site","potentialAction":[{"@type":"SearchAction","target":{"@type":"EntryPoint","urlTemplate":"https:\/\/lararkarriar.se\/grundskola\/?s={search_term_string}"},"query-input":{"@type":"PropertyValueSpecification","valueRequired":true,"valueName":"search_term_string"}}],"inLanguage":"sv-SE"},{"@type":"Person","@id":"https:\/\/lararkarriar.se\/grundskola\/#\/schema\/person\/c8a43eb855191e573b73ecf8987a3b99","name":"stellanstal","image":{"@type":"ImageObject","inLanguage":"sv-SE","@id":"https:\/\/secure.gravatar.com\/avatar\/cd330fa6bb17f598124b2068ee0b189e4fe0987a50af9d53b78410836060d0c9?s=96&d=mm&r=g","url":"https:\/\/secure.gravatar.com\/avatar\/cd330fa6bb17f598124b2068ee0b189e4fe0987a50af9d53b78410836060d0c9?s=96&d=mm&r=g","contentUrl":"https:\/\/secure.gravatar.com\/avatar\/cd330fa6bb17f598124b2068ee0b189e4fe0987a50af9d53b78410836060d0c9?s=96&d=mm&r=g","caption":"stellanstal"},"url":"https:\/\/lararkarriar.se\/grundskola\/author\/stellanstal\/"}]}},"_links":{"self":[{"href":"https:\/\/lararkarriar.se\/grundskola\/wp-json\/wp\/v2\/posts\/5387","targetHints":{"allow":["GET"]}}],"collection":[{"href":"https:\/\/lararkarriar.se\/grundskola\/wp-json\/wp\/v2\/posts"}],"about":[{"href":"https:\/\/lararkarriar.se\/grundskola\/wp-json\/wp\/v2\/types\/post"}],"author":[{"embeddable":true,"href":"https:\/\/lararkarriar.se\/grundskola\/wp-json\/wp\/v2\/users\/3"}],"replies":[{"embeddable":true,"href":"https:\/\/lararkarriar.se\/grundskola\/wp-json\/wp\/v2\/comments?post=5387"}],"version-history":[{"count":0,"href":"https:\/\/lararkarriar.se\/grundskola\/wp-json\/wp\/v2\/posts\/5387\/revisions"}],"wp:featuredmedia":[{"embeddable":true,"href":"https:\/\/lararkarriar.se\/grundskola\/wp-json\/wp\/v2\/media\/5389"}],"wp:attachment":[{"href":"https:\/\/lararkarriar.se\/grundskola\/wp-json\/wp\/v2\/media?parent=5387"}],"wp:term":[{"taxonomy":"category","embeddable":true,"href":"https:\/\/lararkarriar.se\/grundskola\/wp-json\/wp\/v2\/categories?post=5387"},{"taxonomy":"post_tag","embeddable":true,"href":"https:\/\/lararkarriar.se\/grundskola\/wp-json\/wp\/v2\/tags?post=5387"}],"curies":[{"name":"wp","href":"https:\/\/api.w.org\/{rel}","templated":true}]}}