{"id":5430,"date":"2016-04-07T00:10:40","date_gmt":"2016-04-06T22:10:40","guid":{"rendered":"http:\/\/lararkarriar.se\/grundskola\/?p=5430"},"modified":"2016-04-07T00:10:40","modified_gmt":"2016-04-06T22:10:40","slug":"sodertalje-visar-vagen","status":"publish","type":"post","link":"https:\/\/lararkarriar.se\/grundskola\/2016\/04\/07\/sodertalje-visar-vagen\/","title":{"rendered":"S\u00f6dert\u00e4lje visar v\u00e4gen"},"content":{"rendered":"<p><figure id=\"attachment_5433\" aria-describedby=\"caption-attachment-5433\" style=\"width: 1000px\" class=\"wp-caption alignnone\"><img loading=\"lazy\" decoding=\"async\" src=\"https:\/\/lararkarriar.se\/grundskola\/wp-content\/uploads\/sites\/12\/2016\/04\/sodertalje-scandinav-y4d2.jpg\" alt=\"Foto: J\u00f6rgen Wiklund\" width=\"1000\" height=\"627\" class=\"size-full wp-image-5433\" srcset=\"https:\/\/lararkarriar.se\/grundskola\/wp-content\/uploads\/sites\/12\/2016\/04\/sodertalje-scandinav-y4d2.jpg 1000w, https:\/\/lararkarriar.se\/grundskola\/wp-content\/uploads\/sites\/12\/2016\/04\/sodertalje-scandinav-y4d2-300x188.jpg 300w, https:\/\/lararkarriar.se\/grundskola\/wp-content\/uploads\/sites\/12\/2016\/04\/sodertalje-scandinav-y4d2-768x482.jpg 768w, https:\/\/lararkarriar.se\/grundskola\/wp-content\/uploads\/sites\/12\/2016\/04\/sodertalje-scandinav-y4d2-255x160.jpg 255w, https:\/\/lararkarriar.se\/grundskola\/wp-content\/uploads\/sites\/12\/2016\/04\/sodertalje-scandinav-y4d2-526x330.jpg 526w, https:\/\/lararkarriar.se\/grundskola\/wp-content\/uploads\/sites\/12\/2016\/04\/sodertalje-scandinav-y4d2-720x451.jpg 720w, https:\/\/lararkarriar.se\/grundskola\/wp-content\/uploads\/sites\/12\/2016\/04\/sodertalje-scandinav-y4d2-960x602.jpg 960w\" sizes=\"auto, (max-width: 1000px) 100vw, 1000px\" \/><figcaption id=\"caption-attachment-5433\" class=\"wp-caption-text\">Foto: J\u00f6rgen Wiklund<\/figcaption><\/figure><strong>Fem \u00e5r i rad har S\u00f6dert\u00e4lje f\u00f6rb\u00e4ttrat sina skolresultat, tack vare tydlig fokus p\u00e5 l\u00e4rarrollen och systematiskt kvalitetsarbete. Att l\u00e4raren f\u00e5r f\u00f6ruts\u00e4ttningar att g\u00f6ra ett bra jobb \u00e4r avg\u00f6rande. Mer \u00e4n n\u00e5gon annan kommun har d\u00e4rf\u00f6r S\u00f6dert\u00e4lje v\u00e5gat sig p\u00e5 att utmana gamla traditioner. <\/strong><\/p>\n<p><figure id=\"attachment_5431\" aria-describedby=\"caption-attachment-5431\" style=\"width: 150px\" class=\"wp-caption alignright\"><img loading=\"lazy\" decoding=\"async\" src=\"http:\/\/lararkarriar.se\/grundskola\/wp-content\/uploads\/2016\/04\/sodertalje_1999-250x342.jpg\" alt=\"Peter Fredriksson, utbildningsdirekt\u00f6r i S\u00f6dert\u00e4lje.\" width=\"150\" height=\"205\" class=\"size-medium wp-image-5431\" \/><figcaption id=\"caption-attachment-5431\" class=\"wp-caption-text\">Peter Fredriksson, utbildningsdirekt\u00f6r i S\u00f6dert\u00e4lje.<\/figcaption><\/figure>Under de senaste fem \u00e5ren har S\u00f6dert\u00e4lje g\u00e5tt mot str\u00f6mmen och stadigt f\u00f6rb\u00e4ttrat sina skolresultat. Meritv\u00e4rdet i \u00e5rskurs nio har under denna period \u00f6kat fr\u00e5n 190 po\u00e4ng till 215.<br \/>\n\u2013 Vi har konsekvent arbetat utifr\u00e5n n\u00e5gra framg\u00e5ngsfaktorer. Ett f\u00f6rb\u00e4ttringsarbete m\u00e5ste vara forskningsbaserat, systematiskt, l\u00e5ngsiktigt, men ocks\u00e5 f\u00f6rankrat i det som h\u00e4nder och sker i klassrummen, s\u00e4ger Peter Fredriksson, utbildningsdirekt\u00f6r i S\u00f6dert\u00e4lje.<br \/>\nL\u00e4rarna \u00e4r nyckelpersoner. I S\u00f6dert\u00e4lje har man d\u00e4rf\u00f6r satsat p\u00e5 kollegialt l\u00e4rande. P\u00e5 alla skolor tr\u00e4ffas \u00e4mnesgrupperna regelbundet f\u00f6r att med f\u00f6rstel\u00e4rarna utveckla undervisningen. L\u00e4rarna f\u00f6ljer gemensamt upp och analyserar elevernas utveckling och vidtar \u00e5tg\u00e4rder som ska f\u00f6rb\u00e4ttra undervisningens kvalitet.<br \/>\n\u2013 Det viktigaste uppdraget f\u00f6r oss chefer \u00e4r att skapa b\u00e4ttre f\u00f6ruts\u00e4ttningar f\u00f6r l\u00e4rare att g\u00f6ra sitt jobb. Vi ska ha h\u00f6ga f\u00f6rv\u00e4ntningar p\u00e5 l\u00e4rarna, vara tydliga med uppdrag och m\u00e5l. Men ocks\u00e5 hela tiden i en dialog diskutera hur vi kan st\u00f6dja l\u00e4rarna.<br \/>\nSom ett led i detta var S\u00f6dert\u00e4lje f\u00f6rst ut att anst\u00e4lla utvecklingsl\u00e4rare som arbetar med l\u00e4rarna i klassrummet.<br \/>\n\u2013 Det \u00e4r en myt att l\u00e4rarna vill st\u00e4nga d\u00f6rren och sk\u00f6ta sig sj\u00e4lva. N\u00e4r man skapar f\u00f6ruts\u00e4ttningar f\u00f6r ett klassrumsn\u00e4ra kollegialt l\u00e4rande st\u00e5r l\u00e4rarna i k\u00f6. L\u00e4rare s\u00e4ger att samarbetet med utvecklingsl\u00e4rare \u00e4r det b\u00e4sta som h\u00e4nt dem och att det gett dem m\u00f6jlighet att utveckla ledarskapet i klassrummet och nya metoder, s\u00e4ger Peter Fredriksson.<\/p>\n<p><strong>Tv\u00e5l\u00e4rarmodell<\/strong><br \/>\nS\u00f6dert\u00e4lje \u00e4r ocks\u00e5 f\u00f6reg\u00e5ngare i att utveckla en tv\u00e5l\u00e4rarmodell. P\u00e5 alla skolor har man i olika omfattning inf\u00f6rt en modell d\u00e4r l\u00e4rare arbetar i par och gemensamt ansvarar f\u00f6r planering, genomf\u00f6rande och uppf\u00f6ljning av undervisningen.<br \/>\n\u2013 Vi ser att det ger b\u00e4ttre f\u00f6ruts\u00e4ttningar n\u00e4r tv\u00e5 tar ansvar och f\u00f6rdelar arbetet mellan sig. Det blir b\u00e4ttre arbetsbelastning och lugnare klassrum, d\u00e4r eleverna l\u00e4ttare f\u00e5r det st\u00f6d de beh\u00f6ver. Detta \u00e4r en viktig f\u00f6rklaring till S\u00f6dert\u00e4ljes goda resultat.<br \/>\nNu tittar man p\u00e5 ytterligare modeller f\u00f6r att utveckla skolan. Ambitionen \u00e4r att n\u00e4sta \u00e5r inf\u00f6ra l\u00e4rarassistenter f\u00f6r att avlasta l\u00e4rare i en del sociala och administrativa uppgifter.<br \/>\nMen att arbeta som l\u00e4rare i S\u00f6dert\u00e4lje inneh\u00e5ller ocks\u00e5 en annan dimension, vid sidan av sp\u00e4nnande arbetsformer och organisationsmodeller. Kommunen \u00e4r en av Sveriges mest m\u00e5ngkulturella och har under senare tid tagit emot ett stort antal flyktingar och ensamkommande barn.<br \/>\n\u2013 Det har betydelse vad skolan och l\u00e4rare g\u00f6r. Inte bara f\u00f6r de enskilda eleverna, utan f\u00f6r att skapa ett mer j\u00e4mlikt och r\u00e4ttvist samh\u00e4lle. Inget \u00e4r viktigare \u00e4n skolan n\u00e4r det g\u00e4ller att motverka utanf\u00f6rskap. Ytterst handlar l\u00e4rarjobbet om att ge alla r\u00e4tt till kunskap, delaktighet och ett bra liv. <\/p>\n<div class=\"faktaruta-title\">S\u00f6dert\u00e4lje kommun<\/div><div class=\"faktaruta\">S\u00f6dert\u00e4lje \u00e4r med sina cirka 92&nbsp;000 inv\u00e5nare Sveriges 20:e st\u00f6rsta kommun och har sedan urminnes tider varit en knutpunkt f\u00f6r handel. Staden har idag ett rikt och varierat n\u00e4ringsliv och en utpr\u00e4glat internationell framtoning. N\u00e4rmare h\u00e4lften av inv\u00e5narna har utl\u00e4ndsk bakgrund. Det g\u00f6rs mycket kraftfulla och systematiska satsningar p\u00e5 kommunens skolor, vilket har lett till stora resultatf\u00f6rb\u00e4ttringar f\u00f6r skoleleverna och S\u00f6dert\u00e4lje har under fem \u00e5r utm\u00e4rkt sig genom ett kontinuerligt f\u00f6rb\u00e4ttrat meritv\u00e4rde. H\u00e4r finns sp\u00e4nnande karri\u00e4rm\u00f6jligheter f\u00f6r l\u00e4rare som vill g\u00f6ra avtryck och jobba i en kommun d\u00e4r l\u00e4rarens roll st\u00e5r i fokus.<br \/>\n<strong><a href=\"http:\/\/www.sodertalje.se\" target=\"_blank\" rel=\"noopener noreferrer\">www.sodertalje.se<\/a><\/strong><\/br><br \/>\n<a href=\"http:\/\/www.sodertalje.se\" target=\"_blank\" rel=\"attachment wp-att-5432 noopener noreferrer\"><img loading=\"lazy\" decoding=\"async\" src=\"http:\/\/lararkarriar.se\/grundskola\/wp-content\/uploads\/2016\/04\/sodertalje_logga_farg-250x84.png\" alt=\"www.sodertalje.se\" width=\"250\" height=\"84\" class=\"alignnone size-medium wp-image-5432\" \/><\/a><\/div>\n","protected":false},"excerpt":{"rendered":"<p>Fem \u00e5r i rad har S\u00f6dert\u00e4lje f\u00f6rb\u00e4ttrat sina skolresultat, tack vare tydlig fokus p\u00e5 l\u00e4rarrollen&#8230;<\/p>\n","protected":false},"author":3,"featured_media":5433,"comment_status":"closed","ping_status":"open","sticky":false,"template":"","format":"standard","meta":{"_acf_changed":false,"_monsterinsights_skip_tracking":false,"_monsterinsights_sitenote_active":false,"_monsterinsights_sitenote_note":"","_monsterinsights_sitenote_category":0,"footnotes":""},"categories":[7],"tags":[],"class_list":["post-5430","post","type-post","status-publish","format-standard","has-post-thumbnail","hentry","category-presentation"],"acf":[],"yoast_head":"<!-- This site is optimized with the Yoast SEO plugin v27.3 - https:\/\/yoast.com\/product\/yoast-seo-wordpress\/ -->\n<title>S\u00f6dert\u00e4lje visar v\u00e4gen - Framtidens Karri\u00e4r \u2013 Grundskolel\u00e4rare<\/title>\n<meta name=\"robots\" content=\"index, follow, max-snippet:-1, max-image-preview:large, max-video-preview:-1\" \/>\n<link rel=\"canonical\" href=\"https:\/\/lararkarriar.se\/grundskola\/2016\/04\/07\/sodertalje-visar-vagen\/\" \/>\n<meta property=\"og:locale\" content=\"sv_SE\" \/>\n<meta property=\"og:type\" content=\"article\" \/>\n<meta property=\"og:title\" content=\"S\u00f6dert\u00e4lje visar v\u00e4gen - Framtidens Karri\u00e4r \u2013 Grundskolel\u00e4rare\" \/>\n<meta property=\"og:description\" content=\"Fem \u00e5r i rad har S\u00f6dert\u00e4lje f\u00f6rb\u00e4ttrat sina skolresultat, tack vare tydlig fokus p\u00e5 l\u00e4rarrollen...\" \/>\n<meta property=\"og:url\" content=\"https:\/\/lararkarriar.se\/grundskola\/2016\/04\/07\/sodertalje-visar-vagen\/\" \/>\n<meta property=\"og:site_name\" content=\"Framtidens Karri\u00e4r \u2013 Grundskolel\u00e4rare\" \/>\n<meta property=\"article:published_time\" content=\"2016-04-06T22:10:40+00:00\" \/>\n<meta property=\"og:image\" content=\"https:\/\/lararkarriar.se\/grundskola\/wp-content\/uploads\/sites\/12\/2016\/04\/sodertalje-scandinav-y4d2.jpg\" \/>\n\t<meta property=\"og:image:width\" content=\"1000\" \/>\n\t<meta property=\"og:image:height\" content=\"627\" \/>\n\t<meta property=\"og:image:type\" content=\"image\/jpeg\" \/>\n<meta name=\"author\" content=\"stellanstal\" \/>\n<meta name=\"twitter:card\" content=\"summary_large_image\" \/>\n<meta name=\"twitter:label1\" content=\"Skriven av\" \/>\n\t<meta name=\"twitter:data1\" content=\"stellanstal\" \/>\n\t<meta name=\"twitter:label2\" content=\"Ber\u00e4knad l\u00e4stid\" \/>\n\t<meta name=\"twitter:data2\" content=\"4 minuter\" \/>\n<script type=\"application\/ld+json\" class=\"yoast-schema-graph\">{\"@context\":\"https:\\\/\\\/schema.org\",\"@graph\":[{\"@type\":\"Article\",\"@id\":\"https:\\\/\\\/lararkarriar.se\\\/grundskola\\\/2016\\\/04\\\/07\\\/sodertalje-visar-vagen\\\/#article\",\"isPartOf\":{\"@id\":\"https:\\\/\\\/lararkarriar.se\\\/grundskola\\\/2016\\\/04\\\/07\\\/sodertalje-visar-vagen\\\/\"},\"author\":{\"name\":\"stellanstal\",\"@id\":\"https:\\\/\\\/lararkarriar.se\\\/grundskola\\\/#\\\/schema\\\/person\\\/c8a43eb855191e573b73ecf8987a3b99\"},\"headline\":\"S\u00f6dert\u00e4lje visar v\u00e4gen\",\"datePublished\":\"2016-04-06T22:10:40+00:00\",\"mainEntityOfPage\":{\"@id\":\"https:\\\/\\\/lararkarriar.se\\\/grundskola\\\/2016\\\/04\\\/07\\\/sodertalje-visar-vagen\\\/\"},\"wordCount\":764,\"image\":{\"@id\":\"https:\\\/\\\/lararkarriar.se\\\/grundskola\\\/2016\\\/04\\\/07\\\/sodertalje-visar-vagen\\\/#primaryimage\"},\"thumbnailUrl\":\"https:\\\/\\\/lararkarriar.se\\\/grundskola\\\/wp-content\\\/uploads\\\/sites\\\/12\\\/2016\\\/04\\\/sodertalje-scandinav-y4d2.jpg\",\"articleSection\":[\"Presentation\"],\"inLanguage\":\"sv-SE\"},{\"@type\":\"WebPage\",\"@id\":\"https:\\\/\\\/lararkarriar.se\\\/grundskola\\\/2016\\\/04\\\/07\\\/sodertalje-visar-vagen\\\/\",\"url\":\"https:\\\/\\\/lararkarriar.se\\\/grundskola\\\/2016\\\/04\\\/07\\\/sodertalje-visar-vagen\\\/\",\"name\":\"S\u00f6dert\u00e4lje visar v\u00e4gen - Framtidens Karri\u00e4r \u2013 Grundskolel\u00e4rare\",\"isPartOf\":{\"@id\":\"https:\\\/\\\/lararkarriar.se\\\/grundskola\\\/#website\"},\"primaryImageOfPage\":{\"@id\":\"https:\\\/\\\/lararkarriar.se\\\/grundskola\\\/2016\\\/04\\\/07\\\/sodertalje-visar-vagen\\\/#primaryimage\"},\"image\":{\"@id\":\"https:\\\/\\\/lararkarriar.se\\\/grundskola\\\/2016\\\/04\\\/07\\\/sodertalje-visar-vagen\\\/#primaryimage\"},\"thumbnailUrl\":\"https:\\\/\\\/lararkarriar.se\\\/grundskola\\\/wp-content\\\/uploads\\\/sites\\\/12\\\/2016\\\/04\\\/sodertalje-scandinav-y4d2.jpg\",\"datePublished\":\"2016-04-06T22:10:40+00:00\",\"author\":{\"@id\":\"https:\\\/\\\/lararkarriar.se\\\/grundskola\\\/#\\\/schema\\\/person\\\/c8a43eb855191e573b73ecf8987a3b99\"},\"breadcrumb\":{\"@id\":\"https:\\\/\\\/lararkarriar.se\\\/grundskola\\\/2016\\\/04\\\/07\\\/sodertalje-visar-vagen\\\/#breadcrumb\"},\"inLanguage\":\"sv-SE\",\"potentialAction\":[{\"@type\":\"ReadAction\",\"target\":[\"https:\\\/\\\/lararkarriar.se\\\/grundskola\\\/2016\\\/04\\\/07\\\/sodertalje-visar-vagen\\\/\"]}]},{\"@type\":\"ImageObject\",\"inLanguage\":\"sv-SE\",\"@id\":\"https:\\\/\\\/lararkarriar.se\\\/grundskola\\\/2016\\\/04\\\/07\\\/sodertalje-visar-vagen\\\/#primaryimage\",\"url\":\"https:\\\/\\\/lararkarriar.se\\\/grundskola\\\/wp-content\\\/uploads\\\/sites\\\/12\\\/2016\\\/04\\\/sodertalje-scandinav-y4d2.jpg\",\"contentUrl\":\"https:\\\/\\\/lararkarriar.se\\\/grundskola\\\/wp-content\\\/uploads\\\/sites\\\/12\\\/2016\\\/04\\\/sodertalje-scandinav-y4d2.jpg\",\"width\":1000,\"height\":627,\"caption\":\"Foto: J\u00f6rgen Wiklund\"},{\"@type\":\"BreadcrumbList\",\"@id\":\"https:\\\/\\\/lararkarriar.se\\\/grundskola\\\/2016\\\/04\\\/07\\\/sodertalje-visar-vagen\\\/#breadcrumb\",\"itemListElement\":[{\"@type\":\"ListItem\",\"position\":1,\"name\":\"Home\",\"item\":\"https:\\\/\\\/lararkarriar.se\\\/grundskola\\\/\"},{\"@type\":\"ListItem\",\"position\":2,\"name\":\"S\u00f6dert\u00e4lje visar v\u00e4gen\"}]},{\"@type\":\"WebSite\",\"@id\":\"https:\\\/\\\/lararkarriar.se\\\/grundskola\\\/#website\",\"url\":\"https:\\\/\\\/lararkarriar.se\\\/grundskola\\\/\",\"name\":\"Framtidens Karri\u00e4r \u2013 Grundskolel\u00e4rare\",\"description\":\"Just another NMDashboard.se Sites site\",\"potentialAction\":[{\"@type\":\"SearchAction\",\"target\":{\"@type\":\"EntryPoint\",\"urlTemplate\":\"https:\\\/\\\/lararkarriar.se\\\/grundskola\\\/?s={search_term_string}\"},\"query-input\":{\"@type\":\"PropertyValueSpecification\",\"valueRequired\":true,\"valueName\":\"search_term_string\"}}],\"inLanguage\":\"sv-SE\"},{\"@type\":\"Person\",\"@id\":\"https:\\\/\\\/lararkarriar.se\\\/grundskola\\\/#\\\/schema\\\/person\\\/c8a43eb855191e573b73ecf8987a3b99\",\"name\":\"stellanstal\",\"image\":{\"@type\":\"ImageObject\",\"inLanguage\":\"sv-SE\",\"@id\":\"https:\\\/\\\/secure.gravatar.com\\\/avatar\\\/cd330fa6bb17f598124b2068ee0b189e4fe0987a50af9d53b78410836060d0c9?s=96&d=mm&r=g\",\"url\":\"https:\\\/\\\/secure.gravatar.com\\\/avatar\\\/cd330fa6bb17f598124b2068ee0b189e4fe0987a50af9d53b78410836060d0c9?s=96&d=mm&r=g\",\"contentUrl\":\"https:\\\/\\\/secure.gravatar.com\\\/avatar\\\/cd330fa6bb17f598124b2068ee0b189e4fe0987a50af9d53b78410836060d0c9?s=96&d=mm&r=g\",\"caption\":\"stellanstal\"},\"url\":\"https:\\\/\\\/lararkarriar.se\\\/grundskola\\\/author\\\/stellanstal\\\/\"}]}<\/script>\n<!-- \/ Yoast SEO plugin. -->","yoast_head_json":{"title":"S\u00f6dert\u00e4lje visar v\u00e4gen - Framtidens Karri\u00e4r \u2013 Grundskolel\u00e4rare","robots":{"index":"index","follow":"follow","max-snippet":"max-snippet:-1","max-image-preview":"max-image-preview:large","max-video-preview":"max-video-preview:-1"},"canonical":"https:\/\/lararkarriar.se\/grundskola\/2016\/04\/07\/sodertalje-visar-vagen\/","og_locale":"sv_SE","og_type":"article","og_title":"S\u00f6dert\u00e4lje visar v\u00e4gen - Framtidens Karri\u00e4r \u2013 Grundskolel\u00e4rare","og_description":"Fem \u00e5r i rad har S\u00f6dert\u00e4lje f\u00f6rb\u00e4ttrat sina skolresultat, tack vare tydlig fokus p\u00e5 l\u00e4rarrollen...","og_url":"https:\/\/lararkarriar.se\/grundskola\/2016\/04\/07\/sodertalje-visar-vagen\/","og_site_name":"Framtidens Karri\u00e4r \u2013 Grundskolel\u00e4rare","article_published_time":"2016-04-06T22:10:40+00:00","og_image":[{"width":1000,"height":627,"url":"https:\/\/lararkarriar.se\/grundskola\/wp-content\/uploads\/sites\/12\/2016\/04\/sodertalje-scandinav-y4d2.jpg","type":"image\/jpeg"}],"author":"stellanstal","twitter_card":"summary_large_image","twitter_misc":{"Skriven av":"stellanstal","Ber\u00e4knad l\u00e4stid":"4 minuter"},"schema":{"@context":"https:\/\/schema.org","@graph":[{"@type":"Article","@id":"https:\/\/lararkarriar.se\/grundskola\/2016\/04\/07\/sodertalje-visar-vagen\/#article","isPartOf":{"@id":"https:\/\/lararkarriar.se\/grundskola\/2016\/04\/07\/sodertalje-visar-vagen\/"},"author":{"name":"stellanstal","@id":"https:\/\/lararkarriar.se\/grundskola\/#\/schema\/person\/c8a43eb855191e573b73ecf8987a3b99"},"headline":"S\u00f6dert\u00e4lje visar v\u00e4gen","datePublished":"2016-04-06T22:10:40+00:00","mainEntityOfPage":{"@id":"https:\/\/lararkarriar.se\/grundskola\/2016\/04\/07\/sodertalje-visar-vagen\/"},"wordCount":764,"image":{"@id":"https:\/\/lararkarriar.se\/grundskola\/2016\/04\/07\/sodertalje-visar-vagen\/#primaryimage"},"thumbnailUrl":"https:\/\/lararkarriar.se\/grundskola\/wp-content\/uploads\/sites\/12\/2016\/04\/sodertalje-scandinav-y4d2.jpg","articleSection":["Presentation"],"inLanguage":"sv-SE"},{"@type":"WebPage","@id":"https:\/\/lararkarriar.se\/grundskola\/2016\/04\/07\/sodertalje-visar-vagen\/","url":"https:\/\/lararkarriar.se\/grundskola\/2016\/04\/07\/sodertalje-visar-vagen\/","name":"S\u00f6dert\u00e4lje visar v\u00e4gen - Framtidens Karri\u00e4r \u2013 Grundskolel\u00e4rare","isPartOf":{"@id":"https:\/\/lararkarriar.se\/grundskola\/#website"},"primaryImageOfPage":{"@id":"https:\/\/lararkarriar.se\/grundskola\/2016\/04\/07\/sodertalje-visar-vagen\/#primaryimage"},"image":{"@id":"https:\/\/lararkarriar.se\/grundskola\/2016\/04\/07\/sodertalje-visar-vagen\/#primaryimage"},"thumbnailUrl":"https:\/\/lararkarriar.se\/grundskola\/wp-content\/uploads\/sites\/12\/2016\/04\/sodertalje-scandinav-y4d2.jpg","datePublished":"2016-04-06T22:10:40+00:00","author":{"@id":"https:\/\/lararkarriar.se\/grundskola\/#\/schema\/person\/c8a43eb855191e573b73ecf8987a3b99"},"breadcrumb":{"@id":"https:\/\/lararkarriar.se\/grundskola\/2016\/04\/07\/sodertalje-visar-vagen\/#breadcrumb"},"inLanguage":"sv-SE","potentialAction":[{"@type":"ReadAction","target":["https:\/\/lararkarriar.se\/grundskola\/2016\/04\/07\/sodertalje-visar-vagen\/"]}]},{"@type":"ImageObject","inLanguage":"sv-SE","@id":"https:\/\/lararkarriar.se\/grundskola\/2016\/04\/07\/sodertalje-visar-vagen\/#primaryimage","url":"https:\/\/lararkarriar.se\/grundskola\/wp-content\/uploads\/sites\/12\/2016\/04\/sodertalje-scandinav-y4d2.jpg","contentUrl":"https:\/\/lararkarriar.se\/grundskola\/wp-content\/uploads\/sites\/12\/2016\/04\/sodertalje-scandinav-y4d2.jpg","width":1000,"height":627,"caption":"Foto: J\u00f6rgen Wiklund"},{"@type":"BreadcrumbList","@id":"https:\/\/lararkarriar.se\/grundskola\/2016\/04\/07\/sodertalje-visar-vagen\/#breadcrumb","itemListElement":[{"@type":"ListItem","position":1,"name":"Home","item":"https:\/\/lararkarriar.se\/grundskola\/"},{"@type":"ListItem","position":2,"name":"S\u00f6dert\u00e4lje visar v\u00e4gen"}]},{"@type":"WebSite","@id":"https:\/\/lararkarriar.se\/grundskola\/#website","url":"https:\/\/lararkarriar.se\/grundskola\/","name":"Framtidens Karri\u00e4r \u2013 Grundskolel\u00e4rare","description":"Just another NMDashboard.se Sites site","potentialAction":[{"@type":"SearchAction","target":{"@type":"EntryPoint","urlTemplate":"https:\/\/lararkarriar.se\/grundskola\/?s={search_term_string}"},"query-input":{"@type":"PropertyValueSpecification","valueRequired":true,"valueName":"search_term_string"}}],"inLanguage":"sv-SE"},{"@type":"Person","@id":"https:\/\/lararkarriar.se\/grundskola\/#\/schema\/person\/c8a43eb855191e573b73ecf8987a3b99","name":"stellanstal","image":{"@type":"ImageObject","inLanguage":"sv-SE","@id":"https:\/\/secure.gravatar.com\/avatar\/cd330fa6bb17f598124b2068ee0b189e4fe0987a50af9d53b78410836060d0c9?s=96&d=mm&r=g","url":"https:\/\/secure.gravatar.com\/avatar\/cd330fa6bb17f598124b2068ee0b189e4fe0987a50af9d53b78410836060d0c9?s=96&d=mm&r=g","contentUrl":"https:\/\/secure.gravatar.com\/avatar\/cd330fa6bb17f598124b2068ee0b189e4fe0987a50af9d53b78410836060d0c9?s=96&d=mm&r=g","caption":"stellanstal"},"url":"https:\/\/lararkarriar.se\/grundskola\/author\/stellanstal\/"}]}},"_links":{"self":[{"href":"https:\/\/lararkarriar.se\/grundskola\/wp-json\/wp\/v2\/posts\/5430","targetHints":{"allow":["GET"]}}],"collection":[{"href":"https:\/\/lararkarriar.se\/grundskola\/wp-json\/wp\/v2\/posts"}],"about":[{"href":"https:\/\/lararkarriar.se\/grundskola\/wp-json\/wp\/v2\/types\/post"}],"author":[{"embeddable":true,"href":"https:\/\/lararkarriar.se\/grundskola\/wp-json\/wp\/v2\/users\/3"}],"replies":[{"embeddable":true,"href":"https:\/\/lararkarriar.se\/grundskola\/wp-json\/wp\/v2\/comments?post=5430"}],"version-history":[{"count":0,"href":"https:\/\/lararkarriar.se\/grundskola\/wp-json\/wp\/v2\/posts\/5430\/revisions"}],"wp:featuredmedia":[{"embeddable":true,"href":"https:\/\/lararkarriar.se\/grundskola\/wp-json\/wp\/v2\/media\/5433"}],"wp:attachment":[{"href":"https:\/\/lararkarriar.se\/grundskola\/wp-json\/wp\/v2\/media?parent=5430"}],"wp:term":[{"taxonomy":"category","embeddable":true,"href":"https:\/\/lararkarriar.se\/grundskola\/wp-json\/wp\/v2\/categories?post=5430"},{"taxonomy":"post_tag","embeddable":true,"href":"https:\/\/lararkarriar.se\/grundskola\/wp-json\/wp\/v2\/tags?post=5430"}],"curies":[{"name":"wp","href":"https:\/\/api.w.org\/{rel}","templated":true}]}}