{"id":5444,"date":"2016-04-07T00:14:52","date_gmt":"2016-04-06T22:14:52","guid":{"rendered":"http:\/\/lararkarriar.se\/grundskola\/?p=5444"},"modified":"2016-04-07T00:14:52","modified_gmt":"2016-04-06T22:14:52","slug":"uppskattad-satsning-pa-bedomning-for-larande-i-tyresos-grundskolor","status":"publish","type":"post","link":"https:\/\/lararkarriar.se\/grundskola\/2016\/04\/07\/uppskattad-satsning-pa-bedomning-for-larande-i-tyresos-grundskolor\/","title":{"rendered":"Uppskattad satsning p\u00e5 bed\u00f6mning f\u00f6r l\u00e4rande i Tyres\u00f6s grundskolor"},"content":{"rendered":"<p><figure id=\"attachment_5446\" aria-describedby=\"caption-attachment-5446\" style=\"width: 1000px\" class=\"wp-caption alignnone\"><img loading=\"lazy\" decoding=\"async\" src=\"https:\/\/lararkarriar.se\/grundskola\/wp-content\/uploads\/sites\/12\/2016\/04\/tyreso-img-3025.jpg\" alt=\"Malin Lossman, Maria Edholm och Laban Tobiasson p\u00e5 Tyres\u00f6 skola.\" width=\"1000\" height=\"700\" class=\"size-full wp-image-5446\" srcset=\"https:\/\/lararkarriar.se\/grundskola\/wp-content\/uploads\/sites\/12\/2016\/04\/tyreso-img-3025.jpg 1000w, https:\/\/lararkarriar.se\/grundskola\/wp-content\/uploads\/sites\/12\/2016\/04\/tyreso-img-3025-300x210.jpg 300w, https:\/\/lararkarriar.se\/grundskola\/wp-content\/uploads\/sites\/12\/2016\/04\/tyreso-img-3025-768x538.jpg 768w, https:\/\/lararkarriar.se\/grundskola\/wp-content\/uploads\/sites\/12\/2016\/04\/tyreso-img-3025-229x160.jpg 229w, https:\/\/lararkarriar.se\/grundskola\/wp-content\/uploads\/sites\/12\/2016\/04\/tyreso-img-3025-526x368.jpg 526w, https:\/\/lararkarriar.se\/grundskola\/wp-content\/uploads\/sites\/12\/2016\/04\/tyreso-img-3025-720x504.jpg 720w, https:\/\/lararkarriar.se\/grundskola\/wp-content\/uploads\/sites\/12\/2016\/04\/tyreso-img-3025-960x672.jpg 960w\" sizes=\"auto, (max-width: 1000px) 100vw, 1000px\" \/><figcaption id=\"caption-attachment-5446\" class=\"wp-caption-text\">Malin Lossman, Maria Edholm och Laban Tobiasson p\u00e5 Tyres\u00f6 skola.<\/figcaption><\/figure><strong>H\u00f6sten 2015 inledde Tyres\u00f6 kommuns grundskolor en tv\u00e5\u00e5rig pedagogisk utvecklingssatsning med fokus p\u00e5 bed\u00f6mning f\u00f6r l\u00e4rande. F\u00f6r l\u00e4rarna p\u00e5 Tyres\u00f6 skola inneb\u00e4r satsningen en uppskattad m\u00f6jlighet att varje vecka diskutera \u00e4mnes\u00f6ver\u00adgripande pedagogisk utveckling p\u00e5 schema\u00adlagd tid med kollegor inom alla \u00e4mnesomr\u00e5den. <\/strong><\/p>\n<p>\u2013 Bed\u00f6mning f\u00f6r l\u00e4rande \u00e4r en metod som bland annat handlar om att regelbundet utv\u00e4rdera elevernas kunskapsutveckling. Tyres\u00f6 kommuns satsning p\u00e5 Bed\u00f6mning f\u00f6r l\u00e4rande st\u00e4rker elevernas \u00e4mneskunskaper och utvecklar samtidigt oss l\u00e4rare, bland annat genom att ut\u00f6ka v\u00e5r verktygsl\u00e5da med nya anv\u00e4ndbara pedagogiska metoder, s\u00e4ger Maria Edholm, l\u00e4rare i svenska och spanska och handledare i L\u00e4slyftet p\u00e5 Tyres\u00f6 skola.<br \/>\nSom en del av satsningen har Tyres\u00f6 skola valt att ing\u00e5 i L\u00e4slyftet.<br \/>\n\u2013 Vi har valt att fokusera p\u00e5 just L\u00e4slyftet eftersom vi tror p\u00e5 vikten av att eleverna f\u00e5r tr\u00e4na sin f\u00f6rm\u00e5ga att analysera, skriva och ta till sig inneh\u00e5llet i olika typer av texter. L\u00e4slyftet ber\u00f6r alla \u00e4mnen d\u00e4r text f\u00f6rekommer, vilket \u00e4ven inkluderar praktiska och estetiska \u00e4mnen, s\u00e4ger Maria Edholm. <\/p>\n<p><strong>\u00d6ronm\u00e4rkt tid<\/strong><br \/>\n\u2013 Det absolut b\u00e4sta med satsningen \u00e4r att samtliga l\u00e4rare f\u00e5r m\u00f6jlighet att diskutera didaktisk utveckling 1,5 timme per vecka. Den \u00f6ronm\u00e4rkta utvecklingstiden v\u00e4rdes\u00e4tter jag. Sedan satsningen inleddes drivs vi l\u00e4rare av en gemensam utvecklingsagenda, vilket ger upphov till sp\u00e4nnande diskussioner kring pedagogisk utveckling, s\u00e4ger Malin Lossman, f\u00f6rstel\u00e4rare i idrott och h\u00e4lsa p\u00e5 Tyres\u00f6 skola.<br \/>\nL\u00e4rarna testar regelbundet olika lektionskoncept och pedagogiska modeller, som d\u00e4refter utv\u00e4rderas tillsammans med \u00f6vriga l\u00e4rare p\u00e5 skolan. Det bidrar till st\u00e4ndig utveckling av skolans arbetss\u00e4tt och integrerar p\u00e5 ett naturligt s\u00e4tt bed\u00f6mning f\u00f6r l\u00e4rande i den dagliga undervisningen.<br \/>\n\u2013 Jag uppskattar verkligen att Tyres\u00f6 kommun genomf\u00f6r en gemensam och \u00f6vergripande pedagogisk utvecklingssatsning som ber\u00f6r alla l\u00e4rare p\u00e5 samtliga grundskolor. Bed\u00f6mning f\u00f6r l\u00e4rande breddar v\u00e5r pedagogiska verktygsl\u00e5da och bidrar till att vi hela tiden h\u00e5ller oss uppdaterade kring elevernas f\u00f6rkunskaper och kunskapsutveckling. Att f\u00e5 delta i ett l\u00e5ngsiktigt pedagogiskt utvecklingsprojekt som det h\u00e4r bidrar i allra h\u00f6gsta grad till min yrkesm\u00e4ssiga utveckling, s\u00e4ger Laban Tobiasson, l\u00e4rare i musik och SO p\u00e5 Tyres\u00f6 skola.<\/p>\n<div class=\"faktaruta-title\">Tyres\u00f6 kommun<\/div><div class=\"faktaruta\">Tyres\u00f6 kommun \u00e4r en av landets snabbast v\u00e4xande kommuner. Barn- och utbildnings\u00adf\u00f6rvaltningen i ligger i framkant n\u00e4r det g\u00e4ller inkluderande l\u00e4rmilj\u00f6er och har ett arbetsklimat d\u00e4r medarbetare, barn och elever kan v\u00e4xa och lyckas. Satsningen p\u00e5 bed\u00f6mning f\u00f6r l\u00e4rande omfattar alla kommunens l\u00e4rare och \u00e4r en av de satsningar som g\u00f6rs f\u00f6r att alla elever ska klara kraven och stimuleras till fortsatt l\u00e4rande.<\/p>\n<p>Tyres\u00f6 kommun<br \/>\nBarn- och utbildningsf\u00f6rvaltningen<br \/>\n135 81 Tyres\u00f6<br \/>\n<strong><a href=\"http:\/\/www.tyreso.se\" target=\"_blank\" rel=\"noopener noreferrer\">www.tyreso.se<\/a><\/strong><\/br><br \/>\n<a href=\"http:\/\/www.tyreso.se\" target=\"_blank\" rel=\"attachment wp-att-5447 noopener noreferrer\"><img loading=\"lazy\" decoding=\"async\" src=\"http:\/\/lararkarriar.se\/grundskola\/wp-content\/uploads\/2016\/04\/tyreso_tyr01_1rad_cmyk-250x45.png\" alt=\"www.tyreso.se\" width=\"250\" height=\"45\" class=\"alignnone size-medium wp-image-5447\" \/><\/a><\/div>\n","protected":false},"excerpt":{"rendered":"<p>H\u00f6sten 2015 inledde Tyres\u00f6 kommuns grundskolor en tv\u00e5\u00e5rig pedagogisk utvecklingssatsning med fokus p\u00e5 bed\u00f6mning f\u00f6r&#8230;<\/p>\n","protected":false},"author":3,"featured_media":5446,"comment_status":"closed","ping_status":"open","sticky":false,"template":"","format":"standard","meta":{"_acf_changed":false,"_monsterinsights_skip_tracking":false,"_monsterinsights_sitenote_active":false,"_monsterinsights_sitenote_note":"","_monsterinsights_sitenote_category":0,"footnotes":""},"categories":[7],"tags":[],"class_list":["post-5444","post","type-post","status-publish","format-standard","has-post-thumbnail","hentry","category-presentation"],"acf":[],"yoast_head":"<!-- This site is optimized with the Yoast SEO plugin v27.3 - https:\/\/yoast.com\/product\/yoast-seo-wordpress\/ -->\n<title>Uppskattad satsning p\u00e5 bed\u00f6mning f\u00f6r l\u00e4rande i Tyres\u00f6s grundskolor - Framtidens Karri\u00e4r \u2013 Grundskolel\u00e4rare<\/title>\n<meta name=\"robots\" content=\"index, follow, max-snippet:-1, max-image-preview:large, max-video-preview:-1\" \/>\n<link rel=\"canonical\" href=\"https:\/\/lararkarriar.se\/grundskola\/2016\/04\/07\/uppskattad-satsning-pa-bedomning-for-larande-i-tyresos-grundskolor\/\" \/>\n<meta property=\"og:locale\" content=\"sv_SE\" \/>\n<meta property=\"og:type\" content=\"article\" \/>\n<meta property=\"og:title\" content=\"Uppskattad satsning p\u00e5 bed\u00f6mning f\u00f6r l\u00e4rande i Tyres\u00f6s grundskolor - Framtidens Karri\u00e4r \u2013 Grundskolel\u00e4rare\" \/>\n<meta property=\"og:description\" content=\"H\u00f6sten 2015 inledde Tyres\u00f6 kommuns grundskolor en tv\u00e5\u00e5rig pedagogisk utvecklingssatsning med fokus p\u00e5 bed\u00f6mning f\u00f6r...\" \/>\n<meta property=\"og:url\" content=\"https:\/\/lararkarriar.se\/grundskola\/2016\/04\/07\/uppskattad-satsning-pa-bedomning-for-larande-i-tyresos-grundskolor\/\" \/>\n<meta property=\"og:site_name\" content=\"Framtidens Karri\u00e4r \u2013 Grundskolel\u00e4rare\" \/>\n<meta property=\"article:published_time\" content=\"2016-04-06T22:14:52+00:00\" \/>\n<meta property=\"og:image\" content=\"https:\/\/lararkarriar.se\/grundskola\/wp-content\/uploads\/sites\/12\/2016\/04\/tyreso-img-3025.jpg\" \/>\n\t<meta property=\"og:image:width\" content=\"1000\" \/>\n\t<meta property=\"og:image:height\" content=\"700\" \/>\n\t<meta property=\"og:image:type\" content=\"image\/jpeg\" \/>\n<meta name=\"author\" content=\"stellanstal\" \/>\n<meta name=\"twitter:card\" content=\"summary_large_image\" \/>\n<meta name=\"twitter:label1\" content=\"Skriven av\" \/>\n\t<meta name=\"twitter:data1\" content=\"stellanstal\" \/>\n\t<meta name=\"twitter:label2\" content=\"Ber\u00e4knad l\u00e4stid\" \/>\n\t<meta name=\"twitter:data2\" content=\"3 minuter\" \/>\n<script type=\"application\/ld+json\" class=\"yoast-schema-graph\">{\"@context\":\"https:\\\/\\\/schema.org\",\"@graph\":[{\"@type\":\"Article\",\"@id\":\"https:\\\/\\\/lararkarriar.se\\\/grundskola\\\/2016\\\/04\\\/07\\\/uppskattad-satsning-pa-bedomning-for-larande-i-tyresos-grundskolor\\\/#article\",\"isPartOf\":{\"@id\":\"https:\\\/\\\/lararkarriar.se\\\/grundskola\\\/2016\\\/04\\\/07\\\/uppskattad-satsning-pa-bedomning-for-larande-i-tyresos-grundskolor\\\/\"},\"author\":{\"name\":\"stellanstal\",\"@id\":\"https:\\\/\\\/lararkarriar.se\\\/grundskola\\\/#\\\/schema\\\/person\\\/c8a43eb855191e573b73ecf8987a3b99\"},\"headline\":\"Uppskattad satsning p\u00e5 bed\u00f6mning f\u00f6r l\u00e4rande i Tyres\u00f6s grundskolor\",\"datePublished\":\"2016-04-06T22:14:52+00:00\",\"mainEntityOfPage\":{\"@id\":\"https:\\\/\\\/lararkarriar.se\\\/grundskola\\\/2016\\\/04\\\/07\\\/uppskattad-satsning-pa-bedomning-for-larande-i-tyresos-grundskolor\\\/\"},\"wordCount\":532,\"image\":{\"@id\":\"https:\\\/\\\/lararkarriar.se\\\/grundskola\\\/2016\\\/04\\\/07\\\/uppskattad-satsning-pa-bedomning-for-larande-i-tyresos-grundskolor\\\/#primaryimage\"},\"thumbnailUrl\":\"https:\\\/\\\/lararkarriar.se\\\/grundskola\\\/wp-content\\\/uploads\\\/sites\\\/12\\\/2016\\\/04\\\/tyreso-img-3025.jpg\",\"articleSection\":[\"Presentation\"],\"inLanguage\":\"sv-SE\"},{\"@type\":\"WebPage\",\"@id\":\"https:\\\/\\\/lararkarriar.se\\\/grundskola\\\/2016\\\/04\\\/07\\\/uppskattad-satsning-pa-bedomning-for-larande-i-tyresos-grundskolor\\\/\",\"url\":\"https:\\\/\\\/lararkarriar.se\\\/grundskola\\\/2016\\\/04\\\/07\\\/uppskattad-satsning-pa-bedomning-for-larande-i-tyresos-grundskolor\\\/\",\"name\":\"Uppskattad satsning p\u00e5 bed\u00f6mning f\u00f6r l\u00e4rande i Tyres\u00f6s grundskolor - Framtidens Karri\u00e4r \u2013 Grundskolel\u00e4rare\",\"isPartOf\":{\"@id\":\"https:\\\/\\\/lararkarriar.se\\\/grundskola\\\/#website\"},\"primaryImageOfPage\":{\"@id\":\"https:\\\/\\\/lararkarriar.se\\\/grundskola\\\/2016\\\/04\\\/07\\\/uppskattad-satsning-pa-bedomning-for-larande-i-tyresos-grundskolor\\\/#primaryimage\"},\"image\":{\"@id\":\"https:\\\/\\\/lararkarriar.se\\\/grundskola\\\/2016\\\/04\\\/07\\\/uppskattad-satsning-pa-bedomning-for-larande-i-tyresos-grundskolor\\\/#primaryimage\"},\"thumbnailUrl\":\"https:\\\/\\\/lararkarriar.se\\\/grundskola\\\/wp-content\\\/uploads\\\/sites\\\/12\\\/2016\\\/04\\\/tyreso-img-3025.jpg\",\"datePublished\":\"2016-04-06T22:14:52+00:00\",\"author\":{\"@id\":\"https:\\\/\\\/lararkarriar.se\\\/grundskola\\\/#\\\/schema\\\/person\\\/c8a43eb855191e573b73ecf8987a3b99\"},\"breadcrumb\":{\"@id\":\"https:\\\/\\\/lararkarriar.se\\\/grundskola\\\/2016\\\/04\\\/07\\\/uppskattad-satsning-pa-bedomning-for-larande-i-tyresos-grundskolor\\\/#breadcrumb\"},\"inLanguage\":\"sv-SE\",\"potentialAction\":[{\"@type\":\"ReadAction\",\"target\":[\"https:\\\/\\\/lararkarriar.se\\\/grundskola\\\/2016\\\/04\\\/07\\\/uppskattad-satsning-pa-bedomning-for-larande-i-tyresos-grundskolor\\\/\"]}]},{\"@type\":\"ImageObject\",\"inLanguage\":\"sv-SE\",\"@id\":\"https:\\\/\\\/lararkarriar.se\\\/grundskola\\\/2016\\\/04\\\/07\\\/uppskattad-satsning-pa-bedomning-for-larande-i-tyresos-grundskolor\\\/#primaryimage\",\"url\":\"https:\\\/\\\/lararkarriar.se\\\/grundskola\\\/wp-content\\\/uploads\\\/sites\\\/12\\\/2016\\\/04\\\/tyreso-img-3025.jpg\",\"contentUrl\":\"https:\\\/\\\/lararkarriar.se\\\/grundskola\\\/wp-content\\\/uploads\\\/sites\\\/12\\\/2016\\\/04\\\/tyreso-img-3025.jpg\",\"width\":1000,\"height\":700,\"caption\":\"Malin Lossman, Maria Edholm och Laban Tobiasson p\u00e5 Tyres\u00f6 skola.\"},{\"@type\":\"BreadcrumbList\",\"@id\":\"https:\\\/\\\/lararkarriar.se\\\/grundskola\\\/2016\\\/04\\\/07\\\/uppskattad-satsning-pa-bedomning-for-larande-i-tyresos-grundskolor\\\/#breadcrumb\",\"itemListElement\":[{\"@type\":\"ListItem\",\"position\":1,\"name\":\"Home\",\"item\":\"https:\\\/\\\/lararkarriar.se\\\/grundskola\\\/\"},{\"@type\":\"ListItem\",\"position\":2,\"name\":\"Uppskattad satsning p\u00e5 bed\u00f6mning f\u00f6r l\u00e4rande i Tyres\u00f6s grundskolor\"}]},{\"@type\":\"WebSite\",\"@id\":\"https:\\\/\\\/lararkarriar.se\\\/grundskola\\\/#website\",\"url\":\"https:\\\/\\\/lararkarriar.se\\\/grundskola\\\/\",\"name\":\"Framtidens Karri\u00e4r \u2013 Grundskolel\u00e4rare\",\"description\":\"Just another NMDashboard.se Sites site\",\"potentialAction\":[{\"@type\":\"SearchAction\",\"target\":{\"@type\":\"EntryPoint\",\"urlTemplate\":\"https:\\\/\\\/lararkarriar.se\\\/grundskola\\\/?s={search_term_string}\"},\"query-input\":{\"@type\":\"PropertyValueSpecification\",\"valueRequired\":true,\"valueName\":\"search_term_string\"}}],\"inLanguage\":\"sv-SE\"},{\"@type\":\"Person\",\"@id\":\"https:\\\/\\\/lararkarriar.se\\\/grundskola\\\/#\\\/schema\\\/person\\\/c8a43eb855191e573b73ecf8987a3b99\",\"name\":\"stellanstal\",\"image\":{\"@type\":\"ImageObject\",\"inLanguage\":\"sv-SE\",\"@id\":\"https:\\\/\\\/secure.gravatar.com\\\/avatar\\\/cd330fa6bb17f598124b2068ee0b189e4fe0987a50af9d53b78410836060d0c9?s=96&d=mm&r=g\",\"url\":\"https:\\\/\\\/secure.gravatar.com\\\/avatar\\\/cd330fa6bb17f598124b2068ee0b189e4fe0987a50af9d53b78410836060d0c9?s=96&d=mm&r=g\",\"contentUrl\":\"https:\\\/\\\/secure.gravatar.com\\\/avatar\\\/cd330fa6bb17f598124b2068ee0b189e4fe0987a50af9d53b78410836060d0c9?s=96&d=mm&r=g\",\"caption\":\"stellanstal\"},\"url\":\"https:\\\/\\\/lararkarriar.se\\\/grundskola\\\/author\\\/stellanstal\\\/\"}]}<\/script>\n<!-- \/ Yoast SEO plugin. -->","yoast_head_json":{"title":"Uppskattad satsning p\u00e5 bed\u00f6mning f\u00f6r l\u00e4rande i Tyres\u00f6s grundskolor - Framtidens Karri\u00e4r \u2013 Grundskolel\u00e4rare","robots":{"index":"index","follow":"follow","max-snippet":"max-snippet:-1","max-image-preview":"max-image-preview:large","max-video-preview":"max-video-preview:-1"},"canonical":"https:\/\/lararkarriar.se\/grundskola\/2016\/04\/07\/uppskattad-satsning-pa-bedomning-for-larande-i-tyresos-grundskolor\/","og_locale":"sv_SE","og_type":"article","og_title":"Uppskattad satsning p\u00e5 bed\u00f6mning f\u00f6r l\u00e4rande i Tyres\u00f6s grundskolor - Framtidens Karri\u00e4r \u2013 Grundskolel\u00e4rare","og_description":"H\u00f6sten 2015 inledde Tyres\u00f6 kommuns grundskolor en tv\u00e5\u00e5rig pedagogisk utvecklingssatsning med fokus p\u00e5 bed\u00f6mning f\u00f6r...","og_url":"https:\/\/lararkarriar.se\/grundskola\/2016\/04\/07\/uppskattad-satsning-pa-bedomning-for-larande-i-tyresos-grundskolor\/","og_site_name":"Framtidens Karri\u00e4r \u2013 Grundskolel\u00e4rare","article_published_time":"2016-04-06T22:14:52+00:00","og_image":[{"width":1000,"height":700,"url":"https:\/\/lararkarriar.se\/grundskola\/wp-content\/uploads\/sites\/12\/2016\/04\/tyreso-img-3025.jpg","type":"image\/jpeg"}],"author":"stellanstal","twitter_card":"summary_large_image","twitter_misc":{"Skriven av":"stellanstal","Ber\u00e4knad l\u00e4stid":"3 minuter"},"schema":{"@context":"https:\/\/schema.org","@graph":[{"@type":"Article","@id":"https:\/\/lararkarriar.se\/grundskola\/2016\/04\/07\/uppskattad-satsning-pa-bedomning-for-larande-i-tyresos-grundskolor\/#article","isPartOf":{"@id":"https:\/\/lararkarriar.se\/grundskola\/2016\/04\/07\/uppskattad-satsning-pa-bedomning-for-larande-i-tyresos-grundskolor\/"},"author":{"name":"stellanstal","@id":"https:\/\/lararkarriar.se\/grundskola\/#\/schema\/person\/c8a43eb855191e573b73ecf8987a3b99"},"headline":"Uppskattad satsning p\u00e5 bed\u00f6mning f\u00f6r l\u00e4rande i Tyres\u00f6s grundskolor","datePublished":"2016-04-06T22:14:52+00:00","mainEntityOfPage":{"@id":"https:\/\/lararkarriar.se\/grundskola\/2016\/04\/07\/uppskattad-satsning-pa-bedomning-for-larande-i-tyresos-grundskolor\/"},"wordCount":532,"image":{"@id":"https:\/\/lararkarriar.se\/grundskola\/2016\/04\/07\/uppskattad-satsning-pa-bedomning-for-larande-i-tyresos-grundskolor\/#primaryimage"},"thumbnailUrl":"https:\/\/lararkarriar.se\/grundskola\/wp-content\/uploads\/sites\/12\/2016\/04\/tyreso-img-3025.jpg","articleSection":["Presentation"],"inLanguage":"sv-SE"},{"@type":"WebPage","@id":"https:\/\/lararkarriar.se\/grundskola\/2016\/04\/07\/uppskattad-satsning-pa-bedomning-for-larande-i-tyresos-grundskolor\/","url":"https:\/\/lararkarriar.se\/grundskola\/2016\/04\/07\/uppskattad-satsning-pa-bedomning-for-larande-i-tyresos-grundskolor\/","name":"Uppskattad satsning p\u00e5 bed\u00f6mning f\u00f6r l\u00e4rande i Tyres\u00f6s grundskolor - Framtidens Karri\u00e4r \u2013 Grundskolel\u00e4rare","isPartOf":{"@id":"https:\/\/lararkarriar.se\/grundskola\/#website"},"primaryImageOfPage":{"@id":"https:\/\/lararkarriar.se\/grundskola\/2016\/04\/07\/uppskattad-satsning-pa-bedomning-for-larande-i-tyresos-grundskolor\/#primaryimage"},"image":{"@id":"https:\/\/lararkarriar.se\/grundskola\/2016\/04\/07\/uppskattad-satsning-pa-bedomning-for-larande-i-tyresos-grundskolor\/#primaryimage"},"thumbnailUrl":"https:\/\/lararkarriar.se\/grundskola\/wp-content\/uploads\/sites\/12\/2016\/04\/tyreso-img-3025.jpg","datePublished":"2016-04-06T22:14:52+00:00","author":{"@id":"https:\/\/lararkarriar.se\/grundskola\/#\/schema\/person\/c8a43eb855191e573b73ecf8987a3b99"},"breadcrumb":{"@id":"https:\/\/lararkarriar.se\/grundskola\/2016\/04\/07\/uppskattad-satsning-pa-bedomning-for-larande-i-tyresos-grundskolor\/#breadcrumb"},"inLanguage":"sv-SE","potentialAction":[{"@type":"ReadAction","target":["https:\/\/lararkarriar.se\/grundskola\/2016\/04\/07\/uppskattad-satsning-pa-bedomning-for-larande-i-tyresos-grundskolor\/"]}]},{"@type":"ImageObject","inLanguage":"sv-SE","@id":"https:\/\/lararkarriar.se\/grundskola\/2016\/04\/07\/uppskattad-satsning-pa-bedomning-for-larande-i-tyresos-grundskolor\/#primaryimage","url":"https:\/\/lararkarriar.se\/grundskola\/wp-content\/uploads\/sites\/12\/2016\/04\/tyreso-img-3025.jpg","contentUrl":"https:\/\/lararkarriar.se\/grundskola\/wp-content\/uploads\/sites\/12\/2016\/04\/tyreso-img-3025.jpg","width":1000,"height":700,"caption":"Malin Lossman, Maria Edholm och Laban Tobiasson p\u00e5 Tyres\u00f6 skola."},{"@type":"BreadcrumbList","@id":"https:\/\/lararkarriar.se\/grundskola\/2016\/04\/07\/uppskattad-satsning-pa-bedomning-for-larande-i-tyresos-grundskolor\/#breadcrumb","itemListElement":[{"@type":"ListItem","position":1,"name":"Home","item":"https:\/\/lararkarriar.se\/grundskola\/"},{"@type":"ListItem","position":2,"name":"Uppskattad satsning p\u00e5 bed\u00f6mning f\u00f6r l\u00e4rande i Tyres\u00f6s grundskolor"}]},{"@type":"WebSite","@id":"https:\/\/lararkarriar.se\/grundskola\/#website","url":"https:\/\/lararkarriar.se\/grundskola\/","name":"Framtidens Karri\u00e4r \u2013 Grundskolel\u00e4rare","description":"Just another NMDashboard.se Sites site","potentialAction":[{"@type":"SearchAction","target":{"@type":"EntryPoint","urlTemplate":"https:\/\/lararkarriar.se\/grundskola\/?s={search_term_string}"},"query-input":{"@type":"PropertyValueSpecification","valueRequired":true,"valueName":"search_term_string"}}],"inLanguage":"sv-SE"},{"@type":"Person","@id":"https:\/\/lararkarriar.se\/grundskola\/#\/schema\/person\/c8a43eb855191e573b73ecf8987a3b99","name":"stellanstal","image":{"@type":"ImageObject","inLanguage":"sv-SE","@id":"https:\/\/secure.gravatar.com\/avatar\/cd330fa6bb17f598124b2068ee0b189e4fe0987a50af9d53b78410836060d0c9?s=96&d=mm&r=g","url":"https:\/\/secure.gravatar.com\/avatar\/cd330fa6bb17f598124b2068ee0b189e4fe0987a50af9d53b78410836060d0c9?s=96&d=mm&r=g","contentUrl":"https:\/\/secure.gravatar.com\/avatar\/cd330fa6bb17f598124b2068ee0b189e4fe0987a50af9d53b78410836060d0c9?s=96&d=mm&r=g","caption":"stellanstal"},"url":"https:\/\/lararkarriar.se\/grundskola\/author\/stellanstal\/"}]}},"_links":{"self":[{"href":"https:\/\/lararkarriar.se\/grundskola\/wp-json\/wp\/v2\/posts\/5444","targetHints":{"allow":["GET"]}}],"collection":[{"href":"https:\/\/lararkarriar.se\/grundskola\/wp-json\/wp\/v2\/posts"}],"about":[{"href":"https:\/\/lararkarriar.se\/grundskola\/wp-json\/wp\/v2\/types\/post"}],"author":[{"embeddable":true,"href":"https:\/\/lararkarriar.se\/grundskola\/wp-json\/wp\/v2\/users\/3"}],"replies":[{"embeddable":true,"href":"https:\/\/lararkarriar.se\/grundskola\/wp-json\/wp\/v2\/comments?post=5444"}],"version-history":[{"count":0,"href":"https:\/\/lararkarriar.se\/grundskola\/wp-json\/wp\/v2\/posts\/5444\/revisions"}],"wp:featuredmedia":[{"embeddable":true,"href":"https:\/\/lararkarriar.se\/grundskola\/wp-json\/wp\/v2\/media\/5446"}],"wp:attachment":[{"href":"https:\/\/lararkarriar.se\/grundskola\/wp-json\/wp\/v2\/media?parent=5444"}],"wp:term":[{"taxonomy":"category","embeddable":true,"href":"https:\/\/lararkarriar.se\/grundskola\/wp-json\/wp\/v2\/categories?post=5444"},{"taxonomy":"post_tag","embeddable":true,"href":"https:\/\/lararkarriar.se\/grundskola\/wp-json\/wp\/v2\/tags?post=5444"}],"curies":[{"name":"wp","href":"https:\/\/api.w.org\/{rel}","templated":true}]}}