{"id":5458,"date":"2016-04-07T00:18:52","date_gmt":"2016-04-06T22:18:52","guid":{"rendered":"http:\/\/lararkarriar.se\/grundskola\/?p=5458"},"modified":"2016-04-07T00:18:52","modified_gmt":"2016-04-06T22:18:52","slug":"nara-till-samarbete-och-natur","status":"publish","type":"post","link":"https:\/\/lararkarriar.se\/grundskola\/2016\/04\/07\/nara-till-samarbete-och-natur\/","title":{"rendered":"N\u00e4ra till samarbete och natur"},"content":{"rendered":"<p><figure id=\"attachment_5459\" aria-describedby=\"caption-attachment-5459\" style=\"width: 1000px\" class=\"wp-caption alignnone\"><img loading=\"lazy\" decoding=\"async\" src=\"https:\/\/lararkarriar.se\/grundskola\/wp-content\/uploads\/sites\/12\/2016\/04\/varmdo-66a1109.jpg\" alt=\"F\u00f6r Ulrika Waldenstr\u00f6m, l\u00e4rare, Susanne Liljekvist, l\u00e4rare, Christina S\u00f6derkvist, rektor och Ulrika G\u00f6rtz-Wetterlund, rektor, \u00e4r V\u00e4rmd\u00f6 en riktig vinnare som arbetsplats. Foto: Gonzalo Irigoyen\" width=\"1000\" height=\"655\" class=\"size-full wp-image-5459\" srcset=\"https:\/\/lararkarriar.se\/grundskola\/wp-content\/uploads\/sites\/12\/2016\/04\/varmdo-66a1109.jpg 1000w, https:\/\/lararkarriar.se\/grundskola\/wp-content\/uploads\/sites\/12\/2016\/04\/varmdo-66a1109-300x197.jpg 300w, https:\/\/lararkarriar.se\/grundskola\/wp-content\/uploads\/sites\/12\/2016\/04\/varmdo-66a1109-768x503.jpg 768w, https:\/\/lararkarriar.se\/grundskola\/wp-content\/uploads\/sites\/12\/2016\/04\/varmdo-66a1109-244x160.jpg 244w, https:\/\/lararkarriar.se\/grundskola\/wp-content\/uploads\/sites\/12\/2016\/04\/varmdo-66a1109-526x345.jpg 526w, https:\/\/lararkarriar.se\/grundskola\/wp-content\/uploads\/sites\/12\/2016\/04\/varmdo-66a1109-720x472.jpg 720w, https:\/\/lararkarriar.se\/grundskola\/wp-content\/uploads\/sites\/12\/2016\/04\/varmdo-66a1109-960x629.jpg 960w\" sizes=\"auto, (max-width: 1000px) 100vw, 1000px\" \/><figcaption id=\"caption-attachment-5459\" class=\"wp-caption-text\">F\u00f6r Ulrika Waldenstr\u00f6m, l\u00e4rare, Susanne Liljekvist, l\u00e4rare, Christina S\u00f6derkvist, rektor och Ulrika G\u00f6rtz-Wetterlund, rektor, \u00e4r V\u00e4rmd\u00f6 en riktig vinnare som arbetsplats. Foto: Gonzalo Irigoyen<\/figcaption><\/figure><strong>N\u00e4rhet mellan skolorna, t\u00e4ta samarbeten med erfarenhetsutbyten mellan b\u00e5de l\u00e4rare och rektorer och en fram\u00e5tt\u00e4nkande skolledning g\u00f6r V\u00e4rmd\u00f6 till en eftertraktad arbetsplats f\u00f6r l\u00e4rare fr\u00e5n n\u00e4r och fj\u00e4rran.<\/strong><\/p>\n<p>V\u00e4rmd\u00f6 \u00e4r sedan l\u00e4nge en av landets snabbast v\u00e4xande kommuner d\u00e5 m\u00e5nga s\u00f6ker sig hit f\u00f6r att bo n\u00e4ra natur, sk\u00e4rg\u00e5rd och storstad. Som popul\u00e4r inflyttningskommun har de beslutsansvariga blivit vana att t\u00e4nka nytt och fram\u00e5t, vilket g\u00e4ller skolfr\u00e5gorna i h\u00f6g grad. V\u00e4rmd\u00f6 har en ny skolorganisation sedan januari 2015 och ny skolchef sedan maj 2015.<br \/>\n\u2013 Vi har nu en skolchef som driver skolutvecklingsfr\u00e5gor p\u00e5 ett mycket tydligare s\u00e4tt \u00e4n vad som skett tidigare, och som ocks\u00e5 satsar p\u00e5 kompetensutveckling f\u00f6r l\u00e4rare och rektorer, framh\u00e5ller Ulrika G\u00f6rtz-Wetterlund, rektor p\u00e5 Brunns skola (F\u20139).<br \/>\n\u2013 V\u00e4rmd\u00f6 \u00e4r idag en progressiv och utvecklingsben\u00e4gen skolkommun d\u00e4r det \u00e4r sp\u00e4nnande att arbeta som l\u00e4rare eller rektor, inflikar Christina S\u00f6derkvist, rektor p\u00e5 Kullsvedsskolan, en mindre skola med grunds\u00e4rskola (F\u20139) och kommungemensamma resursklasser f\u00f6r grundskoleelever med spr\u00e5kst\u00f6rning (1\u20133) samt autism (1\u20139).<\/p>\n<p><strong>Uppm\u00e4rksammade p\u00e5 riksniv\u00e5<\/strong><br \/>\nDen r\u00e5dande pionj\u00e4randan har bland annat resulterat i att V\u00e4rmd\u00f6s skolor sedan n\u00e5gra \u00e5r tillbaka samr\u00e4ttar de nationella proven i \u00e5rskurserna 3, 6 och 9, n\u00e5got som har blivit uppm\u00e4rksammat p\u00e5 riksniv\u00e5.<br \/>\n\u2013 V\u00e4rmd\u00f6 har ocks\u00e5 f\u00e5tt uppm\u00e4rksamhet f\u00f6r sina \u00e4mnesn\u00e4tverk mellan skolorna, d\u00e4r l\u00e4rarna tr\u00e4ffas \u00e4mnesvis och \u00e4ven \u00e5rskursvis f\u00f6r att utbyta erfarenheter med varandra, ber\u00e4ttar Susanne Liljekvist, l\u00e4rare p\u00e5 Kyrkskolan (F\u20134 och f\u00f6rskola).<br \/>\n\u00c4ven om det \u00e4r en stor kommun ytm\u00e4ssigt s\u00e5 \u00e4r det en liten kommun skolm\u00e4ssigt, vilket inneb\u00e4r mycket samarbete genom \u00e4mnesn\u00e4tverk och kollegialt l\u00e4rande, po\u00e4ngterar Ulrika G\u00f6rtz-Wetterlund och f\u00e5r medh\u00e5ll av Christina:<br \/>\n\u2013 \u00c4ven rektorerna tr\u00e4ffas, vilket sker f\u00f6r att vi ska kunna samverka med varandra och driva v\u00e5ra skolor \u00e5t samma h\u00e5ll. Det handlar om att utveckla ett gemensamt t\u00e4nkande och f\u00e5 likv\u00e4rdiga skolor f\u00f6r alla barn i kommunen, s\u00e5 att undervisningen h\u00e5ller en j\u00e4mn och h\u00f6g kvalitet och eleverna blir bed\u00f6mda p\u00e5 ett likartat s\u00e4tt.<\/p>\n<p><strong>Erfarenhetsutbyten viktigt inslag<\/strong><br \/>\n\u2013 Erfarenhetsutbyten, d\u00e4r vi m\u00f6ts och diskuterar och presenterar olika saker f\u00f6r varandra, \u00e4r en viktig bit av hur V\u00e4rmd\u00f6 \u00e4r som skolkommun, understryker Susanne Liljekvist.<br \/>\nEn uppskattad m\u00f6tesform \u00e4r Teach Meet, d\u00e4r l\u00e4rare tr\u00e4ffas i olika konstellationer.<br \/>\n\u2013 Om en skola har v\u00e4ldigt h\u00f6g kompetens inom ett omr\u00e5de, s\u00e5 bjuder de in l\u00e4rare fr\u00e5n de andra skolorna och ber\u00e4ttar hur de har jobbat med det aktuella omr\u00e5det, genom att visa och inspirera, tipsa om intressanta l\u00e4nkar och f\u00f6ra id\u00e9er \u00f6ver skolgr\u00e4nserna, ber\u00e4ttar Susanne.<br \/>\n\u2013 Alla l\u00e4rare ing\u00e5r ocks\u00e5 i ett arbetslag runt ett antal elever, vilket bygger mycket p\u00e5 kollegialt l\u00e4rande och erfarenhetsdelning. Det \u00e4r ett \u00f6ppet klimat inom arbetslagen d\u00e4r man f\u00f6rs\u00f6ker vara s\u00e5 prestigel\u00f6s som m\u00f6jligt och hj\u00e4lper varandra, inflikar Ulrika G\u00f6rtz-Wetterlund.<br \/>\nUndervisningen p\u00e5 skolorna \u00e4r digitaliserad i h\u00f6g grad. Alla l\u00e4rare har egen dator med SchoolSoft som gemensam plattform. Google utnyttjas i undervisningen och l\u00e4rarna anv\u00e4nder Classroom Management d\u00e4r de l\u00e4gger upp sin planering och d\u00e4r b\u00e5de elever och l\u00e4rare kan g\u00e5 in och jobba och kommentera.<br \/>\n\u2013 Det finns m\u00e5nga f\u00f6rdelar med det h\u00e4r arbetss\u00e4ttet som fungerar v\u00e4ldigt bra, tycker Susanne.<\/p>\n<p><strong>En kommun du vill stanna i<\/strong><br \/>\n\u2013 Generellt \u00e4r det en god kultur p\u00e5 skolorna. Det \u00e4r trevliga och v\u00e4lkomnande skolmilj\u00f6er att arbeta i. Om du \u00e4r ny l\u00e4rare s\u00e5 tror jag det \u00e4r toppen att b\u00f6rja p\u00e5 V\u00e4rmd\u00f6, resonerar Christina.<br \/>\n\u2013 En stor hj\u00e4lp f\u00f6r dig som ny l\u00e4rare \u00e4r att du tilldelas en kollega som fungerar som mentor och som du alltid kan prata med n\u00e4r det \u00e4r n\u00e5got du beh\u00f6ver svar p\u00e5, till\u00e4gger Ulrika Waldenstr\u00f6m, l\u00e4rare p\u00e5 Kullsvedsskolan.<br \/>\n\u2013 N\u00e4r du kommer ut hit s\u00e5 vill du stanna kvar. Jag bor mitt i Stockholm och min tanke n\u00e4r jag skulle s\u00f6ka jobb p\u00e5 V\u00e4rmd\u00f6 var att det ligger f\u00f6r l\u00e5ngt bort. Idag tycker jag att det \u00e4r l\u00e4tt att resa hit. Det g\u00e5r lika fort att ta sig ut hit som att ta sig till Botkyrka, Huddinge eller Haninge. Dessutom \u00e4r det en v\u00e4ldigt vacker kommun att arbeta i, po\u00e4ngterar Christina.<br \/>\n\u2013 N\u00e4r jag pratar med kollegor s\u00e5 \u00e4r det framf\u00f6r allt n\u00e4rheten till v\u00e5ra skolor som upplevs som ett plus. F\u00f6r den som pendlar fr\u00e5n Stockholm s\u00e5 finns det bra och snabba kommunikationer mellan Slussen och Gustavsbergs centrum och vidare ut p\u00e5 V\u00e4rmd\u00f6. Ett annat stort plus \u00e4r att alla skolor har naturen n\u00e4ra inp\u00e5, kommenterar Ulrika Waldenstr\u00f6m.<br \/>\n\u2013 H\u00e4r \u00e4r det l\u00e5ngt fr\u00e5n innerstadsskolorna d\u00e4r det kan vara ett helt f\u00f6retag att ta sig till en park. H\u00e4r finns naturen runt skolknuten.<\/p>\n<div class=\"faktaruta-title\">V\u00e4rmd\u00f6 kommun<\/div><div class=\"faktaruta\">V\u00e4rmd\u00f6 kommun med drygt 40&nbsp;000 inv\u00e5nare \u00e4r en av landets snabbast v\u00e4xande kommuner. Det \u00e4r ocks\u00e5 Stockholms l\u00e4ns n\u00e4st st\u00f6rsta kommun sett till ytan och m\u00e5nga s\u00f6ker sig hit f\u00f6r att bo n\u00e4ra b\u00e5de natur, sk\u00e4rg\u00e5rd och storstad. I V\u00e4rmd\u00f6 finns tio kommunala grundskolor f\u00f6rdelade \u00f6ver glesbygd och t\u00e4tort: Brunns skola (Ingar\u00f6), Farstavikens skola (Gustavsberg), F\u00e5gelviks skola (Ingar\u00f6), Hemmestaskolan (V\u00e4rmd\u00f6landet), Kullsvedsskolan (V\u00e4rmd\u00f6landet), Kyrkskolan (V\u00e4rmd\u00f6landet), Munkmoraskolan (Gustavsberg), Viks skola (V\u00e4rmd\u00f6landet), V\u00e4rmd\u00f6 sk\u00e4rg\u00e5rdsskola (Djur\u00f6\/Stavsn\u00e4s\/\u00d6ar) och \u00d6sbyskolan (Gustavsberg).<\/p>\n<p>V\u00e4rmd\u00f6 kommun<br \/>\nSkogsbov\u00e4gen 9-11, Gustavsberg<br \/>\nPostadress: 134 81 Gustavsberg<br \/>\nTel: 08-570 470 00<br \/>\n<strong><a href=\"http:\/\/www.varmdo.se\" target=\"_blank\" rel=\"noopener noreferrer\">www.varmdo.se<\/a><\/strong><\/br><br \/>\n<a href=\"http:\/\/www.varmdo.se\" target=\"_blank\" rel=\"attachment wp-att-5460 noopener noreferrer\"><img loading=\"lazy\" decoding=\"async\" src=\"http:\/\/lararkarriar.se\/grundskola\/wp-content\/uploads\/2016\/04\/varmdo_logo_cmyk-250x49.png\" alt=\"www.varmdo.se\" width=\"250\" height=\"49\" class=\"alignnone size-medium wp-image-5460\" \/><\/a><\/div>\n","protected":false},"excerpt":{"rendered":"<p>N\u00e4rhet mellan skolorna, t\u00e4ta samarbeten med erfarenhetsutbyten mellan b\u00e5de l\u00e4rare och rektorer och en fram\u00e5tt\u00e4nkande&#8230;<\/p>\n","protected":false},"author":3,"featured_media":5459,"comment_status":"closed","ping_status":"open","sticky":false,"template":"","format":"standard","meta":{"_acf_changed":false,"_monsterinsights_skip_tracking":false,"_monsterinsights_sitenote_active":false,"_monsterinsights_sitenote_note":"","_monsterinsights_sitenote_category":0,"footnotes":""},"categories":[7],"tags":[],"class_list":["post-5458","post","type-post","status-publish","format-standard","has-post-thumbnail","hentry","category-presentation"],"acf":[],"yoast_head":"<!-- This site is optimized with the Yoast SEO plugin v27.3 - https:\/\/yoast.com\/product\/yoast-seo-wordpress\/ -->\n<title>N\u00e4ra till samarbete och natur - Framtidens Karri\u00e4r \u2013 Grundskolel\u00e4rare<\/title>\n<meta name=\"robots\" content=\"index, follow, max-snippet:-1, max-image-preview:large, max-video-preview:-1\" \/>\n<link rel=\"canonical\" href=\"https:\/\/lararkarriar.se\/grundskola\/2016\/04\/07\/nara-till-samarbete-och-natur\/\" \/>\n<meta property=\"og:locale\" content=\"sv_SE\" \/>\n<meta property=\"og:type\" content=\"article\" \/>\n<meta property=\"og:title\" content=\"N\u00e4ra till samarbete och natur - Framtidens Karri\u00e4r \u2013 Grundskolel\u00e4rare\" \/>\n<meta property=\"og:description\" content=\"N\u00e4rhet mellan skolorna, t\u00e4ta samarbeten med erfarenhetsutbyten mellan b\u00e5de l\u00e4rare och rektorer och en fram\u00e5tt\u00e4nkande...\" \/>\n<meta property=\"og:url\" content=\"https:\/\/lararkarriar.se\/grundskola\/2016\/04\/07\/nara-till-samarbete-och-natur\/\" \/>\n<meta property=\"og:site_name\" content=\"Framtidens Karri\u00e4r \u2013 Grundskolel\u00e4rare\" \/>\n<meta property=\"article:published_time\" content=\"2016-04-06T22:18:52+00:00\" \/>\n<meta property=\"og:image\" content=\"https:\/\/lararkarriar.se\/grundskola\/wp-content\/uploads\/sites\/12\/2016\/04\/varmdo-66a1109.jpg\" \/>\n\t<meta property=\"og:image:width\" content=\"1000\" \/>\n\t<meta property=\"og:image:height\" content=\"655\" \/>\n\t<meta property=\"og:image:type\" content=\"image\/jpeg\" \/>\n<meta name=\"author\" content=\"stellanstal\" \/>\n<meta name=\"twitter:card\" content=\"summary_large_image\" \/>\n<meta name=\"twitter:label1\" content=\"Skriven av\" \/>\n\t<meta name=\"twitter:data1\" content=\"stellanstal\" \/>\n\t<meta name=\"twitter:label2\" content=\"Ber\u00e4knad l\u00e4stid\" \/>\n\t<meta name=\"twitter:data2\" content=\"5 minuter\" \/>\n<script type=\"application\/ld+json\" class=\"yoast-schema-graph\">{\"@context\":\"https:\\\/\\\/schema.org\",\"@graph\":[{\"@type\":\"Article\",\"@id\":\"https:\\\/\\\/lararkarriar.se\\\/grundskola\\\/2016\\\/04\\\/07\\\/nara-till-samarbete-och-natur\\\/#article\",\"isPartOf\":{\"@id\":\"https:\\\/\\\/lararkarriar.se\\\/grundskola\\\/2016\\\/04\\\/07\\\/nara-till-samarbete-och-natur\\\/\"},\"author\":{\"name\":\"stellanstal\",\"@id\":\"https:\\\/\\\/lararkarriar.se\\\/grundskola\\\/#\\\/schema\\\/person\\\/c8a43eb855191e573b73ecf8987a3b99\"},\"headline\":\"N\u00e4ra till samarbete och natur\",\"datePublished\":\"2016-04-06T22:18:52+00:00\",\"mainEntityOfPage\":{\"@id\":\"https:\\\/\\\/lararkarriar.se\\\/grundskola\\\/2016\\\/04\\\/07\\\/nara-till-samarbete-och-natur\\\/\"},\"wordCount\":1064,\"image\":{\"@id\":\"https:\\\/\\\/lararkarriar.se\\\/grundskola\\\/2016\\\/04\\\/07\\\/nara-till-samarbete-och-natur\\\/#primaryimage\"},\"thumbnailUrl\":\"https:\\\/\\\/lararkarriar.se\\\/grundskola\\\/wp-content\\\/uploads\\\/sites\\\/12\\\/2016\\\/04\\\/varmdo-66a1109.jpg\",\"articleSection\":[\"Presentation\"],\"inLanguage\":\"sv-SE\"},{\"@type\":\"WebPage\",\"@id\":\"https:\\\/\\\/lararkarriar.se\\\/grundskola\\\/2016\\\/04\\\/07\\\/nara-till-samarbete-och-natur\\\/\",\"url\":\"https:\\\/\\\/lararkarriar.se\\\/grundskola\\\/2016\\\/04\\\/07\\\/nara-till-samarbete-och-natur\\\/\",\"name\":\"N\u00e4ra till samarbete och natur - Framtidens Karri\u00e4r \u2013 Grundskolel\u00e4rare\",\"isPartOf\":{\"@id\":\"https:\\\/\\\/lararkarriar.se\\\/grundskola\\\/#website\"},\"primaryImageOfPage\":{\"@id\":\"https:\\\/\\\/lararkarriar.se\\\/grundskola\\\/2016\\\/04\\\/07\\\/nara-till-samarbete-och-natur\\\/#primaryimage\"},\"image\":{\"@id\":\"https:\\\/\\\/lararkarriar.se\\\/grundskola\\\/2016\\\/04\\\/07\\\/nara-till-samarbete-och-natur\\\/#primaryimage\"},\"thumbnailUrl\":\"https:\\\/\\\/lararkarriar.se\\\/grundskola\\\/wp-content\\\/uploads\\\/sites\\\/12\\\/2016\\\/04\\\/varmdo-66a1109.jpg\",\"datePublished\":\"2016-04-06T22:18:52+00:00\",\"author\":{\"@id\":\"https:\\\/\\\/lararkarriar.se\\\/grundskola\\\/#\\\/schema\\\/person\\\/c8a43eb855191e573b73ecf8987a3b99\"},\"breadcrumb\":{\"@id\":\"https:\\\/\\\/lararkarriar.se\\\/grundskola\\\/2016\\\/04\\\/07\\\/nara-till-samarbete-och-natur\\\/#breadcrumb\"},\"inLanguage\":\"sv-SE\",\"potentialAction\":[{\"@type\":\"ReadAction\",\"target\":[\"https:\\\/\\\/lararkarriar.se\\\/grundskola\\\/2016\\\/04\\\/07\\\/nara-till-samarbete-och-natur\\\/\"]}]},{\"@type\":\"ImageObject\",\"inLanguage\":\"sv-SE\",\"@id\":\"https:\\\/\\\/lararkarriar.se\\\/grundskola\\\/2016\\\/04\\\/07\\\/nara-till-samarbete-och-natur\\\/#primaryimage\",\"url\":\"https:\\\/\\\/lararkarriar.se\\\/grundskola\\\/wp-content\\\/uploads\\\/sites\\\/12\\\/2016\\\/04\\\/varmdo-66a1109.jpg\",\"contentUrl\":\"https:\\\/\\\/lararkarriar.se\\\/grundskola\\\/wp-content\\\/uploads\\\/sites\\\/12\\\/2016\\\/04\\\/varmdo-66a1109.jpg\",\"width\":1000,\"height\":655,\"caption\":\"F\u00f6r Ulrika Waldenstr\u00f6m, l\u00e4rare, Susanne Liljekvist, l\u00e4rare, Christina S\u00f6derkvist, rektor och Ulrika G\u00f6rtz-Wetterlund, rektor, \u00e4r V\u00e4rmd\u00f6 en riktig vinnare som arbetsplats. Foto: Gonzalo Irigoyen\"},{\"@type\":\"BreadcrumbList\",\"@id\":\"https:\\\/\\\/lararkarriar.se\\\/grundskola\\\/2016\\\/04\\\/07\\\/nara-till-samarbete-och-natur\\\/#breadcrumb\",\"itemListElement\":[{\"@type\":\"ListItem\",\"position\":1,\"name\":\"Home\",\"item\":\"https:\\\/\\\/lararkarriar.se\\\/grundskola\\\/\"},{\"@type\":\"ListItem\",\"position\":2,\"name\":\"N\u00e4ra till samarbete och natur\"}]},{\"@type\":\"WebSite\",\"@id\":\"https:\\\/\\\/lararkarriar.se\\\/grundskola\\\/#website\",\"url\":\"https:\\\/\\\/lararkarriar.se\\\/grundskola\\\/\",\"name\":\"Framtidens Karri\u00e4r \u2013 Grundskolel\u00e4rare\",\"description\":\"Just another NMDashboard.se Sites site\",\"potentialAction\":[{\"@type\":\"SearchAction\",\"target\":{\"@type\":\"EntryPoint\",\"urlTemplate\":\"https:\\\/\\\/lararkarriar.se\\\/grundskola\\\/?s={search_term_string}\"},\"query-input\":{\"@type\":\"PropertyValueSpecification\",\"valueRequired\":true,\"valueName\":\"search_term_string\"}}],\"inLanguage\":\"sv-SE\"},{\"@type\":\"Person\",\"@id\":\"https:\\\/\\\/lararkarriar.se\\\/grundskola\\\/#\\\/schema\\\/person\\\/c8a43eb855191e573b73ecf8987a3b99\",\"name\":\"stellanstal\",\"image\":{\"@type\":\"ImageObject\",\"inLanguage\":\"sv-SE\",\"@id\":\"https:\\\/\\\/secure.gravatar.com\\\/avatar\\\/cd330fa6bb17f598124b2068ee0b189e4fe0987a50af9d53b78410836060d0c9?s=96&d=mm&r=g\",\"url\":\"https:\\\/\\\/secure.gravatar.com\\\/avatar\\\/cd330fa6bb17f598124b2068ee0b189e4fe0987a50af9d53b78410836060d0c9?s=96&d=mm&r=g\",\"contentUrl\":\"https:\\\/\\\/secure.gravatar.com\\\/avatar\\\/cd330fa6bb17f598124b2068ee0b189e4fe0987a50af9d53b78410836060d0c9?s=96&d=mm&r=g\",\"caption\":\"stellanstal\"},\"url\":\"https:\\\/\\\/lararkarriar.se\\\/grundskola\\\/author\\\/stellanstal\\\/\"}]}<\/script>\n<!-- \/ Yoast SEO plugin. -->","yoast_head_json":{"title":"N\u00e4ra till samarbete och natur - Framtidens Karri\u00e4r \u2013 Grundskolel\u00e4rare","robots":{"index":"index","follow":"follow","max-snippet":"max-snippet:-1","max-image-preview":"max-image-preview:large","max-video-preview":"max-video-preview:-1"},"canonical":"https:\/\/lararkarriar.se\/grundskola\/2016\/04\/07\/nara-till-samarbete-och-natur\/","og_locale":"sv_SE","og_type":"article","og_title":"N\u00e4ra till samarbete och natur - Framtidens Karri\u00e4r \u2013 Grundskolel\u00e4rare","og_description":"N\u00e4rhet mellan skolorna, t\u00e4ta samarbeten med erfarenhetsutbyten mellan b\u00e5de l\u00e4rare och rektorer och en fram\u00e5tt\u00e4nkande...","og_url":"https:\/\/lararkarriar.se\/grundskola\/2016\/04\/07\/nara-till-samarbete-och-natur\/","og_site_name":"Framtidens Karri\u00e4r \u2013 Grundskolel\u00e4rare","article_published_time":"2016-04-06T22:18:52+00:00","og_image":[{"width":1000,"height":655,"url":"https:\/\/lararkarriar.se\/grundskola\/wp-content\/uploads\/sites\/12\/2016\/04\/varmdo-66a1109.jpg","type":"image\/jpeg"}],"author":"stellanstal","twitter_card":"summary_large_image","twitter_misc":{"Skriven av":"stellanstal","Ber\u00e4knad l\u00e4stid":"5 minuter"},"schema":{"@context":"https:\/\/schema.org","@graph":[{"@type":"Article","@id":"https:\/\/lararkarriar.se\/grundskola\/2016\/04\/07\/nara-till-samarbete-och-natur\/#article","isPartOf":{"@id":"https:\/\/lararkarriar.se\/grundskola\/2016\/04\/07\/nara-till-samarbete-och-natur\/"},"author":{"name":"stellanstal","@id":"https:\/\/lararkarriar.se\/grundskola\/#\/schema\/person\/c8a43eb855191e573b73ecf8987a3b99"},"headline":"N\u00e4ra till samarbete och natur","datePublished":"2016-04-06T22:18:52+00:00","mainEntityOfPage":{"@id":"https:\/\/lararkarriar.se\/grundskola\/2016\/04\/07\/nara-till-samarbete-och-natur\/"},"wordCount":1064,"image":{"@id":"https:\/\/lararkarriar.se\/grundskola\/2016\/04\/07\/nara-till-samarbete-och-natur\/#primaryimage"},"thumbnailUrl":"https:\/\/lararkarriar.se\/grundskola\/wp-content\/uploads\/sites\/12\/2016\/04\/varmdo-66a1109.jpg","articleSection":["Presentation"],"inLanguage":"sv-SE"},{"@type":"WebPage","@id":"https:\/\/lararkarriar.se\/grundskola\/2016\/04\/07\/nara-till-samarbete-och-natur\/","url":"https:\/\/lararkarriar.se\/grundskola\/2016\/04\/07\/nara-till-samarbete-och-natur\/","name":"N\u00e4ra till samarbete och natur - Framtidens Karri\u00e4r \u2013 Grundskolel\u00e4rare","isPartOf":{"@id":"https:\/\/lararkarriar.se\/grundskola\/#website"},"primaryImageOfPage":{"@id":"https:\/\/lararkarriar.se\/grundskola\/2016\/04\/07\/nara-till-samarbete-och-natur\/#primaryimage"},"image":{"@id":"https:\/\/lararkarriar.se\/grundskola\/2016\/04\/07\/nara-till-samarbete-och-natur\/#primaryimage"},"thumbnailUrl":"https:\/\/lararkarriar.se\/grundskola\/wp-content\/uploads\/sites\/12\/2016\/04\/varmdo-66a1109.jpg","datePublished":"2016-04-06T22:18:52+00:00","author":{"@id":"https:\/\/lararkarriar.se\/grundskola\/#\/schema\/person\/c8a43eb855191e573b73ecf8987a3b99"},"breadcrumb":{"@id":"https:\/\/lararkarriar.se\/grundskola\/2016\/04\/07\/nara-till-samarbete-och-natur\/#breadcrumb"},"inLanguage":"sv-SE","potentialAction":[{"@type":"ReadAction","target":["https:\/\/lararkarriar.se\/grundskola\/2016\/04\/07\/nara-till-samarbete-och-natur\/"]}]},{"@type":"ImageObject","inLanguage":"sv-SE","@id":"https:\/\/lararkarriar.se\/grundskola\/2016\/04\/07\/nara-till-samarbete-och-natur\/#primaryimage","url":"https:\/\/lararkarriar.se\/grundskola\/wp-content\/uploads\/sites\/12\/2016\/04\/varmdo-66a1109.jpg","contentUrl":"https:\/\/lararkarriar.se\/grundskola\/wp-content\/uploads\/sites\/12\/2016\/04\/varmdo-66a1109.jpg","width":1000,"height":655,"caption":"F\u00f6r Ulrika Waldenstr\u00f6m, l\u00e4rare, Susanne Liljekvist, l\u00e4rare, Christina S\u00f6derkvist, rektor och Ulrika G\u00f6rtz-Wetterlund, rektor, \u00e4r V\u00e4rmd\u00f6 en riktig vinnare som arbetsplats. Foto: Gonzalo Irigoyen"},{"@type":"BreadcrumbList","@id":"https:\/\/lararkarriar.se\/grundskola\/2016\/04\/07\/nara-till-samarbete-och-natur\/#breadcrumb","itemListElement":[{"@type":"ListItem","position":1,"name":"Home","item":"https:\/\/lararkarriar.se\/grundskola\/"},{"@type":"ListItem","position":2,"name":"N\u00e4ra till samarbete och natur"}]},{"@type":"WebSite","@id":"https:\/\/lararkarriar.se\/grundskola\/#website","url":"https:\/\/lararkarriar.se\/grundskola\/","name":"Framtidens Karri\u00e4r \u2013 Grundskolel\u00e4rare","description":"Just another NMDashboard.se Sites site","potentialAction":[{"@type":"SearchAction","target":{"@type":"EntryPoint","urlTemplate":"https:\/\/lararkarriar.se\/grundskola\/?s={search_term_string}"},"query-input":{"@type":"PropertyValueSpecification","valueRequired":true,"valueName":"search_term_string"}}],"inLanguage":"sv-SE"},{"@type":"Person","@id":"https:\/\/lararkarriar.se\/grundskola\/#\/schema\/person\/c8a43eb855191e573b73ecf8987a3b99","name":"stellanstal","image":{"@type":"ImageObject","inLanguage":"sv-SE","@id":"https:\/\/secure.gravatar.com\/avatar\/cd330fa6bb17f598124b2068ee0b189e4fe0987a50af9d53b78410836060d0c9?s=96&d=mm&r=g","url":"https:\/\/secure.gravatar.com\/avatar\/cd330fa6bb17f598124b2068ee0b189e4fe0987a50af9d53b78410836060d0c9?s=96&d=mm&r=g","contentUrl":"https:\/\/secure.gravatar.com\/avatar\/cd330fa6bb17f598124b2068ee0b189e4fe0987a50af9d53b78410836060d0c9?s=96&d=mm&r=g","caption":"stellanstal"},"url":"https:\/\/lararkarriar.se\/grundskola\/author\/stellanstal\/"}]}},"_links":{"self":[{"href":"https:\/\/lararkarriar.se\/grundskola\/wp-json\/wp\/v2\/posts\/5458","targetHints":{"allow":["GET"]}}],"collection":[{"href":"https:\/\/lararkarriar.se\/grundskola\/wp-json\/wp\/v2\/posts"}],"about":[{"href":"https:\/\/lararkarriar.se\/grundskola\/wp-json\/wp\/v2\/types\/post"}],"author":[{"embeddable":true,"href":"https:\/\/lararkarriar.se\/grundskola\/wp-json\/wp\/v2\/users\/3"}],"replies":[{"embeddable":true,"href":"https:\/\/lararkarriar.se\/grundskola\/wp-json\/wp\/v2\/comments?post=5458"}],"version-history":[{"count":0,"href":"https:\/\/lararkarriar.se\/grundskola\/wp-json\/wp\/v2\/posts\/5458\/revisions"}],"wp:featuredmedia":[{"embeddable":true,"href":"https:\/\/lararkarriar.se\/grundskola\/wp-json\/wp\/v2\/media\/5459"}],"wp:attachment":[{"href":"https:\/\/lararkarriar.se\/grundskola\/wp-json\/wp\/v2\/media?parent=5458"}],"wp:term":[{"taxonomy":"category","embeddable":true,"href":"https:\/\/lararkarriar.se\/grundskola\/wp-json\/wp\/v2\/categories?post=5458"},{"taxonomy":"post_tag","embeddable":true,"href":"https:\/\/lararkarriar.se\/grundskola\/wp-json\/wp\/v2\/tags?post=5458"}],"curies":[{"name":"wp","href":"https:\/\/api.w.org\/{rel}","templated":true}]}}