{"id":5470,"date":"2016-04-07T00:22:51","date_gmt":"2016-04-06T22:22:51","guid":{"rendered":"http:\/\/lararkarriar.se\/grundskola\/?p=5470"},"modified":"2016-04-07T00:22:51","modified_gmt":"2016-04-06T22:22:51","slug":"kungsbacka-tar-initiativ-i-skolutveckling","status":"publish","type":"post","link":"https:\/\/lararkarriar.se\/grundskola\/2016\/04\/07\/kungsbacka-tar-initiativ-i-skolutveckling\/","title":{"rendered":"Kungsbacka tar initiativ i skolutveckling"},"content":{"rendered":"<p><figure id=\"attachment_5471\" aria-describedby=\"caption-attachment-5471\" style=\"width: 1000px\" class=\"wp-caption alignnone\"><img loading=\"lazy\" decoding=\"async\" src=\"https:\/\/lararkarriar.se\/grundskola\/wp-content\/uploads\/sites\/12\/2016\/04\/kungsbacka-14.jpg\" alt=\"Lars Clemensson och Anette Liedstr\u00f6m Hjorth fr\u00e5n Kungsbacka kommun. Foto: Jeanette Utell\" width=\"1000\" height=\"751\" class=\"size-full wp-image-5471\" srcset=\"https:\/\/lararkarriar.se\/grundskola\/wp-content\/uploads\/sites\/12\/2016\/04\/kungsbacka-14.jpg 1000w, https:\/\/lararkarriar.se\/grundskola\/wp-content\/uploads\/sites\/12\/2016\/04\/kungsbacka-14-300x225.jpg 300w, https:\/\/lararkarriar.se\/grundskola\/wp-content\/uploads\/sites\/12\/2016\/04\/kungsbacka-14-768x577.jpg 768w, https:\/\/lararkarriar.se\/grundskola\/wp-content\/uploads\/sites\/12\/2016\/04\/kungsbacka-14-213x160.jpg 213w, https:\/\/lararkarriar.se\/grundskola\/wp-content\/uploads\/sites\/12\/2016\/04\/kungsbacka-14-720x541.jpg 720w, https:\/\/lararkarriar.se\/grundskola\/wp-content\/uploads\/sites\/12\/2016\/04\/kungsbacka-14-526x395.jpg 526w, https:\/\/lararkarriar.se\/grundskola\/wp-content\/uploads\/sites\/12\/2016\/04\/kungsbacka-14-960x721.jpg 960w\" sizes=\"auto, (max-width: 1000px) 100vw, 1000px\" \/><figcaption id=\"caption-attachment-5471\" class=\"wp-caption-text\">Lars Clemensson och Anette Liedstr\u00f6m Hjorth fr\u00e5n Kungsbacka kommun. Foto: Jeanette Utell<\/figcaption><\/figure><strong>Kungsbacka har best\u00e4mt sig f\u00f6r att minska gapet i resultat inom och mellan skolor och f\u00e5 fler elever som \u00e4r beh\u00f6riga till gymnasiet. Kunniga och engagerade l\u00e4rare och skolledare \u00e4r navet i arbetet.<\/strong><\/p>\n<p>\u2013 Kungsbacka har under flera \u00e5rs tid stadigt f\u00f6rb\u00e4ttrat sina resultat, men varje elev som inte n\u00e5r m\u00e5len \u00e4r ett misslyckande f\u00f6r oss, s\u00e4ger f\u00f6rvaltningschef Anette Liedstr\u00f6m Hjorth, som tog initiativ till ett forsknings- och utvecklingsprojekt som nu omfattar alla sex hall\u00e4ndska kommuner. \u00c4ven Region Halland och l\u00e4rarutbildningen vid h\u00f6gskolan i Halmstad deltar. Projektet kallas From Great to Excellent.<br \/>\n\u2013 I projektet kommer vi att fokusera p\u00e5 att minska olika gap men framf\u00f6rallt p\u00e5 gapet mellan varje elevs resultat och elevens kapacitet. Alla vi som arbetar med utbildning ansvarar p\u00e5 v\u00e5ra olika niv\u00e5er f\u00f6r att eleven n\u00e5r s\u00e5 l\u00e5ngt det \u00e4r m\u00f6jligt.<br \/>\nEn del av projektet \u00e4r att l\u00e4ra av framg\u00e5ngsrika skolnationer och i h\u00f6stas reste en delegation till Kanada. Landet har m\u00e5nga sociala likheter med Sverige och \u00e4r p\u00e5 flera s\u00e4tt ett f\u00f6red\u00f6me vad g\u00e4ller skolan. Man har p\u00e5 bara sex \u00e5r v\u00e4nt en negativ resultatutveckling och placerar sig idag i topp inom samtliga kunskapsomr\u00e5den i Pisas senaste m\u00e4tning. Kanada har \u00e4ven de minsta skillnaderna mellan de b\u00e4st och s\u00e4mst presterande eleverna.<br \/>\n\u2013 En central del som vi tog med fr\u00e5n resan \u00e4r att hela organisationen genomsyras av tankes\u00e4ttet att ha en positiv f\u00f6rv\u00e4ntan p\u00e5 eleverna. I Kanada s\u00e4ger de inte att en elev har misslyckats, de uttrycker det ist\u00e4llet som att de \u00e4nnu inte har lyckats st\u00f6dja eleven s\u00e5 att hen lyckas. Det \u00e4r l\u00e4rarna som har makten och m\u00f6jligheten att p\u00e5verka elevernas l\u00e4rande och varje lektion r\u00e4knas, s\u00e4ger verksamhetschef Lars Clemensson. Skolorna i Kanada anv\u00e4nder ocks\u00e5 f\u00f6r\u00e4ldrarna mer som resurs, det kan vi utveckla \u00e4ven h\u00e4r.<\/p>\n<p><strong>Innovationsfond<\/strong><br \/>\nNu arbetar kommunen med att skapa en innovationsfond f\u00f6r m\u00e5luppfyllelse, d\u00e4r skolor stimuleras att ta fram id\u00e9er f\u00f6r f\u00f6rb\u00e4ttring och utveckling. M\u00e5luppfyllelse handlar inte bara om betyg, utan om elevens hela utveckling. Nytt efter Kanadaresan \u00e4r resultatdialoger med skolor, d\u00e4r verksamhetschefer tillsammans med rektorerna g\u00e5r igenom elevers resultat f\u00f6r att tidigt f\u00e5nga upp de med sv\u00e5righeter att n\u00e5 m\u00e5len. Ett konkret resultat \u00e4r ocks\u00e5 att fr\u00e5n i \u00e5r erbjuda ferieskola i k\u00e4rn\u00e4mnena under alla lov.<br \/>\n\u2013 Vi vill inte p\u00e5dyvla skolorna olika insatser uppifr\u00e5n utan f\u00f6ra en \u00f6msesidig dialog f\u00f6r att kunna prioritera och s\u00e4tta in resurser d\u00e4r de beh\u00f6vs, s\u00e4ger Lars Clemensson.<br \/>\nInom projektet From Great to Excellent spelar l\u00e4rares insatser stor roll \u2013 medskapandet \u00e4r den viktigaste faktorn eftersom det \u00e4r i skolvardagen utvecklingsarbetet genomf\u00f6rs.<br \/>\n\u2013 Hos oss f\u00e5r l\u00e4rare och skolledare makten att f\u00f6r\u00e4ndra och sporras till att t\u00e4nka nytt, avslutar Anette och Lars. Det handlar om ledarskap p\u00e5 alla niv\u00e5er och att f\u00e5 drivas av en passion f\u00f6r utbildning.<\/p>\n<div class=\"faktaruta-title\">Kungsbacka kommun<\/div><div class=\"faktaruta\">Kungsbacka har stort fokus p\u00e5 att utveckla en f\u00f6rskola och skola som vilar p\u00e5 vetenskaplig grund, bepr\u00f6vad erfarenhet och evidens. Vi erbjuder kompetensutveckling och karri\u00e4rv\u00e4gar i syfte att h\u00f6ja kvaliteten och stimulera v\u00e5ra medarbetare. Mer information om Kungsbacka och From Great to Excellent finns p\u00e5 <strong><a href=\"http:\/\/www.kungsbacka.se\" target=\"_blank\" rel=\"noopener noreferrer\">www.kungsbacka.se<\/a><\/strong><\/br><br \/>\n<a href=\"http:\/\/www.kungsbacka.se\" target=\"_blank\" rel=\"attachment wp-att-5472 noopener noreferrer\"><img loading=\"lazy\" decoding=\"async\" src=\"http:\/\/lararkarriar.se\/grundskola\/wp-content\/uploads\/2016\/04\/kungsbacka_kbalogotyp_4farg-250x332.png\" alt=\"www.kungsbacka.se\" width=\"125\" height=\"161\" class=\"alignnone size-medium wp-image-5472\" \/><\/a><\/div>\n","protected":false},"excerpt":{"rendered":"<p>Kungsbacka har best\u00e4mt sig f\u00f6r att minska gapet i resultat inom och mellan skolor och&#8230;<\/p>\n","protected":false},"author":3,"featured_media":5471,"comment_status":"closed","ping_status":"open","sticky":false,"template":"","format":"standard","meta":{"_acf_changed":false,"_monsterinsights_skip_tracking":false,"_monsterinsights_sitenote_active":false,"_monsterinsights_sitenote_note":"","_monsterinsights_sitenote_category":0,"footnotes":""},"categories":[7],"tags":[],"class_list":["post-5470","post","type-post","status-publish","format-standard","has-post-thumbnail","hentry","category-presentation"],"acf":[],"yoast_head":"<!-- This site is optimized with the Yoast SEO plugin v27.3 - https:\/\/yoast.com\/product\/yoast-seo-wordpress\/ -->\n<title>Kungsbacka tar initiativ i skolutveckling - Framtidens Karri\u00e4r \u2013 Grundskolel\u00e4rare<\/title>\n<meta name=\"robots\" content=\"index, follow, max-snippet:-1, max-image-preview:large, max-video-preview:-1\" \/>\n<link rel=\"canonical\" href=\"https:\/\/lararkarriar.se\/grundskola\/2016\/04\/07\/kungsbacka-tar-initiativ-i-skolutveckling\/\" \/>\n<meta property=\"og:locale\" content=\"sv_SE\" \/>\n<meta property=\"og:type\" content=\"article\" \/>\n<meta property=\"og:title\" content=\"Kungsbacka tar initiativ i skolutveckling - Framtidens Karri\u00e4r \u2013 Grundskolel\u00e4rare\" \/>\n<meta property=\"og:description\" content=\"Kungsbacka har best\u00e4mt sig f\u00f6r att minska gapet i resultat inom och mellan skolor och...\" \/>\n<meta property=\"og:url\" content=\"https:\/\/lararkarriar.se\/grundskola\/2016\/04\/07\/kungsbacka-tar-initiativ-i-skolutveckling\/\" \/>\n<meta property=\"og:site_name\" content=\"Framtidens Karri\u00e4r \u2013 Grundskolel\u00e4rare\" \/>\n<meta property=\"article:published_time\" content=\"2016-04-06T22:22:51+00:00\" \/>\n<meta property=\"og:image\" content=\"https:\/\/lararkarriar.se\/grundskola\/wp-content\/uploads\/sites\/12\/2016\/04\/kungsbacka-14.jpg\" \/>\n\t<meta property=\"og:image:width\" content=\"1000\" \/>\n\t<meta property=\"og:image:height\" content=\"751\" \/>\n\t<meta property=\"og:image:type\" content=\"image\/jpeg\" \/>\n<meta name=\"author\" content=\"stellanstal\" \/>\n<meta name=\"twitter:card\" content=\"summary_large_image\" \/>\n<meta name=\"twitter:label1\" content=\"Skriven av\" \/>\n\t<meta name=\"twitter:data1\" content=\"stellanstal\" \/>\n\t<meta name=\"twitter:label2\" content=\"Ber\u00e4knad l\u00e4stid\" \/>\n\t<meta name=\"twitter:data2\" content=\"3 minuter\" \/>\n<script type=\"application\/ld+json\" class=\"yoast-schema-graph\">{\"@context\":\"https:\\\/\\\/schema.org\",\"@graph\":[{\"@type\":\"Article\",\"@id\":\"https:\\\/\\\/lararkarriar.se\\\/grundskola\\\/2016\\\/04\\\/07\\\/kungsbacka-tar-initiativ-i-skolutveckling\\\/#article\",\"isPartOf\":{\"@id\":\"https:\\\/\\\/lararkarriar.se\\\/grundskola\\\/2016\\\/04\\\/07\\\/kungsbacka-tar-initiativ-i-skolutveckling\\\/\"},\"author\":{\"name\":\"stellanstal\",\"@id\":\"https:\\\/\\\/lararkarriar.se\\\/grundskola\\\/#\\\/schema\\\/person\\\/c8a43eb855191e573b73ecf8987a3b99\"},\"headline\":\"Kungsbacka tar initiativ i skolutveckling\",\"datePublished\":\"2016-04-06T22:22:51+00:00\",\"mainEntityOfPage\":{\"@id\":\"https:\\\/\\\/lararkarriar.se\\\/grundskola\\\/2016\\\/04\\\/07\\\/kungsbacka-tar-initiativ-i-skolutveckling\\\/\"},\"wordCount\":621,\"image\":{\"@id\":\"https:\\\/\\\/lararkarriar.se\\\/grundskola\\\/2016\\\/04\\\/07\\\/kungsbacka-tar-initiativ-i-skolutveckling\\\/#primaryimage\"},\"thumbnailUrl\":\"https:\\\/\\\/lararkarriar.se\\\/grundskola\\\/wp-content\\\/uploads\\\/sites\\\/12\\\/2016\\\/04\\\/kungsbacka-14.jpg\",\"articleSection\":[\"Presentation\"],\"inLanguage\":\"sv-SE\"},{\"@type\":\"WebPage\",\"@id\":\"https:\\\/\\\/lararkarriar.se\\\/grundskola\\\/2016\\\/04\\\/07\\\/kungsbacka-tar-initiativ-i-skolutveckling\\\/\",\"url\":\"https:\\\/\\\/lararkarriar.se\\\/grundskola\\\/2016\\\/04\\\/07\\\/kungsbacka-tar-initiativ-i-skolutveckling\\\/\",\"name\":\"Kungsbacka tar initiativ i skolutveckling - Framtidens Karri\u00e4r \u2013 Grundskolel\u00e4rare\",\"isPartOf\":{\"@id\":\"https:\\\/\\\/lararkarriar.se\\\/grundskola\\\/#website\"},\"primaryImageOfPage\":{\"@id\":\"https:\\\/\\\/lararkarriar.se\\\/grundskola\\\/2016\\\/04\\\/07\\\/kungsbacka-tar-initiativ-i-skolutveckling\\\/#primaryimage\"},\"image\":{\"@id\":\"https:\\\/\\\/lararkarriar.se\\\/grundskola\\\/2016\\\/04\\\/07\\\/kungsbacka-tar-initiativ-i-skolutveckling\\\/#primaryimage\"},\"thumbnailUrl\":\"https:\\\/\\\/lararkarriar.se\\\/grundskola\\\/wp-content\\\/uploads\\\/sites\\\/12\\\/2016\\\/04\\\/kungsbacka-14.jpg\",\"datePublished\":\"2016-04-06T22:22:51+00:00\",\"author\":{\"@id\":\"https:\\\/\\\/lararkarriar.se\\\/grundskola\\\/#\\\/schema\\\/person\\\/c8a43eb855191e573b73ecf8987a3b99\"},\"breadcrumb\":{\"@id\":\"https:\\\/\\\/lararkarriar.se\\\/grundskola\\\/2016\\\/04\\\/07\\\/kungsbacka-tar-initiativ-i-skolutveckling\\\/#breadcrumb\"},\"inLanguage\":\"sv-SE\",\"potentialAction\":[{\"@type\":\"ReadAction\",\"target\":[\"https:\\\/\\\/lararkarriar.se\\\/grundskola\\\/2016\\\/04\\\/07\\\/kungsbacka-tar-initiativ-i-skolutveckling\\\/\"]}]},{\"@type\":\"ImageObject\",\"inLanguage\":\"sv-SE\",\"@id\":\"https:\\\/\\\/lararkarriar.se\\\/grundskola\\\/2016\\\/04\\\/07\\\/kungsbacka-tar-initiativ-i-skolutveckling\\\/#primaryimage\",\"url\":\"https:\\\/\\\/lararkarriar.se\\\/grundskola\\\/wp-content\\\/uploads\\\/sites\\\/12\\\/2016\\\/04\\\/kungsbacka-14.jpg\",\"contentUrl\":\"https:\\\/\\\/lararkarriar.se\\\/grundskola\\\/wp-content\\\/uploads\\\/sites\\\/12\\\/2016\\\/04\\\/kungsbacka-14.jpg\",\"width\":1000,\"height\":751,\"caption\":\"Lars Clemensson och Anette Liedstr\u00f6m Hjorth fr\u00e5n Kungsbacka kommun. Foto: Jeanette Utell\"},{\"@type\":\"BreadcrumbList\",\"@id\":\"https:\\\/\\\/lararkarriar.se\\\/grundskola\\\/2016\\\/04\\\/07\\\/kungsbacka-tar-initiativ-i-skolutveckling\\\/#breadcrumb\",\"itemListElement\":[{\"@type\":\"ListItem\",\"position\":1,\"name\":\"Home\",\"item\":\"https:\\\/\\\/lararkarriar.se\\\/grundskola\\\/\"},{\"@type\":\"ListItem\",\"position\":2,\"name\":\"Kungsbacka tar initiativ i skolutveckling\"}]},{\"@type\":\"WebSite\",\"@id\":\"https:\\\/\\\/lararkarriar.se\\\/grundskola\\\/#website\",\"url\":\"https:\\\/\\\/lararkarriar.se\\\/grundskola\\\/\",\"name\":\"Framtidens Karri\u00e4r \u2013 Grundskolel\u00e4rare\",\"description\":\"Just another NMDashboard.se Sites site\",\"potentialAction\":[{\"@type\":\"SearchAction\",\"target\":{\"@type\":\"EntryPoint\",\"urlTemplate\":\"https:\\\/\\\/lararkarriar.se\\\/grundskola\\\/?s={search_term_string}\"},\"query-input\":{\"@type\":\"PropertyValueSpecification\",\"valueRequired\":true,\"valueName\":\"search_term_string\"}}],\"inLanguage\":\"sv-SE\"},{\"@type\":\"Person\",\"@id\":\"https:\\\/\\\/lararkarriar.se\\\/grundskola\\\/#\\\/schema\\\/person\\\/c8a43eb855191e573b73ecf8987a3b99\",\"name\":\"stellanstal\",\"image\":{\"@type\":\"ImageObject\",\"inLanguage\":\"sv-SE\",\"@id\":\"https:\\\/\\\/secure.gravatar.com\\\/avatar\\\/cd330fa6bb17f598124b2068ee0b189e4fe0987a50af9d53b78410836060d0c9?s=96&d=mm&r=g\",\"url\":\"https:\\\/\\\/secure.gravatar.com\\\/avatar\\\/cd330fa6bb17f598124b2068ee0b189e4fe0987a50af9d53b78410836060d0c9?s=96&d=mm&r=g\",\"contentUrl\":\"https:\\\/\\\/secure.gravatar.com\\\/avatar\\\/cd330fa6bb17f598124b2068ee0b189e4fe0987a50af9d53b78410836060d0c9?s=96&d=mm&r=g\",\"caption\":\"stellanstal\"},\"url\":\"https:\\\/\\\/lararkarriar.se\\\/grundskola\\\/author\\\/stellanstal\\\/\"}]}<\/script>\n<!-- \/ Yoast SEO plugin. -->","yoast_head_json":{"title":"Kungsbacka tar initiativ i skolutveckling - Framtidens Karri\u00e4r \u2013 Grundskolel\u00e4rare","robots":{"index":"index","follow":"follow","max-snippet":"max-snippet:-1","max-image-preview":"max-image-preview:large","max-video-preview":"max-video-preview:-1"},"canonical":"https:\/\/lararkarriar.se\/grundskola\/2016\/04\/07\/kungsbacka-tar-initiativ-i-skolutveckling\/","og_locale":"sv_SE","og_type":"article","og_title":"Kungsbacka tar initiativ i skolutveckling - Framtidens Karri\u00e4r \u2013 Grundskolel\u00e4rare","og_description":"Kungsbacka har best\u00e4mt sig f\u00f6r att minska gapet i resultat inom och mellan skolor och...","og_url":"https:\/\/lararkarriar.se\/grundskola\/2016\/04\/07\/kungsbacka-tar-initiativ-i-skolutveckling\/","og_site_name":"Framtidens Karri\u00e4r \u2013 Grundskolel\u00e4rare","article_published_time":"2016-04-06T22:22:51+00:00","og_image":[{"width":1000,"height":751,"url":"https:\/\/lararkarriar.se\/grundskola\/wp-content\/uploads\/sites\/12\/2016\/04\/kungsbacka-14.jpg","type":"image\/jpeg"}],"author":"stellanstal","twitter_card":"summary_large_image","twitter_misc":{"Skriven av":"stellanstal","Ber\u00e4knad l\u00e4stid":"3 minuter"},"schema":{"@context":"https:\/\/schema.org","@graph":[{"@type":"Article","@id":"https:\/\/lararkarriar.se\/grundskola\/2016\/04\/07\/kungsbacka-tar-initiativ-i-skolutveckling\/#article","isPartOf":{"@id":"https:\/\/lararkarriar.se\/grundskola\/2016\/04\/07\/kungsbacka-tar-initiativ-i-skolutveckling\/"},"author":{"name":"stellanstal","@id":"https:\/\/lararkarriar.se\/grundskola\/#\/schema\/person\/c8a43eb855191e573b73ecf8987a3b99"},"headline":"Kungsbacka tar initiativ i skolutveckling","datePublished":"2016-04-06T22:22:51+00:00","mainEntityOfPage":{"@id":"https:\/\/lararkarriar.se\/grundskola\/2016\/04\/07\/kungsbacka-tar-initiativ-i-skolutveckling\/"},"wordCount":621,"image":{"@id":"https:\/\/lararkarriar.se\/grundskola\/2016\/04\/07\/kungsbacka-tar-initiativ-i-skolutveckling\/#primaryimage"},"thumbnailUrl":"https:\/\/lararkarriar.se\/grundskola\/wp-content\/uploads\/sites\/12\/2016\/04\/kungsbacka-14.jpg","articleSection":["Presentation"],"inLanguage":"sv-SE"},{"@type":"WebPage","@id":"https:\/\/lararkarriar.se\/grundskola\/2016\/04\/07\/kungsbacka-tar-initiativ-i-skolutveckling\/","url":"https:\/\/lararkarriar.se\/grundskola\/2016\/04\/07\/kungsbacka-tar-initiativ-i-skolutveckling\/","name":"Kungsbacka tar initiativ i skolutveckling - Framtidens Karri\u00e4r \u2013 Grundskolel\u00e4rare","isPartOf":{"@id":"https:\/\/lararkarriar.se\/grundskola\/#website"},"primaryImageOfPage":{"@id":"https:\/\/lararkarriar.se\/grundskola\/2016\/04\/07\/kungsbacka-tar-initiativ-i-skolutveckling\/#primaryimage"},"image":{"@id":"https:\/\/lararkarriar.se\/grundskola\/2016\/04\/07\/kungsbacka-tar-initiativ-i-skolutveckling\/#primaryimage"},"thumbnailUrl":"https:\/\/lararkarriar.se\/grundskola\/wp-content\/uploads\/sites\/12\/2016\/04\/kungsbacka-14.jpg","datePublished":"2016-04-06T22:22:51+00:00","author":{"@id":"https:\/\/lararkarriar.se\/grundskola\/#\/schema\/person\/c8a43eb855191e573b73ecf8987a3b99"},"breadcrumb":{"@id":"https:\/\/lararkarriar.se\/grundskola\/2016\/04\/07\/kungsbacka-tar-initiativ-i-skolutveckling\/#breadcrumb"},"inLanguage":"sv-SE","potentialAction":[{"@type":"ReadAction","target":["https:\/\/lararkarriar.se\/grundskola\/2016\/04\/07\/kungsbacka-tar-initiativ-i-skolutveckling\/"]}]},{"@type":"ImageObject","inLanguage":"sv-SE","@id":"https:\/\/lararkarriar.se\/grundskola\/2016\/04\/07\/kungsbacka-tar-initiativ-i-skolutveckling\/#primaryimage","url":"https:\/\/lararkarriar.se\/grundskola\/wp-content\/uploads\/sites\/12\/2016\/04\/kungsbacka-14.jpg","contentUrl":"https:\/\/lararkarriar.se\/grundskola\/wp-content\/uploads\/sites\/12\/2016\/04\/kungsbacka-14.jpg","width":1000,"height":751,"caption":"Lars Clemensson och Anette Liedstr\u00f6m Hjorth fr\u00e5n Kungsbacka kommun. Foto: Jeanette Utell"},{"@type":"BreadcrumbList","@id":"https:\/\/lararkarriar.se\/grundskola\/2016\/04\/07\/kungsbacka-tar-initiativ-i-skolutveckling\/#breadcrumb","itemListElement":[{"@type":"ListItem","position":1,"name":"Home","item":"https:\/\/lararkarriar.se\/grundskola\/"},{"@type":"ListItem","position":2,"name":"Kungsbacka tar initiativ i skolutveckling"}]},{"@type":"WebSite","@id":"https:\/\/lararkarriar.se\/grundskola\/#website","url":"https:\/\/lararkarriar.se\/grundskola\/","name":"Framtidens Karri\u00e4r \u2013 Grundskolel\u00e4rare","description":"Just another NMDashboard.se Sites site","potentialAction":[{"@type":"SearchAction","target":{"@type":"EntryPoint","urlTemplate":"https:\/\/lararkarriar.se\/grundskola\/?s={search_term_string}"},"query-input":{"@type":"PropertyValueSpecification","valueRequired":true,"valueName":"search_term_string"}}],"inLanguage":"sv-SE"},{"@type":"Person","@id":"https:\/\/lararkarriar.se\/grundskola\/#\/schema\/person\/c8a43eb855191e573b73ecf8987a3b99","name":"stellanstal","image":{"@type":"ImageObject","inLanguage":"sv-SE","@id":"https:\/\/secure.gravatar.com\/avatar\/cd330fa6bb17f598124b2068ee0b189e4fe0987a50af9d53b78410836060d0c9?s=96&d=mm&r=g","url":"https:\/\/secure.gravatar.com\/avatar\/cd330fa6bb17f598124b2068ee0b189e4fe0987a50af9d53b78410836060d0c9?s=96&d=mm&r=g","contentUrl":"https:\/\/secure.gravatar.com\/avatar\/cd330fa6bb17f598124b2068ee0b189e4fe0987a50af9d53b78410836060d0c9?s=96&d=mm&r=g","caption":"stellanstal"},"url":"https:\/\/lararkarriar.se\/grundskola\/author\/stellanstal\/"}]}},"_links":{"self":[{"href":"https:\/\/lararkarriar.se\/grundskola\/wp-json\/wp\/v2\/posts\/5470","targetHints":{"allow":["GET"]}}],"collection":[{"href":"https:\/\/lararkarriar.se\/grundskola\/wp-json\/wp\/v2\/posts"}],"about":[{"href":"https:\/\/lararkarriar.se\/grundskola\/wp-json\/wp\/v2\/types\/post"}],"author":[{"embeddable":true,"href":"https:\/\/lararkarriar.se\/grundskola\/wp-json\/wp\/v2\/users\/3"}],"replies":[{"embeddable":true,"href":"https:\/\/lararkarriar.se\/grundskola\/wp-json\/wp\/v2\/comments?post=5470"}],"version-history":[{"count":0,"href":"https:\/\/lararkarriar.se\/grundskola\/wp-json\/wp\/v2\/posts\/5470\/revisions"}],"wp:featuredmedia":[{"embeddable":true,"href":"https:\/\/lararkarriar.se\/grundskola\/wp-json\/wp\/v2\/media\/5471"}],"wp:attachment":[{"href":"https:\/\/lararkarriar.se\/grundskola\/wp-json\/wp\/v2\/media?parent=5470"}],"wp:term":[{"taxonomy":"category","embeddable":true,"href":"https:\/\/lararkarriar.se\/grundskola\/wp-json\/wp\/v2\/categories?post=5470"},{"taxonomy":"post_tag","embeddable":true,"href":"https:\/\/lararkarriar.se\/grundskola\/wp-json\/wp\/v2\/tags?post=5470"}],"curies":[{"name":"wp","href":"https:\/\/api.w.org\/{rel}","templated":true}]}}