{"id":5476,"date":"2016-04-07T00:24:51","date_gmt":"2016-04-06T22:24:51","guid":{"rendered":"http:\/\/lararkarriar.se\/grundskola\/?p=5476"},"modified":"2016-04-07T00:24:51","modified_gmt":"2016-04-06T22:24:51","slug":"i-toppresterande-bastad-vill-lararna-stanna","status":"publish","type":"post","link":"https:\/\/lararkarriar.se\/grundskola\/2016\/04\/07\/i-toppresterande-bastad-vill-lararna-stanna\/","title":{"rendered":"I toppresterande B\u00e5stad vill l\u00e4rarna stanna"},"content":{"rendered":"<p><figure id=\"attachment_5477\" aria-describedby=\"caption-attachment-5477\" style=\"width: 1000px\" class=\"wp-caption alignnone\"><img loading=\"lazy\" decoding=\"async\" src=\"https:\/\/lararkarriar.se\/grundskola\/wp-content\/uploads\/sites\/12\/2016\/04\/bastad-20160321-mb7647.jpg\" alt=\"Maria Lejon, f\u00f6rstel\u00e4rare och NT-utvecklare, John Brog\u00e5rd, rektor och Mikaela S\u00f6nnerstedt Olsberg, utvecklingsledare Barn och skola. Foto: Mikael Bertmar\" width=\"1000\" height=\"621\" class=\"size-full wp-image-5477\" srcset=\"https:\/\/lararkarriar.se\/grundskola\/wp-content\/uploads\/sites\/12\/2016\/04\/bastad-20160321-mb7647.jpg 1000w, https:\/\/lararkarriar.se\/grundskola\/wp-content\/uploads\/sites\/12\/2016\/04\/bastad-20160321-mb7647-300x186.jpg 300w, https:\/\/lararkarriar.se\/grundskola\/wp-content\/uploads\/sites\/12\/2016\/04\/bastad-20160321-mb7647-768x477.jpg 768w, https:\/\/lararkarriar.se\/grundskola\/wp-content\/uploads\/sites\/12\/2016\/04\/bastad-20160321-mb7647-258x160.jpg 258w, https:\/\/lararkarriar.se\/grundskola\/wp-content\/uploads\/sites\/12\/2016\/04\/bastad-20160321-mb7647-526x327.jpg 526w, https:\/\/lararkarriar.se\/grundskola\/wp-content\/uploads\/sites\/12\/2016\/04\/bastad-20160321-mb7647-720x447.jpg 720w, https:\/\/lararkarriar.se\/grundskola\/wp-content\/uploads\/sites\/12\/2016\/04\/bastad-20160321-mb7647-960x596.jpg 960w\" sizes=\"auto, (max-width: 1000px) 100vw, 1000px\" \/><figcaption id=\"caption-attachment-5477\" class=\"wp-caption-text\">Maria Lejon, f\u00f6rstel\u00e4rare och NT-utvecklare, John Brog\u00e5rd, rektor och Mikaela S\u00f6nnerstedt Olsberg, utvecklingsledare Barn och skola. Foto: Mikael Bertmar<\/figcaption><\/figure><strong>B\u00e5stad rankas som en av landets mest framg\u00e5ngsrika skolkommuner med flera topp-fem-placeringar under 2000-talet. L\u00e4rarna pekar p\u00e5 kollegialt l\u00e4rande och god studiemilj\u00f6 som viktiga faktorer bakom de goda skolresultaten som ligger \u00f6ver riksgenomsnittet.<\/strong><\/p>\n<p>\u2013 Det \u00e4r s\u00e5 h\u00e4r en skola ska vara. Den studiemilj\u00f6 som finns h\u00e4r har formats genom \u00e5ren, med en h\u00f6g grad av engagerade och motiverade l\u00e4rare och pedagoger som m\u00f6ter eleverna p\u00e5 ett bra s\u00e4tt. Det skapar trygghet och trivsel f\u00f6r varje elev, s\u00e4ger John Brog\u00e5rd, rektor f\u00f6r Strand\u00e4ngsskolan i B\u00e5stad.<br \/>\n\u2013 H\u00e4r vill man vara kvar som l\u00e4rare. M\u00e5nga l\u00e4rare har arbetat i kommunen l\u00e4nge vilket g\u00f6r att vi har en trygghet i varandra, po\u00e4ngterar Maria Lejon, f\u00f6rstel\u00e4rare och NT-utvecklare.<\/p>\n<p><strong>Tar fasta p\u00e5 forskningen<\/strong><br \/>\nEn sak som B\u00e5stad har arbetat framg\u00e5ngsrikt med de senaste tv\u00e5 l\u00e4s\u00e5ren \u00e4r kollegialt l\u00e4rande \u00f6ver skolgr\u00e4nserna, framh\u00e5ller Mikaela S\u00f6nnerstedt Olsberg, utvecklingsledare Barn och skola.<br \/>\n\u2013 Vi har tittat p\u00e5 framg\u00e5ngsfaktorer enligt forskningen och arbetat m\u00e5lmedvetet med att utveckla de r\u00e4tta kompetenserna kring det. N\u00e4r l\u00e4rare tillsammans med kollegor analyserar och utv\u00e4rderar sin undervisning leder det till ett b\u00e4ttre resultat hos eleverna. Jag tror det har varit v\u00e4ldigt framg\u00e5ngsrikt att vi har haft \u00e4mneskollegor \u00e4ven p\u00e5 de mindre skolorna.<br \/>\nEtt annat omr\u00e5de som bidragit till att st\u00e4rka undervisningen de senaste \u00e5ren \u00e4r IKT, ber\u00e4ttat Mikaela vidare.<br \/>\n\u2013 Vi har gjort en IKT-satsning som genomsyrat verksamheten och som kommer att ta \u00e4nnu mer fart den n\u00e4rmaste tiden. D\u00e4r tittar vi p\u00e5 informations- och kommunikationstekniken som ett redskap som st\u00e4rker l\u00e4randet, inte som ett m\u00e5l i sig.<\/p>\n<p><strong>L\u00e4tt att prata med cheferna<\/strong><br \/>\nMikaela vill ocks\u00e5 s\u00e4tta kommunens skolledare p\u00e5 pluslistan.<br \/>\n\u2013 Vi har duktiga skolledare i kommunen. Vissa har varit p\u00e5 plats l\u00e4nge och andra har kommit in ganska nyligen, men de \u00e4r tydliga med vad de vill med skolan och \u00e4r n\u00e4rvarande som chefer och som ledare f\u00f6r verksamheten.<br \/>\n\u2013 Jag som \u00e4r pedagog tycker att det \u00e4r l\u00e4tt att prata med v\u00e5ra chefer, s\u00e4ger Maria Lejon och till\u00e4gger:<br \/>\n\u2013 P\u00e5 samma s\u00e4tt som det finns en \u00f6ppenhet mellan oss l\u00e4rarkollegor s\u00e5 \u00e4r det v\u00e4ldigt \u00f6ppet och h\u00f6gt i tak n\u00e4r det g\u00e4ller v\u00e5ra chefer. Och det \u00e4r viktigt f\u00f6r mig som pedagog att k\u00e4nna att jag har m\u00f6jlighet att tala om vad som \u00e4r mitt m\u00e5l och hur jag vill utvecklas i mitt arbete.<br \/>\n\u2013 Jag kan koppla p\u00e5 det som Maria s\u00e4ger. Det fr\u00e4msta verktyget f\u00f6r elevens l\u00e4rande \u00e4r att ha skickliga pedagoger. Mitt jobb som rektor \u00e4r att se till s\u00e5 att varje l\u00e4rare och pedagog har de b\u00e4sta f\u00f6ruts\u00e4ttningarna s\u00e5 att jag kan utmana l\u00e4rarna att ocks\u00e5 utmana eleverna att l\u00e4ra sig \u00e4nnu mer. Det d\u00e4r h\u00e4nger ju ihop, och jag upplever att h\u00e4r finns v\u00e4ldigt goda f\u00f6ruts\u00e4ttningar att ha den dialogen, inflikar John Brog\u00e5rd.<\/p>\n<p><strong>Rekryteringskampanj<\/strong><br \/>\nB\u00e5stads kommun bedriver just nu en annonskampanj riktad mot rekrytering av nya l\u00e4rare.<br \/>\n\u2013 Vi har en positiv inflyttning av barnfamiljer i kommunen och flera skolor har ett \u00f6kat elevantal, s\u00e5 det handlar om en ut\u00f6kning av antalet l\u00e4rare i flera fall. Vi har \u00e4ven f\u00e5tt en del nyanl\u00e4nda elever till skolorna vilket ocks\u00e5 g\u00f6r att vi beh\u00f6ver rekrytera. Vi g\u00f6r samtidigt en satsning p\u00e5 \u00f6kad l\u00e4rart\u00e4thet utifr\u00e5n elevers behov i olika klasser, ber\u00e4ttar John Brog\u00e5rd.<\/p>\n<p><strong>Tas emot med \u00f6ppna famnen<\/strong><br \/>\nB\u00e5stad \u00e4r en v\u00e4ldigt bra f\u00f6rstakommun att arbeta i om man \u00e4r nyutexaminerad l\u00e4rare, understryker Maria Lejon. Som ny l\u00e4rare tas du emot med \u00f6ppna famnen.<br \/>\n\u2013 Vi har rutiner p\u00e5 de olika enheterna f\u00f6r hur mottagandet fungerar, men huvudsaken \u00e4r att vi tar emot de nya s\u00e5 att k\u00e4nner att de \u00e4r en del av g\u00e4nget. Som ny f\u00e5r du en mentor under det f\u00f6rsta \u00e5ret som st\u00f6ttar och hj\u00e4lper dig s\u00e5 att du kan hitta r\u00e4tt i lokaler och material och rutiner.<br \/>\n\u2013 H\u00e4r finns ingen prestige mellan l\u00e4rarna utan det ses som ett plus att fr\u00e5ga och dela med sig, liksom att v\u00e5ga visa vad du har f\u00f6r erfarenheter med dig fr\u00e5n tidigare tj\u00e4nst och om det \u00e4r n\u00e5gonting som du skulle vilja utveckla. Det \u00e4r v\u00e4ldigt l\u00e4nge sedan som n\u00e5gon st\u00e4ngde d\u00f6rren om sig i den h\u00e4r kommunen och sa att det h\u00e4r \u00e4r mitt s\u00e4tt eller jag vill inte se vad du g\u00f6r, f\u00f6rklarar Maria och till\u00e4gger:<br \/>\n\u2013 Vi \u00e4r en utvecklingsben\u00e4gen arbetsgrupp och h\u00e4r finns en \u00f6ppenhet och en positiv atmosf\u00e4r. Alla nya f\u00e5r ett bra bem\u00f6tande. Du kan komma in b\u00e5de som erfaren och nyutexaminerad och snabbt v\u00e4xa in i rollen.<\/p>\n<div class=\"faktaruta-title\">B\u00e5stads kommun<\/div><div class=\"faktaruta\">B\u00e5stad \u00e4r mycket framg\u00e5ngsrik som skolkommun och ligger p\u00e5 6:e plats bland Sveriges skolkommuner, enligt L\u00e4rarf\u00f6rbundets ranking. H\u00e4r finns ett starkt fokus p\u00e5 l\u00e4randet via delaktighet och systematik. I B\u00e5stads kommun finns idag sex kommunala grundskolor. Skolorna \u00e4r v\u00e4l f\u00f6rdelade p\u00e5 vackra Bj\u00e4rehalv\u00f6n, flera av dem bara ett stenkast fr\u00e5n havet. Merparten \u00e4r byskolor med ett elevantal fr\u00e5n cirka 90 till 200 elever. Centralt i t\u00e4torterna B\u00e5stad och F\u00f6rsl\u00f6v finns st\u00f6rre skolor. Kommunens st\u00f6rsta skola \u00e4r F\u00f6rsl\u00f6vs skola med cirka 420 elever, vilket \u00e4r kommunens enda F\u20139-skola.<\/p>\n<p>Barn och skola<br \/>\nBox 1043<br \/>\n269 21 B\u00e5stad<br \/>\nBes\u00f6ksadress: V\u00e5ngav\u00e4gen 2<br \/>\nTel. vxl: 0431-770 00<br \/>\nE-post: <em><a href=\"mailto:barnochskola@bastad.se\">barnochskola@bastad.se<\/a><\/em><br \/>\n<strong><a href=\"http:\/\/www.bastad.se\" target=\"_blank\" rel=\"noopener noreferrer\">www.bastad.se<\/a><\/strong><br \/>\n<a href=\"http:\/\/www.bastad.se\" rel=\"attachment wp-att-5478\"><img loading=\"lazy\" decoding=\"async\" class=\"alignnone wp-image-5478 size-medium\" src=\"http:\/\/lararkarriar.se\/grundskola\/wp-content\/uploads\/2016\/04\/bastads_kommun-e1459946347259-250x79.png\" alt=\"www.bastad.se\" width=\"250\" height=\"79\" \/><\/a><\/div>\n","protected":false},"excerpt":{"rendered":"<p>B\u00e5stad rankas som en av landets mest framg\u00e5ngsrika skolkommuner med flera topp-fem-placeringar under 2000-talet. L\u00e4rarna&#8230;<\/p>\n","protected":false},"author":3,"featured_media":5477,"comment_status":"closed","ping_status":"open","sticky":false,"template":"","format":"standard","meta":{"_acf_changed":false,"_monsterinsights_skip_tracking":false,"_monsterinsights_sitenote_active":false,"_monsterinsights_sitenote_note":"","_monsterinsights_sitenote_category":0,"footnotes":""},"categories":[7],"tags":[],"class_list":["post-5476","post","type-post","status-publish","format-standard","has-post-thumbnail","hentry","category-presentation"],"acf":[],"yoast_head":"<!-- This site is optimized with the Yoast SEO plugin v27.3 - https:\/\/yoast.com\/product\/yoast-seo-wordpress\/ -->\n<title>I toppresterande B\u00e5stad vill l\u00e4rarna stanna - Framtidens Karri\u00e4r \u2013 Grundskolel\u00e4rare<\/title>\n<meta name=\"robots\" content=\"index, follow, max-snippet:-1, max-image-preview:large, max-video-preview:-1\" \/>\n<link rel=\"canonical\" href=\"https:\/\/lararkarriar.se\/grundskola\/2016\/04\/07\/i-toppresterande-bastad-vill-lararna-stanna\/\" \/>\n<meta property=\"og:locale\" content=\"sv_SE\" \/>\n<meta property=\"og:type\" content=\"article\" \/>\n<meta property=\"og:title\" content=\"I toppresterande B\u00e5stad vill l\u00e4rarna stanna - Framtidens Karri\u00e4r \u2013 Grundskolel\u00e4rare\" \/>\n<meta property=\"og:description\" content=\"B\u00e5stad rankas som en av landets mest framg\u00e5ngsrika skolkommuner med flera topp-fem-placeringar under 2000-talet. L\u00e4rarna...\" \/>\n<meta property=\"og:url\" content=\"https:\/\/lararkarriar.se\/grundskola\/2016\/04\/07\/i-toppresterande-bastad-vill-lararna-stanna\/\" \/>\n<meta property=\"og:site_name\" content=\"Framtidens Karri\u00e4r \u2013 Grundskolel\u00e4rare\" \/>\n<meta property=\"article:published_time\" content=\"2016-04-06T22:24:51+00:00\" \/>\n<meta property=\"og:image\" content=\"https:\/\/lararkarriar.se\/grundskola\/wp-content\/uploads\/sites\/12\/2016\/04\/bastad-20160321-mb7647.jpg\" \/>\n\t<meta property=\"og:image:width\" content=\"1000\" \/>\n\t<meta property=\"og:image:height\" content=\"621\" \/>\n\t<meta property=\"og:image:type\" content=\"image\/jpeg\" \/>\n<meta name=\"author\" content=\"stellanstal\" \/>\n<meta name=\"twitter:card\" content=\"summary_large_image\" \/>\n<meta name=\"twitter:label1\" content=\"Skriven av\" \/>\n\t<meta name=\"twitter:data1\" content=\"stellanstal\" \/>\n\t<meta name=\"twitter:label2\" content=\"Ber\u00e4knad l\u00e4stid\" \/>\n\t<meta name=\"twitter:data2\" content=\"5 minuter\" \/>\n<script type=\"application\/ld+json\" class=\"yoast-schema-graph\">{\"@context\":\"https:\\\/\\\/schema.org\",\"@graph\":[{\"@type\":\"Article\",\"@id\":\"https:\\\/\\\/lararkarriar.se\\\/grundskola\\\/2016\\\/04\\\/07\\\/i-toppresterande-bastad-vill-lararna-stanna\\\/#article\",\"isPartOf\":{\"@id\":\"https:\\\/\\\/lararkarriar.se\\\/grundskola\\\/2016\\\/04\\\/07\\\/i-toppresterande-bastad-vill-lararna-stanna\\\/\"},\"author\":{\"name\":\"stellanstal\",\"@id\":\"https:\\\/\\\/lararkarriar.se\\\/grundskola\\\/#\\\/schema\\\/person\\\/c8a43eb855191e573b73ecf8987a3b99\"},\"headline\":\"I toppresterande B\u00e5stad vill l\u00e4rarna stanna\",\"datePublished\":\"2016-04-06T22:24:51+00:00\",\"mainEntityOfPage\":{\"@id\":\"https:\\\/\\\/lararkarriar.se\\\/grundskola\\\/2016\\\/04\\\/07\\\/i-toppresterande-bastad-vill-lararna-stanna\\\/\"},\"wordCount\":1036,\"image\":{\"@id\":\"https:\\\/\\\/lararkarriar.se\\\/grundskola\\\/2016\\\/04\\\/07\\\/i-toppresterande-bastad-vill-lararna-stanna\\\/#primaryimage\"},\"thumbnailUrl\":\"https:\\\/\\\/lararkarriar.se\\\/grundskola\\\/wp-content\\\/uploads\\\/sites\\\/12\\\/2016\\\/04\\\/bastad-20160321-mb7647.jpg\",\"articleSection\":[\"Presentation\"],\"inLanguage\":\"sv-SE\"},{\"@type\":\"WebPage\",\"@id\":\"https:\\\/\\\/lararkarriar.se\\\/grundskola\\\/2016\\\/04\\\/07\\\/i-toppresterande-bastad-vill-lararna-stanna\\\/\",\"url\":\"https:\\\/\\\/lararkarriar.se\\\/grundskola\\\/2016\\\/04\\\/07\\\/i-toppresterande-bastad-vill-lararna-stanna\\\/\",\"name\":\"I toppresterande B\u00e5stad vill l\u00e4rarna stanna - Framtidens Karri\u00e4r \u2013 Grundskolel\u00e4rare\",\"isPartOf\":{\"@id\":\"https:\\\/\\\/lararkarriar.se\\\/grundskola\\\/#website\"},\"primaryImageOfPage\":{\"@id\":\"https:\\\/\\\/lararkarriar.se\\\/grundskola\\\/2016\\\/04\\\/07\\\/i-toppresterande-bastad-vill-lararna-stanna\\\/#primaryimage\"},\"image\":{\"@id\":\"https:\\\/\\\/lararkarriar.se\\\/grundskola\\\/2016\\\/04\\\/07\\\/i-toppresterande-bastad-vill-lararna-stanna\\\/#primaryimage\"},\"thumbnailUrl\":\"https:\\\/\\\/lararkarriar.se\\\/grundskola\\\/wp-content\\\/uploads\\\/sites\\\/12\\\/2016\\\/04\\\/bastad-20160321-mb7647.jpg\",\"datePublished\":\"2016-04-06T22:24:51+00:00\",\"author\":{\"@id\":\"https:\\\/\\\/lararkarriar.se\\\/grundskola\\\/#\\\/schema\\\/person\\\/c8a43eb855191e573b73ecf8987a3b99\"},\"breadcrumb\":{\"@id\":\"https:\\\/\\\/lararkarriar.se\\\/grundskola\\\/2016\\\/04\\\/07\\\/i-toppresterande-bastad-vill-lararna-stanna\\\/#breadcrumb\"},\"inLanguage\":\"sv-SE\",\"potentialAction\":[{\"@type\":\"ReadAction\",\"target\":[\"https:\\\/\\\/lararkarriar.se\\\/grundskola\\\/2016\\\/04\\\/07\\\/i-toppresterande-bastad-vill-lararna-stanna\\\/\"]}]},{\"@type\":\"ImageObject\",\"inLanguage\":\"sv-SE\",\"@id\":\"https:\\\/\\\/lararkarriar.se\\\/grundskola\\\/2016\\\/04\\\/07\\\/i-toppresterande-bastad-vill-lararna-stanna\\\/#primaryimage\",\"url\":\"https:\\\/\\\/lararkarriar.se\\\/grundskola\\\/wp-content\\\/uploads\\\/sites\\\/12\\\/2016\\\/04\\\/bastad-20160321-mb7647.jpg\",\"contentUrl\":\"https:\\\/\\\/lararkarriar.se\\\/grundskola\\\/wp-content\\\/uploads\\\/sites\\\/12\\\/2016\\\/04\\\/bastad-20160321-mb7647.jpg\",\"width\":1000,\"height\":621,\"caption\":\"Maria Lejon, f\u00f6rstel\u00e4rare och NT-utvecklare, John Brog\u00e5rd, rektor och Mikaela S\u00f6nnerstedt Olsberg, utvecklingsledare Barn och skola. Foto: Mikael Bertmar\"},{\"@type\":\"BreadcrumbList\",\"@id\":\"https:\\\/\\\/lararkarriar.se\\\/grundskola\\\/2016\\\/04\\\/07\\\/i-toppresterande-bastad-vill-lararna-stanna\\\/#breadcrumb\",\"itemListElement\":[{\"@type\":\"ListItem\",\"position\":1,\"name\":\"Home\",\"item\":\"https:\\\/\\\/lararkarriar.se\\\/grundskola\\\/\"},{\"@type\":\"ListItem\",\"position\":2,\"name\":\"I toppresterande B\u00e5stad vill l\u00e4rarna stanna\"}]},{\"@type\":\"WebSite\",\"@id\":\"https:\\\/\\\/lararkarriar.se\\\/grundskola\\\/#website\",\"url\":\"https:\\\/\\\/lararkarriar.se\\\/grundskola\\\/\",\"name\":\"Framtidens Karri\u00e4r \u2013 Grundskolel\u00e4rare\",\"description\":\"Just another NMDashboard.se Sites site\",\"potentialAction\":[{\"@type\":\"SearchAction\",\"target\":{\"@type\":\"EntryPoint\",\"urlTemplate\":\"https:\\\/\\\/lararkarriar.se\\\/grundskola\\\/?s={search_term_string}\"},\"query-input\":{\"@type\":\"PropertyValueSpecification\",\"valueRequired\":true,\"valueName\":\"search_term_string\"}}],\"inLanguage\":\"sv-SE\"},{\"@type\":\"Person\",\"@id\":\"https:\\\/\\\/lararkarriar.se\\\/grundskola\\\/#\\\/schema\\\/person\\\/c8a43eb855191e573b73ecf8987a3b99\",\"name\":\"stellanstal\",\"image\":{\"@type\":\"ImageObject\",\"inLanguage\":\"sv-SE\",\"@id\":\"https:\\\/\\\/secure.gravatar.com\\\/avatar\\\/cd330fa6bb17f598124b2068ee0b189e4fe0987a50af9d53b78410836060d0c9?s=96&d=mm&r=g\",\"url\":\"https:\\\/\\\/secure.gravatar.com\\\/avatar\\\/cd330fa6bb17f598124b2068ee0b189e4fe0987a50af9d53b78410836060d0c9?s=96&d=mm&r=g\",\"contentUrl\":\"https:\\\/\\\/secure.gravatar.com\\\/avatar\\\/cd330fa6bb17f598124b2068ee0b189e4fe0987a50af9d53b78410836060d0c9?s=96&d=mm&r=g\",\"caption\":\"stellanstal\"},\"url\":\"https:\\\/\\\/lararkarriar.se\\\/grundskola\\\/author\\\/stellanstal\\\/\"}]}<\/script>\n<!-- \/ Yoast SEO plugin. -->","yoast_head_json":{"title":"I toppresterande B\u00e5stad vill l\u00e4rarna stanna - Framtidens Karri\u00e4r \u2013 Grundskolel\u00e4rare","robots":{"index":"index","follow":"follow","max-snippet":"max-snippet:-1","max-image-preview":"max-image-preview:large","max-video-preview":"max-video-preview:-1"},"canonical":"https:\/\/lararkarriar.se\/grundskola\/2016\/04\/07\/i-toppresterande-bastad-vill-lararna-stanna\/","og_locale":"sv_SE","og_type":"article","og_title":"I toppresterande B\u00e5stad vill l\u00e4rarna stanna - Framtidens Karri\u00e4r \u2013 Grundskolel\u00e4rare","og_description":"B\u00e5stad rankas som en av landets mest framg\u00e5ngsrika skolkommuner med flera topp-fem-placeringar under 2000-talet. L\u00e4rarna...","og_url":"https:\/\/lararkarriar.se\/grundskola\/2016\/04\/07\/i-toppresterande-bastad-vill-lararna-stanna\/","og_site_name":"Framtidens Karri\u00e4r \u2013 Grundskolel\u00e4rare","article_published_time":"2016-04-06T22:24:51+00:00","og_image":[{"width":1000,"height":621,"url":"https:\/\/lararkarriar.se\/grundskola\/wp-content\/uploads\/sites\/12\/2016\/04\/bastad-20160321-mb7647.jpg","type":"image\/jpeg"}],"author":"stellanstal","twitter_card":"summary_large_image","twitter_misc":{"Skriven av":"stellanstal","Ber\u00e4knad l\u00e4stid":"5 minuter"},"schema":{"@context":"https:\/\/schema.org","@graph":[{"@type":"Article","@id":"https:\/\/lararkarriar.se\/grundskola\/2016\/04\/07\/i-toppresterande-bastad-vill-lararna-stanna\/#article","isPartOf":{"@id":"https:\/\/lararkarriar.se\/grundskola\/2016\/04\/07\/i-toppresterande-bastad-vill-lararna-stanna\/"},"author":{"name":"stellanstal","@id":"https:\/\/lararkarriar.se\/grundskola\/#\/schema\/person\/c8a43eb855191e573b73ecf8987a3b99"},"headline":"I toppresterande B\u00e5stad vill l\u00e4rarna stanna","datePublished":"2016-04-06T22:24:51+00:00","mainEntityOfPage":{"@id":"https:\/\/lararkarriar.se\/grundskola\/2016\/04\/07\/i-toppresterande-bastad-vill-lararna-stanna\/"},"wordCount":1036,"image":{"@id":"https:\/\/lararkarriar.se\/grundskola\/2016\/04\/07\/i-toppresterande-bastad-vill-lararna-stanna\/#primaryimage"},"thumbnailUrl":"https:\/\/lararkarriar.se\/grundskola\/wp-content\/uploads\/sites\/12\/2016\/04\/bastad-20160321-mb7647.jpg","articleSection":["Presentation"],"inLanguage":"sv-SE"},{"@type":"WebPage","@id":"https:\/\/lararkarriar.se\/grundskola\/2016\/04\/07\/i-toppresterande-bastad-vill-lararna-stanna\/","url":"https:\/\/lararkarriar.se\/grundskola\/2016\/04\/07\/i-toppresterande-bastad-vill-lararna-stanna\/","name":"I toppresterande B\u00e5stad vill l\u00e4rarna stanna - Framtidens Karri\u00e4r \u2013 Grundskolel\u00e4rare","isPartOf":{"@id":"https:\/\/lararkarriar.se\/grundskola\/#website"},"primaryImageOfPage":{"@id":"https:\/\/lararkarriar.se\/grundskola\/2016\/04\/07\/i-toppresterande-bastad-vill-lararna-stanna\/#primaryimage"},"image":{"@id":"https:\/\/lararkarriar.se\/grundskola\/2016\/04\/07\/i-toppresterande-bastad-vill-lararna-stanna\/#primaryimage"},"thumbnailUrl":"https:\/\/lararkarriar.se\/grundskola\/wp-content\/uploads\/sites\/12\/2016\/04\/bastad-20160321-mb7647.jpg","datePublished":"2016-04-06T22:24:51+00:00","author":{"@id":"https:\/\/lararkarriar.se\/grundskola\/#\/schema\/person\/c8a43eb855191e573b73ecf8987a3b99"},"breadcrumb":{"@id":"https:\/\/lararkarriar.se\/grundskola\/2016\/04\/07\/i-toppresterande-bastad-vill-lararna-stanna\/#breadcrumb"},"inLanguage":"sv-SE","potentialAction":[{"@type":"ReadAction","target":["https:\/\/lararkarriar.se\/grundskola\/2016\/04\/07\/i-toppresterande-bastad-vill-lararna-stanna\/"]}]},{"@type":"ImageObject","inLanguage":"sv-SE","@id":"https:\/\/lararkarriar.se\/grundskola\/2016\/04\/07\/i-toppresterande-bastad-vill-lararna-stanna\/#primaryimage","url":"https:\/\/lararkarriar.se\/grundskola\/wp-content\/uploads\/sites\/12\/2016\/04\/bastad-20160321-mb7647.jpg","contentUrl":"https:\/\/lararkarriar.se\/grundskola\/wp-content\/uploads\/sites\/12\/2016\/04\/bastad-20160321-mb7647.jpg","width":1000,"height":621,"caption":"Maria Lejon, f\u00f6rstel\u00e4rare och NT-utvecklare, John Brog\u00e5rd, rektor och Mikaela S\u00f6nnerstedt Olsberg, utvecklingsledare Barn och skola. Foto: Mikael Bertmar"},{"@type":"BreadcrumbList","@id":"https:\/\/lararkarriar.se\/grundskola\/2016\/04\/07\/i-toppresterande-bastad-vill-lararna-stanna\/#breadcrumb","itemListElement":[{"@type":"ListItem","position":1,"name":"Home","item":"https:\/\/lararkarriar.se\/grundskola\/"},{"@type":"ListItem","position":2,"name":"I toppresterande B\u00e5stad vill l\u00e4rarna stanna"}]},{"@type":"WebSite","@id":"https:\/\/lararkarriar.se\/grundskola\/#website","url":"https:\/\/lararkarriar.se\/grundskola\/","name":"Framtidens Karri\u00e4r \u2013 Grundskolel\u00e4rare","description":"Just another NMDashboard.se Sites site","potentialAction":[{"@type":"SearchAction","target":{"@type":"EntryPoint","urlTemplate":"https:\/\/lararkarriar.se\/grundskola\/?s={search_term_string}"},"query-input":{"@type":"PropertyValueSpecification","valueRequired":true,"valueName":"search_term_string"}}],"inLanguage":"sv-SE"},{"@type":"Person","@id":"https:\/\/lararkarriar.se\/grundskola\/#\/schema\/person\/c8a43eb855191e573b73ecf8987a3b99","name":"stellanstal","image":{"@type":"ImageObject","inLanguage":"sv-SE","@id":"https:\/\/secure.gravatar.com\/avatar\/cd330fa6bb17f598124b2068ee0b189e4fe0987a50af9d53b78410836060d0c9?s=96&d=mm&r=g","url":"https:\/\/secure.gravatar.com\/avatar\/cd330fa6bb17f598124b2068ee0b189e4fe0987a50af9d53b78410836060d0c9?s=96&d=mm&r=g","contentUrl":"https:\/\/secure.gravatar.com\/avatar\/cd330fa6bb17f598124b2068ee0b189e4fe0987a50af9d53b78410836060d0c9?s=96&d=mm&r=g","caption":"stellanstal"},"url":"https:\/\/lararkarriar.se\/grundskola\/author\/stellanstal\/"}]}},"_links":{"self":[{"href":"https:\/\/lararkarriar.se\/grundskola\/wp-json\/wp\/v2\/posts\/5476","targetHints":{"allow":["GET"]}}],"collection":[{"href":"https:\/\/lararkarriar.se\/grundskola\/wp-json\/wp\/v2\/posts"}],"about":[{"href":"https:\/\/lararkarriar.se\/grundskola\/wp-json\/wp\/v2\/types\/post"}],"author":[{"embeddable":true,"href":"https:\/\/lararkarriar.se\/grundskola\/wp-json\/wp\/v2\/users\/3"}],"replies":[{"embeddable":true,"href":"https:\/\/lararkarriar.se\/grundskola\/wp-json\/wp\/v2\/comments?post=5476"}],"version-history":[{"count":0,"href":"https:\/\/lararkarriar.se\/grundskola\/wp-json\/wp\/v2\/posts\/5476\/revisions"}],"wp:featuredmedia":[{"embeddable":true,"href":"https:\/\/lararkarriar.se\/grundskola\/wp-json\/wp\/v2\/media\/5477"}],"wp:attachment":[{"href":"https:\/\/lararkarriar.se\/grundskola\/wp-json\/wp\/v2\/media?parent=5476"}],"wp:term":[{"taxonomy":"category","embeddable":true,"href":"https:\/\/lararkarriar.se\/grundskola\/wp-json\/wp\/v2\/categories?post=5476"},{"taxonomy":"post_tag","embeddable":true,"href":"https:\/\/lararkarriar.se\/grundskola\/wp-json\/wp\/v2\/tags?post=5476"}],"curies":[{"name":"wp","href":"https:\/\/api.w.org\/{rel}","templated":true}]}}