{"id":5483,"date":"2016-04-07T00:26:02","date_gmt":"2016-04-06T22:26:02","guid":{"rendered":"http:\/\/lararkarriar.se\/grundskola\/?p=5483"},"modified":"2016-04-07T00:26:02","modified_gmt":"2016-04-06T22:26:02","slug":"vi-tror-pa-att-larare-lar-bast-av-varandra","status":"publish","type":"post","link":"https:\/\/lararkarriar.se\/grundskola\/2016\/04\/07\/vi-tror-pa-att-larare-lar-bast-av-varandra\/","title":{"rendered":"\u201dVi tror p\u00e5 att l\u00e4rare l\u00e4r b\u00e4st av varandra\u201d"},"content":{"rendered":"<p><figure id=\"attachment_5485\" aria-describedby=\"caption-attachment-5485\" style=\"width: 1000px\" class=\"wp-caption alignnone\"><img loading=\"lazy\" decoding=\"async\" src=\"https:\/\/lararkarriar.se\/grundskola\/wp-content\/uploads\/sites\/12\/2016\/04\/eskilstuna-mg-5757.jpg\" alt=\"Madelene Thunell, f\u00f6rstel\u00e4rare p\u00e5 H\u00e4llby skola, Lisa Edholm, skolutvecklare p\u00e5 Barn- och utbildningsf\u00f6rvaltningen och Lena Hoelgaard, lektor i matematikdidaktik i Eskilstuna. Foto: G\u00f6ran Strandsten\" width=\"1000\" height=\"649\" class=\"size-full wp-image-5485\" srcset=\"https:\/\/lararkarriar.se\/grundskola\/wp-content\/uploads\/sites\/12\/2016\/04\/eskilstuna-mg-5757.jpg 1000w, https:\/\/lararkarriar.se\/grundskola\/wp-content\/uploads\/sites\/12\/2016\/04\/eskilstuna-mg-5757-300x195.jpg 300w, https:\/\/lararkarriar.se\/grundskola\/wp-content\/uploads\/sites\/12\/2016\/04\/eskilstuna-mg-5757-768x498.jpg 768w, https:\/\/lararkarriar.se\/grundskola\/wp-content\/uploads\/sites\/12\/2016\/04\/eskilstuna-mg-5757-247x160.jpg 247w, https:\/\/lararkarriar.se\/grundskola\/wp-content\/uploads\/sites\/12\/2016\/04\/eskilstuna-mg-5757-526x341.jpg 526w, https:\/\/lararkarriar.se\/grundskola\/wp-content\/uploads\/sites\/12\/2016\/04\/eskilstuna-mg-5757-720x467.jpg 720w, https:\/\/lararkarriar.se\/grundskola\/wp-content\/uploads\/sites\/12\/2016\/04\/eskilstuna-mg-5757-960x623.jpg 960w\" sizes=\"auto, (max-width: 1000px) 100vw, 1000px\" \/><figcaption id=\"caption-attachment-5485\" class=\"wp-caption-text\">Madelene Thunell, f\u00f6rstel\u00e4rare p\u00e5 H\u00e4llby skola, Lisa Edholm, skolutvecklare p\u00e5 Barn- och utbildningsf\u00f6rvaltningen och Lena Hoelgaard, lektor i matematikdidaktik i Eskilstuna. Foto: G\u00f6ran Strandsten<\/figcaption><\/figure><strong>\u2013 L\u00e4rarprofessionen \u00e4r inget enmansg\u00f6ra utan ett yrke d\u00e4r man arbetar tillsammans f\u00f6r att n\u00e5 resultat hos alla elever. Den h\u00e5llningen \u00e4r utm\u00e4rkande f\u00f6r samtliga skolor inom kommunen, s\u00e4ger Lisa Edholm, skolutvecklare p\u00e5 Barn- och utbildningsf\u00f6rvaltningen i Eskilstuna.<\/strong><\/p>\n<p>Eskilstuna \u00e4r en kommun som arbetar aktivt med skolutveckling och uppmuntrar skolor, skolledare och pedagoger att identifiera sina egna utvecklingsbehov. Siktet \u00e4r inst\u00e4llt p\u00e5 att bygga enheter d\u00e4r deltagarna i s\u00e5 stor utstr\u00e4ckning som m\u00f6jligt deltar i arbetet med att utforma verksamhet och utvecklingslinje.<br \/>\n\u2013 De st\u00f6dprocesser som finns \u00e4r till f\u00f6r att skapa ramar f\u00f6r en likv\u00e4rdighet och ska ses som en hj\u00e4lp f\u00f6r det fortsatta arbetet och m\u00f6jligg\u00f6ra ett kontinuerligt utvecklingsarbete, s\u00e4ger Lisa Edholm.<br \/>\nV-klass \u00e4r ett aktuellt exempel p\u00e5 en st\u00f6dprocess som ska st\u00f6tta arbetet i skolorna. Implementeringen av skolportalen p\u00e5g\u00e5r f\u00f6r fullt.<br \/>\n\u2013 V\u00e5rt arbete med att upphandla en skolportal har p\u00e5g\u00e5tt under en l\u00e4ngre tid, vi har medvetet valt att avvakta och v\u00e4nta tills vi fann ett verktyg som omfamnar hela v\u00e5r tanke om utvecklings- och kunskapsuppdraget. Nu \u00e4r vi snart i m\u00e5l, eleverna sl\u00e4pptes p\u00e5 lagom till p\u00e5sklovet och f\u00f6r\u00e4ldrarna kommer att f\u00e5 tillg\u00e5ng till portalen lagom till skolstarten i h\u00f6st, s\u00e4ger Lisa Edholm.<\/p>\n<p>Arbetar tillsammans<br \/>\nJohn Hatties tankar om skolutveckling har haft stort genomslag i alla svenska skolor, s\u00e5 \u00e4ven i Eskilstuna.<br \/>\n\u2013 Hans tankar om bland annat kollektiv effektivitet g\u00e5r hand i hand med v\u00e5ra tankar om hur utvecklingen ska bedrivas. Vi tror p\u00e5 att l\u00e4rare l\u00e4r b\u00e4st av varandra, s\u00e4ger Lisa Edholm.<br \/>\nEtt sl\u00e5ende exempel p\u00e5 att saker och ting g\u00f6rs tillsammans p\u00e5 skolorna i Eskilstuna \u00e4r inriktningen p\u00e5 f\u00f6rstel\u00e4rartj\u00e4nsterna.<br \/>\n\u2013 Varje skola fick identifiera sina behov och skapade sedan egna f\u00f6rstel\u00e4rartj\u00e4nster utifr\u00e5n det specifika l\u00e4ge skolan befann sig i. N\u00e5got som lett fram till att vi har en v\u00e4ldig bredd p\u00e5 v\u00e5ra f\u00f6rstel\u00e4rare inom kommunen, s\u00e4ger Lisa Edholm.<\/p>\n<p><strong>Lektor att hyra<\/strong><br \/>\nEskilstuna h\u00e5ller sig \u00e4ven med n\u00e5got s\u00e5 ovanligt som en kommunanst\u00e4lld lektor. Lena Hoelgaard, lektor i matematikdidaktik, \u00e4r anst\u00e4lld p\u00e5 kommunf\u00f6rvaltningen. Skolor som beh\u00f6ver st\u00f6ttning har sedan m\u00f6jlighet att hyra in henne f\u00f6r l\u00e4ngre eller kortare perioder. Lena Hoelgaards konkreta uppdrag som lektor \u00e4r att utveckla undervisningen i Eskilstunas skolor.<br \/>\n\u2013 Rektorerna meddelar att de beh\u00f6ver hj\u00e4lp, sedan meddelar f\u00f6rvaltningen vilken skola jag ska vara p\u00e5. Efter det g\u00f6r jag i samarbete med rektor p\u00e5 respektive skola upp en plan f\u00f6r hur arbetet i det som skolan beh\u00f6ver hj\u00e4lp med att utveckla ska bedrivas.<br \/>\nSom lektor arbetar Lena Hoelgaard oftast gentemot l\u00e4rarna som beh\u00f6ver hj\u00e4lp i sin undervisning.<br \/>\n\u2013 Det kan se lite olika ut beroende vilket st\u00f6d l\u00e4rarna sj\u00e4lva k\u00e4nner att de vill ha. Ibland handlar det om individuell handledning, andra g\u00e5nger kan det handla om att bist\u00e5 rektorerna i att f\u00f6ra pedagogiska diskussioner och om hur man kan l\u00e4gga upp sin planering utifr\u00e5n undervisning, till exempel. <\/p>\n<p><strong>Utvecklingscoacher<\/strong><br \/>\nF\u00f6rutom karri\u00e4rtj\u00e4nster som f\u00f6rstel\u00e4rare och lektor \u00e4r Eskilstuna kommun i f\u00e4rd med att anst\u00e4lla utvecklings\u00adcoacher.<br \/>\n\u2013 Det \u00e4r s\u00e4rskilt inr\u00e4ttade utvecklingstj\u00e4nster p\u00e5 tv\u00e5 till tre \u00e5r som pedagoger, rektorer och bitr\u00e4dande rektorer med flera har m\u00f6jlighet att s\u00f6ka. Coachuppdragen \u00e4r inriktade p\u00e5 den typen av kompetens som skolorna beh\u00f6ver h\u00e4r och nu. En gissning \u00e4r att nyanl\u00e4ndas l\u00e4rande kommer att vara en inriktning, liksom inkludering och delaktighet, s\u00e4ger Lisa Edholm.<\/p>\n<p><strong>Kollegialt l\u00e4rande<\/strong><br \/>\nMadelene Thunell, f\u00f6rstel\u00e4rare p\u00e5 H\u00e4llby skola, menar att det tydligt m\u00e4rks att kommunen satt fokus p\u00e5 skolutveckling.<br \/>\n\u2013 P\u00e5 H\u00e4llby skola har vi en egen skolutvecklingsgrupp som driver ett projekt kring spr\u00e5kutvecklande arbetss\u00e4tt. Temat, som vi arbetat fram tillsammans, tar avstamp i att man i dagens skola ska arbeta spr\u00e5kutvecklande i alla \u00e4mnen. Hittills har det varit svensk\u00e4mnet som haft det st\u00f6rsta fokuset p\u00e5 ett spr\u00e5kutvecklande arbete. Nu vill vi \u00f6ka medvetenheten kring detta hos alla l\u00e4rare och f\u00e5 till ett spr\u00e5kutvecklande arbete i samtliga \u00e4mnen.<br \/>\nL\u00e4rarna p\u00e5 H\u00e4llbyskolan har skapat grupper som arbetar utifr\u00e5n Skolverkets l\u00e4slyft.<br \/>\n\u2013 Vi tr\u00e4ffas i mindre grupper, l\u00e4ser texter och reflekterar tillsammans utifr\u00e5n egen erfarenhet. V\u00e5ra tankar kopplar vi sedan till teoretisk grund f\u00f6r att i n\u00e4sta steg planera arbetsuppgifter som var och en genomf\u00f6r i sin klass och som vi sedan reflekterar \u00f6ver tillsammans. Ett kollegialt l\u00e4rande n\u00e4r det \u00e4r som b\u00e4st, s\u00e4ger Madelene Thunell.<\/p>\n<div class=\"faktaruta-title\">Eskilstuna kommun<\/div><div class=\"faktaruta\">Eskilstuna har ett strategiskt l\u00e4ge och en integrerad arbetsmarknad mitt i den expansiva Stockholm-M\u00e4lar\u00adregionen. Eskilstuna \u00e4r en av f\u00e5 st\u00e4der i landet med en v\u00e4xande befolkning och \u00e4r Sveriges femtonde st\u00f6rsta kommun med 100&nbsp;000 inv\u00e5nare. H\u00e4r finns kreativa milj\u00f6er, entrepren\u00f6rskap, ett blomstrande kultur- och n\u00f6jesliv och h\u00e4rliga rekreationsm\u00f6jligheter.<\/p>\n<p>Eskilstuna kommun<br \/>\nAlva Myrdals gata 1<br \/>\n631 86 Eskilstuna<br \/>\nTel: 016-710 51 03<br \/>\n<strong><a href=\"http:\/\/www.eskilstuna.se\" target=\"_blank\" rel=\"noopener noreferrer\">www.eskilstuna.se<\/a><\/strong><\/br><br \/>\n<a href=\"http:\/\/www.eskilstuna.se\" target=\"_blank\" rel=\"attachment wp-att-5484 noopener noreferrer\"><img loading=\"lazy\" decoding=\"async\" src=\"http:\/\/lararkarriar.se\/grundskola\/wp-content\/uploads\/2016\/04\/eskilstuna_eakommun_logo_2015_svart_liggande-250x106.png\" alt=\"www.eskilstuna.se\" width=\"250\" height=\"106\" class=\"alignnone size-medium wp-image-5484\" \/><\/a><\/div>\n","protected":false},"excerpt":{"rendered":"<p>\u2013 L\u00e4rarprofessionen \u00e4r inget enmansg\u00f6ra utan ett yrke d\u00e4r man arbetar tillsammans f\u00f6r att n\u00e5&#8230;<\/p>\n","protected":false},"author":3,"featured_media":5485,"comment_status":"closed","ping_status":"open","sticky":false,"template":"","format":"standard","meta":{"_acf_changed":false,"_monsterinsights_skip_tracking":false,"_monsterinsights_sitenote_active":false,"_monsterinsights_sitenote_note":"","_monsterinsights_sitenote_category":0,"footnotes":""},"categories":[7],"tags":[],"class_list":["post-5483","post","type-post","status-publish","format-standard","has-post-thumbnail","hentry","category-presentation"],"acf":[],"yoast_head":"<!-- This site is optimized with the Yoast SEO plugin v27.3 - https:\/\/yoast.com\/product\/yoast-seo-wordpress\/ -->\n<title>\u201dVi tror p\u00e5 att l\u00e4rare l\u00e4r b\u00e4st av varandra\u201d - Framtidens Karri\u00e4r \u2013 Grundskolel\u00e4rare<\/title>\n<meta name=\"robots\" content=\"index, follow, max-snippet:-1, max-image-preview:large, max-video-preview:-1\" \/>\n<link rel=\"canonical\" href=\"https:\/\/lararkarriar.se\/grundskola\/2016\/04\/07\/vi-tror-pa-att-larare-lar-bast-av-varandra\/\" \/>\n<meta property=\"og:locale\" content=\"sv_SE\" \/>\n<meta property=\"og:type\" content=\"article\" \/>\n<meta property=\"og:title\" content=\"\u201dVi tror p\u00e5 att l\u00e4rare l\u00e4r b\u00e4st av varandra\u201d - Framtidens Karri\u00e4r \u2013 Grundskolel\u00e4rare\" \/>\n<meta property=\"og:description\" content=\"\u2013 L\u00e4rarprofessionen \u00e4r inget enmansg\u00f6ra utan ett yrke d\u00e4r man arbetar tillsammans f\u00f6r att n\u00e5...\" \/>\n<meta property=\"og:url\" content=\"https:\/\/lararkarriar.se\/grundskola\/2016\/04\/07\/vi-tror-pa-att-larare-lar-bast-av-varandra\/\" \/>\n<meta property=\"og:site_name\" content=\"Framtidens Karri\u00e4r \u2013 Grundskolel\u00e4rare\" \/>\n<meta property=\"article:published_time\" content=\"2016-04-06T22:26:02+00:00\" \/>\n<meta property=\"og:image\" content=\"https:\/\/lararkarriar.se\/grundskola\/wp-content\/uploads\/sites\/12\/2016\/04\/eskilstuna-mg-5757.jpg\" \/>\n\t<meta property=\"og:image:width\" content=\"1000\" \/>\n\t<meta property=\"og:image:height\" content=\"649\" \/>\n\t<meta property=\"og:image:type\" content=\"image\/jpeg\" \/>\n<meta name=\"author\" content=\"stellanstal\" \/>\n<meta name=\"twitter:card\" content=\"summary_large_image\" \/>\n<meta name=\"twitter:label1\" content=\"Skriven av\" \/>\n\t<meta name=\"twitter:data1\" content=\"stellanstal\" \/>\n\t<meta name=\"twitter:label2\" content=\"Ber\u00e4knad l\u00e4stid\" \/>\n\t<meta name=\"twitter:data2\" content=\"5 minuter\" \/>\n<script type=\"application\/ld+json\" class=\"yoast-schema-graph\">{\"@context\":\"https:\\\/\\\/schema.org\",\"@graph\":[{\"@type\":\"Article\",\"@id\":\"https:\\\/\\\/lararkarriar.se\\\/grundskola\\\/2016\\\/04\\\/07\\\/vi-tror-pa-att-larare-lar-bast-av-varandra\\\/#article\",\"isPartOf\":{\"@id\":\"https:\\\/\\\/lararkarriar.se\\\/grundskola\\\/2016\\\/04\\\/07\\\/vi-tror-pa-att-larare-lar-bast-av-varandra\\\/\"},\"author\":{\"name\":\"stellanstal\",\"@id\":\"https:\\\/\\\/lararkarriar.se\\\/grundskola\\\/#\\\/schema\\\/person\\\/c8a43eb855191e573b73ecf8987a3b99\"},\"headline\":\"\u201dVi tror p\u00e5 att l\u00e4rare l\u00e4r b\u00e4st av varandra\u201d\",\"datePublished\":\"2016-04-06T22:26:02+00:00\",\"mainEntityOfPage\":{\"@id\":\"https:\\\/\\\/lararkarriar.se\\\/grundskola\\\/2016\\\/04\\\/07\\\/vi-tror-pa-att-larare-lar-bast-av-varandra\\\/\"},\"wordCount\":946,\"image\":{\"@id\":\"https:\\\/\\\/lararkarriar.se\\\/grundskola\\\/2016\\\/04\\\/07\\\/vi-tror-pa-att-larare-lar-bast-av-varandra\\\/#primaryimage\"},\"thumbnailUrl\":\"https:\\\/\\\/lararkarriar.se\\\/grundskola\\\/wp-content\\\/uploads\\\/sites\\\/12\\\/2016\\\/04\\\/eskilstuna-mg-5757.jpg\",\"articleSection\":[\"Presentation\"],\"inLanguage\":\"sv-SE\"},{\"@type\":\"WebPage\",\"@id\":\"https:\\\/\\\/lararkarriar.se\\\/grundskola\\\/2016\\\/04\\\/07\\\/vi-tror-pa-att-larare-lar-bast-av-varandra\\\/\",\"url\":\"https:\\\/\\\/lararkarriar.se\\\/grundskola\\\/2016\\\/04\\\/07\\\/vi-tror-pa-att-larare-lar-bast-av-varandra\\\/\",\"name\":\"\u201dVi tror p\u00e5 att l\u00e4rare l\u00e4r b\u00e4st av varandra\u201d - Framtidens Karri\u00e4r \u2013 Grundskolel\u00e4rare\",\"isPartOf\":{\"@id\":\"https:\\\/\\\/lararkarriar.se\\\/grundskola\\\/#website\"},\"primaryImageOfPage\":{\"@id\":\"https:\\\/\\\/lararkarriar.se\\\/grundskola\\\/2016\\\/04\\\/07\\\/vi-tror-pa-att-larare-lar-bast-av-varandra\\\/#primaryimage\"},\"image\":{\"@id\":\"https:\\\/\\\/lararkarriar.se\\\/grundskola\\\/2016\\\/04\\\/07\\\/vi-tror-pa-att-larare-lar-bast-av-varandra\\\/#primaryimage\"},\"thumbnailUrl\":\"https:\\\/\\\/lararkarriar.se\\\/grundskola\\\/wp-content\\\/uploads\\\/sites\\\/12\\\/2016\\\/04\\\/eskilstuna-mg-5757.jpg\",\"datePublished\":\"2016-04-06T22:26:02+00:00\",\"author\":{\"@id\":\"https:\\\/\\\/lararkarriar.se\\\/grundskola\\\/#\\\/schema\\\/person\\\/c8a43eb855191e573b73ecf8987a3b99\"},\"breadcrumb\":{\"@id\":\"https:\\\/\\\/lararkarriar.se\\\/grundskola\\\/2016\\\/04\\\/07\\\/vi-tror-pa-att-larare-lar-bast-av-varandra\\\/#breadcrumb\"},\"inLanguage\":\"sv-SE\",\"potentialAction\":[{\"@type\":\"ReadAction\",\"target\":[\"https:\\\/\\\/lararkarriar.se\\\/grundskola\\\/2016\\\/04\\\/07\\\/vi-tror-pa-att-larare-lar-bast-av-varandra\\\/\"]}]},{\"@type\":\"ImageObject\",\"inLanguage\":\"sv-SE\",\"@id\":\"https:\\\/\\\/lararkarriar.se\\\/grundskola\\\/2016\\\/04\\\/07\\\/vi-tror-pa-att-larare-lar-bast-av-varandra\\\/#primaryimage\",\"url\":\"https:\\\/\\\/lararkarriar.se\\\/grundskola\\\/wp-content\\\/uploads\\\/sites\\\/12\\\/2016\\\/04\\\/eskilstuna-mg-5757.jpg\",\"contentUrl\":\"https:\\\/\\\/lararkarriar.se\\\/grundskola\\\/wp-content\\\/uploads\\\/sites\\\/12\\\/2016\\\/04\\\/eskilstuna-mg-5757.jpg\",\"width\":1000,\"height\":649,\"caption\":\"Madelene Thunell, f\u00f6rstel\u00e4rare p\u00e5 H\u00e4llby skola, Lisa Edholm, skolutvecklare p\u00e5 Barn- och utbildningsf\u00f6rvaltningen och Lena Hoelgaard, lektor i matematikdidaktik i Eskilstuna. Foto: G\u00f6ran Strandsten\"},{\"@type\":\"BreadcrumbList\",\"@id\":\"https:\\\/\\\/lararkarriar.se\\\/grundskola\\\/2016\\\/04\\\/07\\\/vi-tror-pa-att-larare-lar-bast-av-varandra\\\/#breadcrumb\",\"itemListElement\":[{\"@type\":\"ListItem\",\"position\":1,\"name\":\"Home\",\"item\":\"https:\\\/\\\/lararkarriar.se\\\/grundskola\\\/\"},{\"@type\":\"ListItem\",\"position\":2,\"name\":\"\u201dVi tror p\u00e5 att l\u00e4rare l\u00e4r b\u00e4st av varandra\u201d\"}]},{\"@type\":\"WebSite\",\"@id\":\"https:\\\/\\\/lararkarriar.se\\\/grundskola\\\/#website\",\"url\":\"https:\\\/\\\/lararkarriar.se\\\/grundskola\\\/\",\"name\":\"Framtidens Karri\u00e4r \u2013 Grundskolel\u00e4rare\",\"description\":\"Just another NMDashboard.se Sites site\",\"potentialAction\":[{\"@type\":\"SearchAction\",\"target\":{\"@type\":\"EntryPoint\",\"urlTemplate\":\"https:\\\/\\\/lararkarriar.se\\\/grundskola\\\/?s={search_term_string}\"},\"query-input\":{\"@type\":\"PropertyValueSpecification\",\"valueRequired\":true,\"valueName\":\"search_term_string\"}}],\"inLanguage\":\"sv-SE\"},{\"@type\":\"Person\",\"@id\":\"https:\\\/\\\/lararkarriar.se\\\/grundskola\\\/#\\\/schema\\\/person\\\/c8a43eb855191e573b73ecf8987a3b99\",\"name\":\"stellanstal\",\"image\":{\"@type\":\"ImageObject\",\"inLanguage\":\"sv-SE\",\"@id\":\"https:\\\/\\\/secure.gravatar.com\\\/avatar\\\/cd330fa6bb17f598124b2068ee0b189e4fe0987a50af9d53b78410836060d0c9?s=96&d=mm&r=g\",\"url\":\"https:\\\/\\\/secure.gravatar.com\\\/avatar\\\/cd330fa6bb17f598124b2068ee0b189e4fe0987a50af9d53b78410836060d0c9?s=96&d=mm&r=g\",\"contentUrl\":\"https:\\\/\\\/secure.gravatar.com\\\/avatar\\\/cd330fa6bb17f598124b2068ee0b189e4fe0987a50af9d53b78410836060d0c9?s=96&d=mm&r=g\",\"caption\":\"stellanstal\"},\"url\":\"https:\\\/\\\/lararkarriar.se\\\/grundskola\\\/author\\\/stellanstal\\\/\"}]}<\/script>\n<!-- \/ Yoast SEO plugin. -->","yoast_head_json":{"title":"\u201dVi tror p\u00e5 att l\u00e4rare l\u00e4r b\u00e4st av varandra\u201d - Framtidens Karri\u00e4r \u2013 Grundskolel\u00e4rare","robots":{"index":"index","follow":"follow","max-snippet":"max-snippet:-1","max-image-preview":"max-image-preview:large","max-video-preview":"max-video-preview:-1"},"canonical":"https:\/\/lararkarriar.se\/grundskola\/2016\/04\/07\/vi-tror-pa-att-larare-lar-bast-av-varandra\/","og_locale":"sv_SE","og_type":"article","og_title":"\u201dVi tror p\u00e5 att l\u00e4rare l\u00e4r b\u00e4st av varandra\u201d - Framtidens Karri\u00e4r \u2013 Grundskolel\u00e4rare","og_description":"\u2013 L\u00e4rarprofessionen \u00e4r inget enmansg\u00f6ra utan ett yrke d\u00e4r man arbetar tillsammans f\u00f6r att n\u00e5...","og_url":"https:\/\/lararkarriar.se\/grundskola\/2016\/04\/07\/vi-tror-pa-att-larare-lar-bast-av-varandra\/","og_site_name":"Framtidens Karri\u00e4r \u2013 Grundskolel\u00e4rare","article_published_time":"2016-04-06T22:26:02+00:00","og_image":[{"width":1000,"height":649,"url":"https:\/\/lararkarriar.se\/grundskola\/wp-content\/uploads\/sites\/12\/2016\/04\/eskilstuna-mg-5757.jpg","type":"image\/jpeg"}],"author":"stellanstal","twitter_card":"summary_large_image","twitter_misc":{"Skriven av":"stellanstal","Ber\u00e4knad l\u00e4stid":"5 minuter"},"schema":{"@context":"https:\/\/schema.org","@graph":[{"@type":"Article","@id":"https:\/\/lararkarriar.se\/grundskola\/2016\/04\/07\/vi-tror-pa-att-larare-lar-bast-av-varandra\/#article","isPartOf":{"@id":"https:\/\/lararkarriar.se\/grundskola\/2016\/04\/07\/vi-tror-pa-att-larare-lar-bast-av-varandra\/"},"author":{"name":"stellanstal","@id":"https:\/\/lararkarriar.se\/grundskola\/#\/schema\/person\/c8a43eb855191e573b73ecf8987a3b99"},"headline":"\u201dVi tror p\u00e5 att l\u00e4rare l\u00e4r b\u00e4st av varandra\u201d","datePublished":"2016-04-06T22:26:02+00:00","mainEntityOfPage":{"@id":"https:\/\/lararkarriar.se\/grundskola\/2016\/04\/07\/vi-tror-pa-att-larare-lar-bast-av-varandra\/"},"wordCount":946,"image":{"@id":"https:\/\/lararkarriar.se\/grundskola\/2016\/04\/07\/vi-tror-pa-att-larare-lar-bast-av-varandra\/#primaryimage"},"thumbnailUrl":"https:\/\/lararkarriar.se\/grundskola\/wp-content\/uploads\/sites\/12\/2016\/04\/eskilstuna-mg-5757.jpg","articleSection":["Presentation"],"inLanguage":"sv-SE"},{"@type":"WebPage","@id":"https:\/\/lararkarriar.se\/grundskola\/2016\/04\/07\/vi-tror-pa-att-larare-lar-bast-av-varandra\/","url":"https:\/\/lararkarriar.se\/grundskola\/2016\/04\/07\/vi-tror-pa-att-larare-lar-bast-av-varandra\/","name":"\u201dVi tror p\u00e5 att l\u00e4rare l\u00e4r b\u00e4st av varandra\u201d - Framtidens Karri\u00e4r \u2013 Grundskolel\u00e4rare","isPartOf":{"@id":"https:\/\/lararkarriar.se\/grundskola\/#website"},"primaryImageOfPage":{"@id":"https:\/\/lararkarriar.se\/grundskola\/2016\/04\/07\/vi-tror-pa-att-larare-lar-bast-av-varandra\/#primaryimage"},"image":{"@id":"https:\/\/lararkarriar.se\/grundskola\/2016\/04\/07\/vi-tror-pa-att-larare-lar-bast-av-varandra\/#primaryimage"},"thumbnailUrl":"https:\/\/lararkarriar.se\/grundskola\/wp-content\/uploads\/sites\/12\/2016\/04\/eskilstuna-mg-5757.jpg","datePublished":"2016-04-06T22:26:02+00:00","author":{"@id":"https:\/\/lararkarriar.se\/grundskola\/#\/schema\/person\/c8a43eb855191e573b73ecf8987a3b99"},"breadcrumb":{"@id":"https:\/\/lararkarriar.se\/grundskola\/2016\/04\/07\/vi-tror-pa-att-larare-lar-bast-av-varandra\/#breadcrumb"},"inLanguage":"sv-SE","potentialAction":[{"@type":"ReadAction","target":["https:\/\/lararkarriar.se\/grundskola\/2016\/04\/07\/vi-tror-pa-att-larare-lar-bast-av-varandra\/"]}]},{"@type":"ImageObject","inLanguage":"sv-SE","@id":"https:\/\/lararkarriar.se\/grundskola\/2016\/04\/07\/vi-tror-pa-att-larare-lar-bast-av-varandra\/#primaryimage","url":"https:\/\/lararkarriar.se\/grundskola\/wp-content\/uploads\/sites\/12\/2016\/04\/eskilstuna-mg-5757.jpg","contentUrl":"https:\/\/lararkarriar.se\/grundskola\/wp-content\/uploads\/sites\/12\/2016\/04\/eskilstuna-mg-5757.jpg","width":1000,"height":649,"caption":"Madelene Thunell, f\u00f6rstel\u00e4rare p\u00e5 H\u00e4llby skola, Lisa Edholm, skolutvecklare p\u00e5 Barn- och utbildningsf\u00f6rvaltningen och Lena Hoelgaard, lektor i matematikdidaktik i Eskilstuna. Foto: G\u00f6ran Strandsten"},{"@type":"BreadcrumbList","@id":"https:\/\/lararkarriar.se\/grundskola\/2016\/04\/07\/vi-tror-pa-att-larare-lar-bast-av-varandra\/#breadcrumb","itemListElement":[{"@type":"ListItem","position":1,"name":"Home","item":"https:\/\/lararkarriar.se\/grundskola\/"},{"@type":"ListItem","position":2,"name":"\u201dVi tror p\u00e5 att l\u00e4rare l\u00e4r b\u00e4st av varandra\u201d"}]},{"@type":"WebSite","@id":"https:\/\/lararkarriar.se\/grundskola\/#website","url":"https:\/\/lararkarriar.se\/grundskola\/","name":"Framtidens Karri\u00e4r \u2013 Grundskolel\u00e4rare","description":"Just another NMDashboard.se Sites site","potentialAction":[{"@type":"SearchAction","target":{"@type":"EntryPoint","urlTemplate":"https:\/\/lararkarriar.se\/grundskola\/?s={search_term_string}"},"query-input":{"@type":"PropertyValueSpecification","valueRequired":true,"valueName":"search_term_string"}}],"inLanguage":"sv-SE"},{"@type":"Person","@id":"https:\/\/lararkarriar.se\/grundskola\/#\/schema\/person\/c8a43eb855191e573b73ecf8987a3b99","name":"stellanstal","image":{"@type":"ImageObject","inLanguage":"sv-SE","@id":"https:\/\/secure.gravatar.com\/avatar\/cd330fa6bb17f598124b2068ee0b189e4fe0987a50af9d53b78410836060d0c9?s=96&d=mm&r=g","url":"https:\/\/secure.gravatar.com\/avatar\/cd330fa6bb17f598124b2068ee0b189e4fe0987a50af9d53b78410836060d0c9?s=96&d=mm&r=g","contentUrl":"https:\/\/secure.gravatar.com\/avatar\/cd330fa6bb17f598124b2068ee0b189e4fe0987a50af9d53b78410836060d0c9?s=96&d=mm&r=g","caption":"stellanstal"},"url":"https:\/\/lararkarriar.se\/grundskola\/author\/stellanstal\/"}]}},"_links":{"self":[{"href":"https:\/\/lararkarriar.se\/grundskola\/wp-json\/wp\/v2\/posts\/5483","targetHints":{"allow":["GET"]}}],"collection":[{"href":"https:\/\/lararkarriar.se\/grundskola\/wp-json\/wp\/v2\/posts"}],"about":[{"href":"https:\/\/lararkarriar.se\/grundskola\/wp-json\/wp\/v2\/types\/post"}],"author":[{"embeddable":true,"href":"https:\/\/lararkarriar.se\/grundskola\/wp-json\/wp\/v2\/users\/3"}],"replies":[{"embeddable":true,"href":"https:\/\/lararkarriar.se\/grundskola\/wp-json\/wp\/v2\/comments?post=5483"}],"version-history":[{"count":0,"href":"https:\/\/lararkarriar.se\/grundskola\/wp-json\/wp\/v2\/posts\/5483\/revisions"}],"wp:featuredmedia":[{"embeddable":true,"href":"https:\/\/lararkarriar.se\/grundskola\/wp-json\/wp\/v2\/media\/5485"}],"wp:attachment":[{"href":"https:\/\/lararkarriar.se\/grundskola\/wp-json\/wp\/v2\/media?parent=5483"}],"wp:term":[{"taxonomy":"category","embeddable":true,"href":"https:\/\/lararkarriar.se\/grundskola\/wp-json\/wp\/v2\/categories?post=5483"},{"taxonomy":"post_tag","embeddable":true,"href":"https:\/\/lararkarriar.se\/grundskola\/wp-json\/wp\/v2\/tags?post=5483"}],"curies":[{"name":"wp","href":"https:\/\/api.w.org\/{rel}","templated":true}]}}