{"id":5495,"date":"2016-04-07T00:30:02","date_gmt":"2016-04-06T22:30:02","guid":{"rendered":"http:\/\/lararkarriar.se\/grundskola\/?p=5495"},"modified":"2016-04-07T00:30:02","modified_gmt":"2016-04-06T22:30:02","slug":"har-finns-en-uttalad-vilja-till-samarbete-over-alla-granser","status":"publish","type":"post","link":"https:\/\/lararkarriar.se\/grundskola\/2016\/04\/07\/har-finns-en-uttalad-vilja-till-samarbete-over-alla-granser\/","title":{"rendered":"\u201dH\u00e4r finns en uttalad vilja till samarbete \u00f6ver alla gr\u00e4nser\u201d"},"content":{"rendered":"<p><figure id=\"attachment_5496\" aria-describedby=\"caption-attachment-5496\" style=\"width: 1000px\" class=\"wp-caption alignnone\"><img loading=\"lazy\" decoding=\"async\" src=\"https:\/\/lararkarriar.se\/grundskola\/wp-content\/uploads\/sites\/12\/2016\/04\/stenungsund-916a6579-photographer-ingela.jpg\" alt=\"Johanna H\u00fcbinette och Jenny Lind, l\u00e4rare i Stenungsunds kommun. Foto: Ingela V\u00e5gsund\" width=\"1000\" height=\"634\" class=\"size-full wp-image-5496\" srcset=\"https:\/\/lararkarriar.se\/grundskola\/wp-content\/uploads\/sites\/12\/2016\/04\/stenungsund-916a6579-photographer-ingela.jpg 1000w, https:\/\/lararkarriar.se\/grundskola\/wp-content\/uploads\/sites\/12\/2016\/04\/stenungsund-916a6579-photographer-ingela-300x190.jpg 300w, https:\/\/lararkarriar.se\/grundskola\/wp-content\/uploads\/sites\/12\/2016\/04\/stenungsund-916a6579-photographer-ingela-768x487.jpg 768w, https:\/\/lararkarriar.se\/grundskola\/wp-content\/uploads\/sites\/12\/2016\/04\/stenungsund-916a6579-photographer-ingela-252x160.jpg 252w, https:\/\/lararkarriar.se\/grundskola\/wp-content\/uploads\/sites\/12\/2016\/04\/stenungsund-916a6579-photographer-ingela-526x333.jpg 526w, https:\/\/lararkarriar.se\/grundskola\/wp-content\/uploads\/sites\/12\/2016\/04\/stenungsund-916a6579-photographer-ingela-720x456.jpg 720w, https:\/\/lararkarriar.se\/grundskola\/wp-content\/uploads\/sites\/12\/2016\/04\/stenungsund-916a6579-photographer-ingela-960x609.jpg 960w\" sizes=\"auto, (max-width: 1000px) 100vw, 1000px\" \/><figcaption id=\"caption-attachment-5496\" class=\"wp-caption-text\">Johanna H\u00fcbinette och Jenny Lind, l\u00e4rare i Stenungsunds kommun. Foto: Ingela V\u00e5gsund<\/figcaption><\/figure><strong>I Stenungsunds kommun \u00e4r det samarbete som g\u00e4ller. H\u00e4r g\u00f6rs saker tillsammans, vilket skapar f\u00f6ruts\u00e4ttningar f\u00f6r en god arbetsmilj\u00f6 \u2013 f\u00f6r b\u00e5de l\u00e4rare och elever.<br \/>\n\u2013 H\u00e4r \u00e4r vi en personalstyrka, oavsett arbetsuppgift. Alla \u00e4r lika viktiga, s\u00e4ger l\u00e4raren Jenny Lind.<\/strong><\/p>\n<p>Efter tio \u00e5r som l\u00e4rare i hem- och konsumentkunskap, matematik och samh\u00e4llskunskap p\u00e5 en skola i en annan kommun b\u00f6rjade Jenny Lind att arbeta i Stenungsund.<br \/>\n\u2013 Jag s\u00f6kte mig hit eftersom Stenungsund \u00e4r en kommun d\u00e4r man tydligt ser kopplingen mellan verklighet och skola. H\u00e4r finns en uttalad vilja till samarbete som genomsyrar hela verksamheten. Det, i kombination med att man satsar p\u00e5 de praktisk-estetiska \u00e4mnena, fick mig att s\u00f6ka hit. Efter snart ett \u00e5r som hem- och konsumentkunskapsl\u00e4rare i kommunen vet jag att jag hamnat helt r\u00e4tt.<br \/>\nJohanna H\u00fcbinette, som varit l\u00e4rare sedan 2001 och jobbat inom skolorna i Stenungsund sedan 2002, har inte sett n\u00e5gon anledning till att byta arbetsgivare.<br \/>\n\u2013 Jag har hela tiden f\u00e5tt nya utvecklingsm\u00f6jligheter och utmaningar. Under de g\u00e5ngna \u00e5ren har det bland annat varit stora satsningar dels p\u00e5 det digitala, dels p\u00e5 bed\u00f6mning och pedagogiska fr\u00e5gor. Det finns en uttalad vilja om st\u00e4ndig f\u00f6rb\u00e4ttring i skolverksamheten vilket g\u00f6r att vi l\u00e4rare hela tiden forts\u00e4tter att utvecklas.<br \/>\nF\u00f6r Jenny Lind togs fr\u00e5gan om personlig vidareutveckling upp i ett tidigt skede.<br \/>\n\u2013 Jag tillfr\u00e5gades redan som nyanst\u00e4lld om vilka fortbildningar jag var intresserad av och hur jag skulle vilja utvecklas i mitt yrke. Det har bland annat lett fram till att jag n\u00e4sta termin ska b\u00f6rja l\u00e4sa till specialpedagog. <\/p>\n<p><strong>Id\u00e9utbyte<\/strong><br \/>\nEn stor f\u00f6rdel med att arbeta som l\u00e4rare inom Stenungsunds kommun \u00e4r enligt Jenny just det goda samarbete som finns mellan skolorna i kommunen.<br \/>\n\u2013 Vi har regelbundna utvecklingstr\u00e4ffar d\u00e4r l\u00e4rarna i kommunen m\u00f6ts \u00f6ver stadie- och \u00e4mnesgr\u00e4nser f\u00f6r att utbyta id\u00e9er och tankar. Vi \u00e4r kollegor fast vi arbetar p\u00e5 olika skolor.<br \/>\nDe vackra omgivningarna med havet och naturen n\u00e4ra g\u00f6r, enligt Johanna, inte saken s\u00e4mre.<br \/>\n\u2013 Stenungsund \u00e4r en mycket vacker kommun. Vi kan utnyttja l\u00e4get i undervisningen genom att till exempel g\u00e5 till havet och g\u00f6ra olika unders\u00f6kningar. Eftersom vi har ett stort v\u00e4rldsledande industrikluster i Stenungsund \u00f6ppnar det upp f\u00f6r samarbeten med till exempel Molekylverkstan Science center. Jag upplever ocks\u00e5 att f\u00f6r\u00e4ldrarna h\u00e4r i kommunen har ett f\u00f6rtroende f\u00f6r skolan, det blir en plattform f\u00f6r ett v\u00e4ldigt bra samarbete mellan hem och skola.<\/p>\n<div class=\"faktaruta-title\">Stenungsunds kommun<\/div><div class=\"faktaruta\">Stenungsunds kommun antog 2014 en ny vision, Vision 2035 Stenungsund \u201dDet goda samh\u00e4llet med framtidstro och utveckling med m\u00e4nniskan och naturen i centrum\u201d. Vi har bredd och spets p\u00e5 de utbildningar vi tillhandah\u00e5ller. I Stenungsunds kommun utbildar vi v\u00e4rldsmedborgare som st\u00e5r v\u00e4l rust\u00adade f\u00f6r framtidens alla utmaningar. <\/p>\n<p>Stenungsunds kommun<br \/>\nStrandv\u00e4gen 15<br \/>\n444 31 Stenungsund<br \/>\nTel: 0303-73 00 00<br \/>\n<strong><a href=\"http:\/\/www.stenungsund.se\" target=\"_blank\" rel=\"noopener noreferrer\">www.stenungsund.se<\/a><\/strong><\/br><br \/>\n<a href=\"http:\/\/www.stenungsund.se\" target=\"_blank\" rel=\"attachment wp-att-5497 noopener noreferrer\"><img loading=\"lazy\" decoding=\"async\" src=\"http:\/\/lararkarriar.se\/grundskola\/wp-content\/uploads\/2016\/04\/stenungsund_logga_stenungsund_cmyk-250x80.png\" alt=\"www.stenungsund.se\" width=\"250\" height=\"80\" class=\"alignnone size-medium wp-image-5497\" \/><\/a><\/div>\n","protected":false},"excerpt":{"rendered":"<p>I Stenungsunds kommun \u00e4r det samarbete som g\u00e4ller. H\u00e4r g\u00f6rs saker tillsammans, vilket skapar f\u00f6ruts\u00e4ttningar&#8230;<\/p>\n","protected":false},"author":3,"featured_media":5496,"comment_status":"closed","ping_status":"open","sticky":false,"template":"","format":"standard","meta":{"_acf_changed":false,"_monsterinsights_skip_tracking":false,"_monsterinsights_sitenote_active":false,"_monsterinsights_sitenote_note":"","_monsterinsights_sitenote_category":0,"footnotes":""},"categories":[7],"tags":[],"class_list":["post-5495","post","type-post","status-publish","format-standard","has-post-thumbnail","hentry","category-presentation"],"acf":[],"yoast_head":"<!-- This site is optimized with the Yoast SEO plugin v27.3 - https:\/\/yoast.com\/product\/yoast-seo-wordpress\/ -->\n<title>\u201dH\u00e4r finns en uttalad vilja till samarbete \u00f6ver alla gr\u00e4nser\u201d - Framtidens Karri\u00e4r \u2013 Grundskolel\u00e4rare<\/title>\n<meta name=\"robots\" content=\"index, follow, max-snippet:-1, max-image-preview:large, max-video-preview:-1\" \/>\n<link rel=\"canonical\" href=\"https:\/\/lararkarriar.se\/grundskola\/2016\/04\/07\/har-finns-en-uttalad-vilja-till-samarbete-over-alla-granser\/\" \/>\n<meta property=\"og:locale\" content=\"sv_SE\" \/>\n<meta property=\"og:type\" content=\"article\" \/>\n<meta property=\"og:title\" content=\"\u201dH\u00e4r finns en uttalad vilja till samarbete \u00f6ver alla gr\u00e4nser\u201d - Framtidens Karri\u00e4r \u2013 Grundskolel\u00e4rare\" \/>\n<meta property=\"og:description\" content=\"I Stenungsunds kommun \u00e4r det samarbete som g\u00e4ller. H\u00e4r g\u00f6rs saker tillsammans, vilket skapar f\u00f6ruts\u00e4ttningar...\" \/>\n<meta property=\"og:url\" content=\"https:\/\/lararkarriar.se\/grundskola\/2016\/04\/07\/har-finns-en-uttalad-vilja-till-samarbete-over-alla-granser\/\" \/>\n<meta property=\"og:site_name\" content=\"Framtidens Karri\u00e4r \u2013 Grundskolel\u00e4rare\" \/>\n<meta property=\"article:published_time\" content=\"2016-04-06T22:30:02+00:00\" \/>\n<meta property=\"og:image\" content=\"https:\/\/lararkarriar.se\/grundskola\/wp-content\/uploads\/sites\/12\/2016\/04\/stenungsund-916a6579-photographer-ingela.jpg\" \/>\n\t<meta property=\"og:image:width\" content=\"1000\" \/>\n\t<meta property=\"og:image:height\" content=\"634\" \/>\n\t<meta property=\"og:image:type\" content=\"image\/jpeg\" \/>\n<meta name=\"author\" content=\"stellanstal\" \/>\n<meta name=\"twitter:card\" content=\"summary_large_image\" \/>\n<meta name=\"twitter:label1\" content=\"Skriven av\" \/>\n\t<meta name=\"twitter:data1\" content=\"stellanstal\" \/>\n\t<meta name=\"twitter:label2\" content=\"Ber\u00e4knad l\u00e4stid\" \/>\n\t<meta name=\"twitter:data2\" content=\"3 minuter\" \/>\n<script type=\"application\/ld+json\" class=\"yoast-schema-graph\">{\"@context\":\"https:\\\/\\\/schema.org\",\"@graph\":[{\"@type\":\"Article\",\"@id\":\"https:\\\/\\\/lararkarriar.se\\\/grundskola\\\/2016\\\/04\\\/07\\\/har-finns-en-uttalad-vilja-till-samarbete-over-alla-granser\\\/#article\",\"isPartOf\":{\"@id\":\"https:\\\/\\\/lararkarriar.se\\\/grundskola\\\/2016\\\/04\\\/07\\\/har-finns-en-uttalad-vilja-till-samarbete-over-alla-granser\\\/\"},\"author\":{\"name\":\"stellanstal\",\"@id\":\"https:\\\/\\\/lararkarriar.se\\\/grundskola\\\/#\\\/schema\\\/person\\\/c8a43eb855191e573b73ecf8987a3b99\"},\"headline\":\"\u201dH\u00e4r finns en uttalad vilja till samarbete \u00f6ver alla gr\u00e4nser\u201d\",\"datePublished\":\"2016-04-06T22:30:02+00:00\",\"mainEntityOfPage\":{\"@id\":\"https:\\\/\\\/lararkarriar.se\\\/grundskola\\\/2016\\\/04\\\/07\\\/har-finns-en-uttalad-vilja-till-samarbete-over-alla-granser\\\/\"},\"wordCount\":554,\"image\":{\"@id\":\"https:\\\/\\\/lararkarriar.se\\\/grundskola\\\/2016\\\/04\\\/07\\\/har-finns-en-uttalad-vilja-till-samarbete-over-alla-granser\\\/#primaryimage\"},\"thumbnailUrl\":\"https:\\\/\\\/lararkarriar.se\\\/grundskola\\\/wp-content\\\/uploads\\\/sites\\\/12\\\/2016\\\/04\\\/stenungsund-916a6579-photographer-ingela.jpg\",\"articleSection\":[\"Presentation\"],\"inLanguage\":\"sv-SE\"},{\"@type\":\"WebPage\",\"@id\":\"https:\\\/\\\/lararkarriar.se\\\/grundskola\\\/2016\\\/04\\\/07\\\/har-finns-en-uttalad-vilja-till-samarbete-over-alla-granser\\\/\",\"url\":\"https:\\\/\\\/lararkarriar.se\\\/grundskola\\\/2016\\\/04\\\/07\\\/har-finns-en-uttalad-vilja-till-samarbete-over-alla-granser\\\/\",\"name\":\"\u201dH\u00e4r finns en uttalad vilja till samarbete \u00f6ver alla gr\u00e4nser\u201d - Framtidens Karri\u00e4r \u2013 Grundskolel\u00e4rare\",\"isPartOf\":{\"@id\":\"https:\\\/\\\/lararkarriar.se\\\/grundskola\\\/#website\"},\"primaryImageOfPage\":{\"@id\":\"https:\\\/\\\/lararkarriar.se\\\/grundskola\\\/2016\\\/04\\\/07\\\/har-finns-en-uttalad-vilja-till-samarbete-over-alla-granser\\\/#primaryimage\"},\"image\":{\"@id\":\"https:\\\/\\\/lararkarriar.se\\\/grundskola\\\/2016\\\/04\\\/07\\\/har-finns-en-uttalad-vilja-till-samarbete-over-alla-granser\\\/#primaryimage\"},\"thumbnailUrl\":\"https:\\\/\\\/lararkarriar.se\\\/grundskola\\\/wp-content\\\/uploads\\\/sites\\\/12\\\/2016\\\/04\\\/stenungsund-916a6579-photographer-ingela.jpg\",\"datePublished\":\"2016-04-06T22:30:02+00:00\",\"author\":{\"@id\":\"https:\\\/\\\/lararkarriar.se\\\/grundskola\\\/#\\\/schema\\\/person\\\/c8a43eb855191e573b73ecf8987a3b99\"},\"breadcrumb\":{\"@id\":\"https:\\\/\\\/lararkarriar.se\\\/grundskola\\\/2016\\\/04\\\/07\\\/har-finns-en-uttalad-vilja-till-samarbete-over-alla-granser\\\/#breadcrumb\"},\"inLanguage\":\"sv-SE\",\"potentialAction\":[{\"@type\":\"ReadAction\",\"target\":[\"https:\\\/\\\/lararkarriar.se\\\/grundskola\\\/2016\\\/04\\\/07\\\/har-finns-en-uttalad-vilja-till-samarbete-over-alla-granser\\\/\"]}]},{\"@type\":\"ImageObject\",\"inLanguage\":\"sv-SE\",\"@id\":\"https:\\\/\\\/lararkarriar.se\\\/grundskola\\\/2016\\\/04\\\/07\\\/har-finns-en-uttalad-vilja-till-samarbete-over-alla-granser\\\/#primaryimage\",\"url\":\"https:\\\/\\\/lararkarriar.se\\\/grundskola\\\/wp-content\\\/uploads\\\/sites\\\/12\\\/2016\\\/04\\\/stenungsund-916a6579-photographer-ingela.jpg\",\"contentUrl\":\"https:\\\/\\\/lararkarriar.se\\\/grundskola\\\/wp-content\\\/uploads\\\/sites\\\/12\\\/2016\\\/04\\\/stenungsund-916a6579-photographer-ingela.jpg\",\"width\":1000,\"height\":634,\"caption\":\"Johanna H\u00fcbinette och Jenny Lind, l\u00e4rare i Stenungsunds kommun. Foto: Ingela V\u00e5gsund\"},{\"@type\":\"BreadcrumbList\",\"@id\":\"https:\\\/\\\/lararkarriar.se\\\/grundskola\\\/2016\\\/04\\\/07\\\/har-finns-en-uttalad-vilja-till-samarbete-over-alla-granser\\\/#breadcrumb\",\"itemListElement\":[{\"@type\":\"ListItem\",\"position\":1,\"name\":\"Home\",\"item\":\"https:\\\/\\\/lararkarriar.se\\\/grundskola\\\/\"},{\"@type\":\"ListItem\",\"position\":2,\"name\":\"\u201dH\u00e4r finns en uttalad vilja till samarbete \u00f6ver alla gr\u00e4nser\u201d\"}]},{\"@type\":\"WebSite\",\"@id\":\"https:\\\/\\\/lararkarriar.se\\\/grundskola\\\/#website\",\"url\":\"https:\\\/\\\/lararkarriar.se\\\/grundskola\\\/\",\"name\":\"Framtidens Karri\u00e4r \u2013 Grundskolel\u00e4rare\",\"description\":\"Just another NMDashboard.se Sites site\",\"potentialAction\":[{\"@type\":\"SearchAction\",\"target\":{\"@type\":\"EntryPoint\",\"urlTemplate\":\"https:\\\/\\\/lararkarriar.se\\\/grundskola\\\/?s={search_term_string}\"},\"query-input\":{\"@type\":\"PropertyValueSpecification\",\"valueRequired\":true,\"valueName\":\"search_term_string\"}}],\"inLanguage\":\"sv-SE\"},{\"@type\":\"Person\",\"@id\":\"https:\\\/\\\/lararkarriar.se\\\/grundskola\\\/#\\\/schema\\\/person\\\/c8a43eb855191e573b73ecf8987a3b99\",\"name\":\"stellanstal\",\"image\":{\"@type\":\"ImageObject\",\"inLanguage\":\"sv-SE\",\"@id\":\"https:\\\/\\\/secure.gravatar.com\\\/avatar\\\/cd330fa6bb17f598124b2068ee0b189e4fe0987a50af9d53b78410836060d0c9?s=96&d=mm&r=g\",\"url\":\"https:\\\/\\\/secure.gravatar.com\\\/avatar\\\/cd330fa6bb17f598124b2068ee0b189e4fe0987a50af9d53b78410836060d0c9?s=96&d=mm&r=g\",\"contentUrl\":\"https:\\\/\\\/secure.gravatar.com\\\/avatar\\\/cd330fa6bb17f598124b2068ee0b189e4fe0987a50af9d53b78410836060d0c9?s=96&d=mm&r=g\",\"caption\":\"stellanstal\"},\"url\":\"https:\\\/\\\/lararkarriar.se\\\/grundskola\\\/author\\\/stellanstal\\\/\"}]}<\/script>\n<!-- \/ Yoast SEO plugin. -->","yoast_head_json":{"title":"\u201dH\u00e4r finns en uttalad vilja till samarbete \u00f6ver alla gr\u00e4nser\u201d - Framtidens Karri\u00e4r \u2013 Grundskolel\u00e4rare","robots":{"index":"index","follow":"follow","max-snippet":"max-snippet:-1","max-image-preview":"max-image-preview:large","max-video-preview":"max-video-preview:-1"},"canonical":"https:\/\/lararkarriar.se\/grundskola\/2016\/04\/07\/har-finns-en-uttalad-vilja-till-samarbete-over-alla-granser\/","og_locale":"sv_SE","og_type":"article","og_title":"\u201dH\u00e4r finns en uttalad vilja till samarbete \u00f6ver alla gr\u00e4nser\u201d - Framtidens Karri\u00e4r \u2013 Grundskolel\u00e4rare","og_description":"I Stenungsunds kommun \u00e4r det samarbete som g\u00e4ller. H\u00e4r g\u00f6rs saker tillsammans, vilket skapar f\u00f6ruts\u00e4ttningar...","og_url":"https:\/\/lararkarriar.se\/grundskola\/2016\/04\/07\/har-finns-en-uttalad-vilja-till-samarbete-over-alla-granser\/","og_site_name":"Framtidens Karri\u00e4r \u2013 Grundskolel\u00e4rare","article_published_time":"2016-04-06T22:30:02+00:00","og_image":[{"width":1000,"height":634,"url":"https:\/\/lararkarriar.se\/grundskola\/wp-content\/uploads\/sites\/12\/2016\/04\/stenungsund-916a6579-photographer-ingela.jpg","type":"image\/jpeg"}],"author":"stellanstal","twitter_card":"summary_large_image","twitter_misc":{"Skriven av":"stellanstal","Ber\u00e4knad l\u00e4stid":"3 minuter"},"schema":{"@context":"https:\/\/schema.org","@graph":[{"@type":"Article","@id":"https:\/\/lararkarriar.se\/grundskola\/2016\/04\/07\/har-finns-en-uttalad-vilja-till-samarbete-over-alla-granser\/#article","isPartOf":{"@id":"https:\/\/lararkarriar.se\/grundskola\/2016\/04\/07\/har-finns-en-uttalad-vilja-till-samarbete-over-alla-granser\/"},"author":{"name":"stellanstal","@id":"https:\/\/lararkarriar.se\/grundskola\/#\/schema\/person\/c8a43eb855191e573b73ecf8987a3b99"},"headline":"\u201dH\u00e4r finns en uttalad vilja till samarbete \u00f6ver alla gr\u00e4nser\u201d","datePublished":"2016-04-06T22:30:02+00:00","mainEntityOfPage":{"@id":"https:\/\/lararkarriar.se\/grundskola\/2016\/04\/07\/har-finns-en-uttalad-vilja-till-samarbete-over-alla-granser\/"},"wordCount":554,"image":{"@id":"https:\/\/lararkarriar.se\/grundskola\/2016\/04\/07\/har-finns-en-uttalad-vilja-till-samarbete-over-alla-granser\/#primaryimage"},"thumbnailUrl":"https:\/\/lararkarriar.se\/grundskola\/wp-content\/uploads\/sites\/12\/2016\/04\/stenungsund-916a6579-photographer-ingela.jpg","articleSection":["Presentation"],"inLanguage":"sv-SE"},{"@type":"WebPage","@id":"https:\/\/lararkarriar.se\/grundskola\/2016\/04\/07\/har-finns-en-uttalad-vilja-till-samarbete-over-alla-granser\/","url":"https:\/\/lararkarriar.se\/grundskola\/2016\/04\/07\/har-finns-en-uttalad-vilja-till-samarbete-over-alla-granser\/","name":"\u201dH\u00e4r finns en uttalad vilja till samarbete \u00f6ver alla gr\u00e4nser\u201d - Framtidens Karri\u00e4r \u2013 Grundskolel\u00e4rare","isPartOf":{"@id":"https:\/\/lararkarriar.se\/grundskola\/#website"},"primaryImageOfPage":{"@id":"https:\/\/lararkarriar.se\/grundskola\/2016\/04\/07\/har-finns-en-uttalad-vilja-till-samarbete-over-alla-granser\/#primaryimage"},"image":{"@id":"https:\/\/lararkarriar.se\/grundskola\/2016\/04\/07\/har-finns-en-uttalad-vilja-till-samarbete-over-alla-granser\/#primaryimage"},"thumbnailUrl":"https:\/\/lararkarriar.se\/grundskola\/wp-content\/uploads\/sites\/12\/2016\/04\/stenungsund-916a6579-photographer-ingela.jpg","datePublished":"2016-04-06T22:30:02+00:00","author":{"@id":"https:\/\/lararkarriar.se\/grundskola\/#\/schema\/person\/c8a43eb855191e573b73ecf8987a3b99"},"breadcrumb":{"@id":"https:\/\/lararkarriar.se\/grundskola\/2016\/04\/07\/har-finns-en-uttalad-vilja-till-samarbete-over-alla-granser\/#breadcrumb"},"inLanguage":"sv-SE","potentialAction":[{"@type":"ReadAction","target":["https:\/\/lararkarriar.se\/grundskola\/2016\/04\/07\/har-finns-en-uttalad-vilja-till-samarbete-over-alla-granser\/"]}]},{"@type":"ImageObject","inLanguage":"sv-SE","@id":"https:\/\/lararkarriar.se\/grundskola\/2016\/04\/07\/har-finns-en-uttalad-vilja-till-samarbete-over-alla-granser\/#primaryimage","url":"https:\/\/lararkarriar.se\/grundskola\/wp-content\/uploads\/sites\/12\/2016\/04\/stenungsund-916a6579-photographer-ingela.jpg","contentUrl":"https:\/\/lararkarriar.se\/grundskola\/wp-content\/uploads\/sites\/12\/2016\/04\/stenungsund-916a6579-photographer-ingela.jpg","width":1000,"height":634,"caption":"Johanna H\u00fcbinette och Jenny Lind, l\u00e4rare i Stenungsunds kommun. Foto: Ingela V\u00e5gsund"},{"@type":"BreadcrumbList","@id":"https:\/\/lararkarriar.se\/grundskola\/2016\/04\/07\/har-finns-en-uttalad-vilja-till-samarbete-over-alla-granser\/#breadcrumb","itemListElement":[{"@type":"ListItem","position":1,"name":"Home","item":"https:\/\/lararkarriar.se\/grundskola\/"},{"@type":"ListItem","position":2,"name":"\u201dH\u00e4r finns en uttalad vilja till samarbete \u00f6ver alla gr\u00e4nser\u201d"}]},{"@type":"WebSite","@id":"https:\/\/lararkarriar.se\/grundskola\/#website","url":"https:\/\/lararkarriar.se\/grundskola\/","name":"Framtidens Karri\u00e4r \u2013 Grundskolel\u00e4rare","description":"Just another NMDashboard.se Sites site","potentialAction":[{"@type":"SearchAction","target":{"@type":"EntryPoint","urlTemplate":"https:\/\/lararkarriar.se\/grundskola\/?s={search_term_string}"},"query-input":{"@type":"PropertyValueSpecification","valueRequired":true,"valueName":"search_term_string"}}],"inLanguage":"sv-SE"},{"@type":"Person","@id":"https:\/\/lararkarriar.se\/grundskola\/#\/schema\/person\/c8a43eb855191e573b73ecf8987a3b99","name":"stellanstal","image":{"@type":"ImageObject","inLanguage":"sv-SE","@id":"https:\/\/secure.gravatar.com\/avatar\/cd330fa6bb17f598124b2068ee0b189e4fe0987a50af9d53b78410836060d0c9?s=96&d=mm&r=g","url":"https:\/\/secure.gravatar.com\/avatar\/cd330fa6bb17f598124b2068ee0b189e4fe0987a50af9d53b78410836060d0c9?s=96&d=mm&r=g","contentUrl":"https:\/\/secure.gravatar.com\/avatar\/cd330fa6bb17f598124b2068ee0b189e4fe0987a50af9d53b78410836060d0c9?s=96&d=mm&r=g","caption":"stellanstal"},"url":"https:\/\/lararkarriar.se\/grundskola\/author\/stellanstal\/"}]}},"_links":{"self":[{"href":"https:\/\/lararkarriar.se\/grundskola\/wp-json\/wp\/v2\/posts\/5495","targetHints":{"allow":["GET"]}}],"collection":[{"href":"https:\/\/lararkarriar.se\/grundskola\/wp-json\/wp\/v2\/posts"}],"about":[{"href":"https:\/\/lararkarriar.se\/grundskola\/wp-json\/wp\/v2\/types\/post"}],"author":[{"embeddable":true,"href":"https:\/\/lararkarriar.se\/grundskola\/wp-json\/wp\/v2\/users\/3"}],"replies":[{"embeddable":true,"href":"https:\/\/lararkarriar.se\/grundskola\/wp-json\/wp\/v2\/comments?post=5495"}],"version-history":[{"count":0,"href":"https:\/\/lararkarriar.se\/grundskola\/wp-json\/wp\/v2\/posts\/5495\/revisions"}],"wp:featuredmedia":[{"embeddable":true,"href":"https:\/\/lararkarriar.se\/grundskola\/wp-json\/wp\/v2\/media\/5496"}],"wp:attachment":[{"href":"https:\/\/lararkarriar.se\/grundskola\/wp-json\/wp\/v2\/media?parent=5495"}],"wp:term":[{"taxonomy":"category","embeddable":true,"href":"https:\/\/lararkarriar.se\/grundskola\/wp-json\/wp\/v2\/categories?post=5495"},{"taxonomy":"post_tag","embeddable":true,"href":"https:\/\/lararkarriar.se\/grundskola\/wp-json\/wp\/v2\/tags?post=5495"}],"curies":[{"name":"wp","href":"https:\/\/api.w.org\/{rel}","templated":true}]}}