{"id":5501,"date":"2016-04-07T00:32:02","date_gmt":"2016-04-06T22:32:02","guid":{"rendered":"http:\/\/lararkarriar.se\/grundskola\/?p=5501"},"modified":"2016-04-07T00:32:02","modified_gmt":"2016-04-06T22:32:02","slug":"utvecklas-i-din-pedagogiska-roll-hos-stockholms-stad","status":"publish","type":"post","link":"https:\/\/lararkarriar.se\/grundskola\/2016\/04\/07\/utvecklas-i-din-pedagogiska-roll-hos-stockholms-stad\/","title":{"rendered":"Utvecklas i din pedagogiska roll hos Stockholms stad"},"content":{"rendered":"<p><strong>Som l\u00e4rare i Stockholms stad har du m\u00f6jlighet att utvecklas i din pedagogiska roll och g\u00f6ra karri\u00e4r inom l\u00e4raryrket.<\/strong><\/p>\n<hr>\n<figure id=\"attachment_5504\" aria-describedby=\"caption-attachment-5504\" style=\"width: 1000px\" class=\"wp-caption alignnone\"><img loading=\"lazy\" decoding=\"async\" src=\"https:\/\/lararkarriar.se\/grundskola\/wp-content\/uploads\/sites\/12\/2016\/04\/sthlmstad-pernilla-img-3009.jpg\" alt=\"Pernilla Lundenmark p\u00e5 Kungsholmens grundskola.\" width=\"1000\" height=\"635\" class=\"size-full wp-image-5504\" srcset=\"https:\/\/lararkarriar.se\/grundskola\/wp-content\/uploads\/sites\/12\/2016\/04\/sthlmstad-pernilla-img-3009.jpg 1000w, https:\/\/lararkarriar.se\/grundskola\/wp-content\/uploads\/sites\/12\/2016\/04\/sthlmstad-pernilla-img-3009-300x191.jpg 300w, https:\/\/lararkarriar.se\/grundskola\/wp-content\/uploads\/sites\/12\/2016\/04\/sthlmstad-pernilla-img-3009-768x488.jpg 768w, https:\/\/lararkarriar.se\/grundskola\/wp-content\/uploads\/sites\/12\/2016\/04\/sthlmstad-pernilla-img-3009-252x160.jpg 252w, https:\/\/lararkarriar.se\/grundskola\/wp-content\/uploads\/sites\/12\/2016\/04\/sthlmstad-pernilla-img-3009-526x334.jpg 526w, https:\/\/lararkarriar.se\/grundskola\/wp-content\/uploads\/sites\/12\/2016\/04\/sthlmstad-pernilla-img-3009-720x457.jpg 720w, https:\/\/lararkarriar.se\/grundskola\/wp-content\/uploads\/sites\/12\/2016\/04\/sthlmstad-pernilla-img-3009-960x610.jpg 960w\" sizes=\"auto, (max-width: 1000px) 100vw, 1000px\" \/><figcaption id=\"caption-attachment-5504\" class=\"wp-caption-text\">Pernilla Lundenmark p\u00e5 Kungsholmens grundskola.<\/figcaption><\/figure>\n<h2>Pernilla ansvarar f\u00f6r spr\u00e5kutvecklande undervisning p\u00e5 Kungsholmens grundskola<\/h2>\n<p><strong>Pernilla Lundenmark \u00e4r l\u00e4rare i svenska, svenska som andraspr\u00e5k och engelska samt f\u00f6rstel\u00e4rare med inriktning mot spr\u00e5kutvecklande arbetss\u00e4tt p\u00e5 Kungsholmens grundskola. F\u00f6r henne \u00e4r m\u00f6jligheten att arbeta \u00e4mnes\u00f6verskridande med spr\u00e5kutveckling en sp\u00e4nnande karri\u00e4rv\u00e4g.<\/strong><\/p>\n<p>\u2013 Kungsholmens grundskola \u00e4r en F\u20139-skola med drygt 900 elever. Jag arbetar i huvudsak med \u00e5rskurserna 6\u20139. Som f\u00f6rstel\u00e4rare i spr\u00e5kutvecklande arbetss\u00e4tt har jag ansvar f\u00f6r att synligg\u00f6ra, bekr\u00e4fta och utveckla de arbetss\u00e4tt som till\u00e4mpas h\u00e4r. Jag fungerar ocks\u00e5 som en spr\u00e5kutvecklingsresurs f\u00f6r hela skolan, ber\u00e4ttar Pernilla Lundenmark.<br \/>\nPernilla jobbade tidigare under m\u00e5nga \u00e5r i Norra Botkyrka, de sista \u00e5ren som f\u00f6rstel\u00e4rare i spr\u00e5kutvecklande arbetss\u00e4tt. Den erfarenheten har hon med sig i sitt arbete i Stockholms stad.<br \/>\n\u2013 Att arbeta i en stor organisation som i Stockholms stad, ger mig tillf\u00e4lle att f\u00f6rdjupa mitt arbete inom spr\u00e5kutveckling och dra nytta av mina tidigare erfarenheter. Jag utvecklas som l\u00e4rare och inspireras av utmaningar som att vara med om att utveckla skolans verksamhet och att leda kollegial \u00e4mnesutveckling, s\u00e4ger hon.<\/p>\n<p><strong>Handledare f\u00f6r L\u00e4slyftet<\/strong><br \/>\n\u2013 Arbetsklimatet pr\u00e4glas i h\u00f6g grad av \u00f6ppenhet, nyfikenhet och kollegialt l\u00e4rande. H\u00e4r \u00e4r jag alltid v\u00e4lkommen i andra l\u00e4rares klassrum f\u00f6r att hj\u00e4lpa till med att utveckla undervisningen och ge st\u00f6d och skapa inneh\u00e5ll f\u00f6r det kollegiala l\u00e4randet, fr\u00e5gor som ber\u00f6r L\u00e4slyftet och ett spr\u00e5kutvecklande arbetss\u00e4tt, s\u00e4ger Pernilla Lundenmark.<br \/>\n\u2013 En central del i L\u00e4slyftet \u00e4r ju att ta vara p\u00e5 kollegors erfarenheter; diskutera, analysera och reflektera \u00f6ver didaktiska fr\u00e5gor och sin egen och andras undervisning. D\u00e4rigenom kan vi \u00e5stadkomma den dynamik som m\u00f6tet mellan l\u00e4rare, och mellan l\u00e4rare och elever, skapar. Det utvecklar en j\u00e4mlik och h\u00e5llbar skola, s\u00e4ger hon.<\/p>\n<hr>\n<figure id=\"attachment_5506\" aria-describedby=\"caption-attachment-5506\" style=\"width: 1000px\" class=\"wp-caption alignnone\"><img loading=\"lazy\" decoding=\"async\" src=\"https:\/\/lararkarriar.se\/grundskola\/wp-content\/uploads\/sites\/12\/2016\/04\/sthlmstad-stefan-maria-img-2990.jpg\" alt=\"Stefan Ljungdahl och Maria Nerman p\u00e5 Enbacksskolan i Tensta.\" width=\"1000\" height=\"691\" class=\"size-full wp-image-5506\" srcset=\"https:\/\/lararkarriar.se\/grundskola\/wp-content\/uploads\/sites\/12\/2016\/04\/sthlmstad-stefan-maria-img-2990.jpg 1000w, https:\/\/lararkarriar.se\/grundskola\/wp-content\/uploads\/sites\/12\/2016\/04\/sthlmstad-stefan-maria-img-2990-300x207.jpg 300w, https:\/\/lararkarriar.se\/grundskola\/wp-content\/uploads\/sites\/12\/2016\/04\/sthlmstad-stefan-maria-img-2990-768x531.jpg 768w, https:\/\/lararkarriar.se\/grundskola\/wp-content\/uploads\/sites\/12\/2016\/04\/sthlmstad-stefan-maria-img-2990-232x160.jpg 232w, https:\/\/lararkarriar.se\/grundskola\/wp-content\/uploads\/sites\/12\/2016\/04\/sthlmstad-stefan-maria-img-2990-526x363.jpg 526w, https:\/\/lararkarriar.se\/grundskola\/wp-content\/uploads\/sites\/12\/2016\/04\/sthlmstad-stefan-maria-img-2990-720x498.jpg 720w, https:\/\/lararkarriar.se\/grundskola\/wp-content\/uploads\/sites\/12\/2016\/04\/sthlmstad-stefan-maria-img-2990-960x663.jpg 960w\" sizes=\"auto, (max-width: 1000px) 100vw, 1000px\" \/><figcaption id=\"caption-attachment-5506\" class=\"wp-caption-text\">Stefan Ljungdahl och Maria Nerman p\u00e5 Enbacksskolan i Tensta.<\/figcaption><\/figure>\n<h2>Stefan och Maria trivs p\u00e5 Enbacksskolan i Tensta<\/h2>\n<p><strong>F\u00f6r Stefan Ljungdahl, l\u00e4rare f\u00f6r \u00e5rskurs 7\u20139, arbetslagsledare och f\u00f6rstel\u00e4rare i svenska och svenska som andraspr\u00e5k p\u00e5 Enbacksskolan i Tensta, var f\u00f6rstel\u00e4raruppdraget en bekr\u00e4ftelse p\u00e5 det engagemang han l\u00e4gger ner i sitt yrke och den kompetens han tillgodogjort sig under \u00e5rens lopp. I hans uppdrag ing\u00e5r \u00e4ven ett s\u00e4rskilt utvecklingsansvar kring betyg och bed\u00f6mning p\u00e5 hela Enbacksskolan.<\/strong><\/p>\n<p>\u2013 Jag har varit yrkesverksam som l\u00e4rare i Tensta i tjugosju \u00e5r. Jag har arbetat h\u00e4r i hela min karri\u00e4r och sannolikheten \u00e4r stor att jag stannar i m\u00e5nga \u00e5r till. Det \u00e4r sp\u00e4nnande och utmanande att arbeta i Tensta, jag k\u00e4nner verkligen att jag g\u00f6r skillnad f\u00f6r eleverna och har dessutom haft f\u00f6rm\u00e5nen att f\u00f6lja flera generationers elever, s\u00e4ger Stefan Ljungdahl. <\/p>\n<p><strong>L\u00e5g personaloms\u00e4ttning<\/strong><br \/>\n\u2013 M\u00e5nga faktorer bidrar till att jag trivs p\u00e5 Enbacksskolan. I mitt arbetslag \u00e4r personaloms\u00e4ttningen mycket l\u00e5g, vilket bidrar till en h\u00f6g kontinuitet. Sammanh\u00e5llningen och erfarenhetsutbytet oss l\u00e4rare emellan \u00e4r mycket bra och jag har stor frihet att planera mitt eget arbete, s\u00e4ger Stefan Ljungdahl.<br \/>\nGenom \u00e5ren har han deltagit i flera utvecklingsprojekt och g\u00e5tt m\u00e5nga kurser, exempelvis en kurs i hur man kan f\u00f6rse nyanl\u00e4nda barn och ungdomar med kognitivt utvecklande uppgifter, \u00e4ven om deras svenskkunskaper inte \u00e4r s\u00e5 v\u00e4lutvecklade. <\/p>\n<p><strong>En bra utvecklingsplattform<\/strong><br \/>\nMaria Nerman, som \u00e4r F\u20133-l\u00e4rare p\u00e5 Enbacksskolan, har ett brinnande intresse f\u00f6r barns spr\u00e5kutveckling och svenska som andraspr\u00e5k. N\u00e4r hon gjorde sin VFU p\u00e5 Enbacksskolan i slutet av l\u00e4rarutbildningen k\u00e4nde hon direkt att det var r\u00e4tt skola f\u00f6r henne. Sedan augusti 2015 \u00e4r hon f\u00f6restel\u00e4rare med inriktning mot bed\u00f6mning av svenska som andraspr\u00e5k och svenska f\u00f6r l\u00e4gre \u00e5ldrar.<br \/>\n\u2013 F\u00f6r mig \u00e4r Enbacksskolan en j\u00e4ttebra utvecklingsplattform. Jag har varit delaktig i flera utvecklingsprojekt, exempelvis arbetet med att implementera skolans spr\u00e5kutvecklande arbetss\u00e4tt. P\u00e5 Enbacksskolan har jag verkligen f\u00e5tt utvecklas inom mina fr\u00e4msta intresseomr\u00e5den: spr\u00e5kutveckling och svenska som andraspr\u00e5k, s\u00e4ger Maria Nerman.<\/p>\n<p><strong>Trivs med trel\u00e4rarsystem<\/strong><br \/>\nP\u00e5 Enbacksskolan arbetar man utifr\u00e5n ett trel\u00e4rarsystem, vilket inneb\u00e4r att tre l\u00e4rare delar p\u00e5 ansvaret f\u00f6r varje \u00e5rskurs, som i sin tur best\u00e5r av tv\u00e5 grupper. Maria Nerman trivs med trel\u00e4rarsystemet eftersom hon tycker om att samverka med andra l\u00e4rare i sammansvetsade team.<br \/>\n\u2013 Stockholms stad \u00e4r en trygg och stor arbetsgivare med m\u00e5nga olika skolor runtom i hela staden. Det inneb\u00e4r att samma arbetsgivare erbjuder m\u00e5nga olika karri\u00e4rm\u00f6jligheter. Genom att handleda och utbilda mina kollegor utvecklar jag \u00e4ven min yrkeskompetens, s\u00e4ger Maria Nerman.<\/p>\n<hr>\n<figure id=\"attachment_5502\" aria-describedby=\"caption-attachment-5502\" style=\"width: 1000px\" class=\"wp-caption alignnone\"><img loading=\"lazy\" decoding=\"async\" src=\"https:\/\/lararkarriar.se\/grundskola\/wp-content\/uploads\/sites\/12\/2016\/04\/sthlmstad-karin-img-2981.jpg\" alt=\"Karin Pettersson p\u00e5 Kvarnbackaskolan i Kista.\" width=\"1000\" height=\"656\" class=\"size-full wp-image-5502\" srcset=\"https:\/\/lararkarriar.se\/grundskola\/wp-content\/uploads\/sites\/12\/2016\/04\/sthlmstad-karin-img-2981.jpg 1000w, https:\/\/lararkarriar.se\/grundskola\/wp-content\/uploads\/sites\/12\/2016\/04\/sthlmstad-karin-img-2981-300x197.jpg 300w, https:\/\/lararkarriar.se\/grundskola\/wp-content\/uploads\/sites\/12\/2016\/04\/sthlmstad-karin-img-2981-768x504.jpg 768w, https:\/\/lararkarriar.se\/grundskola\/wp-content\/uploads\/sites\/12\/2016\/04\/sthlmstad-karin-img-2981-244x160.jpg 244w, https:\/\/lararkarriar.se\/grundskola\/wp-content\/uploads\/sites\/12\/2016\/04\/sthlmstad-karin-img-2981-526x345.jpg 526w, https:\/\/lararkarriar.se\/grundskola\/wp-content\/uploads\/sites\/12\/2016\/04\/sthlmstad-karin-img-2981-720x472.jpg 720w, https:\/\/lararkarriar.se\/grundskola\/wp-content\/uploads\/sites\/12\/2016\/04\/sthlmstad-karin-img-2981-960x630.jpg 960w\" sizes=\"auto, (max-width: 1000px) 100vw, 1000px\" \/><figcaption id=\"caption-attachment-5502\" class=\"wp-caption-text\">Karin Pettersson p\u00e5 Kvarnbackaskolan i Kista.<\/figcaption><\/figure>\n<h2>Karin driver utvecklingen av det spr\u00e5kutvecklande arbetet<\/h2>\n<p><strong>Karin Pettersson, som \u00e4r grundskoll\u00e4rare i \u00e5rskurs 1\u20137 samt f\u00f6rstel\u00e4rare med uppdraget att driva utvecklingen genrepedagogik, ASL (Att Skriva sig till L\u00e4sning) och IKT p\u00e5 Kvarnbackaskolan i Kista, drivs av att st\u00e4ndigt utvecklas och v\u00e4xa i sin yrkesroll. Hon har arbetat p\u00e5 Kvarnbackaskolan sedan 2003 och har varvat arbete p\u00e5 l\u00e5gstadiet och mellanstadiet med att vara verksam som IT-pedagog.<\/strong><\/p>\n<p>Karin Pettersson uppskattar att dels ing\u00e5 i ett mindre l\u00e4rarlag p\u00e5 en lagom stor skola med drygt 300 elever i \u00e5rskurs 1\u20137 och samtidigt ing\u00e5 i ett st\u00f6rre sammanhang genom att vara anst\u00e4lld av Stockholms stad, en av Sveriges st\u00f6rsta arbetsgivare.<br \/>\n\u2013 En av f\u00f6rdelarna med att vara en del av en st\u00f6rre organisation som Stockholms stad \u00e4r att det finns m\u00e5nga projekt, kurser och pedagogiska satsningar som vi l\u00e4rare kan engagera oss i och ans\u00f6ka till, s\u00e4ger Karin Pettersson.<\/p>\n<p><strong>M\u00e5ngkulturell milj\u00f6 utvecklande<\/strong><br \/>\n\u2013 Att arbeta p\u00e5 en skola i ett m\u00e5ngkulturellt omr\u00e5de som Kista tillf\u00f6r m\u00e5nga merv\u00e4rden. Visst kan det stundtals vara utmanande, men det \u00e4r ocks\u00e5 oerh\u00f6rt utvecklande att vara yrkesverksam i en s\u00e5 m\u00e5ngkulturell milj\u00f6. I klassen som jag \u00e4r klassl\u00e4rare f\u00f6r finns till exempel tjugotre elever som tillsammans representerar arton nationaliteter, s\u00e5 det h\u00e4r \u00e4r i allra h\u00f6gsta grad en milj\u00f6 som pr\u00e4glas av m\u00e5ngfald, s\u00e4ger Karin Pettersson.<br \/>\nKvarnbackaskolans pedagogiska arbete pr\u00e4glas av IKT, inkludering och genrepedagogik. De tre utvecklingsomr\u00e5dena matchar Karin Petterssons egna intresseomr\u00e5den och v\u00e4rderingar som l\u00e4rare.<br \/>\n\u2013 Jag tilltalas av l\u00e5ngsiktigheten i Kvarnbackaskolans pedagogiska satsningar. H\u00e4r finns ocks\u00e5 tillr\u00e4ckliga l\u00e4rarresurser och den personalt\u00e4thet som kr\u00e4vs f\u00f6r att vi ska kunna g\u00f6ra ett riktigt bra pedagogiskt arbete. Stockholms stad erbjuder verkligen r\u00e4tt f\u00f6ruts\u00e4ttningar f\u00f6r l\u00e4rare som vill utvecklas p\u00e5 olika s\u00e4tt, s\u00e4ger Karin Pettersson.<br \/>\nI hennes f\u00f6rstel\u00e4raruppdrag ing\u00e5r bland annat att f\u00f6rel\u00e4sa och utbilda kollegor p\u00e5 Kvarnbackaskolan. Hon h\u00e5ller \u00e4ven i utbildning p\u00e5 andra skolor och f\u00f6rel\u00e4ser p\u00e5 konferenser och utbildningsdagar.<br \/>\n\u2013 Jag medverkar regelbundet p\u00e5 m\u00e4ssor och utbildningsdagar med fokus p\u00e5 bland annat genrepedagogik. Jag f\u00f6rel\u00e4ser inom \u00e4mnesdidaktik p\u00e5 l\u00e4rarutbildningen p\u00e5 Stockholms universitet och utbildar kollegor kring ASL, genrepedagogik och IKT, s\u00e4ger Karin Pettersson.<\/p>\n<hr>\n<figure id=\"attachment_5505\" aria-describedby=\"caption-attachment-5505\" style=\"width: 1000px\" class=\"wp-caption alignnone\"><img loading=\"lazy\" decoding=\"async\" src=\"https:\/\/lararkarriar.se\/grundskola\/wp-content\/uploads\/sites\/12\/2016\/04\/sthlmstad-sheila-img-2991.jpg\" alt=\"Sheila Gloppestad p\u00e5 S\u00e4traskolan.\" width=\"1000\" height=\"649\" class=\"size-full wp-image-5505\" srcset=\"https:\/\/lararkarriar.se\/grundskola\/wp-content\/uploads\/sites\/12\/2016\/04\/sthlmstad-sheila-img-2991.jpg 1000w, https:\/\/lararkarriar.se\/grundskola\/wp-content\/uploads\/sites\/12\/2016\/04\/sthlmstad-sheila-img-2991-300x195.jpg 300w, https:\/\/lararkarriar.se\/grundskola\/wp-content\/uploads\/sites\/12\/2016\/04\/sthlmstad-sheila-img-2991-768x498.jpg 768w, https:\/\/lararkarriar.se\/grundskola\/wp-content\/uploads\/sites\/12\/2016\/04\/sthlmstad-sheila-img-2991-247x160.jpg 247w, https:\/\/lararkarriar.se\/grundskola\/wp-content\/uploads\/sites\/12\/2016\/04\/sthlmstad-sheila-img-2991-526x341.jpg 526w, https:\/\/lararkarriar.se\/grundskola\/wp-content\/uploads\/sites\/12\/2016\/04\/sthlmstad-sheila-img-2991-720x467.jpg 720w, https:\/\/lararkarriar.se\/grundskola\/wp-content\/uploads\/sites\/12\/2016\/04\/sthlmstad-sheila-img-2991-960x623.jpg 960w\" sizes=\"auto, (max-width: 1000px) 100vw, 1000px\" \/><figcaption id=\"caption-attachment-5505\" class=\"wp-caption-text\">Sheila Gloppestad p\u00e5 S\u00e4traskolan.<\/figcaption><\/figure>\n<h2>Sheila utvecklar verksamheten f\u00f6r S\u00e4traskolans nyanl\u00e4nda elever<\/h2>\n<p><strong>Sheila Gloppestad, f\u00f6rstel\u00e4rare i svenska som andraspr\u00e5k med s\u00e4rskilt ansvar f\u00f6r samordningen av nyanl\u00e4nda elever, kom till S\u00e4tra\u00adskolan i januari 2015, efter att ha arbetat i m\u00e5nga \u00e5r i Botkyrka kommun. M\u00f6jligheten att f\u00e5 arbeta med nyanl\u00e4nda elever och skolutveckling med fokus p\u00e5 svenska som andraspr\u00e5k bidrog till att hon valde Stockholms stad.<\/strong><\/p>\n<p>Som samordnare f\u00f6r nyanl\u00e4nda fungerar Sheila Gloppestad som skolledningens f\u00f6rl\u00e4ngda arm med fokus p\u00e5 just nyanl\u00e4nda. Hon ansvarar f\u00f6r inskrivning samt kartl\u00e4ggning av elevernas kunskaper och lotsar d\u00e4refter eleverna in i den svenska skolan, i samarbete med modersm\u00e5lsl\u00e4rare, studiehandledare och \u00e4mnesl\u00e4rare. F\u00f6rstel\u00e4raruppdraget inkluderar \u00e4ven ett ansvar f\u00f6r S\u00e4traskolans utvecklingsarbete inom spr\u00e5kutvecklande arbetss\u00e4tt. Dessutom \u00e4r Sheila Gloppestad mentor och l\u00e4rare i svenska som andraspr\u00e5k f\u00f6r en f\u00f6rberedelseklass med elever i \u00e5rskurs 7\u20139.<br \/>\n\u2013 Jag tog l\u00e4rarexamen 1977 och har sedan dess arbetat med nyanl\u00e4nda elever i m\u00e5nga olika former, direkt\u00adinkludering och som nu i f\u00f6rberedelse\u00adklass. Att arbeta med nyanl\u00e4nda \u00e4r f\u00f6rmodligen det allra roligaste och mest utvecklande l\u00e4raryrke man kan ha, s\u00e4ger Sheila Gloppestad.<\/p>\n<p><strong>H\u00f6g ambitionsniv\u00e5<\/strong><br \/>\n\u2013 F\u00f6r mig som tidigare arbetat i en medelstor kommun k\u00e4nns det roligt att komma till Stockholms stad. Staden har h\u00f6ga ambitioner f\u00f6r skolan och investerar verkligen i de personella och materiella resurser som beh\u00f6vs f\u00f6r att undervisningen ska ha en genomg\u00e5ende h\u00f6g kvalitetsniv\u00e5. F\u00f6r mig som drivs av att delta i och driva pedagogiska utvecklingsprojekt har Stockholms stad hur mycket som helst att erbjuda. Staden uppmuntrar mig att ta del av de f\u00f6rel\u00e4sningar, kurser och symposier som erbjuds, s\u00e4ger Sheila Gloppestad.<\/p>\n<div class=\"faktaruta-title\">Stockholms stad<\/div><div class=\"faktaruta\">Som l\u00e4rare i Stockholms stad har du m\u00f6jlighet att utvecklas i din pedagogiska roll och g\u00f6ra karri\u00e4r inom l\u00e4raryrket. Du f\u00e5r tillg\u00e5ng till kompetensutveckling, n\u00e4tverk och seminarier. Du kan bli VFU-handledare, utvecklingsl\u00e4rare, f\u00f6rstel\u00e4rare, lektor och forskare. Du f\u00e5r ocks\u00e5 m\u00f6jlighet att r\u00f6ra dig inom en stor organisation, Stockholms stad har 144 kommunala grundskolor. M\u00e5nga av dem har \u00e4ven fritidshem, f\u00f6rskoleklass och grunds\u00e4rskola. D\u00e4rmed f\u00e5r du som l\u00e4rare tillg\u00e5ng till en bred skara skolor med en m\u00e5ngfald av pedagogisk utveckling. Alla l\u00e4rare i Stockholms stad har ocks\u00e5 tillg\u00e5ng till aktuell forskning och senaste nytt inom utbildningsfr\u00e5gor.<\/p>\n<p>Stockholms stad \u2013 Utbildningsf\u00f6rvaltningen<br \/>\nBox 22049, 104 22 Stockholm<br \/>\nBes\u00f6k: Hantverkargatan 2 F<br \/>\nTel: 08-508 330 00<br \/>\n<strong><a href=\"http:\/\/www.stockholm.se\" target=\"_blank\" rel=\"noopener noreferrer\">www.stockholm.se<\/a><\/strong><\/br><br \/>\n<a href=\"http:\/\/www.stockholm.se\" target=\"_blank\" rel=\"attachment wp-att-5503 noopener noreferrer\"><img loading=\"lazy\" decoding=\"async\" src=\"http:\/\/lararkarriar.se\/grundskola\/wp-content\/uploads\/2016\/04\/sthlmstad_logotyp_svart_cmyk-250x85.png\" alt=\"www.stockholm.se\" width=\"250\" height=\"85\" class=\"alignnone size-medium wp-image-5503\" \/><\/a><\/div>\n","protected":false},"excerpt":{"rendered":"<p>Som l\u00e4rare i Stockholms stad har du m\u00f6jlighet att utvecklas i din pedagogiska roll och&#8230;<\/p>\n","protected":false},"author":3,"featured_media":5506,"comment_status":"closed","ping_status":"open","sticky":false,"template":"","format":"standard","meta":{"_acf_changed":false,"_monsterinsights_skip_tracking":false,"_monsterinsights_sitenote_active":false,"_monsterinsights_sitenote_note":"","_monsterinsights_sitenote_category":0,"footnotes":""},"categories":[7],"tags":[],"class_list":["post-5501","post","type-post","status-publish","format-standard","has-post-thumbnail","hentry","category-presentation"],"acf":[],"yoast_head":"<!-- This site is optimized with the Yoast SEO plugin v27.3 - https:\/\/yoast.com\/product\/yoast-seo-wordpress\/ -->\n<title>Utvecklas i din pedagogiska roll hos Stockholms stad - Framtidens Karri\u00e4r \u2013 Grundskolel\u00e4rare<\/title>\n<meta name=\"robots\" content=\"index, follow, max-snippet:-1, max-image-preview:large, max-video-preview:-1\" \/>\n<link rel=\"canonical\" href=\"https:\/\/lararkarriar.se\/grundskola\/2016\/04\/07\/utvecklas-i-din-pedagogiska-roll-hos-stockholms-stad\/\" \/>\n<meta property=\"og:locale\" content=\"sv_SE\" \/>\n<meta property=\"og:type\" content=\"article\" \/>\n<meta property=\"og:title\" content=\"Utvecklas i din pedagogiska roll hos Stockholms stad - Framtidens Karri\u00e4r \u2013 Grundskolel\u00e4rare\" \/>\n<meta property=\"og:description\" content=\"Som l\u00e4rare i Stockholms stad har du m\u00f6jlighet att utvecklas i din pedagogiska roll och...\" \/>\n<meta property=\"og:url\" content=\"https:\/\/lararkarriar.se\/grundskola\/2016\/04\/07\/utvecklas-i-din-pedagogiska-roll-hos-stockholms-stad\/\" \/>\n<meta property=\"og:site_name\" content=\"Framtidens Karri\u00e4r \u2013 Grundskolel\u00e4rare\" \/>\n<meta property=\"article:published_time\" content=\"2016-04-06T22:32:02+00:00\" \/>\n<meta property=\"og:image\" content=\"https:\/\/lararkarriar.se\/grundskola\/wp-content\/uploads\/sites\/12\/2016\/04\/sthlmstad-stefan-maria-img-2990.jpg\" \/>\n\t<meta property=\"og:image:width\" content=\"1000\" \/>\n\t<meta property=\"og:image:height\" content=\"691\" \/>\n\t<meta property=\"og:image:type\" content=\"image\/jpeg\" \/>\n<meta name=\"author\" content=\"stellanstal\" \/>\n<meta name=\"twitter:card\" content=\"summary_large_image\" \/>\n<meta name=\"twitter:label1\" content=\"Skriven av\" \/>\n\t<meta name=\"twitter:data1\" content=\"stellanstal\" \/>\n\t<meta name=\"twitter:label2\" content=\"Ber\u00e4knad l\u00e4stid\" \/>\n\t<meta name=\"twitter:data2\" content=\"9 minuter\" \/>\n<script type=\"application\/ld+json\" class=\"yoast-schema-graph\">{\"@context\":\"https:\\\/\\\/schema.org\",\"@graph\":[{\"@type\":\"Article\",\"@id\":\"https:\\\/\\\/lararkarriar.se\\\/grundskola\\\/2016\\\/04\\\/07\\\/utvecklas-i-din-pedagogiska-roll-hos-stockholms-stad\\\/#article\",\"isPartOf\":{\"@id\":\"https:\\\/\\\/lararkarriar.se\\\/grundskola\\\/2016\\\/04\\\/07\\\/utvecklas-i-din-pedagogiska-roll-hos-stockholms-stad\\\/\"},\"author\":{\"name\":\"stellanstal\",\"@id\":\"https:\\\/\\\/lararkarriar.se\\\/grundskola\\\/#\\\/schema\\\/person\\\/c8a43eb855191e573b73ecf8987a3b99\"},\"headline\":\"Utvecklas i din pedagogiska roll hos Stockholms stad\",\"datePublished\":\"2016-04-06T22:32:02+00:00\",\"mainEntityOfPage\":{\"@id\":\"https:\\\/\\\/lararkarriar.se\\\/grundskola\\\/2016\\\/04\\\/07\\\/utvecklas-i-din-pedagogiska-roll-hos-stockholms-stad\\\/\"},\"wordCount\":1750,\"image\":{\"@id\":\"https:\\\/\\\/lararkarriar.se\\\/grundskola\\\/2016\\\/04\\\/07\\\/utvecklas-i-din-pedagogiska-roll-hos-stockholms-stad\\\/#primaryimage\"},\"thumbnailUrl\":\"https:\\\/\\\/lararkarriar.se\\\/grundskola\\\/wp-content\\\/uploads\\\/sites\\\/12\\\/2016\\\/04\\\/sthlmstad-stefan-maria-img-2990.jpg\",\"articleSection\":[\"Presentation\"],\"inLanguage\":\"sv-SE\"},{\"@type\":\"WebPage\",\"@id\":\"https:\\\/\\\/lararkarriar.se\\\/grundskola\\\/2016\\\/04\\\/07\\\/utvecklas-i-din-pedagogiska-roll-hos-stockholms-stad\\\/\",\"url\":\"https:\\\/\\\/lararkarriar.se\\\/grundskola\\\/2016\\\/04\\\/07\\\/utvecklas-i-din-pedagogiska-roll-hos-stockholms-stad\\\/\",\"name\":\"Utvecklas i din pedagogiska roll hos Stockholms stad - Framtidens Karri\u00e4r \u2013 Grundskolel\u00e4rare\",\"isPartOf\":{\"@id\":\"https:\\\/\\\/lararkarriar.se\\\/grundskola\\\/#website\"},\"primaryImageOfPage\":{\"@id\":\"https:\\\/\\\/lararkarriar.se\\\/grundskola\\\/2016\\\/04\\\/07\\\/utvecklas-i-din-pedagogiska-roll-hos-stockholms-stad\\\/#primaryimage\"},\"image\":{\"@id\":\"https:\\\/\\\/lararkarriar.se\\\/grundskola\\\/2016\\\/04\\\/07\\\/utvecklas-i-din-pedagogiska-roll-hos-stockholms-stad\\\/#primaryimage\"},\"thumbnailUrl\":\"https:\\\/\\\/lararkarriar.se\\\/grundskola\\\/wp-content\\\/uploads\\\/sites\\\/12\\\/2016\\\/04\\\/sthlmstad-stefan-maria-img-2990.jpg\",\"datePublished\":\"2016-04-06T22:32:02+00:00\",\"author\":{\"@id\":\"https:\\\/\\\/lararkarriar.se\\\/grundskola\\\/#\\\/schema\\\/person\\\/c8a43eb855191e573b73ecf8987a3b99\"},\"breadcrumb\":{\"@id\":\"https:\\\/\\\/lararkarriar.se\\\/grundskola\\\/2016\\\/04\\\/07\\\/utvecklas-i-din-pedagogiska-roll-hos-stockholms-stad\\\/#breadcrumb\"},\"inLanguage\":\"sv-SE\",\"potentialAction\":[{\"@type\":\"ReadAction\",\"target\":[\"https:\\\/\\\/lararkarriar.se\\\/grundskola\\\/2016\\\/04\\\/07\\\/utvecklas-i-din-pedagogiska-roll-hos-stockholms-stad\\\/\"]}]},{\"@type\":\"ImageObject\",\"inLanguage\":\"sv-SE\",\"@id\":\"https:\\\/\\\/lararkarriar.se\\\/grundskola\\\/2016\\\/04\\\/07\\\/utvecklas-i-din-pedagogiska-roll-hos-stockholms-stad\\\/#primaryimage\",\"url\":\"https:\\\/\\\/lararkarriar.se\\\/grundskola\\\/wp-content\\\/uploads\\\/sites\\\/12\\\/2016\\\/04\\\/sthlmstad-stefan-maria-img-2990.jpg\",\"contentUrl\":\"https:\\\/\\\/lararkarriar.se\\\/grundskola\\\/wp-content\\\/uploads\\\/sites\\\/12\\\/2016\\\/04\\\/sthlmstad-stefan-maria-img-2990.jpg\",\"width\":1000,\"height\":691,\"caption\":\"Stefan Ljungdahl och Maria Nerman p\u00e5 Enbacksskolan i Tensta.\"},{\"@type\":\"BreadcrumbList\",\"@id\":\"https:\\\/\\\/lararkarriar.se\\\/grundskola\\\/2016\\\/04\\\/07\\\/utvecklas-i-din-pedagogiska-roll-hos-stockholms-stad\\\/#breadcrumb\",\"itemListElement\":[{\"@type\":\"ListItem\",\"position\":1,\"name\":\"Home\",\"item\":\"https:\\\/\\\/lararkarriar.se\\\/grundskola\\\/\"},{\"@type\":\"ListItem\",\"position\":2,\"name\":\"Utvecklas i din pedagogiska roll hos Stockholms stad\"}]},{\"@type\":\"WebSite\",\"@id\":\"https:\\\/\\\/lararkarriar.se\\\/grundskola\\\/#website\",\"url\":\"https:\\\/\\\/lararkarriar.se\\\/grundskola\\\/\",\"name\":\"Framtidens Karri\u00e4r \u2013 Grundskolel\u00e4rare\",\"description\":\"Just another NMDashboard.se Sites site\",\"potentialAction\":[{\"@type\":\"SearchAction\",\"target\":{\"@type\":\"EntryPoint\",\"urlTemplate\":\"https:\\\/\\\/lararkarriar.se\\\/grundskola\\\/?s={search_term_string}\"},\"query-input\":{\"@type\":\"PropertyValueSpecification\",\"valueRequired\":true,\"valueName\":\"search_term_string\"}}],\"inLanguage\":\"sv-SE\"},{\"@type\":\"Person\",\"@id\":\"https:\\\/\\\/lararkarriar.se\\\/grundskola\\\/#\\\/schema\\\/person\\\/c8a43eb855191e573b73ecf8987a3b99\",\"name\":\"stellanstal\",\"image\":{\"@type\":\"ImageObject\",\"inLanguage\":\"sv-SE\",\"@id\":\"https:\\\/\\\/secure.gravatar.com\\\/avatar\\\/cd330fa6bb17f598124b2068ee0b189e4fe0987a50af9d53b78410836060d0c9?s=96&d=mm&r=g\",\"url\":\"https:\\\/\\\/secure.gravatar.com\\\/avatar\\\/cd330fa6bb17f598124b2068ee0b189e4fe0987a50af9d53b78410836060d0c9?s=96&d=mm&r=g\",\"contentUrl\":\"https:\\\/\\\/secure.gravatar.com\\\/avatar\\\/cd330fa6bb17f598124b2068ee0b189e4fe0987a50af9d53b78410836060d0c9?s=96&d=mm&r=g\",\"caption\":\"stellanstal\"},\"url\":\"https:\\\/\\\/lararkarriar.se\\\/grundskola\\\/author\\\/stellanstal\\\/\"}]}<\/script>\n<!-- \/ Yoast SEO plugin. -->","yoast_head_json":{"title":"Utvecklas i din pedagogiska roll hos Stockholms stad - Framtidens Karri\u00e4r \u2013 Grundskolel\u00e4rare","robots":{"index":"index","follow":"follow","max-snippet":"max-snippet:-1","max-image-preview":"max-image-preview:large","max-video-preview":"max-video-preview:-1"},"canonical":"https:\/\/lararkarriar.se\/grundskola\/2016\/04\/07\/utvecklas-i-din-pedagogiska-roll-hos-stockholms-stad\/","og_locale":"sv_SE","og_type":"article","og_title":"Utvecklas i din pedagogiska roll hos Stockholms stad - Framtidens Karri\u00e4r \u2013 Grundskolel\u00e4rare","og_description":"Som l\u00e4rare i Stockholms stad har du m\u00f6jlighet att utvecklas i din pedagogiska roll och...","og_url":"https:\/\/lararkarriar.se\/grundskola\/2016\/04\/07\/utvecklas-i-din-pedagogiska-roll-hos-stockholms-stad\/","og_site_name":"Framtidens Karri\u00e4r \u2013 Grundskolel\u00e4rare","article_published_time":"2016-04-06T22:32:02+00:00","og_image":[{"width":1000,"height":691,"url":"https:\/\/lararkarriar.se\/grundskola\/wp-content\/uploads\/sites\/12\/2016\/04\/sthlmstad-stefan-maria-img-2990.jpg","type":"image\/jpeg"}],"author":"stellanstal","twitter_card":"summary_large_image","twitter_misc":{"Skriven av":"stellanstal","Ber\u00e4knad l\u00e4stid":"9 minuter"},"schema":{"@context":"https:\/\/schema.org","@graph":[{"@type":"Article","@id":"https:\/\/lararkarriar.se\/grundskola\/2016\/04\/07\/utvecklas-i-din-pedagogiska-roll-hos-stockholms-stad\/#article","isPartOf":{"@id":"https:\/\/lararkarriar.se\/grundskola\/2016\/04\/07\/utvecklas-i-din-pedagogiska-roll-hos-stockholms-stad\/"},"author":{"name":"stellanstal","@id":"https:\/\/lararkarriar.se\/grundskola\/#\/schema\/person\/c8a43eb855191e573b73ecf8987a3b99"},"headline":"Utvecklas i din pedagogiska roll hos Stockholms stad","datePublished":"2016-04-06T22:32:02+00:00","mainEntityOfPage":{"@id":"https:\/\/lararkarriar.se\/grundskola\/2016\/04\/07\/utvecklas-i-din-pedagogiska-roll-hos-stockholms-stad\/"},"wordCount":1750,"image":{"@id":"https:\/\/lararkarriar.se\/grundskola\/2016\/04\/07\/utvecklas-i-din-pedagogiska-roll-hos-stockholms-stad\/#primaryimage"},"thumbnailUrl":"https:\/\/lararkarriar.se\/grundskola\/wp-content\/uploads\/sites\/12\/2016\/04\/sthlmstad-stefan-maria-img-2990.jpg","articleSection":["Presentation"],"inLanguage":"sv-SE"},{"@type":"WebPage","@id":"https:\/\/lararkarriar.se\/grundskola\/2016\/04\/07\/utvecklas-i-din-pedagogiska-roll-hos-stockholms-stad\/","url":"https:\/\/lararkarriar.se\/grundskola\/2016\/04\/07\/utvecklas-i-din-pedagogiska-roll-hos-stockholms-stad\/","name":"Utvecklas i din pedagogiska roll hos Stockholms stad - Framtidens Karri\u00e4r \u2013 Grundskolel\u00e4rare","isPartOf":{"@id":"https:\/\/lararkarriar.se\/grundskola\/#website"},"primaryImageOfPage":{"@id":"https:\/\/lararkarriar.se\/grundskola\/2016\/04\/07\/utvecklas-i-din-pedagogiska-roll-hos-stockholms-stad\/#primaryimage"},"image":{"@id":"https:\/\/lararkarriar.se\/grundskola\/2016\/04\/07\/utvecklas-i-din-pedagogiska-roll-hos-stockholms-stad\/#primaryimage"},"thumbnailUrl":"https:\/\/lararkarriar.se\/grundskola\/wp-content\/uploads\/sites\/12\/2016\/04\/sthlmstad-stefan-maria-img-2990.jpg","datePublished":"2016-04-06T22:32:02+00:00","author":{"@id":"https:\/\/lararkarriar.se\/grundskola\/#\/schema\/person\/c8a43eb855191e573b73ecf8987a3b99"},"breadcrumb":{"@id":"https:\/\/lararkarriar.se\/grundskola\/2016\/04\/07\/utvecklas-i-din-pedagogiska-roll-hos-stockholms-stad\/#breadcrumb"},"inLanguage":"sv-SE","potentialAction":[{"@type":"ReadAction","target":["https:\/\/lararkarriar.se\/grundskola\/2016\/04\/07\/utvecklas-i-din-pedagogiska-roll-hos-stockholms-stad\/"]}]},{"@type":"ImageObject","inLanguage":"sv-SE","@id":"https:\/\/lararkarriar.se\/grundskola\/2016\/04\/07\/utvecklas-i-din-pedagogiska-roll-hos-stockholms-stad\/#primaryimage","url":"https:\/\/lararkarriar.se\/grundskola\/wp-content\/uploads\/sites\/12\/2016\/04\/sthlmstad-stefan-maria-img-2990.jpg","contentUrl":"https:\/\/lararkarriar.se\/grundskola\/wp-content\/uploads\/sites\/12\/2016\/04\/sthlmstad-stefan-maria-img-2990.jpg","width":1000,"height":691,"caption":"Stefan Ljungdahl och Maria Nerman p\u00e5 Enbacksskolan i Tensta."},{"@type":"BreadcrumbList","@id":"https:\/\/lararkarriar.se\/grundskola\/2016\/04\/07\/utvecklas-i-din-pedagogiska-roll-hos-stockholms-stad\/#breadcrumb","itemListElement":[{"@type":"ListItem","position":1,"name":"Home","item":"https:\/\/lararkarriar.se\/grundskola\/"},{"@type":"ListItem","position":2,"name":"Utvecklas i din pedagogiska roll hos Stockholms stad"}]},{"@type":"WebSite","@id":"https:\/\/lararkarriar.se\/grundskola\/#website","url":"https:\/\/lararkarriar.se\/grundskola\/","name":"Framtidens Karri\u00e4r \u2013 Grundskolel\u00e4rare","description":"Just another NMDashboard.se Sites site","potentialAction":[{"@type":"SearchAction","target":{"@type":"EntryPoint","urlTemplate":"https:\/\/lararkarriar.se\/grundskola\/?s={search_term_string}"},"query-input":{"@type":"PropertyValueSpecification","valueRequired":true,"valueName":"search_term_string"}}],"inLanguage":"sv-SE"},{"@type":"Person","@id":"https:\/\/lararkarriar.se\/grundskola\/#\/schema\/person\/c8a43eb855191e573b73ecf8987a3b99","name":"stellanstal","image":{"@type":"ImageObject","inLanguage":"sv-SE","@id":"https:\/\/secure.gravatar.com\/avatar\/cd330fa6bb17f598124b2068ee0b189e4fe0987a50af9d53b78410836060d0c9?s=96&d=mm&r=g","url":"https:\/\/secure.gravatar.com\/avatar\/cd330fa6bb17f598124b2068ee0b189e4fe0987a50af9d53b78410836060d0c9?s=96&d=mm&r=g","contentUrl":"https:\/\/secure.gravatar.com\/avatar\/cd330fa6bb17f598124b2068ee0b189e4fe0987a50af9d53b78410836060d0c9?s=96&d=mm&r=g","caption":"stellanstal"},"url":"https:\/\/lararkarriar.se\/grundskola\/author\/stellanstal\/"}]}},"_links":{"self":[{"href":"https:\/\/lararkarriar.se\/grundskola\/wp-json\/wp\/v2\/posts\/5501","targetHints":{"allow":["GET"]}}],"collection":[{"href":"https:\/\/lararkarriar.se\/grundskola\/wp-json\/wp\/v2\/posts"}],"about":[{"href":"https:\/\/lararkarriar.se\/grundskola\/wp-json\/wp\/v2\/types\/post"}],"author":[{"embeddable":true,"href":"https:\/\/lararkarriar.se\/grundskola\/wp-json\/wp\/v2\/users\/3"}],"replies":[{"embeddable":true,"href":"https:\/\/lararkarriar.se\/grundskola\/wp-json\/wp\/v2\/comments?post=5501"}],"version-history":[{"count":0,"href":"https:\/\/lararkarriar.se\/grundskola\/wp-json\/wp\/v2\/posts\/5501\/revisions"}],"wp:featuredmedia":[{"embeddable":true,"href":"https:\/\/lararkarriar.se\/grundskola\/wp-json\/wp\/v2\/media\/5506"}],"wp:attachment":[{"href":"https:\/\/lararkarriar.se\/grundskola\/wp-json\/wp\/v2\/media?parent=5501"}],"wp:term":[{"taxonomy":"category","embeddable":true,"href":"https:\/\/lararkarriar.se\/grundskola\/wp-json\/wp\/v2\/categories?post=5501"},{"taxonomy":"post_tag","embeddable":true,"href":"https:\/\/lararkarriar.se\/grundskola\/wp-json\/wp\/v2\/tags?post=5501"}],"curies":[{"name":"wp","href":"https:\/\/api.w.org\/{rel}","templated":true}]}}