{"id":5518,"date":"2016-04-07T00:03:01","date_gmt":"2016-04-06T22:03:01","guid":{"rendered":"http:\/\/lararkarriar.se\/grundskola\/?p=5518"},"modified":"2016-04-07T00:03:01","modified_gmt":"2016-04-06T22:03:01","slug":"viktigt-sta-upp-for-lararnas-kompetens-och-skicklighet","status":"publish","type":"post","link":"https:\/\/lararkarriar.se\/grundskola\/2016\/04\/07\/viktigt-sta-upp-for-lararnas-kompetens-och-skicklighet\/","title":{"rendered":"Viktigt st\u00e5 upp f\u00f6r l\u00e4rarnas kompetens och skicklighet"},"content":{"rendered":"<p><figure id=\"attachment_5519\" aria-describedby=\"caption-attachment-5519\" style=\"width: 250px\" class=\"wp-caption alignright\"><img loading=\"lazy\" decoding=\"async\" src=\"http:\/\/lararkarriar.se\/grundskola\/wp-content\/uploads\/2016\/04\/skolverket_ulrika-lundqvist-250x352.jpg\" alt=\"Ulrika Lundqvist, chef f\u00f6r f\u00f6rskole- och grundskoleenheten.\" width=\"250\" height=\"352\" class=\"size-medium wp-image-5519\" \/><figcaption id=\"caption-attachment-5519\" class=\"wp-caption-text\">Ulrika Lundqvist, chef f\u00f6r f\u00f6rskole- och grundskoleenheten.<\/figcaption><\/figure><strong>\u2013 Skolorna har en stor utmaning i att ha kompetent personal och ge l\u00e4rare f\u00f6ruts\u00e4ttningar f\u00f6r att h\u00e4nga med i den utveckling som sker, s\u00e4ger Ulrika Lundqvist, enhetschef p\u00e5 Skolverkets f\u00f6rskole- och grundskoleenhet. <\/strong><\/p>\n<p>M\u00e5nga kommuner st\u00e5r under de n\u00e4rmaste \u00e5ren inf\u00f6r stora utmaningar n\u00e4r det kommer till rekrytering av beh\u00f6riga l\u00e4rare.<br \/>\n\u2013 Som l\u00e4rare ska du kunna s\u00e4tta betyg, v\u00e4lja l\u00e4romedel, anpassa arbetss\u00e4tt och pedagogik efter de elever du har, osv. Hela konstruktionen bygger p\u00e5 att vi har v\u00e4lutbildade l\u00e4rare. Om en skola har v\u00e4ldigt m\u00e5nga icke beh\u00f6riga l\u00e4rare blir belastningen p\u00e5 de som \u00e4r utbildade v\u00e4ldigt stor, s\u00e4ger Ulrika Lundqvist.<br \/>\nEtt s\u00e4tt att m\u00f6ta utmaningen, f\u00f6rutom att f\u00e5 fler att utbilda sig till l\u00e4rare, \u00e4r att g\u00f6ra det attraktivt att stanna kvar i yrket.<br \/>\n\u2013 Jag tror det \u00e4r viktigt att forts\u00e4tta utveckla olika m\u00f6jligheter att g\u00f6ra karri\u00e4r som l\u00e4rare utan att beh\u00f6va l\u00e4mna undervisningen.<br \/>\nL\u00e4rarnas status i Sverige \u00e4r l\u00e4gre \u00e4n i m\u00e5nga andra l\u00e4nder. H\u00e4r menar Ulrika Lundqvist att en viktig del i arbetet med att h\u00f6ja statusen p\u00e5 yrket handlar om att l\u00e4rarna sj\u00e4lva m\u00e5ste st\u00e5 upp f\u00f6r sin kompetens och skicklighet.<br \/>\n\u2013 Vikten av att ha v\u00e4lutbildade l\u00e4rare i skolan m\u00e5ste tydligg\u00f6ras. Att ta in outbildad arbetskraft ger signaler om att l\u00e4raryrket \u00e4r ett jobb som vem som helst kan utf\u00f6ra. Det \u00e4r klart att en s\u00e5dan inst\u00e4llning g\u00f6r n\u00e5got med statusen.<\/p>\n<p><strong>Trendbrott<\/strong><br \/>\n\u00c4ven om l\u00e4rarprofessionen ofta framst\u00e4lls som ett yrke med l\u00e5g l\u00f6n och status har Ulrika Lundqvist stora f\u00f6rhoppningar om att det ska h\u00e4nda n\u00e5got p\u00e5 den fronten.<br \/>\n\u2013 Det finns en hel del statliga satsningar p\u00e5 kompetensutveckling och riktade insatser i form av nationellt st\u00f6d f\u00f6r att \u00f6ka f\u00f6ruts\u00e4ttningarna f\u00f6r l\u00e4rare att v\u00e4nda den negativa trenden med sjunkande kunskapsresultat. Samtidigt \u00e4r det viktigt att lyfta fram att vi redan idag har m\u00e5nga skolor med oerh\u00f6rt skickliga l\u00e4rare som g\u00f6r ett fantastiskt fint arbete. Jag vet att m\u00e5nga l\u00e4rare inte delar den bild av l\u00e4raryrket som ofta ges i medierna.<br \/>\nMorgondagens grundskola ser hon som en skola som st\u00e5r stadigt och tryggt kan luta sig mot v\u00e4l utarbetade och fungerande l\u00e4roplaner.<br \/>\n\u2013 Jag hoppas att framtidens skola ska vara en skola som har f\u00f6rm\u00e5ga att se till de enskilda individerna och d\u00e4r eleverna f\u00e5r en utbildning f\u00f6r det samh\u00e4lle de lever och ska leva i. F\u00f6r att klara det kr\u00e4vs v\u00e4lutbildade l\u00e4rare och bra styrdokument som bidrar till att samh\u00e4llet kan vara stolta \u00f6ver sin skola.<\/p>\n","protected":false},"excerpt":{"rendered":"<p>\u2013 Skolorna har en stor utmaning i att ha kompetent personal och ge l\u00e4rare f\u00f6ruts\u00e4ttningar&#8230;<\/p>\n","protected":false},"author":3,"featured_media":5519,"comment_status":"closed","ping_status":"open","sticky":false,"template":"","format":"standard","meta":{"_acf_changed":false,"_monsterinsights_skip_tracking":false,"_monsterinsights_sitenote_active":false,"_monsterinsights_sitenote_note":"","_monsterinsights_sitenote_category":0,"footnotes":""},"categories":[1],"tags":[],"class_list":["post-5518","post","type-post","status-publish","format-standard","has-post-thumbnail","hentry","category-artikel"],"acf":[],"yoast_head":"<!-- This site is optimized with the Yoast SEO plugin v27.3 - https:\/\/yoast.com\/product\/yoast-seo-wordpress\/ -->\n<title>Viktigt st\u00e5 upp f\u00f6r l\u00e4rarnas kompetens och skicklighet - Framtidens Karri\u00e4r \u2013 Grundskolel\u00e4rare<\/title>\n<meta name=\"robots\" content=\"index, follow, max-snippet:-1, max-image-preview:large, max-video-preview:-1\" \/>\n<link rel=\"canonical\" href=\"https:\/\/lararkarriar.se\/grundskola\/2016\/04\/07\/viktigt-sta-upp-for-lararnas-kompetens-och-skicklighet\/\" \/>\n<meta property=\"og:locale\" content=\"sv_SE\" \/>\n<meta property=\"og:type\" content=\"article\" \/>\n<meta property=\"og:title\" content=\"Viktigt st\u00e5 upp f\u00f6r l\u00e4rarnas kompetens och skicklighet - Framtidens Karri\u00e4r \u2013 Grundskolel\u00e4rare\" \/>\n<meta property=\"og:description\" content=\"\u2013 Skolorna har en stor utmaning i att ha kompetent personal och ge l\u00e4rare f\u00f6ruts\u00e4ttningar...\" \/>\n<meta property=\"og:url\" content=\"https:\/\/lararkarriar.se\/grundskola\/2016\/04\/07\/viktigt-sta-upp-for-lararnas-kompetens-och-skicklighet\/\" \/>\n<meta property=\"og:site_name\" content=\"Framtidens Karri\u00e4r \u2013 Grundskolel\u00e4rare\" \/>\n<meta property=\"article:published_time\" content=\"2016-04-06T22:03:01+00:00\" \/>\n<meta property=\"og:image\" content=\"https:\/\/lararkarriar.se\/grundskola\/wp-content\/uploads\/sites\/12\/2016\/04\/skolverket-ulrika-lundqvist.jpg\" \/>\n\t<meta property=\"og:image:width\" content=\"1000\" \/>\n\t<meta property=\"og:image:height\" content=\"1408\" \/>\n\t<meta property=\"og:image:type\" content=\"image\/jpeg\" \/>\n<meta name=\"author\" content=\"stellanstal\" \/>\n<meta name=\"twitter:card\" content=\"summary_large_image\" \/>\n<meta name=\"twitter:label1\" content=\"Skriven av\" \/>\n\t<meta name=\"twitter:data1\" content=\"stellanstal\" \/>\n\t<meta name=\"twitter:label2\" content=\"Ber\u00e4knad l\u00e4stid\" \/>\n\t<meta name=\"twitter:data2\" content=\"3 minuter\" \/>\n<script type=\"application\/ld+json\" class=\"yoast-schema-graph\">{\"@context\":\"https:\\\/\\\/schema.org\",\"@graph\":[{\"@type\":\"Article\",\"@id\":\"https:\\\/\\\/lararkarriar.se\\\/grundskola\\\/2016\\\/04\\\/07\\\/viktigt-sta-upp-for-lararnas-kompetens-och-skicklighet\\\/#article\",\"isPartOf\":{\"@id\":\"https:\\\/\\\/lararkarriar.se\\\/grundskola\\\/2016\\\/04\\\/07\\\/viktigt-sta-upp-for-lararnas-kompetens-och-skicklighet\\\/\"},\"author\":{\"name\":\"stellanstal\",\"@id\":\"https:\\\/\\\/lararkarriar.se\\\/grundskola\\\/#\\\/schema\\\/person\\\/c8a43eb855191e573b73ecf8987a3b99\"},\"headline\":\"Viktigt st\u00e5 upp f\u00f6r l\u00e4rarnas kompetens och skicklighet\",\"datePublished\":\"2016-04-06T22:03:01+00:00\",\"mainEntityOfPage\":{\"@id\":\"https:\\\/\\\/lararkarriar.se\\\/grundskola\\\/2016\\\/04\\\/07\\\/viktigt-sta-upp-for-lararnas-kompetens-och-skicklighet\\\/\"},\"wordCount\":517,\"image\":{\"@id\":\"https:\\\/\\\/lararkarriar.se\\\/grundskola\\\/2016\\\/04\\\/07\\\/viktigt-sta-upp-for-lararnas-kompetens-och-skicklighet\\\/#primaryimage\"},\"thumbnailUrl\":\"https:\\\/\\\/lararkarriar.se\\\/grundskola\\\/wp-content\\\/uploads\\\/sites\\\/12\\\/2016\\\/04\\\/skolverket-ulrika-lundqvist.jpg\",\"articleSection\":[\"Artikel\"],\"inLanguage\":\"sv-SE\"},{\"@type\":\"WebPage\",\"@id\":\"https:\\\/\\\/lararkarriar.se\\\/grundskola\\\/2016\\\/04\\\/07\\\/viktigt-sta-upp-for-lararnas-kompetens-och-skicklighet\\\/\",\"url\":\"https:\\\/\\\/lararkarriar.se\\\/grundskola\\\/2016\\\/04\\\/07\\\/viktigt-sta-upp-for-lararnas-kompetens-och-skicklighet\\\/\",\"name\":\"Viktigt st\u00e5 upp f\u00f6r l\u00e4rarnas kompetens och skicklighet - Framtidens Karri\u00e4r \u2013 Grundskolel\u00e4rare\",\"isPartOf\":{\"@id\":\"https:\\\/\\\/lararkarriar.se\\\/grundskola\\\/#website\"},\"primaryImageOfPage\":{\"@id\":\"https:\\\/\\\/lararkarriar.se\\\/grundskola\\\/2016\\\/04\\\/07\\\/viktigt-sta-upp-for-lararnas-kompetens-och-skicklighet\\\/#primaryimage\"},\"image\":{\"@id\":\"https:\\\/\\\/lararkarriar.se\\\/grundskola\\\/2016\\\/04\\\/07\\\/viktigt-sta-upp-for-lararnas-kompetens-och-skicklighet\\\/#primaryimage\"},\"thumbnailUrl\":\"https:\\\/\\\/lararkarriar.se\\\/grundskola\\\/wp-content\\\/uploads\\\/sites\\\/12\\\/2016\\\/04\\\/skolverket-ulrika-lundqvist.jpg\",\"datePublished\":\"2016-04-06T22:03:01+00:00\",\"author\":{\"@id\":\"https:\\\/\\\/lararkarriar.se\\\/grundskola\\\/#\\\/schema\\\/person\\\/c8a43eb855191e573b73ecf8987a3b99\"},\"breadcrumb\":{\"@id\":\"https:\\\/\\\/lararkarriar.se\\\/grundskola\\\/2016\\\/04\\\/07\\\/viktigt-sta-upp-for-lararnas-kompetens-och-skicklighet\\\/#breadcrumb\"},\"inLanguage\":\"sv-SE\",\"potentialAction\":[{\"@type\":\"ReadAction\",\"target\":[\"https:\\\/\\\/lararkarriar.se\\\/grundskola\\\/2016\\\/04\\\/07\\\/viktigt-sta-upp-for-lararnas-kompetens-och-skicklighet\\\/\"]}]},{\"@type\":\"ImageObject\",\"inLanguage\":\"sv-SE\",\"@id\":\"https:\\\/\\\/lararkarriar.se\\\/grundskola\\\/2016\\\/04\\\/07\\\/viktigt-sta-upp-for-lararnas-kompetens-och-skicklighet\\\/#primaryimage\",\"url\":\"https:\\\/\\\/lararkarriar.se\\\/grundskola\\\/wp-content\\\/uploads\\\/sites\\\/12\\\/2016\\\/04\\\/skolverket-ulrika-lundqvist.jpg\",\"contentUrl\":\"https:\\\/\\\/lararkarriar.se\\\/grundskola\\\/wp-content\\\/uploads\\\/sites\\\/12\\\/2016\\\/04\\\/skolverket-ulrika-lundqvist.jpg\",\"width\":1000,\"height\":1408,\"caption\":\"Ulrika Lundqvist, chef f\u00f6r f\u00f6rskole- och grundskoleenheten.\"},{\"@type\":\"BreadcrumbList\",\"@id\":\"https:\\\/\\\/lararkarriar.se\\\/grundskola\\\/2016\\\/04\\\/07\\\/viktigt-sta-upp-for-lararnas-kompetens-och-skicklighet\\\/#breadcrumb\",\"itemListElement\":[{\"@type\":\"ListItem\",\"position\":1,\"name\":\"Home\",\"item\":\"https:\\\/\\\/lararkarriar.se\\\/grundskola\\\/\"},{\"@type\":\"ListItem\",\"position\":2,\"name\":\"Viktigt st\u00e5 upp f\u00f6r l\u00e4rarnas kompetens och skicklighet\"}]},{\"@type\":\"WebSite\",\"@id\":\"https:\\\/\\\/lararkarriar.se\\\/grundskola\\\/#website\",\"url\":\"https:\\\/\\\/lararkarriar.se\\\/grundskola\\\/\",\"name\":\"Framtidens Karri\u00e4r \u2013 Grundskolel\u00e4rare\",\"description\":\"Just another NMDashboard.se Sites site\",\"potentialAction\":[{\"@type\":\"SearchAction\",\"target\":{\"@type\":\"EntryPoint\",\"urlTemplate\":\"https:\\\/\\\/lararkarriar.se\\\/grundskola\\\/?s={search_term_string}\"},\"query-input\":{\"@type\":\"PropertyValueSpecification\",\"valueRequired\":true,\"valueName\":\"search_term_string\"}}],\"inLanguage\":\"sv-SE\"},{\"@type\":\"Person\",\"@id\":\"https:\\\/\\\/lararkarriar.se\\\/grundskola\\\/#\\\/schema\\\/person\\\/c8a43eb855191e573b73ecf8987a3b99\",\"name\":\"stellanstal\",\"image\":{\"@type\":\"ImageObject\",\"inLanguage\":\"sv-SE\",\"@id\":\"https:\\\/\\\/secure.gravatar.com\\\/avatar\\\/cd330fa6bb17f598124b2068ee0b189e4fe0987a50af9d53b78410836060d0c9?s=96&d=mm&r=g\",\"url\":\"https:\\\/\\\/secure.gravatar.com\\\/avatar\\\/cd330fa6bb17f598124b2068ee0b189e4fe0987a50af9d53b78410836060d0c9?s=96&d=mm&r=g\",\"contentUrl\":\"https:\\\/\\\/secure.gravatar.com\\\/avatar\\\/cd330fa6bb17f598124b2068ee0b189e4fe0987a50af9d53b78410836060d0c9?s=96&d=mm&r=g\",\"caption\":\"stellanstal\"},\"url\":\"https:\\\/\\\/lararkarriar.se\\\/grundskola\\\/author\\\/stellanstal\\\/\"}]}<\/script>\n<!-- \/ Yoast SEO plugin. -->","yoast_head_json":{"title":"Viktigt st\u00e5 upp f\u00f6r l\u00e4rarnas kompetens och skicklighet - Framtidens Karri\u00e4r \u2013 Grundskolel\u00e4rare","robots":{"index":"index","follow":"follow","max-snippet":"max-snippet:-1","max-image-preview":"max-image-preview:large","max-video-preview":"max-video-preview:-1"},"canonical":"https:\/\/lararkarriar.se\/grundskola\/2016\/04\/07\/viktigt-sta-upp-for-lararnas-kompetens-och-skicklighet\/","og_locale":"sv_SE","og_type":"article","og_title":"Viktigt st\u00e5 upp f\u00f6r l\u00e4rarnas kompetens och skicklighet - Framtidens Karri\u00e4r \u2013 Grundskolel\u00e4rare","og_description":"\u2013 Skolorna har en stor utmaning i att ha kompetent personal och ge l\u00e4rare f\u00f6ruts\u00e4ttningar...","og_url":"https:\/\/lararkarriar.se\/grundskola\/2016\/04\/07\/viktigt-sta-upp-for-lararnas-kompetens-och-skicklighet\/","og_site_name":"Framtidens Karri\u00e4r \u2013 Grundskolel\u00e4rare","article_published_time":"2016-04-06T22:03:01+00:00","og_image":[{"width":1000,"height":1408,"url":"https:\/\/lararkarriar.se\/grundskola\/wp-content\/uploads\/sites\/12\/2016\/04\/skolverket-ulrika-lundqvist.jpg","type":"image\/jpeg"}],"author":"stellanstal","twitter_card":"summary_large_image","twitter_misc":{"Skriven av":"stellanstal","Ber\u00e4knad l\u00e4stid":"3 minuter"},"schema":{"@context":"https:\/\/schema.org","@graph":[{"@type":"Article","@id":"https:\/\/lararkarriar.se\/grundskola\/2016\/04\/07\/viktigt-sta-upp-for-lararnas-kompetens-och-skicklighet\/#article","isPartOf":{"@id":"https:\/\/lararkarriar.se\/grundskola\/2016\/04\/07\/viktigt-sta-upp-for-lararnas-kompetens-och-skicklighet\/"},"author":{"name":"stellanstal","@id":"https:\/\/lararkarriar.se\/grundskola\/#\/schema\/person\/c8a43eb855191e573b73ecf8987a3b99"},"headline":"Viktigt st\u00e5 upp f\u00f6r l\u00e4rarnas kompetens och skicklighet","datePublished":"2016-04-06T22:03:01+00:00","mainEntityOfPage":{"@id":"https:\/\/lararkarriar.se\/grundskola\/2016\/04\/07\/viktigt-sta-upp-for-lararnas-kompetens-och-skicklighet\/"},"wordCount":517,"image":{"@id":"https:\/\/lararkarriar.se\/grundskola\/2016\/04\/07\/viktigt-sta-upp-for-lararnas-kompetens-och-skicklighet\/#primaryimage"},"thumbnailUrl":"https:\/\/lararkarriar.se\/grundskola\/wp-content\/uploads\/sites\/12\/2016\/04\/skolverket-ulrika-lundqvist.jpg","articleSection":["Artikel"],"inLanguage":"sv-SE"},{"@type":"WebPage","@id":"https:\/\/lararkarriar.se\/grundskola\/2016\/04\/07\/viktigt-sta-upp-for-lararnas-kompetens-och-skicklighet\/","url":"https:\/\/lararkarriar.se\/grundskola\/2016\/04\/07\/viktigt-sta-upp-for-lararnas-kompetens-och-skicklighet\/","name":"Viktigt st\u00e5 upp f\u00f6r l\u00e4rarnas kompetens och skicklighet - Framtidens Karri\u00e4r \u2013 Grundskolel\u00e4rare","isPartOf":{"@id":"https:\/\/lararkarriar.se\/grundskola\/#website"},"primaryImageOfPage":{"@id":"https:\/\/lararkarriar.se\/grundskola\/2016\/04\/07\/viktigt-sta-upp-for-lararnas-kompetens-och-skicklighet\/#primaryimage"},"image":{"@id":"https:\/\/lararkarriar.se\/grundskola\/2016\/04\/07\/viktigt-sta-upp-for-lararnas-kompetens-och-skicklighet\/#primaryimage"},"thumbnailUrl":"https:\/\/lararkarriar.se\/grundskola\/wp-content\/uploads\/sites\/12\/2016\/04\/skolverket-ulrika-lundqvist.jpg","datePublished":"2016-04-06T22:03:01+00:00","author":{"@id":"https:\/\/lararkarriar.se\/grundskola\/#\/schema\/person\/c8a43eb855191e573b73ecf8987a3b99"},"breadcrumb":{"@id":"https:\/\/lararkarriar.se\/grundskola\/2016\/04\/07\/viktigt-sta-upp-for-lararnas-kompetens-och-skicklighet\/#breadcrumb"},"inLanguage":"sv-SE","potentialAction":[{"@type":"ReadAction","target":["https:\/\/lararkarriar.se\/grundskola\/2016\/04\/07\/viktigt-sta-upp-for-lararnas-kompetens-och-skicklighet\/"]}]},{"@type":"ImageObject","inLanguage":"sv-SE","@id":"https:\/\/lararkarriar.se\/grundskola\/2016\/04\/07\/viktigt-sta-upp-for-lararnas-kompetens-och-skicklighet\/#primaryimage","url":"https:\/\/lararkarriar.se\/grundskola\/wp-content\/uploads\/sites\/12\/2016\/04\/skolverket-ulrika-lundqvist.jpg","contentUrl":"https:\/\/lararkarriar.se\/grundskola\/wp-content\/uploads\/sites\/12\/2016\/04\/skolverket-ulrika-lundqvist.jpg","width":1000,"height":1408,"caption":"Ulrika Lundqvist, chef f\u00f6r f\u00f6rskole- och grundskoleenheten."},{"@type":"BreadcrumbList","@id":"https:\/\/lararkarriar.se\/grundskola\/2016\/04\/07\/viktigt-sta-upp-for-lararnas-kompetens-och-skicklighet\/#breadcrumb","itemListElement":[{"@type":"ListItem","position":1,"name":"Home","item":"https:\/\/lararkarriar.se\/grundskola\/"},{"@type":"ListItem","position":2,"name":"Viktigt st\u00e5 upp f\u00f6r l\u00e4rarnas kompetens och skicklighet"}]},{"@type":"WebSite","@id":"https:\/\/lararkarriar.se\/grundskola\/#website","url":"https:\/\/lararkarriar.se\/grundskola\/","name":"Framtidens Karri\u00e4r \u2013 Grundskolel\u00e4rare","description":"Just another NMDashboard.se Sites site","potentialAction":[{"@type":"SearchAction","target":{"@type":"EntryPoint","urlTemplate":"https:\/\/lararkarriar.se\/grundskola\/?s={search_term_string}"},"query-input":{"@type":"PropertyValueSpecification","valueRequired":true,"valueName":"search_term_string"}}],"inLanguage":"sv-SE"},{"@type":"Person","@id":"https:\/\/lararkarriar.se\/grundskola\/#\/schema\/person\/c8a43eb855191e573b73ecf8987a3b99","name":"stellanstal","image":{"@type":"ImageObject","inLanguage":"sv-SE","@id":"https:\/\/secure.gravatar.com\/avatar\/cd330fa6bb17f598124b2068ee0b189e4fe0987a50af9d53b78410836060d0c9?s=96&d=mm&r=g","url":"https:\/\/secure.gravatar.com\/avatar\/cd330fa6bb17f598124b2068ee0b189e4fe0987a50af9d53b78410836060d0c9?s=96&d=mm&r=g","contentUrl":"https:\/\/secure.gravatar.com\/avatar\/cd330fa6bb17f598124b2068ee0b189e4fe0987a50af9d53b78410836060d0c9?s=96&d=mm&r=g","caption":"stellanstal"},"url":"https:\/\/lararkarriar.se\/grundskola\/author\/stellanstal\/"}]}},"_links":{"self":[{"href":"https:\/\/lararkarriar.se\/grundskola\/wp-json\/wp\/v2\/posts\/5518","targetHints":{"allow":["GET"]}}],"collection":[{"href":"https:\/\/lararkarriar.se\/grundskola\/wp-json\/wp\/v2\/posts"}],"about":[{"href":"https:\/\/lararkarriar.se\/grundskola\/wp-json\/wp\/v2\/types\/post"}],"author":[{"embeddable":true,"href":"https:\/\/lararkarriar.se\/grundskola\/wp-json\/wp\/v2\/users\/3"}],"replies":[{"embeddable":true,"href":"https:\/\/lararkarriar.se\/grundskola\/wp-json\/wp\/v2\/comments?post=5518"}],"version-history":[{"count":0,"href":"https:\/\/lararkarriar.se\/grundskola\/wp-json\/wp\/v2\/posts\/5518\/revisions"}],"wp:featuredmedia":[{"embeddable":true,"href":"https:\/\/lararkarriar.se\/grundskola\/wp-json\/wp\/v2\/media\/5519"}],"wp:attachment":[{"href":"https:\/\/lararkarriar.se\/grundskola\/wp-json\/wp\/v2\/media?parent=5518"}],"wp:term":[{"taxonomy":"category","embeddable":true,"href":"https:\/\/lararkarriar.se\/grundskola\/wp-json\/wp\/v2\/categories?post=5518"},{"taxonomy":"post_tag","embeddable":true,"href":"https:\/\/lararkarriar.se\/grundskola\/wp-json\/wp\/v2\/tags?post=5518"}],"curies":[{"name":"wp","href":"https:\/\/api.w.org\/{rel}","templated":true}]}}