{"id":5529,"date":"2016-04-07T00:07:01","date_gmt":"2016-04-06T22:07:01","guid":{"rendered":"http:\/\/lararkarriar.se\/grundskola\/?p=5529"},"modified":"2016-04-07T00:07:01","modified_gmt":"2016-04-06T22:07:01","slug":"digitalt-larande-ett-intressant-utvecklingsspar-for-larare","status":"publish","type":"post","link":"https:\/\/lararkarriar.se\/grundskola\/2016\/04\/07\/digitalt-larande-ett-intressant-utvecklingsspar-for-larare\/","title":{"rendered":"Digitalt l\u00e4rande \u2013 ett intressant utvecklingssp\u00e5r f\u00f6r l\u00e4rare"},"content":{"rendered":"<p><figure id=\"attachment_5530\" aria-describedby=\"caption-attachment-5530\" style=\"width: 1000px\" class=\"wp-caption alignnone\"><img loading=\"lazy\" decoding=\"async\" src=\"https:\/\/lararkarriar.se\/grundskola\/wp-content\/uploads\/sites\/12\/2016\/04\/digitalisering-cecilia-johansson.jpg\" alt=\"Cecilia Johansson, l\u00e4rare i geografi, historia och svenska i \u00e5rskurs 7\u20139 vid Helenelundsskolan i Sollentuna.\" width=\"1000\" height=\"661\" class=\"size-full wp-image-5530\" srcset=\"https:\/\/lararkarriar.se\/grundskola\/wp-content\/uploads\/sites\/12\/2016\/04\/digitalisering-cecilia-johansson.jpg 1000w, https:\/\/lararkarriar.se\/grundskola\/wp-content\/uploads\/sites\/12\/2016\/04\/digitalisering-cecilia-johansson-300x198.jpg 300w, https:\/\/lararkarriar.se\/grundskola\/wp-content\/uploads\/sites\/12\/2016\/04\/digitalisering-cecilia-johansson-768x508.jpg 768w, https:\/\/lararkarriar.se\/grundskola\/wp-content\/uploads\/sites\/12\/2016\/04\/digitalisering-cecilia-johansson-242x160.jpg 242w, https:\/\/lararkarriar.se\/grundskola\/wp-content\/uploads\/sites\/12\/2016\/04\/digitalisering-cecilia-johansson-526x348.jpg 526w, https:\/\/lararkarriar.se\/grundskola\/wp-content\/uploads\/sites\/12\/2016\/04\/digitalisering-cecilia-johansson-720x476.jpg 720w, https:\/\/lararkarriar.se\/grundskola\/wp-content\/uploads\/sites\/12\/2016\/04\/digitalisering-cecilia-johansson-960x635.jpg 960w\" sizes=\"auto, (max-width: 1000px) 100vw, 1000px\" \/><figcaption id=\"caption-attachment-5530\" class=\"wp-caption-text\">Cecilia Johansson, l\u00e4rare i geografi, historia och svenska i \u00e5rskurs 7\u20139 vid Helenelundsskolan i Sollentuna.<\/figcaption><\/figure><strong>F\u00f6r Cecilia Johansson, l\u00e4rare i geografi, historia och svenska i \u00e5rskurs 7\u20139 vid Helenelundsskolan i Sollentuna, \u00e4r digitalt l\u00e4rande ett s\u00e4tt att utveckla b\u00e5de sig sj\u00e4lv och eleverna. 2015 mottog hon f\u00f6rsta pris i Guld\u00e4pplet, ett pris som delas ut till l\u00e4rare som bidragit till att utveckla skolans digitala l\u00e4rande.<\/strong><\/p>\n<p>Cecilia Johansson mottog Guld\u00e4pplet f\u00f6r sitt engagerande och forskningsbaserade arbete med att utveckla de pedagogiska m\u00f6jligheterna i m\u00f6tet mellan sociala medier och historieundervisningen. Hon har bland annat anv\u00e4nt sig av bloggar som verktyg i historieundervisningen och bloggar sj\u00e4lv kring hur hemsidor, sociala medier och bloggar kan integreras i undervisningen.<br \/>\n\u2013 Jag har l\u00e4nge varit intresserad av att anv\u00e4nda digitala medier i undervisningen och vann 2010 priset Webbstj\u00e4rnan. D\u00e5 var det v\u00e4ldigt nytt att anv\u00e4nda internet i undervisningen, s\u00e5 jag provade mig fram med olika metoder och k\u00e4llor. Jag m\u00e4rkte att n\u00e4r eleverna fick blogga som en del av undervisningen s\u00e5 synliggjorde det alla elever. Det tr\u00e4nade \u00e4ven deras empati och f\u00f6rm\u00e5ga att uttrycka sig, s\u00e4ger Cecilia Johansson.<br \/>\n\u2013 N\u00e4r jag provat att l\u00e5ta eleverna blogga som en del av historieundervisningen \u00f6kade mitt intresse f\u00f6r att utforska det digitala l\u00e4randets m\u00f6jligheter inom ramen f\u00f6r historie\u00e4mnet. Jag gick d\u00e4rf\u00f6r en forskarutbildning i historiska medier. Jag forskade p\u00e5 effekten av att anv\u00e4nda bloggar i undervisningen. Det gav mig ny kunskap och inspiration att vidareutveckla arbetet med att anv\u00e4nda bloggar som ett pedagogiskt verktyg, s\u00e4ger Cecilia Johansson. <\/p>\n<p><strong>Saknar \u00f6vergripande satsningar<\/strong><br \/>\nHon uppmuntrar g\u00e4rna andra l\u00e4rare att anv\u00e4nda internet i allm\u00e4nhet och sociala medier i synnerhet i undervisningen, men saknar samtidigt mer \u00f6vergripande satsningar p\u00e5 att utveckla det digitala l\u00e4randet. Det skulle inneb\u00e4ra att varje enskild l\u00e4rare inte f\u00f6ruts\u00e4tts driva utvecklingen p\u00e5 egen hand genom att prova sig fram.<br \/>\n\u2013 Att b\u00f6rja anv\u00e4nda mer digitala verktyg inneb\u00e4r att man utvecklas i sin l\u00e4rarroll. F\u00f6r mig \u00e4r det motiverande att hitta nya metoder att arbeta med digitala medier. P\u00e5 senare tid, n\u00e4r andelen nyanl\u00e4nda elever har \u00f6kat, m\u00e4rker jag ocks\u00e5 att de har ett stort utbyte av just digitalt l\u00e4rande. Mitt tips till andra l\u00e4rare som vill inkludera sociala medier i sin undervisning \u00e4r att b\u00f6rja med att skapa en blogg tillsammans med dina elever. Var tydlig med vad du vill \u00e5stadkomma med bloggen, vilket budskap bloggen ska f\u00f6rmedla och hur eleverna kan involveras p\u00e5 ett bra s\u00e4tt, s\u00e4ger Cecilia Johansson.<\/p>\n","protected":false},"excerpt":{"rendered":"<p>F\u00f6r Cecilia Johansson, l\u00e4rare i geografi, historia och svenska i \u00e5rskurs 7\u20139 vid Helenelundsskolan i&#8230;<\/p>\n","protected":false},"author":3,"featured_media":5530,"comment_status":"closed","ping_status":"open","sticky":false,"template":"","format":"standard","meta":{"_acf_changed":false,"_monsterinsights_skip_tracking":false,"_monsterinsights_sitenote_active":false,"_monsterinsights_sitenote_note":"","_monsterinsights_sitenote_category":0,"footnotes":""},"categories":[1],"tags":[],"class_list":["post-5529","post","type-post","status-publish","format-standard","has-post-thumbnail","hentry","category-artikel"],"acf":[],"yoast_head":"<!-- This site is optimized with the Yoast SEO plugin v27.3 - https:\/\/yoast.com\/product\/yoast-seo-wordpress\/ -->\n<title>Digitalt l\u00e4rande \u2013 ett intressant utvecklingssp\u00e5r f\u00f6r l\u00e4rare - Framtidens Karri\u00e4r \u2013 Grundskolel\u00e4rare<\/title>\n<meta name=\"robots\" content=\"index, follow, max-snippet:-1, max-image-preview:large, max-video-preview:-1\" \/>\n<link rel=\"canonical\" href=\"https:\/\/lararkarriar.se\/grundskola\/2016\/04\/07\/digitalt-larande-ett-intressant-utvecklingsspar-for-larare\/\" \/>\n<meta property=\"og:locale\" content=\"sv_SE\" \/>\n<meta property=\"og:type\" content=\"article\" \/>\n<meta property=\"og:title\" content=\"Digitalt l\u00e4rande \u2013 ett intressant utvecklingssp\u00e5r f\u00f6r l\u00e4rare - Framtidens Karri\u00e4r \u2013 Grundskolel\u00e4rare\" \/>\n<meta property=\"og:description\" content=\"F\u00f6r Cecilia Johansson, l\u00e4rare i geografi, historia och svenska i \u00e5rskurs 7\u20139 vid Helenelundsskolan i...\" \/>\n<meta property=\"og:url\" content=\"https:\/\/lararkarriar.se\/grundskola\/2016\/04\/07\/digitalt-larande-ett-intressant-utvecklingsspar-for-larare\/\" \/>\n<meta property=\"og:site_name\" content=\"Framtidens Karri\u00e4r \u2013 Grundskolel\u00e4rare\" \/>\n<meta property=\"article:published_time\" content=\"2016-04-06T22:07:01+00:00\" \/>\n<meta property=\"og:image\" content=\"https:\/\/lararkarriar.se\/grundskola\/wp-content\/uploads\/sites\/12\/2016\/04\/digitalisering-cecilia-johansson.jpg\" \/>\n\t<meta property=\"og:image:width\" content=\"1000\" \/>\n\t<meta property=\"og:image:height\" content=\"661\" \/>\n\t<meta property=\"og:image:type\" content=\"image\/jpeg\" \/>\n<meta name=\"author\" content=\"stellanstal\" \/>\n<meta name=\"twitter:card\" content=\"summary_large_image\" \/>\n<meta name=\"twitter:label1\" content=\"Skriven av\" \/>\n\t<meta name=\"twitter:data1\" content=\"stellanstal\" \/>\n\t<meta name=\"twitter:label2\" content=\"Ber\u00e4knad l\u00e4stid\" \/>\n\t<meta name=\"twitter:data2\" content=\"2 minuter\" \/>\n<script type=\"application\/ld+json\" class=\"yoast-schema-graph\">{\"@context\":\"https:\\\/\\\/schema.org\",\"@graph\":[{\"@type\":\"Article\",\"@id\":\"https:\\\/\\\/lararkarriar.se\\\/grundskola\\\/2016\\\/04\\\/07\\\/digitalt-larande-ett-intressant-utvecklingsspar-for-larare\\\/#article\",\"isPartOf\":{\"@id\":\"https:\\\/\\\/lararkarriar.se\\\/grundskola\\\/2016\\\/04\\\/07\\\/digitalt-larande-ett-intressant-utvecklingsspar-for-larare\\\/\"},\"author\":{\"name\":\"stellanstal\",\"@id\":\"https:\\\/\\\/lararkarriar.se\\\/grundskola\\\/#\\\/schema\\\/person\\\/c8a43eb855191e573b73ecf8987a3b99\"},\"headline\":\"Digitalt l\u00e4rande \u2013 ett intressant utvecklingssp\u00e5r f\u00f6r l\u00e4rare\",\"datePublished\":\"2016-04-06T22:07:01+00:00\",\"mainEntityOfPage\":{\"@id\":\"https:\\\/\\\/lararkarriar.se\\\/grundskola\\\/2016\\\/04\\\/07\\\/digitalt-larande-ett-intressant-utvecklingsspar-for-larare\\\/\"},\"wordCount\":475,\"image\":{\"@id\":\"https:\\\/\\\/lararkarriar.se\\\/grundskola\\\/2016\\\/04\\\/07\\\/digitalt-larande-ett-intressant-utvecklingsspar-for-larare\\\/#primaryimage\"},\"thumbnailUrl\":\"https:\\\/\\\/lararkarriar.se\\\/grundskola\\\/wp-content\\\/uploads\\\/sites\\\/12\\\/2016\\\/04\\\/digitalisering-cecilia-johansson.jpg\",\"articleSection\":[\"Artikel\"],\"inLanguage\":\"sv-SE\"},{\"@type\":\"WebPage\",\"@id\":\"https:\\\/\\\/lararkarriar.se\\\/grundskola\\\/2016\\\/04\\\/07\\\/digitalt-larande-ett-intressant-utvecklingsspar-for-larare\\\/\",\"url\":\"https:\\\/\\\/lararkarriar.se\\\/grundskola\\\/2016\\\/04\\\/07\\\/digitalt-larande-ett-intressant-utvecklingsspar-for-larare\\\/\",\"name\":\"Digitalt l\u00e4rande \u2013 ett intressant utvecklingssp\u00e5r f\u00f6r l\u00e4rare - Framtidens Karri\u00e4r \u2013 Grundskolel\u00e4rare\",\"isPartOf\":{\"@id\":\"https:\\\/\\\/lararkarriar.se\\\/grundskola\\\/#website\"},\"primaryImageOfPage\":{\"@id\":\"https:\\\/\\\/lararkarriar.se\\\/grundskola\\\/2016\\\/04\\\/07\\\/digitalt-larande-ett-intressant-utvecklingsspar-for-larare\\\/#primaryimage\"},\"image\":{\"@id\":\"https:\\\/\\\/lararkarriar.se\\\/grundskola\\\/2016\\\/04\\\/07\\\/digitalt-larande-ett-intressant-utvecklingsspar-for-larare\\\/#primaryimage\"},\"thumbnailUrl\":\"https:\\\/\\\/lararkarriar.se\\\/grundskola\\\/wp-content\\\/uploads\\\/sites\\\/12\\\/2016\\\/04\\\/digitalisering-cecilia-johansson.jpg\",\"datePublished\":\"2016-04-06T22:07:01+00:00\",\"author\":{\"@id\":\"https:\\\/\\\/lararkarriar.se\\\/grundskola\\\/#\\\/schema\\\/person\\\/c8a43eb855191e573b73ecf8987a3b99\"},\"breadcrumb\":{\"@id\":\"https:\\\/\\\/lararkarriar.se\\\/grundskola\\\/2016\\\/04\\\/07\\\/digitalt-larande-ett-intressant-utvecklingsspar-for-larare\\\/#breadcrumb\"},\"inLanguage\":\"sv-SE\",\"potentialAction\":[{\"@type\":\"ReadAction\",\"target\":[\"https:\\\/\\\/lararkarriar.se\\\/grundskola\\\/2016\\\/04\\\/07\\\/digitalt-larande-ett-intressant-utvecklingsspar-for-larare\\\/\"]}]},{\"@type\":\"ImageObject\",\"inLanguage\":\"sv-SE\",\"@id\":\"https:\\\/\\\/lararkarriar.se\\\/grundskola\\\/2016\\\/04\\\/07\\\/digitalt-larande-ett-intressant-utvecklingsspar-for-larare\\\/#primaryimage\",\"url\":\"https:\\\/\\\/lararkarriar.se\\\/grundskola\\\/wp-content\\\/uploads\\\/sites\\\/12\\\/2016\\\/04\\\/digitalisering-cecilia-johansson.jpg\",\"contentUrl\":\"https:\\\/\\\/lararkarriar.se\\\/grundskola\\\/wp-content\\\/uploads\\\/sites\\\/12\\\/2016\\\/04\\\/digitalisering-cecilia-johansson.jpg\",\"width\":1000,\"height\":661,\"caption\":\"Cecilia Johansson, l\u00e4rare i geografi, historia och svenska i \u00e5rskurs 7\u20139 vid Helenelundsskolan i Sollentuna.\"},{\"@type\":\"BreadcrumbList\",\"@id\":\"https:\\\/\\\/lararkarriar.se\\\/grundskola\\\/2016\\\/04\\\/07\\\/digitalt-larande-ett-intressant-utvecklingsspar-for-larare\\\/#breadcrumb\",\"itemListElement\":[{\"@type\":\"ListItem\",\"position\":1,\"name\":\"Home\",\"item\":\"https:\\\/\\\/lararkarriar.se\\\/grundskola\\\/\"},{\"@type\":\"ListItem\",\"position\":2,\"name\":\"Digitalt l\u00e4rande \u2013 ett intressant utvecklingssp\u00e5r f\u00f6r l\u00e4rare\"}]},{\"@type\":\"WebSite\",\"@id\":\"https:\\\/\\\/lararkarriar.se\\\/grundskola\\\/#website\",\"url\":\"https:\\\/\\\/lararkarriar.se\\\/grundskola\\\/\",\"name\":\"Framtidens Karri\u00e4r \u2013 Grundskolel\u00e4rare\",\"description\":\"Just another NMDashboard.se Sites site\",\"potentialAction\":[{\"@type\":\"SearchAction\",\"target\":{\"@type\":\"EntryPoint\",\"urlTemplate\":\"https:\\\/\\\/lararkarriar.se\\\/grundskola\\\/?s={search_term_string}\"},\"query-input\":{\"@type\":\"PropertyValueSpecification\",\"valueRequired\":true,\"valueName\":\"search_term_string\"}}],\"inLanguage\":\"sv-SE\"},{\"@type\":\"Person\",\"@id\":\"https:\\\/\\\/lararkarriar.se\\\/grundskola\\\/#\\\/schema\\\/person\\\/c8a43eb855191e573b73ecf8987a3b99\",\"name\":\"stellanstal\",\"image\":{\"@type\":\"ImageObject\",\"inLanguage\":\"sv-SE\",\"@id\":\"https:\\\/\\\/secure.gravatar.com\\\/avatar\\\/cd330fa6bb17f598124b2068ee0b189e4fe0987a50af9d53b78410836060d0c9?s=96&d=mm&r=g\",\"url\":\"https:\\\/\\\/secure.gravatar.com\\\/avatar\\\/cd330fa6bb17f598124b2068ee0b189e4fe0987a50af9d53b78410836060d0c9?s=96&d=mm&r=g\",\"contentUrl\":\"https:\\\/\\\/secure.gravatar.com\\\/avatar\\\/cd330fa6bb17f598124b2068ee0b189e4fe0987a50af9d53b78410836060d0c9?s=96&d=mm&r=g\",\"caption\":\"stellanstal\"},\"url\":\"https:\\\/\\\/lararkarriar.se\\\/grundskola\\\/author\\\/stellanstal\\\/\"}]}<\/script>\n<!-- \/ Yoast SEO plugin. -->","yoast_head_json":{"title":"Digitalt l\u00e4rande \u2013 ett intressant utvecklingssp\u00e5r f\u00f6r l\u00e4rare - Framtidens Karri\u00e4r \u2013 Grundskolel\u00e4rare","robots":{"index":"index","follow":"follow","max-snippet":"max-snippet:-1","max-image-preview":"max-image-preview:large","max-video-preview":"max-video-preview:-1"},"canonical":"https:\/\/lararkarriar.se\/grundskola\/2016\/04\/07\/digitalt-larande-ett-intressant-utvecklingsspar-for-larare\/","og_locale":"sv_SE","og_type":"article","og_title":"Digitalt l\u00e4rande \u2013 ett intressant utvecklingssp\u00e5r f\u00f6r l\u00e4rare - Framtidens Karri\u00e4r \u2013 Grundskolel\u00e4rare","og_description":"F\u00f6r Cecilia Johansson, l\u00e4rare i geografi, historia och svenska i \u00e5rskurs 7\u20139 vid Helenelundsskolan i...","og_url":"https:\/\/lararkarriar.se\/grundskola\/2016\/04\/07\/digitalt-larande-ett-intressant-utvecklingsspar-for-larare\/","og_site_name":"Framtidens Karri\u00e4r \u2013 Grundskolel\u00e4rare","article_published_time":"2016-04-06T22:07:01+00:00","og_image":[{"width":1000,"height":661,"url":"https:\/\/lararkarriar.se\/grundskola\/wp-content\/uploads\/sites\/12\/2016\/04\/digitalisering-cecilia-johansson.jpg","type":"image\/jpeg"}],"author":"stellanstal","twitter_card":"summary_large_image","twitter_misc":{"Skriven av":"stellanstal","Ber\u00e4knad l\u00e4stid":"2 minuter"},"schema":{"@context":"https:\/\/schema.org","@graph":[{"@type":"Article","@id":"https:\/\/lararkarriar.se\/grundskola\/2016\/04\/07\/digitalt-larande-ett-intressant-utvecklingsspar-for-larare\/#article","isPartOf":{"@id":"https:\/\/lararkarriar.se\/grundskola\/2016\/04\/07\/digitalt-larande-ett-intressant-utvecklingsspar-for-larare\/"},"author":{"name":"stellanstal","@id":"https:\/\/lararkarriar.se\/grundskola\/#\/schema\/person\/c8a43eb855191e573b73ecf8987a3b99"},"headline":"Digitalt l\u00e4rande \u2013 ett intressant utvecklingssp\u00e5r f\u00f6r l\u00e4rare","datePublished":"2016-04-06T22:07:01+00:00","mainEntityOfPage":{"@id":"https:\/\/lararkarriar.se\/grundskola\/2016\/04\/07\/digitalt-larande-ett-intressant-utvecklingsspar-for-larare\/"},"wordCount":475,"image":{"@id":"https:\/\/lararkarriar.se\/grundskola\/2016\/04\/07\/digitalt-larande-ett-intressant-utvecklingsspar-for-larare\/#primaryimage"},"thumbnailUrl":"https:\/\/lararkarriar.se\/grundskola\/wp-content\/uploads\/sites\/12\/2016\/04\/digitalisering-cecilia-johansson.jpg","articleSection":["Artikel"],"inLanguage":"sv-SE"},{"@type":"WebPage","@id":"https:\/\/lararkarriar.se\/grundskola\/2016\/04\/07\/digitalt-larande-ett-intressant-utvecklingsspar-for-larare\/","url":"https:\/\/lararkarriar.se\/grundskola\/2016\/04\/07\/digitalt-larande-ett-intressant-utvecklingsspar-for-larare\/","name":"Digitalt l\u00e4rande \u2013 ett intressant utvecklingssp\u00e5r f\u00f6r l\u00e4rare - Framtidens Karri\u00e4r \u2013 Grundskolel\u00e4rare","isPartOf":{"@id":"https:\/\/lararkarriar.se\/grundskola\/#website"},"primaryImageOfPage":{"@id":"https:\/\/lararkarriar.se\/grundskola\/2016\/04\/07\/digitalt-larande-ett-intressant-utvecklingsspar-for-larare\/#primaryimage"},"image":{"@id":"https:\/\/lararkarriar.se\/grundskola\/2016\/04\/07\/digitalt-larande-ett-intressant-utvecklingsspar-for-larare\/#primaryimage"},"thumbnailUrl":"https:\/\/lararkarriar.se\/grundskola\/wp-content\/uploads\/sites\/12\/2016\/04\/digitalisering-cecilia-johansson.jpg","datePublished":"2016-04-06T22:07:01+00:00","author":{"@id":"https:\/\/lararkarriar.se\/grundskola\/#\/schema\/person\/c8a43eb855191e573b73ecf8987a3b99"},"breadcrumb":{"@id":"https:\/\/lararkarriar.se\/grundskola\/2016\/04\/07\/digitalt-larande-ett-intressant-utvecklingsspar-for-larare\/#breadcrumb"},"inLanguage":"sv-SE","potentialAction":[{"@type":"ReadAction","target":["https:\/\/lararkarriar.se\/grundskola\/2016\/04\/07\/digitalt-larande-ett-intressant-utvecklingsspar-for-larare\/"]}]},{"@type":"ImageObject","inLanguage":"sv-SE","@id":"https:\/\/lararkarriar.se\/grundskola\/2016\/04\/07\/digitalt-larande-ett-intressant-utvecklingsspar-for-larare\/#primaryimage","url":"https:\/\/lararkarriar.se\/grundskola\/wp-content\/uploads\/sites\/12\/2016\/04\/digitalisering-cecilia-johansson.jpg","contentUrl":"https:\/\/lararkarriar.se\/grundskola\/wp-content\/uploads\/sites\/12\/2016\/04\/digitalisering-cecilia-johansson.jpg","width":1000,"height":661,"caption":"Cecilia Johansson, l\u00e4rare i geografi, historia och svenska i \u00e5rskurs 7\u20139 vid Helenelundsskolan i Sollentuna."},{"@type":"BreadcrumbList","@id":"https:\/\/lararkarriar.se\/grundskola\/2016\/04\/07\/digitalt-larande-ett-intressant-utvecklingsspar-for-larare\/#breadcrumb","itemListElement":[{"@type":"ListItem","position":1,"name":"Home","item":"https:\/\/lararkarriar.se\/grundskola\/"},{"@type":"ListItem","position":2,"name":"Digitalt l\u00e4rande \u2013 ett intressant utvecklingssp\u00e5r f\u00f6r l\u00e4rare"}]},{"@type":"WebSite","@id":"https:\/\/lararkarriar.se\/grundskola\/#website","url":"https:\/\/lararkarriar.se\/grundskola\/","name":"Framtidens Karri\u00e4r \u2013 Grundskolel\u00e4rare","description":"Just another NMDashboard.se Sites site","potentialAction":[{"@type":"SearchAction","target":{"@type":"EntryPoint","urlTemplate":"https:\/\/lararkarriar.se\/grundskola\/?s={search_term_string}"},"query-input":{"@type":"PropertyValueSpecification","valueRequired":true,"valueName":"search_term_string"}}],"inLanguage":"sv-SE"},{"@type":"Person","@id":"https:\/\/lararkarriar.se\/grundskola\/#\/schema\/person\/c8a43eb855191e573b73ecf8987a3b99","name":"stellanstal","image":{"@type":"ImageObject","inLanguage":"sv-SE","@id":"https:\/\/secure.gravatar.com\/avatar\/cd330fa6bb17f598124b2068ee0b189e4fe0987a50af9d53b78410836060d0c9?s=96&d=mm&r=g","url":"https:\/\/secure.gravatar.com\/avatar\/cd330fa6bb17f598124b2068ee0b189e4fe0987a50af9d53b78410836060d0c9?s=96&d=mm&r=g","contentUrl":"https:\/\/secure.gravatar.com\/avatar\/cd330fa6bb17f598124b2068ee0b189e4fe0987a50af9d53b78410836060d0c9?s=96&d=mm&r=g","caption":"stellanstal"},"url":"https:\/\/lararkarriar.se\/grundskola\/author\/stellanstal\/"}]}},"_links":{"self":[{"href":"https:\/\/lararkarriar.se\/grundskola\/wp-json\/wp\/v2\/posts\/5529","targetHints":{"allow":["GET"]}}],"collection":[{"href":"https:\/\/lararkarriar.se\/grundskola\/wp-json\/wp\/v2\/posts"}],"about":[{"href":"https:\/\/lararkarriar.se\/grundskola\/wp-json\/wp\/v2\/types\/post"}],"author":[{"embeddable":true,"href":"https:\/\/lararkarriar.se\/grundskola\/wp-json\/wp\/v2\/users\/3"}],"replies":[{"embeddable":true,"href":"https:\/\/lararkarriar.se\/grundskola\/wp-json\/wp\/v2\/comments?post=5529"}],"version-history":[{"count":0,"href":"https:\/\/lararkarriar.se\/grundskola\/wp-json\/wp\/v2\/posts\/5529\/revisions"}],"wp:featuredmedia":[{"embeddable":true,"href":"https:\/\/lararkarriar.se\/grundskola\/wp-json\/wp\/v2\/media\/5530"}],"wp:attachment":[{"href":"https:\/\/lararkarriar.se\/grundskola\/wp-json\/wp\/v2\/media?parent=5529"}],"wp:term":[{"taxonomy":"category","embeddable":true,"href":"https:\/\/lararkarriar.se\/grundskola\/wp-json\/wp\/v2\/categories?post=5529"},{"taxonomy":"post_tag","embeddable":true,"href":"https:\/\/lararkarriar.se\/grundskola\/wp-json\/wp\/v2\/tags?post=5529"}],"curies":[{"name":"wp","href":"https:\/\/api.w.org\/{rel}","templated":true}]}}