{"id":5534,"date":"2016-04-07T00:21:01","date_gmt":"2016-04-06T22:21:01","guid":{"rendered":"http:\/\/lararkarriar.se\/grundskola\/?p=5534"},"modified":"2016-04-07T00:21:01","modified_gmt":"2016-04-06T22:21:01","slug":"tre-av-fyra-larare-positiva-till-forslaget-om-lararassistenter","status":"publish","type":"post","link":"https:\/\/lararkarriar.se\/grundskola\/2016\/04\/07\/tre-av-fyra-larare-positiva-till-forslaget-om-lararassistenter\/","title":{"rendered":"Tre av fyra l\u00e4rare positiva till f\u00f6rslaget om l\u00e4rarassistenter"},"content":{"rendered":"<p><figure id=\"attachment_5544\" aria-describedby=\"caption-attachment-5544\" style=\"width: 1000px\" class=\"wp-caption alignnone\"><img loading=\"lazy\" decoding=\"async\" src=\"https:\/\/lararkarriar.se\/grundskola\/wp-content\/uploads\/sites\/12\/2016\/04\/undersokning-matz-nilsson1.jpg\" alt=\"Matz Nilsson, f\u00f6rbundsordf\u00f6rande i Skolledarna.\" width=\"1000\" height=\"655\" class=\"size-full wp-image-5544\" srcset=\"https:\/\/lararkarriar.se\/grundskola\/wp-content\/uploads\/sites\/12\/2016\/04\/undersokning-matz-nilsson1.jpg 1000w, https:\/\/lararkarriar.se\/grundskola\/wp-content\/uploads\/sites\/12\/2016\/04\/undersokning-matz-nilsson1-300x197.jpg 300w, https:\/\/lararkarriar.se\/grundskola\/wp-content\/uploads\/sites\/12\/2016\/04\/undersokning-matz-nilsson1-768x503.jpg 768w, https:\/\/lararkarriar.se\/grundskola\/wp-content\/uploads\/sites\/12\/2016\/04\/undersokning-matz-nilsson1-244x160.jpg 244w, https:\/\/lararkarriar.se\/grundskola\/wp-content\/uploads\/sites\/12\/2016\/04\/undersokning-matz-nilsson1-526x345.jpg 526w, https:\/\/lararkarriar.se\/grundskola\/wp-content\/uploads\/sites\/12\/2016\/04\/undersokning-matz-nilsson1-720x472.jpg 720w, https:\/\/lararkarriar.se\/grundskola\/wp-content\/uploads\/sites\/12\/2016\/04\/undersokning-matz-nilsson1-960x629.jpg 960w\" sizes=\"auto, (max-width: 1000px) 100vw, 1000px\" \/><figcaption id=\"caption-attachment-5544\" class=\"wp-caption-text\">Matz Nilsson, f\u00f6rbundsordf\u00f6rande i Skolledarna.<\/figcaption><\/figure><strong>Enligt en unders\u00f6kning som Framtidens karri\u00e4r \u2013 Grundskoll\u00e4rare genomf\u00f6rt bland ett slumpm\u00e4ssigt urval av yrkesverksamma l\u00e4rare trivs 56 procent av l\u00e4rarna till viss del med sitt yrke. 50 procent tror sig forts\u00e4tta inom yrket fram till pensionen medan 41 procent inte anser sig ha karri\u00e4r- och utvecklingsm\u00f6jligheter i sitt yrke. D\u00e4remot \u00e4r 74 procent positiva till f\u00f6rslaget om l\u00e4rarassistenter som kan avlasta l\u00e4rare.<\/strong><\/p>\n<p>\u2013 Att 74 procent av l\u00e4rarna \u00e4r positiva till f\u00f6rslaget om l\u00e4rarassistenter \u00f6verensst\u00e4mmer med den bild jag har f\u00e5tt. Erfarenheter fr\u00e5n exempelvis Storbritannien, d\u00e4r man inf\u00f6rt l\u00e4rarassistenter, visar p\u00e5 m\u00e5nga positiva effekter, inte minst f\u00f6r l\u00e4rarnas m\u00f6jligheter att fokusera p\u00e5 den pedagogiska verksamheten, s\u00e4ger Matz Nilsson, f\u00f6rbundsordf\u00f6rande i Skolledarna.<br \/>\nEndast 29 procent av l\u00e4rarna anser att deras s\u00e4rskilda l\u00e4rarkompetens tillvaratas full ut. Det beror, enligt Matz Nilsson, ofta p\u00e5 att m\u00e5nga l\u00e4rare tvingas l\u00e4gga mycket tid p\u00e5 uppgifter som inte kan relateras till deras huvuduppgift: att undervisa och coacha eleverna. Ut\u00f6kade satsningar p\u00e5 elevh\u00e4lsa \u00e4r ytterligare en satsning som kan bidra till att avlasta l\u00e4rarna, som ofta f\u00e5r hantera problem som i sj\u00e4lva verket h\u00f6r hemma p\u00e5 elevh\u00e4lsan. Unders\u00f6kningen visar \u00e4ven att 37 procent av l\u00e4rarna k\u00e4nner sig uppskattade av sin arbetsgivare.<br \/>\n\u2013 Det beror f\u00f6rmodligen p\u00e5 att m\u00e5nga rektorer idag \u00e4r s\u00e5 upptagna med att uppn\u00e5 skolans lokala m\u00e5l att de inte hinner med de traditionella och viktiga skolledaruppgifterna, n\u00e4mligen att st\u00f6tta och v\u00e4gleda l\u00e4rarna i deras pedagogiska arbete. Jag efterlyser d\u00e4rf\u00f6r en \u00f6kad ledart\u00e4thet och en m\u00f6jlighet f\u00f6r skolledare att i \u00f6kad utstr\u00e4ckning \u00e4gna sig \u00e5t sin ursprungliga roll som pedagogisk ledare, s\u00e4ger Matz Nilsson.<\/p>\n<p><strong>Tills\u00e4tt p\u00e5 vetenskaplig grund<\/strong><br \/>\nHan anser ocks\u00e5 att nationella riktlinjer kring kompetensutveckling f\u00f6r l\u00e4rare och skolledare kan bidra till att fler l\u00e4rare kontinuerligt utvecklas i sin yrkesroll och understryker vikten av att staten tar ansvar f\u00f6r att utforma och lansera en s\u00e5dan strategi. 39 procent av l\u00e4rarna \u00e4r positiva eller mycket positiva till den statliga l\u00e4rarreformen. Att siffran inte \u00e4r h\u00f6gre beror, enligt Matz Nilsson, p\u00e5 att implementeringen av reformen har missk\u00f6tts p\u00e5 m\u00e5nga skolor.<br \/>\n\u2013 Det \u00e4r oerh\u00f6rt viktigt att f\u00f6rstel\u00e4rartj\u00e4nster tills\u00e4tts p\u00e5 vetenskaplig grund, allts\u00e5 att l\u00e4rare som s\u00f6ker en s\u00e5dan tj\u00e4nst p\u00e5 ett vetenskapligt s\u00e4tt ska kunna motivera vilket utvecklingsomr\u00e5de de vill fokusera p\u00e5 i sin f\u00f6rstel\u00e4rarroll. Om rekryteringen till f\u00f6rstel\u00e4rartj\u00e4nsterna sker godtyckligt s\u00e5 kan det orsaka missn\u00f6je bland \u00f6vriga l\u00e4rare, s\u00e4ger han.<\/p>\n<div class=\"faktaruta2-title\">Trivs du med ditt arbete som grundskoll\u00e4rare?<\/div><div class=\"faktaruta2\"><br \/>\n<img loading=\"lazy\" decoding=\"async\" src=\"https:\/\/lararkarriar.se\/grundskola\/wp-content\/uploads\/sites\/12\/2016\/04\/undersokning-graf-1.png\" alt=\"undersokning_graf_1\" width=\"914\" height=\"311\" class=\"alignnone size-full wp-image-5535\" srcset=\"https:\/\/lararkarriar.se\/grundskola\/wp-content\/uploads\/sites\/12\/2016\/04\/undersokning-graf-1.png 914w, https:\/\/lararkarriar.se\/grundskola\/wp-content\/uploads\/sites\/12\/2016\/04\/undersokning-graf-1-300x102.png 300w, https:\/\/lararkarriar.se\/grundskola\/wp-content\/uploads\/sites\/12\/2016\/04\/undersokning-graf-1-768x261.png 768w, https:\/\/lararkarriar.se\/grundskola\/wp-content\/uploads\/sites\/12\/2016\/04\/undersokning-graf-1-470x160.png 470w, https:\/\/lararkarriar.se\/grundskola\/wp-content\/uploads\/sites\/12\/2016\/04\/undersokning-graf-1-526x179.png 526w, https:\/\/lararkarriar.se\/grundskola\/wp-content\/uploads\/sites\/12\/2016\/04\/undersokning-graf-1-720x245.png 720w\" sizes=\"auto, (max-width: 914px) 100vw, 914px\" \/><\/div>\n<div class=\"faktaruta2-title\">M\u00e5nadsl\u00f6n f\u00f6r en grundskoll\u00e4rare med tio \u00e5rs erfarenhet?<\/div><div class=\"faktaruta2\">Vad anser du \u00e4r en rimlig m\u00e5nadsl\u00f6n (f\u00f6re skatt) f\u00f6r en grundskoll\u00e4rare med tio \u00e5rs arbetslivserfarenhet som l\u00e4rare?<br \/>\n<img loading=\"lazy\" decoding=\"async\" src=\"https:\/\/lararkarriar.se\/grundskola\/wp-content\/uploads\/sites\/12\/2016\/04\/undersokning-graf-2.png\" alt=\"undersokning_graf_2\" width=\"896\" height=\"413\" class=\"alignnone size-full wp-image-5536\" srcset=\"https:\/\/lararkarriar.se\/grundskola\/wp-content\/uploads\/sites\/12\/2016\/04\/undersokning-graf-2.png 896w, https:\/\/lararkarriar.se\/grundskola\/wp-content\/uploads\/sites\/12\/2016\/04\/undersokning-graf-2-300x138.png 300w, https:\/\/lararkarriar.se\/grundskola\/wp-content\/uploads\/sites\/12\/2016\/04\/undersokning-graf-2-768x354.png 768w, https:\/\/lararkarriar.se\/grundskola\/wp-content\/uploads\/sites\/12\/2016\/04\/undersokning-graf-2-347x160.png 347w, https:\/\/lararkarriar.se\/grundskola\/wp-content\/uploads\/sites\/12\/2016\/04\/undersokning-graf-2-526x242.png 526w, https:\/\/lararkarriar.se\/grundskola\/wp-content\/uploads\/sites\/12\/2016\/04\/undersokning-graf-2-720x332.png 720w\" sizes=\"auto, (max-width: 896px) 100vw, 896px\" \/><\/div>\n<div class=\"faktaruta2-title\">Tror du att du kommer att arbeta som grundskoll\u00e4rare fram till pensionen?<\/div><div class=\"faktaruta2\"><br \/>\n<img loading=\"lazy\" decoding=\"async\" src=\"https:\/\/lararkarriar.se\/grundskola\/wp-content\/uploads\/sites\/12\/2016\/04\/undersokning-graf-3.png\" alt=\"undersokning_graf_3\" width=\"881\" height=\"98\" class=\"alignnone size-full wp-image-5537\" srcset=\"https:\/\/lararkarriar.se\/grundskola\/wp-content\/uploads\/sites\/12\/2016\/04\/undersokning-graf-3.png 881w, https:\/\/lararkarriar.se\/grundskola\/wp-content\/uploads\/sites\/12\/2016\/04\/undersokning-graf-3-300x33.png 300w, https:\/\/lararkarriar.se\/grundskola\/wp-content\/uploads\/sites\/12\/2016\/04\/undersokning-graf-3-768x85.png 768w, https:\/\/lararkarriar.se\/grundskola\/wp-content\/uploads\/sites\/12\/2016\/04\/undersokning-graf-3-526x59.png 526w, https:\/\/lararkarriar.se\/grundskola\/wp-content\/uploads\/sites\/12\/2016\/04\/undersokning-graf-3-720x80.png 720w\" sizes=\"auto, (max-width: 881px) 100vw, 881px\" \/><\/div>\n<div class=\"faktaruta2-title\">Anser du att du har karri\u00e4r- och utvecklingsm\u00f6jligheter som l\u00e4rare?<\/div><div class=\"faktaruta2\"><br \/>\n<img loading=\"lazy\" decoding=\"async\" src=\"https:\/\/lararkarriar.se\/grundskola\/wp-content\/uploads\/sites\/12\/2016\/04\/undersokning-graf-4.png\" alt=\"undersokning_graf_4\" width=\"915\" height=\"312\" class=\"alignnone size-full wp-image-5538\" srcset=\"https:\/\/lararkarriar.se\/grundskola\/wp-content\/uploads\/sites\/12\/2016\/04\/undersokning-graf-4.png 915w, https:\/\/lararkarriar.se\/grundskola\/wp-content\/uploads\/sites\/12\/2016\/04\/undersokning-graf-4-300x102.png 300w, https:\/\/lararkarriar.se\/grundskola\/wp-content\/uploads\/sites\/12\/2016\/04\/undersokning-graf-4-768x262.png 768w, https:\/\/lararkarriar.se\/grundskola\/wp-content\/uploads\/sites\/12\/2016\/04\/undersokning-graf-4-469x160.png 469w, https:\/\/lararkarriar.se\/grundskola\/wp-content\/uploads\/sites\/12\/2016\/04\/undersokning-graf-4-526x179.png 526w, https:\/\/lararkarriar.se\/grundskola\/wp-content\/uploads\/sites\/12\/2016\/04\/undersokning-graf-4-720x246.png 720w\" sizes=\"auto, (max-width: 915px) 100vw, 915px\" \/><\/div>\n<div class=\"faktaruta2-title\">Tas din s\u00e4rskilda kompetens som l\u00e4rare tillvara i ditt arbete?<\/div><div class=\"faktaruta2\"><br \/>\n<img loading=\"lazy\" decoding=\"async\" src=\"https:\/\/lararkarriar.se\/grundskola\/wp-content\/uploads\/sites\/12\/2016\/04\/undersokning-graf-5.png\" alt=\"undersokning_graf_5\" width=\"915\" height=\"312\" class=\"alignnone size-full wp-image-5539\" srcset=\"https:\/\/lararkarriar.se\/grundskola\/wp-content\/uploads\/sites\/12\/2016\/04\/undersokning-graf-5.png 915w, https:\/\/lararkarriar.se\/grundskola\/wp-content\/uploads\/sites\/12\/2016\/04\/undersokning-graf-5-300x102.png 300w, https:\/\/lararkarriar.se\/grundskola\/wp-content\/uploads\/sites\/12\/2016\/04\/undersokning-graf-5-768x262.png 768w, https:\/\/lararkarriar.se\/grundskola\/wp-content\/uploads\/sites\/12\/2016\/04\/undersokning-graf-5-469x160.png 469w, https:\/\/lararkarriar.se\/grundskola\/wp-content\/uploads\/sites\/12\/2016\/04\/undersokning-graf-5-526x179.png 526w, https:\/\/lararkarriar.se\/grundskola\/wp-content\/uploads\/sites\/12\/2016\/04\/undersokning-graf-5-720x246.png 720w\" sizes=\"auto, (max-width: 915px) 100vw, 915px\" \/><\/div>\n<div class=\"faktaruta2-title\">K\u00e4nner du dig uppskattad av din arbetsgivare?<\/div><div class=\"faktaruta2\"><br \/>\n<img loading=\"lazy\" decoding=\"async\" src=\"https:\/\/lararkarriar.se\/grundskola\/wp-content\/uploads\/sites\/12\/2016\/04\/undersokning-graf-6.png\" alt=\"undersokning_graf_6\" width=\"915\" height=\"312\" class=\"alignnone size-full wp-image-5540\" srcset=\"https:\/\/lararkarriar.se\/grundskola\/wp-content\/uploads\/sites\/12\/2016\/04\/undersokning-graf-6.png 915w, https:\/\/lararkarriar.se\/grundskola\/wp-content\/uploads\/sites\/12\/2016\/04\/undersokning-graf-6-300x102.png 300w, https:\/\/lararkarriar.se\/grundskola\/wp-content\/uploads\/sites\/12\/2016\/04\/undersokning-graf-6-768x262.png 768w, https:\/\/lararkarriar.se\/grundskola\/wp-content\/uploads\/sites\/12\/2016\/04\/undersokning-graf-6-469x160.png 469w, https:\/\/lararkarriar.se\/grundskola\/wp-content\/uploads\/sites\/12\/2016\/04\/undersokning-graf-6-526x179.png 526w, https:\/\/lararkarriar.se\/grundskola\/wp-content\/uploads\/sites\/12\/2016\/04\/undersokning-graf-6-720x246.png 720w\" sizes=\"auto, (max-width: 915px) 100vw, 915px\" \/><\/div>\n<div class=\"faktaruta2-title\"> \u00c4r du positiv till f\u00f6rslaget om l\u00e4rarassistenter f\u00f6r att avlasta l\u00e4rarna?<\/div><div class=\"faktaruta2\"><br \/>\n<img loading=\"lazy\" decoding=\"async\" src=\"https:\/\/lararkarriar.se\/grundskola\/wp-content\/uploads\/sites\/12\/2016\/04\/undersokning-graf-7.png\" alt=\"undersokning_graf_7\" width=\"881\" height=\"163\" class=\"alignnone size-full wp-image-5541\" srcset=\"https:\/\/lararkarriar.se\/grundskola\/wp-content\/uploads\/sites\/12\/2016\/04\/undersokning-graf-7.png 881w, https:\/\/lararkarriar.se\/grundskola\/wp-content\/uploads\/sites\/12\/2016\/04\/undersokning-graf-7-300x56.png 300w, https:\/\/lararkarriar.se\/grundskola\/wp-content\/uploads\/sites\/12\/2016\/04\/undersokning-graf-7-768x142.png 768w, https:\/\/lararkarriar.se\/grundskola\/wp-content\/uploads\/sites\/12\/2016\/04\/undersokning-graf-7-865x160.png 865w, https:\/\/lararkarriar.se\/grundskola\/wp-content\/uploads\/sites\/12\/2016\/04\/undersokning-graf-7-526x97.png 526w, https:\/\/lararkarriar.se\/grundskola\/wp-content\/uploads\/sites\/12\/2016\/04\/undersokning-graf-7-720x133.png 720w\" sizes=\"auto, (max-width: 881px) 100vw, 881px\" \/><\/div>\n<div class=\"faktaruta2-title\">Har det h\u00e4nt att du som l\u00e4rare k\u00e4nt dig tvungen att arbeta trots att du varit sjuk?<\/div><div class=\"faktaruta2\"><br \/>\n<img loading=\"lazy\" decoding=\"async\" src=\"https:\/\/lararkarriar.se\/grundskola\/wp-content\/uploads\/sites\/12\/2016\/04\/undersokning-graf-8.png\" alt=\"undersokning_graf_8\" width=\"881\" height=\"98\" class=\"alignnone size-full wp-image-5542\" srcset=\"https:\/\/lararkarriar.se\/grundskola\/wp-content\/uploads\/sites\/12\/2016\/04\/undersokning-graf-8.png 881w, https:\/\/lararkarriar.se\/grundskola\/wp-content\/uploads\/sites\/12\/2016\/04\/undersokning-graf-8-300x33.png 300w, https:\/\/lararkarriar.se\/grundskola\/wp-content\/uploads\/sites\/12\/2016\/04\/undersokning-graf-8-768x85.png 768w, https:\/\/lararkarriar.se\/grundskola\/wp-content\/uploads\/sites\/12\/2016\/04\/undersokning-graf-8-526x59.png 526w, https:\/\/lararkarriar.se\/grundskola\/wp-content\/uploads\/sites\/12\/2016\/04\/undersokning-graf-8-720x80.png 720w\" sizes=\"auto, (max-width: 881px) 100vw, 881px\" \/><\/div>\n<div class=\"faktaruta2-title\">Hur positiv \u00e4r du till den statliga karri\u00e4rreformen? (f\u00f6rstel\u00e4rare och lektor)<\/div><div class=\"faktaruta2\"><br \/>\n<img loading=\"lazy\" decoding=\"async\" src=\"https:\/\/lararkarriar.se\/grundskola\/wp-content\/uploads\/sites\/12\/2016\/04\/undersokning-graf-9.png\" alt=\"undersokning_graf_9\" width=\"871\" height=\"412\" class=\"alignnone size-full wp-image-5543\" srcset=\"https:\/\/lararkarriar.se\/grundskola\/wp-content\/uploads\/sites\/12\/2016\/04\/undersokning-graf-9.png 871w, https:\/\/lararkarriar.se\/grundskola\/wp-content\/uploads\/sites\/12\/2016\/04\/undersokning-graf-9-300x142.png 300w, https:\/\/lararkarriar.se\/grundskola\/wp-content\/uploads\/sites\/12\/2016\/04\/undersokning-graf-9-768x363.png 768w, https:\/\/lararkarriar.se\/grundskola\/wp-content\/uploads\/sites\/12\/2016\/04\/undersokning-graf-9-338x160.png 338w, https:\/\/lararkarriar.se\/grundskola\/wp-content\/uploads\/sites\/12\/2016\/04\/undersokning-graf-9-526x249.png 526w, https:\/\/lararkarriar.se\/grundskola\/wp-content\/uploads\/sites\/12\/2016\/04\/undersokning-graf-9-720x341.png 720w\" sizes=\"auto, (max-width: 871px) 100vw, 871px\" \/><\/div>\n<div class=\"faktaruta-title\">Om unders\u00f6kningen<\/div><div class=\"faktaruta\"><strong>Framtidens Karri\u00e4r \u2013 Grundskoll\u00e4rare<\/strong> har i samarbete med VOC Nordic genomf\u00f6rt en trendunders\u00f6kning hos ett slumpm\u00e4ssigt urval av grundskoll\u00e4rare i Sverige. Unders\u00f6kningen genomf\u00f6rdes 21\u201323 mars 2016. Den statistiska felmarginalen i unders\u00f6kningen \u00e4r 2,5\u20134,0 procentenheter.<\/div>\n","protected":false},"excerpt":{"rendered":"<p>Enligt en unders\u00f6kning som Framtidens karri\u00e4r \u2013 Grundskoll\u00e4rare genomf\u00f6rt bland ett slumpm\u00e4ssigt urval av yrkesverksamma&#8230;<\/p>\n","protected":false},"author":3,"featured_media":5544,"comment_status":"closed","ping_status":"open","sticky":false,"template":"","format":"standard","meta":{"_acf_changed":false,"_monsterinsights_skip_tracking":false,"_monsterinsights_sitenote_active":false,"_monsterinsights_sitenote_note":"","_monsterinsights_sitenote_category":0,"footnotes":""},"categories":[1],"tags":[],"class_list":["post-5534","post","type-post","status-publish","format-standard","has-post-thumbnail","hentry","category-artikel"],"acf":[],"yoast_head":"<!-- This site is optimized with the Yoast SEO plugin v27.3 - https:\/\/yoast.com\/product\/yoast-seo-wordpress\/ -->\n<title>Tre av fyra l\u00e4rare positiva till f\u00f6rslaget om l\u00e4rarassistenter - Framtidens Karri\u00e4r \u2013 Grundskolel\u00e4rare<\/title>\n<meta name=\"robots\" content=\"index, follow, max-snippet:-1, max-image-preview:large, max-video-preview:-1\" \/>\n<link rel=\"canonical\" href=\"https:\/\/lararkarriar.se\/grundskola\/2016\/04\/07\/tre-av-fyra-larare-positiva-till-forslaget-om-lararassistenter\/\" \/>\n<meta property=\"og:locale\" content=\"sv_SE\" \/>\n<meta property=\"og:type\" content=\"article\" \/>\n<meta property=\"og:title\" content=\"Tre av fyra l\u00e4rare positiva till f\u00f6rslaget om l\u00e4rarassistenter - Framtidens Karri\u00e4r \u2013 Grundskolel\u00e4rare\" \/>\n<meta property=\"og:description\" content=\"Enligt en unders\u00f6kning som Framtidens karri\u00e4r \u2013 Grundskoll\u00e4rare genomf\u00f6rt bland ett slumpm\u00e4ssigt urval av yrkesverksamma...\" \/>\n<meta property=\"og:url\" content=\"https:\/\/lararkarriar.se\/grundskola\/2016\/04\/07\/tre-av-fyra-larare-positiva-till-forslaget-om-lararassistenter\/\" \/>\n<meta property=\"og:site_name\" content=\"Framtidens Karri\u00e4r \u2013 Grundskolel\u00e4rare\" \/>\n<meta property=\"article:published_time\" content=\"2016-04-06T22:21:01+00:00\" \/>\n<meta property=\"og:image\" content=\"https:\/\/lararkarriar.se\/grundskola\/wp-content\/uploads\/sites\/12\/2016\/04\/undersokning-matz-nilsson1.jpg\" \/>\n\t<meta property=\"og:image:width\" content=\"1000\" \/>\n\t<meta property=\"og:image:height\" content=\"655\" \/>\n\t<meta property=\"og:image:type\" content=\"image\/jpeg\" \/>\n<meta name=\"author\" content=\"stellanstal\" \/>\n<meta name=\"twitter:card\" content=\"summary_large_image\" \/>\n<meta name=\"twitter:label1\" content=\"Skriven av\" \/>\n\t<meta name=\"twitter:data1\" content=\"stellanstal\" \/>\n\t<meta name=\"twitter:label2\" content=\"Ber\u00e4knad l\u00e4stid\" \/>\n\t<meta name=\"twitter:data2\" content=\"3 minuter\" \/>\n<script type=\"application\/ld+json\" class=\"yoast-schema-graph\">{\"@context\":\"https:\\\/\\\/schema.org\",\"@graph\":[{\"@type\":\"Article\",\"@id\":\"https:\\\/\\\/lararkarriar.se\\\/grundskola\\\/2016\\\/04\\\/07\\\/tre-av-fyra-larare-positiva-till-forslaget-om-lararassistenter\\\/#article\",\"isPartOf\":{\"@id\":\"https:\\\/\\\/lararkarriar.se\\\/grundskola\\\/2016\\\/04\\\/07\\\/tre-av-fyra-larare-positiva-till-forslaget-om-lararassistenter\\\/\"},\"author\":{\"name\":\"stellanstal\",\"@id\":\"https:\\\/\\\/lararkarriar.se\\\/grundskola\\\/#\\\/schema\\\/person\\\/c8a43eb855191e573b73ecf8987a3b99\"},\"headline\":\"Tre av fyra l\u00e4rare positiva till f\u00f6rslaget om l\u00e4rarassistenter\",\"datePublished\":\"2016-04-06T22:21:01+00:00\",\"mainEntityOfPage\":{\"@id\":\"https:\\\/\\\/lararkarriar.se\\\/grundskola\\\/2016\\\/04\\\/07\\\/tre-av-fyra-larare-positiva-till-forslaget-om-lararassistenter\\\/\"},\"wordCount\":701,\"image\":{\"@id\":\"https:\\\/\\\/lararkarriar.se\\\/grundskola\\\/2016\\\/04\\\/07\\\/tre-av-fyra-larare-positiva-till-forslaget-om-lararassistenter\\\/#primaryimage\"},\"thumbnailUrl\":\"https:\\\/\\\/lararkarriar.se\\\/grundskola\\\/wp-content\\\/uploads\\\/sites\\\/12\\\/2016\\\/04\\\/undersokning-matz-nilsson1.jpg\",\"articleSection\":[\"Artikel\"],\"inLanguage\":\"sv-SE\"},{\"@type\":\"WebPage\",\"@id\":\"https:\\\/\\\/lararkarriar.se\\\/grundskola\\\/2016\\\/04\\\/07\\\/tre-av-fyra-larare-positiva-till-forslaget-om-lararassistenter\\\/\",\"url\":\"https:\\\/\\\/lararkarriar.se\\\/grundskola\\\/2016\\\/04\\\/07\\\/tre-av-fyra-larare-positiva-till-forslaget-om-lararassistenter\\\/\",\"name\":\"Tre av fyra l\u00e4rare positiva till f\u00f6rslaget om l\u00e4rarassistenter - Framtidens Karri\u00e4r \u2013 Grundskolel\u00e4rare\",\"isPartOf\":{\"@id\":\"https:\\\/\\\/lararkarriar.se\\\/grundskola\\\/#website\"},\"primaryImageOfPage\":{\"@id\":\"https:\\\/\\\/lararkarriar.se\\\/grundskola\\\/2016\\\/04\\\/07\\\/tre-av-fyra-larare-positiva-till-forslaget-om-lararassistenter\\\/#primaryimage\"},\"image\":{\"@id\":\"https:\\\/\\\/lararkarriar.se\\\/grundskola\\\/2016\\\/04\\\/07\\\/tre-av-fyra-larare-positiva-till-forslaget-om-lararassistenter\\\/#primaryimage\"},\"thumbnailUrl\":\"https:\\\/\\\/lararkarriar.se\\\/grundskola\\\/wp-content\\\/uploads\\\/sites\\\/12\\\/2016\\\/04\\\/undersokning-matz-nilsson1.jpg\",\"datePublished\":\"2016-04-06T22:21:01+00:00\",\"author\":{\"@id\":\"https:\\\/\\\/lararkarriar.se\\\/grundskola\\\/#\\\/schema\\\/person\\\/c8a43eb855191e573b73ecf8987a3b99\"},\"breadcrumb\":{\"@id\":\"https:\\\/\\\/lararkarriar.se\\\/grundskola\\\/2016\\\/04\\\/07\\\/tre-av-fyra-larare-positiva-till-forslaget-om-lararassistenter\\\/#breadcrumb\"},\"inLanguage\":\"sv-SE\",\"potentialAction\":[{\"@type\":\"ReadAction\",\"target\":[\"https:\\\/\\\/lararkarriar.se\\\/grundskola\\\/2016\\\/04\\\/07\\\/tre-av-fyra-larare-positiva-till-forslaget-om-lararassistenter\\\/\"]}]},{\"@type\":\"ImageObject\",\"inLanguage\":\"sv-SE\",\"@id\":\"https:\\\/\\\/lararkarriar.se\\\/grundskola\\\/2016\\\/04\\\/07\\\/tre-av-fyra-larare-positiva-till-forslaget-om-lararassistenter\\\/#primaryimage\",\"url\":\"https:\\\/\\\/lararkarriar.se\\\/grundskola\\\/wp-content\\\/uploads\\\/sites\\\/12\\\/2016\\\/04\\\/undersokning-matz-nilsson1.jpg\",\"contentUrl\":\"https:\\\/\\\/lararkarriar.se\\\/grundskola\\\/wp-content\\\/uploads\\\/sites\\\/12\\\/2016\\\/04\\\/undersokning-matz-nilsson1.jpg\",\"width\":1000,\"height\":655,\"caption\":\"Matz Nilsson, f\u00f6rbundsordf\u00f6rande i Skolledarna.\"},{\"@type\":\"BreadcrumbList\",\"@id\":\"https:\\\/\\\/lararkarriar.se\\\/grundskola\\\/2016\\\/04\\\/07\\\/tre-av-fyra-larare-positiva-till-forslaget-om-lararassistenter\\\/#breadcrumb\",\"itemListElement\":[{\"@type\":\"ListItem\",\"position\":1,\"name\":\"Home\",\"item\":\"https:\\\/\\\/lararkarriar.se\\\/grundskola\\\/\"},{\"@type\":\"ListItem\",\"position\":2,\"name\":\"Tre av fyra l\u00e4rare positiva till f\u00f6rslaget om l\u00e4rarassistenter\"}]},{\"@type\":\"WebSite\",\"@id\":\"https:\\\/\\\/lararkarriar.se\\\/grundskola\\\/#website\",\"url\":\"https:\\\/\\\/lararkarriar.se\\\/grundskola\\\/\",\"name\":\"Framtidens Karri\u00e4r \u2013 Grundskolel\u00e4rare\",\"description\":\"Just another NMDashboard.se Sites site\",\"potentialAction\":[{\"@type\":\"SearchAction\",\"target\":{\"@type\":\"EntryPoint\",\"urlTemplate\":\"https:\\\/\\\/lararkarriar.se\\\/grundskola\\\/?s={search_term_string}\"},\"query-input\":{\"@type\":\"PropertyValueSpecification\",\"valueRequired\":true,\"valueName\":\"search_term_string\"}}],\"inLanguage\":\"sv-SE\"},{\"@type\":\"Person\",\"@id\":\"https:\\\/\\\/lararkarriar.se\\\/grundskola\\\/#\\\/schema\\\/person\\\/c8a43eb855191e573b73ecf8987a3b99\",\"name\":\"stellanstal\",\"image\":{\"@type\":\"ImageObject\",\"inLanguage\":\"sv-SE\",\"@id\":\"https:\\\/\\\/secure.gravatar.com\\\/avatar\\\/cd330fa6bb17f598124b2068ee0b189e4fe0987a50af9d53b78410836060d0c9?s=96&d=mm&r=g\",\"url\":\"https:\\\/\\\/secure.gravatar.com\\\/avatar\\\/cd330fa6bb17f598124b2068ee0b189e4fe0987a50af9d53b78410836060d0c9?s=96&d=mm&r=g\",\"contentUrl\":\"https:\\\/\\\/secure.gravatar.com\\\/avatar\\\/cd330fa6bb17f598124b2068ee0b189e4fe0987a50af9d53b78410836060d0c9?s=96&d=mm&r=g\",\"caption\":\"stellanstal\"},\"url\":\"https:\\\/\\\/lararkarriar.se\\\/grundskola\\\/author\\\/stellanstal\\\/\"}]}<\/script>\n<!-- \/ Yoast SEO plugin. -->","yoast_head_json":{"title":"Tre av fyra l\u00e4rare positiva till f\u00f6rslaget om l\u00e4rarassistenter - Framtidens Karri\u00e4r \u2013 Grundskolel\u00e4rare","robots":{"index":"index","follow":"follow","max-snippet":"max-snippet:-1","max-image-preview":"max-image-preview:large","max-video-preview":"max-video-preview:-1"},"canonical":"https:\/\/lararkarriar.se\/grundskola\/2016\/04\/07\/tre-av-fyra-larare-positiva-till-forslaget-om-lararassistenter\/","og_locale":"sv_SE","og_type":"article","og_title":"Tre av fyra l\u00e4rare positiva till f\u00f6rslaget om l\u00e4rarassistenter - Framtidens Karri\u00e4r \u2013 Grundskolel\u00e4rare","og_description":"Enligt en unders\u00f6kning som Framtidens karri\u00e4r \u2013 Grundskoll\u00e4rare genomf\u00f6rt bland ett slumpm\u00e4ssigt urval av yrkesverksamma...","og_url":"https:\/\/lararkarriar.se\/grundskola\/2016\/04\/07\/tre-av-fyra-larare-positiva-till-forslaget-om-lararassistenter\/","og_site_name":"Framtidens Karri\u00e4r \u2013 Grundskolel\u00e4rare","article_published_time":"2016-04-06T22:21:01+00:00","og_image":[{"width":1000,"height":655,"url":"https:\/\/lararkarriar.se\/grundskola\/wp-content\/uploads\/sites\/12\/2016\/04\/undersokning-matz-nilsson1.jpg","type":"image\/jpeg"}],"author":"stellanstal","twitter_card":"summary_large_image","twitter_misc":{"Skriven av":"stellanstal","Ber\u00e4knad l\u00e4stid":"3 minuter"},"schema":{"@context":"https:\/\/schema.org","@graph":[{"@type":"Article","@id":"https:\/\/lararkarriar.se\/grundskola\/2016\/04\/07\/tre-av-fyra-larare-positiva-till-forslaget-om-lararassistenter\/#article","isPartOf":{"@id":"https:\/\/lararkarriar.se\/grundskola\/2016\/04\/07\/tre-av-fyra-larare-positiva-till-forslaget-om-lararassistenter\/"},"author":{"name":"stellanstal","@id":"https:\/\/lararkarriar.se\/grundskola\/#\/schema\/person\/c8a43eb855191e573b73ecf8987a3b99"},"headline":"Tre av fyra l\u00e4rare positiva till f\u00f6rslaget om l\u00e4rarassistenter","datePublished":"2016-04-06T22:21:01+00:00","mainEntityOfPage":{"@id":"https:\/\/lararkarriar.se\/grundskola\/2016\/04\/07\/tre-av-fyra-larare-positiva-till-forslaget-om-lararassistenter\/"},"wordCount":701,"image":{"@id":"https:\/\/lararkarriar.se\/grundskola\/2016\/04\/07\/tre-av-fyra-larare-positiva-till-forslaget-om-lararassistenter\/#primaryimage"},"thumbnailUrl":"https:\/\/lararkarriar.se\/grundskola\/wp-content\/uploads\/sites\/12\/2016\/04\/undersokning-matz-nilsson1.jpg","articleSection":["Artikel"],"inLanguage":"sv-SE"},{"@type":"WebPage","@id":"https:\/\/lararkarriar.se\/grundskola\/2016\/04\/07\/tre-av-fyra-larare-positiva-till-forslaget-om-lararassistenter\/","url":"https:\/\/lararkarriar.se\/grundskola\/2016\/04\/07\/tre-av-fyra-larare-positiva-till-forslaget-om-lararassistenter\/","name":"Tre av fyra l\u00e4rare positiva till f\u00f6rslaget om l\u00e4rarassistenter - Framtidens Karri\u00e4r \u2013 Grundskolel\u00e4rare","isPartOf":{"@id":"https:\/\/lararkarriar.se\/grundskola\/#website"},"primaryImageOfPage":{"@id":"https:\/\/lararkarriar.se\/grundskola\/2016\/04\/07\/tre-av-fyra-larare-positiva-till-forslaget-om-lararassistenter\/#primaryimage"},"image":{"@id":"https:\/\/lararkarriar.se\/grundskola\/2016\/04\/07\/tre-av-fyra-larare-positiva-till-forslaget-om-lararassistenter\/#primaryimage"},"thumbnailUrl":"https:\/\/lararkarriar.se\/grundskola\/wp-content\/uploads\/sites\/12\/2016\/04\/undersokning-matz-nilsson1.jpg","datePublished":"2016-04-06T22:21:01+00:00","author":{"@id":"https:\/\/lararkarriar.se\/grundskola\/#\/schema\/person\/c8a43eb855191e573b73ecf8987a3b99"},"breadcrumb":{"@id":"https:\/\/lararkarriar.se\/grundskola\/2016\/04\/07\/tre-av-fyra-larare-positiva-till-forslaget-om-lararassistenter\/#breadcrumb"},"inLanguage":"sv-SE","potentialAction":[{"@type":"ReadAction","target":["https:\/\/lararkarriar.se\/grundskola\/2016\/04\/07\/tre-av-fyra-larare-positiva-till-forslaget-om-lararassistenter\/"]}]},{"@type":"ImageObject","inLanguage":"sv-SE","@id":"https:\/\/lararkarriar.se\/grundskola\/2016\/04\/07\/tre-av-fyra-larare-positiva-till-forslaget-om-lararassistenter\/#primaryimage","url":"https:\/\/lararkarriar.se\/grundskola\/wp-content\/uploads\/sites\/12\/2016\/04\/undersokning-matz-nilsson1.jpg","contentUrl":"https:\/\/lararkarriar.se\/grundskola\/wp-content\/uploads\/sites\/12\/2016\/04\/undersokning-matz-nilsson1.jpg","width":1000,"height":655,"caption":"Matz Nilsson, f\u00f6rbundsordf\u00f6rande i Skolledarna."},{"@type":"BreadcrumbList","@id":"https:\/\/lararkarriar.se\/grundskola\/2016\/04\/07\/tre-av-fyra-larare-positiva-till-forslaget-om-lararassistenter\/#breadcrumb","itemListElement":[{"@type":"ListItem","position":1,"name":"Home","item":"https:\/\/lararkarriar.se\/grundskola\/"},{"@type":"ListItem","position":2,"name":"Tre av fyra l\u00e4rare positiva till f\u00f6rslaget om l\u00e4rarassistenter"}]},{"@type":"WebSite","@id":"https:\/\/lararkarriar.se\/grundskola\/#website","url":"https:\/\/lararkarriar.se\/grundskola\/","name":"Framtidens Karri\u00e4r \u2013 Grundskolel\u00e4rare","description":"Just another NMDashboard.se Sites site","potentialAction":[{"@type":"SearchAction","target":{"@type":"EntryPoint","urlTemplate":"https:\/\/lararkarriar.se\/grundskola\/?s={search_term_string}"},"query-input":{"@type":"PropertyValueSpecification","valueRequired":true,"valueName":"search_term_string"}}],"inLanguage":"sv-SE"},{"@type":"Person","@id":"https:\/\/lararkarriar.se\/grundskola\/#\/schema\/person\/c8a43eb855191e573b73ecf8987a3b99","name":"stellanstal","image":{"@type":"ImageObject","inLanguage":"sv-SE","@id":"https:\/\/secure.gravatar.com\/avatar\/cd330fa6bb17f598124b2068ee0b189e4fe0987a50af9d53b78410836060d0c9?s=96&d=mm&r=g","url":"https:\/\/secure.gravatar.com\/avatar\/cd330fa6bb17f598124b2068ee0b189e4fe0987a50af9d53b78410836060d0c9?s=96&d=mm&r=g","contentUrl":"https:\/\/secure.gravatar.com\/avatar\/cd330fa6bb17f598124b2068ee0b189e4fe0987a50af9d53b78410836060d0c9?s=96&d=mm&r=g","caption":"stellanstal"},"url":"https:\/\/lararkarriar.se\/grundskola\/author\/stellanstal\/"}]}},"_links":{"self":[{"href":"https:\/\/lararkarriar.se\/grundskola\/wp-json\/wp\/v2\/posts\/5534","targetHints":{"allow":["GET"]}}],"collection":[{"href":"https:\/\/lararkarriar.se\/grundskola\/wp-json\/wp\/v2\/posts"}],"about":[{"href":"https:\/\/lararkarriar.se\/grundskola\/wp-json\/wp\/v2\/types\/post"}],"author":[{"embeddable":true,"href":"https:\/\/lararkarriar.se\/grundskola\/wp-json\/wp\/v2\/users\/3"}],"replies":[{"embeddable":true,"href":"https:\/\/lararkarriar.se\/grundskola\/wp-json\/wp\/v2\/comments?post=5534"}],"version-history":[{"count":0,"href":"https:\/\/lararkarriar.se\/grundskola\/wp-json\/wp\/v2\/posts\/5534\/revisions"}],"wp:featuredmedia":[{"embeddable":true,"href":"https:\/\/lararkarriar.se\/grundskola\/wp-json\/wp\/v2\/media\/5544"}],"wp:attachment":[{"href":"https:\/\/lararkarriar.se\/grundskola\/wp-json\/wp\/v2\/media?parent=5534"}],"wp:term":[{"taxonomy":"category","embeddable":true,"href":"https:\/\/lararkarriar.se\/grundskola\/wp-json\/wp\/v2\/categories?post=5534"},{"taxonomy":"post_tag","embeddable":true,"href":"https:\/\/lararkarriar.se\/grundskola\/wp-json\/wp\/v2\/tags?post=5534"}],"curies":[{"name":"wp","href":"https:\/\/api.w.org\/{rel}","templated":true}]}}