{"id":5551,"date":"2016-04-07T00:11:01","date_gmt":"2016-04-06T22:11:01","guid":{"rendered":"http:\/\/lararkarriar.se\/grundskola\/?p=5551"},"modified":"2016-04-07T00:11:01","modified_gmt":"2016-04-06T22:11:01","slug":"alla-skolor-maste-fa-ratt-forutsattningar-att-lyckas","status":"publish","type":"post","link":"https:\/\/lararkarriar.se\/grundskola\/2016\/04\/07\/alla-skolor-maste-fa-ratt-forutsattningar-att-lyckas\/","title":{"rendered":"Alla skolor m\u00e5ste f\u00e5 r\u00e4tt f\u00f6ruts\u00e4ttningar att lyckas"},"content":{"rendered":"<p><figure id=\"attachment_5552\" aria-describedby=\"caption-attachment-5552\" style=\"width: 1000px\" class=\"wp-caption alignnone\"><img loading=\"lazy\" decoding=\"async\" src=\"https:\/\/lararkarriar.se\/grundskola\/wp-content\/uploads\/sites\/12\/2016\/04\/skolchef-inger-pripp.jpg\" alt=\"Inger Pripp, grundskoledirekt\u00f6r i Stockholms stad.\" width=\"1000\" height=\"547\" class=\"size-full wp-image-5552\" srcset=\"https:\/\/lararkarriar.se\/grundskola\/wp-content\/uploads\/sites\/12\/2016\/04\/skolchef-inger-pripp.jpg 1000w, https:\/\/lararkarriar.se\/grundskola\/wp-content\/uploads\/sites\/12\/2016\/04\/skolchef-inger-pripp-300x164.jpg 300w, https:\/\/lararkarriar.se\/grundskola\/wp-content\/uploads\/sites\/12\/2016\/04\/skolchef-inger-pripp-768x420.jpg 768w, https:\/\/lararkarriar.se\/grundskola\/wp-content\/uploads\/sites\/12\/2016\/04\/skolchef-inger-pripp-293x160.jpg 293w, https:\/\/lararkarriar.se\/grundskola\/wp-content\/uploads\/sites\/12\/2016\/04\/skolchef-inger-pripp-80x45.jpg 80w, https:\/\/lararkarriar.se\/grundskola\/wp-content\/uploads\/sites\/12\/2016\/04\/skolchef-inger-pripp-526x288.jpg 526w, https:\/\/lararkarriar.se\/grundskola\/wp-content\/uploads\/sites\/12\/2016\/04\/skolchef-inger-pripp-720x394.jpg 720w, https:\/\/lararkarriar.se\/grundskola\/wp-content\/uploads\/sites\/12\/2016\/04\/skolchef-inger-pripp-960x525.jpg 960w\" sizes=\"auto, (max-width: 1000px) 100vw, 1000px\" \/><figcaption id=\"caption-attachment-5552\" class=\"wp-caption-text\">Inger Pripp, grundskoledirekt\u00f6r i Stockholms stad.<\/figcaption><\/figure><strong>\u2013 I framtidens grundskola hoppas jag att vi lyckats bryta den segregation som finns idag. F\u00f6rhoppningen \u00e4r ocks\u00e5 att morgondagens skola har \u00e5terf\u00e5tt sin r\u00e4ttm\u00e4tiga auktoritet i samh\u00e4llet, s\u00e4ger Inger Pripp, grundskoledirekt\u00f6r i Stockholms stad.<\/strong><\/p>\n<p>Segregationen i Stockholm har \u00f6kat snabbt under senare \u00e5r. N\u00e5got som inte minst p\u00e5verkar skolorna i kommunen.<br \/>\n\u2013 V\u00e5rt viktigaste uppdrag \u00e4r att se till att alla elever oavsett bakgrund och socioekonomiska f\u00f6ruts\u00e4ttningar n\u00e5r de uppsatta m\u00e5len. F\u00f6r att klara detta beh\u00f6ver vi vara en attraktiv arbetsgivare och kunna attrahera duktiga medarbetare, s\u00e5v\u00e4l skolledare som l\u00e4rare och andra pedagoger samt \u00f6vrig personal, s\u00e4ger Inger Pripp.<br \/>\nDe \u00f6kade samh\u00e4llsklyftorna menar hon har f\u00f6rsv\u00e5rat f\u00f6r skolorna att klara sitt uppdrag.<br \/>\n\u2013 D\u00e4rf\u00f6r m\u00e5ste vi v\u00e5ga pr\u00f6va n\u00e5got nytt, vilket kr\u00e4ver ett \u00f6ppet och till\u00e5tande klimat och en organisation d\u00e4r vi l\u00e4r av varandra.<br \/>\nDen senaste tidens \u00f6kade andel nyanl\u00e4nda elever har inneburit s\u00e4rskilda och \u00f6kade krav, inte minst p\u00e5 huvudm\u00e4nnen.<br \/>\n\u2013 Det handlar bland annat om hur vi bedriver undervisningen f\u00f6r de som haft skolg\u00e5ng, kontra de som inte har haft det. Ett s\u00e4tt att \u00f6ka m\u00e5luppfyllelsen kan vara undervisning p\u00e5 modersm\u00e5let i alla \u00e4mnen, f\u00f6rutom i svenska och engelska. Fler l\u00e4rare som har utbildning i svenska som andraspr\u00e5k kan vara ett annat s\u00e4tt att m\u00f6ta den nya verkligheten. <\/p>\n<p><strong>Olika v\u00e4gar<\/strong><br \/>\nInger Pripp p\u00e5pekar att elever i behov av s\u00e4rskilt st\u00f6d \u00e4r en annan grupp d\u00e4r m\u00e5luppfyllelsen inte \u00e4r optimal.<br \/>\n\u2013 Vi beh\u00f6ver fler l\u00e4rare med special\u00adpedagogisk kompetens f\u00f6r att kunna m\u00f6ta elevgruppens speciella behov.<br \/>\nEtt f\u00f6rsta steg mot att fler elever ska klara m\u00e5len \u00e4r att varje skola m\u00e5ste fundera \u00f6ver vad just de har f\u00f6r utmaningar.<br \/>\n\u2013 Det m\u00e5ste till en ordentlig analys. Sedan tror jag att krav och f\u00f6rv\u00e4ntningar m\u00e5ste vara h\u00f6ga. Det kan vara s\u00e5 att vi s\u00e4tter ribban f\u00f6r l\u00e5gt, det finns forskning som tyder p\u00e5 att vi \u00f6ver tid har gjort just det.<br \/>\nEtt k\u00e4nt faktum \u00e4r att skolor med god studietradition, d\u00e4r m\u00e5nga elever vill prestera bra, ocks\u00e5 \u00e4r skolor d\u00e4r de flesta eleverna lyckas fint \u2013 eftersom de har goda f\u00f6rebilder.<br \/>\n\u2013 Det finns skolor d\u00e4r inte tillr\u00e4ckligt m\u00e5nga elever \u00e4r intresserade av att f\u00e5 bra betyg vilket skapar en negativ trend. Om man inte har med sig en god studietradition hemifr\u00e5n m\u00e5ste skolan kunna g\u00e5 in och kompensera eleverna f\u00f6r detta.<br \/>\nViktigt \u00e4r ocks\u00e5 att varje skola m\u00e5ste utforma sin verksamhet utefter de elever de har.<br \/>\n\u2013 Vi har en vision om en sammanh\u00e5llen stad, det kan uppfattas som att alla ska g\u00f6ra lika. Men andemeningen \u00e4r att vi ska lyckas lika bra med alla. Som grundskoldirekt\u00f6r \u00e4r en av mina viktigaste uppgifter att se till att alla skolor f\u00e5r r\u00e4tt f\u00f6ruts\u00e4ttningar att lyckas. V\u00e4gen dit kan se olika ut, men m\u00e5let \u00e4r detsamma.<\/p>\n","protected":false},"excerpt":{"rendered":"<p>\u2013 I framtidens grundskola hoppas jag att vi lyckats bryta den segregation som finns idag&#8230;.<\/p>\n","protected":false},"author":3,"featured_media":5552,"comment_status":"closed","ping_status":"open","sticky":false,"template":"","format":"standard","meta":{"_acf_changed":false,"_monsterinsights_skip_tracking":false,"_monsterinsights_sitenote_active":false,"_monsterinsights_sitenote_note":"","_monsterinsights_sitenote_category":0,"footnotes":""},"categories":[1],"tags":[],"class_list":["post-5551","post","type-post","status-publish","format-standard","has-post-thumbnail","hentry","category-artikel"],"acf":[],"yoast_head":"<!-- This site is optimized with the Yoast SEO plugin v27.3 - https:\/\/yoast.com\/product\/yoast-seo-wordpress\/ -->\n<title>Alla skolor m\u00e5ste f\u00e5 r\u00e4tt f\u00f6ruts\u00e4ttningar att lyckas - Framtidens Karri\u00e4r \u2013 Grundskolel\u00e4rare<\/title>\n<meta name=\"robots\" content=\"index, follow, max-snippet:-1, max-image-preview:large, max-video-preview:-1\" \/>\n<link rel=\"canonical\" href=\"https:\/\/lararkarriar.se\/grundskola\/2016\/04\/07\/alla-skolor-maste-fa-ratt-forutsattningar-att-lyckas\/\" \/>\n<meta property=\"og:locale\" content=\"sv_SE\" \/>\n<meta property=\"og:type\" content=\"article\" \/>\n<meta property=\"og:title\" content=\"Alla skolor m\u00e5ste f\u00e5 r\u00e4tt f\u00f6ruts\u00e4ttningar att lyckas - Framtidens Karri\u00e4r \u2013 Grundskolel\u00e4rare\" \/>\n<meta property=\"og:description\" content=\"\u2013 I framtidens grundskola hoppas jag att vi lyckats bryta den segregation som finns idag....\" \/>\n<meta property=\"og:url\" content=\"https:\/\/lararkarriar.se\/grundskola\/2016\/04\/07\/alla-skolor-maste-fa-ratt-forutsattningar-att-lyckas\/\" \/>\n<meta property=\"og:site_name\" content=\"Framtidens Karri\u00e4r \u2013 Grundskolel\u00e4rare\" \/>\n<meta property=\"article:published_time\" content=\"2016-04-06T22:11:01+00:00\" \/>\n<meta property=\"og:image\" content=\"https:\/\/lararkarriar.se\/grundskola\/wp-content\/uploads\/sites\/12\/2016\/04\/skolchef-inger-pripp.jpg\" \/>\n\t<meta property=\"og:image:width\" content=\"1000\" \/>\n\t<meta property=\"og:image:height\" content=\"547\" \/>\n\t<meta property=\"og:image:type\" content=\"image\/jpeg\" \/>\n<meta name=\"author\" content=\"stellanstal\" \/>\n<meta name=\"twitter:card\" content=\"summary_large_image\" \/>\n<meta name=\"twitter:label1\" content=\"Skriven av\" \/>\n\t<meta name=\"twitter:data1\" content=\"stellanstal\" \/>\n\t<meta name=\"twitter:label2\" content=\"Ber\u00e4knad l\u00e4stid\" \/>\n\t<meta name=\"twitter:data2\" content=\"3 minuter\" \/>\n<script type=\"application\/ld+json\" class=\"yoast-schema-graph\">{\"@context\":\"https:\\\/\\\/schema.org\",\"@graph\":[{\"@type\":\"Article\",\"@id\":\"https:\\\/\\\/lararkarriar.se\\\/grundskola\\\/2016\\\/04\\\/07\\\/alla-skolor-maste-fa-ratt-forutsattningar-att-lyckas\\\/#article\",\"isPartOf\":{\"@id\":\"https:\\\/\\\/lararkarriar.se\\\/grundskola\\\/2016\\\/04\\\/07\\\/alla-skolor-maste-fa-ratt-forutsattningar-att-lyckas\\\/\"},\"author\":{\"name\":\"stellanstal\",\"@id\":\"https:\\\/\\\/lararkarriar.se\\\/grundskola\\\/#\\\/schema\\\/person\\\/c8a43eb855191e573b73ecf8987a3b99\"},\"headline\":\"Alla skolor m\u00e5ste f\u00e5 r\u00e4tt f\u00f6ruts\u00e4ttningar att lyckas\",\"datePublished\":\"2016-04-06T22:11:01+00:00\",\"mainEntityOfPage\":{\"@id\":\"https:\\\/\\\/lararkarriar.se\\\/grundskola\\\/2016\\\/04\\\/07\\\/alla-skolor-maste-fa-ratt-forutsattningar-att-lyckas\\\/\"},\"wordCount\":564,\"image\":{\"@id\":\"https:\\\/\\\/lararkarriar.se\\\/grundskola\\\/2016\\\/04\\\/07\\\/alla-skolor-maste-fa-ratt-forutsattningar-att-lyckas\\\/#primaryimage\"},\"thumbnailUrl\":\"https:\\\/\\\/lararkarriar.se\\\/grundskola\\\/wp-content\\\/uploads\\\/sites\\\/12\\\/2016\\\/04\\\/skolchef-inger-pripp.jpg\",\"articleSection\":[\"Artikel\"],\"inLanguage\":\"sv-SE\"},{\"@type\":\"WebPage\",\"@id\":\"https:\\\/\\\/lararkarriar.se\\\/grundskola\\\/2016\\\/04\\\/07\\\/alla-skolor-maste-fa-ratt-forutsattningar-att-lyckas\\\/\",\"url\":\"https:\\\/\\\/lararkarriar.se\\\/grundskola\\\/2016\\\/04\\\/07\\\/alla-skolor-maste-fa-ratt-forutsattningar-att-lyckas\\\/\",\"name\":\"Alla skolor m\u00e5ste f\u00e5 r\u00e4tt f\u00f6ruts\u00e4ttningar att lyckas - Framtidens Karri\u00e4r \u2013 Grundskolel\u00e4rare\",\"isPartOf\":{\"@id\":\"https:\\\/\\\/lararkarriar.se\\\/grundskola\\\/#website\"},\"primaryImageOfPage\":{\"@id\":\"https:\\\/\\\/lararkarriar.se\\\/grundskola\\\/2016\\\/04\\\/07\\\/alla-skolor-maste-fa-ratt-forutsattningar-att-lyckas\\\/#primaryimage\"},\"image\":{\"@id\":\"https:\\\/\\\/lararkarriar.se\\\/grundskola\\\/2016\\\/04\\\/07\\\/alla-skolor-maste-fa-ratt-forutsattningar-att-lyckas\\\/#primaryimage\"},\"thumbnailUrl\":\"https:\\\/\\\/lararkarriar.se\\\/grundskola\\\/wp-content\\\/uploads\\\/sites\\\/12\\\/2016\\\/04\\\/skolchef-inger-pripp.jpg\",\"datePublished\":\"2016-04-06T22:11:01+00:00\",\"author\":{\"@id\":\"https:\\\/\\\/lararkarriar.se\\\/grundskola\\\/#\\\/schema\\\/person\\\/c8a43eb855191e573b73ecf8987a3b99\"},\"breadcrumb\":{\"@id\":\"https:\\\/\\\/lararkarriar.se\\\/grundskola\\\/2016\\\/04\\\/07\\\/alla-skolor-maste-fa-ratt-forutsattningar-att-lyckas\\\/#breadcrumb\"},\"inLanguage\":\"sv-SE\",\"potentialAction\":[{\"@type\":\"ReadAction\",\"target\":[\"https:\\\/\\\/lararkarriar.se\\\/grundskola\\\/2016\\\/04\\\/07\\\/alla-skolor-maste-fa-ratt-forutsattningar-att-lyckas\\\/\"]}]},{\"@type\":\"ImageObject\",\"inLanguage\":\"sv-SE\",\"@id\":\"https:\\\/\\\/lararkarriar.se\\\/grundskola\\\/2016\\\/04\\\/07\\\/alla-skolor-maste-fa-ratt-forutsattningar-att-lyckas\\\/#primaryimage\",\"url\":\"https:\\\/\\\/lararkarriar.se\\\/grundskola\\\/wp-content\\\/uploads\\\/sites\\\/12\\\/2016\\\/04\\\/skolchef-inger-pripp.jpg\",\"contentUrl\":\"https:\\\/\\\/lararkarriar.se\\\/grundskola\\\/wp-content\\\/uploads\\\/sites\\\/12\\\/2016\\\/04\\\/skolchef-inger-pripp.jpg\",\"width\":1000,\"height\":547,\"caption\":\"Inger Pripp, grundskoledirekt\u00f6r i Stockholms stad.\"},{\"@type\":\"BreadcrumbList\",\"@id\":\"https:\\\/\\\/lararkarriar.se\\\/grundskola\\\/2016\\\/04\\\/07\\\/alla-skolor-maste-fa-ratt-forutsattningar-att-lyckas\\\/#breadcrumb\",\"itemListElement\":[{\"@type\":\"ListItem\",\"position\":1,\"name\":\"Home\",\"item\":\"https:\\\/\\\/lararkarriar.se\\\/grundskola\\\/\"},{\"@type\":\"ListItem\",\"position\":2,\"name\":\"Alla skolor m\u00e5ste f\u00e5 r\u00e4tt f\u00f6ruts\u00e4ttningar att lyckas\"}]},{\"@type\":\"WebSite\",\"@id\":\"https:\\\/\\\/lararkarriar.se\\\/grundskola\\\/#website\",\"url\":\"https:\\\/\\\/lararkarriar.se\\\/grundskola\\\/\",\"name\":\"Framtidens Karri\u00e4r \u2013 Grundskolel\u00e4rare\",\"description\":\"Just another NMDashboard.se Sites site\",\"potentialAction\":[{\"@type\":\"SearchAction\",\"target\":{\"@type\":\"EntryPoint\",\"urlTemplate\":\"https:\\\/\\\/lararkarriar.se\\\/grundskola\\\/?s={search_term_string}\"},\"query-input\":{\"@type\":\"PropertyValueSpecification\",\"valueRequired\":true,\"valueName\":\"search_term_string\"}}],\"inLanguage\":\"sv-SE\"},{\"@type\":\"Person\",\"@id\":\"https:\\\/\\\/lararkarriar.se\\\/grundskola\\\/#\\\/schema\\\/person\\\/c8a43eb855191e573b73ecf8987a3b99\",\"name\":\"stellanstal\",\"image\":{\"@type\":\"ImageObject\",\"inLanguage\":\"sv-SE\",\"@id\":\"https:\\\/\\\/secure.gravatar.com\\\/avatar\\\/cd330fa6bb17f598124b2068ee0b189e4fe0987a50af9d53b78410836060d0c9?s=96&d=mm&r=g\",\"url\":\"https:\\\/\\\/secure.gravatar.com\\\/avatar\\\/cd330fa6bb17f598124b2068ee0b189e4fe0987a50af9d53b78410836060d0c9?s=96&d=mm&r=g\",\"contentUrl\":\"https:\\\/\\\/secure.gravatar.com\\\/avatar\\\/cd330fa6bb17f598124b2068ee0b189e4fe0987a50af9d53b78410836060d0c9?s=96&d=mm&r=g\",\"caption\":\"stellanstal\"},\"url\":\"https:\\\/\\\/lararkarriar.se\\\/grundskola\\\/author\\\/stellanstal\\\/\"}]}<\/script>\n<!-- \/ Yoast SEO plugin. -->","yoast_head_json":{"title":"Alla skolor m\u00e5ste f\u00e5 r\u00e4tt f\u00f6ruts\u00e4ttningar att lyckas - Framtidens Karri\u00e4r \u2013 Grundskolel\u00e4rare","robots":{"index":"index","follow":"follow","max-snippet":"max-snippet:-1","max-image-preview":"max-image-preview:large","max-video-preview":"max-video-preview:-1"},"canonical":"https:\/\/lararkarriar.se\/grundskola\/2016\/04\/07\/alla-skolor-maste-fa-ratt-forutsattningar-att-lyckas\/","og_locale":"sv_SE","og_type":"article","og_title":"Alla skolor m\u00e5ste f\u00e5 r\u00e4tt f\u00f6ruts\u00e4ttningar att lyckas - Framtidens Karri\u00e4r \u2013 Grundskolel\u00e4rare","og_description":"\u2013 I framtidens grundskola hoppas jag att vi lyckats bryta den segregation som finns idag....","og_url":"https:\/\/lararkarriar.se\/grundskola\/2016\/04\/07\/alla-skolor-maste-fa-ratt-forutsattningar-att-lyckas\/","og_site_name":"Framtidens Karri\u00e4r \u2013 Grundskolel\u00e4rare","article_published_time":"2016-04-06T22:11:01+00:00","og_image":[{"width":1000,"height":547,"url":"https:\/\/lararkarriar.se\/grundskola\/wp-content\/uploads\/sites\/12\/2016\/04\/skolchef-inger-pripp.jpg","type":"image\/jpeg"}],"author":"stellanstal","twitter_card":"summary_large_image","twitter_misc":{"Skriven av":"stellanstal","Ber\u00e4knad l\u00e4stid":"3 minuter"},"schema":{"@context":"https:\/\/schema.org","@graph":[{"@type":"Article","@id":"https:\/\/lararkarriar.se\/grundskola\/2016\/04\/07\/alla-skolor-maste-fa-ratt-forutsattningar-att-lyckas\/#article","isPartOf":{"@id":"https:\/\/lararkarriar.se\/grundskola\/2016\/04\/07\/alla-skolor-maste-fa-ratt-forutsattningar-att-lyckas\/"},"author":{"name":"stellanstal","@id":"https:\/\/lararkarriar.se\/grundskola\/#\/schema\/person\/c8a43eb855191e573b73ecf8987a3b99"},"headline":"Alla skolor m\u00e5ste f\u00e5 r\u00e4tt f\u00f6ruts\u00e4ttningar att lyckas","datePublished":"2016-04-06T22:11:01+00:00","mainEntityOfPage":{"@id":"https:\/\/lararkarriar.se\/grundskola\/2016\/04\/07\/alla-skolor-maste-fa-ratt-forutsattningar-att-lyckas\/"},"wordCount":564,"image":{"@id":"https:\/\/lararkarriar.se\/grundskola\/2016\/04\/07\/alla-skolor-maste-fa-ratt-forutsattningar-att-lyckas\/#primaryimage"},"thumbnailUrl":"https:\/\/lararkarriar.se\/grundskola\/wp-content\/uploads\/sites\/12\/2016\/04\/skolchef-inger-pripp.jpg","articleSection":["Artikel"],"inLanguage":"sv-SE"},{"@type":"WebPage","@id":"https:\/\/lararkarriar.se\/grundskola\/2016\/04\/07\/alla-skolor-maste-fa-ratt-forutsattningar-att-lyckas\/","url":"https:\/\/lararkarriar.se\/grundskola\/2016\/04\/07\/alla-skolor-maste-fa-ratt-forutsattningar-att-lyckas\/","name":"Alla skolor m\u00e5ste f\u00e5 r\u00e4tt f\u00f6ruts\u00e4ttningar att lyckas - Framtidens Karri\u00e4r \u2013 Grundskolel\u00e4rare","isPartOf":{"@id":"https:\/\/lararkarriar.se\/grundskola\/#website"},"primaryImageOfPage":{"@id":"https:\/\/lararkarriar.se\/grundskola\/2016\/04\/07\/alla-skolor-maste-fa-ratt-forutsattningar-att-lyckas\/#primaryimage"},"image":{"@id":"https:\/\/lararkarriar.se\/grundskola\/2016\/04\/07\/alla-skolor-maste-fa-ratt-forutsattningar-att-lyckas\/#primaryimage"},"thumbnailUrl":"https:\/\/lararkarriar.se\/grundskola\/wp-content\/uploads\/sites\/12\/2016\/04\/skolchef-inger-pripp.jpg","datePublished":"2016-04-06T22:11:01+00:00","author":{"@id":"https:\/\/lararkarriar.se\/grundskola\/#\/schema\/person\/c8a43eb855191e573b73ecf8987a3b99"},"breadcrumb":{"@id":"https:\/\/lararkarriar.se\/grundskola\/2016\/04\/07\/alla-skolor-maste-fa-ratt-forutsattningar-att-lyckas\/#breadcrumb"},"inLanguage":"sv-SE","potentialAction":[{"@type":"ReadAction","target":["https:\/\/lararkarriar.se\/grundskola\/2016\/04\/07\/alla-skolor-maste-fa-ratt-forutsattningar-att-lyckas\/"]}]},{"@type":"ImageObject","inLanguage":"sv-SE","@id":"https:\/\/lararkarriar.se\/grundskola\/2016\/04\/07\/alla-skolor-maste-fa-ratt-forutsattningar-att-lyckas\/#primaryimage","url":"https:\/\/lararkarriar.se\/grundskola\/wp-content\/uploads\/sites\/12\/2016\/04\/skolchef-inger-pripp.jpg","contentUrl":"https:\/\/lararkarriar.se\/grundskola\/wp-content\/uploads\/sites\/12\/2016\/04\/skolchef-inger-pripp.jpg","width":1000,"height":547,"caption":"Inger Pripp, grundskoledirekt\u00f6r i Stockholms stad."},{"@type":"BreadcrumbList","@id":"https:\/\/lararkarriar.se\/grundskola\/2016\/04\/07\/alla-skolor-maste-fa-ratt-forutsattningar-att-lyckas\/#breadcrumb","itemListElement":[{"@type":"ListItem","position":1,"name":"Home","item":"https:\/\/lararkarriar.se\/grundskola\/"},{"@type":"ListItem","position":2,"name":"Alla skolor m\u00e5ste f\u00e5 r\u00e4tt f\u00f6ruts\u00e4ttningar att lyckas"}]},{"@type":"WebSite","@id":"https:\/\/lararkarriar.se\/grundskola\/#website","url":"https:\/\/lararkarriar.se\/grundskola\/","name":"Framtidens Karri\u00e4r \u2013 Grundskolel\u00e4rare","description":"Just another NMDashboard.se Sites site","potentialAction":[{"@type":"SearchAction","target":{"@type":"EntryPoint","urlTemplate":"https:\/\/lararkarriar.se\/grundskola\/?s={search_term_string}"},"query-input":{"@type":"PropertyValueSpecification","valueRequired":true,"valueName":"search_term_string"}}],"inLanguage":"sv-SE"},{"@type":"Person","@id":"https:\/\/lararkarriar.se\/grundskola\/#\/schema\/person\/c8a43eb855191e573b73ecf8987a3b99","name":"stellanstal","image":{"@type":"ImageObject","inLanguage":"sv-SE","@id":"https:\/\/secure.gravatar.com\/avatar\/cd330fa6bb17f598124b2068ee0b189e4fe0987a50af9d53b78410836060d0c9?s=96&d=mm&r=g","url":"https:\/\/secure.gravatar.com\/avatar\/cd330fa6bb17f598124b2068ee0b189e4fe0987a50af9d53b78410836060d0c9?s=96&d=mm&r=g","contentUrl":"https:\/\/secure.gravatar.com\/avatar\/cd330fa6bb17f598124b2068ee0b189e4fe0987a50af9d53b78410836060d0c9?s=96&d=mm&r=g","caption":"stellanstal"},"url":"https:\/\/lararkarriar.se\/grundskola\/author\/stellanstal\/"}]}},"_links":{"self":[{"href":"https:\/\/lararkarriar.se\/grundskola\/wp-json\/wp\/v2\/posts\/5551","targetHints":{"allow":["GET"]}}],"collection":[{"href":"https:\/\/lararkarriar.se\/grundskola\/wp-json\/wp\/v2\/posts"}],"about":[{"href":"https:\/\/lararkarriar.se\/grundskola\/wp-json\/wp\/v2\/types\/post"}],"author":[{"embeddable":true,"href":"https:\/\/lararkarriar.se\/grundskola\/wp-json\/wp\/v2\/users\/3"}],"replies":[{"embeddable":true,"href":"https:\/\/lararkarriar.se\/grundskola\/wp-json\/wp\/v2\/comments?post=5551"}],"version-history":[{"count":0,"href":"https:\/\/lararkarriar.se\/grundskola\/wp-json\/wp\/v2\/posts\/5551\/revisions"}],"wp:featuredmedia":[{"embeddable":true,"href":"https:\/\/lararkarriar.se\/grundskola\/wp-json\/wp\/v2\/media\/5552"}],"wp:attachment":[{"href":"https:\/\/lararkarriar.se\/grundskola\/wp-json\/wp\/v2\/media?parent=5551"}],"wp:term":[{"taxonomy":"category","embeddable":true,"href":"https:\/\/lararkarriar.se\/grundskola\/wp-json\/wp\/v2\/categories?post=5551"},{"taxonomy":"post_tag","embeddable":true,"href":"https:\/\/lararkarriar.se\/grundskola\/wp-json\/wp\/v2\/tags?post=5551"}],"curies":[{"name":"wp","href":"https:\/\/api.w.org\/{rel}","templated":true}]}}