{"id":5565,"date":"2016-04-07T00:29:00","date_gmt":"2016-04-06T22:29:00","guid":{"rendered":"http:\/\/lararkarriar.se\/grundskola\/?p=5565"},"modified":"2016-04-07T00:29:00","modified_gmt":"2016-04-06T22:29:00","slug":"skolan-har-alltid-varit-en-spegel-av-samhallet","status":"publish","type":"post","link":"https:\/\/lararkarriar.se\/grundskola\/2016\/04\/07\/skolan-har-alltid-varit-en-spegel-av-samhallet\/","title":{"rendered":"\u201dSkolan har alltid varit en spegel av samh\u00e4llet\u201d"},"content":{"rendered":"<p><figure id=\"attachment_5566\" aria-describedby=\"caption-attachment-5566\" style=\"width: 250px\" class=\"wp-caption alignright\"><img loading=\"lazy\" decoding=\"async\" src=\"http:\/\/lararkarriar.se\/grundskola\/wp-content\/uploads\/2016\/04\/opposition_camilla-waltersson-250x375.jpg\" alt=\"Camilla Waltersson Gr\u00f6nvall, Moderaternas skolpolitiska talesperson.\" width=\"250\" height=\"375\" class=\"size-medium wp-image-5566\" \/><figcaption id=\"caption-attachment-5566\" class=\"wp-caption-text\">Camilla Waltersson Gr\u00f6nvall, Moderaternas skolpolitiska talesperson.<\/figcaption><\/figure><strong>\u2013 Att v\u00e4nda utvecklingen med de fallande kunskapsresultaten och h\u00f6ja l\u00e4raryrkets status. Det \u00e4r de tv\u00e5 viktigaste utmaningarna f\u00f6r dagens grundskola, s\u00e4ger Camilla Waltersson Gr\u00f6nvall, Moderaternas skolpolitiska talesperson.<\/strong><\/p>\n<p>De flesta politiker i Sverige, oavsett partitillh\u00f6righet, \u00e4r i stort sett eniga om vilka som \u00e4r de stora utmaningarna f\u00f6r dagens skola och om hur de vill att framtidens skola ska se ut. Det som skiljer \u00e5sikterna \u00e5t \u00e4r v\u00e4gen dit.<br \/>\n\u2013 Vi m\u00e5ste ha en skola d\u00e4r eleverna rustas med f\u00f6ruts\u00e4ttningar f\u00f6r att leva ett liv d\u00e4r de kan g\u00f6ra olika val och bli anst\u00e4llningsbara p\u00e5 en framtida arbetsmarknad. F\u00f6r att n\u00e5 dit kr\u00e4vs ett antal genomgripande \u00e5tg\u00e4rder som tar tid att genomf\u00f6ra. Men det finns \u00e4ven enkla l\u00f6sningar som borde kunna komma p\u00e5 plats lite snabbare \u00e4n vad som idag \u00e4r fallet, menar Camilla Waltersson Gr\u00f6nvall.<br \/>\nEtt exempel, menar hon, \u00e4r inf\u00f6randet av centralr\u00e4ttade och digitaliserade prov.<br \/>\n\u2013 Tekniken har kommit s\u00e5 l\u00e5ngt att det idag \u00e4r m\u00f6jligt att b\u00e5de individualisera undervisningen och underl\u00e4tta f\u00f6r l\u00e4raren n\u00e4r det g\u00e4ller tid f\u00f6r r\u00e4ttning. Danmark har till exempel ett digitalt provsystem d\u00e4r eleven f\u00e5r sv\u00e5rare fr\u00e5gor beroende p\u00e5 hur tidigare svar ser ut. Tekniken \u00e4r v\u00e5r v\u00e4n i det h\u00e4r fallet och d\u00e5 m\u00e5ste man kunna arbeta lite snabbare f\u00f6r att f\u00e5 in den i skolorna.<\/p>\n<p><strong>Ny l\u00e4rarutbildning<\/strong><br \/>\nEn mer tids\u00f6dande, och enligt Moderaterna n\u00f6dv\u00e4ndig, \u00e5tg\u00e4rd f\u00f6r att skapa framtidens grundskola \u00e4r en f\u00f6r\u00e4ndring av l\u00e4rarutbildningen.<br \/>\n\u2013 Idag har studenterna p\u00e5 l\u00e4rarutbildningen i genomsnitt \u00e5tta timmars l\u00e4rarledd undervisning och tio timmars eget arbete per vecka. Det inneb\u00e4r att en knapp halvtidsutbildning ska g\u00f6ra dem redo att axla ett av de mest kr\u00e4vande jobben som samh\u00e4llet erbjuder. Detta m\u00e5ste vi g\u00f6ra n\u00e5got \u00e5t.<br \/>\nEn annan viktig sak, menar Camilla Waltersson Gr\u00f6nvall, \u00e4r att l\u00e4rarna m\u00e5ste f\u00e5 mer tid f\u00f6r undervisning.<br \/>\n\u2013 D\u00e4rf\u00f6r har vi f\u00f6reslagit ett inr\u00e4ttande av l\u00e4rarassistenter p\u00e5 ett antal skolor i syfte att f\u00e5 en utv\u00e4rdering av hur dessa tj\u00e4nster skulle kunna fungera och underl\u00e4tta f\u00f6r l\u00e4rarna.<br \/>\nAlliansen gjorde i februari f\u00f6rra \u00e5ret en \u00f6verenskommelse med regeringen som bland annat omfattade kunskapsm\u00e5l i l\u00e4sning och obligatoriskt bed\u00f6mningsst\u00f6d i matematik och svenska i \u00e5rskurs 1.<br \/>\n\u2013 Ju tidigare ett s\u00e4rskilt behov av st\u00f6d uppt\u00e4cks, desto b\u00e4ttre. En annan viktig sak vi arbetar f\u00f6r \u00e4r att svenska som andra spr\u00e5k ska bli obligatoriskt p\u00e5 l\u00e4rarutbildningen. Skolan har alltid varit en spegel av samh\u00e4llet, n\u00e4r samh\u00e4llet blir mer komplext p\u00e5verkar det l\u00e4rarrollen i samma utstr\u00e4ckning. D\u00e4rf\u00f6r m\u00e5ste l\u00e4rarutbildningen f\u00f6lja med sin tid och rusta studenterna f\u00f6r den verklighet de kommer att m\u00f6ta som f\u00e4rdiga l\u00e4rare, fastsl\u00e5r Camilla Waltersson Gr\u00f6nvall.<\/p>\n","protected":false},"excerpt":{"rendered":"<p>\u2013 Att v\u00e4nda utvecklingen med de fallande kunskapsresultaten och h\u00f6ja l\u00e4raryrkets status. Det \u00e4r de&#8230;<\/p>\n","protected":false},"author":3,"featured_media":5566,"comment_status":"closed","ping_status":"open","sticky":false,"template":"","format":"standard","meta":{"_acf_changed":false,"_monsterinsights_skip_tracking":false,"_monsterinsights_sitenote_active":false,"_monsterinsights_sitenote_note":"","_monsterinsights_sitenote_category":0,"footnotes":""},"categories":[1],"tags":[],"class_list":["post-5565","post","type-post","status-publish","format-standard","has-post-thumbnail","hentry","category-artikel"],"acf":[],"yoast_head":"<!-- This site is optimized with the Yoast SEO plugin v27.3 - https:\/\/yoast.com\/product\/yoast-seo-wordpress\/ -->\n<title>\u201dSkolan har alltid varit en spegel av samh\u00e4llet\u201d - Framtidens Karri\u00e4r \u2013 Grundskolel\u00e4rare<\/title>\n<meta name=\"robots\" content=\"index, follow, max-snippet:-1, max-image-preview:large, max-video-preview:-1\" \/>\n<link rel=\"canonical\" href=\"https:\/\/lararkarriar.se\/grundskola\/2016\/04\/07\/skolan-har-alltid-varit-en-spegel-av-samhallet\/\" \/>\n<meta property=\"og:locale\" content=\"sv_SE\" \/>\n<meta property=\"og:type\" content=\"article\" \/>\n<meta property=\"og:title\" content=\"\u201dSkolan har alltid varit en spegel av samh\u00e4llet\u201d - Framtidens Karri\u00e4r \u2013 Grundskolel\u00e4rare\" \/>\n<meta property=\"og:description\" content=\"\u2013 Att v\u00e4nda utvecklingen med de fallande kunskapsresultaten och h\u00f6ja l\u00e4raryrkets status. Det \u00e4r de...\" \/>\n<meta property=\"og:url\" content=\"https:\/\/lararkarriar.se\/grundskola\/2016\/04\/07\/skolan-har-alltid-varit-en-spegel-av-samhallet\/\" \/>\n<meta property=\"og:site_name\" content=\"Framtidens Karri\u00e4r \u2013 Grundskolel\u00e4rare\" \/>\n<meta property=\"article:published_time\" content=\"2016-04-06T22:29:00+00:00\" \/>\n<meta property=\"og:image\" content=\"https:\/\/lararkarriar.se\/grundskola\/wp-content\/uploads\/sites\/12\/2016\/04\/opposition-camilla-waltersson.jpg\" \/>\n\t<meta property=\"og:image:width\" content=\"1000\" \/>\n\t<meta property=\"og:image:height\" content=\"1500\" \/>\n\t<meta property=\"og:image:type\" content=\"image\/jpeg\" \/>\n<meta name=\"author\" content=\"stellanstal\" \/>\n<meta name=\"twitter:card\" content=\"summary_large_image\" \/>\n<meta name=\"twitter:label1\" content=\"Skriven av\" \/>\n\t<meta name=\"twitter:data1\" content=\"stellanstal\" \/>\n\t<meta name=\"twitter:label2\" content=\"Ber\u00e4knad l\u00e4stid\" \/>\n\t<meta name=\"twitter:data2\" content=\"3 minuter\" \/>\n<script type=\"application\/ld+json\" class=\"yoast-schema-graph\">{\"@context\":\"https:\\\/\\\/schema.org\",\"@graph\":[{\"@type\":\"Article\",\"@id\":\"https:\\\/\\\/lararkarriar.se\\\/grundskola\\\/2016\\\/04\\\/07\\\/skolan-har-alltid-varit-en-spegel-av-samhallet\\\/#article\",\"isPartOf\":{\"@id\":\"https:\\\/\\\/lararkarriar.se\\\/grundskola\\\/2016\\\/04\\\/07\\\/skolan-har-alltid-varit-en-spegel-av-samhallet\\\/\"},\"author\":{\"name\":\"stellanstal\",\"@id\":\"https:\\\/\\\/lararkarriar.se\\\/grundskola\\\/#\\\/schema\\\/person\\\/c8a43eb855191e573b73ecf8987a3b99\"},\"headline\":\"\u201dSkolan har alltid varit en spegel av samh\u00e4llet\u201d\",\"datePublished\":\"2016-04-06T22:29:00+00:00\",\"mainEntityOfPage\":{\"@id\":\"https:\\\/\\\/lararkarriar.se\\\/grundskola\\\/2016\\\/04\\\/07\\\/skolan-har-alltid-varit-en-spegel-av-samhallet\\\/\"},\"wordCount\":547,\"image\":{\"@id\":\"https:\\\/\\\/lararkarriar.se\\\/grundskola\\\/2016\\\/04\\\/07\\\/skolan-har-alltid-varit-en-spegel-av-samhallet\\\/#primaryimage\"},\"thumbnailUrl\":\"https:\\\/\\\/lararkarriar.se\\\/grundskola\\\/wp-content\\\/uploads\\\/sites\\\/12\\\/2016\\\/04\\\/opposition-camilla-waltersson.jpg\",\"articleSection\":[\"Artikel\"],\"inLanguage\":\"sv-SE\"},{\"@type\":\"WebPage\",\"@id\":\"https:\\\/\\\/lararkarriar.se\\\/grundskola\\\/2016\\\/04\\\/07\\\/skolan-har-alltid-varit-en-spegel-av-samhallet\\\/\",\"url\":\"https:\\\/\\\/lararkarriar.se\\\/grundskola\\\/2016\\\/04\\\/07\\\/skolan-har-alltid-varit-en-spegel-av-samhallet\\\/\",\"name\":\"\u201dSkolan har alltid varit en spegel av samh\u00e4llet\u201d - Framtidens Karri\u00e4r \u2013 Grundskolel\u00e4rare\",\"isPartOf\":{\"@id\":\"https:\\\/\\\/lararkarriar.se\\\/grundskola\\\/#website\"},\"primaryImageOfPage\":{\"@id\":\"https:\\\/\\\/lararkarriar.se\\\/grundskola\\\/2016\\\/04\\\/07\\\/skolan-har-alltid-varit-en-spegel-av-samhallet\\\/#primaryimage\"},\"image\":{\"@id\":\"https:\\\/\\\/lararkarriar.se\\\/grundskola\\\/2016\\\/04\\\/07\\\/skolan-har-alltid-varit-en-spegel-av-samhallet\\\/#primaryimage\"},\"thumbnailUrl\":\"https:\\\/\\\/lararkarriar.se\\\/grundskola\\\/wp-content\\\/uploads\\\/sites\\\/12\\\/2016\\\/04\\\/opposition-camilla-waltersson.jpg\",\"datePublished\":\"2016-04-06T22:29:00+00:00\",\"author\":{\"@id\":\"https:\\\/\\\/lararkarriar.se\\\/grundskola\\\/#\\\/schema\\\/person\\\/c8a43eb855191e573b73ecf8987a3b99\"},\"breadcrumb\":{\"@id\":\"https:\\\/\\\/lararkarriar.se\\\/grundskola\\\/2016\\\/04\\\/07\\\/skolan-har-alltid-varit-en-spegel-av-samhallet\\\/#breadcrumb\"},\"inLanguage\":\"sv-SE\",\"potentialAction\":[{\"@type\":\"ReadAction\",\"target\":[\"https:\\\/\\\/lararkarriar.se\\\/grundskola\\\/2016\\\/04\\\/07\\\/skolan-har-alltid-varit-en-spegel-av-samhallet\\\/\"]}]},{\"@type\":\"ImageObject\",\"inLanguage\":\"sv-SE\",\"@id\":\"https:\\\/\\\/lararkarriar.se\\\/grundskola\\\/2016\\\/04\\\/07\\\/skolan-har-alltid-varit-en-spegel-av-samhallet\\\/#primaryimage\",\"url\":\"https:\\\/\\\/lararkarriar.se\\\/grundskola\\\/wp-content\\\/uploads\\\/sites\\\/12\\\/2016\\\/04\\\/opposition-camilla-waltersson.jpg\",\"contentUrl\":\"https:\\\/\\\/lararkarriar.se\\\/grundskola\\\/wp-content\\\/uploads\\\/sites\\\/12\\\/2016\\\/04\\\/opposition-camilla-waltersson.jpg\",\"width\":1000,\"height\":1500,\"caption\":\"Camilla Waltersson Gr\u00f6nvall, Moderaternas skolpolitiska talesperson.\"},{\"@type\":\"BreadcrumbList\",\"@id\":\"https:\\\/\\\/lararkarriar.se\\\/grundskola\\\/2016\\\/04\\\/07\\\/skolan-har-alltid-varit-en-spegel-av-samhallet\\\/#breadcrumb\",\"itemListElement\":[{\"@type\":\"ListItem\",\"position\":1,\"name\":\"Home\",\"item\":\"https:\\\/\\\/lararkarriar.se\\\/grundskola\\\/\"},{\"@type\":\"ListItem\",\"position\":2,\"name\":\"\u201dSkolan har alltid varit en spegel av samh\u00e4llet\u201d\"}]},{\"@type\":\"WebSite\",\"@id\":\"https:\\\/\\\/lararkarriar.se\\\/grundskola\\\/#website\",\"url\":\"https:\\\/\\\/lararkarriar.se\\\/grundskola\\\/\",\"name\":\"Framtidens Karri\u00e4r \u2013 Grundskolel\u00e4rare\",\"description\":\"Just another NMDashboard.se Sites site\",\"potentialAction\":[{\"@type\":\"SearchAction\",\"target\":{\"@type\":\"EntryPoint\",\"urlTemplate\":\"https:\\\/\\\/lararkarriar.se\\\/grundskola\\\/?s={search_term_string}\"},\"query-input\":{\"@type\":\"PropertyValueSpecification\",\"valueRequired\":true,\"valueName\":\"search_term_string\"}}],\"inLanguage\":\"sv-SE\"},{\"@type\":\"Person\",\"@id\":\"https:\\\/\\\/lararkarriar.se\\\/grundskola\\\/#\\\/schema\\\/person\\\/c8a43eb855191e573b73ecf8987a3b99\",\"name\":\"stellanstal\",\"image\":{\"@type\":\"ImageObject\",\"inLanguage\":\"sv-SE\",\"@id\":\"https:\\\/\\\/secure.gravatar.com\\\/avatar\\\/cd330fa6bb17f598124b2068ee0b189e4fe0987a50af9d53b78410836060d0c9?s=96&d=mm&r=g\",\"url\":\"https:\\\/\\\/secure.gravatar.com\\\/avatar\\\/cd330fa6bb17f598124b2068ee0b189e4fe0987a50af9d53b78410836060d0c9?s=96&d=mm&r=g\",\"contentUrl\":\"https:\\\/\\\/secure.gravatar.com\\\/avatar\\\/cd330fa6bb17f598124b2068ee0b189e4fe0987a50af9d53b78410836060d0c9?s=96&d=mm&r=g\",\"caption\":\"stellanstal\"},\"url\":\"https:\\\/\\\/lararkarriar.se\\\/grundskola\\\/author\\\/stellanstal\\\/\"}]}<\/script>\n<!-- \/ Yoast SEO plugin. -->","yoast_head_json":{"title":"\u201dSkolan har alltid varit en spegel av samh\u00e4llet\u201d - Framtidens Karri\u00e4r \u2013 Grundskolel\u00e4rare","robots":{"index":"index","follow":"follow","max-snippet":"max-snippet:-1","max-image-preview":"max-image-preview:large","max-video-preview":"max-video-preview:-1"},"canonical":"https:\/\/lararkarriar.se\/grundskola\/2016\/04\/07\/skolan-har-alltid-varit-en-spegel-av-samhallet\/","og_locale":"sv_SE","og_type":"article","og_title":"\u201dSkolan har alltid varit en spegel av samh\u00e4llet\u201d - Framtidens Karri\u00e4r \u2013 Grundskolel\u00e4rare","og_description":"\u2013 Att v\u00e4nda utvecklingen med de fallande kunskapsresultaten och h\u00f6ja l\u00e4raryrkets status. Det \u00e4r de...","og_url":"https:\/\/lararkarriar.se\/grundskola\/2016\/04\/07\/skolan-har-alltid-varit-en-spegel-av-samhallet\/","og_site_name":"Framtidens Karri\u00e4r \u2013 Grundskolel\u00e4rare","article_published_time":"2016-04-06T22:29:00+00:00","og_image":[{"width":1000,"height":1500,"url":"https:\/\/lararkarriar.se\/grundskola\/wp-content\/uploads\/sites\/12\/2016\/04\/opposition-camilla-waltersson.jpg","type":"image\/jpeg"}],"author":"stellanstal","twitter_card":"summary_large_image","twitter_misc":{"Skriven av":"stellanstal","Ber\u00e4knad l\u00e4stid":"3 minuter"},"schema":{"@context":"https:\/\/schema.org","@graph":[{"@type":"Article","@id":"https:\/\/lararkarriar.se\/grundskola\/2016\/04\/07\/skolan-har-alltid-varit-en-spegel-av-samhallet\/#article","isPartOf":{"@id":"https:\/\/lararkarriar.se\/grundskola\/2016\/04\/07\/skolan-har-alltid-varit-en-spegel-av-samhallet\/"},"author":{"name":"stellanstal","@id":"https:\/\/lararkarriar.se\/grundskola\/#\/schema\/person\/c8a43eb855191e573b73ecf8987a3b99"},"headline":"\u201dSkolan har alltid varit en spegel av samh\u00e4llet\u201d","datePublished":"2016-04-06T22:29:00+00:00","mainEntityOfPage":{"@id":"https:\/\/lararkarriar.se\/grundskola\/2016\/04\/07\/skolan-har-alltid-varit-en-spegel-av-samhallet\/"},"wordCount":547,"image":{"@id":"https:\/\/lararkarriar.se\/grundskola\/2016\/04\/07\/skolan-har-alltid-varit-en-spegel-av-samhallet\/#primaryimage"},"thumbnailUrl":"https:\/\/lararkarriar.se\/grundskola\/wp-content\/uploads\/sites\/12\/2016\/04\/opposition-camilla-waltersson.jpg","articleSection":["Artikel"],"inLanguage":"sv-SE"},{"@type":"WebPage","@id":"https:\/\/lararkarriar.se\/grundskola\/2016\/04\/07\/skolan-har-alltid-varit-en-spegel-av-samhallet\/","url":"https:\/\/lararkarriar.se\/grundskola\/2016\/04\/07\/skolan-har-alltid-varit-en-spegel-av-samhallet\/","name":"\u201dSkolan har alltid varit en spegel av samh\u00e4llet\u201d - Framtidens Karri\u00e4r \u2013 Grundskolel\u00e4rare","isPartOf":{"@id":"https:\/\/lararkarriar.se\/grundskola\/#website"},"primaryImageOfPage":{"@id":"https:\/\/lararkarriar.se\/grundskola\/2016\/04\/07\/skolan-har-alltid-varit-en-spegel-av-samhallet\/#primaryimage"},"image":{"@id":"https:\/\/lararkarriar.se\/grundskola\/2016\/04\/07\/skolan-har-alltid-varit-en-spegel-av-samhallet\/#primaryimage"},"thumbnailUrl":"https:\/\/lararkarriar.se\/grundskola\/wp-content\/uploads\/sites\/12\/2016\/04\/opposition-camilla-waltersson.jpg","datePublished":"2016-04-06T22:29:00+00:00","author":{"@id":"https:\/\/lararkarriar.se\/grundskola\/#\/schema\/person\/c8a43eb855191e573b73ecf8987a3b99"},"breadcrumb":{"@id":"https:\/\/lararkarriar.se\/grundskola\/2016\/04\/07\/skolan-har-alltid-varit-en-spegel-av-samhallet\/#breadcrumb"},"inLanguage":"sv-SE","potentialAction":[{"@type":"ReadAction","target":["https:\/\/lararkarriar.se\/grundskola\/2016\/04\/07\/skolan-har-alltid-varit-en-spegel-av-samhallet\/"]}]},{"@type":"ImageObject","inLanguage":"sv-SE","@id":"https:\/\/lararkarriar.se\/grundskola\/2016\/04\/07\/skolan-har-alltid-varit-en-spegel-av-samhallet\/#primaryimage","url":"https:\/\/lararkarriar.se\/grundskola\/wp-content\/uploads\/sites\/12\/2016\/04\/opposition-camilla-waltersson.jpg","contentUrl":"https:\/\/lararkarriar.se\/grundskola\/wp-content\/uploads\/sites\/12\/2016\/04\/opposition-camilla-waltersson.jpg","width":1000,"height":1500,"caption":"Camilla Waltersson Gr\u00f6nvall, Moderaternas skolpolitiska talesperson."},{"@type":"BreadcrumbList","@id":"https:\/\/lararkarriar.se\/grundskola\/2016\/04\/07\/skolan-har-alltid-varit-en-spegel-av-samhallet\/#breadcrumb","itemListElement":[{"@type":"ListItem","position":1,"name":"Home","item":"https:\/\/lararkarriar.se\/grundskola\/"},{"@type":"ListItem","position":2,"name":"\u201dSkolan har alltid varit en spegel av samh\u00e4llet\u201d"}]},{"@type":"WebSite","@id":"https:\/\/lararkarriar.se\/grundskola\/#website","url":"https:\/\/lararkarriar.se\/grundskola\/","name":"Framtidens Karri\u00e4r \u2013 Grundskolel\u00e4rare","description":"Just another NMDashboard.se Sites site","potentialAction":[{"@type":"SearchAction","target":{"@type":"EntryPoint","urlTemplate":"https:\/\/lararkarriar.se\/grundskola\/?s={search_term_string}"},"query-input":{"@type":"PropertyValueSpecification","valueRequired":true,"valueName":"search_term_string"}}],"inLanguage":"sv-SE"},{"@type":"Person","@id":"https:\/\/lararkarriar.se\/grundskola\/#\/schema\/person\/c8a43eb855191e573b73ecf8987a3b99","name":"stellanstal","image":{"@type":"ImageObject","inLanguage":"sv-SE","@id":"https:\/\/secure.gravatar.com\/avatar\/cd330fa6bb17f598124b2068ee0b189e4fe0987a50af9d53b78410836060d0c9?s=96&d=mm&r=g","url":"https:\/\/secure.gravatar.com\/avatar\/cd330fa6bb17f598124b2068ee0b189e4fe0987a50af9d53b78410836060d0c9?s=96&d=mm&r=g","contentUrl":"https:\/\/secure.gravatar.com\/avatar\/cd330fa6bb17f598124b2068ee0b189e4fe0987a50af9d53b78410836060d0c9?s=96&d=mm&r=g","caption":"stellanstal"},"url":"https:\/\/lararkarriar.se\/grundskola\/author\/stellanstal\/"}]}},"_links":{"self":[{"href":"https:\/\/lararkarriar.se\/grundskola\/wp-json\/wp\/v2\/posts\/5565","targetHints":{"allow":["GET"]}}],"collection":[{"href":"https:\/\/lararkarriar.se\/grundskola\/wp-json\/wp\/v2\/posts"}],"about":[{"href":"https:\/\/lararkarriar.se\/grundskola\/wp-json\/wp\/v2\/types\/post"}],"author":[{"embeddable":true,"href":"https:\/\/lararkarriar.se\/grundskola\/wp-json\/wp\/v2\/users\/3"}],"replies":[{"embeddable":true,"href":"https:\/\/lararkarriar.se\/grundskola\/wp-json\/wp\/v2\/comments?post=5565"}],"version-history":[{"count":0,"href":"https:\/\/lararkarriar.se\/grundskola\/wp-json\/wp\/v2\/posts\/5565\/revisions"}],"wp:featuredmedia":[{"embeddable":true,"href":"https:\/\/lararkarriar.se\/grundskola\/wp-json\/wp\/v2\/media\/5566"}],"wp:attachment":[{"href":"https:\/\/lararkarriar.se\/grundskola\/wp-json\/wp\/v2\/media?parent=5565"}],"wp:term":[{"taxonomy":"category","embeddable":true,"href":"https:\/\/lararkarriar.se\/grundskola\/wp-json\/wp\/v2\/categories?post=5565"},{"taxonomy":"post_tag","embeddable":true,"href":"https:\/\/lararkarriar.se\/grundskola\/wp-json\/wp\/v2\/tags?post=5565"}],"curies":[{"name":"wp","href":"https:\/\/api.w.org\/{rel}","templated":true}]}}