{"id":5626,"date":"2017-02-14T13:29:28","date_gmt":"2017-02-14T11:29:28","guid":{"rendered":"http:\/\/lararkarriar.se\/grundskola\/?p=5626"},"modified":"2017-02-14T13:29:28","modified_gmt":"2017-02-14T11:29:28","slug":"haparanda-ska-bli-bast-i-norrbotten","status":"publish","type":"post","link":"https:\/\/lararkarriar.se\/grundskola\/2017\/02\/14\/haparanda-ska-bli-bast-i-norrbotten\/","title":{"rendered":"Haparanda ska bli b\u00e4st i Norrbotten"},"content":{"rendered":"<p><figure id=\"attachment_5627\" aria-describedby=\"caption-attachment-5627\" style=\"width: 1000px\" class=\"wp-caption alignnone\"><img loading=\"lazy\" decoding=\"async\" src=\"https:\/\/lararkarriar.se\/grundskola\/wp-content\/uploads\/sites\/12\/2017\/02\/haparandra-alla.jpg\" alt=\"Bengt Westman, ordf\u00f6rande i barn- och ungdomsn\u00e4mnden och Arja Martinviita, f\u00f6rvaltningschef vid barn- och ungdomsf\u00f6rvaltningen.\" width=\"1000\" height=\"670\" class=\"size-full wp-image-5627\" srcset=\"https:\/\/lararkarriar.se\/grundskola\/wp-content\/uploads\/sites\/12\/2017\/02\/haparandra-alla.jpg 1000w, https:\/\/lararkarriar.se\/grundskola\/wp-content\/uploads\/sites\/12\/2017\/02\/haparandra-alla-300x201.jpg 300w, https:\/\/lararkarriar.se\/grundskola\/wp-content\/uploads\/sites\/12\/2017\/02\/haparandra-alla-768x515.jpg 768w, https:\/\/lararkarriar.se\/grundskola\/wp-content\/uploads\/sites\/12\/2017\/02\/haparandra-alla-239x160.jpg 239w, https:\/\/lararkarriar.se\/grundskola\/wp-content\/uploads\/sites\/12\/2017\/02\/haparandra-alla-526x352.jpg 526w, https:\/\/lararkarriar.se\/grundskola\/wp-content\/uploads\/sites\/12\/2017\/02\/haparandra-alla-720x482.jpg 720w, https:\/\/lararkarriar.se\/grundskola\/wp-content\/uploads\/sites\/12\/2017\/02\/haparandra-alla-960x643.jpg 960w\" sizes=\"auto, (max-width: 1000px) 100vw, 1000px\" \/><figcaption id=\"caption-attachment-5627\" class=\"wp-caption-text\">Bengt Westman, ordf\u00f6rande i barn- och ungdomsn\u00e4mnden och Arja Martinviita, f\u00f6rvaltningschef vid barn- och ungdomsf\u00f6rvaltningen.<\/figcaption><\/figure><strong>N\u00e4r den nya styrelsen f\u00f6r barn- och utbildningsn\u00e4mnden i Haparanda tilltr\u00e4dde f\u00f6r n\u00e5gra \u00e5r sedan var de nya ledam\u00f6terna r\u00f6rande \u00f6verens om att formulera och konkretisera ett gemensamt m\u00e5l, n\u00e4mligen att Haparandas grundskola skulle bli Norrbottens b\u00e4sta.<\/strong><\/p>\n<p>Skolv\u00e4sendet i Haparanda kommun kl\u00e4ttrade 2016 hela 220 placeringar i SKL:s ranking av grundskolan fr\u00e5n \u00e5ret dessf\u00f6rinnan. Den nya rankingen \u00e4r ett kvitto p\u00e5 att kommunens systematiska f\u00f6rb\u00e4ttringsarbete ger resultat.<br \/>\n\u2013 Det handlar inte bara om studieresultat utan om trivsel, motivation, delaktighet och att skapa en m\u00e5ngfacetterad skola. Vi ins\u00e5g ocks\u00e5 att skolan inte skulle kunna klara det p\u00e5 egen hand, utan tillsammans med akt\u00f6rer inom exempelvis kultur, fritid, bibliotek, kost och mycket mer har vi gjort en kraftsamling f\u00f6r v\u00e5ra barn och ungdomar, s\u00e4ger Bengt Westman, ordf\u00f6rande i barn- och ungdomsn\u00e4mnden.<br \/>\nF\u00f6rvaltningschef vid barn- och ungdomsf\u00f6rvaltningen, Arja Martinviita, framh\u00e5ller betydelsen av att grundskolan har ett tydligt politiskt m\u00e5l.<br \/>\n\u2013 Det underl\u00e4ttar b\u00e5de f\u00f6r oss i f\u00f6rvaltningen och f\u00f6r rektorer och l\u00e4rare ute i skolorna. Det \u00e4r en fler\u00e5rig process innan vi n\u00e5r dit vi vill, men alla inblandade parter beh\u00f6ver involveras, s\u00e5v\u00e4l f\u00f6rvaltning och politiker som rektor, elever och f\u00f6r\u00e4ldrar, s\u00e4ger hon.<\/p>\n<p><strong>Lyh\u00f6rdhet \u00e4r centralt<\/strong><br \/>\nTillsammans betonar b\u00e5de Arja och Bengt att kvalitetsarbetet grundar sig i ett gemensamt f\u00f6rh\u00e5llningss\u00e4tt som har skapats genom en tydlig dialog med medarbetarna.<br \/>\n\u2013 Det \u00e4r oerh\u00f6rt viktigt att vi \u00e4r lyh\u00f6rda f\u00f6r personalens tankar och id\u00e9er \u2013 de har b\u00e4st insikt i vad som kan f\u00f6rb\u00e4ttras och hur \u2013 och att vi fr\u00e5n politiskt h\u00e5ll bidrar till att lyfta medarbetarna och deras status inom regionen, s\u00e4ger Bengt.<\/p>\n<p><strong>\u00d6kat inflytande<\/strong><br \/>\nUnder 2016 har fokus legat p\u00e5 att skapa starkare relationer mellan olika parter, bland annat mellan elever och l\u00e4rare, f\u00f6r\u00e4ldrar och skola samt l\u00e4rare och l\u00e4rare. Ett annat fokusomr\u00e5de har varit spr\u00e5kutveckling. Arbetet med dessa tv\u00e5 omr\u00e5den kommer att fortg\u00e5, men nu riktas blicken \u00e4ven mot \u00f6kad delaktighet.<br \/>\n\u2013 Vi vill bana v\u00e4g f\u00f6r ett ut\u00f6kat elev\u00adinflytande s\u00e5 att eleverna k\u00e4nner att de kan vara med och utveckla och p\u00e5verka sin milj\u00f6. M\u00e5let \u00e4r att ha en h\u00f6g, stabil niv\u00e5 p\u00e5 v\u00e5ra resultat och om vi skapar ett tryggt och inspirerande klimat kommer vi att lyckas uppn\u00e5 det, avslutar Arja.<\/p>\n<div class=\"faktaruta-title\">Haparanda stad<\/div><div class=\"faktaruta\">M\u00e5ls\u00e4ttningen \u00e4r att utbildningen i Haparanda stads samtliga skolformer ska vara av h\u00f6g kvalitet. Undervisningen ska inom varje skolform vara av h\u00f6g kvalitet och leda till h\u00f6g m\u00e5luppfyllelse. Kvalitetsarbetet genomf\u00f6rs med fastlagda rutiner, tydlig planering, ansvarsf\u00f6rdelning, tidplaner, dokumentation, verktyg och metoder.<\/p>\n<p>Haparanda stad<br \/>\n953 85 Haparanda<br \/>\nTel. vxl: 0922-260 00<br \/>\n<em>E-post: <a href=\"mailto:kommunen@haparanda.se\">kommunen@haparanda.se<\/a><\/em><br \/>\n<strong><a href=\"http:\/\/www.haparanda.se\" target=\"_blank\" rel=\"noopener noreferrer\">www.haparanda.se<\/a><\/strong><\/br><br \/>\n<a href=\"http:\/\/www.haparanda.se\" target=\"_blank\" rel=\"attachment wp-att-5628 noopener noreferrer\"><img loading=\"lazy\" decoding=\"async\" src=\"http:\/\/lararkarriar.se\/grundskola\/wp-content\/uploads\/2017\/02\/haparandra_haptor_logo_cmyk-530x175.png\" alt=\"www.haparanda.se\" width=\"332\" height=\"110\" class=\"alignnone size-large wp-image-5628\" \/><\/a><\/div>\n","protected":false},"excerpt":{"rendered":"<p>N\u00e4r den nya styrelsen f\u00f6r barn- och utbildningsn\u00e4mnden i Haparanda tilltr\u00e4dde f\u00f6r n\u00e5gra \u00e5r sedan&#8230;<\/p>\n","protected":false},"author":3,"featured_media":5627,"comment_status":"closed","ping_status":"open","sticky":false,"template":"","format":"standard","meta":{"_acf_changed":false,"_monsterinsights_skip_tracking":false,"_monsterinsights_sitenote_active":false,"_monsterinsights_sitenote_note":"","_monsterinsights_sitenote_category":0,"footnotes":""},"categories":[7],"tags":[],"class_list":["post-5626","post","type-post","status-publish","format-standard","has-post-thumbnail","hentry","category-presentation"],"acf":[],"yoast_head":"<!-- This site is optimized with the Yoast SEO plugin v27.3 - https:\/\/yoast.com\/product\/yoast-seo-wordpress\/ -->\n<title>Haparanda ska bli b\u00e4st i Norrbotten - Framtidens Karri\u00e4r \u2013 Grundskolel\u00e4rare<\/title>\n<meta name=\"robots\" content=\"index, follow, max-snippet:-1, max-image-preview:large, max-video-preview:-1\" \/>\n<link rel=\"canonical\" href=\"https:\/\/lararkarriar.se\/grundskola\/2017\/02\/14\/haparanda-ska-bli-bast-i-norrbotten\/\" \/>\n<meta property=\"og:locale\" content=\"sv_SE\" \/>\n<meta property=\"og:type\" content=\"article\" \/>\n<meta property=\"og:title\" content=\"Haparanda ska bli b\u00e4st i Norrbotten - Framtidens Karri\u00e4r \u2013 Grundskolel\u00e4rare\" \/>\n<meta property=\"og:description\" content=\"N\u00e4r den nya styrelsen f\u00f6r barn- och utbildningsn\u00e4mnden i Haparanda tilltr\u00e4dde f\u00f6r n\u00e5gra \u00e5r sedan...\" \/>\n<meta property=\"og:url\" content=\"https:\/\/lararkarriar.se\/grundskola\/2017\/02\/14\/haparanda-ska-bli-bast-i-norrbotten\/\" \/>\n<meta property=\"og:site_name\" content=\"Framtidens Karri\u00e4r \u2013 Grundskolel\u00e4rare\" \/>\n<meta property=\"article:published_time\" content=\"2017-02-14T11:29:28+00:00\" \/>\n<meta property=\"og:image\" content=\"https:\/\/lararkarriar.se\/grundskola\/wp-content\/uploads\/sites\/12\/2017\/02\/haparandra-alla.jpg\" \/>\n\t<meta property=\"og:image:width\" content=\"1000\" \/>\n\t<meta property=\"og:image:height\" content=\"670\" \/>\n\t<meta property=\"og:image:type\" content=\"image\/jpeg\" \/>\n<meta name=\"author\" content=\"stellanstal\" \/>\n<meta name=\"twitter:card\" content=\"summary_large_image\" \/>\n<meta name=\"twitter:label1\" content=\"Skriven av\" \/>\n\t<meta name=\"twitter:data1\" content=\"stellanstal\" \/>\n\t<meta name=\"twitter:label2\" content=\"Ber\u00e4knad l\u00e4stid\" \/>\n\t<meta name=\"twitter:data2\" content=\"3 minuter\" \/>\n<script type=\"application\/ld+json\" class=\"yoast-schema-graph\">{\"@context\":\"https:\\\/\\\/schema.org\",\"@graph\":[{\"@type\":\"Article\",\"@id\":\"https:\\\/\\\/lararkarriar.se\\\/grundskola\\\/2017\\\/02\\\/14\\\/haparanda-ska-bli-bast-i-norrbotten\\\/#article\",\"isPartOf\":{\"@id\":\"https:\\\/\\\/lararkarriar.se\\\/grundskola\\\/2017\\\/02\\\/14\\\/haparanda-ska-bli-bast-i-norrbotten\\\/\"},\"author\":{\"name\":\"stellanstal\",\"@id\":\"https:\\\/\\\/lararkarriar.se\\\/grundskola\\\/#\\\/schema\\\/person\\\/c8a43eb855191e573b73ecf8987a3b99\"},\"headline\":\"Haparanda ska bli b\u00e4st i Norrbotten\",\"datePublished\":\"2017-02-14T11:29:28+00:00\",\"mainEntityOfPage\":{\"@id\":\"https:\\\/\\\/lararkarriar.se\\\/grundskola\\\/2017\\\/02\\\/14\\\/haparanda-ska-bli-bast-i-norrbotten\\\/\"},\"wordCount\":531,\"image\":{\"@id\":\"https:\\\/\\\/lararkarriar.se\\\/grundskola\\\/2017\\\/02\\\/14\\\/haparanda-ska-bli-bast-i-norrbotten\\\/#primaryimage\"},\"thumbnailUrl\":\"https:\\\/\\\/lararkarriar.se\\\/grundskola\\\/wp-content\\\/uploads\\\/sites\\\/12\\\/2017\\\/02\\\/haparandra-alla.jpg\",\"articleSection\":[\"Presentation\"],\"inLanguage\":\"sv-SE\"},{\"@type\":\"WebPage\",\"@id\":\"https:\\\/\\\/lararkarriar.se\\\/grundskola\\\/2017\\\/02\\\/14\\\/haparanda-ska-bli-bast-i-norrbotten\\\/\",\"url\":\"https:\\\/\\\/lararkarriar.se\\\/grundskola\\\/2017\\\/02\\\/14\\\/haparanda-ska-bli-bast-i-norrbotten\\\/\",\"name\":\"Haparanda ska bli b\u00e4st i Norrbotten - Framtidens Karri\u00e4r \u2013 Grundskolel\u00e4rare\",\"isPartOf\":{\"@id\":\"https:\\\/\\\/lararkarriar.se\\\/grundskola\\\/#website\"},\"primaryImageOfPage\":{\"@id\":\"https:\\\/\\\/lararkarriar.se\\\/grundskola\\\/2017\\\/02\\\/14\\\/haparanda-ska-bli-bast-i-norrbotten\\\/#primaryimage\"},\"image\":{\"@id\":\"https:\\\/\\\/lararkarriar.se\\\/grundskola\\\/2017\\\/02\\\/14\\\/haparanda-ska-bli-bast-i-norrbotten\\\/#primaryimage\"},\"thumbnailUrl\":\"https:\\\/\\\/lararkarriar.se\\\/grundskola\\\/wp-content\\\/uploads\\\/sites\\\/12\\\/2017\\\/02\\\/haparandra-alla.jpg\",\"datePublished\":\"2017-02-14T11:29:28+00:00\",\"author\":{\"@id\":\"https:\\\/\\\/lararkarriar.se\\\/grundskola\\\/#\\\/schema\\\/person\\\/c8a43eb855191e573b73ecf8987a3b99\"},\"breadcrumb\":{\"@id\":\"https:\\\/\\\/lararkarriar.se\\\/grundskola\\\/2017\\\/02\\\/14\\\/haparanda-ska-bli-bast-i-norrbotten\\\/#breadcrumb\"},\"inLanguage\":\"sv-SE\",\"potentialAction\":[{\"@type\":\"ReadAction\",\"target\":[\"https:\\\/\\\/lararkarriar.se\\\/grundskola\\\/2017\\\/02\\\/14\\\/haparanda-ska-bli-bast-i-norrbotten\\\/\"]}]},{\"@type\":\"ImageObject\",\"inLanguage\":\"sv-SE\",\"@id\":\"https:\\\/\\\/lararkarriar.se\\\/grundskola\\\/2017\\\/02\\\/14\\\/haparanda-ska-bli-bast-i-norrbotten\\\/#primaryimage\",\"url\":\"https:\\\/\\\/lararkarriar.se\\\/grundskola\\\/wp-content\\\/uploads\\\/sites\\\/12\\\/2017\\\/02\\\/haparandra-alla.jpg\",\"contentUrl\":\"https:\\\/\\\/lararkarriar.se\\\/grundskola\\\/wp-content\\\/uploads\\\/sites\\\/12\\\/2017\\\/02\\\/haparandra-alla.jpg\",\"width\":1000,\"height\":670,\"caption\":\"Bengt Westman, ordf\u00f6rande i barn- och ungdomsn\u00e4mnden och Arja Martinviita, f\u00f6rvaltningschef vid barn- och ungdomsf\u00f6rvaltningen.\"},{\"@type\":\"BreadcrumbList\",\"@id\":\"https:\\\/\\\/lararkarriar.se\\\/grundskola\\\/2017\\\/02\\\/14\\\/haparanda-ska-bli-bast-i-norrbotten\\\/#breadcrumb\",\"itemListElement\":[{\"@type\":\"ListItem\",\"position\":1,\"name\":\"Home\",\"item\":\"https:\\\/\\\/lararkarriar.se\\\/grundskola\\\/\"},{\"@type\":\"ListItem\",\"position\":2,\"name\":\"Haparanda ska bli b\u00e4st i Norrbotten\"}]},{\"@type\":\"WebSite\",\"@id\":\"https:\\\/\\\/lararkarriar.se\\\/grundskola\\\/#website\",\"url\":\"https:\\\/\\\/lararkarriar.se\\\/grundskola\\\/\",\"name\":\"Framtidens Karri\u00e4r \u2013 Grundskolel\u00e4rare\",\"description\":\"Just another NMDashboard.se Sites site\",\"potentialAction\":[{\"@type\":\"SearchAction\",\"target\":{\"@type\":\"EntryPoint\",\"urlTemplate\":\"https:\\\/\\\/lararkarriar.se\\\/grundskola\\\/?s={search_term_string}\"},\"query-input\":{\"@type\":\"PropertyValueSpecification\",\"valueRequired\":true,\"valueName\":\"search_term_string\"}}],\"inLanguage\":\"sv-SE\"},{\"@type\":\"Person\",\"@id\":\"https:\\\/\\\/lararkarriar.se\\\/grundskola\\\/#\\\/schema\\\/person\\\/c8a43eb855191e573b73ecf8987a3b99\",\"name\":\"stellanstal\",\"image\":{\"@type\":\"ImageObject\",\"inLanguage\":\"sv-SE\",\"@id\":\"https:\\\/\\\/secure.gravatar.com\\\/avatar\\\/cd330fa6bb17f598124b2068ee0b189e4fe0987a50af9d53b78410836060d0c9?s=96&d=mm&r=g\",\"url\":\"https:\\\/\\\/secure.gravatar.com\\\/avatar\\\/cd330fa6bb17f598124b2068ee0b189e4fe0987a50af9d53b78410836060d0c9?s=96&d=mm&r=g\",\"contentUrl\":\"https:\\\/\\\/secure.gravatar.com\\\/avatar\\\/cd330fa6bb17f598124b2068ee0b189e4fe0987a50af9d53b78410836060d0c9?s=96&d=mm&r=g\",\"caption\":\"stellanstal\"},\"url\":\"https:\\\/\\\/lararkarriar.se\\\/grundskola\\\/author\\\/stellanstal\\\/\"}]}<\/script>\n<!-- \/ Yoast SEO plugin. -->","yoast_head_json":{"title":"Haparanda ska bli b\u00e4st i Norrbotten - Framtidens Karri\u00e4r \u2013 Grundskolel\u00e4rare","robots":{"index":"index","follow":"follow","max-snippet":"max-snippet:-1","max-image-preview":"max-image-preview:large","max-video-preview":"max-video-preview:-1"},"canonical":"https:\/\/lararkarriar.se\/grundskola\/2017\/02\/14\/haparanda-ska-bli-bast-i-norrbotten\/","og_locale":"sv_SE","og_type":"article","og_title":"Haparanda ska bli b\u00e4st i Norrbotten - Framtidens Karri\u00e4r \u2013 Grundskolel\u00e4rare","og_description":"N\u00e4r den nya styrelsen f\u00f6r barn- och utbildningsn\u00e4mnden i Haparanda tilltr\u00e4dde f\u00f6r n\u00e5gra \u00e5r sedan...","og_url":"https:\/\/lararkarriar.se\/grundskola\/2017\/02\/14\/haparanda-ska-bli-bast-i-norrbotten\/","og_site_name":"Framtidens Karri\u00e4r \u2013 Grundskolel\u00e4rare","article_published_time":"2017-02-14T11:29:28+00:00","og_image":[{"width":1000,"height":670,"url":"https:\/\/lararkarriar.se\/grundskola\/wp-content\/uploads\/sites\/12\/2017\/02\/haparandra-alla.jpg","type":"image\/jpeg"}],"author":"stellanstal","twitter_card":"summary_large_image","twitter_misc":{"Skriven av":"stellanstal","Ber\u00e4knad l\u00e4stid":"3 minuter"},"schema":{"@context":"https:\/\/schema.org","@graph":[{"@type":"Article","@id":"https:\/\/lararkarriar.se\/grundskola\/2017\/02\/14\/haparanda-ska-bli-bast-i-norrbotten\/#article","isPartOf":{"@id":"https:\/\/lararkarriar.se\/grundskola\/2017\/02\/14\/haparanda-ska-bli-bast-i-norrbotten\/"},"author":{"name":"stellanstal","@id":"https:\/\/lararkarriar.se\/grundskola\/#\/schema\/person\/c8a43eb855191e573b73ecf8987a3b99"},"headline":"Haparanda ska bli b\u00e4st i Norrbotten","datePublished":"2017-02-14T11:29:28+00:00","mainEntityOfPage":{"@id":"https:\/\/lararkarriar.se\/grundskola\/2017\/02\/14\/haparanda-ska-bli-bast-i-norrbotten\/"},"wordCount":531,"image":{"@id":"https:\/\/lararkarriar.se\/grundskola\/2017\/02\/14\/haparanda-ska-bli-bast-i-norrbotten\/#primaryimage"},"thumbnailUrl":"https:\/\/lararkarriar.se\/grundskola\/wp-content\/uploads\/sites\/12\/2017\/02\/haparandra-alla.jpg","articleSection":["Presentation"],"inLanguage":"sv-SE"},{"@type":"WebPage","@id":"https:\/\/lararkarriar.se\/grundskola\/2017\/02\/14\/haparanda-ska-bli-bast-i-norrbotten\/","url":"https:\/\/lararkarriar.se\/grundskola\/2017\/02\/14\/haparanda-ska-bli-bast-i-norrbotten\/","name":"Haparanda ska bli b\u00e4st i Norrbotten - Framtidens Karri\u00e4r \u2013 Grundskolel\u00e4rare","isPartOf":{"@id":"https:\/\/lararkarriar.se\/grundskola\/#website"},"primaryImageOfPage":{"@id":"https:\/\/lararkarriar.se\/grundskola\/2017\/02\/14\/haparanda-ska-bli-bast-i-norrbotten\/#primaryimage"},"image":{"@id":"https:\/\/lararkarriar.se\/grundskola\/2017\/02\/14\/haparanda-ska-bli-bast-i-norrbotten\/#primaryimage"},"thumbnailUrl":"https:\/\/lararkarriar.se\/grundskola\/wp-content\/uploads\/sites\/12\/2017\/02\/haparandra-alla.jpg","datePublished":"2017-02-14T11:29:28+00:00","author":{"@id":"https:\/\/lararkarriar.se\/grundskola\/#\/schema\/person\/c8a43eb855191e573b73ecf8987a3b99"},"breadcrumb":{"@id":"https:\/\/lararkarriar.se\/grundskola\/2017\/02\/14\/haparanda-ska-bli-bast-i-norrbotten\/#breadcrumb"},"inLanguage":"sv-SE","potentialAction":[{"@type":"ReadAction","target":["https:\/\/lararkarriar.se\/grundskola\/2017\/02\/14\/haparanda-ska-bli-bast-i-norrbotten\/"]}]},{"@type":"ImageObject","inLanguage":"sv-SE","@id":"https:\/\/lararkarriar.se\/grundskola\/2017\/02\/14\/haparanda-ska-bli-bast-i-norrbotten\/#primaryimage","url":"https:\/\/lararkarriar.se\/grundskola\/wp-content\/uploads\/sites\/12\/2017\/02\/haparandra-alla.jpg","contentUrl":"https:\/\/lararkarriar.se\/grundskola\/wp-content\/uploads\/sites\/12\/2017\/02\/haparandra-alla.jpg","width":1000,"height":670,"caption":"Bengt Westman, ordf\u00f6rande i barn- och ungdomsn\u00e4mnden och Arja Martinviita, f\u00f6rvaltningschef vid barn- och ungdomsf\u00f6rvaltningen."},{"@type":"BreadcrumbList","@id":"https:\/\/lararkarriar.se\/grundskola\/2017\/02\/14\/haparanda-ska-bli-bast-i-norrbotten\/#breadcrumb","itemListElement":[{"@type":"ListItem","position":1,"name":"Home","item":"https:\/\/lararkarriar.se\/grundskola\/"},{"@type":"ListItem","position":2,"name":"Haparanda ska bli b\u00e4st i Norrbotten"}]},{"@type":"WebSite","@id":"https:\/\/lararkarriar.se\/grundskola\/#website","url":"https:\/\/lararkarriar.se\/grundskola\/","name":"Framtidens Karri\u00e4r \u2013 Grundskolel\u00e4rare","description":"Just another NMDashboard.se Sites site","potentialAction":[{"@type":"SearchAction","target":{"@type":"EntryPoint","urlTemplate":"https:\/\/lararkarriar.se\/grundskola\/?s={search_term_string}"},"query-input":{"@type":"PropertyValueSpecification","valueRequired":true,"valueName":"search_term_string"}}],"inLanguage":"sv-SE"},{"@type":"Person","@id":"https:\/\/lararkarriar.se\/grundskola\/#\/schema\/person\/c8a43eb855191e573b73ecf8987a3b99","name":"stellanstal","image":{"@type":"ImageObject","inLanguage":"sv-SE","@id":"https:\/\/secure.gravatar.com\/avatar\/cd330fa6bb17f598124b2068ee0b189e4fe0987a50af9d53b78410836060d0c9?s=96&d=mm&r=g","url":"https:\/\/secure.gravatar.com\/avatar\/cd330fa6bb17f598124b2068ee0b189e4fe0987a50af9d53b78410836060d0c9?s=96&d=mm&r=g","contentUrl":"https:\/\/secure.gravatar.com\/avatar\/cd330fa6bb17f598124b2068ee0b189e4fe0987a50af9d53b78410836060d0c9?s=96&d=mm&r=g","caption":"stellanstal"},"url":"https:\/\/lararkarriar.se\/grundskola\/author\/stellanstal\/"}]}},"_links":{"self":[{"href":"https:\/\/lararkarriar.se\/grundskola\/wp-json\/wp\/v2\/posts\/5626","targetHints":{"allow":["GET"]}}],"collection":[{"href":"https:\/\/lararkarriar.se\/grundskola\/wp-json\/wp\/v2\/posts"}],"about":[{"href":"https:\/\/lararkarriar.se\/grundskola\/wp-json\/wp\/v2\/types\/post"}],"author":[{"embeddable":true,"href":"https:\/\/lararkarriar.se\/grundskola\/wp-json\/wp\/v2\/users\/3"}],"replies":[{"embeddable":true,"href":"https:\/\/lararkarriar.se\/grundskola\/wp-json\/wp\/v2\/comments?post=5626"}],"version-history":[{"count":0,"href":"https:\/\/lararkarriar.se\/grundskola\/wp-json\/wp\/v2\/posts\/5626\/revisions"}],"wp:featuredmedia":[{"embeddable":true,"href":"https:\/\/lararkarriar.se\/grundskola\/wp-json\/wp\/v2\/media\/5627"}],"wp:attachment":[{"href":"https:\/\/lararkarriar.se\/grundskola\/wp-json\/wp\/v2\/media?parent=5626"}],"wp:term":[{"taxonomy":"category","embeddable":true,"href":"https:\/\/lararkarriar.se\/grundskola\/wp-json\/wp\/v2\/categories?post=5626"},{"taxonomy":"post_tag","embeddable":true,"href":"https:\/\/lararkarriar.se\/grundskola\/wp-json\/wp\/v2\/tags?post=5626"}],"curies":[{"name":"wp","href":"https:\/\/api.w.org\/{rel}","templated":true}]}}