{"id":5647,"date":"2017-02-15T09:53:47","date_gmt":"2017-02-15T07:53:47","guid":{"rendered":"http:\/\/lararkarriar.se\/grundskola\/?p=5647"},"modified":"2017-02-15T09:53:47","modified_gmt":"2017-02-15T07:53:47","slug":"motala-klattrar-stort-i-skolrankingen","status":"publish","type":"post","link":"https:\/\/lararkarriar.se\/grundskola\/2017\/02\/15\/motala-klattrar-stort-i-skolrankingen\/","title":{"rendered":"Motala kl\u00e4ttrar stort i skolrankningen"},"content":{"rendered":"<p><figure id=\"attachment_5648\" aria-describedby=\"caption-attachment-5648\" style=\"width: 1000px\" class=\"wp-caption alignnone\"><img loading=\"lazy\" decoding=\"async\" src=\"https:\/\/lararkarriar.se\/grundskola\/wp-content\/uploads\/sites\/12\/2017\/02\/motala-29209-003-sldfoto-am-2016.jpg\" alt=\"Jenny Appelkvist, utredare och Sanja Sevic, rektor p\u00e5 Mariebergsskolan. Foto: Anders Malm\" width=\"1000\" height=\"653\" class=\"size-full wp-image-5648\" srcset=\"https:\/\/lararkarriar.se\/grundskola\/wp-content\/uploads\/sites\/12\/2017\/02\/motala-29209-003-sldfoto-am-2016.jpg 1000w, https:\/\/lararkarriar.se\/grundskola\/wp-content\/uploads\/sites\/12\/2017\/02\/motala-29209-003-sldfoto-am-2016-300x196.jpg 300w, https:\/\/lararkarriar.se\/grundskola\/wp-content\/uploads\/sites\/12\/2017\/02\/motala-29209-003-sldfoto-am-2016-768x502.jpg 768w, https:\/\/lararkarriar.se\/grundskola\/wp-content\/uploads\/sites\/12\/2017\/02\/motala-29209-003-sldfoto-am-2016-245x160.jpg 245w, https:\/\/lararkarriar.se\/grundskola\/wp-content\/uploads\/sites\/12\/2017\/02\/motala-29209-003-sldfoto-am-2016-526x343.jpg 526w, https:\/\/lararkarriar.se\/grundskola\/wp-content\/uploads\/sites\/12\/2017\/02\/motala-29209-003-sldfoto-am-2016-720x470.jpg 720w, https:\/\/lararkarriar.se\/grundskola\/wp-content\/uploads\/sites\/12\/2017\/02\/motala-29209-003-sldfoto-am-2016-960x627.jpg 960w\" sizes=\"auto, (max-width: 1000px) 100vw, 1000px\" \/><figcaption id=\"caption-attachment-5648\" class=\"wp-caption-text\">Jenny Appelkvist, utredare och Sanja Sevic, rektor p\u00e5 Mariebergsskolan. Foto: Anders Malm<\/figcaption><\/figure><strong>Motala \u00e4r en av kl\u00e4ttrarna i \u00e5rets skolrankning. Bakom framg\u00e5ngarna ligger m\u00e5lmedvetna satsningar p\u00e5 kompetens och arbetsmilj\u00f6.<br \/>\n\u2013 Siktet \u00e4r inst\u00e4llt p\u00e5 att forts\u00e4tta f\u00f6rb\u00e4ttringen till gagn b\u00e5de f\u00f6r l\u00e4rare och elever, s\u00e4ger utredare Jenny Appelkvist.<\/strong><\/p>\n<p>En skola f\u00f6r alla, l\u00e4xhj\u00e4lp, extra tid till nyanl\u00e4nda elever, matematik- och l\u00e4slyft. Det \u00e4r bara n\u00e5gra exempel p\u00e5 satsningar som genomf\u00f6rts inom skolorna i Motala kommun under senare \u00e5r. Siktet har varit inst\u00e4llt p\u00e5 att f\u00f6rb\u00e4ttra undervisningen och skapa en bra arbetsmilj\u00f6 f\u00f6r l\u00e4rare och elever.<br \/>\nSedan i fjol har kommunen kl\u00e4ttrat 97 platser p\u00e5 L\u00e4rarf\u00f6rbundets \u00e5rliga lista om landets b\u00e4sta skolkommuner. Det ser Sanja Sevic, rektor p\u00e5 Mariebergsskolan, som ett v\u00e4lkommet kvitto p\u00e5 att verksamheten \u00e4r p\u00e5 r\u00e4tt v\u00e4g.<br \/>\n\u2013 Satsningarna har bland annat lett till att arbetsmilj\u00f6n har blivit b\u00e4ttre, inte minst i form av n\u00e4rmare samarbete mellan pedagogerna. Det har ocks\u00e5 skapats nya n\u00e4tverk mellan flera skolor i kommunen.<br \/>\nJenny Appelkvist nickar inst\u00e4mmande.<br \/>\n\u2013 Den nya skolrankningen \u00e4r en bekr\u00e4ftelse p\u00e5 v\u00e5rt l\u00e5ngsiktiga arbete. Elevresultaten blir allt b\u00e4ttre och antalet utbildade l\u00e4rare i kommunen har \u00f6kat.<br \/>\n\u00c4n \u00e5terst\u00e5r det dock ett antal utmaningar.<br \/>\n\u2013 L\u00e4rarbristen har satt sina sp\u00e5r \u00e4ven i Motala. Vi beh\u00f6ver rekrytera personal inom alla \u00e4mnen, konstaterar Sanja Sevic. <\/p>\n<p><strong>Stora f\u00f6rdelar<\/strong><br \/>\nMotala \u00e4r en f\u00f6rh\u00e5llandevis liten kommun, n\u00e5got som f\u00f6r med sig en rad f\u00f6rdelar.<br \/>\n\u2013 H\u00e4r finns en god st\u00e4mning och ett gott och n\u00e4ra samarbete i rektorsgruppen. Den som s\u00f6ker sig hit kommer till en verksamhet med ett stort driv fram\u00e5t, s\u00e4ger Sanja Sevic.<br \/>\nF\u00f6r framtiden hoppas hon att alla insatser ska ha gett ringar p\u00e5 vattnet och att fler uppt\u00e4ckt vilken bra skolkommun Motala \u00e4r att verka inom.<br \/>\n\u2013 Ett viktigt m\u00e5l \u00e4r att forts\u00e4tta utveckla verksamheten och att vi lyckas i v\u00e5r str\u00e4van med att erbjuda m\u00e5nga utvecklingsv\u00e4gar och synligg\u00f6ra alla l\u00e4rare.<br \/>\nOm fem \u00e5r hoppas Jenny Appelkvist att Motala ska ha kl\u00e4ttrat ytterligare n\u00e5gra steg p\u00e5 skolrankningen.<br \/>\n\u2013 Samtidigt \u00e4r skolrankningen alltid relativ andra kommuner. Det viktigaste f\u00f6r oss \u00e4r att forts\u00e4tta f\u00f6rb\u00e4ttra Motalas skolor. Visionen \u00e4r att v\u00e5ra verksamheter ska st\u00f6dja varje elev, oavsett f\u00f6ruts\u00e4ttningar, s\u00e5 att alla klarar m\u00e5len och \u00e4r beh\u00f6riga till gymnasiet n\u00e4r den dagen kommer.<\/p>\n<div class=\"faktaruta-title\">Motala kommun<\/div><div class=\"faktaruta\">\u2022 43&nbsp;000 inv\u00e5nare<br \/>\n\u2022 3&nbsp;500 anst\u00e4llda inom kommunen<br \/>\n\u2022 Huvudort f\u00f6r V\u00e4tternrundan och G\u00f6ta kanal<br \/>\n\u2022 Varamobaden \u2013 Nordens st\u00f6rsta insj\u00f6bad<br \/>\n<a href=\"http:\/\/www.motala.se\" target=\"_blank\" rel=\"noopener noreferrer\">www.motala.se<\/a><\/br><br \/>\n<a href=\"http:\/\/www.motala.se\" target=\"_blank\" rel=\"attachment wp-att-5649 noopener noreferrer\"><img loading=\"lazy\" decoding=\"async\" src=\"http:\/\/lararkarriar.se\/grundskola\/wp-content\/uploads\/2017\/02\/motala_kommun-530x290.png\" alt=\"www.motala.se\" width=\"332\" height=\"181\" class=\"alignnone size-large wp-image-5649\" \/><\/a><\/div>\n","protected":false},"excerpt":{"rendered":"<p>Motala \u00e4r en av kl\u00e4ttrarna i \u00e5rets skolrankning. Bakom framg\u00e5ngarna ligger m\u00e5lmedvetna satsningar p\u00e5 kompetens&#8230;<\/p>\n","protected":false},"author":3,"featured_media":5648,"comment_status":"closed","ping_status":"open","sticky":false,"template":"","format":"standard","meta":{"_acf_changed":false,"_monsterinsights_skip_tracking":false,"_monsterinsights_sitenote_active":false,"_monsterinsights_sitenote_note":"","_monsterinsights_sitenote_category":0,"footnotes":""},"categories":[7],"tags":[],"class_list":["post-5647","post","type-post","status-publish","format-standard","has-post-thumbnail","hentry","category-presentation"],"acf":[],"yoast_head":"<!-- This site is optimized with the Yoast SEO plugin v27.3 - https:\/\/yoast.com\/product\/yoast-seo-wordpress\/ -->\n<title>Motala kl\u00e4ttrar stort i skolrankningen - Framtidens Karri\u00e4r \u2013 Grundskolel\u00e4rare<\/title>\n<meta name=\"robots\" content=\"index, follow, max-snippet:-1, max-image-preview:large, max-video-preview:-1\" \/>\n<link rel=\"canonical\" href=\"https:\/\/lararkarriar.se\/grundskola\/2017\/02\/15\/motala-klattrar-stort-i-skolrankingen\/\" \/>\n<meta property=\"og:locale\" content=\"sv_SE\" \/>\n<meta property=\"og:type\" content=\"article\" \/>\n<meta property=\"og:title\" content=\"Motala kl\u00e4ttrar stort i skolrankningen - Framtidens Karri\u00e4r \u2013 Grundskolel\u00e4rare\" \/>\n<meta property=\"og:description\" content=\"Motala \u00e4r en av kl\u00e4ttrarna i \u00e5rets skolrankning. Bakom framg\u00e5ngarna ligger m\u00e5lmedvetna satsningar p\u00e5 kompetens...\" \/>\n<meta property=\"og:url\" content=\"https:\/\/lararkarriar.se\/grundskola\/2017\/02\/15\/motala-klattrar-stort-i-skolrankingen\/\" \/>\n<meta property=\"og:site_name\" content=\"Framtidens Karri\u00e4r \u2013 Grundskolel\u00e4rare\" \/>\n<meta property=\"article:published_time\" content=\"2017-02-15T07:53:47+00:00\" \/>\n<meta property=\"og:image\" content=\"https:\/\/lararkarriar.se\/grundskola\/wp-content\/uploads\/sites\/12\/2017\/02\/motala-29209-003-sldfoto-am-2016.jpg\" \/>\n\t<meta property=\"og:image:width\" content=\"1000\" \/>\n\t<meta property=\"og:image:height\" content=\"653\" \/>\n\t<meta property=\"og:image:type\" content=\"image\/jpeg\" \/>\n<meta name=\"author\" content=\"stellanstal\" \/>\n<meta name=\"twitter:card\" content=\"summary_large_image\" \/>\n<meta name=\"twitter:label1\" content=\"Skriven av\" \/>\n\t<meta name=\"twitter:data1\" content=\"stellanstal\" \/>\n\t<meta name=\"twitter:label2\" content=\"Ber\u00e4knad l\u00e4stid\" \/>\n\t<meta name=\"twitter:data2\" content=\"2 minuter\" \/>\n<script type=\"application\/ld+json\" class=\"yoast-schema-graph\">{\"@context\":\"https:\\\/\\\/schema.org\",\"@graph\":[{\"@type\":\"Article\",\"@id\":\"https:\\\/\\\/lararkarriar.se\\\/grundskola\\\/2017\\\/02\\\/15\\\/motala-klattrar-stort-i-skolrankingen\\\/#article\",\"isPartOf\":{\"@id\":\"https:\\\/\\\/lararkarriar.se\\\/grundskola\\\/2017\\\/02\\\/15\\\/motala-klattrar-stort-i-skolrankingen\\\/\"},\"author\":{\"name\":\"stellanstal\",\"@id\":\"https:\\\/\\\/lararkarriar.se\\\/grundskola\\\/#\\\/schema\\\/person\\\/c8a43eb855191e573b73ecf8987a3b99\"},\"headline\":\"Motala kl\u00e4ttrar stort i skolrankningen\",\"datePublished\":\"2017-02-15T07:53:47+00:00\",\"mainEntityOfPage\":{\"@id\":\"https:\\\/\\\/lararkarriar.se\\\/grundskola\\\/2017\\\/02\\\/15\\\/motala-klattrar-stort-i-skolrankingen\\\/\"},\"wordCount\":485,\"image\":{\"@id\":\"https:\\\/\\\/lararkarriar.se\\\/grundskola\\\/2017\\\/02\\\/15\\\/motala-klattrar-stort-i-skolrankingen\\\/#primaryimage\"},\"thumbnailUrl\":\"https:\\\/\\\/lararkarriar.se\\\/grundskola\\\/wp-content\\\/uploads\\\/sites\\\/12\\\/2017\\\/02\\\/motala-29209-003-sldfoto-am-2016.jpg\",\"articleSection\":[\"Presentation\"],\"inLanguage\":\"sv-SE\"},{\"@type\":\"WebPage\",\"@id\":\"https:\\\/\\\/lararkarriar.se\\\/grundskola\\\/2017\\\/02\\\/15\\\/motala-klattrar-stort-i-skolrankingen\\\/\",\"url\":\"https:\\\/\\\/lararkarriar.se\\\/grundskola\\\/2017\\\/02\\\/15\\\/motala-klattrar-stort-i-skolrankingen\\\/\",\"name\":\"Motala kl\u00e4ttrar stort i skolrankningen - Framtidens Karri\u00e4r \u2013 Grundskolel\u00e4rare\",\"isPartOf\":{\"@id\":\"https:\\\/\\\/lararkarriar.se\\\/grundskola\\\/#website\"},\"primaryImageOfPage\":{\"@id\":\"https:\\\/\\\/lararkarriar.se\\\/grundskola\\\/2017\\\/02\\\/15\\\/motala-klattrar-stort-i-skolrankingen\\\/#primaryimage\"},\"image\":{\"@id\":\"https:\\\/\\\/lararkarriar.se\\\/grundskola\\\/2017\\\/02\\\/15\\\/motala-klattrar-stort-i-skolrankingen\\\/#primaryimage\"},\"thumbnailUrl\":\"https:\\\/\\\/lararkarriar.se\\\/grundskola\\\/wp-content\\\/uploads\\\/sites\\\/12\\\/2017\\\/02\\\/motala-29209-003-sldfoto-am-2016.jpg\",\"datePublished\":\"2017-02-15T07:53:47+00:00\",\"author\":{\"@id\":\"https:\\\/\\\/lararkarriar.se\\\/grundskola\\\/#\\\/schema\\\/person\\\/c8a43eb855191e573b73ecf8987a3b99\"},\"breadcrumb\":{\"@id\":\"https:\\\/\\\/lararkarriar.se\\\/grundskola\\\/2017\\\/02\\\/15\\\/motala-klattrar-stort-i-skolrankingen\\\/#breadcrumb\"},\"inLanguage\":\"sv-SE\",\"potentialAction\":[{\"@type\":\"ReadAction\",\"target\":[\"https:\\\/\\\/lararkarriar.se\\\/grundskola\\\/2017\\\/02\\\/15\\\/motala-klattrar-stort-i-skolrankingen\\\/\"]}]},{\"@type\":\"ImageObject\",\"inLanguage\":\"sv-SE\",\"@id\":\"https:\\\/\\\/lararkarriar.se\\\/grundskola\\\/2017\\\/02\\\/15\\\/motala-klattrar-stort-i-skolrankingen\\\/#primaryimage\",\"url\":\"https:\\\/\\\/lararkarriar.se\\\/grundskola\\\/wp-content\\\/uploads\\\/sites\\\/12\\\/2017\\\/02\\\/motala-29209-003-sldfoto-am-2016.jpg\",\"contentUrl\":\"https:\\\/\\\/lararkarriar.se\\\/grundskola\\\/wp-content\\\/uploads\\\/sites\\\/12\\\/2017\\\/02\\\/motala-29209-003-sldfoto-am-2016.jpg\",\"width\":1000,\"height\":653,\"caption\":\"Jenny Appelkvist, utredare och Sanja Sevic, rektor p\u00e5 Mariebergsskolan. Foto: Anders Malm\"},{\"@type\":\"BreadcrumbList\",\"@id\":\"https:\\\/\\\/lararkarriar.se\\\/grundskola\\\/2017\\\/02\\\/15\\\/motala-klattrar-stort-i-skolrankingen\\\/#breadcrumb\",\"itemListElement\":[{\"@type\":\"ListItem\",\"position\":1,\"name\":\"Home\",\"item\":\"https:\\\/\\\/lararkarriar.se\\\/grundskola\\\/\"},{\"@type\":\"ListItem\",\"position\":2,\"name\":\"Motala kl\u00e4ttrar stort i skolrankningen\"}]},{\"@type\":\"WebSite\",\"@id\":\"https:\\\/\\\/lararkarriar.se\\\/grundskola\\\/#website\",\"url\":\"https:\\\/\\\/lararkarriar.se\\\/grundskola\\\/\",\"name\":\"Framtidens Karri\u00e4r \u2013 Grundskolel\u00e4rare\",\"description\":\"Just another NMDashboard.se Sites site\",\"potentialAction\":[{\"@type\":\"SearchAction\",\"target\":{\"@type\":\"EntryPoint\",\"urlTemplate\":\"https:\\\/\\\/lararkarriar.se\\\/grundskola\\\/?s={search_term_string}\"},\"query-input\":{\"@type\":\"PropertyValueSpecification\",\"valueRequired\":true,\"valueName\":\"search_term_string\"}}],\"inLanguage\":\"sv-SE\"},{\"@type\":\"Person\",\"@id\":\"https:\\\/\\\/lararkarriar.se\\\/grundskola\\\/#\\\/schema\\\/person\\\/c8a43eb855191e573b73ecf8987a3b99\",\"name\":\"stellanstal\",\"image\":{\"@type\":\"ImageObject\",\"inLanguage\":\"sv-SE\",\"@id\":\"https:\\\/\\\/secure.gravatar.com\\\/avatar\\\/cd330fa6bb17f598124b2068ee0b189e4fe0987a50af9d53b78410836060d0c9?s=96&d=mm&r=g\",\"url\":\"https:\\\/\\\/secure.gravatar.com\\\/avatar\\\/cd330fa6bb17f598124b2068ee0b189e4fe0987a50af9d53b78410836060d0c9?s=96&d=mm&r=g\",\"contentUrl\":\"https:\\\/\\\/secure.gravatar.com\\\/avatar\\\/cd330fa6bb17f598124b2068ee0b189e4fe0987a50af9d53b78410836060d0c9?s=96&d=mm&r=g\",\"caption\":\"stellanstal\"},\"url\":\"https:\\\/\\\/lararkarriar.se\\\/grundskola\\\/author\\\/stellanstal\\\/\"}]}<\/script>\n<!-- \/ Yoast SEO plugin. -->","yoast_head_json":{"title":"Motala kl\u00e4ttrar stort i skolrankningen - Framtidens Karri\u00e4r \u2013 Grundskolel\u00e4rare","robots":{"index":"index","follow":"follow","max-snippet":"max-snippet:-1","max-image-preview":"max-image-preview:large","max-video-preview":"max-video-preview:-1"},"canonical":"https:\/\/lararkarriar.se\/grundskola\/2017\/02\/15\/motala-klattrar-stort-i-skolrankingen\/","og_locale":"sv_SE","og_type":"article","og_title":"Motala kl\u00e4ttrar stort i skolrankningen - Framtidens Karri\u00e4r \u2013 Grundskolel\u00e4rare","og_description":"Motala \u00e4r en av kl\u00e4ttrarna i \u00e5rets skolrankning. Bakom framg\u00e5ngarna ligger m\u00e5lmedvetna satsningar p\u00e5 kompetens...","og_url":"https:\/\/lararkarriar.se\/grundskola\/2017\/02\/15\/motala-klattrar-stort-i-skolrankingen\/","og_site_name":"Framtidens Karri\u00e4r \u2013 Grundskolel\u00e4rare","article_published_time":"2017-02-15T07:53:47+00:00","og_image":[{"width":1000,"height":653,"url":"https:\/\/lararkarriar.se\/grundskola\/wp-content\/uploads\/sites\/12\/2017\/02\/motala-29209-003-sldfoto-am-2016.jpg","type":"image\/jpeg"}],"author":"stellanstal","twitter_card":"summary_large_image","twitter_misc":{"Skriven av":"stellanstal","Ber\u00e4knad l\u00e4stid":"2 minuter"},"schema":{"@context":"https:\/\/schema.org","@graph":[{"@type":"Article","@id":"https:\/\/lararkarriar.se\/grundskola\/2017\/02\/15\/motala-klattrar-stort-i-skolrankingen\/#article","isPartOf":{"@id":"https:\/\/lararkarriar.se\/grundskola\/2017\/02\/15\/motala-klattrar-stort-i-skolrankingen\/"},"author":{"name":"stellanstal","@id":"https:\/\/lararkarriar.se\/grundskola\/#\/schema\/person\/c8a43eb855191e573b73ecf8987a3b99"},"headline":"Motala kl\u00e4ttrar stort i skolrankningen","datePublished":"2017-02-15T07:53:47+00:00","mainEntityOfPage":{"@id":"https:\/\/lararkarriar.se\/grundskola\/2017\/02\/15\/motala-klattrar-stort-i-skolrankingen\/"},"wordCount":485,"image":{"@id":"https:\/\/lararkarriar.se\/grundskola\/2017\/02\/15\/motala-klattrar-stort-i-skolrankingen\/#primaryimage"},"thumbnailUrl":"https:\/\/lararkarriar.se\/grundskola\/wp-content\/uploads\/sites\/12\/2017\/02\/motala-29209-003-sldfoto-am-2016.jpg","articleSection":["Presentation"],"inLanguage":"sv-SE"},{"@type":"WebPage","@id":"https:\/\/lararkarriar.se\/grundskola\/2017\/02\/15\/motala-klattrar-stort-i-skolrankingen\/","url":"https:\/\/lararkarriar.se\/grundskola\/2017\/02\/15\/motala-klattrar-stort-i-skolrankingen\/","name":"Motala kl\u00e4ttrar stort i skolrankningen - Framtidens Karri\u00e4r \u2013 Grundskolel\u00e4rare","isPartOf":{"@id":"https:\/\/lararkarriar.se\/grundskola\/#website"},"primaryImageOfPage":{"@id":"https:\/\/lararkarriar.se\/grundskola\/2017\/02\/15\/motala-klattrar-stort-i-skolrankingen\/#primaryimage"},"image":{"@id":"https:\/\/lararkarriar.se\/grundskola\/2017\/02\/15\/motala-klattrar-stort-i-skolrankingen\/#primaryimage"},"thumbnailUrl":"https:\/\/lararkarriar.se\/grundskola\/wp-content\/uploads\/sites\/12\/2017\/02\/motala-29209-003-sldfoto-am-2016.jpg","datePublished":"2017-02-15T07:53:47+00:00","author":{"@id":"https:\/\/lararkarriar.se\/grundskola\/#\/schema\/person\/c8a43eb855191e573b73ecf8987a3b99"},"breadcrumb":{"@id":"https:\/\/lararkarriar.se\/grundskola\/2017\/02\/15\/motala-klattrar-stort-i-skolrankingen\/#breadcrumb"},"inLanguage":"sv-SE","potentialAction":[{"@type":"ReadAction","target":["https:\/\/lararkarriar.se\/grundskola\/2017\/02\/15\/motala-klattrar-stort-i-skolrankingen\/"]}]},{"@type":"ImageObject","inLanguage":"sv-SE","@id":"https:\/\/lararkarriar.se\/grundskola\/2017\/02\/15\/motala-klattrar-stort-i-skolrankingen\/#primaryimage","url":"https:\/\/lararkarriar.se\/grundskola\/wp-content\/uploads\/sites\/12\/2017\/02\/motala-29209-003-sldfoto-am-2016.jpg","contentUrl":"https:\/\/lararkarriar.se\/grundskola\/wp-content\/uploads\/sites\/12\/2017\/02\/motala-29209-003-sldfoto-am-2016.jpg","width":1000,"height":653,"caption":"Jenny Appelkvist, utredare och Sanja Sevic, rektor p\u00e5 Mariebergsskolan. Foto: Anders Malm"},{"@type":"BreadcrumbList","@id":"https:\/\/lararkarriar.se\/grundskola\/2017\/02\/15\/motala-klattrar-stort-i-skolrankingen\/#breadcrumb","itemListElement":[{"@type":"ListItem","position":1,"name":"Home","item":"https:\/\/lararkarriar.se\/grundskola\/"},{"@type":"ListItem","position":2,"name":"Motala kl\u00e4ttrar stort i skolrankningen"}]},{"@type":"WebSite","@id":"https:\/\/lararkarriar.se\/grundskola\/#website","url":"https:\/\/lararkarriar.se\/grundskola\/","name":"Framtidens Karri\u00e4r \u2013 Grundskolel\u00e4rare","description":"Just another NMDashboard.se Sites site","potentialAction":[{"@type":"SearchAction","target":{"@type":"EntryPoint","urlTemplate":"https:\/\/lararkarriar.se\/grundskola\/?s={search_term_string}"},"query-input":{"@type":"PropertyValueSpecification","valueRequired":true,"valueName":"search_term_string"}}],"inLanguage":"sv-SE"},{"@type":"Person","@id":"https:\/\/lararkarriar.se\/grundskola\/#\/schema\/person\/c8a43eb855191e573b73ecf8987a3b99","name":"stellanstal","image":{"@type":"ImageObject","inLanguage":"sv-SE","@id":"https:\/\/secure.gravatar.com\/avatar\/cd330fa6bb17f598124b2068ee0b189e4fe0987a50af9d53b78410836060d0c9?s=96&d=mm&r=g","url":"https:\/\/secure.gravatar.com\/avatar\/cd330fa6bb17f598124b2068ee0b189e4fe0987a50af9d53b78410836060d0c9?s=96&d=mm&r=g","contentUrl":"https:\/\/secure.gravatar.com\/avatar\/cd330fa6bb17f598124b2068ee0b189e4fe0987a50af9d53b78410836060d0c9?s=96&d=mm&r=g","caption":"stellanstal"},"url":"https:\/\/lararkarriar.se\/grundskola\/author\/stellanstal\/"}]}},"_links":{"self":[{"href":"https:\/\/lararkarriar.se\/grundskola\/wp-json\/wp\/v2\/posts\/5647","targetHints":{"allow":["GET"]}}],"collection":[{"href":"https:\/\/lararkarriar.se\/grundskola\/wp-json\/wp\/v2\/posts"}],"about":[{"href":"https:\/\/lararkarriar.se\/grundskola\/wp-json\/wp\/v2\/types\/post"}],"author":[{"embeddable":true,"href":"https:\/\/lararkarriar.se\/grundskola\/wp-json\/wp\/v2\/users\/3"}],"replies":[{"embeddable":true,"href":"https:\/\/lararkarriar.se\/grundskola\/wp-json\/wp\/v2\/comments?post=5647"}],"version-history":[{"count":0,"href":"https:\/\/lararkarriar.se\/grundskola\/wp-json\/wp\/v2\/posts\/5647\/revisions"}],"wp:featuredmedia":[{"embeddable":true,"href":"https:\/\/lararkarriar.se\/grundskola\/wp-json\/wp\/v2\/media\/5648"}],"wp:attachment":[{"href":"https:\/\/lararkarriar.se\/grundskola\/wp-json\/wp\/v2\/media?parent=5647"}],"wp:term":[{"taxonomy":"category","embeddable":true,"href":"https:\/\/lararkarriar.se\/grundskola\/wp-json\/wp\/v2\/categories?post=5647"},{"taxonomy":"post_tag","embeddable":true,"href":"https:\/\/lararkarriar.se\/grundskola\/wp-json\/wp\/v2\/tags?post=5647"}],"curies":[{"name":"wp","href":"https:\/\/api.w.org\/{rel}","templated":true}]}}