{"id":5669,"date":"2017-02-15T10:12:36","date_gmt":"2017-02-15T08:12:36","guid":{"rendered":"http:\/\/lararkarriar.se\/grundskola\/?p=5669"},"modified":"2017-02-15T10:12:36","modified_gmt":"2017-02-15T08:12:36","slug":"arbetsgladje-och-respekt-i-internationell-miljo","status":"publish","type":"post","link":"https:\/\/lararkarriar.se\/grundskola\/2017\/02\/15\/arbetsgladje-och-respekt-i-internationell-miljo\/","title":{"rendered":"Arbetsgl\u00e4dje och respekt i internationell milj\u00f6"},"content":{"rendered":"<p><figure id=\"attachment_5670\" aria-describedby=\"caption-attachment-5670\" style=\"width: 1000px\" class=\"wp-caption alignnone\"><img loading=\"lazy\" decoding=\"async\" src=\"https:\/\/lararkarriar.se\/grundskola\/wp-content\/uploads\/sites\/12\/2017\/02\/futura-dsc-1646.jpg\" alt=\"Marie Burman, vice vd och Peter Bergstr\u00f6m, vd p\u00e5 Futuraskolan.\" width=\"1000\" height=\"625\" class=\"size-full wp-image-5670\" srcset=\"https:\/\/lararkarriar.se\/grundskola\/wp-content\/uploads\/sites\/12\/2017\/02\/futura-dsc-1646.jpg 1000w, https:\/\/lararkarriar.se\/grundskola\/wp-content\/uploads\/sites\/12\/2017\/02\/futura-dsc-1646-300x188.jpg 300w, https:\/\/lararkarriar.se\/grundskola\/wp-content\/uploads\/sites\/12\/2017\/02\/futura-dsc-1646-768x480.jpg 768w, https:\/\/lararkarriar.se\/grundskola\/wp-content\/uploads\/sites\/12\/2017\/02\/futura-dsc-1646-256x160.jpg 256w, https:\/\/lararkarriar.se\/grundskola\/wp-content\/uploads\/sites\/12\/2017\/02\/futura-dsc-1646-526x329.jpg 526w, https:\/\/lararkarriar.se\/grundskola\/wp-content\/uploads\/sites\/12\/2017\/02\/futura-dsc-1646-720x450.jpg 720w, https:\/\/lararkarriar.se\/grundskola\/wp-content\/uploads\/sites\/12\/2017\/02\/futura-dsc-1646-960x600.jpg 960w\" sizes=\"auto, (max-width: 1000px) 100vw, 1000px\" \/><figcaption id=\"caption-attachment-5670\" class=\"wp-caption-text\">Marie Burman, vice vd och Peter Bergstr\u00f6m, vd p\u00e5 Futuraskolan.<\/figcaption><\/figure><strong>Ett \u00f6ppet sinne, nyfikenhet p\u00e5 olika kulturer och gl\u00e4dje i l\u00e4randet \u00e4r vad som pr\u00e4glar s\u00e5v\u00e4l elever som l\u00e4rare p\u00e5 Futuraskolan. H\u00e4r utbildas framtidens v\u00e4rldsmedborgare i en skola med tydlig vision och v\u00e4rdegrund.<\/strong><\/p>\n<p>Futuraskolan erbjuder en internationell milj\u00f6, d\u00e4r mycket av undervisningen sker p\u00e5 engelska och d\u00e4r m\u00e5nga l\u00e4rare och elever kommer fr\u00e5n andra kulturer. Ett internationellt mind-set k\u00e4nnetecknar s\u00e5v\u00e4l elever som personal. Ledorden \u00e4r progressivitet, energi och respekt.<br \/>\n\u2013 Vi vill ge v\u00e5ra elever en god start i v\u00e5r globala v\u00e4rld. F\u00f6rutom kunskap, utvecklar v\u00e5ra elever f\u00e4rdigheter och f\u00f6rst\u00e5else som ger dem r\u00e4tt f\u00f6ruts\u00e4ttningar att lyckas. V\u00e5rt fokus \u00e4r tydligt inriktat p\u00e5 l\u00e4rande, ber\u00e4ttar Marie Burman, vice vd p\u00e5 Futuraskolan.<br \/>\nEn viktig bas f\u00f6r Futuraskolan \u00e4r f\u00f6rankringen i pedagogisk forskning och samtliga skolor i koncernen anv\u00e4nder sig av de tv\u00e5 internationellt utvecklade verktygen IPC och IMYC, som finns i \u00f6ver 20&nbsp;000 skolor v\u00e4rlden \u00f6ver. Programmen ger eleverna en gedigen introduktion i engelska och \u00e4r utformade f\u00f6r en tematisk och sammanhangsstyrd pedagogik.<br \/>\n\u2013 Modellen ger trygghet f\u00f6r eleverna och effektiva verktyg f\u00f6r l\u00e4rarna att uppn\u00e5 och utv\u00e4rdera m\u00e5len. \u00c4mnena kopplas ihop och l\u00e4randet blir roligt. En central aspekt \u00e4r att l\u00e4rarna arbetar mycket i team och med kollegialt l\u00e4rande, s\u00e4ger vd Peter Bergstr\u00f6m.<\/p>\n<p><strong>Lugn och respekt<\/strong><br \/>\nStudiero betonas starkt p\u00e5 Futuraskolan, med tydliga regler som alla elever och f\u00f6r\u00e4ldrar f\u00f6rst\u00e5r och respekterar. Det ger f\u00f6ruts\u00e4ttningar f\u00f6r framg\u00e5ngsrikt l\u00e4rande och f\u00f6r att alla ska trivas och k\u00e4nna sig trygga. Man ser ocks\u00e5 f\u00f6r\u00e4ldrar som en tillg\u00e5ng.<br \/>\n\u2013 Tillsammans skapar vi ett \u201dcommunity\u201d och vi v\u00e4lkomnar f\u00f6r\u00e4ldrars engagemang. Det skapar goda och konstruktiva relationer mellan familjerna och skolan, menar Marie Burman.<br \/>\nMarie och Peter betonar den starka sammanh\u00e5llningen och arbetsgl\u00e4djen som \u00e4r k\u00e4nnetecknande f\u00f6r Futuraskolan. Organisationen \u00e4r transparent, med h\u00f6gt i tak och korta beslutsv\u00e4gar. L\u00e4rare trivs och stannar kvar.<br \/>\n\u2013 Den politiska debatten om friskolor \u00e4r tyv\u00e4rr f\u00f6r\u00e5ldrad och leder fel. Det finns ett oerh\u00f6rt starkt kvalitetst\u00e4nkande och vi vet att vi \u00e4r uppskattade och beh\u00f6vs. Futuraskolans viktigaste resurs \u00e4r den fantastiska personalen och vi v\u00e4lkomnar nya medarbetare som vill vara med och driva utvecklingen med sina goda id\u00e9er.<\/p>\n<div class=\"faktaruta-title\">Futuraskolan<\/div><div class=\"faktaruta\">Futuraskolan \u00e4r ett familje\u00e4gt friskolef\u00f6retag som driver sju grundskolor och nio f\u00f6rskolor i Stockholms l\u00e4n. Verksamheten utg\u00e5r fr\u00e5n de nationella styr\u00addokumenten samt de internationella programmen IPC och IMYC. Futuraskolan \u00e4r tv\u00e5spr\u00e5kig, med cirka h\u00e4lften av undervisningen p\u00e5 engelska. P\u00e5 Futura\u00adskolan International School of Stockholm erbjuds en helt engelskspr\u00e5kig internationell utbildning.<br \/>\n<strong><a href=\"http:\/\/www.futuraskolan.se\" target=\"_blank\" rel=\"noopener noreferrer\">www.futuraskolan.se<\/a><\/strong><\/br><br \/>\n<a href=\"http:\/\/www.futuraskolan.se\" target=\"_blank\" rel=\"attachment wp-att-5671 noopener noreferrer\"><img loading=\"lazy\" decoding=\"async\" src=\"http:\/\/lararkarriar.se\/grundskola\/wp-content\/uploads\/2017\/02\/futura_futuraskolan-int-rgb-250x250.png\" alt=\"www.futuraskolan.se\" width=\"200\" height=\"200\" class=\"alignnone size-medium wp-image-5671\" \/><\/a><\/div>\n","protected":false},"excerpt":{"rendered":"<p>Ett \u00f6ppet sinne, nyfikenhet p\u00e5 olika kulturer och gl\u00e4dje i l\u00e4randet \u00e4r vad som pr\u00e4glar&#8230;<\/p>\n","protected":false},"author":3,"featured_media":5670,"comment_status":"closed","ping_status":"open","sticky":false,"template":"","format":"standard","meta":{"_acf_changed":false,"_monsterinsights_skip_tracking":false,"_monsterinsights_sitenote_active":false,"_monsterinsights_sitenote_note":"","_monsterinsights_sitenote_category":0,"footnotes":""},"categories":[7],"tags":[],"class_list":["post-5669","post","type-post","status-publish","format-standard","has-post-thumbnail","hentry","category-presentation"],"acf":[],"yoast_head":"<!-- This site is optimized with the Yoast SEO plugin v27.3 - https:\/\/yoast.com\/product\/yoast-seo-wordpress\/ -->\n<title>Arbetsgl\u00e4dje och respekt i internationell milj\u00f6 - Framtidens Karri\u00e4r \u2013 Grundskolel\u00e4rare<\/title>\n<meta name=\"robots\" content=\"index, follow, max-snippet:-1, max-image-preview:large, max-video-preview:-1\" \/>\n<link rel=\"canonical\" href=\"https:\/\/lararkarriar.se\/grundskola\/2017\/02\/15\/arbetsgladje-och-respekt-i-internationell-miljo\/\" \/>\n<meta property=\"og:locale\" content=\"sv_SE\" \/>\n<meta property=\"og:type\" content=\"article\" \/>\n<meta property=\"og:title\" content=\"Arbetsgl\u00e4dje och respekt i internationell milj\u00f6 - Framtidens Karri\u00e4r \u2013 Grundskolel\u00e4rare\" \/>\n<meta property=\"og:description\" content=\"Ett \u00f6ppet sinne, nyfikenhet p\u00e5 olika kulturer och gl\u00e4dje i l\u00e4randet \u00e4r vad som pr\u00e4glar...\" \/>\n<meta property=\"og:url\" content=\"https:\/\/lararkarriar.se\/grundskola\/2017\/02\/15\/arbetsgladje-och-respekt-i-internationell-miljo\/\" \/>\n<meta property=\"og:site_name\" content=\"Framtidens Karri\u00e4r \u2013 Grundskolel\u00e4rare\" \/>\n<meta property=\"article:published_time\" content=\"2017-02-15T08:12:36+00:00\" \/>\n<meta property=\"og:image\" content=\"https:\/\/lararkarriar.se\/grundskola\/wp-content\/uploads\/sites\/12\/2017\/02\/futura-dsc-1646.jpg\" \/>\n\t<meta property=\"og:image:width\" content=\"1000\" \/>\n\t<meta property=\"og:image:height\" content=\"625\" \/>\n\t<meta property=\"og:image:type\" content=\"image\/jpeg\" \/>\n<meta name=\"author\" content=\"stellanstal\" \/>\n<meta name=\"twitter:card\" content=\"summary_large_image\" \/>\n<meta name=\"twitter:label1\" content=\"Skriven av\" \/>\n\t<meta name=\"twitter:data1\" content=\"stellanstal\" \/>\n\t<meta name=\"twitter:label2\" content=\"Ber\u00e4knad l\u00e4stid\" \/>\n\t<meta name=\"twitter:data2\" content=\"3 minuter\" \/>\n<script type=\"application\/ld+json\" class=\"yoast-schema-graph\">{\"@context\":\"https:\\\/\\\/schema.org\",\"@graph\":[{\"@type\":\"Article\",\"@id\":\"https:\\\/\\\/lararkarriar.se\\\/grundskola\\\/2017\\\/02\\\/15\\\/arbetsgladje-och-respekt-i-internationell-miljo\\\/#article\",\"isPartOf\":{\"@id\":\"https:\\\/\\\/lararkarriar.se\\\/grundskola\\\/2017\\\/02\\\/15\\\/arbetsgladje-och-respekt-i-internationell-miljo\\\/\"},\"author\":{\"name\":\"stellanstal\",\"@id\":\"https:\\\/\\\/lararkarriar.se\\\/grundskola\\\/#\\\/schema\\\/person\\\/c8a43eb855191e573b73ecf8987a3b99\"},\"headline\":\"Arbetsgl\u00e4dje och respekt i internationell milj\u00f6\",\"datePublished\":\"2017-02-15T08:12:36+00:00\",\"mainEntityOfPage\":{\"@id\":\"https:\\\/\\\/lararkarriar.se\\\/grundskola\\\/2017\\\/02\\\/15\\\/arbetsgladje-och-respekt-i-internationell-miljo\\\/\"},\"wordCount\":516,\"image\":{\"@id\":\"https:\\\/\\\/lararkarriar.se\\\/grundskola\\\/2017\\\/02\\\/15\\\/arbetsgladje-och-respekt-i-internationell-miljo\\\/#primaryimage\"},\"thumbnailUrl\":\"https:\\\/\\\/lararkarriar.se\\\/grundskola\\\/wp-content\\\/uploads\\\/sites\\\/12\\\/2017\\\/02\\\/futura-dsc-1646.jpg\",\"articleSection\":[\"Presentation\"],\"inLanguage\":\"sv-SE\"},{\"@type\":\"WebPage\",\"@id\":\"https:\\\/\\\/lararkarriar.se\\\/grundskola\\\/2017\\\/02\\\/15\\\/arbetsgladje-och-respekt-i-internationell-miljo\\\/\",\"url\":\"https:\\\/\\\/lararkarriar.se\\\/grundskola\\\/2017\\\/02\\\/15\\\/arbetsgladje-och-respekt-i-internationell-miljo\\\/\",\"name\":\"Arbetsgl\u00e4dje och respekt i internationell milj\u00f6 - Framtidens Karri\u00e4r \u2013 Grundskolel\u00e4rare\",\"isPartOf\":{\"@id\":\"https:\\\/\\\/lararkarriar.se\\\/grundskola\\\/#website\"},\"primaryImageOfPage\":{\"@id\":\"https:\\\/\\\/lararkarriar.se\\\/grundskola\\\/2017\\\/02\\\/15\\\/arbetsgladje-och-respekt-i-internationell-miljo\\\/#primaryimage\"},\"image\":{\"@id\":\"https:\\\/\\\/lararkarriar.se\\\/grundskola\\\/2017\\\/02\\\/15\\\/arbetsgladje-och-respekt-i-internationell-miljo\\\/#primaryimage\"},\"thumbnailUrl\":\"https:\\\/\\\/lararkarriar.se\\\/grundskola\\\/wp-content\\\/uploads\\\/sites\\\/12\\\/2017\\\/02\\\/futura-dsc-1646.jpg\",\"datePublished\":\"2017-02-15T08:12:36+00:00\",\"author\":{\"@id\":\"https:\\\/\\\/lararkarriar.se\\\/grundskola\\\/#\\\/schema\\\/person\\\/c8a43eb855191e573b73ecf8987a3b99\"},\"breadcrumb\":{\"@id\":\"https:\\\/\\\/lararkarriar.se\\\/grundskola\\\/2017\\\/02\\\/15\\\/arbetsgladje-och-respekt-i-internationell-miljo\\\/#breadcrumb\"},\"inLanguage\":\"sv-SE\",\"potentialAction\":[{\"@type\":\"ReadAction\",\"target\":[\"https:\\\/\\\/lararkarriar.se\\\/grundskola\\\/2017\\\/02\\\/15\\\/arbetsgladje-och-respekt-i-internationell-miljo\\\/\"]}]},{\"@type\":\"ImageObject\",\"inLanguage\":\"sv-SE\",\"@id\":\"https:\\\/\\\/lararkarriar.se\\\/grundskola\\\/2017\\\/02\\\/15\\\/arbetsgladje-och-respekt-i-internationell-miljo\\\/#primaryimage\",\"url\":\"https:\\\/\\\/lararkarriar.se\\\/grundskola\\\/wp-content\\\/uploads\\\/sites\\\/12\\\/2017\\\/02\\\/futura-dsc-1646.jpg\",\"contentUrl\":\"https:\\\/\\\/lararkarriar.se\\\/grundskola\\\/wp-content\\\/uploads\\\/sites\\\/12\\\/2017\\\/02\\\/futura-dsc-1646.jpg\",\"width\":1000,\"height\":625,\"caption\":\"Marie Burman, vice vd och Peter Bergstr\u00f6m, vd p\u00e5 Futuraskolan.\"},{\"@type\":\"BreadcrumbList\",\"@id\":\"https:\\\/\\\/lararkarriar.se\\\/grundskola\\\/2017\\\/02\\\/15\\\/arbetsgladje-och-respekt-i-internationell-miljo\\\/#breadcrumb\",\"itemListElement\":[{\"@type\":\"ListItem\",\"position\":1,\"name\":\"Home\",\"item\":\"https:\\\/\\\/lararkarriar.se\\\/grundskola\\\/\"},{\"@type\":\"ListItem\",\"position\":2,\"name\":\"Arbetsgl\u00e4dje och respekt i internationell milj\u00f6\"}]},{\"@type\":\"WebSite\",\"@id\":\"https:\\\/\\\/lararkarriar.se\\\/grundskola\\\/#website\",\"url\":\"https:\\\/\\\/lararkarriar.se\\\/grundskola\\\/\",\"name\":\"Framtidens Karri\u00e4r \u2013 Grundskolel\u00e4rare\",\"description\":\"Just another NMDashboard.se Sites site\",\"potentialAction\":[{\"@type\":\"SearchAction\",\"target\":{\"@type\":\"EntryPoint\",\"urlTemplate\":\"https:\\\/\\\/lararkarriar.se\\\/grundskola\\\/?s={search_term_string}\"},\"query-input\":{\"@type\":\"PropertyValueSpecification\",\"valueRequired\":true,\"valueName\":\"search_term_string\"}}],\"inLanguage\":\"sv-SE\"},{\"@type\":\"Person\",\"@id\":\"https:\\\/\\\/lararkarriar.se\\\/grundskola\\\/#\\\/schema\\\/person\\\/c8a43eb855191e573b73ecf8987a3b99\",\"name\":\"stellanstal\",\"image\":{\"@type\":\"ImageObject\",\"inLanguage\":\"sv-SE\",\"@id\":\"https:\\\/\\\/secure.gravatar.com\\\/avatar\\\/cd330fa6bb17f598124b2068ee0b189e4fe0987a50af9d53b78410836060d0c9?s=96&d=mm&r=g\",\"url\":\"https:\\\/\\\/secure.gravatar.com\\\/avatar\\\/cd330fa6bb17f598124b2068ee0b189e4fe0987a50af9d53b78410836060d0c9?s=96&d=mm&r=g\",\"contentUrl\":\"https:\\\/\\\/secure.gravatar.com\\\/avatar\\\/cd330fa6bb17f598124b2068ee0b189e4fe0987a50af9d53b78410836060d0c9?s=96&d=mm&r=g\",\"caption\":\"stellanstal\"},\"url\":\"https:\\\/\\\/lararkarriar.se\\\/grundskola\\\/author\\\/stellanstal\\\/\"}]}<\/script>\n<!-- \/ Yoast SEO plugin. -->","yoast_head_json":{"title":"Arbetsgl\u00e4dje och respekt i internationell milj\u00f6 - Framtidens Karri\u00e4r \u2013 Grundskolel\u00e4rare","robots":{"index":"index","follow":"follow","max-snippet":"max-snippet:-1","max-image-preview":"max-image-preview:large","max-video-preview":"max-video-preview:-1"},"canonical":"https:\/\/lararkarriar.se\/grundskola\/2017\/02\/15\/arbetsgladje-och-respekt-i-internationell-miljo\/","og_locale":"sv_SE","og_type":"article","og_title":"Arbetsgl\u00e4dje och respekt i internationell milj\u00f6 - Framtidens Karri\u00e4r \u2013 Grundskolel\u00e4rare","og_description":"Ett \u00f6ppet sinne, nyfikenhet p\u00e5 olika kulturer och gl\u00e4dje i l\u00e4randet \u00e4r vad som pr\u00e4glar...","og_url":"https:\/\/lararkarriar.se\/grundskola\/2017\/02\/15\/arbetsgladje-och-respekt-i-internationell-miljo\/","og_site_name":"Framtidens Karri\u00e4r \u2013 Grundskolel\u00e4rare","article_published_time":"2017-02-15T08:12:36+00:00","og_image":[{"width":1000,"height":625,"url":"https:\/\/lararkarriar.se\/grundskola\/wp-content\/uploads\/sites\/12\/2017\/02\/futura-dsc-1646.jpg","type":"image\/jpeg"}],"author":"stellanstal","twitter_card":"summary_large_image","twitter_misc":{"Skriven av":"stellanstal","Ber\u00e4knad l\u00e4stid":"3 minuter"},"schema":{"@context":"https:\/\/schema.org","@graph":[{"@type":"Article","@id":"https:\/\/lararkarriar.se\/grundskola\/2017\/02\/15\/arbetsgladje-och-respekt-i-internationell-miljo\/#article","isPartOf":{"@id":"https:\/\/lararkarriar.se\/grundskola\/2017\/02\/15\/arbetsgladje-och-respekt-i-internationell-miljo\/"},"author":{"name":"stellanstal","@id":"https:\/\/lararkarriar.se\/grundskola\/#\/schema\/person\/c8a43eb855191e573b73ecf8987a3b99"},"headline":"Arbetsgl\u00e4dje och respekt i internationell milj\u00f6","datePublished":"2017-02-15T08:12:36+00:00","mainEntityOfPage":{"@id":"https:\/\/lararkarriar.se\/grundskola\/2017\/02\/15\/arbetsgladje-och-respekt-i-internationell-miljo\/"},"wordCount":516,"image":{"@id":"https:\/\/lararkarriar.se\/grundskola\/2017\/02\/15\/arbetsgladje-och-respekt-i-internationell-miljo\/#primaryimage"},"thumbnailUrl":"https:\/\/lararkarriar.se\/grundskola\/wp-content\/uploads\/sites\/12\/2017\/02\/futura-dsc-1646.jpg","articleSection":["Presentation"],"inLanguage":"sv-SE"},{"@type":"WebPage","@id":"https:\/\/lararkarriar.se\/grundskola\/2017\/02\/15\/arbetsgladje-och-respekt-i-internationell-miljo\/","url":"https:\/\/lararkarriar.se\/grundskola\/2017\/02\/15\/arbetsgladje-och-respekt-i-internationell-miljo\/","name":"Arbetsgl\u00e4dje och respekt i internationell milj\u00f6 - Framtidens Karri\u00e4r \u2013 Grundskolel\u00e4rare","isPartOf":{"@id":"https:\/\/lararkarriar.se\/grundskola\/#website"},"primaryImageOfPage":{"@id":"https:\/\/lararkarriar.se\/grundskola\/2017\/02\/15\/arbetsgladje-och-respekt-i-internationell-miljo\/#primaryimage"},"image":{"@id":"https:\/\/lararkarriar.se\/grundskola\/2017\/02\/15\/arbetsgladje-och-respekt-i-internationell-miljo\/#primaryimage"},"thumbnailUrl":"https:\/\/lararkarriar.se\/grundskola\/wp-content\/uploads\/sites\/12\/2017\/02\/futura-dsc-1646.jpg","datePublished":"2017-02-15T08:12:36+00:00","author":{"@id":"https:\/\/lararkarriar.se\/grundskola\/#\/schema\/person\/c8a43eb855191e573b73ecf8987a3b99"},"breadcrumb":{"@id":"https:\/\/lararkarriar.se\/grundskola\/2017\/02\/15\/arbetsgladje-och-respekt-i-internationell-miljo\/#breadcrumb"},"inLanguage":"sv-SE","potentialAction":[{"@type":"ReadAction","target":["https:\/\/lararkarriar.se\/grundskola\/2017\/02\/15\/arbetsgladje-och-respekt-i-internationell-miljo\/"]}]},{"@type":"ImageObject","inLanguage":"sv-SE","@id":"https:\/\/lararkarriar.se\/grundskola\/2017\/02\/15\/arbetsgladje-och-respekt-i-internationell-miljo\/#primaryimage","url":"https:\/\/lararkarriar.se\/grundskola\/wp-content\/uploads\/sites\/12\/2017\/02\/futura-dsc-1646.jpg","contentUrl":"https:\/\/lararkarriar.se\/grundskola\/wp-content\/uploads\/sites\/12\/2017\/02\/futura-dsc-1646.jpg","width":1000,"height":625,"caption":"Marie Burman, vice vd och Peter Bergstr\u00f6m, vd p\u00e5 Futuraskolan."},{"@type":"BreadcrumbList","@id":"https:\/\/lararkarriar.se\/grundskola\/2017\/02\/15\/arbetsgladje-och-respekt-i-internationell-miljo\/#breadcrumb","itemListElement":[{"@type":"ListItem","position":1,"name":"Home","item":"https:\/\/lararkarriar.se\/grundskola\/"},{"@type":"ListItem","position":2,"name":"Arbetsgl\u00e4dje och respekt i internationell milj\u00f6"}]},{"@type":"WebSite","@id":"https:\/\/lararkarriar.se\/grundskola\/#website","url":"https:\/\/lararkarriar.se\/grundskola\/","name":"Framtidens Karri\u00e4r \u2013 Grundskolel\u00e4rare","description":"Just another NMDashboard.se Sites site","potentialAction":[{"@type":"SearchAction","target":{"@type":"EntryPoint","urlTemplate":"https:\/\/lararkarriar.se\/grundskola\/?s={search_term_string}"},"query-input":{"@type":"PropertyValueSpecification","valueRequired":true,"valueName":"search_term_string"}}],"inLanguage":"sv-SE"},{"@type":"Person","@id":"https:\/\/lararkarriar.se\/grundskola\/#\/schema\/person\/c8a43eb855191e573b73ecf8987a3b99","name":"stellanstal","image":{"@type":"ImageObject","inLanguage":"sv-SE","@id":"https:\/\/secure.gravatar.com\/avatar\/cd330fa6bb17f598124b2068ee0b189e4fe0987a50af9d53b78410836060d0c9?s=96&d=mm&r=g","url":"https:\/\/secure.gravatar.com\/avatar\/cd330fa6bb17f598124b2068ee0b189e4fe0987a50af9d53b78410836060d0c9?s=96&d=mm&r=g","contentUrl":"https:\/\/secure.gravatar.com\/avatar\/cd330fa6bb17f598124b2068ee0b189e4fe0987a50af9d53b78410836060d0c9?s=96&d=mm&r=g","caption":"stellanstal"},"url":"https:\/\/lararkarriar.se\/grundskola\/author\/stellanstal\/"}]}},"_links":{"self":[{"href":"https:\/\/lararkarriar.se\/grundskola\/wp-json\/wp\/v2\/posts\/5669","targetHints":{"allow":["GET"]}}],"collection":[{"href":"https:\/\/lararkarriar.se\/grundskola\/wp-json\/wp\/v2\/posts"}],"about":[{"href":"https:\/\/lararkarriar.se\/grundskola\/wp-json\/wp\/v2\/types\/post"}],"author":[{"embeddable":true,"href":"https:\/\/lararkarriar.se\/grundskola\/wp-json\/wp\/v2\/users\/3"}],"replies":[{"embeddable":true,"href":"https:\/\/lararkarriar.se\/grundskola\/wp-json\/wp\/v2\/comments?post=5669"}],"version-history":[{"count":0,"href":"https:\/\/lararkarriar.se\/grundskola\/wp-json\/wp\/v2\/posts\/5669\/revisions"}],"wp:featuredmedia":[{"embeddable":true,"href":"https:\/\/lararkarriar.se\/grundskola\/wp-json\/wp\/v2\/media\/5670"}],"wp:attachment":[{"href":"https:\/\/lararkarriar.se\/grundskola\/wp-json\/wp\/v2\/media?parent=5669"}],"wp:term":[{"taxonomy":"category","embeddable":true,"href":"https:\/\/lararkarriar.se\/grundskola\/wp-json\/wp\/v2\/categories?post=5669"},{"taxonomy":"post_tag","embeddable":true,"href":"https:\/\/lararkarriar.se\/grundskola\/wp-json\/wp\/v2\/tags?post=5669"}],"curies":[{"name":"wp","href":"https:\/\/api.w.org\/{rel}","templated":true}]}}