{"id":5807,"date":"2017-02-15T09:43:27","date_gmt":"2017-02-15T07:43:27","guid":{"rendered":"http:\/\/lararkarriar.se\/grundskola\/?p=5807"},"modified":"2017-02-15T09:43:27","modified_gmt":"2017-02-15T07:43:27","slug":"larare-ska-fa-okade-mojligheter-att-vara-proffs","status":"publish","type":"post","link":"https:\/\/lararkarriar.se\/grundskola\/2017\/02\/15\/larare-ska-fa-okade-mojligheter-att-vara-proffs\/","title":{"rendered":"L\u00e4rare ska f\u00e5 \u00f6kade m\u00f6jligheter att vara proffs"},"content":{"rendered":"<p><figure id=\"attachment_5808\" aria-describedby=\"caption-attachment-5808\" style=\"width: 1000px\" class=\"wp-caption alignnone\"><img loading=\"lazy\" decoding=\"async\" src=\"https:\/\/lararkarriar.se\/grundskola\/wp-content\/uploads\/sites\/12\/2017\/02\/tillit-img-8027-stor.jpg\" alt=\"Laura Hartman, ordf\u00f6rande i Tillitsdelegationen. Foto: Laura Hartman\" width=\"1000\" height=\"612\" class=\"size-full wp-image-5808\" srcset=\"https:\/\/lararkarriar.se\/grundskola\/wp-content\/uploads\/sites\/12\/2017\/02\/tillit-img-8027-stor.jpg 1000w, https:\/\/lararkarriar.se\/grundskola\/wp-content\/uploads\/sites\/12\/2017\/02\/tillit-img-8027-stor-300x184.jpg 300w, https:\/\/lararkarriar.se\/grundskola\/wp-content\/uploads\/sites\/12\/2017\/02\/tillit-img-8027-stor-768x470.jpg 768w, https:\/\/lararkarriar.se\/grundskola\/wp-content\/uploads\/sites\/12\/2017\/02\/tillit-img-8027-stor-261x160.jpg 261w, https:\/\/lararkarriar.se\/grundskola\/wp-content\/uploads\/sites\/12\/2017\/02\/tillit-img-8027-stor-526x322.jpg 526w, https:\/\/lararkarriar.se\/grundskola\/wp-content\/uploads\/sites\/12\/2017\/02\/tillit-img-8027-stor-720x441.jpg 720w, https:\/\/lararkarriar.se\/grundskola\/wp-content\/uploads\/sites\/12\/2017\/02\/tillit-img-8027-stor-960x588.jpg 960w\" sizes=\"auto, (max-width: 1000px) 100vw, 1000px\" \/><figcaption id=\"caption-attachment-5808\" class=\"wp-caption-text\">Laura Hartman, ordf\u00f6rande i Tillitsdelegationen. Foto: Laura Hartman<\/figcaption><\/figure><strong>Regeringen har tillsatt en delegation som ska arbeta f\u00f6r \u00f6kad tillit i styrningen av den offentliga sektorn.<br \/>\n\u2013 M\u00e5let \u00e4r att l\u00e4rare och annan offentlig personal ska f\u00e5 \u00f6kade m\u00f6jligheter att vara proffs, s\u00e4ger Laura Hartman, ordf\u00f6rande i Tillitsdelegationen.<\/strong><\/p>\n<p>Tillitsdelegationens uppdrag best\u00e5r i huvudsak av att utveckla nya former f\u00f6r styrning av offentliga verksamheter.<br \/>\n\u2013 Uppdraget handlar om att analysera hela den samlade styrningen som omfattar v\u00e5rd, skola och omsorgstj\u00e4nster som produceras i kommuner och landsting. Problembeskrivningen \u00e4r att dagens styrning \u00e4r lite v\u00e4l detaljerad och f\u00f6r med sig tunga administrativa b\u00f6rdor. Detta ska vi f\u00f6rs\u00f6ka l\u00e4tta upp s\u00e5 att det blir mer fokus p\u00e5 k\u00e4rnverksamheten och att man b\u00e4ttre tillvaratar kompetensen och f\u00f6rm\u00e5gan hos medarbetarna, s\u00e4ger Laura Hartman.<br \/>\nDelegationens arbete kommer till stor del att bedrivas i form av testprojekt som forskare ska f\u00f6lja och utv\u00e4rdera efter hand.<br \/>\n\u2013 Tanken \u00e4r att g\u00f6ra f\u00f6r\u00e4ndringar i styrningen p\u00e5 olika st\u00e4llen f\u00f6r att se om arbetet fungerar b\u00e4ttre n\u00e4r detaljrikedomen och den administrativa tyngden minskar. Viktigt att unders\u00f6ka \u00e4r ocks\u00e5 om man uppr\u00e4tth\u00e5ller likv\u00e4rdigheten och r\u00e4tts\u00e4kerheten. Att med hj\u00e4lp av en annorlunda styrning f\u00e5 ut b\u00e4ttre kvalitet i skolan \u00e4r ett prioriterat m\u00e5l. Ett annat m\u00e5l \u00e4r att skapa en b\u00e4ttre arbetsmilj\u00f6 och st\u00f6rre upplevelse av meningsfullhet hos skolans medarbetare. <\/p>\n<p><strong>Goda exempel<\/strong><br \/>\nTillitsdelegationens egna testprojekt ber\u00e4knas b\u00f6rja under f\u00f6rsta kvartalet 2017, men Laura Hartman ber\u00e4ttar att det redan p\u00e5g\u00e5r en hel del sp\u00e4nnande utvecklingsarbete runt om i landet.<br \/>\n\u2013 Vi har bes\u00f6kt Falun d\u00e4r skolf\u00f6rvaltningen sedan tv\u00e5 \u00e5r tillbaka bedrivit ett intressant utvecklingsarbete i denna anda. H\u00e4r f\u00f6rs\u00f6ker man verkligen se f\u00f6rvaltningens roll som att skapa goda f\u00f6ruts\u00e4ttningar f\u00f6r professionen att g\u00f6ra ett bra jobb utifr\u00e5n den statliga lagstiftningen, snarare \u00e4n att l\u00e4gga p\u00e5 m\u00e5nga nya kommunala m\u00e5l och styrningar p\u00e5 skolan. Det finns s\u00e4kert andra goda exempel i landet, och vi kommer att resa runt och tr\u00e4ffa en rad olika verksamheter fram\u00f6ver.<br \/>\nF\u00f6r framtidens skola hoppas Laura Hartman att den goda utveckling som verkar ha p\u00e5b\u00f6rjats, med tanke p\u00e5 de senaste resultaten fr\u00e5n PISA och TIMSS, kommer att st\u00e4rkas och p\u00e5skyndas av det arbete som Tillitsdelegationen bedriver.<br \/>\n\u2013 Senast om fem \u00e5r hoppas jag verkligen att rektorer och l\u00e4rare upplever att de har en b\u00e4ttre balans mellan administrativa uppgifter och pedagogiskt uppdrag. Nu n\u00e4rmast ser jag fram emot en aktiv och \u00f6ppen dialog med alla parter som ska leda fram till ett mycket verklighetsn\u00e4ra och relevant bet\u00e4nkande i juni 2018.<\/p>\n","protected":false},"excerpt":{"rendered":"<p>Regeringen har tillsatt en delegation som ska arbeta f\u00f6r \u00f6kad tillit i styrningen av den&#8230;<\/p>\n","protected":false},"author":3,"featured_media":5808,"comment_status":"closed","ping_status":"open","sticky":false,"template":"","format":"standard","meta":{"_acf_changed":false,"_monsterinsights_skip_tracking":false,"_monsterinsights_sitenote_active":false,"_monsterinsights_sitenote_note":"","_monsterinsights_sitenote_category":0,"footnotes":""},"categories":[1],"tags":[],"class_list":["post-5807","post","type-post","status-publish","format-standard","has-post-thumbnail","hentry","category-artikel"],"acf":[],"yoast_head":"<!-- This site is optimized with the Yoast SEO plugin v27.3 - https:\/\/yoast.com\/product\/yoast-seo-wordpress\/ -->\n<title>L\u00e4rare ska f\u00e5 \u00f6kade m\u00f6jligheter att vara proffs - Framtidens Karri\u00e4r \u2013 Grundskolel\u00e4rare<\/title>\n<meta name=\"robots\" content=\"index, follow, max-snippet:-1, max-image-preview:large, max-video-preview:-1\" \/>\n<link rel=\"canonical\" href=\"https:\/\/lararkarriar.se\/grundskola\/2017\/02\/15\/larare-ska-fa-okade-mojligheter-att-vara-proffs\/\" \/>\n<meta property=\"og:locale\" content=\"sv_SE\" \/>\n<meta property=\"og:type\" content=\"article\" \/>\n<meta property=\"og:title\" content=\"L\u00e4rare ska f\u00e5 \u00f6kade m\u00f6jligheter att vara proffs - Framtidens Karri\u00e4r \u2013 Grundskolel\u00e4rare\" \/>\n<meta property=\"og:description\" content=\"Regeringen har tillsatt en delegation som ska arbeta f\u00f6r \u00f6kad tillit i styrningen av den...\" \/>\n<meta property=\"og:url\" content=\"https:\/\/lararkarriar.se\/grundskola\/2017\/02\/15\/larare-ska-fa-okade-mojligheter-att-vara-proffs\/\" \/>\n<meta property=\"og:site_name\" content=\"Framtidens Karri\u00e4r \u2013 Grundskolel\u00e4rare\" \/>\n<meta property=\"article:published_time\" content=\"2017-02-15T07:43:27+00:00\" \/>\n<meta property=\"og:image\" content=\"https:\/\/lararkarriar.se\/grundskola\/wp-content\/uploads\/sites\/12\/2017\/02\/tillit-img-8027-stor.jpg\" \/>\n\t<meta property=\"og:image:width\" content=\"1000\" \/>\n\t<meta property=\"og:image:height\" content=\"612\" \/>\n\t<meta property=\"og:image:type\" content=\"image\/jpeg\" \/>\n<meta name=\"author\" content=\"stellanstal\" \/>\n<meta name=\"twitter:card\" content=\"summary_large_image\" \/>\n<meta name=\"twitter:label1\" content=\"Skriven av\" \/>\n\t<meta name=\"twitter:data1\" content=\"stellanstal\" \/>\n\t<meta name=\"twitter:label2\" content=\"Ber\u00e4knad l\u00e4stid\" \/>\n\t<meta name=\"twitter:data2\" content=\"2 minuter\" \/>\n<script type=\"application\/ld+json\" class=\"yoast-schema-graph\">{\"@context\":\"https:\\\/\\\/schema.org\",\"@graph\":[{\"@type\":\"Article\",\"@id\":\"https:\\\/\\\/lararkarriar.se\\\/grundskola\\\/2017\\\/02\\\/15\\\/larare-ska-fa-okade-mojligheter-att-vara-proffs\\\/#article\",\"isPartOf\":{\"@id\":\"https:\\\/\\\/lararkarriar.se\\\/grundskola\\\/2017\\\/02\\\/15\\\/larare-ska-fa-okade-mojligheter-att-vara-proffs\\\/\"},\"author\":{\"name\":\"stellanstal\",\"@id\":\"https:\\\/\\\/lararkarriar.se\\\/grundskola\\\/#\\\/schema\\\/person\\\/c8a43eb855191e573b73ecf8987a3b99\"},\"headline\":\"L\u00e4rare ska f\u00e5 \u00f6kade m\u00f6jligheter att vara proffs\",\"datePublished\":\"2017-02-15T07:43:27+00:00\",\"mainEntityOfPage\":{\"@id\":\"https:\\\/\\\/lararkarriar.se\\\/grundskola\\\/2017\\\/02\\\/15\\\/larare-ska-fa-okade-mojligheter-att-vara-proffs\\\/\"},\"wordCount\":497,\"image\":{\"@id\":\"https:\\\/\\\/lararkarriar.se\\\/grundskola\\\/2017\\\/02\\\/15\\\/larare-ska-fa-okade-mojligheter-att-vara-proffs\\\/#primaryimage\"},\"thumbnailUrl\":\"https:\\\/\\\/lararkarriar.se\\\/grundskola\\\/wp-content\\\/uploads\\\/sites\\\/12\\\/2017\\\/02\\\/tillit-img-8027-stor.jpg\",\"articleSection\":[\"Artikel\"],\"inLanguage\":\"sv-SE\"},{\"@type\":\"WebPage\",\"@id\":\"https:\\\/\\\/lararkarriar.se\\\/grundskola\\\/2017\\\/02\\\/15\\\/larare-ska-fa-okade-mojligheter-att-vara-proffs\\\/\",\"url\":\"https:\\\/\\\/lararkarriar.se\\\/grundskola\\\/2017\\\/02\\\/15\\\/larare-ska-fa-okade-mojligheter-att-vara-proffs\\\/\",\"name\":\"L\u00e4rare ska f\u00e5 \u00f6kade m\u00f6jligheter att vara proffs - Framtidens Karri\u00e4r \u2013 Grundskolel\u00e4rare\",\"isPartOf\":{\"@id\":\"https:\\\/\\\/lararkarriar.se\\\/grundskola\\\/#website\"},\"primaryImageOfPage\":{\"@id\":\"https:\\\/\\\/lararkarriar.se\\\/grundskola\\\/2017\\\/02\\\/15\\\/larare-ska-fa-okade-mojligheter-att-vara-proffs\\\/#primaryimage\"},\"image\":{\"@id\":\"https:\\\/\\\/lararkarriar.se\\\/grundskola\\\/2017\\\/02\\\/15\\\/larare-ska-fa-okade-mojligheter-att-vara-proffs\\\/#primaryimage\"},\"thumbnailUrl\":\"https:\\\/\\\/lararkarriar.se\\\/grundskola\\\/wp-content\\\/uploads\\\/sites\\\/12\\\/2017\\\/02\\\/tillit-img-8027-stor.jpg\",\"datePublished\":\"2017-02-15T07:43:27+00:00\",\"author\":{\"@id\":\"https:\\\/\\\/lararkarriar.se\\\/grundskola\\\/#\\\/schema\\\/person\\\/c8a43eb855191e573b73ecf8987a3b99\"},\"breadcrumb\":{\"@id\":\"https:\\\/\\\/lararkarriar.se\\\/grundskola\\\/2017\\\/02\\\/15\\\/larare-ska-fa-okade-mojligheter-att-vara-proffs\\\/#breadcrumb\"},\"inLanguage\":\"sv-SE\",\"potentialAction\":[{\"@type\":\"ReadAction\",\"target\":[\"https:\\\/\\\/lararkarriar.se\\\/grundskola\\\/2017\\\/02\\\/15\\\/larare-ska-fa-okade-mojligheter-att-vara-proffs\\\/\"]}]},{\"@type\":\"ImageObject\",\"inLanguage\":\"sv-SE\",\"@id\":\"https:\\\/\\\/lararkarriar.se\\\/grundskola\\\/2017\\\/02\\\/15\\\/larare-ska-fa-okade-mojligheter-att-vara-proffs\\\/#primaryimage\",\"url\":\"https:\\\/\\\/lararkarriar.se\\\/grundskola\\\/wp-content\\\/uploads\\\/sites\\\/12\\\/2017\\\/02\\\/tillit-img-8027-stor.jpg\",\"contentUrl\":\"https:\\\/\\\/lararkarriar.se\\\/grundskola\\\/wp-content\\\/uploads\\\/sites\\\/12\\\/2017\\\/02\\\/tillit-img-8027-stor.jpg\",\"width\":1000,\"height\":612,\"caption\":\"Laura Hartman, ordf\u00f6rande i Tillitsdelegationen. Foto: Laura Hartman\"},{\"@type\":\"BreadcrumbList\",\"@id\":\"https:\\\/\\\/lararkarriar.se\\\/grundskola\\\/2017\\\/02\\\/15\\\/larare-ska-fa-okade-mojligheter-att-vara-proffs\\\/#breadcrumb\",\"itemListElement\":[{\"@type\":\"ListItem\",\"position\":1,\"name\":\"Home\",\"item\":\"https:\\\/\\\/lararkarriar.se\\\/grundskola\\\/\"},{\"@type\":\"ListItem\",\"position\":2,\"name\":\"L\u00e4rare ska f\u00e5 \u00f6kade m\u00f6jligheter att vara proffs\"}]},{\"@type\":\"WebSite\",\"@id\":\"https:\\\/\\\/lararkarriar.se\\\/grundskola\\\/#website\",\"url\":\"https:\\\/\\\/lararkarriar.se\\\/grundskola\\\/\",\"name\":\"Framtidens Karri\u00e4r \u2013 Grundskolel\u00e4rare\",\"description\":\"Just another NMDashboard.se Sites site\",\"potentialAction\":[{\"@type\":\"SearchAction\",\"target\":{\"@type\":\"EntryPoint\",\"urlTemplate\":\"https:\\\/\\\/lararkarriar.se\\\/grundskola\\\/?s={search_term_string}\"},\"query-input\":{\"@type\":\"PropertyValueSpecification\",\"valueRequired\":true,\"valueName\":\"search_term_string\"}}],\"inLanguage\":\"sv-SE\"},{\"@type\":\"Person\",\"@id\":\"https:\\\/\\\/lararkarriar.se\\\/grundskola\\\/#\\\/schema\\\/person\\\/c8a43eb855191e573b73ecf8987a3b99\",\"name\":\"stellanstal\",\"image\":{\"@type\":\"ImageObject\",\"inLanguage\":\"sv-SE\",\"@id\":\"https:\\\/\\\/secure.gravatar.com\\\/avatar\\\/cd330fa6bb17f598124b2068ee0b189e4fe0987a50af9d53b78410836060d0c9?s=96&d=mm&r=g\",\"url\":\"https:\\\/\\\/secure.gravatar.com\\\/avatar\\\/cd330fa6bb17f598124b2068ee0b189e4fe0987a50af9d53b78410836060d0c9?s=96&d=mm&r=g\",\"contentUrl\":\"https:\\\/\\\/secure.gravatar.com\\\/avatar\\\/cd330fa6bb17f598124b2068ee0b189e4fe0987a50af9d53b78410836060d0c9?s=96&d=mm&r=g\",\"caption\":\"stellanstal\"},\"url\":\"https:\\\/\\\/lararkarriar.se\\\/grundskola\\\/author\\\/stellanstal\\\/\"}]}<\/script>\n<!-- \/ Yoast SEO plugin. -->","yoast_head_json":{"title":"L\u00e4rare ska f\u00e5 \u00f6kade m\u00f6jligheter att vara proffs - Framtidens Karri\u00e4r \u2013 Grundskolel\u00e4rare","robots":{"index":"index","follow":"follow","max-snippet":"max-snippet:-1","max-image-preview":"max-image-preview:large","max-video-preview":"max-video-preview:-1"},"canonical":"https:\/\/lararkarriar.se\/grundskola\/2017\/02\/15\/larare-ska-fa-okade-mojligheter-att-vara-proffs\/","og_locale":"sv_SE","og_type":"article","og_title":"L\u00e4rare ska f\u00e5 \u00f6kade m\u00f6jligheter att vara proffs - Framtidens Karri\u00e4r \u2013 Grundskolel\u00e4rare","og_description":"Regeringen har tillsatt en delegation som ska arbeta f\u00f6r \u00f6kad tillit i styrningen av den...","og_url":"https:\/\/lararkarriar.se\/grundskola\/2017\/02\/15\/larare-ska-fa-okade-mojligheter-att-vara-proffs\/","og_site_name":"Framtidens Karri\u00e4r \u2013 Grundskolel\u00e4rare","article_published_time":"2017-02-15T07:43:27+00:00","og_image":[{"width":1000,"height":612,"url":"https:\/\/lararkarriar.se\/grundskola\/wp-content\/uploads\/sites\/12\/2017\/02\/tillit-img-8027-stor.jpg","type":"image\/jpeg"}],"author":"stellanstal","twitter_card":"summary_large_image","twitter_misc":{"Skriven av":"stellanstal","Ber\u00e4knad l\u00e4stid":"2 minuter"},"schema":{"@context":"https:\/\/schema.org","@graph":[{"@type":"Article","@id":"https:\/\/lararkarriar.se\/grundskola\/2017\/02\/15\/larare-ska-fa-okade-mojligheter-att-vara-proffs\/#article","isPartOf":{"@id":"https:\/\/lararkarriar.se\/grundskola\/2017\/02\/15\/larare-ska-fa-okade-mojligheter-att-vara-proffs\/"},"author":{"name":"stellanstal","@id":"https:\/\/lararkarriar.se\/grundskola\/#\/schema\/person\/c8a43eb855191e573b73ecf8987a3b99"},"headline":"L\u00e4rare ska f\u00e5 \u00f6kade m\u00f6jligheter att vara proffs","datePublished":"2017-02-15T07:43:27+00:00","mainEntityOfPage":{"@id":"https:\/\/lararkarriar.se\/grundskola\/2017\/02\/15\/larare-ska-fa-okade-mojligheter-att-vara-proffs\/"},"wordCount":497,"image":{"@id":"https:\/\/lararkarriar.se\/grundskola\/2017\/02\/15\/larare-ska-fa-okade-mojligheter-att-vara-proffs\/#primaryimage"},"thumbnailUrl":"https:\/\/lararkarriar.se\/grundskola\/wp-content\/uploads\/sites\/12\/2017\/02\/tillit-img-8027-stor.jpg","articleSection":["Artikel"],"inLanguage":"sv-SE"},{"@type":"WebPage","@id":"https:\/\/lararkarriar.se\/grundskola\/2017\/02\/15\/larare-ska-fa-okade-mojligheter-att-vara-proffs\/","url":"https:\/\/lararkarriar.se\/grundskola\/2017\/02\/15\/larare-ska-fa-okade-mojligheter-att-vara-proffs\/","name":"L\u00e4rare ska f\u00e5 \u00f6kade m\u00f6jligheter att vara proffs - Framtidens Karri\u00e4r \u2013 Grundskolel\u00e4rare","isPartOf":{"@id":"https:\/\/lararkarriar.se\/grundskola\/#website"},"primaryImageOfPage":{"@id":"https:\/\/lararkarriar.se\/grundskola\/2017\/02\/15\/larare-ska-fa-okade-mojligheter-att-vara-proffs\/#primaryimage"},"image":{"@id":"https:\/\/lararkarriar.se\/grundskola\/2017\/02\/15\/larare-ska-fa-okade-mojligheter-att-vara-proffs\/#primaryimage"},"thumbnailUrl":"https:\/\/lararkarriar.se\/grundskola\/wp-content\/uploads\/sites\/12\/2017\/02\/tillit-img-8027-stor.jpg","datePublished":"2017-02-15T07:43:27+00:00","author":{"@id":"https:\/\/lararkarriar.se\/grundskola\/#\/schema\/person\/c8a43eb855191e573b73ecf8987a3b99"},"breadcrumb":{"@id":"https:\/\/lararkarriar.se\/grundskola\/2017\/02\/15\/larare-ska-fa-okade-mojligheter-att-vara-proffs\/#breadcrumb"},"inLanguage":"sv-SE","potentialAction":[{"@type":"ReadAction","target":["https:\/\/lararkarriar.se\/grundskola\/2017\/02\/15\/larare-ska-fa-okade-mojligheter-att-vara-proffs\/"]}]},{"@type":"ImageObject","inLanguage":"sv-SE","@id":"https:\/\/lararkarriar.se\/grundskola\/2017\/02\/15\/larare-ska-fa-okade-mojligheter-att-vara-proffs\/#primaryimage","url":"https:\/\/lararkarriar.se\/grundskola\/wp-content\/uploads\/sites\/12\/2017\/02\/tillit-img-8027-stor.jpg","contentUrl":"https:\/\/lararkarriar.se\/grundskola\/wp-content\/uploads\/sites\/12\/2017\/02\/tillit-img-8027-stor.jpg","width":1000,"height":612,"caption":"Laura Hartman, ordf\u00f6rande i Tillitsdelegationen. Foto: Laura Hartman"},{"@type":"BreadcrumbList","@id":"https:\/\/lararkarriar.se\/grundskola\/2017\/02\/15\/larare-ska-fa-okade-mojligheter-att-vara-proffs\/#breadcrumb","itemListElement":[{"@type":"ListItem","position":1,"name":"Home","item":"https:\/\/lararkarriar.se\/grundskola\/"},{"@type":"ListItem","position":2,"name":"L\u00e4rare ska f\u00e5 \u00f6kade m\u00f6jligheter att vara proffs"}]},{"@type":"WebSite","@id":"https:\/\/lararkarriar.se\/grundskola\/#website","url":"https:\/\/lararkarriar.se\/grundskola\/","name":"Framtidens Karri\u00e4r \u2013 Grundskolel\u00e4rare","description":"Just another NMDashboard.se Sites site","potentialAction":[{"@type":"SearchAction","target":{"@type":"EntryPoint","urlTemplate":"https:\/\/lararkarriar.se\/grundskola\/?s={search_term_string}"},"query-input":{"@type":"PropertyValueSpecification","valueRequired":true,"valueName":"search_term_string"}}],"inLanguage":"sv-SE"},{"@type":"Person","@id":"https:\/\/lararkarriar.se\/grundskola\/#\/schema\/person\/c8a43eb855191e573b73ecf8987a3b99","name":"stellanstal","image":{"@type":"ImageObject","inLanguage":"sv-SE","@id":"https:\/\/secure.gravatar.com\/avatar\/cd330fa6bb17f598124b2068ee0b189e4fe0987a50af9d53b78410836060d0c9?s=96&d=mm&r=g","url":"https:\/\/secure.gravatar.com\/avatar\/cd330fa6bb17f598124b2068ee0b189e4fe0987a50af9d53b78410836060d0c9?s=96&d=mm&r=g","contentUrl":"https:\/\/secure.gravatar.com\/avatar\/cd330fa6bb17f598124b2068ee0b189e4fe0987a50af9d53b78410836060d0c9?s=96&d=mm&r=g","caption":"stellanstal"},"url":"https:\/\/lararkarriar.se\/grundskola\/author\/stellanstal\/"}]}},"_links":{"self":[{"href":"https:\/\/lararkarriar.se\/grundskola\/wp-json\/wp\/v2\/posts\/5807","targetHints":{"allow":["GET"]}}],"collection":[{"href":"https:\/\/lararkarriar.se\/grundskola\/wp-json\/wp\/v2\/posts"}],"about":[{"href":"https:\/\/lararkarriar.se\/grundskola\/wp-json\/wp\/v2\/types\/post"}],"author":[{"embeddable":true,"href":"https:\/\/lararkarriar.se\/grundskola\/wp-json\/wp\/v2\/users\/3"}],"replies":[{"embeddable":true,"href":"https:\/\/lararkarriar.se\/grundskola\/wp-json\/wp\/v2\/comments?post=5807"}],"version-history":[{"count":0,"href":"https:\/\/lararkarriar.se\/grundskola\/wp-json\/wp\/v2\/posts\/5807\/revisions"}],"wp:featuredmedia":[{"embeddable":true,"href":"https:\/\/lararkarriar.se\/grundskola\/wp-json\/wp\/v2\/media\/5808"}],"wp:attachment":[{"href":"https:\/\/lararkarriar.se\/grundskola\/wp-json\/wp\/v2\/media?parent=5807"}],"wp:term":[{"taxonomy":"category","embeddable":true,"href":"https:\/\/lararkarriar.se\/grundskola\/wp-json\/wp\/v2\/categories?post=5807"},{"taxonomy":"post_tag","embeddable":true,"href":"https:\/\/lararkarriar.se\/grundskola\/wp-json\/wp\/v2\/tags?post=5807"}],"curies":[{"name":"wp","href":"https:\/\/api.w.org\/{rel}","templated":true}]}}