{"id":5824,"date":"2017-02-15T10:00:43","date_gmt":"2017-02-15T08:00:43","guid":{"rendered":"http:\/\/lararkarriar.se\/grundskola\/?p=5824"},"modified":"2017-02-15T10:00:43","modified_gmt":"2017-02-15T08:00:43","slug":"larares-slut-och-medelloner-behover-oka","status":"publish","type":"post","link":"https:\/\/lararkarriar.se\/grundskola\/2017\/02\/15\/larares-slut-och-medelloner-behover-oka\/","title":{"rendered":"L\u00e4rares slut- och medell\u00f6ner beh\u00f6ver \u00f6ka"},"content":{"rendered":"<p><figure id=\"attachment_5828\" aria-describedby=\"caption-attachment-5828\" style=\"width: 1000px\" class=\"wp-caption alignnone\"><img loading=\"lazy\" decoding=\"async\" src=\"https:\/\/lararkarriar.se\/grundskola\/wp-content\/uploads\/sites\/12\/2017\/02\/slutlon-mathias-astrom.jpg\" alt=\"Mathias \u00c5str\u00f6m, f\u00f6rhandlingschef p\u00e5 L\u00e4rarf\u00f6rbundet.\" width=\"1000\" height=\"691\" class=\"size-full wp-image-5828\" srcset=\"https:\/\/lararkarriar.se\/grundskola\/wp-content\/uploads\/sites\/12\/2017\/02\/slutlon-mathias-astrom.jpg 1000w, https:\/\/lararkarriar.se\/grundskola\/wp-content\/uploads\/sites\/12\/2017\/02\/slutlon-mathias-astrom-300x207.jpg 300w, https:\/\/lararkarriar.se\/grundskola\/wp-content\/uploads\/sites\/12\/2017\/02\/slutlon-mathias-astrom-768x531.jpg 768w, https:\/\/lararkarriar.se\/grundskola\/wp-content\/uploads\/sites\/12\/2017\/02\/slutlon-mathias-astrom-232x160.jpg 232w, https:\/\/lararkarriar.se\/grundskola\/wp-content\/uploads\/sites\/12\/2017\/02\/slutlon-mathias-astrom-526x363.jpg 526w, https:\/\/lararkarriar.se\/grundskola\/wp-content\/uploads\/sites\/12\/2017\/02\/slutlon-mathias-astrom-720x498.jpg 720w, https:\/\/lararkarriar.se\/grundskola\/wp-content\/uploads\/sites\/12\/2017\/02\/slutlon-mathias-astrom-960x663.jpg 960w\" sizes=\"auto, (max-width: 1000px) 100vw, 1000px\" \/><figcaption id=\"caption-attachment-5828\" class=\"wp-caption-text\">Mathias \u00c5str\u00f6m, f\u00f6rhandlingschef p\u00e5 L\u00e4rarf\u00f6rbundet.<\/figcaption><\/figure><strong>Enligt Framtidens Karri\u00e4r \u2013 Grundskoll\u00e4rares unders\u00f6kning anser ett slumpm\u00e4ssigt urval av grundskoll\u00e4rare att 40\u201350&nbsp;000 kronor per m\u00e5nad \u00e4r en rimlig slutl\u00f6n f\u00f6r en l\u00e5g- eller mellanstadiel\u00e4rare. F\u00f6r en h\u00f6gstadiel\u00e4rare anser de att 45\u201355&nbsp;000 kronor per m\u00e5nad \u00e4r en rimlig slutl\u00f6n.<\/strong><\/p>\n<p>\u2013 Det \u00e4r inte f\u00f6rv\u00e5nande att majoriteten av grundskoll\u00e4rarna anser att en rimlig slutl\u00f6n ligger mellan 40&nbsp;000 och 50&nbsp;000 kronor, men det \u00e4r egentligen mer intressant att j\u00e4mf\u00f6ra l\u00e4rarnas medell\u00f6ner. I dagsl\u00e4get ligger rikssnittet f\u00f6r en grundskoll\u00e4rare p\u00e5 runt 30&nbsp;000 kronor i m\u00e5naden, men f\u00f6r att kunna matcha l\u00f6neutvecklingen i andra yrken b\u00f6r den \u00f6ka till 40&nbsp;000 kronor, s\u00e4ger Mathias \u00c5str\u00f6m, f\u00f6rhandlingschef p\u00e5 L\u00e4rarf\u00f6rbundet.<br \/>\nHan anser att en medell\u00f6n p\u00e5 40&nbsp;000 kronor \u00e4r n\u00f6dv\u00e4ndig f\u00f6r att l\u00e4rarutbildningen ska kunna attrahera tillr\u00e4ckligt m\u00e5nga studenter i framtiden och f\u00f6r att l\u00e4raryrket ska kunna konkurrera med andra yrken n\u00e4r unga m\u00e4nniskor g\u00f6r sitt yrkesval.<br \/>\n\u2013 L\u00f6n \u00e4r, i kombination med utvecklingsm\u00f6jligheter och f\u00f6ruts\u00e4ttningar att g\u00f6ra ett bra jobb, en av de tre viktigaste faktorerna f\u00f6r att \u00f6ka l\u00e4raryrkets attraktivitet, s\u00e4ger Mathias \u00c5str\u00f6m.<\/p>\n<div class=\"faktaruta2-title\">Vad anser du \u00e4r en rimlig slutl\u00f6n (f\u00f6re skatt) f\u00f6r en l\u00e5g- och\/eller mellan&shy;stadiel\u00e4rare? (efter ca 30 \u00e5r i yrket)<\/div><div class=\"faktaruta2\"><img loading=\"lazy\" decoding=\"async\" src=\"https:\/\/lararkarriar.se\/grundskola\/wp-content\/uploads\/sites\/12\/2017\/02\/slutlon-graf-1.png\" alt=\"slutlon_graf_1\" width=\"1000\" height=\"403\" class=\"alignnone size-full wp-image-5826\" srcset=\"https:\/\/lararkarriar.se\/grundskola\/wp-content\/uploads\/sites\/12\/2017\/02\/slutlon-graf-1.png 1000w, https:\/\/lararkarriar.se\/grundskola\/wp-content\/uploads\/sites\/12\/2017\/02\/slutlon-graf-1-300x121.png 300w, https:\/\/lararkarriar.se\/grundskola\/wp-content\/uploads\/sites\/12\/2017\/02\/slutlon-graf-1-768x310.png 768w, https:\/\/lararkarriar.se\/grundskola\/wp-content\/uploads\/sites\/12\/2017\/02\/slutlon-graf-1-397x160.png 397w, https:\/\/lararkarriar.se\/grundskola\/wp-content\/uploads\/sites\/12\/2017\/02\/slutlon-graf-1-526x212.png 526w, https:\/\/lararkarriar.se\/grundskola\/wp-content\/uploads\/sites\/12\/2017\/02\/slutlon-graf-1-720x290.png 720w, https:\/\/lararkarriar.se\/grundskola\/wp-content\/uploads\/sites\/12\/2017\/02\/slutlon-graf-1-960x387.png 960w\" sizes=\"auto, (max-width: 1000px) 100vw, 1000px\" \/><br \/>\n<\/div>\n<div class=\"faktaruta2-title\">Vad anser du \u00e4r en rimlig slutl\u00f6n (f\u00f6re skatt) f\u00f6r en h\u00f6gstadiel\u00e4rare? (efter ca 30 \u00e5r i yrket)<\/div><div class=\"faktaruta2\"><img loading=\"lazy\" decoding=\"async\" src=\"https:\/\/lararkarriar.se\/grundskola\/wp-content\/uploads\/sites\/12\/2017\/02\/slutlon-graf-2.png\" alt=\"slutlon_graf_2\" width=\"1000\" height=\"409\" class=\"alignnone size-full wp-image-5827\" srcset=\"https:\/\/lararkarriar.se\/grundskola\/wp-content\/uploads\/sites\/12\/2017\/02\/slutlon-graf-2.png 1000w, https:\/\/lararkarriar.se\/grundskola\/wp-content\/uploads\/sites\/12\/2017\/02\/slutlon-graf-2-300x123.png 300w, https:\/\/lararkarriar.se\/grundskola\/wp-content\/uploads\/sites\/12\/2017\/02\/slutlon-graf-2-768x314.png 768w, https:\/\/lararkarriar.se\/grundskola\/wp-content\/uploads\/sites\/12\/2017\/02\/slutlon-graf-2-391x160.png 391w, https:\/\/lararkarriar.se\/grundskola\/wp-content\/uploads\/sites\/12\/2017\/02\/slutlon-graf-2-526x215.png 526w, https:\/\/lararkarriar.se\/grundskola\/wp-content\/uploads\/sites\/12\/2017\/02\/slutlon-graf-2-720x294.png 720w, https:\/\/lararkarriar.se\/grundskola\/wp-content\/uploads\/sites\/12\/2017\/02\/slutlon-graf-2-960x393.png 960w\" sizes=\"auto, (max-width: 1000px) 100vw, 1000px\" \/><br \/>\n<\/div>\n","protected":false},"excerpt":{"rendered":"<p>Enligt Framtidens Karri\u00e4r \u2013 Grundskoll\u00e4rares unders\u00f6kning anser ett slumpm\u00e4ssigt urval av grundskoll\u00e4rare att 40\u201350&nbsp;000 kronor&#8230;<\/p>\n","protected":false},"author":3,"featured_media":5828,"comment_status":"closed","ping_status":"open","sticky":false,"template":"","format":"standard","meta":{"_acf_changed":false,"_monsterinsights_skip_tracking":false,"_monsterinsights_sitenote_active":false,"_monsterinsights_sitenote_note":"","_monsterinsights_sitenote_category":0,"footnotes":""},"categories":[1],"tags":[],"class_list":["post-5824","post","type-post","status-publish","format-standard","has-post-thumbnail","hentry","category-artikel"],"acf":[],"yoast_head":"<!-- This site is optimized with the Yoast SEO plugin v27.3 - https:\/\/yoast.com\/product\/yoast-seo-wordpress\/ -->\n<title>L\u00e4rares slut- och medell\u00f6ner beh\u00f6ver \u00f6ka - Framtidens Karri\u00e4r \u2013 Grundskolel\u00e4rare<\/title>\n<meta name=\"robots\" content=\"index, follow, max-snippet:-1, max-image-preview:large, max-video-preview:-1\" \/>\n<link rel=\"canonical\" href=\"https:\/\/lararkarriar.se\/grundskola\/2017\/02\/15\/larares-slut-och-medelloner-behover-oka\/\" \/>\n<meta property=\"og:locale\" content=\"sv_SE\" \/>\n<meta property=\"og:type\" content=\"article\" \/>\n<meta property=\"og:title\" content=\"L\u00e4rares slut- och medell\u00f6ner beh\u00f6ver \u00f6ka - Framtidens Karri\u00e4r \u2013 Grundskolel\u00e4rare\" \/>\n<meta property=\"og:description\" content=\"Enligt Framtidens Karri\u00e4r \u2013 Grundskoll\u00e4rares unders\u00f6kning anser ett slumpm\u00e4ssigt urval av grundskoll\u00e4rare att 40\u201350&nbsp;000 kronor...\" \/>\n<meta property=\"og:url\" content=\"https:\/\/lararkarriar.se\/grundskola\/2017\/02\/15\/larares-slut-och-medelloner-behover-oka\/\" \/>\n<meta property=\"og:site_name\" content=\"Framtidens Karri\u00e4r \u2013 Grundskolel\u00e4rare\" \/>\n<meta property=\"article:published_time\" content=\"2017-02-15T08:00:43+00:00\" \/>\n<meta property=\"og:image\" content=\"https:\/\/lararkarriar.se\/grundskola\/wp-content\/uploads\/sites\/12\/2017\/02\/slutlon-mathias-astrom.jpg\" \/>\n\t<meta property=\"og:image:width\" content=\"1000\" \/>\n\t<meta property=\"og:image:height\" content=\"691\" \/>\n\t<meta property=\"og:image:type\" content=\"image\/jpeg\" \/>\n<meta name=\"author\" content=\"stellanstal\" \/>\n<meta name=\"twitter:card\" content=\"summary_large_image\" \/>\n<meta name=\"twitter:label1\" content=\"Skriven av\" \/>\n\t<meta name=\"twitter:data1\" content=\"stellanstal\" \/>\n\t<meta name=\"twitter:label2\" content=\"Ber\u00e4knad l\u00e4stid\" \/>\n\t<meta name=\"twitter:data2\" content=\"1 minut\" \/>\n<script type=\"application\/ld+json\" class=\"yoast-schema-graph\">{\"@context\":\"https:\\\/\\\/schema.org\",\"@graph\":[{\"@type\":\"Article\",\"@id\":\"https:\\\/\\\/lararkarriar.se\\\/grundskola\\\/2017\\\/02\\\/15\\\/larares-slut-och-medelloner-behover-oka\\\/#article\",\"isPartOf\":{\"@id\":\"https:\\\/\\\/lararkarriar.se\\\/grundskola\\\/2017\\\/02\\\/15\\\/larares-slut-och-medelloner-behover-oka\\\/\"},\"author\":{\"name\":\"stellanstal\",\"@id\":\"https:\\\/\\\/lararkarriar.se\\\/grundskola\\\/#\\\/schema\\\/person\\\/c8a43eb855191e573b73ecf8987a3b99\"},\"headline\":\"L\u00e4rares slut- och medell\u00f6ner beh\u00f6ver \u00f6ka\",\"datePublished\":\"2017-02-15T08:00:43+00:00\",\"mainEntityOfPage\":{\"@id\":\"https:\\\/\\\/lararkarriar.se\\\/grundskola\\\/2017\\\/02\\\/15\\\/larares-slut-och-medelloner-behover-oka\\\/\"},\"wordCount\":302,\"image\":{\"@id\":\"https:\\\/\\\/lararkarriar.se\\\/grundskola\\\/2017\\\/02\\\/15\\\/larares-slut-och-medelloner-behover-oka\\\/#primaryimage\"},\"thumbnailUrl\":\"https:\\\/\\\/lararkarriar.se\\\/grundskola\\\/wp-content\\\/uploads\\\/sites\\\/12\\\/2017\\\/02\\\/slutlon-mathias-astrom.jpg\",\"articleSection\":[\"Artikel\"],\"inLanguage\":\"sv-SE\"},{\"@type\":\"WebPage\",\"@id\":\"https:\\\/\\\/lararkarriar.se\\\/grundskola\\\/2017\\\/02\\\/15\\\/larares-slut-och-medelloner-behover-oka\\\/\",\"url\":\"https:\\\/\\\/lararkarriar.se\\\/grundskola\\\/2017\\\/02\\\/15\\\/larares-slut-och-medelloner-behover-oka\\\/\",\"name\":\"L\u00e4rares slut- och medell\u00f6ner beh\u00f6ver \u00f6ka - Framtidens Karri\u00e4r \u2013 Grundskolel\u00e4rare\",\"isPartOf\":{\"@id\":\"https:\\\/\\\/lararkarriar.se\\\/grundskola\\\/#website\"},\"primaryImageOfPage\":{\"@id\":\"https:\\\/\\\/lararkarriar.se\\\/grundskola\\\/2017\\\/02\\\/15\\\/larares-slut-och-medelloner-behover-oka\\\/#primaryimage\"},\"image\":{\"@id\":\"https:\\\/\\\/lararkarriar.se\\\/grundskola\\\/2017\\\/02\\\/15\\\/larares-slut-och-medelloner-behover-oka\\\/#primaryimage\"},\"thumbnailUrl\":\"https:\\\/\\\/lararkarriar.se\\\/grundskola\\\/wp-content\\\/uploads\\\/sites\\\/12\\\/2017\\\/02\\\/slutlon-mathias-astrom.jpg\",\"datePublished\":\"2017-02-15T08:00:43+00:00\",\"author\":{\"@id\":\"https:\\\/\\\/lararkarriar.se\\\/grundskola\\\/#\\\/schema\\\/person\\\/c8a43eb855191e573b73ecf8987a3b99\"},\"breadcrumb\":{\"@id\":\"https:\\\/\\\/lararkarriar.se\\\/grundskola\\\/2017\\\/02\\\/15\\\/larares-slut-och-medelloner-behover-oka\\\/#breadcrumb\"},\"inLanguage\":\"sv-SE\",\"potentialAction\":[{\"@type\":\"ReadAction\",\"target\":[\"https:\\\/\\\/lararkarriar.se\\\/grundskola\\\/2017\\\/02\\\/15\\\/larares-slut-och-medelloner-behover-oka\\\/\"]}]},{\"@type\":\"ImageObject\",\"inLanguage\":\"sv-SE\",\"@id\":\"https:\\\/\\\/lararkarriar.se\\\/grundskola\\\/2017\\\/02\\\/15\\\/larares-slut-och-medelloner-behover-oka\\\/#primaryimage\",\"url\":\"https:\\\/\\\/lararkarriar.se\\\/grundskola\\\/wp-content\\\/uploads\\\/sites\\\/12\\\/2017\\\/02\\\/slutlon-mathias-astrom.jpg\",\"contentUrl\":\"https:\\\/\\\/lararkarriar.se\\\/grundskola\\\/wp-content\\\/uploads\\\/sites\\\/12\\\/2017\\\/02\\\/slutlon-mathias-astrom.jpg\",\"width\":1000,\"height\":691,\"caption\":\"Mathias \u00c5str\u00f6m, f\u00f6rhandlingschef p\u00e5 L\u00e4rarf\u00f6rbundet.\"},{\"@type\":\"BreadcrumbList\",\"@id\":\"https:\\\/\\\/lararkarriar.se\\\/grundskola\\\/2017\\\/02\\\/15\\\/larares-slut-och-medelloner-behover-oka\\\/#breadcrumb\",\"itemListElement\":[{\"@type\":\"ListItem\",\"position\":1,\"name\":\"Home\",\"item\":\"https:\\\/\\\/lararkarriar.se\\\/grundskola\\\/\"},{\"@type\":\"ListItem\",\"position\":2,\"name\":\"L\u00e4rares slut- och medell\u00f6ner beh\u00f6ver \u00f6ka\"}]},{\"@type\":\"WebSite\",\"@id\":\"https:\\\/\\\/lararkarriar.se\\\/grundskola\\\/#website\",\"url\":\"https:\\\/\\\/lararkarriar.se\\\/grundskola\\\/\",\"name\":\"Framtidens Karri\u00e4r \u2013 Grundskolel\u00e4rare\",\"description\":\"Just another NMDashboard.se Sites site\",\"potentialAction\":[{\"@type\":\"SearchAction\",\"target\":{\"@type\":\"EntryPoint\",\"urlTemplate\":\"https:\\\/\\\/lararkarriar.se\\\/grundskola\\\/?s={search_term_string}\"},\"query-input\":{\"@type\":\"PropertyValueSpecification\",\"valueRequired\":true,\"valueName\":\"search_term_string\"}}],\"inLanguage\":\"sv-SE\"},{\"@type\":\"Person\",\"@id\":\"https:\\\/\\\/lararkarriar.se\\\/grundskola\\\/#\\\/schema\\\/person\\\/c8a43eb855191e573b73ecf8987a3b99\",\"name\":\"stellanstal\",\"image\":{\"@type\":\"ImageObject\",\"inLanguage\":\"sv-SE\",\"@id\":\"https:\\\/\\\/secure.gravatar.com\\\/avatar\\\/cd330fa6bb17f598124b2068ee0b189e4fe0987a50af9d53b78410836060d0c9?s=96&d=mm&r=g\",\"url\":\"https:\\\/\\\/secure.gravatar.com\\\/avatar\\\/cd330fa6bb17f598124b2068ee0b189e4fe0987a50af9d53b78410836060d0c9?s=96&d=mm&r=g\",\"contentUrl\":\"https:\\\/\\\/secure.gravatar.com\\\/avatar\\\/cd330fa6bb17f598124b2068ee0b189e4fe0987a50af9d53b78410836060d0c9?s=96&d=mm&r=g\",\"caption\":\"stellanstal\"},\"url\":\"https:\\\/\\\/lararkarriar.se\\\/grundskola\\\/author\\\/stellanstal\\\/\"}]}<\/script>\n<!-- \/ Yoast SEO plugin. -->","yoast_head_json":{"title":"L\u00e4rares slut- och medell\u00f6ner beh\u00f6ver \u00f6ka - Framtidens Karri\u00e4r \u2013 Grundskolel\u00e4rare","robots":{"index":"index","follow":"follow","max-snippet":"max-snippet:-1","max-image-preview":"max-image-preview:large","max-video-preview":"max-video-preview:-1"},"canonical":"https:\/\/lararkarriar.se\/grundskola\/2017\/02\/15\/larares-slut-och-medelloner-behover-oka\/","og_locale":"sv_SE","og_type":"article","og_title":"L\u00e4rares slut- och medell\u00f6ner beh\u00f6ver \u00f6ka - Framtidens Karri\u00e4r \u2013 Grundskolel\u00e4rare","og_description":"Enligt Framtidens Karri\u00e4r \u2013 Grundskoll\u00e4rares unders\u00f6kning anser ett slumpm\u00e4ssigt urval av grundskoll\u00e4rare att 40\u201350&nbsp;000 kronor...","og_url":"https:\/\/lararkarriar.se\/grundskola\/2017\/02\/15\/larares-slut-och-medelloner-behover-oka\/","og_site_name":"Framtidens Karri\u00e4r \u2013 Grundskolel\u00e4rare","article_published_time":"2017-02-15T08:00:43+00:00","og_image":[{"width":1000,"height":691,"url":"https:\/\/lararkarriar.se\/grundskola\/wp-content\/uploads\/sites\/12\/2017\/02\/slutlon-mathias-astrom.jpg","type":"image\/jpeg"}],"author":"stellanstal","twitter_card":"summary_large_image","twitter_misc":{"Skriven av":"stellanstal","Ber\u00e4knad l\u00e4stid":"1 minut"},"schema":{"@context":"https:\/\/schema.org","@graph":[{"@type":"Article","@id":"https:\/\/lararkarriar.se\/grundskola\/2017\/02\/15\/larares-slut-och-medelloner-behover-oka\/#article","isPartOf":{"@id":"https:\/\/lararkarriar.se\/grundskola\/2017\/02\/15\/larares-slut-och-medelloner-behover-oka\/"},"author":{"name":"stellanstal","@id":"https:\/\/lararkarriar.se\/grundskola\/#\/schema\/person\/c8a43eb855191e573b73ecf8987a3b99"},"headline":"L\u00e4rares slut- och medell\u00f6ner beh\u00f6ver \u00f6ka","datePublished":"2017-02-15T08:00:43+00:00","mainEntityOfPage":{"@id":"https:\/\/lararkarriar.se\/grundskola\/2017\/02\/15\/larares-slut-och-medelloner-behover-oka\/"},"wordCount":302,"image":{"@id":"https:\/\/lararkarriar.se\/grundskola\/2017\/02\/15\/larares-slut-och-medelloner-behover-oka\/#primaryimage"},"thumbnailUrl":"https:\/\/lararkarriar.se\/grundskola\/wp-content\/uploads\/sites\/12\/2017\/02\/slutlon-mathias-astrom.jpg","articleSection":["Artikel"],"inLanguage":"sv-SE"},{"@type":"WebPage","@id":"https:\/\/lararkarriar.se\/grundskola\/2017\/02\/15\/larares-slut-och-medelloner-behover-oka\/","url":"https:\/\/lararkarriar.se\/grundskola\/2017\/02\/15\/larares-slut-och-medelloner-behover-oka\/","name":"L\u00e4rares slut- och medell\u00f6ner beh\u00f6ver \u00f6ka - Framtidens Karri\u00e4r \u2013 Grundskolel\u00e4rare","isPartOf":{"@id":"https:\/\/lararkarriar.se\/grundskola\/#website"},"primaryImageOfPage":{"@id":"https:\/\/lararkarriar.se\/grundskola\/2017\/02\/15\/larares-slut-och-medelloner-behover-oka\/#primaryimage"},"image":{"@id":"https:\/\/lararkarriar.se\/grundskola\/2017\/02\/15\/larares-slut-och-medelloner-behover-oka\/#primaryimage"},"thumbnailUrl":"https:\/\/lararkarriar.se\/grundskola\/wp-content\/uploads\/sites\/12\/2017\/02\/slutlon-mathias-astrom.jpg","datePublished":"2017-02-15T08:00:43+00:00","author":{"@id":"https:\/\/lararkarriar.se\/grundskola\/#\/schema\/person\/c8a43eb855191e573b73ecf8987a3b99"},"breadcrumb":{"@id":"https:\/\/lararkarriar.se\/grundskola\/2017\/02\/15\/larares-slut-och-medelloner-behover-oka\/#breadcrumb"},"inLanguage":"sv-SE","potentialAction":[{"@type":"ReadAction","target":["https:\/\/lararkarriar.se\/grundskola\/2017\/02\/15\/larares-slut-och-medelloner-behover-oka\/"]}]},{"@type":"ImageObject","inLanguage":"sv-SE","@id":"https:\/\/lararkarriar.se\/grundskola\/2017\/02\/15\/larares-slut-och-medelloner-behover-oka\/#primaryimage","url":"https:\/\/lararkarriar.se\/grundskola\/wp-content\/uploads\/sites\/12\/2017\/02\/slutlon-mathias-astrom.jpg","contentUrl":"https:\/\/lararkarriar.se\/grundskola\/wp-content\/uploads\/sites\/12\/2017\/02\/slutlon-mathias-astrom.jpg","width":1000,"height":691,"caption":"Mathias \u00c5str\u00f6m, f\u00f6rhandlingschef p\u00e5 L\u00e4rarf\u00f6rbundet."},{"@type":"BreadcrumbList","@id":"https:\/\/lararkarriar.se\/grundskola\/2017\/02\/15\/larares-slut-och-medelloner-behover-oka\/#breadcrumb","itemListElement":[{"@type":"ListItem","position":1,"name":"Home","item":"https:\/\/lararkarriar.se\/grundskola\/"},{"@type":"ListItem","position":2,"name":"L\u00e4rares slut- och medell\u00f6ner beh\u00f6ver \u00f6ka"}]},{"@type":"WebSite","@id":"https:\/\/lararkarriar.se\/grundskola\/#website","url":"https:\/\/lararkarriar.se\/grundskola\/","name":"Framtidens Karri\u00e4r \u2013 Grundskolel\u00e4rare","description":"Just another NMDashboard.se Sites site","potentialAction":[{"@type":"SearchAction","target":{"@type":"EntryPoint","urlTemplate":"https:\/\/lararkarriar.se\/grundskola\/?s={search_term_string}"},"query-input":{"@type":"PropertyValueSpecification","valueRequired":true,"valueName":"search_term_string"}}],"inLanguage":"sv-SE"},{"@type":"Person","@id":"https:\/\/lararkarriar.se\/grundskola\/#\/schema\/person\/c8a43eb855191e573b73ecf8987a3b99","name":"stellanstal","image":{"@type":"ImageObject","inLanguage":"sv-SE","@id":"https:\/\/secure.gravatar.com\/avatar\/cd330fa6bb17f598124b2068ee0b189e4fe0987a50af9d53b78410836060d0c9?s=96&d=mm&r=g","url":"https:\/\/secure.gravatar.com\/avatar\/cd330fa6bb17f598124b2068ee0b189e4fe0987a50af9d53b78410836060d0c9?s=96&d=mm&r=g","contentUrl":"https:\/\/secure.gravatar.com\/avatar\/cd330fa6bb17f598124b2068ee0b189e4fe0987a50af9d53b78410836060d0c9?s=96&d=mm&r=g","caption":"stellanstal"},"url":"https:\/\/lararkarriar.se\/grundskola\/author\/stellanstal\/"}]}},"_links":{"self":[{"href":"https:\/\/lararkarriar.se\/grundskola\/wp-json\/wp\/v2\/posts\/5824","targetHints":{"allow":["GET"]}}],"collection":[{"href":"https:\/\/lararkarriar.se\/grundskola\/wp-json\/wp\/v2\/posts"}],"about":[{"href":"https:\/\/lararkarriar.se\/grundskola\/wp-json\/wp\/v2\/types\/post"}],"author":[{"embeddable":true,"href":"https:\/\/lararkarriar.se\/grundskola\/wp-json\/wp\/v2\/users\/3"}],"replies":[{"embeddable":true,"href":"https:\/\/lararkarriar.se\/grundskola\/wp-json\/wp\/v2\/comments?post=5824"}],"version-history":[{"count":0,"href":"https:\/\/lararkarriar.se\/grundskola\/wp-json\/wp\/v2\/posts\/5824\/revisions"}],"wp:featuredmedia":[{"embeddable":true,"href":"https:\/\/lararkarriar.se\/grundskola\/wp-json\/wp\/v2\/media\/5828"}],"wp:attachment":[{"href":"https:\/\/lararkarriar.se\/grundskola\/wp-json\/wp\/v2\/media?parent=5824"}],"wp:term":[{"taxonomy":"category","embeddable":true,"href":"https:\/\/lararkarriar.se\/grundskola\/wp-json\/wp\/v2\/categories?post=5824"},{"taxonomy":"post_tag","embeddable":true,"href":"https:\/\/lararkarriar.se\/grundskola\/wp-json\/wp\/v2\/tags?post=5824"}],"curies":[{"name":"wp","href":"https:\/\/api.w.org\/{rel}","templated":true}]}}