{"id":5834,"date":"2017-02-15T10:10:37","date_gmt":"2017-02-15T08:10:37","guid":{"rendered":"http:\/\/lararkarriar.se\/grundskola\/?p=5834"},"modified":"2017-02-15T10:10:37","modified_gmt":"2017-02-15T08:10:37","slug":"lararnas-beslut-for-grundskolan-hogre-lon-och-farre-elever-per-klass","status":"publish","type":"post","link":"https:\/\/lararkarriar.se\/grundskola\/2017\/02\/15\/lararnas-beslut-for-grundskolan-hogre-lon-och-farre-elever-per-klass\/","title":{"rendered":"L\u00e4rarnas beslut f\u00f6r grundskolan: H\u00f6gre l\u00f6n och f\u00e4rre elever per klass"},"content":{"rendered":"<p><strong>\u201cOm du skulle vara ansvarig f\u00f6r grundskolan i din kommun, vilka beslut skulle du fatta d\u00e5?\u201d P\u00e5 den fr\u00e5gan svarade grundskoll\u00e4rarna fr\u00e4mst h\u00f6gre l\u00f6n, f\u00e4rre elever per klass samt minskad dokumentation och administration.<\/strong><\/p>\n<p>L\u00f6nen \u00e4r ofta en fr\u00e5ga som v\u00e4cker stort intresse och en fj\u00e4rdedel av grundskoll\u00e4rarna i unders\u00f6kningen skulle prioritera en l\u00f6ne\u00f6kning om de hade m\u00f6jlighet att fatta beslut. Man n\u00e4mnde allt fr\u00e5n l\u00f6nelyft och b\u00e4ttre l\u00f6neutveckling till r\u00e4ttvis l\u00f6nes\u00e4ttning och ett generellt l\u00f6nep\u00e5slag f\u00f6r alla l\u00e4rare. <\/p>\n<p><strong>F\u00e4rre elever i klasserna<\/strong><br \/>\nN\u00e4st efter l\u00f6nen belyste man fr\u00e5gan om storleken p\u00e5 klasser. Man ville se f\u00e4rre elever per klass och n\u00e5gra n\u00e4mnde att de skulle besluta om ett maxantal om de kunde. Mer tid f\u00f6r eleverna och b\u00e4ttre arbetsmilj\u00f6 var n\u00e5gra av sk\u00e4len.<\/p>\n<p><strong>Mindre dokumentation<\/strong><br \/>\nD\u00e4refter \u00f6nskade man minska den administrativa belastningen p\u00e5 l\u00e4rarna, vilket framh\u00f6lls av cirka en femtedel av svarspersonerna. Man ville l\u00e4tta p\u00e5 kraven p\u00e5 dokumentation till f\u00f6rm\u00e5n f\u00f6r undervisningen. Ett flertal f\u00f6reslog att assistenter och administrat\u00f6rer skulle kunna avlasta pedagogerna. <\/p>\n<p><strong>Ut\u00f6kade resurser och st\u00f6d<\/strong><br \/>\nP\u00e5 delad fj\u00e4rde, femte och sj\u00e4tteplats kom tre kategorier som alla v\u00e4gde lika tungt i unders\u00f6kningen. Den ena handlade om behovet av fler l\u00e4rare och m\u00e5nga framh\u00f6ll tv\u00e5l\u00e4rarsystemet. Att \u00f6ka l\u00e4rart\u00e4theten prioriterades och just tv\u00e5 pedagoger i klassrummet hade starkt st\u00f6d.<br \/>\nLika m\u00e5nga uttryckte behovet av olika yrkeskategorier inom skolan som kunde samarbeta och st\u00f6tta. N\u00e5gra beskrev det som \u201drunt-omkring-personal\u201d. Man syftade p\u00e5 rastvakter, kuratorer, assistenter, skolsk\u00f6terskor, speciall\u00e4rare och socialpedagoger. Man menade att tack vare st\u00f6det kan l\u00e4rarna fokusera mer p\u00e5 undervisningen samtidigt som kompetent personal kan skapa en bra milj\u00f6 p\u00e5 skolan och borga f\u00f6r god elevv\u00e5rd.<br \/>\nDen tredje kategorin handlade om att st\u00e4rka resurserna f\u00f6r barn med s\u00e4rskilda behov. Man betonade bra tillg\u00e5ng till elevassistenter, speciall\u00e4rare och sm\u00e5 behovsanpassade klasser f\u00f6r att kunna erbjuda tillr\u00e4ckligt st\u00f6d till de barn som beh\u00f6ver det.<\/p>\n<div class=\"faktaruta2-title\">H\u00f6gst prioriterade besluten bland grundskoll\u00e4rare<\/div><div class=\"faktaruta2\"><strong>\u2022 H\u00f6gre l\u00f6n<\/strong><br \/>\n<strong>\u2022 F\u00e4rre elever<\/strong> i klasserna<br \/>\n<strong>\u2022 Minskad dokumentation<\/strong> och administration<br \/>\n<strong>\u2022 \u00d6kad l\u00e4rart\u00e4thet<\/strong><br \/>\n<strong>\u2022 Mer personal<\/strong> fr\u00e5n andra yrkeskategorier inom skolan<br \/>\n<strong>\u2022 Ut\u00f6kade resurser<\/strong> f\u00f6r barn med extra behov<\/div>\n","protected":false},"excerpt":{"rendered":"<p>\u201cOm du skulle vara ansvarig f\u00f6r grundskolan i din kommun, vilka beslut skulle du fatta&#8230;<\/p>\n","protected":false},"author":3,"featured_media":5839,"comment_status":"closed","ping_status":"open","sticky":false,"template":"","format":"standard","meta":{"_acf_changed":false,"_monsterinsights_skip_tracking":false,"_monsterinsights_sitenote_active":false,"_monsterinsights_sitenote_note":"","_monsterinsights_sitenote_category":0,"footnotes":""},"categories":[1],"tags":[],"class_list":["post-5834","post","type-post","status-publish","format-standard","has-post-thumbnail","hentry","category-artikel"],"acf":[],"yoast_head":"<!-- This site is optimized with the Yoast SEO plugin v27.3 - https:\/\/yoast.com\/product\/yoast-seo-wordpress\/ -->\n<title>L\u00e4rarnas beslut f\u00f6r grundskolan: H\u00f6gre l\u00f6n och f\u00e4rre elever per klass - Framtidens Karri\u00e4r \u2013 Grundskolel\u00e4rare<\/title>\n<meta name=\"robots\" content=\"index, follow, max-snippet:-1, max-image-preview:large, max-video-preview:-1\" \/>\n<link rel=\"canonical\" href=\"https:\/\/lararkarriar.se\/grundskola\/2017\/02\/15\/lararnas-beslut-for-grundskolan-hogre-lon-och-farre-elever-per-klass\/\" \/>\n<meta property=\"og:locale\" content=\"sv_SE\" \/>\n<meta property=\"og:type\" content=\"article\" \/>\n<meta property=\"og:title\" content=\"L\u00e4rarnas beslut f\u00f6r grundskolan: H\u00f6gre l\u00f6n och f\u00e4rre elever per klass - Framtidens Karri\u00e4r \u2013 Grundskolel\u00e4rare\" \/>\n<meta property=\"og:description\" content=\"\u201cOm du skulle vara ansvarig f\u00f6r grundskolan i din kommun, vilka beslut skulle du fatta...\" \/>\n<meta property=\"og:url\" content=\"https:\/\/lararkarriar.se\/grundskola\/2017\/02\/15\/lararnas-beslut-for-grundskolan-hogre-lon-och-farre-elever-per-klass\/\" \/>\n<meta property=\"og:site_name\" content=\"Framtidens Karri\u00e4r \u2013 Grundskolel\u00e4rare\" \/>\n<meta property=\"article:published_time\" content=\"2017-02-15T08:10:37+00:00\" \/>\n<meta property=\"og:image\" content=\"https:\/\/lararkarriar.se\/grundskola\/wp-content\/uploads\/sites\/12\/2017\/02\/ansvariga-screen.png\" \/>\n\t<meta property=\"og:image:width\" content=\"1000\" \/>\n\t<meta property=\"og:image:height\" content=\"311\" \/>\n\t<meta property=\"og:image:type\" content=\"image\/png\" \/>\n<meta name=\"author\" content=\"stellanstal\" \/>\n<meta name=\"twitter:card\" content=\"summary_large_image\" \/>\n<meta name=\"twitter:label1\" content=\"Skriven av\" \/>\n\t<meta name=\"twitter:data1\" content=\"stellanstal\" \/>\n\t<meta name=\"twitter:label2\" content=\"Ber\u00e4knad l\u00e4stid\" \/>\n\t<meta name=\"twitter:data2\" content=\"2 minuter\" \/>\n<script type=\"application\/ld+json\" class=\"yoast-schema-graph\">{\"@context\":\"https:\\\/\\\/schema.org\",\"@graph\":[{\"@type\":\"Article\",\"@id\":\"https:\\\/\\\/lararkarriar.se\\\/grundskola\\\/2017\\\/02\\\/15\\\/lararnas-beslut-for-grundskolan-hogre-lon-och-farre-elever-per-klass\\\/#article\",\"isPartOf\":{\"@id\":\"https:\\\/\\\/lararkarriar.se\\\/grundskola\\\/2017\\\/02\\\/15\\\/lararnas-beslut-for-grundskolan-hogre-lon-och-farre-elever-per-klass\\\/\"},\"author\":{\"name\":\"stellanstal\",\"@id\":\"https:\\\/\\\/lararkarriar.se\\\/grundskola\\\/#\\\/schema\\\/person\\\/c8a43eb855191e573b73ecf8987a3b99\"},\"headline\":\"L\u00e4rarnas beslut f\u00f6r grundskolan: H\u00f6gre l\u00f6n och f\u00e4rre elever per klass\",\"datePublished\":\"2017-02-15T08:10:37+00:00\",\"mainEntityOfPage\":{\"@id\":\"https:\\\/\\\/lararkarriar.se\\\/grundskola\\\/2017\\\/02\\\/15\\\/lararnas-beslut-for-grundskolan-hogre-lon-och-farre-elever-per-klass\\\/\"},\"wordCount\":442,\"image\":{\"@id\":\"https:\\\/\\\/lararkarriar.se\\\/grundskola\\\/2017\\\/02\\\/15\\\/lararnas-beslut-for-grundskolan-hogre-lon-och-farre-elever-per-klass\\\/#primaryimage\"},\"thumbnailUrl\":\"https:\\\/\\\/lararkarriar.se\\\/grundskola\\\/wp-content\\\/uploads\\\/sites\\\/12\\\/2017\\\/02\\\/ansvariga-screen.png\",\"articleSection\":[\"Artikel\"],\"inLanguage\":\"sv-SE\"},{\"@type\":\"WebPage\",\"@id\":\"https:\\\/\\\/lararkarriar.se\\\/grundskola\\\/2017\\\/02\\\/15\\\/lararnas-beslut-for-grundskolan-hogre-lon-och-farre-elever-per-klass\\\/\",\"url\":\"https:\\\/\\\/lararkarriar.se\\\/grundskola\\\/2017\\\/02\\\/15\\\/lararnas-beslut-for-grundskolan-hogre-lon-och-farre-elever-per-klass\\\/\",\"name\":\"L\u00e4rarnas beslut f\u00f6r grundskolan: H\u00f6gre l\u00f6n och f\u00e4rre elever per klass - Framtidens Karri\u00e4r \u2013 Grundskolel\u00e4rare\",\"isPartOf\":{\"@id\":\"https:\\\/\\\/lararkarriar.se\\\/grundskola\\\/#website\"},\"primaryImageOfPage\":{\"@id\":\"https:\\\/\\\/lararkarriar.se\\\/grundskola\\\/2017\\\/02\\\/15\\\/lararnas-beslut-for-grundskolan-hogre-lon-och-farre-elever-per-klass\\\/#primaryimage\"},\"image\":{\"@id\":\"https:\\\/\\\/lararkarriar.se\\\/grundskola\\\/2017\\\/02\\\/15\\\/lararnas-beslut-for-grundskolan-hogre-lon-och-farre-elever-per-klass\\\/#primaryimage\"},\"thumbnailUrl\":\"https:\\\/\\\/lararkarriar.se\\\/grundskola\\\/wp-content\\\/uploads\\\/sites\\\/12\\\/2017\\\/02\\\/ansvariga-screen.png\",\"datePublished\":\"2017-02-15T08:10:37+00:00\",\"author\":{\"@id\":\"https:\\\/\\\/lararkarriar.se\\\/grundskola\\\/#\\\/schema\\\/person\\\/c8a43eb855191e573b73ecf8987a3b99\"},\"breadcrumb\":{\"@id\":\"https:\\\/\\\/lararkarriar.se\\\/grundskola\\\/2017\\\/02\\\/15\\\/lararnas-beslut-for-grundskolan-hogre-lon-och-farre-elever-per-klass\\\/#breadcrumb\"},\"inLanguage\":\"sv-SE\",\"potentialAction\":[{\"@type\":\"ReadAction\",\"target\":[\"https:\\\/\\\/lararkarriar.se\\\/grundskola\\\/2017\\\/02\\\/15\\\/lararnas-beslut-for-grundskolan-hogre-lon-och-farre-elever-per-klass\\\/\"]}]},{\"@type\":\"ImageObject\",\"inLanguage\":\"sv-SE\",\"@id\":\"https:\\\/\\\/lararkarriar.se\\\/grundskola\\\/2017\\\/02\\\/15\\\/lararnas-beslut-for-grundskolan-hogre-lon-och-farre-elever-per-klass\\\/#primaryimage\",\"url\":\"https:\\\/\\\/lararkarriar.se\\\/grundskola\\\/wp-content\\\/uploads\\\/sites\\\/12\\\/2017\\\/02\\\/ansvariga-screen.png\",\"contentUrl\":\"https:\\\/\\\/lararkarriar.se\\\/grundskola\\\/wp-content\\\/uploads\\\/sites\\\/12\\\/2017\\\/02\\\/ansvariga-screen.png\",\"width\":1000,\"height\":311},{\"@type\":\"BreadcrumbList\",\"@id\":\"https:\\\/\\\/lararkarriar.se\\\/grundskola\\\/2017\\\/02\\\/15\\\/lararnas-beslut-for-grundskolan-hogre-lon-och-farre-elever-per-klass\\\/#breadcrumb\",\"itemListElement\":[{\"@type\":\"ListItem\",\"position\":1,\"name\":\"Home\",\"item\":\"https:\\\/\\\/lararkarriar.se\\\/grundskola\\\/\"},{\"@type\":\"ListItem\",\"position\":2,\"name\":\"L\u00e4rarnas beslut f\u00f6r grundskolan: H\u00f6gre l\u00f6n och f\u00e4rre elever per klass\"}]},{\"@type\":\"WebSite\",\"@id\":\"https:\\\/\\\/lararkarriar.se\\\/grundskola\\\/#website\",\"url\":\"https:\\\/\\\/lararkarriar.se\\\/grundskola\\\/\",\"name\":\"Framtidens Karri\u00e4r \u2013 Grundskolel\u00e4rare\",\"description\":\"Just another NMDashboard.se Sites site\",\"potentialAction\":[{\"@type\":\"SearchAction\",\"target\":{\"@type\":\"EntryPoint\",\"urlTemplate\":\"https:\\\/\\\/lararkarriar.se\\\/grundskola\\\/?s={search_term_string}\"},\"query-input\":{\"@type\":\"PropertyValueSpecification\",\"valueRequired\":true,\"valueName\":\"search_term_string\"}}],\"inLanguage\":\"sv-SE\"},{\"@type\":\"Person\",\"@id\":\"https:\\\/\\\/lararkarriar.se\\\/grundskola\\\/#\\\/schema\\\/person\\\/c8a43eb855191e573b73ecf8987a3b99\",\"name\":\"stellanstal\",\"image\":{\"@type\":\"ImageObject\",\"inLanguage\":\"sv-SE\",\"@id\":\"https:\\\/\\\/secure.gravatar.com\\\/avatar\\\/cd330fa6bb17f598124b2068ee0b189e4fe0987a50af9d53b78410836060d0c9?s=96&d=mm&r=g\",\"url\":\"https:\\\/\\\/secure.gravatar.com\\\/avatar\\\/cd330fa6bb17f598124b2068ee0b189e4fe0987a50af9d53b78410836060d0c9?s=96&d=mm&r=g\",\"contentUrl\":\"https:\\\/\\\/secure.gravatar.com\\\/avatar\\\/cd330fa6bb17f598124b2068ee0b189e4fe0987a50af9d53b78410836060d0c9?s=96&d=mm&r=g\",\"caption\":\"stellanstal\"},\"url\":\"https:\\\/\\\/lararkarriar.se\\\/grundskola\\\/author\\\/stellanstal\\\/\"}]}<\/script>\n<!-- \/ Yoast SEO plugin. -->","yoast_head_json":{"title":"L\u00e4rarnas beslut f\u00f6r grundskolan: H\u00f6gre l\u00f6n och f\u00e4rre elever per klass - Framtidens Karri\u00e4r \u2013 Grundskolel\u00e4rare","robots":{"index":"index","follow":"follow","max-snippet":"max-snippet:-1","max-image-preview":"max-image-preview:large","max-video-preview":"max-video-preview:-1"},"canonical":"https:\/\/lararkarriar.se\/grundskola\/2017\/02\/15\/lararnas-beslut-for-grundskolan-hogre-lon-och-farre-elever-per-klass\/","og_locale":"sv_SE","og_type":"article","og_title":"L\u00e4rarnas beslut f\u00f6r grundskolan: H\u00f6gre l\u00f6n och f\u00e4rre elever per klass - Framtidens Karri\u00e4r \u2013 Grundskolel\u00e4rare","og_description":"\u201cOm du skulle vara ansvarig f\u00f6r grundskolan i din kommun, vilka beslut skulle du fatta...","og_url":"https:\/\/lararkarriar.se\/grundskola\/2017\/02\/15\/lararnas-beslut-for-grundskolan-hogre-lon-och-farre-elever-per-klass\/","og_site_name":"Framtidens Karri\u00e4r \u2013 Grundskolel\u00e4rare","article_published_time":"2017-02-15T08:10:37+00:00","og_image":[{"width":1000,"height":311,"url":"https:\/\/lararkarriar.se\/grundskola\/wp-content\/uploads\/sites\/12\/2017\/02\/ansvariga-screen.png","type":"image\/png"}],"author":"stellanstal","twitter_card":"summary_large_image","twitter_misc":{"Skriven av":"stellanstal","Ber\u00e4knad l\u00e4stid":"2 minuter"},"schema":{"@context":"https:\/\/schema.org","@graph":[{"@type":"Article","@id":"https:\/\/lararkarriar.se\/grundskola\/2017\/02\/15\/lararnas-beslut-for-grundskolan-hogre-lon-och-farre-elever-per-klass\/#article","isPartOf":{"@id":"https:\/\/lararkarriar.se\/grundskola\/2017\/02\/15\/lararnas-beslut-for-grundskolan-hogre-lon-och-farre-elever-per-klass\/"},"author":{"name":"stellanstal","@id":"https:\/\/lararkarriar.se\/grundskola\/#\/schema\/person\/c8a43eb855191e573b73ecf8987a3b99"},"headline":"L\u00e4rarnas beslut f\u00f6r grundskolan: H\u00f6gre l\u00f6n och f\u00e4rre elever per klass","datePublished":"2017-02-15T08:10:37+00:00","mainEntityOfPage":{"@id":"https:\/\/lararkarriar.se\/grundskola\/2017\/02\/15\/lararnas-beslut-for-grundskolan-hogre-lon-och-farre-elever-per-klass\/"},"wordCount":442,"image":{"@id":"https:\/\/lararkarriar.se\/grundskola\/2017\/02\/15\/lararnas-beslut-for-grundskolan-hogre-lon-och-farre-elever-per-klass\/#primaryimage"},"thumbnailUrl":"https:\/\/lararkarriar.se\/grundskola\/wp-content\/uploads\/sites\/12\/2017\/02\/ansvariga-screen.png","articleSection":["Artikel"],"inLanguage":"sv-SE"},{"@type":"WebPage","@id":"https:\/\/lararkarriar.se\/grundskola\/2017\/02\/15\/lararnas-beslut-for-grundskolan-hogre-lon-och-farre-elever-per-klass\/","url":"https:\/\/lararkarriar.se\/grundskola\/2017\/02\/15\/lararnas-beslut-for-grundskolan-hogre-lon-och-farre-elever-per-klass\/","name":"L\u00e4rarnas beslut f\u00f6r grundskolan: H\u00f6gre l\u00f6n och f\u00e4rre elever per klass - Framtidens Karri\u00e4r \u2013 Grundskolel\u00e4rare","isPartOf":{"@id":"https:\/\/lararkarriar.se\/grundskola\/#website"},"primaryImageOfPage":{"@id":"https:\/\/lararkarriar.se\/grundskola\/2017\/02\/15\/lararnas-beslut-for-grundskolan-hogre-lon-och-farre-elever-per-klass\/#primaryimage"},"image":{"@id":"https:\/\/lararkarriar.se\/grundskola\/2017\/02\/15\/lararnas-beslut-for-grundskolan-hogre-lon-och-farre-elever-per-klass\/#primaryimage"},"thumbnailUrl":"https:\/\/lararkarriar.se\/grundskola\/wp-content\/uploads\/sites\/12\/2017\/02\/ansvariga-screen.png","datePublished":"2017-02-15T08:10:37+00:00","author":{"@id":"https:\/\/lararkarriar.se\/grundskola\/#\/schema\/person\/c8a43eb855191e573b73ecf8987a3b99"},"breadcrumb":{"@id":"https:\/\/lararkarriar.se\/grundskola\/2017\/02\/15\/lararnas-beslut-for-grundskolan-hogre-lon-och-farre-elever-per-klass\/#breadcrumb"},"inLanguage":"sv-SE","potentialAction":[{"@type":"ReadAction","target":["https:\/\/lararkarriar.se\/grundskola\/2017\/02\/15\/lararnas-beslut-for-grundskolan-hogre-lon-och-farre-elever-per-klass\/"]}]},{"@type":"ImageObject","inLanguage":"sv-SE","@id":"https:\/\/lararkarriar.se\/grundskola\/2017\/02\/15\/lararnas-beslut-for-grundskolan-hogre-lon-och-farre-elever-per-klass\/#primaryimage","url":"https:\/\/lararkarriar.se\/grundskola\/wp-content\/uploads\/sites\/12\/2017\/02\/ansvariga-screen.png","contentUrl":"https:\/\/lararkarriar.se\/grundskola\/wp-content\/uploads\/sites\/12\/2017\/02\/ansvariga-screen.png","width":1000,"height":311},{"@type":"BreadcrumbList","@id":"https:\/\/lararkarriar.se\/grundskola\/2017\/02\/15\/lararnas-beslut-for-grundskolan-hogre-lon-och-farre-elever-per-klass\/#breadcrumb","itemListElement":[{"@type":"ListItem","position":1,"name":"Home","item":"https:\/\/lararkarriar.se\/grundskola\/"},{"@type":"ListItem","position":2,"name":"L\u00e4rarnas beslut f\u00f6r grundskolan: H\u00f6gre l\u00f6n och f\u00e4rre elever per klass"}]},{"@type":"WebSite","@id":"https:\/\/lararkarriar.se\/grundskola\/#website","url":"https:\/\/lararkarriar.se\/grundskola\/","name":"Framtidens Karri\u00e4r \u2013 Grundskolel\u00e4rare","description":"Just another NMDashboard.se Sites site","potentialAction":[{"@type":"SearchAction","target":{"@type":"EntryPoint","urlTemplate":"https:\/\/lararkarriar.se\/grundskola\/?s={search_term_string}"},"query-input":{"@type":"PropertyValueSpecification","valueRequired":true,"valueName":"search_term_string"}}],"inLanguage":"sv-SE"},{"@type":"Person","@id":"https:\/\/lararkarriar.se\/grundskola\/#\/schema\/person\/c8a43eb855191e573b73ecf8987a3b99","name":"stellanstal","image":{"@type":"ImageObject","inLanguage":"sv-SE","@id":"https:\/\/secure.gravatar.com\/avatar\/cd330fa6bb17f598124b2068ee0b189e4fe0987a50af9d53b78410836060d0c9?s=96&d=mm&r=g","url":"https:\/\/secure.gravatar.com\/avatar\/cd330fa6bb17f598124b2068ee0b189e4fe0987a50af9d53b78410836060d0c9?s=96&d=mm&r=g","contentUrl":"https:\/\/secure.gravatar.com\/avatar\/cd330fa6bb17f598124b2068ee0b189e4fe0987a50af9d53b78410836060d0c9?s=96&d=mm&r=g","caption":"stellanstal"},"url":"https:\/\/lararkarriar.se\/grundskola\/author\/stellanstal\/"}]}},"_links":{"self":[{"href":"https:\/\/lararkarriar.se\/grundskola\/wp-json\/wp\/v2\/posts\/5834","targetHints":{"allow":["GET"]}}],"collection":[{"href":"https:\/\/lararkarriar.se\/grundskola\/wp-json\/wp\/v2\/posts"}],"about":[{"href":"https:\/\/lararkarriar.se\/grundskola\/wp-json\/wp\/v2\/types\/post"}],"author":[{"embeddable":true,"href":"https:\/\/lararkarriar.se\/grundskola\/wp-json\/wp\/v2\/users\/3"}],"replies":[{"embeddable":true,"href":"https:\/\/lararkarriar.se\/grundskola\/wp-json\/wp\/v2\/comments?post=5834"}],"version-history":[{"count":0,"href":"https:\/\/lararkarriar.se\/grundskola\/wp-json\/wp\/v2\/posts\/5834\/revisions"}],"wp:featuredmedia":[{"embeddable":true,"href":"https:\/\/lararkarriar.se\/grundskola\/wp-json\/wp\/v2\/media\/5839"}],"wp:attachment":[{"href":"https:\/\/lararkarriar.se\/grundskola\/wp-json\/wp\/v2\/media?parent=5834"}],"wp:term":[{"taxonomy":"category","embeddable":true,"href":"https:\/\/lararkarriar.se\/grundskola\/wp-json\/wp\/v2\/categories?post=5834"},{"taxonomy":"post_tag","embeddable":true,"href":"https:\/\/lararkarriar.se\/grundskola\/wp-json\/wp\/v2\/tags?post=5834"}],"curies":[{"name":"wp","href":"https:\/\/api.w.org\/{rel}","templated":true}]}}