{"id":5862,"date":"2017-02-15T11:06:56","date_gmt":"2017-02-15T09:06:56","guid":{"rendered":"http:\/\/lararkarriar.se\/grundskola\/?p=5862"},"modified":"2017-02-15T11:06:56","modified_gmt":"2017-02-15T09:06:56","slug":"en-nara-relation-till-lararen-starker-elevers-motivation","status":"publish","type":"post","link":"https:\/\/lararkarriar.se\/grundskola\/2017\/02\/15\/en-nara-relation-till-lararen-starker-elevers-motivation\/","title":{"rendered":"En n\u00e4ra relation till l\u00e4raren st\u00e4rker elevers motivation"},"content":{"rendered":"<p><figure id=\"attachment_5863\" aria-describedby=\"caption-attachment-5863\" style=\"width: 150px\" class=\"wp-caption alignright\"><img loading=\"lazy\" decoding=\"async\" src=\"http:\/\/lararkarriar.se\/grundskola\/wp-content\/uploads\/2017\/02\/motivera_jan-blomgren_foto-torsten-arpi-250x333.jpg\" alt=\"Jan Blomgren som har skrivit avhandlingen \u201dDen sv\u00e5rf\u00e5ngade motivationen: elever i en digitaliserad l\u00e4rmilj\u00f6\u201d.\" width=\"150\" height=\"199\" class=\"size-medium wp-image-5863\" \/><figcaption id=\"caption-attachment-5863\" class=\"wp-caption-text\">Jan Blomgren, fil. dr. och utvecklingsledare p\u00e5 Didaktikcentrum.<\/figcaption><\/figure><strong>En avhandling vid G\u00f6teborgs universitet visar att en n\u00e4ra relation till l\u00e4raren och varierade, meningsfulla uppgifter motiverar elever i skolarbetet. L\u00e4rare som tar sig tid att prata med eleverna kring fr\u00e5gor som inte \u00e4r direkt \u00e4mnesrelaterade och visar ett genuint intresse f\u00f6r att ta del av elevernas synpunkter lyckas ofta f\u00f6rdjupa relationen med sina elever.<\/strong><\/p>\n<p>I sin avhandling \u201dDen sv\u00e5rf\u00e5ngade motivationen: elever i en digitaliserad l\u00e4rmilj\u00f6\u201d har Jan Blomgren, fil. dr. och utvecklingsledare p\u00e5 Didaktikcentrum, l\u00e5tit 200 niondeklassare beskriva vad som h\u00e4mmar och motiverar dem i skolarbetet.<br \/>\n\u2013 Avhandlingen visar att m\u00e5nga elever vill ha m\u00f6jlighet att ha en personlig dialog med l\u00e4raren. L\u00e4rarnas spr\u00e5k och kroppsspr\u00e5k p\u00e5verkar ocks\u00e5 motivationen. En t\u00e4t, n\u00e4ra och effektiv relation mellan l\u00e4rare och elever \u00e4r motivationsh\u00f6jande. Eleverna f\u00f6rv\u00e4ntar sig att l\u00e4raren ger dem \u00e5terkoppling som hj\u00e4lper dem att sj\u00e4lva komma vidare i sin utveckling, s\u00e4ger Jan Blomgren, som arbetat i m\u00e5nga \u00e5r som l\u00e4rare innan han b\u00f6rjade forska.<br \/>\nHan var delvis f\u00f6rv\u00e5nad \u00f6ver hur viktig relationen med l\u00e4rare \u00e4r f\u00f6r elevernas motivation och anser att skoldebatten p\u00e5 senare \u00e5r i m\u00e5ngt och mycket varit tekniskt fokuserad. Avhandlingen bidrar till att s\u00e4tta fokus p\u00e5 mjuka faktorer som i h\u00f6g grad p\u00e5verkar elevers motivation.<br \/>\n\u2013 M\u00e5nga l\u00e4rare skulle f\u00f6rmodligen ha stor nytta av att f\u00e5 kontinuerlig feedback fr\u00e5n sina elever, inte minst i arbetet med att planera undervisningen, s\u00e4ger Jan Blomgren.<\/p>\n","protected":false},"excerpt":{"rendered":"<p>En avhandling vid G\u00f6teborgs universitet visar att en n\u00e4ra relation till l\u00e4raren och varierade, meningsfulla&#8230;<\/p>\n","protected":false},"author":3,"featured_media":5863,"comment_status":"closed","ping_status":"open","sticky":false,"template":"","format":"standard","meta":{"_acf_changed":false,"_monsterinsights_skip_tracking":false,"_monsterinsights_sitenote_active":false,"_monsterinsights_sitenote_note":"","_monsterinsights_sitenote_category":0,"footnotes":""},"categories":[1],"tags":[],"class_list":["post-5862","post","type-post","status-publish","format-standard","has-post-thumbnail","hentry","category-artikel"],"acf":[],"yoast_head":"<!-- This site is optimized with the Yoast SEO plugin v27.3 - https:\/\/yoast.com\/product\/yoast-seo-wordpress\/ -->\n<title>En n\u00e4ra relation till l\u00e4raren st\u00e4rker elevers motivation - Framtidens Karri\u00e4r \u2013 Grundskolel\u00e4rare<\/title>\n<meta name=\"robots\" content=\"index, follow, max-snippet:-1, max-image-preview:large, max-video-preview:-1\" \/>\n<link rel=\"canonical\" href=\"https:\/\/lararkarriar.se\/grundskola\/2017\/02\/15\/en-nara-relation-till-lararen-starker-elevers-motivation\/\" \/>\n<meta property=\"og:locale\" content=\"sv_SE\" \/>\n<meta property=\"og:type\" content=\"article\" \/>\n<meta property=\"og:title\" content=\"En n\u00e4ra relation till l\u00e4raren st\u00e4rker elevers motivation - Framtidens Karri\u00e4r \u2013 Grundskolel\u00e4rare\" \/>\n<meta property=\"og:description\" content=\"En avhandling vid G\u00f6teborgs universitet visar att en n\u00e4ra relation till l\u00e4raren och varierade, meningsfulla...\" \/>\n<meta property=\"og:url\" content=\"https:\/\/lararkarriar.se\/grundskola\/2017\/02\/15\/en-nara-relation-till-lararen-starker-elevers-motivation\/\" \/>\n<meta property=\"og:site_name\" content=\"Framtidens Karri\u00e4r \u2013 Grundskolel\u00e4rare\" \/>\n<meta property=\"article:published_time\" content=\"2017-02-15T09:06:56+00:00\" \/>\n<meta property=\"og:image\" content=\"https:\/\/lararkarriar.se\/grundskola\/wp-content\/uploads\/sites\/12\/2017\/02\/motivera-jan-blomgren-foto-torsten-arpi.jpg\" \/>\n\t<meta property=\"og:image:width\" content=\"500\" \/>\n\t<meta property=\"og:image:height\" content=\"665\" \/>\n\t<meta property=\"og:image:type\" content=\"image\/jpeg\" \/>\n<meta name=\"author\" content=\"stellanstal\" \/>\n<meta name=\"twitter:card\" content=\"summary_large_image\" \/>\n<meta name=\"twitter:label1\" content=\"Skriven av\" \/>\n\t<meta name=\"twitter:data1\" content=\"stellanstal\" \/>\n\t<meta name=\"twitter:label2\" content=\"Ber\u00e4knad l\u00e4stid\" \/>\n\t<meta name=\"twitter:data2\" content=\"1 minut\" \/>\n<script type=\"application\/ld+json\" class=\"yoast-schema-graph\">{\"@context\":\"https:\\\/\\\/schema.org\",\"@graph\":[{\"@type\":\"Article\",\"@id\":\"https:\\\/\\\/lararkarriar.se\\\/grundskola\\\/2017\\\/02\\\/15\\\/en-nara-relation-till-lararen-starker-elevers-motivation\\\/#article\",\"isPartOf\":{\"@id\":\"https:\\\/\\\/lararkarriar.se\\\/grundskola\\\/2017\\\/02\\\/15\\\/en-nara-relation-till-lararen-starker-elevers-motivation\\\/\"},\"author\":{\"name\":\"stellanstal\",\"@id\":\"https:\\\/\\\/lararkarriar.se\\\/grundskola\\\/#\\\/schema\\\/person\\\/c8a43eb855191e573b73ecf8987a3b99\"},\"headline\":\"En n\u00e4ra relation till l\u00e4raren st\u00e4rker elevers motivation\",\"datePublished\":\"2017-02-15T09:06:56+00:00\",\"mainEntityOfPage\":{\"@id\":\"https:\\\/\\\/lararkarriar.se\\\/grundskola\\\/2017\\\/02\\\/15\\\/en-nara-relation-till-lararen-starker-elevers-motivation\\\/\"},\"wordCount\":293,\"image\":{\"@id\":\"https:\\\/\\\/lararkarriar.se\\\/grundskola\\\/2017\\\/02\\\/15\\\/en-nara-relation-till-lararen-starker-elevers-motivation\\\/#primaryimage\"},\"thumbnailUrl\":\"https:\\\/\\\/lararkarriar.se\\\/grundskola\\\/wp-content\\\/uploads\\\/sites\\\/12\\\/2017\\\/02\\\/motivera-jan-blomgren-foto-torsten-arpi.jpg\",\"articleSection\":[\"Artikel\"],\"inLanguage\":\"sv-SE\"},{\"@type\":\"WebPage\",\"@id\":\"https:\\\/\\\/lararkarriar.se\\\/grundskola\\\/2017\\\/02\\\/15\\\/en-nara-relation-till-lararen-starker-elevers-motivation\\\/\",\"url\":\"https:\\\/\\\/lararkarriar.se\\\/grundskola\\\/2017\\\/02\\\/15\\\/en-nara-relation-till-lararen-starker-elevers-motivation\\\/\",\"name\":\"En n\u00e4ra relation till l\u00e4raren st\u00e4rker elevers motivation - Framtidens Karri\u00e4r \u2013 Grundskolel\u00e4rare\",\"isPartOf\":{\"@id\":\"https:\\\/\\\/lararkarriar.se\\\/grundskola\\\/#website\"},\"primaryImageOfPage\":{\"@id\":\"https:\\\/\\\/lararkarriar.se\\\/grundskola\\\/2017\\\/02\\\/15\\\/en-nara-relation-till-lararen-starker-elevers-motivation\\\/#primaryimage\"},\"image\":{\"@id\":\"https:\\\/\\\/lararkarriar.se\\\/grundskola\\\/2017\\\/02\\\/15\\\/en-nara-relation-till-lararen-starker-elevers-motivation\\\/#primaryimage\"},\"thumbnailUrl\":\"https:\\\/\\\/lararkarriar.se\\\/grundskola\\\/wp-content\\\/uploads\\\/sites\\\/12\\\/2017\\\/02\\\/motivera-jan-blomgren-foto-torsten-arpi.jpg\",\"datePublished\":\"2017-02-15T09:06:56+00:00\",\"author\":{\"@id\":\"https:\\\/\\\/lararkarriar.se\\\/grundskola\\\/#\\\/schema\\\/person\\\/c8a43eb855191e573b73ecf8987a3b99\"},\"breadcrumb\":{\"@id\":\"https:\\\/\\\/lararkarriar.se\\\/grundskola\\\/2017\\\/02\\\/15\\\/en-nara-relation-till-lararen-starker-elevers-motivation\\\/#breadcrumb\"},\"inLanguage\":\"sv-SE\",\"potentialAction\":[{\"@type\":\"ReadAction\",\"target\":[\"https:\\\/\\\/lararkarriar.se\\\/grundskola\\\/2017\\\/02\\\/15\\\/en-nara-relation-till-lararen-starker-elevers-motivation\\\/\"]}]},{\"@type\":\"ImageObject\",\"inLanguage\":\"sv-SE\",\"@id\":\"https:\\\/\\\/lararkarriar.se\\\/grundskola\\\/2017\\\/02\\\/15\\\/en-nara-relation-till-lararen-starker-elevers-motivation\\\/#primaryimage\",\"url\":\"https:\\\/\\\/lararkarriar.se\\\/grundskola\\\/wp-content\\\/uploads\\\/sites\\\/12\\\/2017\\\/02\\\/motivera-jan-blomgren-foto-torsten-arpi.jpg\",\"contentUrl\":\"https:\\\/\\\/lararkarriar.se\\\/grundskola\\\/wp-content\\\/uploads\\\/sites\\\/12\\\/2017\\\/02\\\/motivera-jan-blomgren-foto-torsten-arpi.jpg\",\"width\":500,\"height\":665,\"caption\":\"Jan Blomgren.\"},{\"@type\":\"BreadcrumbList\",\"@id\":\"https:\\\/\\\/lararkarriar.se\\\/grundskola\\\/2017\\\/02\\\/15\\\/en-nara-relation-till-lararen-starker-elevers-motivation\\\/#breadcrumb\",\"itemListElement\":[{\"@type\":\"ListItem\",\"position\":1,\"name\":\"Home\",\"item\":\"https:\\\/\\\/lararkarriar.se\\\/grundskola\\\/\"},{\"@type\":\"ListItem\",\"position\":2,\"name\":\"En n\u00e4ra relation till l\u00e4raren st\u00e4rker elevers motivation\"}]},{\"@type\":\"WebSite\",\"@id\":\"https:\\\/\\\/lararkarriar.se\\\/grundskola\\\/#website\",\"url\":\"https:\\\/\\\/lararkarriar.se\\\/grundskola\\\/\",\"name\":\"Framtidens Karri\u00e4r \u2013 Grundskolel\u00e4rare\",\"description\":\"Just another NMDashboard.se Sites site\",\"potentialAction\":[{\"@type\":\"SearchAction\",\"target\":{\"@type\":\"EntryPoint\",\"urlTemplate\":\"https:\\\/\\\/lararkarriar.se\\\/grundskola\\\/?s={search_term_string}\"},\"query-input\":{\"@type\":\"PropertyValueSpecification\",\"valueRequired\":true,\"valueName\":\"search_term_string\"}}],\"inLanguage\":\"sv-SE\"},{\"@type\":\"Person\",\"@id\":\"https:\\\/\\\/lararkarriar.se\\\/grundskola\\\/#\\\/schema\\\/person\\\/c8a43eb855191e573b73ecf8987a3b99\",\"name\":\"stellanstal\",\"image\":{\"@type\":\"ImageObject\",\"inLanguage\":\"sv-SE\",\"@id\":\"https:\\\/\\\/secure.gravatar.com\\\/avatar\\\/cd330fa6bb17f598124b2068ee0b189e4fe0987a50af9d53b78410836060d0c9?s=96&d=mm&r=g\",\"url\":\"https:\\\/\\\/secure.gravatar.com\\\/avatar\\\/cd330fa6bb17f598124b2068ee0b189e4fe0987a50af9d53b78410836060d0c9?s=96&d=mm&r=g\",\"contentUrl\":\"https:\\\/\\\/secure.gravatar.com\\\/avatar\\\/cd330fa6bb17f598124b2068ee0b189e4fe0987a50af9d53b78410836060d0c9?s=96&d=mm&r=g\",\"caption\":\"stellanstal\"},\"url\":\"https:\\\/\\\/lararkarriar.se\\\/grundskola\\\/author\\\/stellanstal\\\/\"}]}<\/script>\n<!-- \/ Yoast SEO plugin. -->","yoast_head_json":{"title":"En n\u00e4ra relation till l\u00e4raren st\u00e4rker elevers motivation - Framtidens Karri\u00e4r \u2013 Grundskolel\u00e4rare","robots":{"index":"index","follow":"follow","max-snippet":"max-snippet:-1","max-image-preview":"max-image-preview:large","max-video-preview":"max-video-preview:-1"},"canonical":"https:\/\/lararkarriar.se\/grundskola\/2017\/02\/15\/en-nara-relation-till-lararen-starker-elevers-motivation\/","og_locale":"sv_SE","og_type":"article","og_title":"En n\u00e4ra relation till l\u00e4raren st\u00e4rker elevers motivation - Framtidens Karri\u00e4r \u2013 Grundskolel\u00e4rare","og_description":"En avhandling vid G\u00f6teborgs universitet visar att en n\u00e4ra relation till l\u00e4raren och varierade, meningsfulla...","og_url":"https:\/\/lararkarriar.se\/grundskola\/2017\/02\/15\/en-nara-relation-till-lararen-starker-elevers-motivation\/","og_site_name":"Framtidens Karri\u00e4r \u2013 Grundskolel\u00e4rare","article_published_time":"2017-02-15T09:06:56+00:00","og_image":[{"width":500,"height":665,"url":"https:\/\/lararkarriar.se\/grundskola\/wp-content\/uploads\/sites\/12\/2017\/02\/motivera-jan-blomgren-foto-torsten-arpi.jpg","type":"image\/jpeg"}],"author":"stellanstal","twitter_card":"summary_large_image","twitter_misc":{"Skriven av":"stellanstal","Ber\u00e4knad l\u00e4stid":"1 minut"},"schema":{"@context":"https:\/\/schema.org","@graph":[{"@type":"Article","@id":"https:\/\/lararkarriar.se\/grundskola\/2017\/02\/15\/en-nara-relation-till-lararen-starker-elevers-motivation\/#article","isPartOf":{"@id":"https:\/\/lararkarriar.se\/grundskola\/2017\/02\/15\/en-nara-relation-till-lararen-starker-elevers-motivation\/"},"author":{"name":"stellanstal","@id":"https:\/\/lararkarriar.se\/grundskola\/#\/schema\/person\/c8a43eb855191e573b73ecf8987a3b99"},"headline":"En n\u00e4ra relation till l\u00e4raren st\u00e4rker elevers motivation","datePublished":"2017-02-15T09:06:56+00:00","mainEntityOfPage":{"@id":"https:\/\/lararkarriar.se\/grundskola\/2017\/02\/15\/en-nara-relation-till-lararen-starker-elevers-motivation\/"},"wordCount":293,"image":{"@id":"https:\/\/lararkarriar.se\/grundskola\/2017\/02\/15\/en-nara-relation-till-lararen-starker-elevers-motivation\/#primaryimage"},"thumbnailUrl":"https:\/\/lararkarriar.se\/grundskola\/wp-content\/uploads\/sites\/12\/2017\/02\/motivera-jan-blomgren-foto-torsten-arpi.jpg","articleSection":["Artikel"],"inLanguage":"sv-SE"},{"@type":"WebPage","@id":"https:\/\/lararkarriar.se\/grundskola\/2017\/02\/15\/en-nara-relation-till-lararen-starker-elevers-motivation\/","url":"https:\/\/lararkarriar.se\/grundskola\/2017\/02\/15\/en-nara-relation-till-lararen-starker-elevers-motivation\/","name":"En n\u00e4ra relation till l\u00e4raren st\u00e4rker elevers motivation - Framtidens Karri\u00e4r \u2013 Grundskolel\u00e4rare","isPartOf":{"@id":"https:\/\/lararkarriar.se\/grundskola\/#website"},"primaryImageOfPage":{"@id":"https:\/\/lararkarriar.se\/grundskola\/2017\/02\/15\/en-nara-relation-till-lararen-starker-elevers-motivation\/#primaryimage"},"image":{"@id":"https:\/\/lararkarriar.se\/grundskola\/2017\/02\/15\/en-nara-relation-till-lararen-starker-elevers-motivation\/#primaryimage"},"thumbnailUrl":"https:\/\/lararkarriar.se\/grundskola\/wp-content\/uploads\/sites\/12\/2017\/02\/motivera-jan-blomgren-foto-torsten-arpi.jpg","datePublished":"2017-02-15T09:06:56+00:00","author":{"@id":"https:\/\/lararkarriar.se\/grundskola\/#\/schema\/person\/c8a43eb855191e573b73ecf8987a3b99"},"breadcrumb":{"@id":"https:\/\/lararkarriar.se\/grundskola\/2017\/02\/15\/en-nara-relation-till-lararen-starker-elevers-motivation\/#breadcrumb"},"inLanguage":"sv-SE","potentialAction":[{"@type":"ReadAction","target":["https:\/\/lararkarriar.se\/grundskola\/2017\/02\/15\/en-nara-relation-till-lararen-starker-elevers-motivation\/"]}]},{"@type":"ImageObject","inLanguage":"sv-SE","@id":"https:\/\/lararkarriar.se\/grundskola\/2017\/02\/15\/en-nara-relation-till-lararen-starker-elevers-motivation\/#primaryimage","url":"https:\/\/lararkarriar.se\/grundskola\/wp-content\/uploads\/sites\/12\/2017\/02\/motivera-jan-blomgren-foto-torsten-arpi.jpg","contentUrl":"https:\/\/lararkarriar.se\/grundskola\/wp-content\/uploads\/sites\/12\/2017\/02\/motivera-jan-blomgren-foto-torsten-arpi.jpg","width":500,"height":665,"caption":"Jan Blomgren."},{"@type":"BreadcrumbList","@id":"https:\/\/lararkarriar.se\/grundskola\/2017\/02\/15\/en-nara-relation-till-lararen-starker-elevers-motivation\/#breadcrumb","itemListElement":[{"@type":"ListItem","position":1,"name":"Home","item":"https:\/\/lararkarriar.se\/grundskola\/"},{"@type":"ListItem","position":2,"name":"En n\u00e4ra relation till l\u00e4raren st\u00e4rker elevers motivation"}]},{"@type":"WebSite","@id":"https:\/\/lararkarriar.se\/grundskola\/#website","url":"https:\/\/lararkarriar.se\/grundskola\/","name":"Framtidens Karri\u00e4r \u2013 Grundskolel\u00e4rare","description":"Just another NMDashboard.se Sites site","potentialAction":[{"@type":"SearchAction","target":{"@type":"EntryPoint","urlTemplate":"https:\/\/lararkarriar.se\/grundskola\/?s={search_term_string}"},"query-input":{"@type":"PropertyValueSpecification","valueRequired":true,"valueName":"search_term_string"}}],"inLanguage":"sv-SE"},{"@type":"Person","@id":"https:\/\/lararkarriar.se\/grundskola\/#\/schema\/person\/c8a43eb855191e573b73ecf8987a3b99","name":"stellanstal","image":{"@type":"ImageObject","inLanguage":"sv-SE","@id":"https:\/\/secure.gravatar.com\/avatar\/cd330fa6bb17f598124b2068ee0b189e4fe0987a50af9d53b78410836060d0c9?s=96&d=mm&r=g","url":"https:\/\/secure.gravatar.com\/avatar\/cd330fa6bb17f598124b2068ee0b189e4fe0987a50af9d53b78410836060d0c9?s=96&d=mm&r=g","contentUrl":"https:\/\/secure.gravatar.com\/avatar\/cd330fa6bb17f598124b2068ee0b189e4fe0987a50af9d53b78410836060d0c9?s=96&d=mm&r=g","caption":"stellanstal"},"url":"https:\/\/lararkarriar.se\/grundskola\/author\/stellanstal\/"}]}},"_links":{"self":[{"href":"https:\/\/lararkarriar.se\/grundskola\/wp-json\/wp\/v2\/posts\/5862","targetHints":{"allow":["GET"]}}],"collection":[{"href":"https:\/\/lararkarriar.se\/grundskola\/wp-json\/wp\/v2\/posts"}],"about":[{"href":"https:\/\/lararkarriar.se\/grundskola\/wp-json\/wp\/v2\/types\/post"}],"author":[{"embeddable":true,"href":"https:\/\/lararkarriar.se\/grundskola\/wp-json\/wp\/v2\/users\/3"}],"replies":[{"embeddable":true,"href":"https:\/\/lararkarriar.se\/grundskola\/wp-json\/wp\/v2\/comments?post=5862"}],"version-history":[{"count":0,"href":"https:\/\/lararkarriar.se\/grundskola\/wp-json\/wp\/v2\/posts\/5862\/revisions"}],"wp:featuredmedia":[{"embeddable":true,"href":"https:\/\/lararkarriar.se\/grundskola\/wp-json\/wp\/v2\/media\/5863"}],"wp:attachment":[{"href":"https:\/\/lararkarriar.se\/grundskola\/wp-json\/wp\/v2\/media?parent=5862"}],"wp:term":[{"taxonomy":"category","embeddable":true,"href":"https:\/\/lararkarriar.se\/grundskola\/wp-json\/wp\/v2\/categories?post=5862"},{"taxonomy":"post_tag","embeddable":true,"href":"https:\/\/lararkarriar.se\/grundskola\/wp-json\/wp\/v2\/tags?post=5862"}],"curies":[{"name":"wp","href":"https:\/\/api.w.org\/{rel}","templated":true}]}}