{"id":6001,"date":"2018-02-15T09:53:47","date_gmt":"2018-02-15T07:53:47","guid":{"rendered":"http:\/\/lararkarriar.se\/grundskola\/?p=6001"},"modified":"2018-02-15T09:53:47","modified_gmt":"2018-02-15T07:53:47","slug":"hojd-puls-ska-ge-hojda-betyg-i-vimmerby","status":"publish","type":"post","link":"https:\/\/lararkarriar.se\/grundskola\/2018\/02\/15\/hojd-puls-ska-ge-hojda-betyg-i-vimmerby\/","title":{"rendered":"H\u00f6jd puls ska ge h\u00f6jda betyg i Vimmerby"},"content":{"rendered":"<p><figure id=\"attachment_6003\" aria-describedby=\"caption-attachment-6003\" style=\"width: 1000px\" class=\"wp-caption alignnone\"><img loading=\"lazy\" decoding=\"async\" src=\"https:\/\/lararkarriar.se\/grundskola\/wp-content\/uploads\/sites\/12\/2018\/02\/vimmerby-nes180206-dn-0113.jpg\" alt=\"Sofie Nystr\u00f6m, Josephine Svensson och Torbj\u00f6rn Bodman p\u00e5 Astrid Lindgrens skola. Foto: Daniel Nestor\" width=\"1000\" height=\"640\" class=\"size-full wp-image-6003\" srcset=\"https:\/\/lararkarriar.se\/grundskola\/wp-content\/uploads\/sites\/12\/2018\/02\/vimmerby-nes180206-dn-0113.jpg 1000w, https:\/\/lararkarriar.se\/grundskola\/wp-content\/uploads\/sites\/12\/2018\/02\/vimmerby-nes180206-dn-0113-300x192.jpg 300w, https:\/\/lararkarriar.se\/grundskola\/wp-content\/uploads\/sites\/12\/2018\/02\/vimmerby-nes180206-dn-0113-768x492.jpg 768w, https:\/\/lararkarriar.se\/grundskola\/wp-content\/uploads\/sites\/12\/2018\/02\/vimmerby-nes180206-dn-0113-250x160.jpg 250w, https:\/\/lararkarriar.se\/grundskola\/wp-content\/uploads\/sites\/12\/2018\/02\/vimmerby-nes180206-dn-0113-526x337.jpg 526w, https:\/\/lararkarriar.se\/grundskola\/wp-content\/uploads\/sites\/12\/2018\/02\/vimmerby-nes180206-dn-0113-720x461.jpg 720w, https:\/\/lararkarriar.se\/grundskola\/wp-content\/uploads\/sites\/12\/2018\/02\/vimmerby-nes180206-dn-0113-960x614.jpg 960w\" sizes=\"auto, (max-width: 1000px) 100vw, 1000px\" \/><figcaption id=\"caption-attachment-6003\" class=\"wp-caption-text\">Sofie Nystr\u00f6m, Josephine Svensson och Torbj\u00f6rn Bodman p\u00e5 Astrid Lindgrens skola. Foto: Daniel Nestor<\/figcaption><\/figure><strong>Sjuorna p\u00e5 Astrid Lindgrens skola i Vimmerby \u201dkickstartar\u201d hj\u00e4rnan med tv\u00e5 pulspass i veckan. D\u00e5 blir det l\u00e4ttare att l\u00e4ra sig matte, engelska och svenska. Och kanske lugnare p\u00e5 skolg\u00e5rden.<\/strong><\/p>\n<p>\u2013 Hj\u00e4rnan syres\u00e4tts b\u00e4ttre vid konditionstr\u00e4ning \u00e4n om man sitter stilla.<br \/>\nEfter ett pulspass kan eleverna h\u00e4nga med b\u00e4ttre p\u00e5 de teoretiska lektionerna, en f\u00f6rh\u00f6jd inl\u00e4rningseffekt som finns kvar mellan 1,5 och 2 timmar, s\u00e4ger Torbj\u00f6rn Bodman, idrottsl\u00e4rare p\u00e5 Astrid Lindgrens skola.<br \/>\n\u2013 F\u00f6r eleverna brukar vi f\u00f6rklara att det blir som en kickstart f\u00f6r hj\u00e4rnan p\u00e5 morgonen n\u00e4r de h\u00e5ller ig\u00e5ng fysiskt, s\u00e4ger Sofie Nystr\u00f6m, ocks\u00e5 idrottsl\u00e4rare p\u00e5 skolan.<br \/>\nPulsprojektet startade h\u00f6stterminen 2017, omfattar nu ett 100-tal elever i sjuan och ska inf\u00f6ras successivt s\u00e5 att hela h\u00f6gstadiet omfattas 2019.<br \/>\nPulspassen \u2013 som ges ut\u00f6ver veckans tv\u00e5 ordinarie idrottstimmar \u2013 \u00e4r 30 minuter l\u00e5nga, h\u00e5lls i skolans idrottshall i form av lekar, bollspel, hinderbanor eller annat som h\u00f6jer pulsen.<br \/>\nMed hj\u00e4lp av pulsm\u00e4tare och en projektor ser eleverna p\u00e5 en sk\u00e4rm hur deras puls ligger. Olika f\u00e4rger signalerar olika niv\u00e5er, till exempel gr\u00f6nt n\u00e4r man n\u00e5tt 70 procent av sin maxpuls.<br \/>\n\u2013 D\u00e5 startar en klocka, sedan ska man ligga p\u00e5 70\u201390 procent i 20 minuter. D\u00e5 \u00e4r det klart och eleverna kan g\u00e5 och duscha, s\u00e4ger Sofie Nystr\u00f6m.<br \/>\nMetoden kommer fr\u00e5n Chicago, d\u00e4r l\u00e4rare anv\u00e4nt den i 15 \u00e5r och stora amerikanska universitet har utv\u00e4rderat.<br \/>\n\u2013 D\u00e4r forskar de inte l\u00e4ngre om metoden, de vet att den fungerar, s\u00e4ger Torbj\u00f6rn Bodman.<br \/>\nHan ber\u00e4ttar att en del elever i b\u00f6rjan av v\u00e5rterminen 2018 blev f\u00f6rundrade \u00f6ver att de m\u00e5ste anstr\u00e4nga sig mer \u00e4n tidigare f\u00f6r att komma upp i h\u00f6g puls.<\/p>\n<p><strong>B\u00e4ttre kondition<\/strong><br \/>\n\u2013 Det enkla svaret \u00e4r f\u00f6rst\u00e5s att de f\u00e5tt b\u00e4ttre kondition! D\u00e5 blir de glada och forts\u00e4tter k\u00f6ra p\u00e5 &#8230;<br \/>\nGrundtanken med Pulsprojektet \u00e4r dock inte b\u00e4ttre kondition, utan att h\u00f6ja elevernas inl\u00e4rningskapacitet och d\u00e4rmed avg\u00e5ngsbetygen.<br \/>\n\u2013 V\u00e5ra elever har inte j\u00e4tted\u00e5liga resultat, men h\u00e4r finns utvecklingspotential, s\u00e4ger rektor Josephine Svensson.<br \/>\n\u2013 Eftersom det finns forskning som visar en b\u00e4ttre inl\u00e4rning efter att eleverna varit fysiskt aktiva, hoppas jag som rektor att det ska ge effekter hos oss ocks\u00e5.<br \/>\n\u2013 Dessutom tycker jag att de h\u00e4r sjuorna \u00e4r lugnare \u00e4n tidigare \u00e5rg\u00e5ngar. Kanske \u00e4r det en positiv effekt av den extra tr\u00e4ningen, s\u00e4ger Josephine Svensson.<\/p>\n<div class=\"faktaruta-title\">Vimmerby kommun<\/div><div class=\"faktaruta\">I Vimmerby kommun arbetar cirka 1&nbsp;300 medarbetare f\u00f6r att ge b\u00e4sta t\u00e4nkbara service och omsorg till v\u00e5ra cirka 15&nbsp;700 inv\u00e5nare, v\u00e5ra f\u00f6retag och alla som bes\u00f6ker oss.<br \/>\nI Astrid Lindgrens skola g\u00e5r cirka 550 elever i en vacker, genuin skolbyggnad som uppf\u00f6rdes under 1930-talet och byggdes till 1995. Skolan ligger centralt i Vimmerby stad, men med n\u00e4rhet till skog, ishall och mycket annat.<br \/>\nVi arbetar f\u00f6r att bli en av Sveriges mest framg\u00e5ngsrika skolor. <\/p>\n<p>Kungsgatan 13<br \/>\nKontaktperson: Josephine Svensson<br \/>\nTel: 0492-76 92 44<br \/>\n<strong><a href=\"http:\/\/www.vimmerby.se\/barn-utbildning\" rel=\"noopener noreferrer\" target=\"_blank\">www.vimmerby.se\/barn-utbildning<\/a><\/strong><\/br><br \/>\n<a href=\"http:\/\/www.vimmerby.se\/barn-utbildning\" rel=\"noopener noreferrer\" target=\"_blank\"><img loading=\"lazy\" decoding=\"async\" src=\"http:\/\/lararkarriar.se\/grundskola\/wp-content\/uploads\/2018\/02\/vimmerby_kommun_cmyk-530x222.png\" alt=\"\" width=\"332\" height=\"139\" class=\"alignnone size-large wp-image-6002\" \/><\/a><\/div>\n","protected":false},"excerpt":{"rendered":"<p>Sjuorna p\u00e5 Astrid Lindgrens skola i Vimmerby \u201dkickstartar\u201d hj\u00e4rnan med tv\u00e5 pulspass i veckan. D\u00e5&#8230;<\/p>\n","protected":false},"author":3,"featured_media":6003,"comment_status":"closed","ping_status":"open","sticky":false,"template":"","format":"standard","meta":{"_acf_changed":false,"_monsterinsights_skip_tracking":false,"_monsterinsights_sitenote_active":false,"_monsterinsights_sitenote_note":"","_monsterinsights_sitenote_category":0,"footnotes":""},"categories":[7],"tags":[31,169,176,297,439,440],"class_list":["post-6001","post","type-post","status-publish","format-standard","has-post-thumbnail","hentry","category-presentation","tag-astrid-lindgrens-skola","tag-kommun","tag-kondition","tag-pulsprojektet","tag-vimmerby","tag-vimmerby-kommun"],"acf":[],"yoast_head":"<!-- This site is optimized with the Yoast SEO plugin v27.3 - https:\/\/yoast.com\/product\/yoast-seo-wordpress\/ -->\n<title>H\u00f6jd puls ska ge h\u00f6jda betyg i Vimmerby - Framtidens Karri\u00e4r \u2013 Grundskolel\u00e4rare<\/title>\n<meta name=\"robots\" content=\"index, follow, max-snippet:-1, max-image-preview:large, max-video-preview:-1\" \/>\n<link rel=\"canonical\" href=\"https:\/\/lararkarriar.se\/grundskola\/2018\/02\/15\/hojd-puls-ska-ge-hojda-betyg-i-vimmerby\/\" \/>\n<meta property=\"og:locale\" content=\"sv_SE\" \/>\n<meta property=\"og:type\" content=\"article\" \/>\n<meta property=\"og:title\" content=\"H\u00f6jd puls ska ge h\u00f6jda betyg i Vimmerby - Framtidens Karri\u00e4r \u2013 Grundskolel\u00e4rare\" \/>\n<meta property=\"og:description\" content=\"Sjuorna p\u00e5 Astrid Lindgrens skola i Vimmerby \u201dkickstartar\u201d hj\u00e4rnan med tv\u00e5 pulspass i veckan. D\u00e5...\" \/>\n<meta property=\"og:url\" content=\"https:\/\/lararkarriar.se\/grundskola\/2018\/02\/15\/hojd-puls-ska-ge-hojda-betyg-i-vimmerby\/\" \/>\n<meta property=\"og:site_name\" content=\"Framtidens Karri\u00e4r \u2013 Grundskolel\u00e4rare\" \/>\n<meta property=\"article:published_time\" content=\"2018-02-15T07:53:47+00:00\" \/>\n<meta property=\"og:image\" content=\"https:\/\/lararkarriar.se\/grundskola\/wp-content\/uploads\/sites\/12\/2018\/02\/vimmerby-nes180206-dn-0113.jpg\" \/>\n\t<meta property=\"og:image:width\" content=\"1000\" \/>\n\t<meta property=\"og:image:height\" content=\"640\" \/>\n\t<meta property=\"og:image:type\" content=\"image\/jpeg\" \/>\n<meta name=\"author\" content=\"stellanstal\" \/>\n<meta name=\"twitter:card\" content=\"summary_large_image\" \/>\n<meta name=\"twitter:label1\" content=\"Skriven av\" \/>\n\t<meta name=\"twitter:data1\" content=\"stellanstal\" \/>\n\t<meta name=\"twitter:label2\" content=\"Ber\u00e4knad l\u00e4stid\" \/>\n\t<meta name=\"twitter:data2\" content=\"3 minuter\" \/>\n<script type=\"application\/ld+json\" class=\"yoast-schema-graph\">{\"@context\":\"https:\\\/\\\/schema.org\",\"@graph\":[{\"@type\":\"Article\",\"@id\":\"https:\\\/\\\/lararkarriar.se\\\/grundskola\\\/2018\\\/02\\\/15\\\/hojd-puls-ska-ge-hojda-betyg-i-vimmerby\\\/#article\",\"isPartOf\":{\"@id\":\"https:\\\/\\\/lararkarriar.se\\\/grundskola\\\/2018\\\/02\\\/15\\\/hojd-puls-ska-ge-hojda-betyg-i-vimmerby\\\/\"},\"author\":{\"name\":\"stellanstal\",\"@id\":\"https:\\\/\\\/lararkarriar.se\\\/grundskola\\\/#\\\/schema\\\/person\\\/c8a43eb855191e573b73ecf8987a3b99\"},\"headline\":\"H\u00f6jd puls ska ge h\u00f6jda betyg i Vimmerby\",\"datePublished\":\"2018-02-15T07:53:47+00:00\",\"mainEntityOfPage\":{\"@id\":\"https:\\\/\\\/lararkarriar.se\\\/grundskola\\\/2018\\\/02\\\/15\\\/hojd-puls-ska-ge-hojda-betyg-i-vimmerby\\\/\"},\"wordCount\":574,\"image\":{\"@id\":\"https:\\\/\\\/lararkarriar.se\\\/grundskola\\\/2018\\\/02\\\/15\\\/hojd-puls-ska-ge-hojda-betyg-i-vimmerby\\\/#primaryimage\"},\"thumbnailUrl\":\"https:\\\/\\\/lararkarriar.se\\\/grundskola\\\/wp-content\\\/uploads\\\/sites\\\/12\\\/2018\\\/02\\\/vimmerby-nes180206-dn-0113.jpg\",\"keywords\":[\"Astrid Lindgrens skola\",\"Kommun\",\"Kondition\",\"Pulsprojektet\",\"Vimmerby\",\"Vimmerby kommun\"],\"articleSection\":[\"Presentation\"],\"inLanguage\":\"sv-SE\"},{\"@type\":\"WebPage\",\"@id\":\"https:\\\/\\\/lararkarriar.se\\\/grundskola\\\/2018\\\/02\\\/15\\\/hojd-puls-ska-ge-hojda-betyg-i-vimmerby\\\/\",\"url\":\"https:\\\/\\\/lararkarriar.se\\\/grundskola\\\/2018\\\/02\\\/15\\\/hojd-puls-ska-ge-hojda-betyg-i-vimmerby\\\/\",\"name\":\"H\u00f6jd puls ska ge h\u00f6jda betyg i Vimmerby - Framtidens Karri\u00e4r \u2013 Grundskolel\u00e4rare\",\"isPartOf\":{\"@id\":\"https:\\\/\\\/lararkarriar.se\\\/grundskola\\\/#website\"},\"primaryImageOfPage\":{\"@id\":\"https:\\\/\\\/lararkarriar.se\\\/grundskola\\\/2018\\\/02\\\/15\\\/hojd-puls-ska-ge-hojda-betyg-i-vimmerby\\\/#primaryimage\"},\"image\":{\"@id\":\"https:\\\/\\\/lararkarriar.se\\\/grundskola\\\/2018\\\/02\\\/15\\\/hojd-puls-ska-ge-hojda-betyg-i-vimmerby\\\/#primaryimage\"},\"thumbnailUrl\":\"https:\\\/\\\/lararkarriar.se\\\/grundskola\\\/wp-content\\\/uploads\\\/sites\\\/12\\\/2018\\\/02\\\/vimmerby-nes180206-dn-0113.jpg\",\"datePublished\":\"2018-02-15T07:53:47+00:00\",\"author\":{\"@id\":\"https:\\\/\\\/lararkarriar.se\\\/grundskola\\\/#\\\/schema\\\/person\\\/c8a43eb855191e573b73ecf8987a3b99\"},\"breadcrumb\":{\"@id\":\"https:\\\/\\\/lararkarriar.se\\\/grundskola\\\/2018\\\/02\\\/15\\\/hojd-puls-ska-ge-hojda-betyg-i-vimmerby\\\/#breadcrumb\"},\"inLanguage\":\"sv-SE\",\"potentialAction\":[{\"@type\":\"ReadAction\",\"target\":[\"https:\\\/\\\/lararkarriar.se\\\/grundskola\\\/2018\\\/02\\\/15\\\/hojd-puls-ska-ge-hojda-betyg-i-vimmerby\\\/\"]}]},{\"@type\":\"ImageObject\",\"inLanguage\":\"sv-SE\",\"@id\":\"https:\\\/\\\/lararkarriar.se\\\/grundskola\\\/2018\\\/02\\\/15\\\/hojd-puls-ska-ge-hojda-betyg-i-vimmerby\\\/#primaryimage\",\"url\":\"https:\\\/\\\/lararkarriar.se\\\/grundskola\\\/wp-content\\\/uploads\\\/sites\\\/12\\\/2018\\\/02\\\/vimmerby-nes180206-dn-0113.jpg\",\"contentUrl\":\"https:\\\/\\\/lararkarriar.se\\\/grundskola\\\/wp-content\\\/uploads\\\/sites\\\/12\\\/2018\\\/02\\\/vimmerby-nes180206-dn-0113.jpg\",\"width\":1000,\"height\":640,\"caption\":\"Sofie Nystr\u00f6m, Josephine Svensson och Torbj\u00f6rn Bodman p\u00e5 Astrid Lindgrens skola. Foto: Daniel Nestor\"},{\"@type\":\"BreadcrumbList\",\"@id\":\"https:\\\/\\\/lararkarriar.se\\\/grundskola\\\/2018\\\/02\\\/15\\\/hojd-puls-ska-ge-hojda-betyg-i-vimmerby\\\/#breadcrumb\",\"itemListElement\":[{\"@type\":\"ListItem\",\"position\":1,\"name\":\"Home\",\"item\":\"https:\\\/\\\/lararkarriar.se\\\/grundskola\\\/\"},{\"@type\":\"ListItem\",\"position\":2,\"name\":\"H\u00f6jd puls ska ge h\u00f6jda betyg i Vimmerby\"}]},{\"@type\":\"WebSite\",\"@id\":\"https:\\\/\\\/lararkarriar.se\\\/grundskola\\\/#website\",\"url\":\"https:\\\/\\\/lararkarriar.se\\\/grundskola\\\/\",\"name\":\"Framtidens Karri\u00e4r \u2013 Grundskolel\u00e4rare\",\"description\":\"Just another NMDashboard.se Sites site\",\"potentialAction\":[{\"@type\":\"SearchAction\",\"target\":{\"@type\":\"EntryPoint\",\"urlTemplate\":\"https:\\\/\\\/lararkarriar.se\\\/grundskola\\\/?s={search_term_string}\"},\"query-input\":{\"@type\":\"PropertyValueSpecification\",\"valueRequired\":true,\"valueName\":\"search_term_string\"}}],\"inLanguage\":\"sv-SE\"},{\"@type\":\"Person\",\"@id\":\"https:\\\/\\\/lararkarriar.se\\\/grundskola\\\/#\\\/schema\\\/person\\\/c8a43eb855191e573b73ecf8987a3b99\",\"name\":\"stellanstal\",\"image\":{\"@type\":\"ImageObject\",\"inLanguage\":\"sv-SE\",\"@id\":\"https:\\\/\\\/secure.gravatar.com\\\/avatar\\\/cd330fa6bb17f598124b2068ee0b189e4fe0987a50af9d53b78410836060d0c9?s=96&d=mm&r=g\",\"url\":\"https:\\\/\\\/secure.gravatar.com\\\/avatar\\\/cd330fa6bb17f598124b2068ee0b189e4fe0987a50af9d53b78410836060d0c9?s=96&d=mm&r=g\",\"contentUrl\":\"https:\\\/\\\/secure.gravatar.com\\\/avatar\\\/cd330fa6bb17f598124b2068ee0b189e4fe0987a50af9d53b78410836060d0c9?s=96&d=mm&r=g\",\"caption\":\"stellanstal\"},\"url\":\"https:\\\/\\\/lararkarriar.se\\\/grundskola\\\/author\\\/stellanstal\\\/\"}]}<\/script>\n<!-- \/ Yoast SEO plugin. -->","yoast_head_json":{"title":"H\u00f6jd puls ska ge h\u00f6jda betyg i Vimmerby - Framtidens Karri\u00e4r \u2013 Grundskolel\u00e4rare","robots":{"index":"index","follow":"follow","max-snippet":"max-snippet:-1","max-image-preview":"max-image-preview:large","max-video-preview":"max-video-preview:-1"},"canonical":"https:\/\/lararkarriar.se\/grundskola\/2018\/02\/15\/hojd-puls-ska-ge-hojda-betyg-i-vimmerby\/","og_locale":"sv_SE","og_type":"article","og_title":"H\u00f6jd puls ska ge h\u00f6jda betyg i Vimmerby - Framtidens Karri\u00e4r \u2013 Grundskolel\u00e4rare","og_description":"Sjuorna p\u00e5 Astrid Lindgrens skola i Vimmerby \u201dkickstartar\u201d hj\u00e4rnan med tv\u00e5 pulspass i veckan. D\u00e5...","og_url":"https:\/\/lararkarriar.se\/grundskola\/2018\/02\/15\/hojd-puls-ska-ge-hojda-betyg-i-vimmerby\/","og_site_name":"Framtidens Karri\u00e4r \u2013 Grundskolel\u00e4rare","article_published_time":"2018-02-15T07:53:47+00:00","og_image":[{"width":1000,"height":640,"url":"https:\/\/lararkarriar.se\/grundskola\/wp-content\/uploads\/sites\/12\/2018\/02\/vimmerby-nes180206-dn-0113.jpg","type":"image\/jpeg"}],"author":"stellanstal","twitter_card":"summary_large_image","twitter_misc":{"Skriven av":"stellanstal","Ber\u00e4knad l\u00e4stid":"3 minuter"},"schema":{"@context":"https:\/\/schema.org","@graph":[{"@type":"Article","@id":"https:\/\/lararkarriar.se\/grundskola\/2018\/02\/15\/hojd-puls-ska-ge-hojda-betyg-i-vimmerby\/#article","isPartOf":{"@id":"https:\/\/lararkarriar.se\/grundskola\/2018\/02\/15\/hojd-puls-ska-ge-hojda-betyg-i-vimmerby\/"},"author":{"name":"stellanstal","@id":"https:\/\/lararkarriar.se\/grundskola\/#\/schema\/person\/c8a43eb855191e573b73ecf8987a3b99"},"headline":"H\u00f6jd puls ska ge h\u00f6jda betyg i Vimmerby","datePublished":"2018-02-15T07:53:47+00:00","mainEntityOfPage":{"@id":"https:\/\/lararkarriar.se\/grundskola\/2018\/02\/15\/hojd-puls-ska-ge-hojda-betyg-i-vimmerby\/"},"wordCount":574,"image":{"@id":"https:\/\/lararkarriar.se\/grundskola\/2018\/02\/15\/hojd-puls-ska-ge-hojda-betyg-i-vimmerby\/#primaryimage"},"thumbnailUrl":"https:\/\/lararkarriar.se\/grundskola\/wp-content\/uploads\/sites\/12\/2018\/02\/vimmerby-nes180206-dn-0113.jpg","keywords":["Astrid Lindgrens skola","Kommun","Kondition","Pulsprojektet","Vimmerby","Vimmerby kommun"],"articleSection":["Presentation"],"inLanguage":"sv-SE"},{"@type":"WebPage","@id":"https:\/\/lararkarriar.se\/grundskola\/2018\/02\/15\/hojd-puls-ska-ge-hojda-betyg-i-vimmerby\/","url":"https:\/\/lararkarriar.se\/grundskola\/2018\/02\/15\/hojd-puls-ska-ge-hojda-betyg-i-vimmerby\/","name":"H\u00f6jd puls ska ge h\u00f6jda betyg i Vimmerby - Framtidens Karri\u00e4r \u2013 Grundskolel\u00e4rare","isPartOf":{"@id":"https:\/\/lararkarriar.se\/grundskola\/#website"},"primaryImageOfPage":{"@id":"https:\/\/lararkarriar.se\/grundskola\/2018\/02\/15\/hojd-puls-ska-ge-hojda-betyg-i-vimmerby\/#primaryimage"},"image":{"@id":"https:\/\/lararkarriar.se\/grundskola\/2018\/02\/15\/hojd-puls-ska-ge-hojda-betyg-i-vimmerby\/#primaryimage"},"thumbnailUrl":"https:\/\/lararkarriar.se\/grundskola\/wp-content\/uploads\/sites\/12\/2018\/02\/vimmerby-nes180206-dn-0113.jpg","datePublished":"2018-02-15T07:53:47+00:00","author":{"@id":"https:\/\/lararkarriar.se\/grundskola\/#\/schema\/person\/c8a43eb855191e573b73ecf8987a3b99"},"breadcrumb":{"@id":"https:\/\/lararkarriar.se\/grundskola\/2018\/02\/15\/hojd-puls-ska-ge-hojda-betyg-i-vimmerby\/#breadcrumb"},"inLanguage":"sv-SE","potentialAction":[{"@type":"ReadAction","target":["https:\/\/lararkarriar.se\/grundskola\/2018\/02\/15\/hojd-puls-ska-ge-hojda-betyg-i-vimmerby\/"]}]},{"@type":"ImageObject","inLanguage":"sv-SE","@id":"https:\/\/lararkarriar.se\/grundskola\/2018\/02\/15\/hojd-puls-ska-ge-hojda-betyg-i-vimmerby\/#primaryimage","url":"https:\/\/lararkarriar.se\/grundskola\/wp-content\/uploads\/sites\/12\/2018\/02\/vimmerby-nes180206-dn-0113.jpg","contentUrl":"https:\/\/lararkarriar.se\/grundskola\/wp-content\/uploads\/sites\/12\/2018\/02\/vimmerby-nes180206-dn-0113.jpg","width":1000,"height":640,"caption":"Sofie Nystr\u00f6m, Josephine Svensson och Torbj\u00f6rn Bodman p\u00e5 Astrid Lindgrens skola. Foto: Daniel Nestor"},{"@type":"BreadcrumbList","@id":"https:\/\/lararkarriar.se\/grundskola\/2018\/02\/15\/hojd-puls-ska-ge-hojda-betyg-i-vimmerby\/#breadcrumb","itemListElement":[{"@type":"ListItem","position":1,"name":"Home","item":"https:\/\/lararkarriar.se\/grundskola\/"},{"@type":"ListItem","position":2,"name":"H\u00f6jd puls ska ge h\u00f6jda betyg i Vimmerby"}]},{"@type":"WebSite","@id":"https:\/\/lararkarriar.se\/grundskola\/#website","url":"https:\/\/lararkarriar.se\/grundskola\/","name":"Framtidens Karri\u00e4r \u2013 Grundskolel\u00e4rare","description":"Just another NMDashboard.se Sites site","potentialAction":[{"@type":"SearchAction","target":{"@type":"EntryPoint","urlTemplate":"https:\/\/lararkarriar.se\/grundskola\/?s={search_term_string}"},"query-input":{"@type":"PropertyValueSpecification","valueRequired":true,"valueName":"search_term_string"}}],"inLanguage":"sv-SE"},{"@type":"Person","@id":"https:\/\/lararkarriar.se\/grundskola\/#\/schema\/person\/c8a43eb855191e573b73ecf8987a3b99","name":"stellanstal","image":{"@type":"ImageObject","inLanguage":"sv-SE","@id":"https:\/\/secure.gravatar.com\/avatar\/cd330fa6bb17f598124b2068ee0b189e4fe0987a50af9d53b78410836060d0c9?s=96&d=mm&r=g","url":"https:\/\/secure.gravatar.com\/avatar\/cd330fa6bb17f598124b2068ee0b189e4fe0987a50af9d53b78410836060d0c9?s=96&d=mm&r=g","contentUrl":"https:\/\/secure.gravatar.com\/avatar\/cd330fa6bb17f598124b2068ee0b189e4fe0987a50af9d53b78410836060d0c9?s=96&d=mm&r=g","caption":"stellanstal"},"url":"https:\/\/lararkarriar.se\/grundskola\/author\/stellanstal\/"}]}},"_links":{"self":[{"href":"https:\/\/lararkarriar.se\/grundskola\/wp-json\/wp\/v2\/posts\/6001","targetHints":{"allow":["GET"]}}],"collection":[{"href":"https:\/\/lararkarriar.se\/grundskola\/wp-json\/wp\/v2\/posts"}],"about":[{"href":"https:\/\/lararkarriar.se\/grundskola\/wp-json\/wp\/v2\/types\/post"}],"author":[{"embeddable":true,"href":"https:\/\/lararkarriar.se\/grundskola\/wp-json\/wp\/v2\/users\/3"}],"replies":[{"embeddable":true,"href":"https:\/\/lararkarriar.se\/grundskola\/wp-json\/wp\/v2\/comments?post=6001"}],"version-history":[{"count":0,"href":"https:\/\/lararkarriar.se\/grundskola\/wp-json\/wp\/v2\/posts\/6001\/revisions"}],"wp:featuredmedia":[{"embeddable":true,"href":"https:\/\/lararkarriar.se\/grundskola\/wp-json\/wp\/v2\/media\/6003"}],"wp:attachment":[{"href":"https:\/\/lararkarriar.se\/grundskola\/wp-json\/wp\/v2\/media?parent=6001"}],"wp:term":[{"taxonomy":"category","embeddable":true,"href":"https:\/\/lararkarriar.se\/grundskola\/wp-json\/wp\/v2\/categories?post=6001"},{"taxonomy":"post_tag","embeddable":true,"href":"https:\/\/lararkarriar.se\/grundskola\/wp-json\/wp\/v2\/tags?post=6001"}],"curies":[{"name":"wp","href":"https:\/\/api.w.org\/{rel}","templated":true}]}}