{"id":6016,"date":"2018-02-15T10:21:02","date_gmt":"2018-02-15T08:21:02","guid":{"rendered":"http:\/\/lararkarriar.se\/grundskola\/?p=6016"},"modified":"2018-02-15T10:21:02","modified_gmt":"2018-02-15T08:21:02","slug":"salem-driver-eget-undervisningslyft","status":"publish","type":"post","link":"https:\/\/lararkarriar.se\/grundskola\/2018\/02\/15\/salem-driver-eget-undervisningslyft\/","title":{"rendered":"Salem driver eget undervisningslyft"},"content":{"rendered":"<p><figure id=\"attachment_6018\" aria-describedby=\"caption-attachment-6018\" style=\"width: 1000px\" class=\"wp-caption alignnone\"><img loading=\"lazy\" decoding=\"async\" src=\"https:\/\/lararkarriar.se\/grundskola\/wp-content\/uploads\/sites\/12\/2018\/02\/salem-y5a4926.jpg\" alt=\"Marsella Qvicker, Eva Lindkvist och Katarina Sweding i Salems kommun. Foto: Gonzalo Irigoyen\" width=\"1000\" height=\"647\" class=\"size-full wp-image-6018\" srcset=\"https:\/\/lararkarriar.se\/grundskola\/wp-content\/uploads\/sites\/12\/2018\/02\/salem-y5a4926.jpg 1000w, https:\/\/lararkarriar.se\/grundskola\/wp-content\/uploads\/sites\/12\/2018\/02\/salem-y5a4926-300x194.jpg 300w, https:\/\/lararkarriar.se\/grundskola\/wp-content\/uploads\/sites\/12\/2018\/02\/salem-y5a4926-768x497.jpg 768w, https:\/\/lararkarriar.se\/grundskola\/wp-content\/uploads\/sites\/12\/2018\/02\/salem-y5a4926-247x160.jpg 247w, https:\/\/lararkarriar.se\/grundskola\/wp-content\/uploads\/sites\/12\/2018\/02\/salem-y5a4926-526x340.jpg 526w, https:\/\/lararkarriar.se\/grundskola\/wp-content\/uploads\/sites\/12\/2018\/02\/salem-y5a4926-720x466.jpg 720w, https:\/\/lararkarriar.se\/grundskola\/wp-content\/uploads\/sites\/12\/2018\/02\/salem-y5a4926-960x621.jpg 960w\" sizes=\"auto, (max-width: 1000px) 100vw, 1000px\" \/><figcaption id=\"caption-attachment-6018\" class=\"wp-caption-text\">Marsella Qvicker, Eva Lindkvist och Katarina Sweding i Salems kommun. Foto: Gonzalo Irigoyen<\/figcaption><\/figure><strong>F\u00f6r att st\u00e4rka sina l\u00e4rare och h\u00f6ja kvaliteten i undervisningen har Salems kommun genomf\u00f6rt omfattande \u00e5tg\u00e4rder, bland annat att utvidga kompetensutvecklingen och att utveckla undervisningen utifr\u00e5n evidensbaserad undervisningspraktik.<\/strong><\/p>\n<p>Under h\u00f6sten 2017 inledde Salems kommun i samverkan med forskaren Ann S. Pihlgren en stor satsning f\u00f6r alla l\u00e4rare i Salems kommunala grundskolor och gymnasieskola. Baserat p\u00e5 vetenskapliga studier, klassrumsobservationer och omfattande forskning skapade kommunen undervisningslyftet i Salem, vars syfte \u00e4r att utveckla undervisningen mot en praktik som enligt forskningen ger resultat.<br \/>\n\u2013 Under tv\u00e5 \u00e5rs tid kommer l\u00e4rarna att arbeta med noggrant utformade moduler. Varannan vecka h\u00e5lls m\u00f6ten enligt modellens fyra steg, vilka inkluderar att gemensamt ta till sig nytt forskningsmaterial, f\u00f6ra en gemensam dialog kring det l\u00e4sta, prova i sin undervisning och sedan kollegialt utv\u00e4rdera resultatet. Det \u00e4r s\u00e5 vi kan s\u00e4kerst\u00e4lla l\u00e5ngsiktiga resultat och att v\u00e5ra l\u00e4rare hela tiden kan v\u00e4xa i sin profession, ber\u00e4ttar Eva Lindkvist, f\u00f6rvaltningschef vid Salems barn- och utbildningsf\u00f6rvaltning.<\/p>\n<p><strong>Kan behovsanpassa materialet<\/strong><br \/>\nKatarina Sweding, rektor p\u00e5 R\u00f6nninge gymnasium, nickar bifall och betonar att det \u00e4r centralt att kompetensutvecklingen sker praxisn\u00e4ra f\u00f6r att den ska ge \u00f6nskat resultat.<br \/>\n\u2013 Vi har m\u00f6jligheten att behovsanpassa lyftet och utg\u00e5 fr\u00e5n eget material, med avstamp i ett gemensamt spr\u00e5k.<br \/>\nVi tar ocks\u00e5 emot ett stort antal l\u00e4rarstudenter i samarbete med S\u00f6dert\u00f6rns h\u00f6gskola och kan f\u00f6ra resonemang om vad god l\u00e4rarprofession egentligen \u00e4r, hur vi kan bli b\u00e4ttre och hur vi hela tiden \u00f6kar v\u00e5r kompetens.<\/p>\n<p><strong>Alla arbetar mot samma m\u00e5l<\/strong><br \/>\nSalems kommun har h\u00f6gst antal beh\u00f6riga l\u00e4rare p\u00e5 gymnasieniv\u00e5 i Stockholms l\u00e4n och p\u00e5 f\u00f6rskoleniv\u00e5 ligger man h\u00f6gst p\u00e5 S\u00f6dert\u00f6rn. Kommunen har j\u00e4mf\u00f6relsevis l\u00e4tt att rekrytera beh\u00f6rig personal och uppvisar redan mycket goda resultat.<br \/>\n\u2013 S\u00e5v\u00e4l f\u00f6rvaltning, verksamhetsstrateger och f\u00f6rvaltningschef som ledare och l\u00e4rare arbetar mot samma m\u00e5lbild. I slut\u00e4ndan handlar det om att utveckla undervisningen l\u00e5ngsiktigt, s\u00e4kra utrymme f\u00f6r pedagogiskt ledarskap och etablera ett engagerande och sp\u00e4nnande kollegialt l\u00e4rande. Det \u00e4r s\u00e5 vi blir \u00e4nnu b\u00e4ttre, understryker f\u00f6rskolechefen Marsella Qvicker.<\/p>\n<div class=\"faktaruta-title\">Salems kommun<\/div><div class=\"faktaruta\">Salems kommun \u00e4r en modern f\u00f6rortskommun med f\u00f6rdelen av att vara en liten kommun med alla dess f\u00f6rdelar samtidigt som det finns goda kommunikationer till den n\u00e4rliggande storstaden. Barn- och utbildningsn\u00e4mnden i Salem ansvarar f\u00f6r omsorg, utbildning och uppf\u00f6ljning f\u00f6r barn och ungdomar i \u00e5ldrarna 1-20 \u00e5r. Vi arbetar systematiskt med kvaliteten och utvecklingen av verksamheterna f\u00f6r att Salems f\u00f6rskolor och skolor ska ge barn och elever goda f\u00f6ruts\u00e4ttningar f\u00f6r att f\u00f6rv\u00e4rva kunskaper och ta ansvar f\u00f6r sin framtida utveckling. <\/p>\n<p><strong>Kontakt:<\/strong><br \/>\nBarn- och utbildningsf\u00f6rvaltningen<br \/>\nTel vxl: 08-532 598 00<br \/>\n<em>E-post: <a href=\"mailto:bou@salem.se\">bou@salem.se<\/a><\/em><br \/>\n<strong><a href=\"http:\/\/www.salem.se\/barn--utbildning\" rel=\"noopener noreferrer\" target=\"_blank\">www.salem.se\/barn&#8211;utbildning<\/a><\/strong><\/br><br \/>\n<a href=\"http:\/\/www.salem.se\/barn--utbildning\" rel=\"noopener noreferrer\" target=\"_blank\"><img loading=\"lazy\" decoding=\"async\" src=\"http:\/\/lararkarriar.se\/grundskola\/wp-content\/uploads\/2018\/02\/salem_rgb_svart_2-copy-530x230.png\" alt=\"\" width=\"332\" height=\"144\" class=\"alignnone size-large wp-image-6017\" \/><\/a><\/div>\n","protected":false},"excerpt":{"rendered":"<p>F\u00f6r att st\u00e4rka sina l\u00e4rare och h\u00f6ja kvaliteten i undervisningen har Salems kommun genomf\u00f6rt omfattande&#8230;<\/p>\n","protected":false},"author":3,"featured_media":6018,"comment_status":"closed","ping_status":"open","sticky":false,"template":"","format":"standard","meta":{"_acf_changed":false,"_monsterinsights_skip_tracking":false,"_monsterinsights_sitenote_active":false,"_monsterinsights_sitenote_note":"","_monsterinsights_sitenote_category":0,"footnotes":""},"categories":[7],"tags":[95,169,174,314,315,316,415,427],"class_list":["post-6016","post","type-post","status-publish","format-standard","has-post-thumbnail","hentry","category-presentation","tag-forskning","tag-kommun","tag-kompetensutveckling","tag-ronninge-gymnasium","tag-salem","tag-salems-kommun","tag-undervisningslyft","tag-utveckling"],"acf":[],"yoast_head":"<!-- This site is optimized with the Yoast SEO plugin v27.3 - https:\/\/yoast.com\/product\/yoast-seo-wordpress\/ -->\n<title>Salem driver eget undervisningslyft - Framtidens Karri\u00e4r \u2013 Grundskolel\u00e4rare<\/title>\n<meta name=\"robots\" content=\"index, follow, max-snippet:-1, max-image-preview:large, max-video-preview:-1\" \/>\n<link rel=\"canonical\" href=\"https:\/\/lararkarriar.se\/grundskola\/2018\/02\/15\/salem-driver-eget-undervisningslyft\/\" \/>\n<meta property=\"og:locale\" content=\"sv_SE\" \/>\n<meta property=\"og:type\" content=\"article\" \/>\n<meta property=\"og:title\" content=\"Salem driver eget undervisningslyft - Framtidens Karri\u00e4r \u2013 Grundskolel\u00e4rare\" \/>\n<meta property=\"og:description\" content=\"F\u00f6r att st\u00e4rka sina l\u00e4rare och h\u00f6ja kvaliteten i undervisningen har Salems kommun genomf\u00f6rt omfattande...\" \/>\n<meta property=\"og:url\" content=\"https:\/\/lararkarriar.se\/grundskola\/2018\/02\/15\/salem-driver-eget-undervisningslyft\/\" \/>\n<meta property=\"og:site_name\" content=\"Framtidens Karri\u00e4r \u2013 Grundskolel\u00e4rare\" \/>\n<meta property=\"article:published_time\" content=\"2018-02-15T08:21:02+00:00\" \/>\n<meta property=\"og:image\" content=\"https:\/\/lararkarriar.se\/grundskola\/wp-content\/uploads\/sites\/12\/2018\/02\/salem-y5a4926.jpg\" \/>\n\t<meta property=\"og:image:width\" content=\"1000\" \/>\n\t<meta property=\"og:image:height\" content=\"647\" \/>\n\t<meta property=\"og:image:type\" content=\"image\/jpeg\" \/>\n<meta name=\"author\" content=\"stellanstal\" \/>\n<meta name=\"twitter:card\" content=\"summary_large_image\" \/>\n<meta name=\"twitter:label1\" content=\"Skriven av\" \/>\n\t<meta name=\"twitter:data1\" content=\"stellanstal\" \/>\n\t<meta name=\"twitter:label2\" content=\"Ber\u00e4knad l\u00e4stid\" \/>\n\t<meta name=\"twitter:data2\" content=\"3 minuter\" \/>\n<script type=\"application\/ld+json\" class=\"yoast-schema-graph\">{\"@context\":\"https:\\\/\\\/schema.org\",\"@graph\":[{\"@type\":\"Article\",\"@id\":\"https:\\\/\\\/lararkarriar.se\\\/grundskola\\\/2018\\\/02\\\/15\\\/salem-driver-eget-undervisningslyft\\\/#article\",\"isPartOf\":{\"@id\":\"https:\\\/\\\/lararkarriar.se\\\/grundskola\\\/2018\\\/02\\\/15\\\/salem-driver-eget-undervisningslyft\\\/\"},\"author\":{\"name\":\"stellanstal\",\"@id\":\"https:\\\/\\\/lararkarriar.se\\\/grundskola\\\/#\\\/schema\\\/person\\\/c8a43eb855191e573b73ecf8987a3b99\"},\"headline\":\"Salem driver eget undervisningslyft\",\"datePublished\":\"2018-02-15T08:21:02+00:00\",\"mainEntityOfPage\":{\"@id\":\"https:\\\/\\\/lararkarriar.se\\\/grundskola\\\/2018\\\/02\\\/15\\\/salem-driver-eget-undervisningslyft\\\/\"},\"wordCount\":525,\"image\":{\"@id\":\"https:\\\/\\\/lararkarriar.se\\\/grundskola\\\/2018\\\/02\\\/15\\\/salem-driver-eget-undervisningslyft\\\/#primaryimage\"},\"thumbnailUrl\":\"https:\\\/\\\/lararkarriar.se\\\/grundskola\\\/wp-content\\\/uploads\\\/sites\\\/12\\\/2018\\\/02\\\/salem-y5a4926.jpg\",\"keywords\":[\"Forskning\",\"Kommun\",\"Kompetensutveckling\",\"R\u00f6nninge gymnasium\",\"Salem\",\"Salems kommun\",\"Undervisningslyft\",\"Utveckling\"],\"articleSection\":[\"Presentation\"],\"inLanguage\":\"sv-SE\"},{\"@type\":\"WebPage\",\"@id\":\"https:\\\/\\\/lararkarriar.se\\\/grundskola\\\/2018\\\/02\\\/15\\\/salem-driver-eget-undervisningslyft\\\/\",\"url\":\"https:\\\/\\\/lararkarriar.se\\\/grundskola\\\/2018\\\/02\\\/15\\\/salem-driver-eget-undervisningslyft\\\/\",\"name\":\"Salem driver eget undervisningslyft - Framtidens Karri\u00e4r \u2013 Grundskolel\u00e4rare\",\"isPartOf\":{\"@id\":\"https:\\\/\\\/lararkarriar.se\\\/grundskola\\\/#website\"},\"primaryImageOfPage\":{\"@id\":\"https:\\\/\\\/lararkarriar.se\\\/grundskola\\\/2018\\\/02\\\/15\\\/salem-driver-eget-undervisningslyft\\\/#primaryimage\"},\"image\":{\"@id\":\"https:\\\/\\\/lararkarriar.se\\\/grundskola\\\/2018\\\/02\\\/15\\\/salem-driver-eget-undervisningslyft\\\/#primaryimage\"},\"thumbnailUrl\":\"https:\\\/\\\/lararkarriar.se\\\/grundskola\\\/wp-content\\\/uploads\\\/sites\\\/12\\\/2018\\\/02\\\/salem-y5a4926.jpg\",\"datePublished\":\"2018-02-15T08:21:02+00:00\",\"author\":{\"@id\":\"https:\\\/\\\/lararkarriar.se\\\/grundskola\\\/#\\\/schema\\\/person\\\/c8a43eb855191e573b73ecf8987a3b99\"},\"breadcrumb\":{\"@id\":\"https:\\\/\\\/lararkarriar.se\\\/grundskola\\\/2018\\\/02\\\/15\\\/salem-driver-eget-undervisningslyft\\\/#breadcrumb\"},\"inLanguage\":\"sv-SE\",\"potentialAction\":[{\"@type\":\"ReadAction\",\"target\":[\"https:\\\/\\\/lararkarriar.se\\\/grundskola\\\/2018\\\/02\\\/15\\\/salem-driver-eget-undervisningslyft\\\/\"]}]},{\"@type\":\"ImageObject\",\"inLanguage\":\"sv-SE\",\"@id\":\"https:\\\/\\\/lararkarriar.se\\\/grundskola\\\/2018\\\/02\\\/15\\\/salem-driver-eget-undervisningslyft\\\/#primaryimage\",\"url\":\"https:\\\/\\\/lararkarriar.se\\\/grundskola\\\/wp-content\\\/uploads\\\/sites\\\/12\\\/2018\\\/02\\\/salem-y5a4926.jpg\",\"contentUrl\":\"https:\\\/\\\/lararkarriar.se\\\/grundskola\\\/wp-content\\\/uploads\\\/sites\\\/12\\\/2018\\\/02\\\/salem-y5a4926.jpg\",\"width\":1000,\"height\":647,\"caption\":\"Marsella Qvicker, Eva Lindkvist och Katarina Sweding i Salems kommun. Foto: Gonzalo Irigoyen\"},{\"@type\":\"BreadcrumbList\",\"@id\":\"https:\\\/\\\/lararkarriar.se\\\/grundskola\\\/2018\\\/02\\\/15\\\/salem-driver-eget-undervisningslyft\\\/#breadcrumb\",\"itemListElement\":[{\"@type\":\"ListItem\",\"position\":1,\"name\":\"Home\",\"item\":\"https:\\\/\\\/lararkarriar.se\\\/grundskola\\\/\"},{\"@type\":\"ListItem\",\"position\":2,\"name\":\"Salem driver eget undervisningslyft\"}]},{\"@type\":\"WebSite\",\"@id\":\"https:\\\/\\\/lararkarriar.se\\\/grundskola\\\/#website\",\"url\":\"https:\\\/\\\/lararkarriar.se\\\/grundskola\\\/\",\"name\":\"Framtidens Karri\u00e4r \u2013 Grundskolel\u00e4rare\",\"description\":\"Just another NMDashboard.se Sites site\",\"potentialAction\":[{\"@type\":\"SearchAction\",\"target\":{\"@type\":\"EntryPoint\",\"urlTemplate\":\"https:\\\/\\\/lararkarriar.se\\\/grundskola\\\/?s={search_term_string}\"},\"query-input\":{\"@type\":\"PropertyValueSpecification\",\"valueRequired\":true,\"valueName\":\"search_term_string\"}}],\"inLanguage\":\"sv-SE\"},{\"@type\":\"Person\",\"@id\":\"https:\\\/\\\/lararkarriar.se\\\/grundskola\\\/#\\\/schema\\\/person\\\/c8a43eb855191e573b73ecf8987a3b99\",\"name\":\"stellanstal\",\"image\":{\"@type\":\"ImageObject\",\"inLanguage\":\"sv-SE\",\"@id\":\"https:\\\/\\\/secure.gravatar.com\\\/avatar\\\/cd330fa6bb17f598124b2068ee0b189e4fe0987a50af9d53b78410836060d0c9?s=96&d=mm&r=g\",\"url\":\"https:\\\/\\\/secure.gravatar.com\\\/avatar\\\/cd330fa6bb17f598124b2068ee0b189e4fe0987a50af9d53b78410836060d0c9?s=96&d=mm&r=g\",\"contentUrl\":\"https:\\\/\\\/secure.gravatar.com\\\/avatar\\\/cd330fa6bb17f598124b2068ee0b189e4fe0987a50af9d53b78410836060d0c9?s=96&d=mm&r=g\",\"caption\":\"stellanstal\"},\"url\":\"https:\\\/\\\/lararkarriar.se\\\/grundskola\\\/author\\\/stellanstal\\\/\"}]}<\/script>\n<!-- \/ Yoast SEO plugin. -->","yoast_head_json":{"title":"Salem driver eget undervisningslyft - Framtidens Karri\u00e4r \u2013 Grundskolel\u00e4rare","robots":{"index":"index","follow":"follow","max-snippet":"max-snippet:-1","max-image-preview":"max-image-preview:large","max-video-preview":"max-video-preview:-1"},"canonical":"https:\/\/lararkarriar.se\/grundskola\/2018\/02\/15\/salem-driver-eget-undervisningslyft\/","og_locale":"sv_SE","og_type":"article","og_title":"Salem driver eget undervisningslyft - Framtidens Karri\u00e4r \u2013 Grundskolel\u00e4rare","og_description":"F\u00f6r att st\u00e4rka sina l\u00e4rare och h\u00f6ja kvaliteten i undervisningen har Salems kommun genomf\u00f6rt omfattande...","og_url":"https:\/\/lararkarriar.se\/grundskola\/2018\/02\/15\/salem-driver-eget-undervisningslyft\/","og_site_name":"Framtidens Karri\u00e4r \u2013 Grundskolel\u00e4rare","article_published_time":"2018-02-15T08:21:02+00:00","og_image":[{"width":1000,"height":647,"url":"https:\/\/lararkarriar.se\/grundskola\/wp-content\/uploads\/sites\/12\/2018\/02\/salem-y5a4926.jpg","type":"image\/jpeg"}],"author":"stellanstal","twitter_card":"summary_large_image","twitter_misc":{"Skriven av":"stellanstal","Ber\u00e4knad l\u00e4stid":"3 minuter"},"schema":{"@context":"https:\/\/schema.org","@graph":[{"@type":"Article","@id":"https:\/\/lararkarriar.se\/grundskola\/2018\/02\/15\/salem-driver-eget-undervisningslyft\/#article","isPartOf":{"@id":"https:\/\/lararkarriar.se\/grundskola\/2018\/02\/15\/salem-driver-eget-undervisningslyft\/"},"author":{"name":"stellanstal","@id":"https:\/\/lararkarriar.se\/grundskola\/#\/schema\/person\/c8a43eb855191e573b73ecf8987a3b99"},"headline":"Salem driver eget undervisningslyft","datePublished":"2018-02-15T08:21:02+00:00","mainEntityOfPage":{"@id":"https:\/\/lararkarriar.se\/grundskola\/2018\/02\/15\/salem-driver-eget-undervisningslyft\/"},"wordCount":525,"image":{"@id":"https:\/\/lararkarriar.se\/grundskola\/2018\/02\/15\/salem-driver-eget-undervisningslyft\/#primaryimage"},"thumbnailUrl":"https:\/\/lararkarriar.se\/grundskola\/wp-content\/uploads\/sites\/12\/2018\/02\/salem-y5a4926.jpg","keywords":["Forskning","Kommun","Kompetensutveckling","R\u00f6nninge gymnasium","Salem","Salems kommun","Undervisningslyft","Utveckling"],"articleSection":["Presentation"],"inLanguage":"sv-SE"},{"@type":"WebPage","@id":"https:\/\/lararkarriar.se\/grundskola\/2018\/02\/15\/salem-driver-eget-undervisningslyft\/","url":"https:\/\/lararkarriar.se\/grundskola\/2018\/02\/15\/salem-driver-eget-undervisningslyft\/","name":"Salem driver eget undervisningslyft - Framtidens Karri\u00e4r \u2013 Grundskolel\u00e4rare","isPartOf":{"@id":"https:\/\/lararkarriar.se\/grundskola\/#website"},"primaryImageOfPage":{"@id":"https:\/\/lararkarriar.se\/grundskola\/2018\/02\/15\/salem-driver-eget-undervisningslyft\/#primaryimage"},"image":{"@id":"https:\/\/lararkarriar.se\/grundskola\/2018\/02\/15\/salem-driver-eget-undervisningslyft\/#primaryimage"},"thumbnailUrl":"https:\/\/lararkarriar.se\/grundskola\/wp-content\/uploads\/sites\/12\/2018\/02\/salem-y5a4926.jpg","datePublished":"2018-02-15T08:21:02+00:00","author":{"@id":"https:\/\/lararkarriar.se\/grundskola\/#\/schema\/person\/c8a43eb855191e573b73ecf8987a3b99"},"breadcrumb":{"@id":"https:\/\/lararkarriar.se\/grundskola\/2018\/02\/15\/salem-driver-eget-undervisningslyft\/#breadcrumb"},"inLanguage":"sv-SE","potentialAction":[{"@type":"ReadAction","target":["https:\/\/lararkarriar.se\/grundskola\/2018\/02\/15\/salem-driver-eget-undervisningslyft\/"]}]},{"@type":"ImageObject","inLanguage":"sv-SE","@id":"https:\/\/lararkarriar.se\/grundskola\/2018\/02\/15\/salem-driver-eget-undervisningslyft\/#primaryimage","url":"https:\/\/lararkarriar.se\/grundskola\/wp-content\/uploads\/sites\/12\/2018\/02\/salem-y5a4926.jpg","contentUrl":"https:\/\/lararkarriar.se\/grundskola\/wp-content\/uploads\/sites\/12\/2018\/02\/salem-y5a4926.jpg","width":1000,"height":647,"caption":"Marsella Qvicker, Eva Lindkvist och Katarina Sweding i Salems kommun. Foto: Gonzalo Irigoyen"},{"@type":"BreadcrumbList","@id":"https:\/\/lararkarriar.se\/grundskola\/2018\/02\/15\/salem-driver-eget-undervisningslyft\/#breadcrumb","itemListElement":[{"@type":"ListItem","position":1,"name":"Home","item":"https:\/\/lararkarriar.se\/grundskola\/"},{"@type":"ListItem","position":2,"name":"Salem driver eget undervisningslyft"}]},{"@type":"WebSite","@id":"https:\/\/lararkarriar.se\/grundskola\/#website","url":"https:\/\/lararkarriar.se\/grundskola\/","name":"Framtidens Karri\u00e4r \u2013 Grundskolel\u00e4rare","description":"Just another NMDashboard.se Sites site","potentialAction":[{"@type":"SearchAction","target":{"@type":"EntryPoint","urlTemplate":"https:\/\/lararkarriar.se\/grundskola\/?s={search_term_string}"},"query-input":{"@type":"PropertyValueSpecification","valueRequired":true,"valueName":"search_term_string"}}],"inLanguage":"sv-SE"},{"@type":"Person","@id":"https:\/\/lararkarriar.se\/grundskola\/#\/schema\/person\/c8a43eb855191e573b73ecf8987a3b99","name":"stellanstal","image":{"@type":"ImageObject","inLanguage":"sv-SE","@id":"https:\/\/secure.gravatar.com\/avatar\/cd330fa6bb17f598124b2068ee0b189e4fe0987a50af9d53b78410836060d0c9?s=96&d=mm&r=g","url":"https:\/\/secure.gravatar.com\/avatar\/cd330fa6bb17f598124b2068ee0b189e4fe0987a50af9d53b78410836060d0c9?s=96&d=mm&r=g","contentUrl":"https:\/\/secure.gravatar.com\/avatar\/cd330fa6bb17f598124b2068ee0b189e4fe0987a50af9d53b78410836060d0c9?s=96&d=mm&r=g","caption":"stellanstal"},"url":"https:\/\/lararkarriar.se\/grundskola\/author\/stellanstal\/"}]}},"_links":{"self":[{"href":"https:\/\/lararkarriar.se\/grundskola\/wp-json\/wp\/v2\/posts\/6016","targetHints":{"allow":["GET"]}}],"collection":[{"href":"https:\/\/lararkarriar.se\/grundskola\/wp-json\/wp\/v2\/posts"}],"about":[{"href":"https:\/\/lararkarriar.se\/grundskola\/wp-json\/wp\/v2\/types\/post"}],"author":[{"embeddable":true,"href":"https:\/\/lararkarriar.se\/grundskola\/wp-json\/wp\/v2\/users\/3"}],"replies":[{"embeddable":true,"href":"https:\/\/lararkarriar.se\/grundskola\/wp-json\/wp\/v2\/comments?post=6016"}],"version-history":[{"count":0,"href":"https:\/\/lararkarriar.se\/grundskola\/wp-json\/wp\/v2\/posts\/6016\/revisions"}],"wp:featuredmedia":[{"embeddable":true,"href":"https:\/\/lararkarriar.se\/grundskola\/wp-json\/wp\/v2\/media\/6018"}],"wp:attachment":[{"href":"https:\/\/lararkarriar.se\/grundskola\/wp-json\/wp\/v2\/media?parent=6016"}],"wp:term":[{"taxonomy":"category","embeddable":true,"href":"https:\/\/lararkarriar.se\/grundskola\/wp-json\/wp\/v2\/categories?post=6016"},{"taxonomy":"post_tag","embeddable":true,"href":"https:\/\/lararkarriar.se\/grundskola\/wp-json\/wp\/v2\/tags?post=6016"}],"curies":[{"name":"wp","href":"https:\/\/api.w.org\/{rel}","templated":true}]}}