{"id":6026,"date":"2018-02-15T11:20:09","date_gmt":"2018-02-15T09:20:09","guid":{"rendered":"http:\/\/lararkarriar.se\/grundskola\/?p=6026"},"modified":"2018-02-15T11:20:09","modified_gmt":"2018-02-15T09:20:09","slug":"tyresos-skolor-bidrar-till-framtidens-undervisning","status":"publish","type":"post","link":"https:\/\/lararkarriar.se\/grundskola\/2018\/02\/15\/tyresos-skolor-bidrar-till-framtidens-undervisning\/","title":{"rendered":"Tyres\u00f6s skolor bidrar till framtidens undervisning"},"content":{"rendered":"<p><figure id=\"attachment_6029\" aria-describedby=\"caption-attachment-6029\" style=\"width: 1000px\" class=\"wp-caption alignnone\"><img loading=\"lazy\" decoding=\"async\" src=\"https:\/\/lararkarriar.se\/grundskola\/wp-content\/uploads\/sites\/12\/2018\/02\/tyreso-y5a6582.jpg\" alt=\"Jesper Samuelsson, rektor p\u00e5 Nyboda\u00adskolan, Monica Nyberg, rektor p\u00e5 Strandskolan och Peter Jansson, pedagog p\u00e5 Bergfotens skola i Tyres\u00f6. Foto: Gonzalo Irigoyen\" width=\"1000\" height=\"667\" class=\"size-full wp-image-6029\" srcset=\"https:\/\/lararkarriar.se\/grundskola\/wp-content\/uploads\/sites\/12\/2018\/02\/tyreso-y5a6582.jpg 1000w, https:\/\/lararkarriar.se\/grundskola\/wp-content\/uploads\/sites\/12\/2018\/02\/tyreso-y5a6582-300x200.jpg 300w, https:\/\/lararkarriar.se\/grundskola\/wp-content\/uploads\/sites\/12\/2018\/02\/tyreso-y5a6582-768x512.jpg 768w, https:\/\/lararkarriar.se\/grundskola\/wp-content\/uploads\/sites\/12\/2018\/02\/tyreso-y5a6582-240x160.jpg 240w, https:\/\/lararkarriar.se\/grundskola\/wp-content\/uploads\/sites\/12\/2018\/02\/tyreso-y5a6582-526x351.jpg 526w, https:\/\/lararkarriar.se\/grundskola\/wp-content\/uploads\/sites\/12\/2018\/02\/tyreso-y5a6582-720x480.jpg 720w, https:\/\/lararkarriar.se\/grundskola\/wp-content\/uploads\/sites\/12\/2018\/02\/tyreso-y5a6582-960x640.jpg 960w\" sizes=\"auto, (max-width: 1000px) 100vw, 1000px\" \/><figcaption id=\"caption-attachment-6029\" class=\"wp-caption-text\">Jesper Samuelsson, rektor p\u00e5 Nyboda\u00adskolan, Monica Nyberg, rektor p\u00e5 Strandskolan och Peter Jansson, pedagog p\u00e5 Bergfotens skola i Tyres\u00f6. Foto: Gonzalo Irigoyen<\/figcaption><\/figure><strong>De senaste \u00e5ren har Tyres\u00f6 gjort ett j\u00e4ttespr\u00e5ng med sitt digitala arbete. F\u00f6rutom omfattande investeringar i h\u00e5rdvara och mjukvara har skolledningen satsat kraftigt p\u00e5 fortbildning och att f\u00e5 s\u00e5v\u00e4l l\u00e4rare som elever delaktiga i utvecklingen. Resultaten har inte l\u00e5tit v\u00e4nta p\u00e5 sig.<\/strong><\/p>\n<p><figure id=\"attachment_6027\" aria-describedby=\"caption-attachment-6027\" style=\"width: 150px\" class=\"wp-caption alignright\"><img loading=\"lazy\" decoding=\"async\" src=\"http:\/\/lararkarriar.se\/grundskola\/wp-content\/uploads\/2018\/02\/tyreso_img_1343-250x347.jpg\" alt=\"Christer Sj\u00f6berg, pedagog p\u00e5 Strandskolan i Tyres\u00f6.\" width=\"150\" height=\"208\" class=\"size-medium wp-image-6027\" \/><figcaption id=\"caption-attachment-6027\" class=\"wp-caption-text\">Christer Sj\u00f6berg, pedagog p\u00e5 Strandskolan i Tyres\u00f6.<\/figcaption><\/figure>F\u00f6r drygt ett \u00e5r sedan kom pedagogen Christer Sj\u00f6berg och rektorn Monica Nyberg p\u00e5 Strandskolan i Tyres\u00f6 i kontakt med forskningsprogrammet Programmering i \u00e4mnesundervisningen som drivs av Ifous, ett forskningsinstitut som arbetar med forskning och utveckling inom f\u00f6rskola och skola. Programmet tar sitt avstamp i de nya riktlinjerna f\u00f6r l\u00e4roplanen, d\u00e4r programmering ska ing\u00e5 i undervisningen inom framf\u00f6rallt matematik, teknik och samh\u00e4llskunskap fr\u00e5n 2018. Eftersom Strandskolan redan hade inf\u00f6rt programmering i undervisningen f\u00e5ngade forskningen genast deras uppm\u00e4rksamhet och idag hyser Tyres\u00f6 fyra av de 20 skolor i Sverige som deltar i programmet \u2013 Strandskolan, Bergfotens skola, Nybodaskolan och Tyres\u00f6 skola.<br \/>\n\u2013 Fokus \u00e4r att tillsammans med pedagoger ute p\u00e5 de inblandade skolorna utforska och bidra till kunskapsutveckling inom olika \u00e4mnen med hj\u00e4lp av programmering. L\u00e4rarnas erfarenheter och kunskaper blir en plattform f\u00f6r ny forskning samtidigt som vi sj\u00e4lva kan bli mer vetenskapliga i v\u00e5rt arbetss\u00e4tt, ber\u00e4ttar Christer, som har drivit inf\u00f6rseln av programmering i undervisningen och som idag \u00e4r processledare f\u00f6r programmet p\u00e5 Strandskolan.<br \/>\nSkolorna i kommunen har tydliga direktiv fr\u00e5n skolledningen vad g\u00e4ller att utveckla och anv\u00e4nda digitala verktyg. F\u00f6rutom att det finns ett flertal pedagoger som har f\u00f6rstel\u00e4raruppdrag inom IKT, finns det utrymme avsatt inom l\u00e4rarnas tj\u00e4nster f\u00f6r att kunna vara behj\u00e4lpliga \u00e4ven i klassrummen.<br \/>\n\u2013 L\u00e4rare och elever l\u00e4r sig sida vid sida och f\u00e5r n\u00e5gon bredvid som st\u00f6ttar. Alla ska inte bli programmerare men vi m\u00e5ste skapa f\u00f6rst\u00e5else f\u00f6r att programmering p\u00e5verkar oss varje dag. P\u00e5 s\u00e5 vis skapar vi f\u00f6ruts\u00e4ttningar f\u00f6r en k\u00e4llkritisk inst\u00e4llning och utrustar eleverna f\u00f6r att m\u00f6ta den digitala framtiden.<\/p>\n<p><strong>En viktig demokratifr\u00e5ga<\/strong><br \/>\nN\u00e4r Monica tilltr\u00e4dde som rektor f\u00f6r knappa tv\u00e5 \u00e5r sedan tog hon ett helhetsgrepp kring hur skolan arbetar med digitalisering. Hon betonar att grunden till alla nya satsningar \u00e4r pedagogiken och att f\u00f6rsta fokus alltid m\u00e5ste vara hur tekniken p\u00e5verkar undervisningen.<br \/>\n\u2013 Tyres\u00f6 pr\u00e4glas av en stark utvecklingsanda och en str\u00e4van efter samverkan. Organisatoriskt har vi en struktur f\u00f6r tillg\u00e4nglighet och gott st\u00f6d till l\u00e4rarna, n\u00e5got som \u00e4r ett m\u00e5ste \u2013 digitaliseringen \u00e4r en samh\u00e4llsomv\u00e4lvande f\u00f6r\u00e4ndring och Sverige beh\u00f6ver en folkbildning med aktiva medborgare som f\u00f6rst\u00e5r spelplanen. Det \u00e4r en viktig demokratifr\u00e5ga, understryker hon, och forts\u00e4tter:<br \/>\n\u2013 Satsningen p\u00e5 IKT-pedagoger har varit viktig h\u00e4r \u2013 de som \u00e4r engagerade har f\u00e5tt chansen att g\u00e5 i f\u00f6rv\u00e4g samtidigt som v\u00e5ra l\u00e4rare har f\u00e5tt reflektionspartners kring sin undervisning. <\/p>\n<p><strong>Konkret kollegialt l\u00e4rande<\/strong><br \/>\nHon f\u00e5r medh\u00e5ll fr\u00e5n rektorn p\u00e5 Nybodaskolan, Jesper Samuelsson. N\u00e4r han kom till Tyres\u00f6 f\u00f6r ett drygt \u00e5r sedan m\u00e4rkte han en vilja och en nyfikenhet att driva det digitala arbetet fram\u00e5t.<br \/>\n\u2013 Skolan arbetade redan 1-till-1 med digitala verktyg men jag kunde bidra med en energiinjektion till det pedagogiska utvecklingsarbetet i relation till digitalisering. I och med det nya projektet i samverkan med Ifous har vi f\u00e5tt chansen att laborera med digitala verktyg p\u00e5 ett annorlunda s\u00e4tt och d\u00e4rmed koppla dem till strategier f\u00f6r undervisningen. Genom \u00e5terkommande Tech Meets f\u00e5r vi till ett konkret kollegialt l\u00e4rande inom \u00e4mnet; p\u00e5 s\u00e5 vis kan vi st\u00f6dja l\u00e4rarna i undervisningen och med att oms\u00e4tta tankarna i praktiken samtidigt som vi f\u00e5r en konkret spridningsfunktion i verksamheten.<\/p>\n<p><strong>T\u00e4ta interna samarbeten<\/strong><br \/>\nPeter Jansson \u00e4r pedagog och processledare f\u00f6r programmet p\u00e5 Bergfotens skola. De fyra \u00e5r han har arbetat i Tyres\u00f6 har genomsyrats av sp\u00e4nnande framsteg och han po\u00e4ngterar digitaliseringens stora vinster b\u00e5de f\u00f6r l\u00e4rare och elever.<br \/>\n\u2013 F\u00f6r eleverna kan det handla om allt fr\u00e5n att ha sv\u00e5rt med motoriken till att vara nerv\u00f6s f\u00f6r att g\u00e5 upp och redovisa, och digitala verktyg \u00e4r till hj\u00e4lp p\u00e5 m\u00e5nga plan. Som pedagog sparar jag m\u00e4ngder av tid och kvalitetss\u00e4krar mitt arbete p\u00e5 ett helt annat s\u00e4tt. Samtidigt \u00e4r det sp\u00e4nnande att vara ute p\u00e5 ok\u00e4nda vatten \u2013 i praktiken bygger vi b\u00e5ten medan den seglar och det f\u00f6ruts\u00e4tter ett mycket t\u00e4tt samarbete mellan skolor och grupper inom kommunen. Det kan vara komplicerat att anamma reformer och d\u00e4rf\u00f6r beh\u00f6ver vi arbeta tillsammans f\u00f6r att sprida f\u00f6r\u00e4ndringarna. I slut\u00e4nden ska vi v\u00e4gleda eleverna p\u00e5 deras resa in i den digitaliserade v\u00e4rlden, avslutar han.<\/p>\n<div class=\"faktaruta-title\">Tyres\u00f6 kommun<\/div><div class=\"faktaruta\">I Tyres\u00f6 kommun \u00e4r valfrihet ett motto. Du kan v\u00e4lja f\u00f6rskola, annan pedagogisk omsorg (familjedaghem) och skola i kommunal eller enskild regi. I Tyres\u00f6 bor drygt 47&nbsp;000 m\u00e4nniskor. N\u00e4rheten till havet, naturen och storstaden g\u00f6r kommunen till en mycket attraktiv bostadsort. Bebyggelsen \u00e4r varierad, kollektivtrafiken \u00e4r v\u00e4l utbyggd och via motorv\u00e4gen n\u00e5r man centrala Stockholm p\u00e5 20 minuter.<\/p>\n<p>Tyres\u00f6 kommun<br \/>\n135 81 Tyres\u00f6<br \/>\nTel vxl: 08-578 291 00<br \/>\n<em>E-post: <a href=\"mailto:kommun@tyreso.se\">kommun@tyreso.se<\/a><\/em><br \/>\n<strong><a href=\"http:\/\/www.tyreso.se\" rel=\"noopener noreferrer\" target=\"_blank\">www.tyreso.se<\/a><\/strong><\/br><br \/>\n<a href=\"http:\/\/www.tyreso.se\" rel=\"noopener noreferrer\" target=\"_blank\"><img loading=\"lazy\" decoding=\"async\" src=\"http:\/\/lararkarriar.se\/grundskola\/wp-content\/uploads\/2018\/02\/tyreso_logotyp_cmyk-530x72.png\" alt=\"\" width=\"332\" height=\"45\" class=\"alignnone size-large wp-image-6028\" \/><\/a><\/div>\n","protected":false},"excerpt":{"rendered":"<p>De senaste \u00e5ren har Tyres\u00f6 gjort ett j\u00e4ttespr\u00e5ng med sitt digitala arbete. F\u00f6rutom omfattande investeringar&#8230;<\/p>\n","protected":false},"author":3,"featured_media":6029,"comment_status":"closed","ping_status":"open","sticky":false,"template":"","format":"standard","meta":{"_acf_changed":false,"_monsterinsights_skip_tracking":false,"_monsterinsights_sitenote_active":false,"_monsterinsights_sitenote_note":"","_monsterinsights_sitenote_category":0,"footnotes":""},"categories":[7],"tags":[45,67,68,143,169,267,295,367,407,408,409,427],"class_list":["post-6026","post","type-post","status-publish","format-standard","has-post-thumbnail","hentry","category-presentation","tag-bergfotens-skola","tag-digitala-verktyg","tag-digitalisering","tag-ikt","tag-kommun","tag-nybodaskolan","tag-programmering","tag-strandskolan","tag-tyreso","tag-tyreso-kommun","tag-tyreso-skola","tag-utveckling"],"acf":[],"yoast_head":"<!-- This site is optimized with the Yoast SEO plugin v27.3 - https:\/\/yoast.com\/product\/yoast-seo-wordpress\/ -->\n<title>Tyres\u00f6s skolor bidrar till framtidens undervisning - Framtidens Karri\u00e4r \u2013 Grundskolel\u00e4rare<\/title>\n<meta name=\"robots\" content=\"index, follow, max-snippet:-1, max-image-preview:large, max-video-preview:-1\" \/>\n<link rel=\"canonical\" href=\"https:\/\/lararkarriar.se\/grundskola\/2018\/02\/15\/tyresos-skolor-bidrar-till-framtidens-undervisning\/\" \/>\n<meta property=\"og:locale\" content=\"sv_SE\" \/>\n<meta property=\"og:type\" content=\"article\" \/>\n<meta property=\"og:title\" content=\"Tyres\u00f6s skolor bidrar till framtidens undervisning - Framtidens Karri\u00e4r \u2013 Grundskolel\u00e4rare\" \/>\n<meta property=\"og:description\" content=\"De senaste \u00e5ren har Tyres\u00f6 gjort ett j\u00e4ttespr\u00e5ng med sitt digitala arbete. F\u00f6rutom omfattande investeringar...\" \/>\n<meta property=\"og:url\" content=\"https:\/\/lararkarriar.se\/grundskola\/2018\/02\/15\/tyresos-skolor-bidrar-till-framtidens-undervisning\/\" \/>\n<meta property=\"og:site_name\" content=\"Framtidens Karri\u00e4r \u2013 Grundskolel\u00e4rare\" \/>\n<meta property=\"article:published_time\" content=\"2018-02-15T09:20:09+00:00\" \/>\n<meta property=\"og:image\" content=\"https:\/\/lararkarriar.se\/grundskola\/wp-content\/uploads\/sites\/12\/2018\/02\/tyreso-y5a6582.jpg\" \/>\n\t<meta property=\"og:image:width\" content=\"1000\" \/>\n\t<meta property=\"og:image:height\" content=\"667\" \/>\n\t<meta property=\"og:image:type\" content=\"image\/jpeg\" \/>\n<meta name=\"author\" content=\"stellanstal\" \/>\n<meta name=\"twitter:card\" content=\"summary_large_image\" \/>\n<meta name=\"twitter:label1\" content=\"Skriven av\" \/>\n\t<meta name=\"twitter:data1\" content=\"stellanstal\" \/>\n\t<meta name=\"twitter:label2\" content=\"Ber\u00e4knad l\u00e4stid\" \/>\n\t<meta name=\"twitter:data2\" content=\"5 minuter\" \/>\n<script type=\"application\/ld+json\" class=\"yoast-schema-graph\">{\"@context\":\"https:\\\/\\\/schema.org\",\"@graph\":[{\"@type\":\"Article\",\"@id\":\"https:\\\/\\\/lararkarriar.se\\\/grundskola\\\/2018\\\/02\\\/15\\\/tyresos-skolor-bidrar-till-framtidens-undervisning\\\/#article\",\"isPartOf\":{\"@id\":\"https:\\\/\\\/lararkarriar.se\\\/grundskola\\\/2018\\\/02\\\/15\\\/tyresos-skolor-bidrar-till-framtidens-undervisning\\\/\"},\"author\":{\"name\":\"stellanstal\",\"@id\":\"https:\\\/\\\/lararkarriar.se\\\/grundskola\\\/#\\\/schema\\\/person\\\/c8a43eb855191e573b73ecf8987a3b99\"},\"headline\":\"Tyres\u00f6s skolor bidrar till framtidens undervisning\",\"datePublished\":\"2018-02-15T09:20:09+00:00\",\"mainEntityOfPage\":{\"@id\":\"https:\\\/\\\/lararkarriar.se\\\/grundskola\\\/2018\\\/02\\\/15\\\/tyresos-skolor-bidrar-till-framtidens-undervisning\\\/\"},\"wordCount\":969,\"image\":{\"@id\":\"https:\\\/\\\/lararkarriar.se\\\/grundskola\\\/2018\\\/02\\\/15\\\/tyresos-skolor-bidrar-till-framtidens-undervisning\\\/#primaryimage\"},\"thumbnailUrl\":\"https:\\\/\\\/lararkarriar.se\\\/grundskola\\\/wp-content\\\/uploads\\\/sites\\\/12\\\/2018\\\/02\\\/tyreso-y5a6582.jpg\",\"keywords\":[\"Bergfotens skola\",\"Digitala verktyg\",\"Digitalisering\",\"IKT\",\"Kommun\",\"Nybodaskolan\",\"Programmering\",\"Strandskolan\",\"Tyres\u00f6\",\"Tyres\u00f6 kommun\",\"Tyres\u00f6 skola\",\"Utveckling\"],\"articleSection\":[\"Presentation\"],\"inLanguage\":\"sv-SE\"},{\"@type\":\"WebPage\",\"@id\":\"https:\\\/\\\/lararkarriar.se\\\/grundskola\\\/2018\\\/02\\\/15\\\/tyresos-skolor-bidrar-till-framtidens-undervisning\\\/\",\"url\":\"https:\\\/\\\/lararkarriar.se\\\/grundskola\\\/2018\\\/02\\\/15\\\/tyresos-skolor-bidrar-till-framtidens-undervisning\\\/\",\"name\":\"Tyres\u00f6s skolor bidrar till framtidens undervisning - Framtidens Karri\u00e4r \u2013 Grundskolel\u00e4rare\",\"isPartOf\":{\"@id\":\"https:\\\/\\\/lararkarriar.se\\\/grundskola\\\/#website\"},\"primaryImageOfPage\":{\"@id\":\"https:\\\/\\\/lararkarriar.se\\\/grundskola\\\/2018\\\/02\\\/15\\\/tyresos-skolor-bidrar-till-framtidens-undervisning\\\/#primaryimage\"},\"image\":{\"@id\":\"https:\\\/\\\/lararkarriar.se\\\/grundskola\\\/2018\\\/02\\\/15\\\/tyresos-skolor-bidrar-till-framtidens-undervisning\\\/#primaryimage\"},\"thumbnailUrl\":\"https:\\\/\\\/lararkarriar.se\\\/grundskola\\\/wp-content\\\/uploads\\\/sites\\\/12\\\/2018\\\/02\\\/tyreso-y5a6582.jpg\",\"datePublished\":\"2018-02-15T09:20:09+00:00\",\"author\":{\"@id\":\"https:\\\/\\\/lararkarriar.se\\\/grundskola\\\/#\\\/schema\\\/person\\\/c8a43eb855191e573b73ecf8987a3b99\"},\"breadcrumb\":{\"@id\":\"https:\\\/\\\/lararkarriar.se\\\/grundskola\\\/2018\\\/02\\\/15\\\/tyresos-skolor-bidrar-till-framtidens-undervisning\\\/#breadcrumb\"},\"inLanguage\":\"sv-SE\",\"potentialAction\":[{\"@type\":\"ReadAction\",\"target\":[\"https:\\\/\\\/lararkarriar.se\\\/grundskola\\\/2018\\\/02\\\/15\\\/tyresos-skolor-bidrar-till-framtidens-undervisning\\\/\"]}]},{\"@type\":\"ImageObject\",\"inLanguage\":\"sv-SE\",\"@id\":\"https:\\\/\\\/lararkarriar.se\\\/grundskola\\\/2018\\\/02\\\/15\\\/tyresos-skolor-bidrar-till-framtidens-undervisning\\\/#primaryimage\",\"url\":\"https:\\\/\\\/lararkarriar.se\\\/grundskola\\\/wp-content\\\/uploads\\\/sites\\\/12\\\/2018\\\/02\\\/tyreso-y5a6582.jpg\",\"contentUrl\":\"https:\\\/\\\/lararkarriar.se\\\/grundskola\\\/wp-content\\\/uploads\\\/sites\\\/12\\\/2018\\\/02\\\/tyreso-y5a6582.jpg\",\"width\":1000,\"height\":667,\"caption\":\"Jesper Samuelsson, rektor p\u00e5 Nyboda\u00adskolan, Monica Nyberg, rektor p\u00e5 Strandskolan och Peter Jansson, pedagog p\u00e5 Bergfotens skola i Tyres\u00f6. Foto: Gonzalo Irigoyen\"},{\"@type\":\"BreadcrumbList\",\"@id\":\"https:\\\/\\\/lararkarriar.se\\\/grundskola\\\/2018\\\/02\\\/15\\\/tyresos-skolor-bidrar-till-framtidens-undervisning\\\/#breadcrumb\",\"itemListElement\":[{\"@type\":\"ListItem\",\"position\":1,\"name\":\"Home\",\"item\":\"https:\\\/\\\/lararkarriar.se\\\/grundskola\\\/\"},{\"@type\":\"ListItem\",\"position\":2,\"name\":\"Tyres\u00f6s skolor bidrar till framtidens undervisning\"}]},{\"@type\":\"WebSite\",\"@id\":\"https:\\\/\\\/lararkarriar.se\\\/grundskola\\\/#website\",\"url\":\"https:\\\/\\\/lararkarriar.se\\\/grundskola\\\/\",\"name\":\"Framtidens Karri\u00e4r \u2013 Grundskolel\u00e4rare\",\"description\":\"Just another NMDashboard.se Sites site\",\"potentialAction\":[{\"@type\":\"SearchAction\",\"target\":{\"@type\":\"EntryPoint\",\"urlTemplate\":\"https:\\\/\\\/lararkarriar.se\\\/grundskola\\\/?s={search_term_string}\"},\"query-input\":{\"@type\":\"PropertyValueSpecification\",\"valueRequired\":true,\"valueName\":\"search_term_string\"}}],\"inLanguage\":\"sv-SE\"},{\"@type\":\"Person\",\"@id\":\"https:\\\/\\\/lararkarriar.se\\\/grundskola\\\/#\\\/schema\\\/person\\\/c8a43eb855191e573b73ecf8987a3b99\",\"name\":\"stellanstal\",\"image\":{\"@type\":\"ImageObject\",\"inLanguage\":\"sv-SE\",\"@id\":\"https:\\\/\\\/secure.gravatar.com\\\/avatar\\\/cd330fa6bb17f598124b2068ee0b189e4fe0987a50af9d53b78410836060d0c9?s=96&d=mm&r=g\",\"url\":\"https:\\\/\\\/secure.gravatar.com\\\/avatar\\\/cd330fa6bb17f598124b2068ee0b189e4fe0987a50af9d53b78410836060d0c9?s=96&d=mm&r=g\",\"contentUrl\":\"https:\\\/\\\/secure.gravatar.com\\\/avatar\\\/cd330fa6bb17f598124b2068ee0b189e4fe0987a50af9d53b78410836060d0c9?s=96&d=mm&r=g\",\"caption\":\"stellanstal\"},\"url\":\"https:\\\/\\\/lararkarriar.se\\\/grundskola\\\/author\\\/stellanstal\\\/\"}]}<\/script>\n<!-- \/ Yoast SEO plugin. -->","yoast_head_json":{"title":"Tyres\u00f6s skolor bidrar till framtidens undervisning - Framtidens Karri\u00e4r \u2013 Grundskolel\u00e4rare","robots":{"index":"index","follow":"follow","max-snippet":"max-snippet:-1","max-image-preview":"max-image-preview:large","max-video-preview":"max-video-preview:-1"},"canonical":"https:\/\/lararkarriar.se\/grundskola\/2018\/02\/15\/tyresos-skolor-bidrar-till-framtidens-undervisning\/","og_locale":"sv_SE","og_type":"article","og_title":"Tyres\u00f6s skolor bidrar till framtidens undervisning - Framtidens Karri\u00e4r \u2013 Grundskolel\u00e4rare","og_description":"De senaste \u00e5ren har Tyres\u00f6 gjort ett j\u00e4ttespr\u00e5ng med sitt digitala arbete. F\u00f6rutom omfattande investeringar...","og_url":"https:\/\/lararkarriar.se\/grundskola\/2018\/02\/15\/tyresos-skolor-bidrar-till-framtidens-undervisning\/","og_site_name":"Framtidens Karri\u00e4r \u2013 Grundskolel\u00e4rare","article_published_time":"2018-02-15T09:20:09+00:00","og_image":[{"width":1000,"height":667,"url":"https:\/\/lararkarriar.se\/grundskola\/wp-content\/uploads\/sites\/12\/2018\/02\/tyreso-y5a6582.jpg","type":"image\/jpeg"}],"author":"stellanstal","twitter_card":"summary_large_image","twitter_misc":{"Skriven av":"stellanstal","Ber\u00e4knad l\u00e4stid":"5 minuter"},"schema":{"@context":"https:\/\/schema.org","@graph":[{"@type":"Article","@id":"https:\/\/lararkarriar.se\/grundskola\/2018\/02\/15\/tyresos-skolor-bidrar-till-framtidens-undervisning\/#article","isPartOf":{"@id":"https:\/\/lararkarriar.se\/grundskola\/2018\/02\/15\/tyresos-skolor-bidrar-till-framtidens-undervisning\/"},"author":{"name":"stellanstal","@id":"https:\/\/lararkarriar.se\/grundskola\/#\/schema\/person\/c8a43eb855191e573b73ecf8987a3b99"},"headline":"Tyres\u00f6s skolor bidrar till framtidens undervisning","datePublished":"2018-02-15T09:20:09+00:00","mainEntityOfPage":{"@id":"https:\/\/lararkarriar.se\/grundskola\/2018\/02\/15\/tyresos-skolor-bidrar-till-framtidens-undervisning\/"},"wordCount":969,"image":{"@id":"https:\/\/lararkarriar.se\/grundskola\/2018\/02\/15\/tyresos-skolor-bidrar-till-framtidens-undervisning\/#primaryimage"},"thumbnailUrl":"https:\/\/lararkarriar.se\/grundskola\/wp-content\/uploads\/sites\/12\/2018\/02\/tyreso-y5a6582.jpg","keywords":["Bergfotens skola","Digitala verktyg","Digitalisering","IKT","Kommun","Nybodaskolan","Programmering","Strandskolan","Tyres\u00f6","Tyres\u00f6 kommun","Tyres\u00f6 skola","Utveckling"],"articleSection":["Presentation"],"inLanguage":"sv-SE"},{"@type":"WebPage","@id":"https:\/\/lararkarriar.se\/grundskola\/2018\/02\/15\/tyresos-skolor-bidrar-till-framtidens-undervisning\/","url":"https:\/\/lararkarriar.se\/grundskola\/2018\/02\/15\/tyresos-skolor-bidrar-till-framtidens-undervisning\/","name":"Tyres\u00f6s skolor bidrar till framtidens undervisning - Framtidens Karri\u00e4r \u2013 Grundskolel\u00e4rare","isPartOf":{"@id":"https:\/\/lararkarriar.se\/grundskola\/#website"},"primaryImageOfPage":{"@id":"https:\/\/lararkarriar.se\/grundskola\/2018\/02\/15\/tyresos-skolor-bidrar-till-framtidens-undervisning\/#primaryimage"},"image":{"@id":"https:\/\/lararkarriar.se\/grundskola\/2018\/02\/15\/tyresos-skolor-bidrar-till-framtidens-undervisning\/#primaryimage"},"thumbnailUrl":"https:\/\/lararkarriar.se\/grundskola\/wp-content\/uploads\/sites\/12\/2018\/02\/tyreso-y5a6582.jpg","datePublished":"2018-02-15T09:20:09+00:00","author":{"@id":"https:\/\/lararkarriar.se\/grundskola\/#\/schema\/person\/c8a43eb855191e573b73ecf8987a3b99"},"breadcrumb":{"@id":"https:\/\/lararkarriar.se\/grundskola\/2018\/02\/15\/tyresos-skolor-bidrar-till-framtidens-undervisning\/#breadcrumb"},"inLanguage":"sv-SE","potentialAction":[{"@type":"ReadAction","target":["https:\/\/lararkarriar.se\/grundskola\/2018\/02\/15\/tyresos-skolor-bidrar-till-framtidens-undervisning\/"]}]},{"@type":"ImageObject","inLanguage":"sv-SE","@id":"https:\/\/lararkarriar.se\/grundskola\/2018\/02\/15\/tyresos-skolor-bidrar-till-framtidens-undervisning\/#primaryimage","url":"https:\/\/lararkarriar.se\/grundskola\/wp-content\/uploads\/sites\/12\/2018\/02\/tyreso-y5a6582.jpg","contentUrl":"https:\/\/lararkarriar.se\/grundskola\/wp-content\/uploads\/sites\/12\/2018\/02\/tyreso-y5a6582.jpg","width":1000,"height":667,"caption":"Jesper Samuelsson, rektor p\u00e5 Nyboda\u00adskolan, Monica Nyberg, rektor p\u00e5 Strandskolan och Peter Jansson, pedagog p\u00e5 Bergfotens skola i Tyres\u00f6. Foto: Gonzalo Irigoyen"},{"@type":"BreadcrumbList","@id":"https:\/\/lararkarriar.se\/grundskola\/2018\/02\/15\/tyresos-skolor-bidrar-till-framtidens-undervisning\/#breadcrumb","itemListElement":[{"@type":"ListItem","position":1,"name":"Home","item":"https:\/\/lararkarriar.se\/grundskola\/"},{"@type":"ListItem","position":2,"name":"Tyres\u00f6s skolor bidrar till framtidens undervisning"}]},{"@type":"WebSite","@id":"https:\/\/lararkarriar.se\/grundskola\/#website","url":"https:\/\/lararkarriar.se\/grundskola\/","name":"Framtidens Karri\u00e4r \u2013 Grundskolel\u00e4rare","description":"Just another NMDashboard.se Sites site","potentialAction":[{"@type":"SearchAction","target":{"@type":"EntryPoint","urlTemplate":"https:\/\/lararkarriar.se\/grundskola\/?s={search_term_string}"},"query-input":{"@type":"PropertyValueSpecification","valueRequired":true,"valueName":"search_term_string"}}],"inLanguage":"sv-SE"},{"@type":"Person","@id":"https:\/\/lararkarriar.se\/grundskola\/#\/schema\/person\/c8a43eb855191e573b73ecf8987a3b99","name":"stellanstal","image":{"@type":"ImageObject","inLanguage":"sv-SE","@id":"https:\/\/secure.gravatar.com\/avatar\/cd330fa6bb17f598124b2068ee0b189e4fe0987a50af9d53b78410836060d0c9?s=96&d=mm&r=g","url":"https:\/\/secure.gravatar.com\/avatar\/cd330fa6bb17f598124b2068ee0b189e4fe0987a50af9d53b78410836060d0c9?s=96&d=mm&r=g","contentUrl":"https:\/\/secure.gravatar.com\/avatar\/cd330fa6bb17f598124b2068ee0b189e4fe0987a50af9d53b78410836060d0c9?s=96&d=mm&r=g","caption":"stellanstal"},"url":"https:\/\/lararkarriar.se\/grundskola\/author\/stellanstal\/"}]}},"_links":{"self":[{"href":"https:\/\/lararkarriar.se\/grundskola\/wp-json\/wp\/v2\/posts\/6026","targetHints":{"allow":["GET"]}}],"collection":[{"href":"https:\/\/lararkarriar.se\/grundskola\/wp-json\/wp\/v2\/posts"}],"about":[{"href":"https:\/\/lararkarriar.se\/grundskola\/wp-json\/wp\/v2\/types\/post"}],"author":[{"embeddable":true,"href":"https:\/\/lararkarriar.se\/grundskola\/wp-json\/wp\/v2\/users\/3"}],"replies":[{"embeddable":true,"href":"https:\/\/lararkarriar.se\/grundskola\/wp-json\/wp\/v2\/comments?post=6026"}],"version-history":[{"count":0,"href":"https:\/\/lararkarriar.se\/grundskola\/wp-json\/wp\/v2\/posts\/6026\/revisions"}],"wp:featuredmedia":[{"embeddable":true,"href":"https:\/\/lararkarriar.se\/grundskola\/wp-json\/wp\/v2\/media\/6029"}],"wp:attachment":[{"href":"https:\/\/lararkarriar.se\/grundskola\/wp-json\/wp\/v2\/media?parent=6026"}],"wp:term":[{"taxonomy":"category","embeddable":true,"href":"https:\/\/lararkarriar.se\/grundskola\/wp-json\/wp\/v2\/categories?post=6026"},{"taxonomy":"post_tag","embeddable":true,"href":"https:\/\/lararkarriar.se\/grundskola\/wp-json\/wp\/v2\/tags?post=6026"}],"curies":[{"name":"wp","href":"https:\/\/api.w.org\/{rel}","templated":true}]}}