{"id":6048,"date":"2018-02-15T10:57:07","date_gmt":"2018-02-15T08:57:07","guid":{"rendered":"http:\/\/lararkarriar.se\/grundskola\/?p=6048"},"modified":"2018-02-15T10:57:07","modified_gmt":"2018-02-15T08:57:07","slug":"hoor-har-fokus-pa-utveckling","status":"publish","type":"post","link":"https:\/\/lararkarriar.se\/grundskola\/2018\/02\/15\/hoor-har-fokus-pa-utveckling\/","title":{"rendered":"H\u00f6\u00f6r har fokus p\u00e5 utveckling"},"content":{"rendered":"<p><figure id=\"attachment_6049\" aria-describedby=\"caption-attachment-6049\" style=\"width: 1000px\" class=\"wp-caption alignnone\"><img loading=\"lazy\" decoding=\"async\" src=\"https:\/\/lararkarriar.se\/grundskola\/wp-content\/uploads\/sites\/12\/2018\/02\/hoor-dsc-7794.jpg\" alt=\"Susanne Thomasson, rektor f\u00f6r Ringsj\u00f6skolan och Tj\u00f6rnarps skola och Louice MacDonald, utvecklingsstrateg i H\u00f6\u00f6r. Foto: Andreas Svegland\" width=\"1000\" height=\"678\" class=\"size-full wp-image-6049\" srcset=\"https:\/\/lararkarriar.se\/grundskola\/wp-content\/uploads\/sites\/12\/2018\/02\/hoor-dsc-7794.jpg 1000w, https:\/\/lararkarriar.se\/grundskola\/wp-content\/uploads\/sites\/12\/2018\/02\/hoor-dsc-7794-300x203.jpg 300w, https:\/\/lararkarriar.se\/grundskola\/wp-content\/uploads\/sites\/12\/2018\/02\/hoor-dsc-7794-768x521.jpg 768w, https:\/\/lararkarriar.se\/grundskola\/wp-content\/uploads\/sites\/12\/2018\/02\/hoor-dsc-7794-236x160.jpg 236w, https:\/\/lararkarriar.se\/grundskola\/wp-content\/uploads\/sites\/12\/2018\/02\/hoor-dsc-7794-526x357.jpg 526w, https:\/\/lararkarriar.se\/grundskola\/wp-content\/uploads\/sites\/12\/2018\/02\/hoor-dsc-7794-720x488.jpg 720w, https:\/\/lararkarriar.se\/grundskola\/wp-content\/uploads\/sites\/12\/2018\/02\/hoor-dsc-7794-960x651.jpg 960w\" sizes=\"auto, (max-width: 1000px) 100vw, 1000px\" \/><figcaption id=\"caption-attachment-6049\" class=\"wp-caption-text\">Susanne Thomasson, rektor f\u00f6r Ringsj\u00f6skolan och Tj\u00f6rnarps skola och Louice MacDonald, utvecklingsstrateg i H\u00f6\u00f6r. Foto: Andreas Svegland<\/figcaption><\/figure><strong>Mitt i centrala Sk\u00e5ne ligger H\u00f6\u00f6r, en lite mindre och lite n\u00e4rmare kommun, som str\u00e4var efter att bli en av de attraktivaste arbetsplatserna f\u00f6r pedagoger i Sverige. Med det m\u00e5let i sikte har kommunen inf\u00f6rt en m\u00e4ngd olika \u00e5tg\u00e4rder, med mycket positiva resultat.<\/strong><\/p>\n<p>\u2013 Vi drar nytta av v\u00e5r mindre storlek genom att ha t\u00e4ta samarbeten mellan skolor och f\u00f6rvaltning p\u00e5 ett s\u00e4tt som \u00e4r sv\u00e5rt i en st\u00f6rre kommun. Det finns ett fokus p\u00e5 utveckling hos alla h\u00e4r, oavsett om det g\u00e4ller chefer eller pedagoger, och var och en \u00e4r en del av ett helhetst\u00e4nk d\u00e4r l\u00e4rare och elever finns i centrum, betonar Louice MacDonald, utvecklingsstrateg i H\u00f6\u00f6r.<br \/>\nSkolorna i H\u00f6\u00f6rs kommun har under l\u00e4s\u00e5ret arbetat kommun\u00f6vergripande med profession och l\u00e4rares yrkesetik som ett led i att ta steg i den egna utvecklingen och skapa en likv\u00e4rdighet och r\u00f6d tr\u00e5d.<br \/>\n\u2013 I H\u00f6\u00f6rs kommun satsar vi p\u00e5 teamarbete med socialpedagog p\u00e5 skolorna, f\u00f6r att fr\u00e4mja elevers n\u00e4rvaro, som ett led i att l\u00e4rarna ska kunna fokusera mer p\u00e5 det pedagogiska uppdraget.<\/p>\n<p><strong>St\u00f6ttande utvecklingsavdelning<\/strong><br \/>\nEn av de viktigaste insatserna i kommunen \u00e4r att en skolutvecklingsavdelning inf\u00f6rts, som omfattar s\u00e5v\u00e4l IKT-ansvariga som utvecklingsstrateg. Syftet \u00e4r att tillhandah\u00e5lla st\u00f6d i arbetet f\u00f6r personalen, med s\u00e4rskild inriktning p\u00e5 ledarskap och profession.<br \/>\n\u2013 En annan \u00e5tg\u00e4rd \u00e4r ett ut\u00f6kat kollegialt samarbete i l\u00e4rgrupper som v\u00e5ra f\u00f6rstel\u00e4rare leder. Samarbetet medf\u00f6r ett kunskapsutbyte och en levande dialog om allt fr\u00e5n yrkesetik till bed\u00f6mning och ledarskap inom yrkesk\u00e5ren, ber\u00e4ttar Susanne Thomasson, rektor f\u00f6r Ringsj\u00f6skolan och Tj\u00f6rn\u00adarps skola.<\/p>\n<p><strong>Samarbete och digitalisering<\/strong><br \/>\nH\u00f6\u00f6rs kommun satsar p\u00e5 gemensamma r\u00e4ttningsdagar f\u00f6r nationella prov d\u00e4r pedagogerna har m\u00f6jlighet till kollegialt samarbete och sambed\u00f6mning f\u00f6r att skapa en likv\u00e4rdighet.<br \/>\n\u2013 Vi avlastar l\u00e4rarna vid r\u00e4ttning av de nationella proven och vikarie s\u00e4tts in s\u00e5 r\u00e4ttningen kan ske tillsammans med kollegorna, ber\u00e4ttar Susanne Thomasson.<br \/>\nL\u00e4rarna har under l\u00e4s\u00e5ret utbildats i programmering och detta kommer att forts\u00e4tta n\u00e4sta l\u00e4s\u00e5r f\u00f6r att kunna m\u00f6ta de nya kraven i l\u00e4roplanen vad g\u00e4ller digitalisering.<br \/>\n\u2013 Detta \u00e4r en del i det omfattande digitala utvecklingsarbete som p\u00e5g\u00e5r i H\u00f6\u00f6r. Vi l\u00e4gger mycket krut p\u00e5 att utbilda v\u00e5ra l\u00e4rare f\u00f6r att ge dem en gedigen kompetens f\u00f6r att hantera framtidens krav. I H\u00f6\u00f6rs kommun kan man helt enkelt ta ett steg fram\u00e5t i sin yrkesroll, understryker Louice.<\/p>\n<div class=\"faktaruta-title\">H\u00f6\u00f6rs kommun<\/div><div class=\"faktaruta\">H\u00f6\u00f6r ligger mitt i Sk\u00e5ne, 20 minuter fr\u00e5n Lund, 32 fr\u00e5n Malm\u00f6, 13 fr\u00e5n H\u00e4ssleholm, 34 fr\u00e5n Osby, 42 fr\u00e5n Kristianstad, 52 fr\u00e5n Helsingborg. I hela kommunen bor drygt 16&nbsp;000 personer och vi \u00f6kar stadigt. H\u00f6\u00f6r \u00e4r en popul\u00e4r kommun f\u00f6r barnfamiljer och vi utvecklar skolverksamheten f\u00f6r att m\u00f6ta behoven. I H\u00f6\u00f6rs kommun finns fem kommunala och fyra frist\u00e5ende grundskolor. V\u00e5ra skolor finns i stadsmilj\u00f6 och p\u00e5 landet.<\/p>\n<p>H\u00f6\u00f6rs kommun<br \/>\nBox 53<br \/>\n243 21 H\u00f6\u00f6r<br \/>\nTel: 0413-280 00<br \/>\n<em>E-post: <a href=\"mailto:kommun@hoor.se\">kommun@hoor.se<\/a><\/em><br \/>\n<strong><a href=\"http:\/\/www.hoor.se\" rel=\"noopener noreferrer\" target=\"_blank\">www.hoor.se<\/a><\/strong><\/br><br \/>\n<a href=\"http:\/\/www.hoor.se\" rel=\"noopener noreferrer\" target=\"_blank\"><img loading=\"lazy\" decoding=\"async\" src=\"http:\/\/lararkarriar.se\/grundskola\/wp-content\/uploads\/2018\/02\/hoor-logo-farg-530x172.png\" alt=\"\" width=\"332\" height=\"108\" class=\"alignnone size-large wp-image-6050\" \/><\/a><\/div>\n","protected":false},"excerpt":{"rendered":"<p>Mitt i centrala Sk\u00e5ne ligger H\u00f6\u00f6r, en lite mindre och lite n\u00e4rmare kommun, som str\u00e4var&#8230;<\/p>\n","protected":false},"author":3,"featured_media":6049,"comment_status":"closed","ping_status":"open","sticky":false,"template":"","format":"standard","meta":{"_acf_changed":false,"_monsterinsights_skip_tracking":false,"_monsterinsights_sitenote_active":false,"_monsterinsights_sitenote_note":"","_monsterinsights_sitenote_category":0,"footnotes":""},"categories":[7],"tags":[136,137,143,169,189,216,313,317,329,391,427],"class_list":["post-6048","post","type-post","status-publish","format-standard","has-post-thumbnail","hentry","category-presentation","tag-hoor","tag-hoors-kommun","tag-ikt","tag-kommun","tag-kunskapsutbyte","tag-ledarskap","tag-ringsjoskolan","tag-samarbete","tag-skane","tag-tjornarps-skola","tag-utveckling"],"acf":[],"yoast_head":"<!-- This site is optimized with the Yoast SEO plugin v27.3 - https:\/\/yoast.com\/product\/yoast-seo-wordpress\/ -->\n<title>H\u00f6\u00f6r har fokus p\u00e5 utveckling - Framtidens Karri\u00e4r \u2013 Grundskolel\u00e4rare<\/title>\n<meta name=\"robots\" content=\"index, follow, max-snippet:-1, max-image-preview:large, max-video-preview:-1\" \/>\n<link rel=\"canonical\" href=\"https:\/\/lararkarriar.se\/grundskola\/2018\/02\/15\/hoor-har-fokus-pa-utveckling\/\" \/>\n<meta property=\"og:locale\" content=\"sv_SE\" \/>\n<meta property=\"og:type\" content=\"article\" \/>\n<meta property=\"og:title\" content=\"H\u00f6\u00f6r har fokus p\u00e5 utveckling - Framtidens Karri\u00e4r \u2013 Grundskolel\u00e4rare\" \/>\n<meta property=\"og:description\" content=\"Mitt i centrala Sk\u00e5ne ligger H\u00f6\u00f6r, en lite mindre och lite n\u00e4rmare kommun, som str\u00e4var...\" \/>\n<meta property=\"og:url\" content=\"https:\/\/lararkarriar.se\/grundskola\/2018\/02\/15\/hoor-har-fokus-pa-utveckling\/\" \/>\n<meta property=\"og:site_name\" content=\"Framtidens Karri\u00e4r \u2013 Grundskolel\u00e4rare\" \/>\n<meta property=\"article:published_time\" content=\"2018-02-15T08:57:07+00:00\" \/>\n<meta property=\"og:image\" content=\"https:\/\/lararkarriar.se\/grundskola\/wp-content\/uploads\/sites\/12\/2018\/02\/hoor-dsc-7794.jpg\" \/>\n\t<meta property=\"og:image:width\" content=\"1000\" \/>\n\t<meta property=\"og:image:height\" content=\"678\" \/>\n\t<meta property=\"og:image:type\" content=\"image\/jpeg\" \/>\n<meta name=\"author\" content=\"stellanstal\" \/>\n<meta name=\"twitter:card\" content=\"summary_large_image\" \/>\n<meta name=\"twitter:label1\" content=\"Skriven av\" \/>\n\t<meta name=\"twitter:data1\" content=\"stellanstal\" \/>\n\t<meta name=\"twitter:label2\" content=\"Ber\u00e4knad l\u00e4stid\" \/>\n\t<meta name=\"twitter:data2\" content=\"3 minuter\" \/>\n<script type=\"application\/ld+json\" class=\"yoast-schema-graph\">{\"@context\":\"https:\\\/\\\/schema.org\",\"@graph\":[{\"@type\":\"Article\",\"@id\":\"https:\\\/\\\/lararkarriar.se\\\/grundskola\\\/2018\\\/02\\\/15\\\/hoor-har-fokus-pa-utveckling\\\/#article\",\"isPartOf\":{\"@id\":\"https:\\\/\\\/lararkarriar.se\\\/grundskola\\\/2018\\\/02\\\/15\\\/hoor-har-fokus-pa-utveckling\\\/\"},\"author\":{\"name\":\"stellanstal\",\"@id\":\"https:\\\/\\\/lararkarriar.se\\\/grundskola\\\/#\\\/schema\\\/person\\\/c8a43eb855191e573b73ecf8987a3b99\"},\"headline\":\"H\u00f6\u00f6r har fokus p\u00e5 utveckling\",\"datePublished\":\"2018-02-15T08:57:07+00:00\",\"mainEntityOfPage\":{\"@id\":\"https:\\\/\\\/lararkarriar.se\\\/grundskola\\\/2018\\\/02\\\/15\\\/hoor-har-fokus-pa-utveckling\\\/\"},\"wordCount\":597,\"image\":{\"@id\":\"https:\\\/\\\/lararkarriar.se\\\/grundskola\\\/2018\\\/02\\\/15\\\/hoor-har-fokus-pa-utveckling\\\/#primaryimage\"},\"thumbnailUrl\":\"https:\\\/\\\/lararkarriar.se\\\/grundskola\\\/wp-content\\\/uploads\\\/sites\\\/12\\\/2018\\\/02\\\/hoor-dsc-7794.jpg\",\"keywords\":[\"H\u00f6\u00f6r\",\"H\u00f6\u00f6rs kommun\",\"IKT\",\"Kommun\",\"Kunskapsutbyte\",\"Ledarskap\",\"Ringsj\u00f6skolan\",\"Samarbete\",\"Sk\u00e5ne\",\"Tj\u00f6rnarps skola\",\"Utveckling\"],\"articleSection\":[\"Presentation\"],\"inLanguage\":\"sv-SE\"},{\"@type\":\"WebPage\",\"@id\":\"https:\\\/\\\/lararkarriar.se\\\/grundskola\\\/2018\\\/02\\\/15\\\/hoor-har-fokus-pa-utveckling\\\/\",\"url\":\"https:\\\/\\\/lararkarriar.se\\\/grundskola\\\/2018\\\/02\\\/15\\\/hoor-har-fokus-pa-utveckling\\\/\",\"name\":\"H\u00f6\u00f6r har fokus p\u00e5 utveckling - Framtidens Karri\u00e4r \u2013 Grundskolel\u00e4rare\",\"isPartOf\":{\"@id\":\"https:\\\/\\\/lararkarriar.se\\\/grundskola\\\/#website\"},\"primaryImageOfPage\":{\"@id\":\"https:\\\/\\\/lararkarriar.se\\\/grundskola\\\/2018\\\/02\\\/15\\\/hoor-har-fokus-pa-utveckling\\\/#primaryimage\"},\"image\":{\"@id\":\"https:\\\/\\\/lararkarriar.se\\\/grundskola\\\/2018\\\/02\\\/15\\\/hoor-har-fokus-pa-utveckling\\\/#primaryimage\"},\"thumbnailUrl\":\"https:\\\/\\\/lararkarriar.se\\\/grundskola\\\/wp-content\\\/uploads\\\/sites\\\/12\\\/2018\\\/02\\\/hoor-dsc-7794.jpg\",\"datePublished\":\"2018-02-15T08:57:07+00:00\",\"author\":{\"@id\":\"https:\\\/\\\/lararkarriar.se\\\/grundskola\\\/#\\\/schema\\\/person\\\/c8a43eb855191e573b73ecf8987a3b99\"},\"breadcrumb\":{\"@id\":\"https:\\\/\\\/lararkarriar.se\\\/grundskola\\\/2018\\\/02\\\/15\\\/hoor-har-fokus-pa-utveckling\\\/#breadcrumb\"},\"inLanguage\":\"sv-SE\",\"potentialAction\":[{\"@type\":\"ReadAction\",\"target\":[\"https:\\\/\\\/lararkarriar.se\\\/grundskola\\\/2018\\\/02\\\/15\\\/hoor-har-fokus-pa-utveckling\\\/\"]}]},{\"@type\":\"ImageObject\",\"inLanguage\":\"sv-SE\",\"@id\":\"https:\\\/\\\/lararkarriar.se\\\/grundskola\\\/2018\\\/02\\\/15\\\/hoor-har-fokus-pa-utveckling\\\/#primaryimage\",\"url\":\"https:\\\/\\\/lararkarriar.se\\\/grundskola\\\/wp-content\\\/uploads\\\/sites\\\/12\\\/2018\\\/02\\\/hoor-dsc-7794.jpg\",\"contentUrl\":\"https:\\\/\\\/lararkarriar.se\\\/grundskola\\\/wp-content\\\/uploads\\\/sites\\\/12\\\/2018\\\/02\\\/hoor-dsc-7794.jpg\",\"width\":1000,\"height\":678,\"caption\":\"Susanne Thomasson, rektor f\u00f6r Ringsj\u00f6skolan och Tj\u00f6rnarps skola och Louice MacDonald, utvecklingsstrateg i H\u00f6\u00f6r. Foto: Andreas Svegland\"},{\"@type\":\"BreadcrumbList\",\"@id\":\"https:\\\/\\\/lararkarriar.se\\\/grundskola\\\/2018\\\/02\\\/15\\\/hoor-har-fokus-pa-utveckling\\\/#breadcrumb\",\"itemListElement\":[{\"@type\":\"ListItem\",\"position\":1,\"name\":\"Home\",\"item\":\"https:\\\/\\\/lararkarriar.se\\\/grundskola\\\/\"},{\"@type\":\"ListItem\",\"position\":2,\"name\":\"H\u00f6\u00f6r har fokus p\u00e5 utveckling\"}]},{\"@type\":\"WebSite\",\"@id\":\"https:\\\/\\\/lararkarriar.se\\\/grundskola\\\/#website\",\"url\":\"https:\\\/\\\/lararkarriar.se\\\/grundskola\\\/\",\"name\":\"Framtidens Karri\u00e4r \u2013 Grundskolel\u00e4rare\",\"description\":\"Just another NMDashboard.se Sites site\",\"potentialAction\":[{\"@type\":\"SearchAction\",\"target\":{\"@type\":\"EntryPoint\",\"urlTemplate\":\"https:\\\/\\\/lararkarriar.se\\\/grundskola\\\/?s={search_term_string}\"},\"query-input\":{\"@type\":\"PropertyValueSpecification\",\"valueRequired\":true,\"valueName\":\"search_term_string\"}}],\"inLanguage\":\"sv-SE\"},{\"@type\":\"Person\",\"@id\":\"https:\\\/\\\/lararkarriar.se\\\/grundskola\\\/#\\\/schema\\\/person\\\/c8a43eb855191e573b73ecf8987a3b99\",\"name\":\"stellanstal\",\"image\":{\"@type\":\"ImageObject\",\"inLanguage\":\"sv-SE\",\"@id\":\"https:\\\/\\\/secure.gravatar.com\\\/avatar\\\/cd330fa6bb17f598124b2068ee0b189e4fe0987a50af9d53b78410836060d0c9?s=96&d=mm&r=g\",\"url\":\"https:\\\/\\\/secure.gravatar.com\\\/avatar\\\/cd330fa6bb17f598124b2068ee0b189e4fe0987a50af9d53b78410836060d0c9?s=96&d=mm&r=g\",\"contentUrl\":\"https:\\\/\\\/secure.gravatar.com\\\/avatar\\\/cd330fa6bb17f598124b2068ee0b189e4fe0987a50af9d53b78410836060d0c9?s=96&d=mm&r=g\",\"caption\":\"stellanstal\"},\"url\":\"https:\\\/\\\/lararkarriar.se\\\/grundskola\\\/author\\\/stellanstal\\\/\"}]}<\/script>\n<!-- \/ Yoast SEO plugin. -->","yoast_head_json":{"title":"H\u00f6\u00f6r har fokus p\u00e5 utveckling - Framtidens Karri\u00e4r \u2013 Grundskolel\u00e4rare","robots":{"index":"index","follow":"follow","max-snippet":"max-snippet:-1","max-image-preview":"max-image-preview:large","max-video-preview":"max-video-preview:-1"},"canonical":"https:\/\/lararkarriar.se\/grundskola\/2018\/02\/15\/hoor-har-fokus-pa-utveckling\/","og_locale":"sv_SE","og_type":"article","og_title":"H\u00f6\u00f6r har fokus p\u00e5 utveckling - Framtidens Karri\u00e4r \u2013 Grundskolel\u00e4rare","og_description":"Mitt i centrala Sk\u00e5ne ligger H\u00f6\u00f6r, en lite mindre och lite n\u00e4rmare kommun, som str\u00e4var...","og_url":"https:\/\/lararkarriar.se\/grundskola\/2018\/02\/15\/hoor-har-fokus-pa-utveckling\/","og_site_name":"Framtidens Karri\u00e4r \u2013 Grundskolel\u00e4rare","article_published_time":"2018-02-15T08:57:07+00:00","og_image":[{"width":1000,"height":678,"url":"https:\/\/lararkarriar.se\/grundskola\/wp-content\/uploads\/sites\/12\/2018\/02\/hoor-dsc-7794.jpg","type":"image\/jpeg"}],"author":"stellanstal","twitter_card":"summary_large_image","twitter_misc":{"Skriven av":"stellanstal","Ber\u00e4knad l\u00e4stid":"3 minuter"},"schema":{"@context":"https:\/\/schema.org","@graph":[{"@type":"Article","@id":"https:\/\/lararkarriar.se\/grundskola\/2018\/02\/15\/hoor-har-fokus-pa-utveckling\/#article","isPartOf":{"@id":"https:\/\/lararkarriar.se\/grundskola\/2018\/02\/15\/hoor-har-fokus-pa-utveckling\/"},"author":{"name":"stellanstal","@id":"https:\/\/lararkarriar.se\/grundskola\/#\/schema\/person\/c8a43eb855191e573b73ecf8987a3b99"},"headline":"H\u00f6\u00f6r har fokus p\u00e5 utveckling","datePublished":"2018-02-15T08:57:07+00:00","mainEntityOfPage":{"@id":"https:\/\/lararkarriar.se\/grundskola\/2018\/02\/15\/hoor-har-fokus-pa-utveckling\/"},"wordCount":597,"image":{"@id":"https:\/\/lararkarriar.se\/grundskola\/2018\/02\/15\/hoor-har-fokus-pa-utveckling\/#primaryimage"},"thumbnailUrl":"https:\/\/lararkarriar.se\/grundskola\/wp-content\/uploads\/sites\/12\/2018\/02\/hoor-dsc-7794.jpg","keywords":["H\u00f6\u00f6r","H\u00f6\u00f6rs kommun","IKT","Kommun","Kunskapsutbyte","Ledarskap","Ringsj\u00f6skolan","Samarbete","Sk\u00e5ne","Tj\u00f6rnarps skola","Utveckling"],"articleSection":["Presentation"],"inLanguage":"sv-SE"},{"@type":"WebPage","@id":"https:\/\/lararkarriar.se\/grundskola\/2018\/02\/15\/hoor-har-fokus-pa-utveckling\/","url":"https:\/\/lararkarriar.se\/grundskola\/2018\/02\/15\/hoor-har-fokus-pa-utveckling\/","name":"H\u00f6\u00f6r har fokus p\u00e5 utveckling - Framtidens Karri\u00e4r \u2013 Grundskolel\u00e4rare","isPartOf":{"@id":"https:\/\/lararkarriar.se\/grundskola\/#website"},"primaryImageOfPage":{"@id":"https:\/\/lararkarriar.se\/grundskola\/2018\/02\/15\/hoor-har-fokus-pa-utveckling\/#primaryimage"},"image":{"@id":"https:\/\/lararkarriar.se\/grundskola\/2018\/02\/15\/hoor-har-fokus-pa-utveckling\/#primaryimage"},"thumbnailUrl":"https:\/\/lararkarriar.se\/grundskola\/wp-content\/uploads\/sites\/12\/2018\/02\/hoor-dsc-7794.jpg","datePublished":"2018-02-15T08:57:07+00:00","author":{"@id":"https:\/\/lararkarriar.se\/grundskola\/#\/schema\/person\/c8a43eb855191e573b73ecf8987a3b99"},"breadcrumb":{"@id":"https:\/\/lararkarriar.se\/grundskola\/2018\/02\/15\/hoor-har-fokus-pa-utveckling\/#breadcrumb"},"inLanguage":"sv-SE","potentialAction":[{"@type":"ReadAction","target":["https:\/\/lararkarriar.se\/grundskola\/2018\/02\/15\/hoor-har-fokus-pa-utveckling\/"]}]},{"@type":"ImageObject","inLanguage":"sv-SE","@id":"https:\/\/lararkarriar.se\/grundskola\/2018\/02\/15\/hoor-har-fokus-pa-utveckling\/#primaryimage","url":"https:\/\/lararkarriar.se\/grundskola\/wp-content\/uploads\/sites\/12\/2018\/02\/hoor-dsc-7794.jpg","contentUrl":"https:\/\/lararkarriar.se\/grundskola\/wp-content\/uploads\/sites\/12\/2018\/02\/hoor-dsc-7794.jpg","width":1000,"height":678,"caption":"Susanne Thomasson, rektor f\u00f6r Ringsj\u00f6skolan och Tj\u00f6rnarps skola och Louice MacDonald, utvecklingsstrateg i H\u00f6\u00f6r. Foto: Andreas Svegland"},{"@type":"BreadcrumbList","@id":"https:\/\/lararkarriar.se\/grundskola\/2018\/02\/15\/hoor-har-fokus-pa-utveckling\/#breadcrumb","itemListElement":[{"@type":"ListItem","position":1,"name":"Home","item":"https:\/\/lararkarriar.se\/grundskola\/"},{"@type":"ListItem","position":2,"name":"H\u00f6\u00f6r har fokus p\u00e5 utveckling"}]},{"@type":"WebSite","@id":"https:\/\/lararkarriar.se\/grundskola\/#website","url":"https:\/\/lararkarriar.se\/grundskola\/","name":"Framtidens Karri\u00e4r \u2013 Grundskolel\u00e4rare","description":"Just another NMDashboard.se Sites site","potentialAction":[{"@type":"SearchAction","target":{"@type":"EntryPoint","urlTemplate":"https:\/\/lararkarriar.se\/grundskola\/?s={search_term_string}"},"query-input":{"@type":"PropertyValueSpecification","valueRequired":true,"valueName":"search_term_string"}}],"inLanguage":"sv-SE"},{"@type":"Person","@id":"https:\/\/lararkarriar.se\/grundskola\/#\/schema\/person\/c8a43eb855191e573b73ecf8987a3b99","name":"stellanstal","image":{"@type":"ImageObject","inLanguage":"sv-SE","@id":"https:\/\/secure.gravatar.com\/avatar\/cd330fa6bb17f598124b2068ee0b189e4fe0987a50af9d53b78410836060d0c9?s=96&d=mm&r=g","url":"https:\/\/secure.gravatar.com\/avatar\/cd330fa6bb17f598124b2068ee0b189e4fe0987a50af9d53b78410836060d0c9?s=96&d=mm&r=g","contentUrl":"https:\/\/secure.gravatar.com\/avatar\/cd330fa6bb17f598124b2068ee0b189e4fe0987a50af9d53b78410836060d0c9?s=96&d=mm&r=g","caption":"stellanstal"},"url":"https:\/\/lararkarriar.se\/grundskola\/author\/stellanstal\/"}]}},"_links":{"self":[{"href":"https:\/\/lararkarriar.se\/grundskola\/wp-json\/wp\/v2\/posts\/6048","targetHints":{"allow":["GET"]}}],"collection":[{"href":"https:\/\/lararkarriar.se\/grundskola\/wp-json\/wp\/v2\/posts"}],"about":[{"href":"https:\/\/lararkarriar.se\/grundskola\/wp-json\/wp\/v2\/types\/post"}],"author":[{"embeddable":true,"href":"https:\/\/lararkarriar.se\/grundskola\/wp-json\/wp\/v2\/users\/3"}],"replies":[{"embeddable":true,"href":"https:\/\/lararkarriar.se\/grundskola\/wp-json\/wp\/v2\/comments?post=6048"}],"version-history":[{"count":0,"href":"https:\/\/lararkarriar.se\/grundskola\/wp-json\/wp\/v2\/posts\/6048\/revisions"}],"wp:featuredmedia":[{"embeddable":true,"href":"https:\/\/lararkarriar.se\/grundskola\/wp-json\/wp\/v2\/media\/6049"}],"wp:attachment":[{"href":"https:\/\/lararkarriar.se\/grundskola\/wp-json\/wp\/v2\/media?parent=6048"}],"wp:term":[{"taxonomy":"category","embeddable":true,"href":"https:\/\/lararkarriar.se\/grundskola\/wp-json\/wp\/v2\/categories?post=6048"},{"taxonomy":"post_tag","embeddable":true,"href":"https:\/\/lararkarriar.se\/grundskola\/wp-json\/wp\/v2\/tags?post=6048"}],"curies":[{"name":"wp","href":"https:\/\/api.w.org\/{rel}","templated":true}]}}