{"id":6053,"date":"2018-02-15T10:58:31","date_gmt":"2018-02-15T08:58:31","guid":{"rendered":"http:\/\/lararkarriar.se\/grundskola\/?p=6053"},"modified":"2018-02-15T10:58:31","modified_gmt":"2018-02-15T08:58:31","slug":"vi-har-det-som-kravs-for-att-eleverna-ska-lyckas","status":"publish","type":"post","link":"https:\/\/lararkarriar.se\/grundskola\/2018\/02\/15\/vi-har-det-som-kravs-for-att-eleverna-ska-lyckas\/","title":{"rendered":"Vi har det som kr\u00e4vs f\u00f6r att eleverna ska lyckas"},"content":{"rendered":"<p><figure id=\"attachment_6054\" aria-describedby=\"caption-attachment-6054\" style=\"width: 1000px\" class=\"wp-caption alignnone\"><img loading=\"lazy\" decoding=\"async\" src=\"https:\/\/lararkarriar.se\/grundskola\/wp-content\/uploads\/sites\/12\/2018\/02\/enkoping-andershardevik2.jpg\" alt=\"Anders H\u00e4rdevik, verksamhets\u00adchef vid utbildningsf\u00f6rvaltningen i Enk\u00f6ping. Foto: Per Groth\" width=\"1000\" height=\"692\" class=\"size-full wp-image-6054\" srcset=\"https:\/\/lararkarriar.se\/grundskola\/wp-content\/uploads\/sites\/12\/2018\/02\/enkoping-andershardevik2.jpg 1000w, https:\/\/lararkarriar.se\/grundskola\/wp-content\/uploads\/sites\/12\/2018\/02\/enkoping-andershardevik2-300x208.jpg 300w, https:\/\/lararkarriar.se\/grundskola\/wp-content\/uploads\/sites\/12\/2018\/02\/enkoping-andershardevik2-768x531.jpg 768w, https:\/\/lararkarriar.se\/grundskola\/wp-content\/uploads\/sites\/12\/2018\/02\/enkoping-andershardevik2-231x160.jpg 231w, https:\/\/lararkarriar.se\/grundskola\/wp-content\/uploads\/sites\/12\/2018\/02\/enkoping-andershardevik2-526x364.jpg 526w, https:\/\/lararkarriar.se\/grundskola\/wp-content\/uploads\/sites\/12\/2018\/02\/enkoping-andershardevik2-720x498.jpg 720w, https:\/\/lararkarriar.se\/grundskola\/wp-content\/uploads\/sites\/12\/2018\/02\/enkoping-andershardevik2-960x664.jpg 960w\" sizes=\"auto, (max-width: 1000px) 100vw, 1000px\" \/><figcaption id=\"caption-attachment-6054\" class=\"wp-caption-text\">Anders H\u00e4rdevik, verksamhets\u00adchef vid utbildningsf\u00f6rvaltningen i Enk\u00f6ping. Foto: Per Groth<\/figcaption><\/figure><strong>\u2013 Bra verksamhet har inget med tur och tillf\u00e4lligheter att g\u00f6ra. Det s\u00e4ger Anders H\u00e4rdevik, verksamhetschef vid utbildningsf\u00f6rvaltningen i Enk\u00f6ping, d\u00e4r man med f\u00f6tterna i samtid och blicken mot framtid arbetar h\u00e5rt f\u00f6r att utveckla kommunens skolor till de b\u00e4sta av skolor.<\/strong><\/p>\n<p>Enk\u00f6ping \u00e4r en progressiv kommun som v\u00e5gar g\u00e5 f\u00f6re \u00e4ven n\u00e4r det g\u00e4ller skol- och utbildningsfr\u00e5gor. F\u00f6r tre \u00e5r sedan inf\u00f6rdes central r\u00e4ttning av alla nationella prov. Resultaten f\u00f6ljs \u00f6ver tid, p\u00e5 s\u00e5v\u00e4l individ- som gruppniv\u00e5, med ett tydligt inv\u00e4rde i f\u00f6rskoleklass och ett utv\u00e4rde i \u00e5rskurs 9. I grunden ligger en \u00f6vertygelse om att tidiga insatser ska ge tidiga resultat.<br \/>\n\u2013 Det finns ingen l\u00e4rare som bara har tur och lyckas med elever. Bakom framg\u00e5ngarna ligger h\u00e5rt arbete, kompetens, kvalitet i undervisningen och erfarenhet. F\u00f6r att klara detta kr\u00e4vs stort fokus p\u00e5 uppdraget, modiga samtal och, ja, vi har h\u00f6gt st\u00e4llda f\u00f6rv\u00e4ntningar p\u00e5 varandra. I geng\u00e4ld har alla ett stort friutrymme, s\u00e4ger Anders H\u00e4rdevik. Utg\u00e5ngspunkt \u00e4r alltid fr\u00e5gan: Vad beh\u00f6ver du f\u00f6r att lyckas b\u00e4ttre? En fr\u00e5ga som fungerar i hela styrkedjan; fr\u00e5n elev till verksamhetschef.<\/p>\n<p><strong>Nytt program<\/strong><br \/>\nSom ett led i det arbetet har utbildningsf\u00f6rvaltningen skapat ett professionsutvecklingsprogram som kommer att sj\u00f6s\u00e4ttas inom kort.<br \/>\n\u2013 Programmet riktar sig till s\u00e5v\u00e4l ledning som pedagoger. Grundtanken \u00e4r att rusta v\u00e5ra l\u00e4rare och rektorer med verktyg s\u00e5 att de kan g\u00f6ra sig sj\u00e4lva och uppdraget r\u00e4ttvisa.<br \/>\nDelaktighet \u00e4r en annan viktig faktor i arbetet med att utveckla skolorna i Enk\u00f6ping.<br \/>\n\u2013 Samtliga elever och f\u00f6r\u00e4ldrar skall k\u00e4nna sig v\u00e4lkomna till en skola som tar deras synpunkter p\u00e5 allvar och som uppmuntrar delaktighet. Det inneb\u00e4r inte att alla f\u00e5r som dom vill. Vi ser det som en n\u00f6dv\u00e4ndighet att det gamla skolsystemets struktur f\u00f6r\u00e4ndras. En ny tid kr\u00e4ver metoder och f\u00f6rh\u00e5llningss\u00e4tt som \u00e4r anpassade till samtid och framtid, inte till d\u00e5tid, s\u00e4ger Anders H\u00e4rdevik.<br \/>\nDe strukturer och system som begr\u00e4nsar eleven fr\u00e5n att lyckas ska tas bort.<br \/>\n\u2013 Tidigare har man sagt att alla elever har r\u00e4tt att lyckas. Vi s\u00e4ger att alla elever ska lyckas. Det \u00e4r en stor och mycket v\u00e4sentlig skillnad. Vi har f\u00f6ruts\u00e4ttningarna och allt som kr\u00e4vs f\u00f6r att den visionen ska bli verklighet.<\/p>\n<div class=\"faktaruta-title\">Enk\u00f6pings kommun<\/div><div class=\"faktaruta\">I Enk\u00f6ping \u2013 Sveriges n\u00e4rmaste stad \u2013 satsar vi p\u00e5 v\u00e5ra barn och unga. Vi har en skola i st\u00e4ndig utveckling d\u00e4r barn och ungdomar f\u00e5r m\u00f6jlighet att utveckla sitt allra b\u00e4sta jag inf\u00f6r den egna framtiden. Arbetsgl\u00e4dje och lust att l\u00e4ra ger l\u00f6fte om en h\u00e5llbar kommun, d\u00e4r barn och ungdomar st\u00e5r i fokus.<\/p>\n<p>Enk\u00f6pings kommun<br \/>\nKungsgatan 42<br \/>\n745 80 Enk\u00f6ping<br \/>\nTel: 0171-62 50 00<br \/>\n<strong><a href=\"http:\/\/www.enkoping.se\" rel=\"noopener noreferrer\" target=\"_blank\">www.enkoping.se<\/a><\/strong><\/br><br \/>\n<a href=\"http:\/\/www.enkoping.se\" rel=\"noopener noreferrer\" target=\"_blank\"><img loading=\"lazy\" decoding=\"async\" src=\"http:\/\/lararkarriar.se\/grundskola\/wp-content\/uploads\/2018\/02\/enkoping_ek_logo_liggande_cmyk-530x211.png\" alt=\"\" width=\"332\" height=\"132\" class=\"alignnone size-large wp-image-6055\" \/><\/a><\/div>\n","protected":false},"excerpt":{"rendered":"<p>\u2013 Bra verksamhet har inget med tur och tillf\u00e4lligheter att g\u00f6ra. Det s\u00e4ger Anders H\u00e4rdevik,&#8230;<\/p>\n","protected":false},"author":3,"featured_media":6054,"comment_status":"closed","ping_status":"open","sticky":false,"template":"","format":"standard","meta":{"_acf_changed":false,"_monsterinsights_skip_tracking":false,"_monsterinsights_sitenote_active":false,"_monsterinsights_sitenote_note":"","_monsterinsights_sitenote_category":0,"footnotes":""},"categories":[7],"tags":[20,59,81,82,169,172,193,427],"class_list":["post-6053","post","type-post","status-publish","format-standard","has-post-thumbnail","hentry","category-presentation","tag-arbetsgladje","tag-delaktighet","tag-enkoping","tag-enkopings-kommun","tag-kommun","tag-kompetens","tag-kvalitet","tag-utveckling"],"acf":[],"yoast_head":"<!-- This site is optimized with the Yoast SEO plugin v27.3 - https:\/\/yoast.com\/product\/yoast-seo-wordpress\/ -->\n<title>Vi har det som kr\u00e4vs f\u00f6r att eleverna ska lyckas - Framtidens Karri\u00e4r \u2013 Grundskolel\u00e4rare<\/title>\n<meta name=\"robots\" content=\"index, follow, max-snippet:-1, max-image-preview:large, max-video-preview:-1\" \/>\n<link rel=\"canonical\" href=\"https:\/\/lararkarriar.se\/grundskola\/2018\/02\/15\/vi-har-det-som-kravs-for-att-eleverna-ska-lyckas\/\" \/>\n<meta property=\"og:locale\" content=\"sv_SE\" \/>\n<meta property=\"og:type\" content=\"article\" \/>\n<meta property=\"og:title\" content=\"Vi har det som kr\u00e4vs f\u00f6r att eleverna ska lyckas - Framtidens Karri\u00e4r \u2013 Grundskolel\u00e4rare\" \/>\n<meta property=\"og:description\" content=\"\u2013 Bra verksamhet har inget med tur och tillf\u00e4lligheter att g\u00f6ra. Det s\u00e4ger Anders H\u00e4rdevik,...\" \/>\n<meta property=\"og:url\" content=\"https:\/\/lararkarriar.se\/grundskola\/2018\/02\/15\/vi-har-det-som-kravs-for-att-eleverna-ska-lyckas\/\" \/>\n<meta property=\"og:site_name\" content=\"Framtidens Karri\u00e4r \u2013 Grundskolel\u00e4rare\" \/>\n<meta property=\"article:published_time\" content=\"2018-02-15T08:58:31+00:00\" \/>\n<meta property=\"og:image\" content=\"https:\/\/lararkarriar.se\/grundskola\/wp-content\/uploads\/sites\/12\/2018\/02\/enkoping-andershardevik2.jpg\" \/>\n\t<meta property=\"og:image:width\" content=\"1000\" \/>\n\t<meta property=\"og:image:height\" content=\"692\" \/>\n\t<meta property=\"og:image:type\" content=\"image\/jpeg\" \/>\n<meta name=\"author\" content=\"stellanstal\" \/>\n<meta name=\"twitter:card\" content=\"summary_large_image\" \/>\n<meta name=\"twitter:label1\" content=\"Skriven av\" \/>\n\t<meta name=\"twitter:data1\" content=\"stellanstal\" \/>\n\t<meta name=\"twitter:label2\" content=\"Ber\u00e4knad l\u00e4stid\" \/>\n\t<meta name=\"twitter:data2\" content=\"3 minuter\" \/>\n<script type=\"application\/ld+json\" class=\"yoast-schema-graph\">{\"@context\":\"https:\\\/\\\/schema.org\",\"@graph\":[{\"@type\":\"Article\",\"@id\":\"https:\\\/\\\/lararkarriar.se\\\/grundskola\\\/2018\\\/02\\\/15\\\/vi-har-det-som-kravs-for-att-eleverna-ska-lyckas\\\/#article\",\"isPartOf\":{\"@id\":\"https:\\\/\\\/lararkarriar.se\\\/grundskola\\\/2018\\\/02\\\/15\\\/vi-har-det-som-kravs-for-att-eleverna-ska-lyckas\\\/\"},\"author\":{\"name\":\"stellanstal\",\"@id\":\"https:\\\/\\\/lararkarriar.se\\\/grundskola\\\/#\\\/schema\\\/person\\\/c8a43eb855191e573b73ecf8987a3b99\"},\"headline\":\"Vi har det som kr\u00e4vs f\u00f6r att eleverna ska lyckas\",\"datePublished\":\"2018-02-15T08:58:31+00:00\",\"mainEntityOfPage\":{\"@id\":\"https:\\\/\\\/lararkarriar.se\\\/grundskola\\\/2018\\\/02\\\/15\\\/vi-har-det-som-kravs-for-att-eleverna-ska-lyckas\\\/\"},\"wordCount\":552,\"image\":{\"@id\":\"https:\\\/\\\/lararkarriar.se\\\/grundskola\\\/2018\\\/02\\\/15\\\/vi-har-det-som-kravs-for-att-eleverna-ska-lyckas\\\/#primaryimage\"},\"thumbnailUrl\":\"https:\\\/\\\/lararkarriar.se\\\/grundskola\\\/wp-content\\\/uploads\\\/sites\\\/12\\\/2018\\\/02\\\/enkoping-andershardevik2.jpg\",\"keywords\":[\"Arbetsgl\u00e4dje\",\"Delaktighet\",\"Enk\u00f6ping\",\"Enk\u00f6pings kommun\",\"Kommun\",\"Kompetens\",\"Kvalitet\",\"Utveckling\"],\"articleSection\":[\"Presentation\"],\"inLanguage\":\"sv-SE\"},{\"@type\":\"WebPage\",\"@id\":\"https:\\\/\\\/lararkarriar.se\\\/grundskola\\\/2018\\\/02\\\/15\\\/vi-har-det-som-kravs-for-att-eleverna-ska-lyckas\\\/\",\"url\":\"https:\\\/\\\/lararkarriar.se\\\/grundskola\\\/2018\\\/02\\\/15\\\/vi-har-det-som-kravs-for-att-eleverna-ska-lyckas\\\/\",\"name\":\"Vi har det som kr\u00e4vs f\u00f6r att eleverna ska lyckas - Framtidens Karri\u00e4r \u2013 Grundskolel\u00e4rare\",\"isPartOf\":{\"@id\":\"https:\\\/\\\/lararkarriar.se\\\/grundskola\\\/#website\"},\"primaryImageOfPage\":{\"@id\":\"https:\\\/\\\/lararkarriar.se\\\/grundskola\\\/2018\\\/02\\\/15\\\/vi-har-det-som-kravs-for-att-eleverna-ska-lyckas\\\/#primaryimage\"},\"image\":{\"@id\":\"https:\\\/\\\/lararkarriar.se\\\/grundskola\\\/2018\\\/02\\\/15\\\/vi-har-det-som-kravs-for-att-eleverna-ska-lyckas\\\/#primaryimage\"},\"thumbnailUrl\":\"https:\\\/\\\/lararkarriar.se\\\/grundskola\\\/wp-content\\\/uploads\\\/sites\\\/12\\\/2018\\\/02\\\/enkoping-andershardevik2.jpg\",\"datePublished\":\"2018-02-15T08:58:31+00:00\",\"author\":{\"@id\":\"https:\\\/\\\/lararkarriar.se\\\/grundskola\\\/#\\\/schema\\\/person\\\/c8a43eb855191e573b73ecf8987a3b99\"},\"breadcrumb\":{\"@id\":\"https:\\\/\\\/lararkarriar.se\\\/grundskola\\\/2018\\\/02\\\/15\\\/vi-har-det-som-kravs-for-att-eleverna-ska-lyckas\\\/#breadcrumb\"},\"inLanguage\":\"sv-SE\",\"potentialAction\":[{\"@type\":\"ReadAction\",\"target\":[\"https:\\\/\\\/lararkarriar.se\\\/grundskola\\\/2018\\\/02\\\/15\\\/vi-har-det-som-kravs-for-att-eleverna-ska-lyckas\\\/\"]}]},{\"@type\":\"ImageObject\",\"inLanguage\":\"sv-SE\",\"@id\":\"https:\\\/\\\/lararkarriar.se\\\/grundskola\\\/2018\\\/02\\\/15\\\/vi-har-det-som-kravs-for-att-eleverna-ska-lyckas\\\/#primaryimage\",\"url\":\"https:\\\/\\\/lararkarriar.se\\\/grundskola\\\/wp-content\\\/uploads\\\/sites\\\/12\\\/2018\\\/02\\\/enkoping-andershardevik2.jpg\",\"contentUrl\":\"https:\\\/\\\/lararkarriar.se\\\/grundskola\\\/wp-content\\\/uploads\\\/sites\\\/12\\\/2018\\\/02\\\/enkoping-andershardevik2.jpg\",\"width\":1000,\"height\":692,\"caption\":\"Anders H\u00e4rdevik fotograferad till Enk\u00f6pings kommun presentation i Framtidens Karri\u00e4r Grundskoll\u00e4rare. Foto: Per Groth\"},{\"@type\":\"BreadcrumbList\",\"@id\":\"https:\\\/\\\/lararkarriar.se\\\/grundskola\\\/2018\\\/02\\\/15\\\/vi-har-det-som-kravs-for-att-eleverna-ska-lyckas\\\/#breadcrumb\",\"itemListElement\":[{\"@type\":\"ListItem\",\"position\":1,\"name\":\"Home\",\"item\":\"https:\\\/\\\/lararkarriar.se\\\/grundskola\\\/\"},{\"@type\":\"ListItem\",\"position\":2,\"name\":\"Vi har det som kr\u00e4vs f\u00f6r att eleverna ska lyckas\"}]},{\"@type\":\"WebSite\",\"@id\":\"https:\\\/\\\/lararkarriar.se\\\/grundskola\\\/#website\",\"url\":\"https:\\\/\\\/lararkarriar.se\\\/grundskola\\\/\",\"name\":\"Framtidens Karri\u00e4r \u2013 Grundskolel\u00e4rare\",\"description\":\"Just another NMDashboard.se Sites site\",\"potentialAction\":[{\"@type\":\"SearchAction\",\"target\":{\"@type\":\"EntryPoint\",\"urlTemplate\":\"https:\\\/\\\/lararkarriar.se\\\/grundskola\\\/?s={search_term_string}\"},\"query-input\":{\"@type\":\"PropertyValueSpecification\",\"valueRequired\":true,\"valueName\":\"search_term_string\"}}],\"inLanguage\":\"sv-SE\"},{\"@type\":\"Person\",\"@id\":\"https:\\\/\\\/lararkarriar.se\\\/grundskola\\\/#\\\/schema\\\/person\\\/c8a43eb855191e573b73ecf8987a3b99\",\"name\":\"stellanstal\",\"image\":{\"@type\":\"ImageObject\",\"inLanguage\":\"sv-SE\",\"@id\":\"https:\\\/\\\/secure.gravatar.com\\\/avatar\\\/cd330fa6bb17f598124b2068ee0b189e4fe0987a50af9d53b78410836060d0c9?s=96&d=mm&r=g\",\"url\":\"https:\\\/\\\/secure.gravatar.com\\\/avatar\\\/cd330fa6bb17f598124b2068ee0b189e4fe0987a50af9d53b78410836060d0c9?s=96&d=mm&r=g\",\"contentUrl\":\"https:\\\/\\\/secure.gravatar.com\\\/avatar\\\/cd330fa6bb17f598124b2068ee0b189e4fe0987a50af9d53b78410836060d0c9?s=96&d=mm&r=g\",\"caption\":\"stellanstal\"},\"url\":\"https:\\\/\\\/lararkarriar.se\\\/grundskola\\\/author\\\/stellanstal\\\/\"}]}<\/script>\n<!-- \/ Yoast SEO plugin. -->","yoast_head_json":{"title":"Vi har det som kr\u00e4vs f\u00f6r att eleverna ska lyckas - Framtidens Karri\u00e4r \u2013 Grundskolel\u00e4rare","robots":{"index":"index","follow":"follow","max-snippet":"max-snippet:-1","max-image-preview":"max-image-preview:large","max-video-preview":"max-video-preview:-1"},"canonical":"https:\/\/lararkarriar.se\/grundskola\/2018\/02\/15\/vi-har-det-som-kravs-for-att-eleverna-ska-lyckas\/","og_locale":"sv_SE","og_type":"article","og_title":"Vi har det som kr\u00e4vs f\u00f6r att eleverna ska lyckas - Framtidens Karri\u00e4r \u2013 Grundskolel\u00e4rare","og_description":"\u2013 Bra verksamhet har inget med tur och tillf\u00e4lligheter att g\u00f6ra. Det s\u00e4ger Anders H\u00e4rdevik,...","og_url":"https:\/\/lararkarriar.se\/grundskola\/2018\/02\/15\/vi-har-det-som-kravs-for-att-eleverna-ska-lyckas\/","og_site_name":"Framtidens Karri\u00e4r \u2013 Grundskolel\u00e4rare","article_published_time":"2018-02-15T08:58:31+00:00","og_image":[{"width":1000,"height":692,"url":"https:\/\/lararkarriar.se\/grundskola\/wp-content\/uploads\/sites\/12\/2018\/02\/enkoping-andershardevik2.jpg","type":"image\/jpeg"}],"author":"stellanstal","twitter_card":"summary_large_image","twitter_misc":{"Skriven av":"stellanstal","Ber\u00e4knad l\u00e4stid":"3 minuter"},"schema":{"@context":"https:\/\/schema.org","@graph":[{"@type":"Article","@id":"https:\/\/lararkarriar.se\/grundskola\/2018\/02\/15\/vi-har-det-som-kravs-for-att-eleverna-ska-lyckas\/#article","isPartOf":{"@id":"https:\/\/lararkarriar.se\/grundskola\/2018\/02\/15\/vi-har-det-som-kravs-for-att-eleverna-ska-lyckas\/"},"author":{"name":"stellanstal","@id":"https:\/\/lararkarriar.se\/grundskola\/#\/schema\/person\/c8a43eb855191e573b73ecf8987a3b99"},"headline":"Vi har det som kr\u00e4vs f\u00f6r att eleverna ska lyckas","datePublished":"2018-02-15T08:58:31+00:00","mainEntityOfPage":{"@id":"https:\/\/lararkarriar.se\/grundskola\/2018\/02\/15\/vi-har-det-som-kravs-for-att-eleverna-ska-lyckas\/"},"wordCount":552,"image":{"@id":"https:\/\/lararkarriar.se\/grundskola\/2018\/02\/15\/vi-har-det-som-kravs-for-att-eleverna-ska-lyckas\/#primaryimage"},"thumbnailUrl":"https:\/\/lararkarriar.se\/grundskola\/wp-content\/uploads\/sites\/12\/2018\/02\/enkoping-andershardevik2.jpg","keywords":["Arbetsgl\u00e4dje","Delaktighet","Enk\u00f6ping","Enk\u00f6pings kommun","Kommun","Kompetens","Kvalitet","Utveckling"],"articleSection":["Presentation"],"inLanguage":"sv-SE"},{"@type":"WebPage","@id":"https:\/\/lararkarriar.se\/grundskola\/2018\/02\/15\/vi-har-det-som-kravs-for-att-eleverna-ska-lyckas\/","url":"https:\/\/lararkarriar.se\/grundskola\/2018\/02\/15\/vi-har-det-som-kravs-for-att-eleverna-ska-lyckas\/","name":"Vi har det som kr\u00e4vs f\u00f6r att eleverna ska lyckas - Framtidens Karri\u00e4r \u2013 Grundskolel\u00e4rare","isPartOf":{"@id":"https:\/\/lararkarriar.se\/grundskola\/#website"},"primaryImageOfPage":{"@id":"https:\/\/lararkarriar.se\/grundskola\/2018\/02\/15\/vi-har-det-som-kravs-for-att-eleverna-ska-lyckas\/#primaryimage"},"image":{"@id":"https:\/\/lararkarriar.se\/grundskola\/2018\/02\/15\/vi-har-det-som-kravs-for-att-eleverna-ska-lyckas\/#primaryimage"},"thumbnailUrl":"https:\/\/lararkarriar.se\/grundskola\/wp-content\/uploads\/sites\/12\/2018\/02\/enkoping-andershardevik2.jpg","datePublished":"2018-02-15T08:58:31+00:00","author":{"@id":"https:\/\/lararkarriar.se\/grundskola\/#\/schema\/person\/c8a43eb855191e573b73ecf8987a3b99"},"breadcrumb":{"@id":"https:\/\/lararkarriar.se\/grundskola\/2018\/02\/15\/vi-har-det-som-kravs-for-att-eleverna-ska-lyckas\/#breadcrumb"},"inLanguage":"sv-SE","potentialAction":[{"@type":"ReadAction","target":["https:\/\/lararkarriar.se\/grundskola\/2018\/02\/15\/vi-har-det-som-kravs-for-att-eleverna-ska-lyckas\/"]}]},{"@type":"ImageObject","inLanguage":"sv-SE","@id":"https:\/\/lararkarriar.se\/grundskola\/2018\/02\/15\/vi-har-det-som-kravs-for-att-eleverna-ska-lyckas\/#primaryimage","url":"https:\/\/lararkarriar.se\/grundskola\/wp-content\/uploads\/sites\/12\/2018\/02\/enkoping-andershardevik2.jpg","contentUrl":"https:\/\/lararkarriar.se\/grundskola\/wp-content\/uploads\/sites\/12\/2018\/02\/enkoping-andershardevik2.jpg","width":1000,"height":692,"caption":"Anders H\u00e4rdevik fotograferad till Enk\u00f6pings kommun presentation i Framtidens Karri\u00e4r Grundskoll\u00e4rare. Foto: Per Groth"},{"@type":"BreadcrumbList","@id":"https:\/\/lararkarriar.se\/grundskola\/2018\/02\/15\/vi-har-det-som-kravs-for-att-eleverna-ska-lyckas\/#breadcrumb","itemListElement":[{"@type":"ListItem","position":1,"name":"Home","item":"https:\/\/lararkarriar.se\/grundskola\/"},{"@type":"ListItem","position":2,"name":"Vi har det som kr\u00e4vs f\u00f6r att eleverna ska lyckas"}]},{"@type":"WebSite","@id":"https:\/\/lararkarriar.se\/grundskola\/#website","url":"https:\/\/lararkarriar.se\/grundskola\/","name":"Framtidens Karri\u00e4r \u2013 Grundskolel\u00e4rare","description":"Just another NMDashboard.se Sites site","potentialAction":[{"@type":"SearchAction","target":{"@type":"EntryPoint","urlTemplate":"https:\/\/lararkarriar.se\/grundskola\/?s={search_term_string}"},"query-input":{"@type":"PropertyValueSpecification","valueRequired":true,"valueName":"search_term_string"}}],"inLanguage":"sv-SE"},{"@type":"Person","@id":"https:\/\/lararkarriar.se\/grundskola\/#\/schema\/person\/c8a43eb855191e573b73ecf8987a3b99","name":"stellanstal","image":{"@type":"ImageObject","inLanguage":"sv-SE","@id":"https:\/\/secure.gravatar.com\/avatar\/cd330fa6bb17f598124b2068ee0b189e4fe0987a50af9d53b78410836060d0c9?s=96&d=mm&r=g","url":"https:\/\/secure.gravatar.com\/avatar\/cd330fa6bb17f598124b2068ee0b189e4fe0987a50af9d53b78410836060d0c9?s=96&d=mm&r=g","contentUrl":"https:\/\/secure.gravatar.com\/avatar\/cd330fa6bb17f598124b2068ee0b189e4fe0987a50af9d53b78410836060d0c9?s=96&d=mm&r=g","caption":"stellanstal"},"url":"https:\/\/lararkarriar.se\/grundskola\/author\/stellanstal\/"}]}},"_links":{"self":[{"href":"https:\/\/lararkarriar.se\/grundskola\/wp-json\/wp\/v2\/posts\/6053","targetHints":{"allow":["GET"]}}],"collection":[{"href":"https:\/\/lararkarriar.se\/grundskola\/wp-json\/wp\/v2\/posts"}],"about":[{"href":"https:\/\/lararkarriar.se\/grundskola\/wp-json\/wp\/v2\/types\/post"}],"author":[{"embeddable":true,"href":"https:\/\/lararkarriar.se\/grundskola\/wp-json\/wp\/v2\/users\/3"}],"replies":[{"embeddable":true,"href":"https:\/\/lararkarriar.se\/grundskola\/wp-json\/wp\/v2\/comments?post=6053"}],"version-history":[{"count":0,"href":"https:\/\/lararkarriar.se\/grundskola\/wp-json\/wp\/v2\/posts\/6053\/revisions"}],"wp:featuredmedia":[{"embeddable":true,"href":"https:\/\/lararkarriar.se\/grundskola\/wp-json\/wp\/v2\/media\/6054"}],"wp:attachment":[{"href":"https:\/\/lararkarriar.se\/grundskola\/wp-json\/wp\/v2\/media?parent=6053"}],"wp:term":[{"taxonomy":"category","embeddable":true,"href":"https:\/\/lararkarriar.se\/grundskola\/wp-json\/wp\/v2\/categories?post=6053"},{"taxonomy":"post_tag","embeddable":true,"href":"https:\/\/lararkarriar.se\/grundskola\/wp-json\/wp\/v2\/tags?post=6053"}],"curies":[{"name":"wp","href":"https:\/\/api.w.org\/{rel}","templated":true}]}}