{"id":6063,"date":"2018-02-15T11:07:22","date_gmt":"2018-02-15T09:07:22","guid":{"rendered":"http:\/\/lararkarriar.se\/grundskola\/?p=6063"},"modified":"2018-02-15T11:07:22","modified_gmt":"2018-02-15T09:07:22","slug":"modig-satsning-pa-pedagogik","status":"publish","type":"post","link":"https:\/\/lararkarriar.se\/grundskola\/2018\/02\/15\/modig-satsning-pa-pedagogik\/","title":{"rendered":"Modig satsning p\u00e5 pedagogik"},"content":{"rendered":"<p><figure id=\"attachment_6064\" aria-describedby=\"caption-attachment-6064\" style=\"width: 1000px\" class=\"wp-caption alignnone\"><img loading=\"lazy\" decoding=\"async\" src=\"https:\/\/lararkarriar.se\/grundskola\/wp-content\/uploads\/sites\/12\/2018\/02\/sodertalje-img-6007.jpg\" alt=\"Jenny Stanser, verksamhetschef f\u00f6r S\u00f6dert\u00e4ljes grundskolor och Monica Sonde, utbildnings\u00addirekt\u00f6r i S\u00f6dert\u00e4lje, ser v\u00e4rdet och arbetar h\u00e5rt f\u00f6r att l\u00e4rarna verkligen ska f\u00e5 \u00e4gna sin tid \u00e5t att undervisa med kvalitet.\" width=\"1000\" height=\"692\" class=\"size-full wp-image-6064\" srcset=\"https:\/\/lararkarriar.se\/grundskola\/wp-content\/uploads\/sites\/12\/2018\/02\/sodertalje-img-6007.jpg 1000w, https:\/\/lararkarriar.se\/grundskola\/wp-content\/uploads\/sites\/12\/2018\/02\/sodertalje-img-6007-300x208.jpg 300w, https:\/\/lararkarriar.se\/grundskola\/wp-content\/uploads\/sites\/12\/2018\/02\/sodertalje-img-6007-768x531.jpg 768w, https:\/\/lararkarriar.se\/grundskola\/wp-content\/uploads\/sites\/12\/2018\/02\/sodertalje-img-6007-231x160.jpg 231w, https:\/\/lararkarriar.se\/grundskola\/wp-content\/uploads\/sites\/12\/2018\/02\/sodertalje-img-6007-526x364.jpg 526w, https:\/\/lararkarriar.se\/grundskola\/wp-content\/uploads\/sites\/12\/2018\/02\/sodertalje-img-6007-720x498.jpg 720w, https:\/\/lararkarriar.se\/grundskola\/wp-content\/uploads\/sites\/12\/2018\/02\/sodertalje-img-6007-960x664.jpg 960w\" sizes=\"auto, (max-width: 1000px) 100vw, 1000px\" \/><figcaption id=\"caption-attachment-6064\" class=\"wp-caption-text\">Jenny Stanser, verksamhetschef f\u00f6r S\u00f6dert\u00e4ljes grundskolor och Monica Sonde, utbildnings\u00addirekt\u00f6r i S\u00f6dert\u00e4lje, ser v\u00e4rdet och arbetar h\u00e5rt f\u00f6r att l\u00e4rarna verkligen ska f\u00e5 \u00e4gna sin tid \u00e5t att undervisa med kvalitet.<\/figcaption><\/figure><strong>I S\u00f6dert\u00e4lje h\u00f6r det till vardagen att l\u00e4rarkollegor diskuterar olika pedagogiska metoder. H\u00e4r har kommunen v\u00e5gat prioritera s\u00e5 att l\u00e4rare verkligen f\u00e5r \u00e4gna sig \u00e5t undervisning med kvalitet. <\/strong><\/p>\n<p>Budgetprat, diskussioner om skolmatens kvalitet och lokalfr\u00e5gor. Rektorer och l\u00e4rare kan l\u00e4tt \u00f6versk\u00f6ljas av tidskr\u00e4vande grubblerier som g\u00e5r ut \u00f6ver deras huvudsakliga uppdrag, att v\u00e4cka elevernas lust att l\u00e4ra och f\u00e5 dem att n\u00e5 m\u00e5len i skolan. Men i S\u00f6dert\u00e4lje beh\u00f6ver l\u00e4rare inte k\u00e4nna sig splittrade och fundera p\u00e5 var de ska l\u00e4gga sitt fokus. Sedan flera \u00e5r har man slagit fast att det pedagogiska ledarskapet och l\u00e4rarnas undervisning \u00e4r skolans absolut viktigaste omr\u00e5den.<br \/>\nFr\u00e5n h\u00f6gsta kommuntopp och hela v\u00e4gen genom f\u00f6rvaltning, skolledningar och ut i varje enskilt klassrum har man gjort tydligt att det \u00e4r undervisningens kvalitet som \u00e4r det centrala f\u00f6r verksamheten i alla S\u00f6dert\u00e4ljes kommunala grundskolor.<br \/>\n\u2013 Det kr\u00e4vs kompetens och mod f\u00f6r att prioritera och avgr\u00e4nsa p\u00e5 det s\u00e4ttet. Vi har det modet och ser nu hur satsningen ger resultat, s\u00e4ger Monica Sonde, utbildningsdirekt\u00f6r i S\u00f6dert\u00e4lje.<br \/>\nMonica Sonde syftar p\u00e5 elevernas f\u00f6rb\u00e4ttrade resultat. Tar man dessutom h\u00e4nsyn till att en stor del av S\u00f6dert\u00e4ljes elever har f\u00f6r\u00e4ldrar som \u00e4r studieovana och har ett annat modersm\u00e5l \u00e4n svenska \u00e4r resultaten \u00e4n mer imponerande. S\u00f6dert\u00e4ljes spikraka kurva upp\u00e5t sticker ut nationellt. <\/p>\n<p><strong>Alla jobbar mot samma m\u00e5l<\/strong><br \/>\nAtt man tagit ett kommun\u00f6vergripande grepp kring kvalitetsutvecklingen av undervisningen \u00e4r en nyckel till framg\u00e5ngen. St\u00f6dstrukturen \u00e4r v\u00e4l f\u00f6rankrad i hela organisationen och bidrar till att alla l\u00e4rare, oavsett arbetsplats, har en gemensam m\u00e5ls\u00e4ttning och jobbar p\u00e5 ett enhetligt s\u00e4tt f\u00f6r att n\u00e5 kommunens h\u00f6gt uppsatta f\u00f6rv\u00e4ntningar p\u00e5 deras arbete.<br \/>\nVid ett par tillf\u00e4llen varje termin tr\u00e4ffas exempelvis kommunens alla l\u00e4rare \u00e4mnesvis f\u00f6r att genom f\u00f6rel\u00e4sningar och workshops f\u00e5 inspiration och diskutera hur man ytterligare kan st\u00e4rka undervisningen i respektive \u00e4mne. Det \u00e4r uppskattat.<br \/>\n\u2013 Att kontinuerligt f\u00e5 n\u00e4tverka och utbyta erfarenheter med l\u00e4rarkollegor fr\u00e5n andra skolor som undervisar i samma \u00e4mne som en sj\u00e4lv v\u00e4rderas h\u00f6gt bland l\u00e4rarna. Det \u00e4r fantastiskt att vi under en serie av tillf\u00e4llen bjuder in de mest eftertraktade \u00e4mnesf\u00f6rel\u00e4sarna i landet, s\u00e4ger Jenny Stanser, verksamhetschef f\u00f6r grundskolan p\u00e5 Utbildningsf\u00f6rvaltningen i S\u00f6dert\u00e4lje.<br \/>\nDe stora gemensamma utbildningsdagarna f\u00f6ljs upp och kopplas samman med mindre gruppm\u00f6ten p\u00e5 varje skola var fjortonde dag. I de samtalen kan mer specifika \u00e4mnen diskuteras utifr\u00e5n identifierade omr\u00e5den man har behov av att st\u00e4rka. Som hur man ska f\u00e5 eleverna att bli b\u00e4ttre p\u00e5 att skriva fakta\u00adtexter eller hur l\u00e4rarna kan p\u00e5b\u00f6rja lektionerna f\u00f6r att direkt f\u00e5nga de unga \u00e5h\u00f6rarnas intresse, f\u00f6r att bara ta ett par exempel. <\/p>\n<p><strong>Effektiva metoder<\/strong><br \/>\nS\u00f6dert\u00e4ljes modell grundar sig p\u00e5 forskning, och de metoder man anv\u00e4nder \u00e4r bepr\u00f6vade. Studier har till exempel visat att professioner utvecklas om de filmas i sitt ut\u00f6vande.<br \/>\n\u2013 Det kan till en b\u00f6rjan k\u00e4nnas ovant och upplevas lite utl\u00e4mnande att bli filmad. Men i v\u00e5ra l\u00e4rargrupper \u00e4r det en coachande st\u00e4mning, inte en v\u00e4rderande. Att filma olika pedagogiska grepp ger ett v\u00e4rdefullt underlag f\u00f6r gemensamma diskussioner och har lett fram till flera nyttiga \u201daha-upplevelser\u201d, s\u00e4ger Monica Sonde.<br \/>\nYtterligare en konkret l\u00f6sning f\u00f6r att st\u00e4rka l\u00e4rarna och samtidigt \u00f6ka likv\u00e4rdigheten i bed\u00f6mningen av eleverna \u00e4r den gemensamma r\u00e4ttningen av de nationella proven. I en stor sal samlas l\u00e4rare och granskar proven tillsammans. Uppst\u00e5r tveksamheter om hur n\u00e5got svar ska bed\u00f6mas l\u00e4gger man det i en s\u00e4rskild h\u00f6g som man sedan g\u00e5r igenom tillsammans i grupp.<br \/>\n\u2013 Vi ger l\u00e4rarna st\u00f6d och verktyg f\u00f6r att de verkligen ska f\u00e5 \u00e4gna sig \u00e5t att undervisa p\u00e5 b\u00e4sta m\u00f6jliga s\u00e4tt. Alla uppmuntras till att utveckla sin egen personliga roll som l\u00e4rare men alla utg\u00f6r samtidigt en del i ett lagarbete, s\u00e4ger Jenny Stanser.<\/p>\n<div class=\"faktaruta-title\">S\u00f6dert\u00e4lje kommun<\/div><div class=\"faktaruta\">I S\u00f6dert\u00e4lje har alla kommunala skolor en gemensam modell f\u00f6r det systematiska kvalitetsarbetet. L\u00e4rare uppmuntras till och f\u00f6rv\u00e4ntas att kontinuerligt vilja utvecklas. Att trivsel och h\u00e4lsa bland de anst\u00e4llda v\u00e4rderas h\u00f6gt m\u00e4rks ocks\u00e5 p\u00e5 det frikostiga friskv\u00e5rdsbidraget p\u00e5 3&nbsp;000 kronor per \u00e5r. <\/p>\n<p><strong>Kontaktperson:<\/strong><br \/>\nJenny Stanser, verksamhetschef grundskolan<br \/>\nTel: 08-523 021 92<br \/>\n<em>E-post: <a href=\"mailto:jenny.stanser@sodertalje.se\">jenny.stanser@sodertalje.se<\/a><\/em><br \/>\n<strong><a href=\"http:\/\/www.sodertalje.se\" rel=\"noopener noreferrer\" target=\"_blank\">www.sodertalje.se<\/a><\/strong><\/br><br \/>\n<a href=\"http:\/\/www.sodertalje.se\" rel=\"noopener noreferrer\" target=\"_blank\"><img loading=\"lazy\" decoding=\"async\" src=\"http:\/\/lararkarriar.se\/grundskola\/wp-content\/uploads\/2018\/02\/sodertalje_sodertaljelogga_farg-530x179.png\" alt=\"\" width=\"332\" height=\"112\" class=\"alignnone size-large wp-image-6065\" \/><\/a><\/div>\n","protected":false},"excerpt":{"rendered":"<p>I S\u00f6dert\u00e4lje h\u00f6r det till vardagen att l\u00e4rarkollegor diskuterar olika pedagogiska metoder. H\u00e4r har kommunen&#8230;<\/p>\n","protected":false},"author":3,"featured_media":6064,"comment_status":"closed","ping_status":"open","sticky":false,"template":"","format":"standard","meta":{"_acf_changed":false,"_monsterinsights_skip_tracking":false,"_monsterinsights_sitenote_active":false,"_monsterinsights_sitenote_note":"","_monsterinsights_sitenote_category":0,"footnotes":""},"categories":[7],"tags":[95,169,193,195,263,278,281,349,350,427],"class_list":["post-6063","post","type-post","status-publish","format-standard","has-post-thumbnail","hentry","category-presentation","tag-forskning","tag-kommun","tag-kvalitet","tag-kvalitetsutveckling","tag-natverk","tag-pedagogik","tag-pedagogiskt-verktyg","tag-sodertalje","tag-sodertalje-kommun","tag-utveckling"],"acf":[],"yoast_head":"<!-- This site is optimized with the Yoast SEO plugin v27.3 - https:\/\/yoast.com\/product\/yoast-seo-wordpress\/ -->\n<title>Modig satsning p\u00e5 pedagogik - Framtidens Karri\u00e4r \u2013 Grundskolel\u00e4rare<\/title>\n<meta name=\"robots\" content=\"index, follow, max-snippet:-1, max-image-preview:large, max-video-preview:-1\" \/>\n<link rel=\"canonical\" href=\"https:\/\/lararkarriar.se\/grundskola\/2018\/02\/15\/modig-satsning-pa-pedagogik\/\" \/>\n<meta property=\"og:locale\" content=\"sv_SE\" \/>\n<meta property=\"og:type\" content=\"article\" \/>\n<meta property=\"og:title\" content=\"Modig satsning p\u00e5 pedagogik - Framtidens Karri\u00e4r \u2013 Grundskolel\u00e4rare\" \/>\n<meta property=\"og:description\" content=\"I S\u00f6dert\u00e4lje h\u00f6r det till vardagen att l\u00e4rarkollegor diskuterar olika pedagogiska metoder. H\u00e4r har kommunen...\" \/>\n<meta property=\"og:url\" content=\"https:\/\/lararkarriar.se\/grundskola\/2018\/02\/15\/modig-satsning-pa-pedagogik\/\" \/>\n<meta property=\"og:site_name\" content=\"Framtidens Karri\u00e4r \u2013 Grundskolel\u00e4rare\" \/>\n<meta property=\"article:published_time\" content=\"2018-02-15T09:07:22+00:00\" \/>\n<meta property=\"og:image\" content=\"https:\/\/lararkarriar.se\/grundskola\/wp-content\/uploads\/sites\/12\/2018\/02\/sodertalje-img-6007.jpg\" \/>\n\t<meta property=\"og:image:width\" content=\"1000\" \/>\n\t<meta property=\"og:image:height\" content=\"692\" \/>\n\t<meta property=\"og:image:type\" content=\"image\/jpeg\" \/>\n<meta name=\"author\" content=\"stellanstal\" \/>\n<meta name=\"twitter:card\" content=\"summary_large_image\" \/>\n<meta name=\"twitter:label1\" content=\"Skriven av\" \/>\n\t<meta name=\"twitter:data1\" content=\"stellanstal\" \/>\n\t<meta name=\"twitter:label2\" content=\"Ber\u00e4knad l\u00e4stid\" \/>\n\t<meta name=\"twitter:data2\" content=\"4 minuter\" \/>\n<script type=\"application\/ld+json\" class=\"yoast-schema-graph\">{\"@context\":\"https:\\\/\\\/schema.org\",\"@graph\":[{\"@type\":\"Article\",\"@id\":\"https:\\\/\\\/lararkarriar.se\\\/grundskola\\\/2018\\\/02\\\/15\\\/modig-satsning-pa-pedagogik\\\/#article\",\"isPartOf\":{\"@id\":\"https:\\\/\\\/lararkarriar.se\\\/grundskola\\\/2018\\\/02\\\/15\\\/modig-satsning-pa-pedagogik\\\/\"},\"author\":{\"name\":\"stellanstal\",\"@id\":\"https:\\\/\\\/lararkarriar.se\\\/grundskola\\\/#\\\/schema\\\/person\\\/c8a43eb855191e573b73ecf8987a3b99\"},\"headline\":\"Modig satsning p\u00e5 pedagogik\",\"datePublished\":\"2018-02-15T09:07:22+00:00\",\"mainEntityOfPage\":{\"@id\":\"https:\\\/\\\/lararkarriar.se\\\/grundskola\\\/2018\\\/02\\\/15\\\/modig-satsning-pa-pedagogik\\\/\"},\"wordCount\":868,\"image\":{\"@id\":\"https:\\\/\\\/lararkarriar.se\\\/grundskola\\\/2018\\\/02\\\/15\\\/modig-satsning-pa-pedagogik\\\/#primaryimage\"},\"thumbnailUrl\":\"https:\\\/\\\/lararkarriar.se\\\/grundskola\\\/wp-content\\\/uploads\\\/sites\\\/12\\\/2018\\\/02\\\/sodertalje-img-6007.jpg\",\"keywords\":[\"Forskning\",\"Kommun\",\"Kvalitet\",\"Kvalitetsutveckling\",\"N\u00e4tverk\",\"Pedagogik\",\"Pedagogiskt verktyg\",\"S\u00f6dert\u00e4lje\",\"S\u00f6dert\u00e4lje kommun\",\"Utveckling\"],\"articleSection\":[\"Presentation\"],\"inLanguage\":\"sv-SE\"},{\"@type\":\"WebPage\",\"@id\":\"https:\\\/\\\/lararkarriar.se\\\/grundskola\\\/2018\\\/02\\\/15\\\/modig-satsning-pa-pedagogik\\\/\",\"url\":\"https:\\\/\\\/lararkarriar.se\\\/grundskola\\\/2018\\\/02\\\/15\\\/modig-satsning-pa-pedagogik\\\/\",\"name\":\"Modig satsning p\u00e5 pedagogik - Framtidens Karri\u00e4r \u2013 Grundskolel\u00e4rare\",\"isPartOf\":{\"@id\":\"https:\\\/\\\/lararkarriar.se\\\/grundskola\\\/#website\"},\"primaryImageOfPage\":{\"@id\":\"https:\\\/\\\/lararkarriar.se\\\/grundskola\\\/2018\\\/02\\\/15\\\/modig-satsning-pa-pedagogik\\\/#primaryimage\"},\"image\":{\"@id\":\"https:\\\/\\\/lararkarriar.se\\\/grundskola\\\/2018\\\/02\\\/15\\\/modig-satsning-pa-pedagogik\\\/#primaryimage\"},\"thumbnailUrl\":\"https:\\\/\\\/lararkarriar.se\\\/grundskola\\\/wp-content\\\/uploads\\\/sites\\\/12\\\/2018\\\/02\\\/sodertalje-img-6007.jpg\",\"datePublished\":\"2018-02-15T09:07:22+00:00\",\"author\":{\"@id\":\"https:\\\/\\\/lararkarriar.se\\\/grundskola\\\/#\\\/schema\\\/person\\\/c8a43eb855191e573b73ecf8987a3b99\"},\"breadcrumb\":{\"@id\":\"https:\\\/\\\/lararkarriar.se\\\/grundskola\\\/2018\\\/02\\\/15\\\/modig-satsning-pa-pedagogik\\\/#breadcrumb\"},\"inLanguage\":\"sv-SE\",\"potentialAction\":[{\"@type\":\"ReadAction\",\"target\":[\"https:\\\/\\\/lararkarriar.se\\\/grundskola\\\/2018\\\/02\\\/15\\\/modig-satsning-pa-pedagogik\\\/\"]}]},{\"@type\":\"ImageObject\",\"inLanguage\":\"sv-SE\",\"@id\":\"https:\\\/\\\/lararkarriar.se\\\/grundskola\\\/2018\\\/02\\\/15\\\/modig-satsning-pa-pedagogik\\\/#primaryimage\",\"url\":\"https:\\\/\\\/lararkarriar.se\\\/grundskola\\\/wp-content\\\/uploads\\\/sites\\\/12\\\/2018\\\/02\\\/sodertalje-img-6007.jpg\",\"contentUrl\":\"https:\\\/\\\/lararkarriar.se\\\/grundskola\\\/wp-content\\\/uploads\\\/sites\\\/12\\\/2018\\\/02\\\/sodertalje-img-6007.jpg\",\"width\":1000,\"height\":692,\"caption\":\"Jenny Stanser, verksamhetschef f\u00f6r S\u00f6dert\u00e4ljes grundskolor och Monica Sonde, utbildnings\u00addirekt\u00f6r i S\u00f6dert\u00e4lje, ser v\u00e4rdet och arbetar h\u00e5rt f\u00f6r att l\u00e4rarna verkligen ska f\u00e5 \u00e4gna sin tid \u00e5t att undervisa med kvalitet.\"},{\"@type\":\"BreadcrumbList\",\"@id\":\"https:\\\/\\\/lararkarriar.se\\\/grundskola\\\/2018\\\/02\\\/15\\\/modig-satsning-pa-pedagogik\\\/#breadcrumb\",\"itemListElement\":[{\"@type\":\"ListItem\",\"position\":1,\"name\":\"Home\",\"item\":\"https:\\\/\\\/lararkarriar.se\\\/grundskola\\\/\"},{\"@type\":\"ListItem\",\"position\":2,\"name\":\"Modig satsning p\u00e5 pedagogik\"}]},{\"@type\":\"WebSite\",\"@id\":\"https:\\\/\\\/lararkarriar.se\\\/grundskola\\\/#website\",\"url\":\"https:\\\/\\\/lararkarriar.se\\\/grundskola\\\/\",\"name\":\"Framtidens Karri\u00e4r \u2013 Grundskolel\u00e4rare\",\"description\":\"Just another NMDashboard.se Sites site\",\"potentialAction\":[{\"@type\":\"SearchAction\",\"target\":{\"@type\":\"EntryPoint\",\"urlTemplate\":\"https:\\\/\\\/lararkarriar.se\\\/grundskola\\\/?s={search_term_string}\"},\"query-input\":{\"@type\":\"PropertyValueSpecification\",\"valueRequired\":true,\"valueName\":\"search_term_string\"}}],\"inLanguage\":\"sv-SE\"},{\"@type\":\"Person\",\"@id\":\"https:\\\/\\\/lararkarriar.se\\\/grundskola\\\/#\\\/schema\\\/person\\\/c8a43eb855191e573b73ecf8987a3b99\",\"name\":\"stellanstal\",\"image\":{\"@type\":\"ImageObject\",\"inLanguage\":\"sv-SE\",\"@id\":\"https:\\\/\\\/secure.gravatar.com\\\/avatar\\\/cd330fa6bb17f598124b2068ee0b189e4fe0987a50af9d53b78410836060d0c9?s=96&d=mm&r=g\",\"url\":\"https:\\\/\\\/secure.gravatar.com\\\/avatar\\\/cd330fa6bb17f598124b2068ee0b189e4fe0987a50af9d53b78410836060d0c9?s=96&d=mm&r=g\",\"contentUrl\":\"https:\\\/\\\/secure.gravatar.com\\\/avatar\\\/cd330fa6bb17f598124b2068ee0b189e4fe0987a50af9d53b78410836060d0c9?s=96&d=mm&r=g\",\"caption\":\"stellanstal\"},\"url\":\"https:\\\/\\\/lararkarriar.se\\\/grundskola\\\/author\\\/stellanstal\\\/\"}]}<\/script>\n<!-- \/ Yoast SEO plugin. -->","yoast_head_json":{"title":"Modig satsning p\u00e5 pedagogik - Framtidens Karri\u00e4r \u2013 Grundskolel\u00e4rare","robots":{"index":"index","follow":"follow","max-snippet":"max-snippet:-1","max-image-preview":"max-image-preview:large","max-video-preview":"max-video-preview:-1"},"canonical":"https:\/\/lararkarriar.se\/grundskola\/2018\/02\/15\/modig-satsning-pa-pedagogik\/","og_locale":"sv_SE","og_type":"article","og_title":"Modig satsning p\u00e5 pedagogik - Framtidens Karri\u00e4r \u2013 Grundskolel\u00e4rare","og_description":"I S\u00f6dert\u00e4lje h\u00f6r det till vardagen att l\u00e4rarkollegor diskuterar olika pedagogiska metoder. H\u00e4r har kommunen...","og_url":"https:\/\/lararkarriar.se\/grundskola\/2018\/02\/15\/modig-satsning-pa-pedagogik\/","og_site_name":"Framtidens Karri\u00e4r \u2013 Grundskolel\u00e4rare","article_published_time":"2018-02-15T09:07:22+00:00","og_image":[{"width":1000,"height":692,"url":"https:\/\/lararkarriar.se\/grundskola\/wp-content\/uploads\/sites\/12\/2018\/02\/sodertalje-img-6007.jpg","type":"image\/jpeg"}],"author":"stellanstal","twitter_card":"summary_large_image","twitter_misc":{"Skriven av":"stellanstal","Ber\u00e4knad l\u00e4stid":"4 minuter"},"schema":{"@context":"https:\/\/schema.org","@graph":[{"@type":"Article","@id":"https:\/\/lararkarriar.se\/grundskola\/2018\/02\/15\/modig-satsning-pa-pedagogik\/#article","isPartOf":{"@id":"https:\/\/lararkarriar.se\/grundskola\/2018\/02\/15\/modig-satsning-pa-pedagogik\/"},"author":{"name":"stellanstal","@id":"https:\/\/lararkarriar.se\/grundskola\/#\/schema\/person\/c8a43eb855191e573b73ecf8987a3b99"},"headline":"Modig satsning p\u00e5 pedagogik","datePublished":"2018-02-15T09:07:22+00:00","mainEntityOfPage":{"@id":"https:\/\/lararkarriar.se\/grundskola\/2018\/02\/15\/modig-satsning-pa-pedagogik\/"},"wordCount":868,"image":{"@id":"https:\/\/lararkarriar.se\/grundskola\/2018\/02\/15\/modig-satsning-pa-pedagogik\/#primaryimage"},"thumbnailUrl":"https:\/\/lararkarriar.se\/grundskola\/wp-content\/uploads\/sites\/12\/2018\/02\/sodertalje-img-6007.jpg","keywords":["Forskning","Kommun","Kvalitet","Kvalitetsutveckling","N\u00e4tverk","Pedagogik","Pedagogiskt verktyg","S\u00f6dert\u00e4lje","S\u00f6dert\u00e4lje kommun","Utveckling"],"articleSection":["Presentation"],"inLanguage":"sv-SE"},{"@type":"WebPage","@id":"https:\/\/lararkarriar.se\/grundskola\/2018\/02\/15\/modig-satsning-pa-pedagogik\/","url":"https:\/\/lararkarriar.se\/grundskola\/2018\/02\/15\/modig-satsning-pa-pedagogik\/","name":"Modig satsning p\u00e5 pedagogik - Framtidens Karri\u00e4r \u2013 Grundskolel\u00e4rare","isPartOf":{"@id":"https:\/\/lararkarriar.se\/grundskola\/#website"},"primaryImageOfPage":{"@id":"https:\/\/lararkarriar.se\/grundskola\/2018\/02\/15\/modig-satsning-pa-pedagogik\/#primaryimage"},"image":{"@id":"https:\/\/lararkarriar.se\/grundskola\/2018\/02\/15\/modig-satsning-pa-pedagogik\/#primaryimage"},"thumbnailUrl":"https:\/\/lararkarriar.se\/grundskola\/wp-content\/uploads\/sites\/12\/2018\/02\/sodertalje-img-6007.jpg","datePublished":"2018-02-15T09:07:22+00:00","author":{"@id":"https:\/\/lararkarriar.se\/grundskola\/#\/schema\/person\/c8a43eb855191e573b73ecf8987a3b99"},"breadcrumb":{"@id":"https:\/\/lararkarriar.se\/grundskola\/2018\/02\/15\/modig-satsning-pa-pedagogik\/#breadcrumb"},"inLanguage":"sv-SE","potentialAction":[{"@type":"ReadAction","target":["https:\/\/lararkarriar.se\/grundskola\/2018\/02\/15\/modig-satsning-pa-pedagogik\/"]}]},{"@type":"ImageObject","inLanguage":"sv-SE","@id":"https:\/\/lararkarriar.se\/grundskola\/2018\/02\/15\/modig-satsning-pa-pedagogik\/#primaryimage","url":"https:\/\/lararkarriar.se\/grundskola\/wp-content\/uploads\/sites\/12\/2018\/02\/sodertalje-img-6007.jpg","contentUrl":"https:\/\/lararkarriar.se\/grundskola\/wp-content\/uploads\/sites\/12\/2018\/02\/sodertalje-img-6007.jpg","width":1000,"height":692,"caption":"Jenny Stanser, verksamhetschef f\u00f6r S\u00f6dert\u00e4ljes grundskolor och Monica Sonde, utbildnings\u00addirekt\u00f6r i S\u00f6dert\u00e4lje, ser v\u00e4rdet och arbetar h\u00e5rt f\u00f6r att l\u00e4rarna verkligen ska f\u00e5 \u00e4gna sin tid \u00e5t att undervisa med kvalitet."},{"@type":"BreadcrumbList","@id":"https:\/\/lararkarriar.se\/grundskola\/2018\/02\/15\/modig-satsning-pa-pedagogik\/#breadcrumb","itemListElement":[{"@type":"ListItem","position":1,"name":"Home","item":"https:\/\/lararkarriar.se\/grundskola\/"},{"@type":"ListItem","position":2,"name":"Modig satsning p\u00e5 pedagogik"}]},{"@type":"WebSite","@id":"https:\/\/lararkarriar.se\/grundskola\/#website","url":"https:\/\/lararkarriar.se\/grundskola\/","name":"Framtidens Karri\u00e4r \u2013 Grundskolel\u00e4rare","description":"Just another NMDashboard.se Sites site","potentialAction":[{"@type":"SearchAction","target":{"@type":"EntryPoint","urlTemplate":"https:\/\/lararkarriar.se\/grundskola\/?s={search_term_string}"},"query-input":{"@type":"PropertyValueSpecification","valueRequired":true,"valueName":"search_term_string"}}],"inLanguage":"sv-SE"},{"@type":"Person","@id":"https:\/\/lararkarriar.se\/grundskola\/#\/schema\/person\/c8a43eb855191e573b73ecf8987a3b99","name":"stellanstal","image":{"@type":"ImageObject","inLanguage":"sv-SE","@id":"https:\/\/secure.gravatar.com\/avatar\/cd330fa6bb17f598124b2068ee0b189e4fe0987a50af9d53b78410836060d0c9?s=96&d=mm&r=g","url":"https:\/\/secure.gravatar.com\/avatar\/cd330fa6bb17f598124b2068ee0b189e4fe0987a50af9d53b78410836060d0c9?s=96&d=mm&r=g","contentUrl":"https:\/\/secure.gravatar.com\/avatar\/cd330fa6bb17f598124b2068ee0b189e4fe0987a50af9d53b78410836060d0c9?s=96&d=mm&r=g","caption":"stellanstal"},"url":"https:\/\/lararkarriar.se\/grundskola\/author\/stellanstal\/"}]}},"_links":{"self":[{"href":"https:\/\/lararkarriar.se\/grundskola\/wp-json\/wp\/v2\/posts\/6063","targetHints":{"allow":["GET"]}}],"collection":[{"href":"https:\/\/lararkarriar.se\/grundskola\/wp-json\/wp\/v2\/posts"}],"about":[{"href":"https:\/\/lararkarriar.se\/grundskola\/wp-json\/wp\/v2\/types\/post"}],"author":[{"embeddable":true,"href":"https:\/\/lararkarriar.se\/grundskola\/wp-json\/wp\/v2\/users\/3"}],"replies":[{"embeddable":true,"href":"https:\/\/lararkarriar.se\/grundskola\/wp-json\/wp\/v2\/comments?post=6063"}],"version-history":[{"count":0,"href":"https:\/\/lararkarriar.se\/grundskola\/wp-json\/wp\/v2\/posts\/6063\/revisions"}],"wp:featuredmedia":[{"embeddable":true,"href":"https:\/\/lararkarriar.se\/grundskola\/wp-json\/wp\/v2\/media\/6064"}],"wp:attachment":[{"href":"https:\/\/lararkarriar.se\/grundskola\/wp-json\/wp\/v2\/media?parent=6063"}],"wp:term":[{"taxonomy":"category","embeddable":true,"href":"https:\/\/lararkarriar.se\/grundskola\/wp-json\/wp\/v2\/categories?post=6063"},{"taxonomy":"post_tag","embeddable":true,"href":"https:\/\/lararkarriar.se\/grundskola\/wp-json\/wp\/v2\/tags?post=6063"}],"curies":[{"name":"wp","href":"https:\/\/api.w.org\/{rel}","templated":true}]}}