{"id":6089,"date":"2018-02-15T11:11:22","date_gmt":"2018-02-15T09:11:22","guid":{"rendered":"http:\/\/lararkarriar.se\/grundskola\/?p=6089"},"modified":"2018-02-15T11:11:22","modified_gmt":"2018-02-15T09:11:22","slug":"digital-satsning-ger-motalaelever-mer-individanpassad-undervisning","status":"publish","type":"post","link":"https:\/\/lararkarriar.se\/grundskola\/2018\/02\/15\/digital-satsning-ger-motalaelever-mer-individanpassad-undervisning\/","title":{"rendered":"Digital satsning ger Motalaelever mer individanpassad undervisning"},"content":{"rendered":"<p><figure id=\"attachment_6091\" aria-describedby=\"caption-attachment-6091\" style=\"width: 1000px\" class=\"wp-caption alignnone\"><img loading=\"lazy\" decoding=\"async\" src=\"https:\/\/lararkarriar.se\/grundskola\/wp-content\/uploads\/sites\/12\/2018\/02\/motala2.jpg\" alt=\"Andreas M\u00fcller, rektor och Susanna Asknert f\u00f6rstel\u00e4rare p\u00e5 Norra skolan i Motala. Foto: \u00c5ke Karlsson\" width=\"1000\" height=\"656\" class=\"size-full wp-image-6091\" srcset=\"https:\/\/lararkarriar.se\/grundskola\/wp-content\/uploads\/sites\/12\/2018\/02\/motala2.jpg 1000w, https:\/\/lararkarriar.se\/grundskola\/wp-content\/uploads\/sites\/12\/2018\/02\/motala2-300x197.jpg 300w, https:\/\/lararkarriar.se\/grundskola\/wp-content\/uploads\/sites\/12\/2018\/02\/motala2-768x504.jpg 768w, https:\/\/lararkarriar.se\/grundskola\/wp-content\/uploads\/sites\/12\/2018\/02\/motala2-244x160.jpg 244w, https:\/\/lararkarriar.se\/grundskola\/wp-content\/uploads\/sites\/12\/2018\/02\/motala2-526x345.jpg 526w, https:\/\/lararkarriar.se\/grundskola\/wp-content\/uploads\/sites\/12\/2018\/02\/motala2-720x472.jpg 720w, https:\/\/lararkarriar.se\/grundskola\/wp-content\/uploads\/sites\/12\/2018\/02\/motala2-960x630.jpg 960w\" sizes=\"auto, (max-width: 1000px) 100vw, 1000px\" \/><figcaption id=\"caption-attachment-6091\" class=\"wp-caption-text\">Andreas M\u00fcller, rektor och Susanna Asknert f\u00f6rstel\u00e4rare p\u00e5 Norra skolan i Motala. Foto: \u00c5ke Karlsson<\/figcaption><\/figure><strong>I Motala kommun har en framsynt och omfattande digital satsning resulterat i att alla grundskoleelever har tillg\u00e5ng till en l\u00e4splatta.<br \/>\n\u2013 Satsningen har kraftigt \u00f6kat m\u00f6jligheten att individanpassa undervisningen i klassrummen, s\u00e4ger Andreas M\u00fcller, rektor p\u00e5 Norra skolan.<\/strong><\/p>\n<p>Digitala verktyg \u00e4r en viktig del i Motala kommuns F\u20139-klassser. Grundtanken \u00e4r att den digitala tekniken ska bidra till att st\u00e4rka b\u00e5de l\u00e4rare och pedagogik.<br \/>\n\u2013 Det digitala \u00e4r en del av samh\u00e4llet och h\u00e4r f\u00f6r att stanna, d\u00e5 m\u00e5ste \u00e4ven skolan h\u00e4nga med och ge eleverna b\u00e4sta m\u00f6jliga f\u00f6ruts\u00e4ttningar f\u00f6r framtiden, s\u00e4ger Andreas M\u00fcller.<br \/>\nSusanna Asknert som gick ut l\u00e4rarh\u00f6gskolan 2010 s\u00f6kte sig till Norra skolan mycket p\u00e5 grund av det \u00e4r en m\u00e5ngkulturell skola med idrottsprofil.<br \/>\n\u2013 Idag arbetar jag 70 procent i en f\u00f6rberedelseklass och har \u00e4ven ett f\u00f6rstel\u00e4rareuppdrag med fokus p\u00e5 nyanl\u00e4nda. L\u00e4splattorna \u00e4r ett j\u00e4ttebra verktyg i klassrummet som ger m\u00e5nga fler m\u00f6jligheter n\u00e4r man som jag har flerspr\u00e5kiga barn i klassen.<br \/>\nSusanna har ocks\u00e5 ett uppdrag inom Resursteamet som leder och driver kompetensh\u00f6jande insatser i kommunen, bland annat genom att vara ett st\u00f6d till rektorer och l\u00e4rare i arbetet med de flerspr\u00e5kiga eleverna.<br \/>\n\u2013 Vi leder bland annat n\u00e4tverk-IN, h\u00e5ller i f\u00f6rel\u00e4sningar samt planerar studiedagar och andra insatser som fr\u00e4mjar elevers l\u00e4rande. Just nu \u00e4r vi i f\u00e4rd med att erbjuda l\u00e4rare ute p\u00e5 skolorna workshops med fokus p\u00e5 just IKT, Information Kommunikation Teknik, och spr\u00e5kutvecklande arbetss\u00e4tt.<\/p>\n<p><strong>Framtidstro<\/strong><br \/>\nAndreas p\u00e5pekar att Motala har utvecklats till en kommun med stor framtidstro.<br \/>\n\u2013 Vi har under senare \u00e5r haft en \u00f6kande befolkningstillv\u00e4xt och f\u00e5tt m\u00e5nga nya arbetstillf\u00e4llen, b\u00e5de inom privat och offentlig sektor. Dessutom har dubbelsp\u00e5ret till pendelt\u00e5get inneburit stora m\u00f6jligheter att p\u00e5 ett smidigt s\u00e4tt pendla till och fr\u00e5n Motala. Allt detta har bidragit till att skapa en positiv anda i hela regionen vilket \u00e4ven pr\u00e4glar skolans arbete. Han f\u00e5r medh\u00e5ll av Susanna som nickar inst\u00e4mmande.<br \/>\n\u2013 H\u00e4r finns en bra dialog och ett n\u00e4ra samarbete mellan skola och f\u00f6rvaltning vilket jag menar \u00e4r nyckeln till att kunna utveckla verksamheten till n\u00e5got riktigt bra. Jag trivs i Motala och ser fram emot att forts\u00e4tta jobba med utvecklingsfr\u00e5gor som r\u00f6r nyanl\u00e4nda i kommunen och att kombinera det uppdraget med mitt jobb som f\u00f6rstel\u00e4rare p\u00e5 Norra skolan.<\/p>\n<div class=\"faktaruta-title\">Motala kommun<\/div><div class=\"faktaruta\">Motala kommun har sj\u00f6satt en IKT-strategi som utg\u00e5r fr\u00e5n att alla elever i de kommunala skolorna ska ha samma f\u00f6ruts\u00e4ttningar att anv\u00e4nda teknik i skolarbetet. Satsningen har lett till att digitala verktyg \u00e4r en viktig del i Motalas f\u00f6rskolor och skolor d\u00e4r pedagoger och elever tillsammans utvecklar kreativa och innovativa arbetsmilj\u00f6er.<br \/>\n<strong><a href=\"http:\/\/www.motala.se\" rel=\"noopener noreferrer\" target=\"_blank\">www.motala.se<\/a><\/strong><\/br><br \/>\n<a href=\"http:\/\/www.motala.se\" rel=\"noopener noreferrer\" target=\"_blank\"><img loading=\"lazy\" decoding=\"async\" src=\"http:\/\/lararkarriar.se\/grundskola\/wp-content\/uploads\/2018\/02\/motala_kommun-530x290.png\" alt=\"\" width=\"332\" height=\"181\" class=\"alignnone size-large wp-image-6090\" \/><\/a><\/div>\n","protected":false},"excerpt":{"rendered":"<p>I Motala kommun har en framsynt och omfattande digital satsning resulterat i att alla grundskoleelever&#8230;<\/p>\n","protected":false},"author":3,"featured_media":6091,"comment_status":"closed","ping_status":"open","sticky":false,"template":"","format":"standard","meta":{"_acf_changed":false,"_monsterinsights_skip_tracking":false,"_monsterinsights_sitenote_active":false,"_monsterinsights_sitenote_note":"","_monsterinsights_sitenote_category":0,"footnotes":""},"categories":[7],"tags":[67,68,143,169,255,256,278,368,427],"class_list":["post-6089","post","type-post","status-publish","format-standard","has-post-thumbnail","hentry","category-presentation","tag-digitala-verktyg","tag-digitalisering","tag-ikt","tag-kommun","tag-motala","tag-motala-kommun","tag-pedagogik","tag-strategi","tag-utveckling"],"acf":[],"yoast_head":"<!-- This site is optimized with the Yoast SEO plugin v27.3 - https:\/\/yoast.com\/product\/yoast-seo-wordpress\/ -->\n<title>Digital satsning ger Motalaelever mer individanpassad undervisning - Framtidens Karri\u00e4r \u2013 Grundskolel\u00e4rare<\/title>\n<meta name=\"robots\" content=\"index, follow, max-snippet:-1, max-image-preview:large, max-video-preview:-1\" \/>\n<link rel=\"canonical\" href=\"https:\/\/lararkarriar.se\/grundskola\/2018\/02\/15\/digital-satsning-ger-motalaelever-mer-individanpassad-undervisning\/\" \/>\n<meta property=\"og:locale\" content=\"sv_SE\" \/>\n<meta property=\"og:type\" content=\"article\" \/>\n<meta property=\"og:title\" content=\"Digital satsning ger Motalaelever mer individanpassad undervisning - Framtidens Karri\u00e4r \u2013 Grundskolel\u00e4rare\" \/>\n<meta property=\"og:description\" content=\"I Motala kommun har en framsynt och omfattande digital satsning resulterat i att alla grundskoleelever...\" \/>\n<meta property=\"og:url\" content=\"https:\/\/lararkarriar.se\/grundskola\/2018\/02\/15\/digital-satsning-ger-motalaelever-mer-individanpassad-undervisning\/\" \/>\n<meta property=\"og:site_name\" content=\"Framtidens Karri\u00e4r \u2013 Grundskolel\u00e4rare\" \/>\n<meta property=\"article:published_time\" content=\"2018-02-15T09:11:22+00:00\" \/>\n<meta property=\"og:image\" content=\"https:\/\/lararkarriar.se\/grundskola\/wp-content\/uploads\/sites\/12\/2018\/02\/motala2.jpg\" \/>\n\t<meta property=\"og:image:width\" content=\"1000\" \/>\n\t<meta property=\"og:image:height\" content=\"656\" \/>\n\t<meta property=\"og:image:type\" content=\"image\/jpeg\" \/>\n<meta name=\"author\" content=\"stellanstal\" \/>\n<meta name=\"twitter:card\" content=\"summary_large_image\" \/>\n<meta name=\"twitter:label1\" content=\"Skriven av\" \/>\n\t<meta name=\"twitter:data1\" content=\"stellanstal\" \/>\n\t<meta name=\"twitter:label2\" content=\"Ber\u00e4knad l\u00e4stid\" \/>\n\t<meta name=\"twitter:data2\" content=\"3 minuter\" \/>\n<script type=\"application\/ld+json\" class=\"yoast-schema-graph\">{\"@context\":\"https:\\\/\\\/schema.org\",\"@graph\":[{\"@type\":\"Article\",\"@id\":\"https:\\\/\\\/lararkarriar.se\\\/grundskola\\\/2018\\\/02\\\/15\\\/digital-satsning-ger-motalaelever-mer-individanpassad-undervisning\\\/#article\",\"isPartOf\":{\"@id\":\"https:\\\/\\\/lararkarriar.se\\\/grundskola\\\/2018\\\/02\\\/15\\\/digital-satsning-ger-motalaelever-mer-individanpassad-undervisning\\\/\"},\"author\":{\"name\":\"stellanstal\",\"@id\":\"https:\\\/\\\/lararkarriar.se\\\/grundskola\\\/#\\\/schema\\\/person\\\/c8a43eb855191e573b73ecf8987a3b99\"},\"headline\":\"Digital satsning ger Motalaelever mer individanpassad undervisning\",\"datePublished\":\"2018-02-15T09:11:22+00:00\",\"mainEntityOfPage\":{\"@id\":\"https:\\\/\\\/lararkarriar.se\\\/grundskola\\\/2018\\\/02\\\/15\\\/digital-satsning-ger-motalaelever-mer-individanpassad-undervisning\\\/\"},\"wordCount\":534,\"image\":{\"@id\":\"https:\\\/\\\/lararkarriar.se\\\/grundskola\\\/2018\\\/02\\\/15\\\/digital-satsning-ger-motalaelever-mer-individanpassad-undervisning\\\/#primaryimage\"},\"thumbnailUrl\":\"https:\\\/\\\/lararkarriar.se\\\/grundskola\\\/wp-content\\\/uploads\\\/sites\\\/12\\\/2018\\\/02\\\/motala2.jpg\",\"keywords\":[\"Digitala verktyg\",\"Digitalisering\",\"IKT\",\"Kommun\",\"Motala\",\"Motala kommun\",\"Pedagogik\",\"Strategi\",\"Utveckling\"],\"articleSection\":[\"Presentation\"],\"inLanguage\":\"sv-SE\"},{\"@type\":\"WebPage\",\"@id\":\"https:\\\/\\\/lararkarriar.se\\\/grundskola\\\/2018\\\/02\\\/15\\\/digital-satsning-ger-motalaelever-mer-individanpassad-undervisning\\\/\",\"url\":\"https:\\\/\\\/lararkarriar.se\\\/grundskola\\\/2018\\\/02\\\/15\\\/digital-satsning-ger-motalaelever-mer-individanpassad-undervisning\\\/\",\"name\":\"Digital satsning ger Motalaelever mer individanpassad undervisning - Framtidens Karri\u00e4r \u2013 Grundskolel\u00e4rare\",\"isPartOf\":{\"@id\":\"https:\\\/\\\/lararkarriar.se\\\/grundskola\\\/#website\"},\"primaryImageOfPage\":{\"@id\":\"https:\\\/\\\/lararkarriar.se\\\/grundskola\\\/2018\\\/02\\\/15\\\/digital-satsning-ger-motalaelever-mer-individanpassad-undervisning\\\/#primaryimage\"},\"image\":{\"@id\":\"https:\\\/\\\/lararkarriar.se\\\/grundskola\\\/2018\\\/02\\\/15\\\/digital-satsning-ger-motalaelever-mer-individanpassad-undervisning\\\/#primaryimage\"},\"thumbnailUrl\":\"https:\\\/\\\/lararkarriar.se\\\/grundskola\\\/wp-content\\\/uploads\\\/sites\\\/12\\\/2018\\\/02\\\/motala2.jpg\",\"datePublished\":\"2018-02-15T09:11:22+00:00\",\"author\":{\"@id\":\"https:\\\/\\\/lararkarriar.se\\\/grundskola\\\/#\\\/schema\\\/person\\\/c8a43eb855191e573b73ecf8987a3b99\"},\"breadcrumb\":{\"@id\":\"https:\\\/\\\/lararkarriar.se\\\/grundskola\\\/2018\\\/02\\\/15\\\/digital-satsning-ger-motalaelever-mer-individanpassad-undervisning\\\/#breadcrumb\"},\"inLanguage\":\"sv-SE\",\"potentialAction\":[{\"@type\":\"ReadAction\",\"target\":[\"https:\\\/\\\/lararkarriar.se\\\/grundskola\\\/2018\\\/02\\\/15\\\/digital-satsning-ger-motalaelever-mer-individanpassad-undervisning\\\/\"]}]},{\"@type\":\"ImageObject\",\"inLanguage\":\"sv-SE\",\"@id\":\"https:\\\/\\\/lararkarriar.se\\\/grundskola\\\/2018\\\/02\\\/15\\\/digital-satsning-ger-motalaelever-mer-individanpassad-undervisning\\\/#primaryimage\",\"url\":\"https:\\\/\\\/lararkarriar.se\\\/grundskola\\\/wp-content\\\/uploads\\\/sites\\\/12\\\/2018\\\/02\\\/motala2.jpg\",\"contentUrl\":\"https:\\\/\\\/lararkarriar.se\\\/grundskola\\\/wp-content\\\/uploads\\\/sites\\\/12\\\/2018\\\/02\\\/motala2.jpg\",\"width\":1000,\"height\":656,\"caption\":\"Andreas M\u00fcller, rektor och Susanna Asknert f\u00f6rstel\u00e4rare p\u00e5 Norra skolan i Motala. Foto: \u00c5ke Karlsson\"},{\"@type\":\"BreadcrumbList\",\"@id\":\"https:\\\/\\\/lararkarriar.se\\\/grundskola\\\/2018\\\/02\\\/15\\\/digital-satsning-ger-motalaelever-mer-individanpassad-undervisning\\\/#breadcrumb\",\"itemListElement\":[{\"@type\":\"ListItem\",\"position\":1,\"name\":\"Home\",\"item\":\"https:\\\/\\\/lararkarriar.se\\\/grundskola\\\/\"},{\"@type\":\"ListItem\",\"position\":2,\"name\":\"Digital satsning ger Motalaelever mer individanpassad undervisning\"}]},{\"@type\":\"WebSite\",\"@id\":\"https:\\\/\\\/lararkarriar.se\\\/grundskola\\\/#website\",\"url\":\"https:\\\/\\\/lararkarriar.se\\\/grundskola\\\/\",\"name\":\"Framtidens Karri\u00e4r \u2013 Grundskolel\u00e4rare\",\"description\":\"Just another NMDashboard.se Sites site\",\"potentialAction\":[{\"@type\":\"SearchAction\",\"target\":{\"@type\":\"EntryPoint\",\"urlTemplate\":\"https:\\\/\\\/lararkarriar.se\\\/grundskola\\\/?s={search_term_string}\"},\"query-input\":{\"@type\":\"PropertyValueSpecification\",\"valueRequired\":true,\"valueName\":\"search_term_string\"}}],\"inLanguage\":\"sv-SE\"},{\"@type\":\"Person\",\"@id\":\"https:\\\/\\\/lararkarriar.se\\\/grundskola\\\/#\\\/schema\\\/person\\\/c8a43eb855191e573b73ecf8987a3b99\",\"name\":\"stellanstal\",\"image\":{\"@type\":\"ImageObject\",\"inLanguage\":\"sv-SE\",\"@id\":\"https:\\\/\\\/secure.gravatar.com\\\/avatar\\\/cd330fa6bb17f598124b2068ee0b189e4fe0987a50af9d53b78410836060d0c9?s=96&d=mm&r=g\",\"url\":\"https:\\\/\\\/secure.gravatar.com\\\/avatar\\\/cd330fa6bb17f598124b2068ee0b189e4fe0987a50af9d53b78410836060d0c9?s=96&d=mm&r=g\",\"contentUrl\":\"https:\\\/\\\/secure.gravatar.com\\\/avatar\\\/cd330fa6bb17f598124b2068ee0b189e4fe0987a50af9d53b78410836060d0c9?s=96&d=mm&r=g\",\"caption\":\"stellanstal\"},\"url\":\"https:\\\/\\\/lararkarriar.se\\\/grundskola\\\/author\\\/stellanstal\\\/\"}]}<\/script>\n<!-- \/ Yoast SEO plugin. -->","yoast_head_json":{"title":"Digital satsning ger Motalaelever mer individanpassad undervisning - Framtidens Karri\u00e4r \u2013 Grundskolel\u00e4rare","robots":{"index":"index","follow":"follow","max-snippet":"max-snippet:-1","max-image-preview":"max-image-preview:large","max-video-preview":"max-video-preview:-1"},"canonical":"https:\/\/lararkarriar.se\/grundskola\/2018\/02\/15\/digital-satsning-ger-motalaelever-mer-individanpassad-undervisning\/","og_locale":"sv_SE","og_type":"article","og_title":"Digital satsning ger Motalaelever mer individanpassad undervisning - Framtidens Karri\u00e4r \u2013 Grundskolel\u00e4rare","og_description":"I Motala kommun har en framsynt och omfattande digital satsning resulterat i att alla grundskoleelever...","og_url":"https:\/\/lararkarriar.se\/grundskola\/2018\/02\/15\/digital-satsning-ger-motalaelever-mer-individanpassad-undervisning\/","og_site_name":"Framtidens Karri\u00e4r \u2013 Grundskolel\u00e4rare","article_published_time":"2018-02-15T09:11:22+00:00","og_image":[{"width":1000,"height":656,"url":"https:\/\/lararkarriar.se\/grundskola\/wp-content\/uploads\/sites\/12\/2018\/02\/motala2.jpg","type":"image\/jpeg"}],"author":"stellanstal","twitter_card":"summary_large_image","twitter_misc":{"Skriven av":"stellanstal","Ber\u00e4knad l\u00e4stid":"3 minuter"},"schema":{"@context":"https:\/\/schema.org","@graph":[{"@type":"Article","@id":"https:\/\/lararkarriar.se\/grundskola\/2018\/02\/15\/digital-satsning-ger-motalaelever-mer-individanpassad-undervisning\/#article","isPartOf":{"@id":"https:\/\/lararkarriar.se\/grundskola\/2018\/02\/15\/digital-satsning-ger-motalaelever-mer-individanpassad-undervisning\/"},"author":{"name":"stellanstal","@id":"https:\/\/lararkarriar.se\/grundskola\/#\/schema\/person\/c8a43eb855191e573b73ecf8987a3b99"},"headline":"Digital satsning ger Motalaelever mer individanpassad undervisning","datePublished":"2018-02-15T09:11:22+00:00","mainEntityOfPage":{"@id":"https:\/\/lararkarriar.se\/grundskola\/2018\/02\/15\/digital-satsning-ger-motalaelever-mer-individanpassad-undervisning\/"},"wordCount":534,"image":{"@id":"https:\/\/lararkarriar.se\/grundskola\/2018\/02\/15\/digital-satsning-ger-motalaelever-mer-individanpassad-undervisning\/#primaryimage"},"thumbnailUrl":"https:\/\/lararkarriar.se\/grundskola\/wp-content\/uploads\/sites\/12\/2018\/02\/motala2.jpg","keywords":["Digitala verktyg","Digitalisering","IKT","Kommun","Motala","Motala kommun","Pedagogik","Strategi","Utveckling"],"articleSection":["Presentation"],"inLanguage":"sv-SE"},{"@type":"WebPage","@id":"https:\/\/lararkarriar.se\/grundskola\/2018\/02\/15\/digital-satsning-ger-motalaelever-mer-individanpassad-undervisning\/","url":"https:\/\/lararkarriar.se\/grundskola\/2018\/02\/15\/digital-satsning-ger-motalaelever-mer-individanpassad-undervisning\/","name":"Digital satsning ger Motalaelever mer individanpassad undervisning - Framtidens Karri\u00e4r \u2013 Grundskolel\u00e4rare","isPartOf":{"@id":"https:\/\/lararkarriar.se\/grundskola\/#website"},"primaryImageOfPage":{"@id":"https:\/\/lararkarriar.se\/grundskola\/2018\/02\/15\/digital-satsning-ger-motalaelever-mer-individanpassad-undervisning\/#primaryimage"},"image":{"@id":"https:\/\/lararkarriar.se\/grundskola\/2018\/02\/15\/digital-satsning-ger-motalaelever-mer-individanpassad-undervisning\/#primaryimage"},"thumbnailUrl":"https:\/\/lararkarriar.se\/grundskola\/wp-content\/uploads\/sites\/12\/2018\/02\/motala2.jpg","datePublished":"2018-02-15T09:11:22+00:00","author":{"@id":"https:\/\/lararkarriar.se\/grundskola\/#\/schema\/person\/c8a43eb855191e573b73ecf8987a3b99"},"breadcrumb":{"@id":"https:\/\/lararkarriar.se\/grundskola\/2018\/02\/15\/digital-satsning-ger-motalaelever-mer-individanpassad-undervisning\/#breadcrumb"},"inLanguage":"sv-SE","potentialAction":[{"@type":"ReadAction","target":["https:\/\/lararkarriar.se\/grundskola\/2018\/02\/15\/digital-satsning-ger-motalaelever-mer-individanpassad-undervisning\/"]}]},{"@type":"ImageObject","inLanguage":"sv-SE","@id":"https:\/\/lararkarriar.se\/grundskola\/2018\/02\/15\/digital-satsning-ger-motalaelever-mer-individanpassad-undervisning\/#primaryimage","url":"https:\/\/lararkarriar.se\/grundskola\/wp-content\/uploads\/sites\/12\/2018\/02\/motala2.jpg","contentUrl":"https:\/\/lararkarriar.se\/grundskola\/wp-content\/uploads\/sites\/12\/2018\/02\/motala2.jpg","width":1000,"height":656,"caption":"Andreas M\u00fcller, rektor och Susanna Asknert f\u00f6rstel\u00e4rare p\u00e5 Norra skolan i Motala. Foto: \u00c5ke Karlsson"},{"@type":"BreadcrumbList","@id":"https:\/\/lararkarriar.se\/grundskola\/2018\/02\/15\/digital-satsning-ger-motalaelever-mer-individanpassad-undervisning\/#breadcrumb","itemListElement":[{"@type":"ListItem","position":1,"name":"Home","item":"https:\/\/lararkarriar.se\/grundskola\/"},{"@type":"ListItem","position":2,"name":"Digital satsning ger Motalaelever mer individanpassad undervisning"}]},{"@type":"WebSite","@id":"https:\/\/lararkarriar.se\/grundskola\/#website","url":"https:\/\/lararkarriar.se\/grundskola\/","name":"Framtidens Karri\u00e4r \u2013 Grundskolel\u00e4rare","description":"Just another NMDashboard.se Sites site","potentialAction":[{"@type":"SearchAction","target":{"@type":"EntryPoint","urlTemplate":"https:\/\/lararkarriar.se\/grundskola\/?s={search_term_string}"},"query-input":{"@type":"PropertyValueSpecification","valueRequired":true,"valueName":"search_term_string"}}],"inLanguage":"sv-SE"},{"@type":"Person","@id":"https:\/\/lararkarriar.se\/grundskola\/#\/schema\/person\/c8a43eb855191e573b73ecf8987a3b99","name":"stellanstal","image":{"@type":"ImageObject","inLanguage":"sv-SE","@id":"https:\/\/secure.gravatar.com\/avatar\/cd330fa6bb17f598124b2068ee0b189e4fe0987a50af9d53b78410836060d0c9?s=96&d=mm&r=g","url":"https:\/\/secure.gravatar.com\/avatar\/cd330fa6bb17f598124b2068ee0b189e4fe0987a50af9d53b78410836060d0c9?s=96&d=mm&r=g","contentUrl":"https:\/\/secure.gravatar.com\/avatar\/cd330fa6bb17f598124b2068ee0b189e4fe0987a50af9d53b78410836060d0c9?s=96&d=mm&r=g","caption":"stellanstal"},"url":"https:\/\/lararkarriar.se\/grundskola\/author\/stellanstal\/"}]}},"_links":{"self":[{"href":"https:\/\/lararkarriar.se\/grundskola\/wp-json\/wp\/v2\/posts\/6089","targetHints":{"allow":["GET"]}}],"collection":[{"href":"https:\/\/lararkarriar.se\/grundskola\/wp-json\/wp\/v2\/posts"}],"about":[{"href":"https:\/\/lararkarriar.se\/grundskola\/wp-json\/wp\/v2\/types\/post"}],"author":[{"embeddable":true,"href":"https:\/\/lararkarriar.se\/grundskola\/wp-json\/wp\/v2\/users\/3"}],"replies":[{"embeddable":true,"href":"https:\/\/lararkarriar.se\/grundskola\/wp-json\/wp\/v2\/comments?post=6089"}],"version-history":[{"count":0,"href":"https:\/\/lararkarriar.se\/grundskola\/wp-json\/wp\/v2\/posts\/6089\/revisions"}],"wp:featuredmedia":[{"embeddable":true,"href":"https:\/\/lararkarriar.se\/grundskola\/wp-json\/wp\/v2\/media\/6091"}],"wp:attachment":[{"href":"https:\/\/lararkarriar.se\/grundskola\/wp-json\/wp\/v2\/media?parent=6089"}],"wp:term":[{"taxonomy":"category","embeddable":true,"href":"https:\/\/lararkarriar.se\/grundskola\/wp-json\/wp\/v2\/categories?post=6089"},{"taxonomy":"post_tag","embeddable":true,"href":"https:\/\/lararkarriar.se\/grundskola\/wp-json\/wp\/v2\/tags?post=6089"}],"curies":[{"name":"wp","href":"https:\/\/api.w.org\/{rel}","templated":true}]}}