{"id":6094,"date":"2018-02-15T11:16:39","date_gmt":"2018-02-15T09:16:39","guid":{"rendered":"http:\/\/lararkarriar.se\/grundskola\/?p=6094"},"modified":"2018-02-15T11:16:39","modified_gmt":"2018-02-15T09:16:39","slug":"skolan-i-lulea-satsar-offensivt-pa-lararnas-arbetsmiljo","status":"publish","type":"post","link":"https:\/\/lararkarriar.se\/grundskola\/2018\/02\/15\/skolan-i-lulea-satsar-offensivt-pa-lararnas-arbetsmiljo\/","title":{"rendered":"Skolan i Lule\u00e5 satsar offensivt p\u00e5 l\u00e4rarnas arbetsmilj\u00f6"},"content":{"rendered":"<p><figure id=\"attachment_6095\" aria-describedby=\"caption-attachment-6095\" style=\"width: 1000px\" class=\"wp-caption alignnone\"><img loading=\"lazy\" decoding=\"async\" src=\"https:\/\/lararkarriar.se\/grundskola\/wp-content\/uploads\/sites\/12\/2018\/02\/lulea-443a8880.jpg\" alt=\"Lena Heikka, projektledare och Maarit Enbuske, skolchef. Foto: Viveka \u00d6sterman\" width=\"1000\" height=\"618\" class=\"size-full wp-image-6095\" srcset=\"https:\/\/lararkarriar.se\/grundskola\/wp-content\/uploads\/sites\/12\/2018\/02\/lulea-443a8880.jpg 1000w, https:\/\/lararkarriar.se\/grundskola\/wp-content\/uploads\/sites\/12\/2018\/02\/lulea-443a8880-300x185.jpg 300w, https:\/\/lararkarriar.se\/grundskola\/wp-content\/uploads\/sites\/12\/2018\/02\/lulea-443a8880-768x475.jpg 768w, https:\/\/lararkarriar.se\/grundskola\/wp-content\/uploads\/sites\/12\/2018\/02\/lulea-443a8880-259x160.jpg 259w, https:\/\/lararkarriar.se\/grundskola\/wp-content\/uploads\/sites\/12\/2018\/02\/lulea-443a8880-526x325.jpg 526w, https:\/\/lararkarriar.se\/grundskola\/wp-content\/uploads\/sites\/12\/2018\/02\/lulea-443a8880-720x445.jpg 720w, https:\/\/lararkarriar.se\/grundskola\/wp-content\/uploads\/sites\/12\/2018\/02\/lulea-443a8880-960x593.jpg 960w\" sizes=\"auto, (max-width: 1000px) 100vw, 1000px\" \/><figcaption id=\"caption-attachment-6095\" class=\"wp-caption-text\">Lena Heikka, projektledare och Maarit Enbuske, skolchef. Foto: Viveka \u00d6sterman<\/figcaption><\/figure><strong>L\u00e5t l\u00e4raren vara l\u00e4rare! Kringsysslor kan sk\u00f6tas av andra.<br \/>\nLocka \u00e4ldre l\u00e4rare att stanna i yrket, som mentorer.<br \/>\nTv\u00e5 av m\u00e5nga id\u00e9er som nu testas i Lule\u00e5, i en satsning som f\u00f6rmodligen \u00e4r unik i landet. <\/strong><\/p>\n<p>Lule\u00e5 sparar inte p\u00e5 krutet n\u00e4r det g\u00e4ller att g\u00f6ra grundskoll\u00e4rarens jobb och arbetsmilj\u00f6 mer attraktivt. Under \u00e5ren 2017\u20132019 satsar kommunen 31,5 miljoner kronor i \u201dSkolpaketet\u201d, som till stor del handlar om att trygga kompetensf\u00f6rs\u00f6rjning p\u00e5 kort och l\u00e5ng sikt. En offensiv satsning, i tider n\u00e4r konkurrensen om l\u00e4rarna h\u00e5rdnar, bland annat till f\u00f6ljd av stora pensionsavg\u00e5ngar.<br \/>\n\u2013 Vi kan inte trolla fram fler l\u00e4rare i Sverige, s\u00e4ger Lule\u00e5s nya skolchef Maarit Enbuske.<br \/>\n\u2013 Det kommer att r\u00e5da brist p\u00e5 l\u00e4rare i landet ett bra tag fram\u00f6ver, s\u00e5 kompetensf\u00f6rs\u00f6rjningen \u00e4r en utmaning \u2013 f\u00f6r alla! <\/p>\n<p><strong>Tv\u00e5a i skolranking<\/strong><br \/>\n\u2013 Vi har best\u00e4mt oss f\u00f6r att ligga i t\u00e4ten, visa att vi \u00e4r en bra arbetsgivare och att man kan utvecklas i sitt yrke n\u00e4r man jobbar h\u00e4r, s\u00e4ger Maarit Enbuske.<br \/>\nVad g\u00e4ller andelen beh\u00f6riga l\u00e4rare kan Lule\u00e5 inte bli mycket b\u00e4ttre. De senaste tv\u00e5 \u00e5ren har Lule\u00e5 hamnat tv\u00e5a i den \u201dgrenen\u201d i L\u00e4rarf\u00f6rbundets \u00e5rliga rankning B\u00e4sta skolkommunen.<br \/>\n\u2013 Jo, vi har v\u00e4ldigt h\u00f6g beh\u00f6righet j\u00e4mf\u00f6rt med resten av landet. Och det \u00e4r d\u00e4r uppe vi vill vara \u2013 fast helst nummer 1, s\u00e4ger Maarit Enbuske.<\/p>\n<p><strong>Tio skolor deltar<\/strong><br \/>\nHon tror att m\u00e5nga l\u00e4rare uppskattar att ha beh\u00f6riga kollegor.<br \/>\n\u2013 Det sliter mindre p\u00e5 dig sj\u00e4lv, du ing\u00e5r i ett team som \u00e4r h\u00f6gt utbildat och som kan sitt jobb.<br \/>\nMaarit Enbuske har sj\u00e4lv 22 \u00e5rs erfarenhet som l\u00e4rare, rektor och skolchef. Nu ser hon med f\u00f6rv\u00e4ntan fram emot vad Skolpaketet ska utmynna i.<br \/>\nTio skolor har beviljats pengar f\u00f6r att delta. M\u00e5nga av id\u00e9erna kommer fr\u00e5n l\u00e4rarna sj\u00e4lva.<br \/>\n\u2013 Vi gick ut med en enk\u00e4t och fr\u00e5gade hur l\u00e4rarna vill f\u00f6r\u00e4ndra sitt uppdrag och sin arbetsmilj\u00f6, s\u00e4ger Lena Heikka, projektledare f\u00f6r tv\u00e5 av de sju delprojekten.<\/p>\n<p><strong>Socialpedagoger kan avlasta<\/strong><br \/>\nN\u00e5gra Lule\u00e5skolor ska anst\u00e4lla socialpedagoger som kan avlasta l\u00e4rare i trygghetsarbete, mentorsuppdrag, konfliktl\u00f6sning och dokumentation. L\u00e4rarassistenter och studiecoacher testas p\u00e5 andra skolor.<br \/>\n\u2013 Vi vet att l\u00e4rarna har ett utmanande uppdrag. Nu f\u00f6rs\u00f6ker v\u00e5r arbetsgivare g\u00f6ra n\u00e5got \u00e5t det, med hj\u00e4lp av Skolpaketet, s\u00e4ger Lena Heikka. M\u00e5let \u00e4r att hitta modeller som g\u00f6r det m\u00f6jligt f\u00f6r l\u00e4rarna att i st\u00f6rre utstr\u00e4ckning fokusera p\u00e5 arbetet kring undervisningen.<br \/>\n\u2013 Jag hoppas att blivande l\u00e4rare, redan yrkesverksamma och l\u00e4rare som l\u00e4mnat l\u00e4raryrket noterar detta faktum: i Lule\u00e5 h\u00e4nder det sp\u00e4nnande saker!<\/p>\n<div class=\"faktaruta-title\">Lule\u00e5 kommun<\/div><div class=\"faktaruta\">Lule\u00e5 \u00e4r en kommun med stark tillv\u00e4xt. I kommunen bor drygt 77&nbsp;000 personer. Under en l\u00e5ng f\u00f6ljd av \u00e5r har skolan i Lule\u00e5 placerat sig i topp bland landets 290 kommuner. Antalet barn och elever, fr\u00e5n f\u00f6rskola till gymnasieskola uppg\u00e5r till cirka 14&nbsp;000, grundskolan har 8&nbsp;000 elever. Andelen beh\u00f6riga och legitimerade l\u00e4rare \u00e4r h\u00f6g, drygt 90% j\u00e4mf\u00f6rt med rikets cirka 80%, men precis som i \u00f6vriga landet har Lule\u00e5 kommun behov av att rekrytera fler l\u00e4rare. Totalt har barn- och utbildningsf\u00f6rvaltningen n\u00e4rmare 3&nbsp;000 anst\u00e4llda inom f\u00f6rskolan, grundskolan och gymnasieskolan.<\/p>\n<p><strong>Kontaktperson:<\/strong><br \/>\nLena Heikka, delprojektledare<br \/>\nTel: 0920-45 33 34<br \/>\n<strong><a href=\"http:\/\/www.lulea.se\/skolor\" rel=\"noopener noreferrer\" target=\"_blank\">www.lulea.se\/skolor<\/a><\/strong><\/br><br \/>\n<a href=\"http:\/\/www.lulea.se\/skolor\" rel=\"noopener noreferrer\" target=\"_blank\"><img loading=\"lazy\" decoding=\"async\" src=\"http:\/\/lararkarriar.se\/grundskola\/wp-content\/uploads\/2018\/02\/lulea_logo-530x140.png\" alt=\"\" width=\"474\" height=\"125\" class=\"alignnone size-large wp-image-6096\" \/><\/a><\/div>\n","protected":false},"excerpt":{"rendered":"<p>L\u00e5t l\u00e4raren vara l\u00e4rare! Kringsysslor kan sk\u00f6tas av andra. Locka \u00e4ldre l\u00e4rare att stanna i&#8230;<\/p>\n","protected":false},"author":3,"featured_media":6095,"comment_status":"closed","ping_status":"open","sticky":false,"template":"","format":"standard","meta":{"_acf_changed":false,"_monsterinsights_skip_tracking":false,"_monsterinsights_sitenote_active":false,"_monsterinsights_sitenote_note":"","_monsterinsights_sitenote_category":0,"footnotes":""},"categories":[7],"tags":[22,232,233,246,341,427],"class_list":["post-6094","post","type-post","status-publish","format-standard","has-post-thumbnail","hentry","category-presentation","tag-arbetsmiljo","tag-lulea","tag-lulea-kommun","tag-mentorer","tag-skolpaketet","tag-utveckling"],"acf":[],"yoast_head":"<!-- This site is optimized with the Yoast SEO plugin v27.3 - https:\/\/yoast.com\/product\/yoast-seo-wordpress\/ -->\n<title>Skolan i Lule\u00e5 satsar offensivt p\u00e5 l\u00e4rarnas arbetsmilj\u00f6 - Framtidens Karri\u00e4r \u2013 Grundskolel\u00e4rare<\/title>\n<meta name=\"robots\" content=\"index, follow, max-snippet:-1, max-image-preview:large, max-video-preview:-1\" \/>\n<link rel=\"canonical\" href=\"https:\/\/lararkarriar.se\/grundskola\/2018\/02\/15\/skolan-i-lulea-satsar-offensivt-pa-lararnas-arbetsmiljo\/\" \/>\n<meta property=\"og:locale\" content=\"sv_SE\" \/>\n<meta property=\"og:type\" content=\"article\" \/>\n<meta property=\"og:title\" content=\"Skolan i Lule\u00e5 satsar offensivt p\u00e5 l\u00e4rarnas arbetsmilj\u00f6 - Framtidens Karri\u00e4r \u2013 Grundskolel\u00e4rare\" \/>\n<meta property=\"og:description\" content=\"L\u00e5t l\u00e4raren vara l\u00e4rare! Kringsysslor kan sk\u00f6tas av andra. Locka \u00e4ldre l\u00e4rare att stanna i...\" \/>\n<meta property=\"og:url\" content=\"https:\/\/lararkarriar.se\/grundskola\/2018\/02\/15\/skolan-i-lulea-satsar-offensivt-pa-lararnas-arbetsmiljo\/\" \/>\n<meta property=\"og:site_name\" content=\"Framtidens Karri\u00e4r \u2013 Grundskolel\u00e4rare\" \/>\n<meta property=\"article:published_time\" content=\"2018-02-15T09:16:39+00:00\" \/>\n<meta property=\"og:image\" content=\"https:\/\/lararkarriar.se\/grundskola\/wp-content\/uploads\/sites\/12\/2018\/02\/lulea-443a8880.jpg\" \/>\n\t<meta property=\"og:image:width\" content=\"1000\" \/>\n\t<meta property=\"og:image:height\" content=\"618\" \/>\n\t<meta property=\"og:image:type\" content=\"image\/jpeg\" \/>\n<meta name=\"author\" content=\"stellanstal\" \/>\n<meta name=\"twitter:card\" content=\"summary_large_image\" \/>\n<meta name=\"twitter:label1\" content=\"Skriven av\" \/>\n\t<meta name=\"twitter:data1\" content=\"stellanstal\" \/>\n\t<meta name=\"twitter:label2\" content=\"Ber\u00e4knad l\u00e4stid\" \/>\n\t<meta name=\"twitter:data2\" content=\"3 minuter\" \/>\n<script type=\"application\/ld+json\" class=\"yoast-schema-graph\">{\"@context\":\"https:\\\/\\\/schema.org\",\"@graph\":[{\"@type\":\"Article\",\"@id\":\"https:\\\/\\\/lararkarriar.se\\\/grundskola\\\/2018\\\/02\\\/15\\\/skolan-i-lulea-satsar-offensivt-pa-lararnas-arbetsmiljo\\\/#article\",\"isPartOf\":{\"@id\":\"https:\\\/\\\/lararkarriar.se\\\/grundskola\\\/2018\\\/02\\\/15\\\/skolan-i-lulea-satsar-offensivt-pa-lararnas-arbetsmiljo\\\/\"},\"author\":{\"name\":\"stellanstal\",\"@id\":\"https:\\\/\\\/lararkarriar.se\\\/grundskola\\\/#\\\/schema\\\/person\\\/c8a43eb855191e573b73ecf8987a3b99\"},\"headline\":\"Skolan i Lule\u00e5 satsar offensivt p\u00e5 l\u00e4rarnas arbetsmilj\u00f6\",\"datePublished\":\"2018-02-15T09:16:39+00:00\",\"mainEntityOfPage\":{\"@id\":\"https:\\\/\\\/lararkarriar.se\\\/grundskola\\\/2018\\\/02\\\/15\\\/skolan-i-lulea-satsar-offensivt-pa-lararnas-arbetsmiljo\\\/\"},\"wordCount\":644,\"image\":{\"@id\":\"https:\\\/\\\/lararkarriar.se\\\/grundskola\\\/2018\\\/02\\\/15\\\/skolan-i-lulea-satsar-offensivt-pa-lararnas-arbetsmiljo\\\/#primaryimage\"},\"thumbnailUrl\":\"https:\\\/\\\/lararkarriar.se\\\/grundskola\\\/wp-content\\\/uploads\\\/sites\\\/12\\\/2018\\\/02\\\/lulea-443a8880.jpg\",\"keywords\":[\"Arbetsmilj\u00f6\",\"Lule\u00e5\",\"Lule\u00e5 kommun\",\"Mentorer\",\"Skolpaketet\",\"Utveckling\"],\"articleSection\":[\"Presentation\"],\"inLanguage\":\"sv-SE\"},{\"@type\":\"WebPage\",\"@id\":\"https:\\\/\\\/lararkarriar.se\\\/grundskola\\\/2018\\\/02\\\/15\\\/skolan-i-lulea-satsar-offensivt-pa-lararnas-arbetsmiljo\\\/\",\"url\":\"https:\\\/\\\/lararkarriar.se\\\/grundskola\\\/2018\\\/02\\\/15\\\/skolan-i-lulea-satsar-offensivt-pa-lararnas-arbetsmiljo\\\/\",\"name\":\"Skolan i Lule\u00e5 satsar offensivt p\u00e5 l\u00e4rarnas arbetsmilj\u00f6 - Framtidens Karri\u00e4r \u2013 Grundskolel\u00e4rare\",\"isPartOf\":{\"@id\":\"https:\\\/\\\/lararkarriar.se\\\/grundskola\\\/#website\"},\"primaryImageOfPage\":{\"@id\":\"https:\\\/\\\/lararkarriar.se\\\/grundskola\\\/2018\\\/02\\\/15\\\/skolan-i-lulea-satsar-offensivt-pa-lararnas-arbetsmiljo\\\/#primaryimage\"},\"image\":{\"@id\":\"https:\\\/\\\/lararkarriar.se\\\/grundskola\\\/2018\\\/02\\\/15\\\/skolan-i-lulea-satsar-offensivt-pa-lararnas-arbetsmiljo\\\/#primaryimage\"},\"thumbnailUrl\":\"https:\\\/\\\/lararkarriar.se\\\/grundskola\\\/wp-content\\\/uploads\\\/sites\\\/12\\\/2018\\\/02\\\/lulea-443a8880.jpg\",\"datePublished\":\"2018-02-15T09:16:39+00:00\",\"author\":{\"@id\":\"https:\\\/\\\/lararkarriar.se\\\/grundskola\\\/#\\\/schema\\\/person\\\/c8a43eb855191e573b73ecf8987a3b99\"},\"breadcrumb\":{\"@id\":\"https:\\\/\\\/lararkarriar.se\\\/grundskola\\\/2018\\\/02\\\/15\\\/skolan-i-lulea-satsar-offensivt-pa-lararnas-arbetsmiljo\\\/#breadcrumb\"},\"inLanguage\":\"sv-SE\",\"potentialAction\":[{\"@type\":\"ReadAction\",\"target\":[\"https:\\\/\\\/lararkarriar.se\\\/grundskola\\\/2018\\\/02\\\/15\\\/skolan-i-lulea-satsar-offensivt-pa-lararnas-arbetsmiljo\\\/\"]}]},{\"@type\":\"ImageObject\",\"inLanguage\":\"sv-SE\",\"@id\":\"https:\\\/\\\/lararkarriar.se\\\/grundskola\\\/2018\\\/02\\\/15\\\/skolan-i-lulea-satsar-offensivt-pa-lararnas-arbetsmiljo\\\/#primaryimage\",\"url\":\"https:\\\/\\\/lararkarriar.se\\\/grundskola\\\/wp-content\\\/uploads\\\/sites\\\/12\\\/2018\\\/02\\\/lulea-443a8880.jpg\",\"contentUrl\":\"https:\\\/\\\/lararkarriar.se\\\/grundskola\\\/wp-content\\\/uploads\\\/sites\\\/12\\\/2018\\\/02\\\/lulea-443a8880.jpg\",\"width\":1000,\"height\":618,\"caption\":\"Lena Heikka, projektledare och Maarit Enbuske, skolchef. Foto: Viveka \u00d6sterman\"},{\"@type\":\"BreadcrumbList\",\"@id\":\"https:\\\/\\\/lararkarriar.se\\\/grundskola\\\/2018\\\/02\\\/15\\\/skolan-i-lulea-satsar-offensivt-pa-lararnas-arbetsmiljo\\\/#breadcrumb\",\"itemListElement\":[{\"@type\":\"ListItem\",\"position\":1,\"name\":\"Home\",\"item\":\"https:\\\/\\\/lararkarriar.se\\\/grundskola\\\/\"},{\"@type\":\"ListItem\",\"position\":2,\"name\":\"Skolan i Lule\u00e5 satsar offensivt p\u00e5 l\u00e4rarnas arbetsmilj\u00f6\"}]},{\"@type\":\"WebSite\",\"@id\":\"https:\\\/\\\/lararkarriar.se\\\/grundskola\\\/#website\",\"url\":\"https:\\\/\\\/lararkarriar.se\\\/grundskola\\\/\",\"name\":\"Framtidens Karri\u00e4r \u2013 Grundskolel\u00e4rare\",\"description\":\"Just another NMDashboard.se Sites site\",\"potentialAction\":[{\"@type\":\"SearchAction\",\"target\":{\"@type\":\"EntryPoint\",\"urlTemplate\":\"https:\\\/\\\/lararkarriar.se\\\/grundskola\\\/?s={search_term_string}\"},\"query-input\":{\"@type\":\"PropertyValueSpecification\",\"valueRequired\":true,\"valueName\":\"search_term_string\"}}],\"inLanguage\":\"sv-SE\"},{\"@type\":\"Person\",\"@id\":\"https:\\\/\\\/lararkarriar.se\\\/grundskola\\\/#\\\/schema\\\/person\\\/c8a43eb855191e573b73ecf8987a3b99\",\"name\":\"stellanstal\",\"image\":{\"@type\":\"ImageObject\",\"inLanguage\":\"sv-SE\",\"@id\":\"https:\\\/\\\/secure.gravatar.com\\\/avatar\\\/cd330fa6bb17f598124b2068ee0b189e4fe0987a50af9d53b78410836060d0c9?s=96&d=mm&r=g\",\"url\":\"https:\\\/\\\/secure.gravatar.com\\\/avatar\\\/cd330fa6bb17f598124b2068ee0b189e4fe0987a50af9d53b78410836060d0c9?s=96&d=mm&r=g\",\"contentUrl\":\"https:\\\/\\\/secure.gravatar.com\\\/avatar\\\/cd330fa6bb17f598124b2068ee0b189e4fe0987a50af9d53b78410836060d0c9?s=96&d=mm&r=g\",\"caption\":\"stellanstal\"},\"url\":\"https:\\\/\\\/lararkarriar.se\\\/grundskola\\\/author\\\/stellanstal\\\/\"}]}<\/script>\n<!-- \/ Yoast SEO plugin. -->","yoast_head_json":{"title":"Skolan i Lule\u00e5 satsar offensivt p\u00e5 l\u00e4rarnas arbetsmilj\u00f6 - Framtidens Karri\u00e4r \u2013 Grundskolel\u00e4rare","robots":{"index":"index","follow":"follow","max-snippet":"max-snippet:-1","max-image-preview":"max-image-preview:large","max-video-preview":"max-video-preview:-1"},"canonical":"https:\/\/lararkarriar.se\/grundskola\/2018\/02\/15\/skolan-i-lulea-satsar-offensivt-pa-lararnas-arbetsmiljo\/","og_locale":"sv_SE","og_type":"article","og_title":"Skolan i Lule\u00e5 satsar offensivt p\u00e5 l\u00e4rarnas arbetsmilj\u00f6 - Framtidens Karri\u00e4r \u2013 Grundskolel\u00e4rare","og_description":"L\u00e5t l\u00e4raren vara l\u00e4rare! Kringsysslor kan sk\u00f6tas av andra. Locka \u00e4ldre l\u00e4rare att stanna i...","og_url":"https:\/\/lararkarriar.se\/grundskola\/2018\/02\/15\/skolan-i-lulea-satsar-offensivt-pa-lararnas-arbetsmiljo\/","og_site_name":"Framtidens Karri\u00e4r \u2013 Grundskolel\u00e4rare","article_published_time":"2018-02-15T09:16:39+00:00","og_image":[{"width":1000,"height":618,"url":"https:\/\/lararkarriar.se\/grundskola\/wp-content\/uploads\/sites\/12\/2018\/02\/lulea-443a8880.jpg","type":"image\/jpeg"}],"author":"stellanstal","twitter_card":"summary_large_image","twitter_misc":{"Skriven av":"stellanstal","Ber\u00e4knad l\u00e4stid":"3 minuter"},"schema":{"@context":"https:\/\/schema.org","@graph":[{"@type":"Article","@id":"https:\/\/lararkarriar.se\/grundskola\/2018\/02\/15\/skolan-i-lulea-satsar-offensivt-pa-lararnas-arbetsmiljo\/#article","isPartOf":{"@id":"https:\/\/lararkarriar.se\/grundskola\/2018\/02\/15\/skolan-i-lulea-satsar-offensivt-pa-lararnas-arbetsmiljo\/"},"author":{"name":"stellanstal","@id":"https:\/\/lararkarriar.se\/grundskola\/#\/schema\/person\/c8a43eb855191e573b73ecf8987a3b99"},"headline":"Skolan i Lule\u00e5 satsar offensivt p\u00e5 l\u00e4rarnas arbetsmilj\u00f6","datePublished":"2018-02-15T09:16:39+00:00","mainEntityOfPage":{"@id":"https:\/\/lararkarriar.se\/grundskola\/2018\/02\/15\/skolan-i-lulea-satsar-offensivt-pa-lararnas-arbetsmiljo\/"},"wordCount":644,"image":{"@id":"https:\/\/lararkarriar.se\/grundskola\/2018\/02\/15\/skolan-i-lulea-satsar-offensivt-pa-lararnas-arbetsmiljo\/#primaryimage"},"thumbnailUrl":"https:\/\/lararkarriar.se\/grundskola\/wp-content\/uploads\/sites\/12\/2018\/02\/lulea-443a8880.jpg","keywords":["Arbetsmilj\u00f6","Lule\u00e5","Lule\u00e5 kommun","Mentorer","Skolpaketet","Utveckling"],"articleSection":["Presentation"],"inLanguage":"sv-SE"},{"@type":"WebPage","@id":"https:\/\/lararkarriar.se\/grundskola\/2018\/02\/15\/skolan-i-lulea-satsar-offensivt-pa-lararnas-arbetsmiljo\/","url":"https:\/\/lararkarriar.se\/grundskola\/2018\/02\/15\/skolan-i-lulea-satsar-offensivt-pa-lararnas-arbetsmiljo\/","name":"Skolan i Lule\u00e5 satsar offensivt p\u00e5 l\u00e4rarnas arbetsmilj\u00f6 - Framtidens Karri\u00e4r \u2013 Grundskolel\u00e4rare","isPartOf":{"@id":"https:\/\/lararkarriar.se\/grundskola\/#website"},"primaryImageOfPage":{"@id":"https:\/\/lararkarriar.se\/grundskola\/2018\/02\/15\/skolan-i-lulea-satsar-offensivt-pa-lararnas-arbetsmiljo\/#primaryimage"},"image":{"@id":"https:\/\/lararkarriar.se\/grundskola\/2018\/02\/15\/skolan-i-lulea-satsar-offensivt-pa-lararnas-arbetsmiljo\/#primaryimage"},"thumbnailUrl":"https:\/\/lararkarriar.se\/grundskola\/wp-content\/uploads\/sites\/12\/2018\/02\/lulea-443a8880.jpg","datePublished":"2018-02-15T09:16:39+00:00","author":{"@id":"https:\/\/lararkarriar.se\/grundskola\/#\/schema\/person\/c8a43eb855191e573b73ecf8987a3b99"},"breadcrumb":{"@id":"https:\/\/lararkarriar.se\/grundskola\/2018\/02\/15\/skolan-i-lulea-satsar-offensivt-pa-lararnas-arbetsmiljo\/#breadcrumb"},"inLanguage":"sv-SE","potentialAction":[{"@type":"ReadAction","target":["https:\/\/lararkarriar.se\/grundskola\/2018\/02\/15\/skolan-i-lulea-satsar-offensivt-pa-lararnas-arbetsmiljo\/"]}]},{"@type":"ImageObject","inLanguage":"sv-SE","@id":"https:\/\/lararkarriar.se\/grundskola\/2018\/02\/15\/skolan-i-lulea-satsar-offensivt-pa-lararnas-arbetsmiljo\/#primaryimage","url":"https:\/\/lararkarriar.se\/grundskola\/wp-content\/uploads\/sites\/12\/2018\/02\/lulea-443a8880.jpg","contentUrl":"https:\/\/lararkarriar.se\/grundskola\/wp-content\/uploads\/sites\/12\/2018\/02\/lulea-443a8880.jpg","width":1000,"height":618,"caption":"Lena Heikka, projektledare och Maarit Enbuske, skolchef. Foto: Viveka \u00d6sterman"},{"@type":"BreadcrumbList","@id":"https:\/\/lararkarriar.se\/grundskola\/2018\/02\/15\/skolan-i-lulea-satsar-offensivt-pa-lararnas-arbetsmiljo\/#breadcrumb","itemListElement":[{"@type":"ListItem","position":1,"name":"Home","item":"https:\/\/lararkarriar.se\/grundskola\/"},{"@type":"ListItem","position":2,"name":"Skolan i Lule\u00e5 satsar offensivt p\u00e5 l\u00e4rarnas arbetsmilj\u00f6"}]},{"@type":"WebSite","@id":"https:\/\/lararkarriar.se\/grundskola\/#website","url":"https:\/\/lararkarriar.se\/grundskola\/","name":"Framtidens Karri\u00e4r \u2013 Grundskolel\u00e4rare","description":"Just another NMDashboard.se Sites site","potentialAction":[{"@type":"SearchAction","target":{"@type":"EntryPoint","urlTemplate":"https:\/\/lararkarriar.se\/grundskola\/?s={search_term_string}"},"query-input":{"@type":"PropertyValueSpecification","valueRequired":true,"valueName":"search_term_string"}}],"inLanguage":"sv-SE"},{"@type":"Person","@id":"https:\/\/lararkarriar.se\/grundskola\/#\/schema\/person\/c8a43eb855191e573b73ecf8987a3b99","name":"stellanstal","image":{"@type":"ImageObject","inLanguage":"sv-SE","@id":"https:\/\/secure.gravatar.com\/avatar\/cd330fa6bb17f598124b2068ee0b189e4fe0987a50af9d53b78410836060d0c9?s=96&d=mm&r=g","url":"https:\/\/secure.gravatar.com\/avatar\/cd330fa6bb17f598124b2068ee0b189e4fe0987a50af9d53b78410836060d0c9?s=96&d=mm&r=g","contentUrl":"https:\/\/secure.gravatar.com\/avatar\/cd330fa6bb17f598124b2068ee0b189e4fe0987a50af9d53b78410836060d0c9?s=96&d=mm&r=g","caption":"stellanstal"},"url":"https:\/\/lararkarriar.se\/grundskola\/author\/stellanstal\/"}]}},"_links":{"self":[{"href":"https:\/\/lararkarriar.se\/grundskola\/wp-json\/wp\/v2\/posts\/6094","targetHints":{"allow":["GET"]}}],"collection":[{"href":"https:\/\/lararkarriar.se\/grundskola\/wp-json\/wp\/v2\/posts"}],"about":[{"href":"https:\/\/lararkarriar.se\/grundskola\/wp-json\/wp\/v2\/types\/post"}],"author":[{"embeddable":true,"href":"https:\/\/lararkarriar.se\/grundskola\/wp-json\/wp\/v2\/users\/3"}],"replies":[{"embeddable":true,"href":"https:\/\/lararkarriar.se\/grundskola\/wp-json\/wp\/v2\/comments?post=6094"}],"version-history":[{"count":0,"href":"https:\/\/lararkarriar.se\/grundskola\/wp-json\/wp\/v2\/posts\/6094\/revisions"}],"wp:featuredmedia":[{"embeddable":true,"href":"https:\/\/lararkarriar.se\/grundskola\/wp-json\/wp\/v2\/media\/6095"}],"wp:attachment":[{"href":"https:\/\/lararkarriar.se\/grundskola\/wp-json\/wp\/v2\/media?parent=6094"}],"wp:term":[{"taxonomy":"category","embeddable":true,"href":"https:\/\/lararkarriar.se\/grundskola\/wp-json\/wp\/v2\/categories?post=6094"},{"taxonomy":"post_tag","embeddable":true,"href":"https:\/\/lararkarriar.se\/grundskola\/wp-json\/wp\/v2\/tags?post=6094"}],"curies":[{"name":"wp","href":"https:\/\/api.w.org\/{rel}","templated":true}]}}