{"id":6105,"date":"2018-02-15T11:26:41","date_gmt":"2018-02-15T09:26:41","guid":{"rendered":"http:\/\/lararkarriar.se\/grundskola\/?p=6105"},"modified":"2018-02-15T11:26:41","modified_gmt":"2018-02-15T09:26:41","slug":"varmdo-en-nytankande-kommun-dar-alla-elever-inkluderas","status":"publish","type":"post","link":"https:\/\/lararkarriar.se\/grundskola\/2018\/02\/15\/varmdo-en-nytankande-kommun-dar-alla-elever-inkluderas\/","title":{"rendered":"V\u00e4rmd\u00f6 \u2013 en nyt\u00e4nkande kommun d\u00e4r alla elever inkluderas"},"content":{"rendered":"<p><figure id=\"attachment_6109\" aria-describedby=\"caption-attachment-6109\" style=\"width: 1000px\" class=\"wp-caption alignnone\"><img loading=\"lazy\" decoding=\"async\" src=\"https:\/\/lararkarriar.se\/grundskola\/wp-content\/uploads\/sites\/12\/2018\/02\/varmdo-y5a4337.jpg\" alt=\"Agneta Jonzon, Victoria Ekman och  Emmelie Todd. Foto: Gonzalo Irigoyen\" width=\"1000\" height=\"651\" class=\"size-full wp-image-6109\" srcset=\"https:\/\/lararkarriar.se\/grundskola\/wp-content\/uploads\/sites\/12\/2018\/02\/varmdo-y5a4337.jpg 1000w, https:\/\/lararkarriar.se\/grundskola\/wp-content\/uploads\/sites\/12\/2018\/02\/varmdo-y5a4337-300x195.jpg 300w, https:\/\/lararkarriar.se\/grundskola\/wp-content\/uploads\/sites\/12\/2018\/02\/varmdo-y5a4337-768x500.jpg 768w, https:\/\/lararkarriar.se\/grundskola\/wp-content\/uploads\/sites\/12\/2018\/02\/varmdo-y5a4337-246x160.jpg 246w, https:\/\/lararkarriar.se\/grundskola\/wp-content\/uploads\/sites\/12\/2018\/02\/varmdo-y5a4337-526x342.jpg 526w, https:\/\/lararkarriar.se\/grundskola\/wp-content\/uploads\/sites\/12\/2018\/02\/varmdo-y5a4337-720x469.jpg 720w, https:\/\/lararkarriar.se\/grundskola\/wp-content\/uploads\/sites\/12\/2018\/02\/varmdo-y5a4337-960x625.jpg 960w\" sizes=\"auto, (max-width: 1000px) 100vw, 1000px\" \/><figcaption id=\"caption-attachment-6109\" class=\"wp-caption-text\">Agneta Jonzon, Victoria Ekman och  Emmelie Todd. Foto: Gonzalo Irigoyen<\/figcaption><\/figure><strong>Nyt\u00e4nkande \u00e4r ledordet i V\u00e4rmd\u00f6 kommuns skolor. H\u00e4r arbetar alla medarbetare gemensamt med inkluderande l\u00e4rmilj\u00f6er \u2013 d\u00e4r en del av arbetet handlar om kollegialt l\u00e4rande. M\u00e5let \u00e4r att skapa enhetlig och modern pedagogik \u2013 d\u00e4r alla elever ska trivas och vara v\u00e4l rustade f\u00f6r framtiden.<\/strong><\/p>\n<p>\u2013 V\u00e4rmd\u00f6 \u00e4r en h\u00e4ftig kommun att jobba i. V\u00e5ra p\u00e5g\u00e5ende arbeten med inkluderande l\u00e4rmilj\u00f6er ligger verkligen i tiden och \u00e4r ett nytt s\u00e4tt att t\u00e4nka, s\u00e4ger Maria \u00c5feldt Bryant, som \u00e4r skolstrateg i kommunen.<\/p>\n<p><strong>Inkluderande undervisning och bem\u00f6tande<\/strong><br \/>\nHon f\u00e5r medh\u00e5ll av Victoria Ekman som \u00e4r rektor p\u00e5 Viks skola. Tillsammans med samtliga kommunala skolor p\u00e5 V\u00e4rmd\u00f6 deltar skolan i ett tre-\u00e5rigt forsknings- och utvecklingsprogram om inkluderande l\u00e4rmilj\u00f6er.<br \/>\n\u2013 Vi utg\u00e5r ifr\u00e5n att alla barn g\u00f6r s\u00e5 gott de kan. Ska alla elever n\u00e5 sin fulla potential beh\u00f6ver skolans undervisning och bem\u00f6tande vara inkluderande. Det \u00e4r en viktig del i skolans demokratiska arbete att vi tar vara p\u00e5 alla barns olikheter, s\u00e4ger hon och ber\u00e4ttar att en del av programmet handlar om kollegialt l\u00e4rande.<br \/>\n\u2013 Genom kompetensutveckling \u00f6kar det pedagogiska modet och vi f\u00e5r en samsyn kring inl\u00e4rning och kunskap. M\u00e5let \u00e4r att all personal p\u00e5 skolan ska vara medvetna om behov och f\u00f6ruts\u00e4ttningar som finns f\u00f6r varje elev, forts\u00e4tter hon.<\/p>\n<p><strong>Ligger i framkant med programmering<\/strong><br \/>\nV\u00e4rmd\u00f6 kommun ligger \u00e4ven i framkant vad g\u00e4ller programmering. Anv\u00e4ndandet av l\u00e4rplattor och datorer bidrar till att fler elever kan h\u00e4nga med i undervisningen utifr\u00e5n individuella behov. De senaste tre \u00e5ren har l\u00e4raren Emmelie Todd \u00e4gnat mycket tid till att integrera programmering i undervisningen och st\u00f6tta personalen i anv\u00e4ndandet av digitala verktyg.<br \/>\n\u2013 Att l\u00e4ra sig programmera \u00e4r en demokratisk r\u00e4ttighet. Eleverna beh\u00f6ver ett datalogiskt t\u00e4nkande f\u00f6r att kunna f\u00f6rst\u00e5 sin omv\u00e4rld och d\u00e5 m\u00e5ste vi ha kunskap att l\u00e4ra ut det p\u00e5 b\u00e4sta s\u00e4tt, s\u00e4ger hon.<br \/>\nEmmelie ber\u00e4ttar att hon emellan\u00e5t delar upp klassen i grupper, d\u00e4r n\u00e5gra arbetar i sin l\u00e4robok, och andra med l\u00e4rplatta. H\u00e4r spelar fritidspedagogerna en viktig roll f\u00f6r att st\u00f6tta upp undervisningen och \u00e4ven f\u00f6lja upp l\u00e4randet p\u00e5 fritidsverksamheten.<br \/>\n\u2013 Innan vi b\u00f6rjade samarbeta p\u00e5 det h\u00e4r s\u00e4ttet hade barn som inte klarade av skolg\u00e5ngen egna resurser. Nu \u00e4r det allas ansvar att eleverna inkluderas i undervisningen och vi ser en stor skillnad i arbetsron nu, forts\u00e4tter hon. <\/p>\n<p><strong>Nya metoder testas och utv\u00e4rderas<\/strong><br \/>\nF\u00f6r att f\u00e5 b\u00e4ttre och tryggare skolmilj\u00f6 har Farstavikens skola anst\u00e4llt socialpedagoger som ett socialt st\u00f6d f\u00f6r eleverna. Skolans rektor, Agneta Jonzon, s\u00e4ger att det varit v\u00e4ldigt lyckat.<br \/>\n\u2013 Vi ville satsa p\u00e5 socialpedagogiskt arbete f\u00f6r att m\u00f6jligg\u00f6ra elevers l\u00e4rande och kom fram till att socialpedagogernas kompetens passade v\u00e4l in. De finns bland eleverna b\u00e5de p\u00e5 raster och lektioner f\u00f6r att st\u00f6tta upp vid eventuella konflikter och kan f\u00e5nga upp elever med h\u00f6g fr\u00e5nvaro. Det har varit v\u00e4ldigt v\u00e4rdefullt f\u00f6r l\u00e4rarna som nu f\u00e5tt st\u00f6rre m\u00f6jlighet att fokusera p\u00e5 undervisningen, s\u00e4ger hon.<br \/>\nAgneta ber\u00e4ttar att personalen p\u00e5 skolan tillsammans l\u00e4ser en bok om inkluderande l\u00e4rmilj\u00f6er d\u00e4r varje kapitel behandlar olika undervisningsstrategier. Arbetslagen diskuterar en undervisningsstrategi i taget och pr\u00f6var denna i klassrummet. D\u00e4refter diskuteras och utv\u00e4rderas resultatet i arbetslaget.<br \/>\n\u2013 I kommunen arbetar vi aktivt f\u00f6r att v\u00e5ra skolor ska ha en enhetlig och modern pedagogik med st\u00f6rre m\u00f6jlighet f\u00f6r alla elever att l\u00e4ra sig och trivas. Det \u00e4r en sp\u00e4nnande resa att vara med p\u00e5, avslutar hon.<\/p>\n<div class=\"faktaruta-title\">V\u00e4rmd\u00f6 kommun<\/div><div class=\"faktaruta\">V\u00e4rmd\u00f6 \u00e4r idag en av landets snabb\u00adast v\u00e4xande kommuner, med cirka 43&nbsp;200 inv\u00e5nare. N\u00e4rheten till Stockholm (bara 20 km mellan centralorten Gustavsberg och Slussen) g\u00f6r V\u00e4rmd\u00f6 till ett attraktivt omr\u00e5de f\u00f6r storstadsbornas boende, rekreation och b\u00e5tliv. I V\u00e4rmd\u00f6 finns tio kommunala grundskolor f\u00f6rdelade \u00f6ver glesbygd och t\u00e4tort: Brunns skola (Ingar\u00f6), Farstavikens skola (Gustavsberg), F\u00e5gelviks skola (Ingar\u00f6), Hemmestaskolan (V\u00e4rmd\u00f6landet), Kullsvedsskolan (V\u00e4rmd\u00f6landet), Kyrkskolan (V\u00e4rmd\u00f6landet), Munkmoraskolan (Gustavsberg), Viks skola (V\u00e4rmd\u00f6landet), V\u00e4rmd\u00f6 sk\u00e4rg\u00e5rdsskola (Djur\u00f6\/Stavsn\u00e4s\/\u00d6ar) och \u00d6sbyskolan (Gustavsberg).<\/p>\n<p>V\u00e4rmd\u00f6 kommun<br \/>\nSkogsbov\u00e4gen 9-11, Gustavsberg<br \/>\nPostadress: 134 81 Gustavsberg<br \/>\nTel: 08-570 470 00<br \/>\n<strong><a href=\"http:\/\/www.varmdo.se\" rel=\"noopener noreferrer\" target=\"_blank\">www.varmdo.se<\/a><\/strong><\/br><br \/>\n<a href=\"http:\/\/www.varmdo.se\" rel=\"noopener noreferrer\" target=\"_blank\"><img loading=\"lazy\" decoding=\"async\" src=\"http:\/\/lararkarriar.se\/grundskola\/wp-content\/uploads\/2018\/02\/varmdo_logo_cmyk-1-530x104.png\" alt=\"\" width=\"332\" height=\"65\" class=\"alignnone size-large wp-image-6107\" \/><\/a><\/div>\n","protected":false},"excerpt":{"rendered":"<p>Nyt\u00e4nkande \u00e4r ledordet i V\u00e4rmd\u00f6 kommuns skolor. H\u00e4r arbetar alla medarbetare gemensamt med inkluderande l\u00e4rmilj\u00f6er&#8230;<\/p>\n","protected":false},"author":3,"featured_media":6109,"comment_status":"closed","ping_status":"open","sticky":false,"template":"","format":"standard","meta":{"_acf_changed":false,"_monsterinsights_skip_tracking":false,"_monsterinsights_sitenote_active":false,"_monsterinsights_sitenote_note":"","_monsterinsights_sitenote_category":0,"footnotes":""},"categories":[7],"tags":[68,169,174,295,348,368,433,434],"class_list":["post-6105","post","type-post","status-publish","format-standard","has-post-thumbnail","hentry","category-presentation","tag-digitalisering","tag-kommun","tag-kompetensutveckling","tag-programmering","tag-socialpedagoger","tag-strategi","tag-varmdo","tag-varmdo-kommun"],"acf":[],"yoast_head":"<!-- This site is optimized with the Yoast SEO plugin v27.3 - https:\/\/yoast.com\/product\/yoast-seo-wordpress\/ -->\n<title>V\u00e4rmd\u00f6 \u2013 en nyt\u00e4nkande kommun d\u00e4r alla elever inkluderas - Framtidens Karri\u00e4r \u2013 Grundskolel\u00e4rare<\/title>\n<meta name=\"robots\" content=\"index, follow, max-snippet:-1, max-image-preview:large, max-video-preview:-1\" \/>\n<link rel=\"canonical\" href=\"https:\/\/lararkarriar.se\/grundskola\/2018\/02\/15\/varmdo-en-nytankande-kommun-dar-alla-elever-inkluderas\/\" \/>\n<meta property=\"og:locale\" content=\"sv_SE\" \/>\n<meta property=\"og:type\" content=\"article\" \/>\n<meta property=\"og:title\" content=\"V\u00e4rmd\u00f6 \u2013 en nyt\u00e4nkande kommun d\u00e4r alla elever inkluderas - Framtidens Karri\u00e4r \u2013 Grundskolel\u00e4rare\" \/>\n<meta property=\"og:description\" content=\"Nyt\u00e4nkande \u00e4r ledordet i V\u00e4rmd\u00f6 kommuns skolor. H\u00e4r arbetar alla medarbetare gemensamt med inkluderande l\u00e4rmilj\u00f6er...\" \/>\n<meta property=\"og:url\" content=\"https:\/\/lararkarriar.se\/grundskola\/2018\/02\/15\/varmdo-en-nytankande-kommun-dar-alla-elever-inkluderas\/\" \/>\n<meta property=\"og:site_name\" content=\"Framtidens Karri\u00e4r \u2013 Grundskolel\u00e4rare\" \/>\n<meta property=\"article:published_time\" content=\"2018-02-15T09:26:41+00:00\" \/>\n<meta property=\"og:image\" content=\"https:\/\/lararkarriar.se\/grundskola\/wp-content\/uploads\/sites\/12\/2018\/02\/varmdo-y5a4337.jpg\" \/>\n\t<meta property=\"og:image:width\" content=\"1000\" \/>\n\t<meta property=\"og:image:height\" content=\"651\" \/>\n\t<meta property=\"og:image:type\" content=\"image\/jpeg\" \/>\n<meta name=\"author\" content=\"stellanstal\" \/>\n<meta name=\"twitter:card\" content=\"summary_large_image\" \/>\n<meta name=\"twitter:label1\" content=\"Skriven av\" \/>\n\t<meta name=\"twitter:data1\" content=\"stellanstal\" \/>\n\t<meta name=\"twitter:label2\" content=\"Ber\u00e4knad l\u00e4stid\" \/>\n\t<meta name=\"twitter:data2\" content=\"4 minuter\" \/>\n<script type=\"application\/ld+json\" class=\"yoast-schema-graph\">{\"@context\":\"https:\\\/\\\/schema.org\",\"@graph\":[{\"@type\":\"Article\",\"@id\":\"https:\\\/\\\/lararkarriar.se\\\/grundskola\\\/2018\\\/02\\\/15\\\/varmdo-en-nytankande-kommun-dar-alla-elever-inkluderas\\\/#article\",\"isPartOf\":{\"@id\":\"https:\\\/\\\/lararkarriar.se\\\/grundskola\\\/2018\\\/02\\\/15\\\/varmdo-en-nytankande-kommun-dar-alla-elever-inkluderas\\\/\"},\"author\":{\"name\":\"stellanstal\",\"@id\":\"https:\\\/\\\/lararkarriar.se\\\/grundskola\\\/#\\\/schema\\\/person\\\/c8a43eb855191e573b73ecf8987a3b99\"},\"headline\":\"V\u00e4rmd\u00f6 \u2013 en nyt\u00e4nkande kommun d\u00e4r alla elever inkluderas\",\"datePublished\":\"2018-02-15T09:26:41+00:00\",\"mainEntityOfPage\":{\"@id\":\"https:\\\/\\\/lararkarriar.se\\\/grundskola\\\/2018\\\/02\\\/15\\\/varmdo-en-nytankande-kommun-dar-alla-elever-inkluderas\\\/\"},\"wordCount\":810,\"image\":{\"@id\":\"https:\\\/\\\/lararkarriar.se\\\/grundskola\\\/2018\\\/02\\\/15\\\/varmdo-en-nytankande-kommun-dar-alla-elever-inkluderas\\\/#primaryimage\"},\"thumbnailUrl\":\"https:\\\/\\\/lararkarriar.se\\\/grundskola\\\/wp-content\\\/uploads\\\/sites\\\/12\\\/2018\\\/02\\\/varmdo-y5a4337.jpg\",\"keywords\":[\"Digitalisering\",\"Kommun\",\"Kompetensutveckling\",\"Programmering\",\"Socialpedagoger\",\"Strategi\",\"V\u00e4rmd\u00f6\",\"V\u00e4rmd\u00f6 kommun\"],\"articleSection\":[\"Presentation\"],\"inLanguage\":\"sv-SE\"},{\"@type\":\"WebPage\",\"@id\":\"https:\\\/\\\/lararkarriar.se\\\/grundskola\\\/2018\\\/02\\\/15\\\/varmdo-en-nytankande-kommun-dar-alla-elever-inkluderas\\\/\",\"url\":\"https:\\\/\\\/lararkarriar.se\\\/grundskola\\\/2018\\\/02\\\/15\\\/varmdo-en-nytankande-kommun-dar-alla-elever-inkluderas\\\/\",\"name\":\"V\u00e4rmd\u00f6 \u2013 en nyt\u00e4nkande kommun d\u00e4r alla elever inkluderas - Framtidens Karri\u00e4r \u2013 Grundskolel\u00e4rare\",\"isPartOf\":{\"@id\":\"https:\\\/\\\/lararkarriar.se\\\/grundskola\\\/#website\"},\"primaryImageOfPage\":{\"@id\":\"https:\\\/\\\/lararkarriar.se\\\/grundskola\\\/2018\\\/02\\\/15\\\/varmdo-en-nytankande-kommun-dar-alla-elever-inkluderas\\\/#primaryimage\"},\"image\":{\"@id\":\"https:\\\/\\\/lararkarriar.se\\\/grundskola\\\/2018\\\/02\\\/15\\\/varmdo-en-nytankande-kommun-dar-alla-elever-inkluderas\\\/#primaryimage\"},\"thumbnailUrl\":\"https:\\\/\\\/lararkarriar.se\\\/grundskola\\\/wp-content\\\/uploads\\\/sites\\\/12\\\/2018\\\/02\\\/varmdo-y5a4337.jpg\",\"datePublished\":\"2018-02-15T09:26:41+00:00\",\"author\":{\"@id\":\"https:\\\/\\\/lararkarriar.se\\\/grundskola\\\/#\\\/schema\\\/person\\\/c8a43eb855191e573b73ecf8987a3b99\"},\"breadcrumb\":{\"@id\":\"https:\\\/\\\/lararkarriar.se\\\/grundskola\\\/2018\\\/02\\\/15\\\/varmdo-en-nytankande-kommun-dar-alla-elever-inkluderas\\\/#breadcrumb\"},\"inLanguage\":\"sv-SE\",\"potentialAction\":[{\"@type\":\"ReadAction\",\"target\":[\"https:\\\/\\\/lararkarriar.se\\\/grundskola\\\/2018\\\/02\\\/15\\\/varmdo-en-nytankande-kommun-dar-alla-elever-inkluderas\\\/\"]}]},{\"@type\":\"ImageObject\",\"inLanguage\":\"sv-SE\",\"@id\":\"https:\\\/\\\/lararkarriar.se\\\/grundskola\\\/2018\\\/02\\\/15\\\/varmdo-en-nytankande-kommun-dar-alla-elever-inkluderas\\\/#primaryimage\",\"url\":\"https:\\\/\\\/lararkarriar.se\\\/grundskola\\\/wp-content\\\/uploads\\\/sites\\\/12\\\/2018\\\/02\\\/varmdo-y5a4337.jpg\",\"contentUrl\":\"https:\\\/\\\/lararkarriar.se\\\/grundskola\\\/wp-content\\\/uploads\\\/sites\\\/12\\\/2018\\\/02\\\/varmdo-y5a4337.jpg\",\"width\":1000,\"height\":651,\"caption\":\"Agneta Jonzon, Victoria Ekman och Emmelie Todd. Foto: Gonzalo Irigoyen\"},{\"@type\":\"BreadcrumbList\",\"@id\":\"https:\\\/\\\/lararkarriar.se\\\/grundskola\\\/2018\\\/02\\\/15\\\/varmdo-en-nytankande-kommun-dar-alla-elever-inkluderas\\\/#breadcrumb\",\"itemListElement\":[{\"@type\":\"ListItem\",\"position\":1,\"name\":\"Home\",\"item\":\"https:\\\/\\\/lararkarriar.se\\\/grundskola\\\/\"},{\"@type\":\"ListItem\",\"position\":2,\"name\":\"V\u00e4rmd\u00f6 \u2013 en nyt\u00e4nkande kommun d\u00e4r alla elever inkluderas\"}]},{\"@type\":\"WebSite\",\"@id\":\"https:\\\/\\\/lararkarriar.se\\\/grundskola\\\/#website\",\"url\":\"https:\\\/\\\/lararkarriar.se\\\/grundskola\\\/\",\"name\":\"Framtidens Karri\u00e4r \u2013 Grundskolel\u00e4rare\",\"description\":\"Just another NMDashboard.se Sites site\",\"potentialAction\":[{\"@type\":\"SearchAction\",\"target\":{\"@type\":\"EntryPoint\",\"urlTemplate\":\"https:\\\/\\\/lararkarriar.se\\\/grundskola\\\/?s={search_term_string}\"},\"query-input\":{\"@type\":\"PropertyValueSpecification\",\"valueRequired\":true,\"valueName\":\"search_term_string\"}}],\"inLanguage\":\"sv-SE\"},{\"@type\":\"Person\",\"@id\":\"https:\\\/\\\/lararkarriar.se\\\/grundskola\\\/#\\\/schema\\\/person\\\/c8a43eb855191e573b73ecf8987a3b99\",\"name\":\"stellanstal\",\"image\":{\"@type\":\"ImageObject\",\"inLanguage\":\"sv-SE\",\"@id\":\"https:\\\/\\\/secure.gravatar.com\\\/avatar\\\/cd330fa6bb17f598124b2068ee0b189e4fe0987a50af9d53b78410836060d0c9?s=96&d=mm&r=g\",\"url\":\"https:\\\/\\\/secure.gravatar.com\\\/avatar\\\/cd330fa6bb17f598124b2068ee0b189e4fe0987a50af9d53b78410836060d0c9?s=96&d=mm&r=g\",\"contentUrl\":\"https:\\\/\\\/secure.gravatar.com\\\/avatar\\\/cd330fa6bb17f598124b2068ee0b189e4fe0987a50af9d53b78410836060d0c9?s=96&d=mm&r=g\",\"caption\":\"stellanstal\"},\"url\":\"https:\\\/\\\/lararkarriar.se\\\/grundskola\\\/author\\\/stellanstal\\\/\"}]}<\/script>\n<!-- \/ Yoast SEO plugin. -->","yoast_head_json":{"title":"V\u00e4rmd\u00f6 \u2013 en nyt\u00e4nkande kommun d\u00e4r alla elever inkluderas - Framtidens Karri\u00e4r \u2013 Grundskolel\u00e4rare","robots":{"index":"index","follow":"follow","max-snippet":"max-snippet:-1","max-image-preview":"max-image-preview:large","max-video-preview":"max-video-preview:-1"},"canonical":"https:\/\/lararkarriar.se\/grundskola\/2018\/02\/15\/varmdo-en-nytankande-kommun-dar-alla-elever-inkluderas\/","og_locale":"sv_SE","og_type":"article","og_title":"V\u00e4rmd\u00f6 \u2013 en nyt\u00e4nkande kommun d\u00e4r alla elever inkluderas - Framtidens Karri\u00e4r \u2013 Grundskolel\u00e4rare","og_description":"Nyt\u00e4nkande \u00e4r ledordet i V\u00e4rmd\u00f6 kommuns skolor. H\u00e4r arbetar alla medarbetare gemensamt med inkluderande l\u00e4rmilj\u00f6er...","og_url":"https:\/\/lararkarriar.se\/grundskola\/2018\/02\/15\/varmdo-en-nytankande-kommun-dar-alla-elever-inkluderas\/","og_site_name":"Framtidens Karri\u00e4r \u2013 Grundskolel\u00e4rare","article_published_time":"2018-02-15T09:26:41+00:00","og_image":[{"width":1000,"height":651,"url":"https:\/\/lararkarriar.se\/grundskola\/wp-content\/uploads\/sites\/12\/2018\/02\/varmdo-y5a4337.jpg","type":"image\/jpeg"}],"author":"stellanstal","twitter_card":"summary_large_image","twitter_misc":{"Skriven av":"stellanstal","Ber\u00e4knad l\u00e4stid":"4 minuter"},"schema":{"@context":"https:\/\/schema.org","@graph":[{"@type":"Article","@id":"https:\/\/lararkarriar.se\/grundskola\/2018\/02\/15\/varmdo-en-nytankande-kommun-dar-alla-elever-inkluderas\/#article","isPartOf":{"@id":"https:\/\/lararkarriar.se\/grundskola\/2018\/02\/15\/varmdo-en-nytankande-kommun-dar-alla-elever-inkluderas\/"},"author":{"name":"stellanstal","@id":"https:\/\/lararkarriar.se\/grundskola\/#\/schema\/person\/c8a43eb855191e573b73ecf8987a3b99"},"headline":"V\u00e4rmd\u00f6 \u2013 en nyt\u00e4nkande kommun d\u00e4r alla elever inkluderas","datePublished":"2018-02-15T09:26:41+00:00","mainEntityOfPage":{"@id":"https:\/\/lararkarriar.se\/grundskola\/2018\/02\/15\/varmdo-en-nytankande-kommun-dar-alla-elever-inkluderas\/"},"wordCount":810,"image":{"@id":"https:\/\/lararkarriar.se\/grundskola\/2018\/02\/15\/varmdo-en-nytankande-kommun-dar-alla-elever-inkluderas\/#primaryimage"},"thumbnailUrl":"https:\/\/lararkarriar.se\/grundskola\/wp-content\/uploads\/sites\/12\/2018\/02\/varmdo-y5a4337.jpg","keywords":["Digitalisering","Kommun","Kompetensutveckling","Programmering","Socialpedagoger","Strategi","V\u00e4rmd\u00f6","V\u00e4rmd\u00f6 kommun"],"articleSection":["Presentation"],"inLanguage":"sv-SE"},{"@type":"WebPage","@id":"https:\/\/lararkarriar.se\/grundskola\/2018\/02\/15\/varmdo-en-nytankande-kommun-dar-alla-elever-inkluderas\/","url":"https:\/\/lararkarriar.se\/grundskola\/2018\/02\/15\/varmdo-en-nytankande-kommun-dar-alla-elever-inkluderas\/","name":"V\u00e4rmd\u00f6 \u2013 en nyt\u00e4nkande kommun d\u00e4r alla elever inkluderas - Framtidens Karri\u00e4r \u2013 Grundskolel\u00e4rare","isPartOf":{"@id":"https:\/\/lararkarriar.se\/grundskola\/#website"},"primaryImageOfPage":{"@id":"https:\/\/lararkarriar.se\/grundskola\/2018\/02\/15\/varmdo-en-nytankande-kommun-dar-alla-elever-inkluderas\/#primaryimage"},"image":{"@id":"https:\/\/lararkarriar.se\/grundskola\/2018\/02\/15\/varmdo-en-nytankande-kommun-dar-alla-elever-inkluderas\/#primaryimage"},"thumbnailUrl":"https:\/\/lararkarriar.se\/grundskola\/wp-content\/uploads\/sites\/12\/2018\/02\/varmdo-y5a4337.jpg","datePublished":"2018-02-15T09:26:41+00:00","author":{"@id":"https:\/\/lararkarriar.se\/grundskola\/#\/schema\/person\/c8a43eb855191e573b73ecf8987a3b99"},"breadcrumb":{"@id":"https:\/\/lararkarriar.se\/grundskola\/2018\/02\/15\/varmdo-en-nytankande-kommun-dar-alla-elever-inkluderas\/#breadcrumb"},"inLanguage":"sv-SE","potentialAction":[{"@type":"ReadAction","target":["https:\/\/lararkarriar.se\/grundskola\/2018\/02\/15\/varmdo-en-nytankande-kommun-dar-alla-elever-inkluderas\/"]}]},{"@type":"ImageObject","inLanguage":"sv-SE","@id":"https:\/\/lararkarriar.se\/grundskola\/2018\/02\/15\/varmdo-en-nytankande-kommun-dar-alla-elever-inkluderas\/#primaryimage","url":"https:\/\/lararkarriar.se\/grundskola\/wp-content\/uploads\/sites\/12\/2018\/02\/varmdo-y5a4337.jpg","contentUrl":"https:\/\/lararkarriar.se\/grundskola\/wp-content\/uploads\/sites\/12\/2018\/02\/varmdo-y5a4337.jpg","width":1000,"height":651,"caption":"Agneta Jonzon, Victoria Ekman och Emmelie Todd. Foto: Gonzalo Irigoyen"},{"@type":"BreadcrumbList","@id":"https:\/\/lararkarriar.se\/grundskola\/2018\/02\/15\/varmdo-en-nytankande-kommun-dar-alla-elever-inkluderas\/#breadcrumb","itemListElement":[{"@type":"ListItem","position":1,"name":"Home","item":"https:\/\/lararkarriar.se\/grundskola\/"},{"@type":"ListItem","position":2,"name":"V\u00e4rmd\u00f6 \u2013 en nyt\u00e4nkande kommun d\u00e4r alla elever inkluderas"}]},{"@type":"WebSite","@id":"https:\/\/lararkarriar.se\/grundskola\/#website","url":"https:\/\/lararkarriar.se\/grundskola\/","name":"Framtidens Karri\u00e4r \u2013 Grundskolel\u00e4rare","description":"Just another NMDashboard.se Sites site","potentialAction":[{"@type":"SearchAction","target":{"@type":"EntryPoint","urlTemplate":"https:\/\/lararkarriar.se\/grundskola\/?s={search_term_string}"},"query-input":{"@type":"PropertyValueSpecification","valueRequired":true,"valueName":"search_term_string"}}],"inLanguage":"sv-SE"},{"@type":"Person","@id":"https:\/\/lararkarriar.se\/grundskola\/#\/schema\/person\/c8a43eb855191e573b73ecf8987a3b99","name":"stellanstal","image":{"@type":"ImageObject","inLanguage":"sv-SE","@id":"https:\/\/secure.gravatar.com\/avatar\/cd330fa6bb17f598124b2068ee0b189e4fe0987a50af9d53b78410836060d0c9?s=96&d=mm&r=g","url":"https:\/\/secure.gravatar.com\/avatar\/cd330fa6bb17f598124b2068ee0b189e4fe0987a50af9d53b78410836060d0c9?s=96&d=mm&r=g","contentUrl":"https:\/\/secure.gravatar.com\/avatar\/cd330fa6bb17f598124b2068ee0b189e4fe0987a50af9d53b78410836060d0c9?s=96&d=mm&r=g","caption":"stellanstal"},"url":"https:\/\/lararkarriar.se\/grundskola\/author\/stellanstal\/"}]}},"_links":{"self":[{"href":"https:\/\/lararkarriar.se\/grundskola\/wp-json\/wp\/v2\/posts\/6105","targetHints":{"allow":["GET"]}}],"collection":[{"href":"https:\/\/lararkarriar.se\/grundskola\/wp-json\/wp\/v2\/posts"}],"about":[{"href":"https:\/\/lararkarriar.se\/grundskola\/wp-json\/wp\/v2\/types\/post"}],"author":[{"embeddable":true,"href":"https:\/\/lararkarriar.se\/grundskola\/wp-json\/wp\/v2\/users\/3"}],"replies":[{"embeddable":true,"href":"https:\/\/lararkarriar.se\/grundskola\/wp-json\/wp\/v2\/comments?post=6105"}],"version-history":[{"count":0,"href":"https:\/\/lararkarriar.se\/grundskola\/wp-json\/wp\/v2\/posts\/6105\/revisions"}],"wp:featuredmedia":[{"embeddable":true,"href":"https:\/\/lararkarriar.se\/grundskola\/wp-json\/wp\/v2\/media\/6109"}],"wp:attachment":[{"href":"https:\/\/lararkarriar.se\/grundskola\/wp-json\/wp\/v2\/media?parent=6105"}],"wp:term":[{"taxonomy":"category","embeddable":true,"href":"https:\/\/lararkarriar.se\/grundskola\/wp-json\/wp\/v2\/categories?post=6105"},{"taxonomy":"post_tag","embeddable":true,"href":"https:\/\/lararkarriar.se\/grundskola\/wp-json\/wp\/v2\/tags?post=6105"}],"curies":[{"name":"wp","href":"https:\/\/api.w.org\/{rel}","templated":true}]}}