{"id":6119,"date":"2018-02-15T11:27:12","date_gmt":"2018-02-15T09:27:12","guid":{"rendered":"http:\/\/lararkarriar.se\/grundskola\/?p=6119"},"modified":"2018-02-15T11:27:12","modified_gmt":"2018-02-15T09:27:12","slug":"i-mora-gar-teknik-och-pedagogisk-utveckling-hand-i-hand","status":"publish","type":"post","link":"https:\/\/lararkarriar.se\/grundskola\/2018\/02\/15\/i-mora-gar-teknik-och-pedagogisk-utveckling-hand-i-hand\/","title":{"rendered":"I Mora g\u00e5r teknik och pedagogisk utveckling hand i hand"},"content":{"rendered":"<p><figure id=\"attachment_6120\" aria-describedby=\"caption-attachment-6120\" style=\"width: 1000px\" class=\"wp-caption alignnone\"><img loading=\"lazy\" decoding=\"async\" src=\"https:\/\/lararkarriar.se\/grundskola\/wp-content\/uploads\/sites\/12\/2018\/02\/mora-bjo6635.jpg\" alt=\"Carina Karlsson och Anders Karlsson hos Mora kommun. Foto: Bj\u00f6rn Johansson \/ Kola Productions\" width=\"1000\" height=\"667\" class=\"size-full wp-image-6120\" srcset=\"https:\/\/lararkarriar.se\/grundskola\/wp-content\/uploads\/sites\/12\/2018\/02\/mora-bjo6635.jpg 1000w, https:\/\/lararkarriar.se\/grundskola\/wp-content\/uploads\/sites\/12\/2018\/02\/mora-bjo6635-300x200.jpg 300w, https:\/\/lararkarriar.se\/grundskola\/wp-content\/uploads\/sites\/12\/2018\/02\/mora-bjo6635-768x512.jpg 768w, https:\/\/lararkarriar.se\/grundskola\/wp-content\/uploads\/sites\/12\/2018\/02\/mora-bjo6635-240x160.jpg 240w, https:\/\/lararkarriar.se\/grundskola\/wp-content\/uploads\/sites\/12\/2018\/02\/mora-bjo6635-526x351.jpg 526w, https:\/\/lararkarriar.se\/grundskola\/wp-content\/uploads\/sites\/12\/2018\/02\/mora-bjo6635-720x480.jpg 720w, https:\/\/lararkarriar.se\/grundskola\/wp-content\/uploads\/sites\/12\/2018\/02\/mora-bjo6635-960x640.jpg 960w\" sizes=\"auto, (max-width: 1000px) 100vw, 1000px\" \/><figcaption id=\"caption-attachment-6120\" class=\"wp-caption-text\">Carina Karlsson och Anders Karlsson hos Mora kommun. Foto: Bj\u00f6rn Johansson \/ Kola Productions<\/figcaption><\/figure><strong>H\u00e4r \u00e4r siktet inst\u00e4llt p\u00e5 pedagogisk utveckling med hj\u00e4lp av digitala verktyg.<br \/>\n\u2013 Infrastruktur, verktyg, support och vilja finns. Nu g\u00e4ller det att f\u00e5 alla \u00f6ver tr\u00f6skeln. N\u00e4r kraften kommer inifr\u00e5n, det \u00e4r d\u00e5 den stora utv\u00e4xlingen sker, s\u00e4ger Carina Karlsson, it-pedagog.<\/strong><\/p>\n<p>Under de senaste \u00e5ren har Mora satsat stora resurser p\u00e5 digitalisering av kommunens skolor. Redan 2013 axlade l\u00e4raren Carina Karlsson uppdraget som it-pedagog i kommunen.<br \/>\n\u2013 Mitt f\u00f6rsta uppdrag var att implementera ett dokumentationsprogram och inventera verksamhetens datorer. Sedan dess har det h\u00e4nt en hel del. Idag har kommunen avsatt 2,4 tj\u00e4nster till it-pedagoger och s\u00e5v\u00e4l gymnasium som grundskolan 1-9 har en dator per elev. Just nu sker en satsning p\u00e5 f\u00f6rskolan d\u00e4r m\u00e5let \u00e4r att inom kort kunna utrusta samtliga pedagoger med en iPad och inf\u00f6ra en kommunikations- och dokumentationsplattform.<br \/>\nAnders Karlsson, som \u00e4r SO-l\u00e4rare i grunden, arbetar sedan 1,5 \u00e5r p\u00e5 central niv\u00e5 med att bedriva ikt-utveckling i f\u00f6r- och grundskolan.<br \/>\n\u2013 En del l\u00e4rare k\u00e4nner sig os\u00e4kra och otrygga med digitala verktyg i undervisningen. D\u00e5 \u00e4r det sv\u00e5rt att se m\u00f6jligheterna och den pedagogiska potentialen. Carina och jag finns som en bokningsbar resurs och kan st\u00f6tta i s\u00e5v\u00e4l kompetensutveckling som planering, lektioner och uppf\u00f6ljning. Kommunens rektorer f\u00e5r samtidigt utbildning i att leda digitalisering.<\/p>\n<p><strong>H\u00f6gre m\u00e5luppfyllelse<\/strong><br \/>\nDet \u00f6vergripande m\u00e5let med Moras satsning \u00e4r en h\u00f6gre m\u00e5luppfyllelse.<br \/>\n\u2013 Skolans digitalisering \u00e4r viktig \u00e4ven f\u00f6r likv\u00e4rdigheten. Elever som inte har tillg\u00e5ng till dator i hemmet halkar efter i skolan. Nu \u00e4r det lika f\u00f6r alla, s\u00e4ger Anders.<br \/>\nInom fem \u00e5r hoppas han p\u00e5 att alla l\u00e4rare i kommunen har en h\u00f6g l\u00e4gsta niv\u00e5 vad g\u00e4ller digitaliseringskompetens.<br \/>\n\u2013 Grunden \u00e4r lagd, nu \u00e5terst\u00e5r bara de sista pusselbitarna.<br \/>\nCarina nickar inst\u00e4mmande.<br \/>\n\u2013 P\u00e5 ett par \u00e5rs sikt hoppas jag att alla l\u00e4rare i Mora kommun utnyttjar digital teknik och smarta l\u00e4romedel som l\u00e5ter eleverna arbeta utifr\u00e5n sina olika f\u00f6ruts\u00e4ttningar. Detta kommer att leda till att kreativitet och engagemang \u00f6kar i klassrummen. N\u00e4r kraften kommer inifr\u00e5n, det \u00e4r d\u00e5 vi till fullo kan utnyttja digitaliseringens potential och n\u00e5 en h\u00f6gre m\u00e5luppfyllelse.<\/p>\n<div class=\"faktaruta-title\">Mora kommun<\/div><div class=\"faktaruta\">\u2022 Antal l\u00e4rare: 200<br \/>\n\u2022 Antal elever: 2150<br \/>\n\u2022 Antal skolenheter: 12 skolenheter exklusive en friskola.<br \/>\nMora har de senaste \u00e5ren gjort en medveten satsning p\u00e5 kompetensutveckling och l\u00e4rarlyft i syfte att f\u00e5 engagerad och kompetent personal till kommunens skolor.<\/p>\n<p>Mora kommun<br \/>\n792 80 Mora<br \/>\nTel: 0250-260 00<br \/>\n<strong><a href=\"http:\/\/www.mora.se\" rel=\"noopener noreferrer\" target=\"_blank\">www.mora.se<\/a><\/strong><\/br><br \/>\n<a href=\"http:\/\/www.mora.se\" rel=\"noopener noreferrer\" target=\"_blank\"><img loading=\"lazy\" decoding=\"async\" src=\"https:\/\/lararkarriar.se\/grundskola\/wp-content\/uploads\/sites\/12\/2018\/02\/mora-logo-liggande.png\" alt=\"\" width=\"300\" height=\"94\" class=\"alignnone size-full wp-image-6121\" srcset=\"https:\/\/lararkarriar.se\/grundskola\/wp-content\/uploads\/sites\/12\/2018\/02\/mora-logo-liggande.png 500w, https:\/\/lararkarriar.se\/grundskola\/wp-content\/uploads\/sites\/12\/2018\/02\/mora-logo-liggande-300x94.png 300w\" sizes=\"auto, (max-width: 300px) 100vw, 300px\" \/><\/a><\/div>\n","protected":false},"excerpt":{"rendered":"<p>H\u00e4r \u00e4r siktet inst\u00e4llt p\u00e5 pedagogisk utveckling med hj\u00e4lp av digitala verktyg. \u2013 Infrastruktur, verktyg,&#8230;<\/p>\n","protected":false},"author":3,"featured_media":6120,"comment_status":"closed","ping_status":"open","sticky":false,"template":"","format":"standard","meta":{"_acf_changed":false,"_monsterinsights_skip_tracking":false,"_monsterinsights_sitenote_active":false,"_monsterinsights_sitenote_note":"","_monsterinsights_sitenote_category":0,"footnotes":""},"categories":[7],"tags":[67,68,143,156,169,221,252,253,278,346],"class_list":["post-6119","post","type-post","status-publish","format-standard","has-post-thumbnail","hentry","category-presentation","tag-digitala-verktyg","tag-digitalisering","tag-ikt","tag-it-utveckling","tag-kommun","tag-likvardighet","tag-mora","tag-mora-kommun","tag-pedagogik","tag-smarta-laromedel"],"acf":[],"yoast_head":"<!-- This site is optimized with the Yoast SEO plugin v27.3 - https:\/\/yoast.com\/product\/yoast-seo-wordpress\/ -->\n<title>I Mora g\u00e5r teknik och pedagogisk utveckling hand i hand - Framtidens Karri\u00e4r \u2013 Grundskolel\u00e4rare<\/title>\n<meta name=\"robots\" content=\"index, follow, max-snippet:-1, max-image-preview:large, max-video-preview:-1\" \/>\n<link rel=\"canonical\" href=\"https:\/\/lararkarriar.se\/grundskola\/2018\/02\/15\/i-mora-gar-teknik-och-pedagogisk-utveckling-hand-i-hand\/\" \/>\n<meta property=\"og:locale\" content=\"sv_SE\" \/>\n<meta property=\"og:type\" content=\"article\" \/>\n<meta property=\"og:title\" content=\"I Mora g\u00e5r teknik och pedagogisk utveckling hand i hand - Framtidens Karri\u00e4r \u2013 Grundskolel\u00e4rare\" \/>\n<meta property=\"og:description\" content=\"H\u00e4r \u00e4r siktet inst\u00e4llt p\u00e5 pedagogisk utveckling med hj\u00e4lp av digitala verktyg. \u2013 Infrastruktur, verktyg,...\" \/>\n<meta property=\"og:url\" content=\"https:\/\/lararkarriar.se\/grundskola\/2018\/02\/15\/i-mora-gar-teknik-och-pedagogisk-utveckling-hand-i-hand\/\" \/>\n<meta property=\"og:site_name\" content=\"Framtidens Karri\u00e4r \u2013 Grundskolel\u00e4rare\" \/>\n<meta property=\"article:published_time\" content=\"2018-02-15T09:27:12+00:00\" \/>\n<meta property=\"og:image\" content=\"https:\/\/lararkarriar.se\/grundskola\/wp-content\/uploads\/sites\/12\/2018\/02\/mora-bjo6635.jpg\" \/>\n\t<meta property=\"og:image:width\" content=\"1000\" \/>\n\t<meta property=\"og:image:height\" content=\"667\" \/>\n\t<meta property=\"og:image:type\" content=\"image\/jpeg\" \/>\n<meta name=\"author\" content=\"stellanstal\" \/>\n<meta name=\"twitter:card\" content=\"summary_large_image\" \/>\n<meta name=\"twitter:label1\" content=\"Skriven av\" \/>\n\t<meta name=\"twitter:data1\" content=\"stellanstal\" \/>\n\t<meta name=\"twitter:label2\" content=\"Ber\u00e4knad l\u00e4stid\" \/>\n\t<meta name=\"twitter:data2\" content=\"2 minuter\" \/>\n<script type=\"application\/ld+json\" class=\"yoast-schema-graph\">{\"@context\":\"https:\\\/\\\/schema.org\",\"@graph\":[{\"@type\":\"Article\",\"@id\":\"https:\\\/\\\/lararkarriar.se\\\/grundskola\\\/2018\\\/02\\\/15\\\/i-mora-gar-teknik-och-pedagogisk-utveckling-hand-i-hand\\\/#article\",\"isPartOf\":{\"@id\":\"https:\\\/\\\/lararkarriar.se\\\/grundskola\\\/2018\\\/02\\\/15\\\/i-mora-gar-teknik-och-pedagogisk-utveckling-hand-i-hand\\\/\"},\"author\":{\"name\":\"stellanstal\",\"@id\":\"https:\\\/\\\/lararkarriar.se\\\/grundskola\\\/#\\\/schema\\\/person\\\/c8a43eb855191e573b73ecf8987a3b99\"},\"headline\":\"I Mora g\u00e5r teknik och pedagogisk utveckling hand i hand\",\"datePublished\":\"2018-02-15T09:27:12+00:00\",\"mainEntityOfPage\":{\"@id\":\"https:\\\/\\\/lararkarriar.se\\\/grundskola\\\/2018\\\/02\\\/15\\\/i-mora-gar-teknik-och-pedagogisk-utveckling-hand-i-hand\\\/\"},\"wordCount\":469,\"image\":{\"@id\":\"https:\\\/\\\/lararkarriar.se\\\/grundskola\\\/2018\\\/02\\\/15\\\/i-mora-gar-teknik-och-pedagogisk-utveckling-hand-i-hand\\\/#primaryimage\"},\"thumbnailUrl\":\"https:\\\/\\\/lararkarriar.se\\\/grundskola\\\/wp-content\\\/uploads\\\/sites\\\/12\\\/2018\\\/02\\\/mora-bjo6635.jpg\",\"keywords\":[\"Digitala verktyg\",\"Digitalisering\",\"IKT\",\"It-utveckling\",\"Kommun\",\"Likv\u00e4rdighet\",\"Mora\",\"Mora kommun\",\"Pedagogik\",\"Smarta l\u00e4romedel\"],\"articleSection\":[\"Presentation\"],\"inLanguage\":\"sv-SE\"},{\"@type\":\"WebPage\",\"@id\":\"https:\\\/\\\/lararkarriar.se\\\/grundskola\\\/2018\\\/02\\\/15\\\/i-mora-gar-teknik-och-pedagogisk-utveckling-hand-i-hand\\\/\",\"url\":\"https:\\\/\\\/lararkarriar.se\\\/grundskola\\\/2018\\\/02\\\/15\\\/i-mora-gar-teknik-och-pedagogisk-utveckling-hand-i-hand\\\/\",\"name\":\"I Mora g\u00e5r teknik och pedagogisk utveckling hand i hand - Framtidens Karri\u00e4r \u2013 Grundskolel\u00e4rare\",\"isPartOf\":{\"@id\":\"https:\\\/\\\/lararkarriar.se\\\/grundskola\\\/#website\"},\"primaryImageOfPage\":{\"@id\":\"https:\\\/\\\/lararkarriar.se\\\/grundskola\\\/2018\\\/02\\\/15\\\/i-mora-gar-teknik-och-pedagogisk-utveckling-hand-i-hand\\\/#primaryimage\"},\"image\":{\"@id\":\"https:\\\/\\\/lararkarriar.se\\\/grundskola\\\/2018\\\/02\\\/15\\\/i-mora-gar-teknik-och-pedagogisk-utveckling-hand-i-hand\\\/#primaryimage\"},\"thumbnailUrl\":\"https:\\\/\\\/lararkarriar.se\\\/grundskola\\\/wp-content\\\/uploads\\\/sites\\\/12\\\/2018\\\/02\\\/mora-bjo6635.jpg\",\"datePublished\":\"2018-02-15T09:27:12+00:00\",\"author\":{\"@id\":\"https:\\\/\\\/lararkarriar.se\\\/grundskola\\\/#\\\/schema\\\/person\\\/c8a43eb855191e573b73ecf8987a3b99\"},\"breadcrumb\":{\"@id\":\"https:\\\/\\\/lararkarriar.se\\\/grundskola\\\/2018\\\/02\\\/15\\\/i-mora-gar-teknik-och-pedagogisk-utveckling-hand-i-hand\\\/#breadcrumb\"},\"inLanguage\":\"sv-SE\",\"potentialAction\":[{\"@type\":\"ReadAction\",\"target\":[\"https:\\\/\\\/lararkarriar.se\\\/grundskola\\\/2018\\\/02\\\/15\\\/i-mora-gar-teknik-och-pedagogisk-utveckling-hand-i-hand\\\/\"]}]},{\"@type\":\"ImageObject\",\"inLanguage\":\"sv-SE\",\"@id\":\"https:\\\/\\\/lararkarriar.se\\\/grundskola\\\/2018\\\/02\\\/15\\\/i-mora-gar-teknik-och-pedagogisk-utveckling-hand-i-hand\\\/#primaryimage\",\"url\":\"https:\\\/\\\/lararkarriar.se\\\/grundskola\\\/wp-content\\\/uploads\\\/sites\\\/12\\\/2018\\\/02\\\/mora-bjo6635.jpg\",\"contentUrl\":\"https:\\\/\\\/lararkarriar.se\\\/grundskola\\\/wp-content\\\/uploads\\\/sites\\\/12\\\/2018\\\/02\\\/mora-bjo6635.jpg\",\"width\":1000,\"height\":667,\"caption\":\"Carina Karlsson och Anders Karlsson hos Mora kommun. Foto: Bj\u00f6rn Johansson \\\/ Kola Productions\"},{\"@type\":\"BreadcrumbList\",\"@id\":\"https:\\\/\\\/lararkarriar.se\\\/grundskola\\\/2018\\\/02\\\/15\\\/i-mora-gar-teknik-och-pedagogisk-utveckling-hand-i-hand\\\/#breadcrumb\",\"itemListElement\":[{\"@type\":\"ListItem\",\"position\":1,\"name\":\"Home\",\"item\":\"https:\\\/\\\/lararkarriar.se\\\/grundskola\\\/\"},{\"@type\":\"ListItem\",\"position\":2,\"name\":\"I Mora g\u00e5r teknik och pedagogisk utveckling hand i hand\"}]},{\"@type\":\"WebSite\",\"@id\":\"https:\\\/\\\/lararkarriar.se\\\/grundskola\\\/#website\",\"url\":\"https:\\\/\\\/lararkarriar.se\\\/grundskola\\\/\",\"name\":\"Framtidens Karri\u00e4r \u2013 Grundskolel\u00e4rare\",\"description\":\"Just another NMDashboard.se Sites site\",\"potentialAction\":[{\"@type\":\"SearchAction\",\"target\":{\"@type\":\"EntryPoint\",\"urlTemplate\":\"https:\\\/\\\/lararkarriar.se\\\/grundskola\\\/?s={search_term_string}\"},\"query-input\":{\"@type\":\"PropertyValueSpecification\",\"valueRequired\":true,\"valueName\":\"search_term_string\"}}],\"inLanguage\":\"sv-SE\"},{\"@type\":\"Person\",\"@id\":\"https:\\\/\\\/lararkarriar.se\\\/grundskola\\\/#\\\/schema\\\/person\\\/c8a43eb855191e573b73ecf8987a3b99\",\"name\":\"stellanstal\",\"image\":{\"@type\":\"ImageObject\",\"inLanguage\":\"sv-SE\",\"@id\":\"https:\\\/\\\/secure.gravatar.com\\\/avatar\\\/cd330fa6bb17f598124b2068ee0b189e4fe0987a50af9d53b78410836060d0c9?s=96&d=mm&r=g\",\"url\":\"https:\\\/\\\/secure.gravatar.com\\\/avatar\\\/cd330fa6bb17f598124b2068ee0b189e4fe0987a50af9d53b78410836060d0c9?s=96&d=mm&r=g\",\"contentUrl\":\"https:\\\/\\\/secure.gravatar.com\\\/avatar\\\/cd330fa6bb17f598124b2068ee0b189e4fe0987a50af9d53b78410836060d0c9?s=96&d=mm&r=g\",\"caption\":\"stellanstal\"},\"url\":\"https:\\\/\\\/lararkarriar.se\\\/grundskola\\\/author\\\/stellanstal\\\/\"}]}<\/script>\n<!-- \/ Yoast SEO plugin. -->","yoast_head_json":{"title":"I Mora g\u00e5r teknik och pedagogisk utveckling hand i hand - Framtidens Karri\u00e4r \u2013 Grundskolel\u00e4rare","robots":{"index":"index","follow":"follow","max-snippet":"max-snippet:-1","max-image-preview":"max-image-preview:large","max-video-preview":"max-video-preview:-1"},"canonical":"https:\/\/lararkarriar.se\/grundskola\/2018\/02\/15\/i-mora-gar-teknik-och-pedagogisk-utveckling-hand-i-hand\/","og_locale":"sv_SE","og_type":"article","og_title":"I Mora g\u00e5r teknik och pedagogisk utveckling hand i hand - Framtidens Karri\u00e4r \u2013 Grundskolel\u00e4rare","og_description":"H\u00e4r \u00e4r siktet inst\u00e4llt p\u00e5 pedagogisk utveckling med hj\u00e4lp av digitala verktyg. \u2013 Infrastruktur, verktyg,...","og_url":"https:\/\/lararkarriar.se\/grundskola\/2018\/02\/15\/i-mora-gar-teknik-och-pedagogisk-utveckling-hand-i-hand\/","og_site_name":"Framtidens Karri\u00e4r \u2013 Grundskolel\u00e4rare","article_published_time":"2018-02-15T09:27:12+00:00","og_image":[{"width":1000,"height":667,"url":"https:\/\/lararkarriar.se\/grundskola\/wp-content\/uploads\/sites\/12\/2018\/02\/mora-bjo6635.jpg","type":"image\/jpeg"}],"author":"stellanstal","twitter_card":"summary_large_image","twitter_misc":{"Skriven av":"stellanstal","Ber\u00e4knad l\u00e4stid":"2 minuter"},"schema":{"@context":"https:\/\/schema.org","@graph":[{"@type":"Article","@id":"https:\/\/lararkarriar.se\/grundskola\/2018\/02\/15\/i-mora-gar-teknik-och-pedagogisk-utveckling-hand-i-hand\/#article","isPartOf":{"@id":"https:\/\/lararkarriar.se\/grundskola\/2018\/02\/15\/i-mora-gar-teknik-och-pedagogisk-utveckling-hand-i-hand\/"},"author":{"name":"stellanstal","@id":"https:\/\/lararkarriar.se\/grundskola\/#\/schema\/person\/c8a43eb855191e573b73ecf8987a3b99"},"headline":"I Mora g\u00e5r teknik och pedagogisk utveckling hand i hand","datePublished":"2018-02-15T09:27:12+00:00","mainEntityOfPage":{"@id":"https:\/\/lararkarriar.se\/grundskola\/2018\/02\/15\/i-mora-gar-teknik-och-pedagogisk-utveckling-hand-i-hand\/"},"wordCount":469,"image":{"@id":"https:\/\/lararkarriar.se\/grundskola\/2018\/02\/15\/i-mora-gar-teknik-och-pedagogisk-utveckling-hand-i-hand\/#primaryimage"},"thumbnailUrl":"https:\/\/lararkarriar.se\/grundskola\/wp-content\/uploads\/sites\/12\/2018\/02\/mora-bjo6635.jpg","keywords":["Digitala verktyg","Digitalisering","IKT","It-utveckling","Kommun","Likv\u00e4rdighet","Mora","Mora kommun","Pedagogik","Smarta l\u00e4romedel"],"articleSection":["Presentation"],"inLanguage":"sv-SE"},{"@type":"WebPage","@id":"https:\/\/lararkarriar.se\/grundskola\/2018\/02\/15\/i-mora-gar-teknik-och-pedagogisk-utveckling-hand-i-hand\/","url":"https:\/\/lararkarriar.se\/grundskola\/2018\/02\/15\/i-mora-gar-teknik-och-pedagogisk-utveckling-hand-i-hand\/","name":"I Mora g\u00e5r teknik och pedagogisk utveckling hand i hand - Framtidens Karri\u00e4r \u2013 Grundskolel\u00e4rare","isPartOf":{"@id":"https:\/\/lararkarriar.se\/grundskola\/#website"},"primaryImageOfPage":{"@id":"https:\/\/lararkarriar.se\/grundskola\/2018\/02\/15\/i-mora-gar-teknik-och-pedagogisk-utveckling-hand-i-hand\/#primaryimage"},"image":{"@id":"https:\/\/lararkarriar.se\/grundskola\/2018\/02\/15\/i-mora-gar-teknik-och-pedagogisk-utveckling-hand-i-hand\/#primaryimage"},"thumbnailUrl":"https:\/\/lararkarriar.se\/grundskola\/wp-content\/uploads\/sites\/12\/2018\/02\/mora-bjo6635.jpg","datePublished":"2018-02-15T09:27:12+00:00","author":{"@id":"https:\/\/lararkarriar.se\/grundskola\/#\/schema\/person\/c8a43eb855191e573b73ecf8987a3b99"},"breadcrumb":{"@id":"https:\/\/lararkarriar.se\/grundskola\/2018\/02\/15\/i-mora-gar-teknik-och-pedagogisk-utveckling-hand-i-hand\/#breadcrumb"},"inLanguage":"sv-SE","potentialAction":[{"@type":"ReadAction","target":["https:\/\/lararkarriar.se\/grundskola\/2018\/02\/15\/i-mora-gar-teknik-och-pedagogisk-utveckling-hand-i-hand\/"]}]},{"@type":"ImageObject","inLanguage":"sv-SE","@id":"https:\/\/lararkarriar.se\/grundskola\/2018\/02\/15\/i-mora-gar-teknik-och-pedagogisk-utveckling-hand-i-hand\/#primaryimage","url":"https:\/\/lararkarriar.se\/grundskola\/wp-content\/uploads\/sites\/12\/2018\/02\/mora-bjo6635.jpg","contentUrl":"https:\/\/lararkarriar.se\/grundskola\/wp-content\/uploads\/sites\/12\/2018\/02\/mora-bjo6635.jpg","width":1000,"height":667,"caption":"Carina Karlsson och Anders Karlsson hos Mora kommun. Foto: Bj\u00f6rn Johansson \/ Kola Productions"},{"@type":"BreadcrumbList","@id":"https:\/\/lararkarriar.se\/grundskola\/2018\/02\/15\/i-mora-gar-teknik-och-pedagogisk-utveckling-hand-i-hand\/#breadcrumb","itemListElement":[{"@type":"ListItem","position":1,"name":"Home","item":"https:\/\/lararkarriar.se\/grundskola\/"},{"@type":"ListItem","position":2,"name":"I Mora g\u00e5r teknik och pedagogisk utveckling hand i hand"}]},{"@type":"WebSite","@id":"https:\/\/lararkarriar.se\/grundskola\/#website","url":"https:\/\/lararkarriar.se\/grundskola\/","name":"Framtidens Karri\u00e4r \u2013 Grundskolel\u00e4rare","description":"Just another NMDashboard.se Sites site","potentialAction":[{"@type":"SearchAction","target":{"@type":"EntryPoint","urlTemplate":"https:\/\/lararkarriar.se\/grundskola\/?s={search_term_string}"},"query-input":{"@type":"PropertyValueSpecification","valueRequired":true,"valueName":"search_term_string"}}],"inLanguage":"sv-SE"},{"@type":"Person","@id":"https:\/\/lararkarriar.se\/grundskola\/#\/schema\/person\/c8a43eb855191e573b73ecf8987a3b99","name":"stellanstal","image":{"@type":"ImageObject","inLanguage":"sv-SE","@id":"https:\/\/secure.gravatar.com\/avatar\/cd330fa6bb17f598124b2068ee0b189e4fe0987a50af9d53b78410836060d0c9?s=96&d=mm&r=g","url":"https:\/\/secure.gravatar.com\/avatar\/cd330fa6bb17f598124b2068ee0b189e4fe0987a50af9d53b78410836060d0c9?s=96&d=mm&r=g","contentUrl":"https:\/\/secure.gravatar.com\/avatar\/cd330fa6bb17f598124b2068ee0b189e4fe0987a50af9d53b78410836060d0c9?s=96&d=mm&r=g","caption":"stellanstal"},"url":"https:\/\/lararkarriar.se\/grundskola\/author\/stellanstal\/"}]}},"_links":{"self":[{"href":"https:\/\/lararkarriar.se\/grundskola\/wp-json\/wp\/v2\/posts\/6119","targetHints":{"allow":["GET"]}}],"collection":[{"href":"https:\/\/lararkarriar.se\/grundskola\/wp-json\/wp\/v2\/posts"}],"about":[{"href":"https:\/\/lararkarriar.se\/grundskola\/wp-json\/wp\/v2\/types\/post"}],"author":[{"embeddable":true,"href":"https:\/\/lararkarriar.se\/grundskola\/wp-json\/wp\/v2\/users\/3"}],"replies":[{"embeddable":true,"href":"https:\/\/lararkarriar.se\/grundskola\/wp-json\/wp\/v2\/comments?post=6119"}],"version-history":[{"count":0,"href":"https:\/\/lararkarriar.se\/grundskola\/wp-json\/wp\/v2\/posts\/6119\/revisions"}],"wp:featuredmedia":[{"embeddable":true,"href":"https:\/\/lararkarriar.se\/grundskola\/wp-json\/wp\/v2\/media\/6120"}],"wp:attachment":[{"href":"https:\/\/lararkarriar.se\/grundskola\/wp-json\/wp\/v2\/media?parent=6119"}],"wp:term":[{"taxonomy":"category","embeddable":true,"href":"https:\/\/lararkarriar.se\/grundskola\/wp-json\/wp\/v2\/categories?post=6119"},{"taxonomy":"post_tag","embeddable":true,"href":"https:\/\/lararkarriar.se\/grundskola\/wp-json\/wp\/v2\/tags?post=6119"}],"curies":[{"name":"wp","href":"https:\/\/api.w.org\/{rel}","templated":true}]}}