{"id":6153,"date":"2018-02-15T09:58:05","date_gmt":"2018-02-15T07:58:05","guid":{"rendered":"http:\/\/lararkarriar.se\/grundskola\/?p=6153"},"modified":"2018-02-15T09:58:05","modified_gmt":"2018-02-15T07:58:05","slug":"mer-tid-for-planering-och-arbetsro-ger-hogre-kvalitet","status":"publish","type":"post","link":"https:\/\/lararkarriar.se\/grundskola\/2018\/02\/15\/mer-tid-for-planering-och-arbetsro-ger-hogre-kvalitet\/","title":{"rendered":"Mer tid f\u00f6r planering och arbetsro ger h\u00f6gre kvalitet"},"content":{"rendered":"<p><strong>Vad \u00e4r viktigast f\u00f6r grundskoll\u00e4rarna f\u00f6r att kunna bedriva undervisning med h\u00f6g kvalitet?<br \/>\nN\u00e4stan h\u00e4lften svarade att de vill anv\u00e4nda sin tid p\u00e5 ett mer effektivt s\u00e4tt som gynnar undervisningen. Ta bort on\u00f6dig administration och andra uppgifter som idag l\u00e4ggs p\u00e5 l\u00e4raren.<\/strong><\/p>\n<p>Ett slumpm\u00e4ssigt urval av grundskoll\u00e4rare i Sverige fick fr\u00e5gan \u201dVad \u00e4r viktigast f\u00f6r att du ska kunna bedriva undervisning med h\u00f6g kvalitet?\u201d<\/p>\n<p><strong>Mer tid till f\u00f6r- och efterarbete<\/strong><br \/>\nH\u00e4ften av de tillfr\u00e5gade l\u00e4rarna \u00f6nskar mer tid till f\u00f6r- och efterarbete av lektioner. Tiden ska finnas f\u00f6r enskilt arbete, men ocks\u00e5 f\u00f6r samplanering med kollegor. En stor del tar upp det administrativa arbetet som l\u00e4ggs p\u00e5 l\u00e4rarna. Man anser att det tar f\u00f6r mycket tid fr\u00e5n arbetet med eleverna. \u00c4ven \u201don\u00f6diga\u201d och \u201dl\u00e5nga\u201d m\u00f6ten n\u00e4mns. \u201dJag vill g\u00f6ra mitt jobb och inte allt annat\u201d \u00e4r en \u00e5terkommande synpunkt. Exempel som ges \u00e4r att vara rastvakt, l\u00f6sa konflikter p\u00e5 grund av f\u00f6r f\u00e5 vuxna i skolan, best\u00e4lla material med mera.<\/p>\n<p><strong>Arbetsro i klassrummet<\/strong><br \/>\nMer \u00e4n en tredjedel av l\u00e4rarna i unders\u00f6kningen anser att arbetsmilj\u00f6n i klassrummet inte \u00e4r tillfredsst\u00e4llande. Man vill ha mindre grupper med motiverade och intresserade elever. M\u00e5nga menar att man tidigt beh\u00f6ver ge st\u00f6d och pedagogisk hj\u00e4lp till de elever som inte kan integreras i vanlig klass av olika anledningar. Man vill ha \u201dundervisningsbara\u201d elever som vet hur man uppf\u00f6r sig, kommer m\u00e4tta och utvilade till skolan s\u00e5 att de kan fokusera p\u00e5 inl\u00e4rningen.<br \/>\nF\u00f6r att f\u00e5 ett team som s\u00e4tter eleven i centrum beh\u00f6vs samarbete mellan olika yrkesgrupper p\u00e5 skolan, men ocks\u00e5 st\u00f6d fr\u00e5n f\u00f6r\u00e4ldrarna menar m\u00e5nga. H\u00f6gre personalt\u00e4thet, elevv\u00e5rdsteam, samplanering, f\u00f6r\u00e4ldrar som st\u00f6djer och respekterar l\u00e4rare och \u00f6vrig personal \u00e4r n\u00e5gra av de f\u00f6rslag man anger f\u00f6r att h\u00f6ja kvaliteten p\u00e5 undervisningen.<\/p>\n<p><strong>Tillg\u00e5ng till bra undervisningsmaterial<\/strong><br \/>\nEn stor del av de tillfr\u00e5gade efterlyser bra material samt tillg\u00e5ng till funktionella lokaler. Man menar att om det finns ett komplett digitalt l\u00e4romedelsmaterial med planeringar, f\u00e4rdiga digitala presentationer, provuppgifter och bed\u00f6mningsmanualer \u00e4r f\u00f6rarbetet klart. Det ger l\u00e4rarna m\u00f6jlighet att l\u00e4gga mer tid och fokus p\u00e5 en bra undervisning.<\/p>\n<p><strong>Tydligt ledarskap<\/strong><br \/>\nEtt tydligt och pedagogiskt ledarskap anges ocks\u00e5 som en viktig del f\u00f6r att kunna bedriva undervisning med h\u00f6g kvalitet. Man menar att ledningen ska vara lyh\u00f6rd och flexibel i sitt ledarskap. Man vill ocks\u00e5 ha en ledning som styr och utvecklar skolan f\u00f6r framtiden. En synlig ledning som r\u00f6r sig ute i verksamheten ger ocks\u00e5 en k\u00e4nsla av samarbete och st\u00f6d p\u00e5 alla plan.<\/p>\n<div class=\"faktaruta2-title\">Viktigast f\u00f6r undervisning med h\u00f6g kvalitet<\/div><div class=\"faktaruta2\"><strong>1.<\/strong> Mer tid f\u00f6r planering och efterarbete, mindre administration.<br \/>\n<strong>2.<\/strong> Arbetsro i klassrummet.<br \/>\n<strong>3.<\/strong> Samarbete och st\u00f6d av kollegor, f\u00f6r\u00e4ldrar och skolledning.<br \/>\n<strong>4.<\/strong> Tillg\u00e5ng till bra undervisningsmaterial.<br \/>\n<strong>5.<\/strong> Tydligt och pedagogiskt ledarskap.<br \/>\n<\/div>\n","protected":false},"excerpt":{"rendered":"<p>Vad \u00e4r viktigast f\u00f6r grundskoll\u00e4rarna f\u00f6r att kunna bedriva undervisning med h\u00f6g kvalitet? N\u00e4stan h\u00e4lften&#8230;<\/p>\n","protected":false},"author":3,"featured_media":6154,"comment_status":"closed","ping_status":"open","sticky":false,"template":"","format":"standard","meta":{"_acf_changed":false,"_monsterinsights_skip_tracking":false,"_monsterinsights_sitenote_active":false,"_monsterinsights_sitenote_note":"","_monsterinsights_sitenote_category":0,"footnotes":""},"categories":[1],"tags":[22,23,193,213,216,413,416],"class_list":["post-6153","post","type-post","status-publish","format-standard","has-post-thumbnail","hentry","category-artikel","tag-arbetsmiljo","tag-arbetsro","tag-kvalitet","tag-laromedel","tag-ledarskap","tag-undersokning","tag-undervisningsmaterial"],"acf":[],"yoast_head":"<!-- This site is optimized with the Yoast SEO plugin v27.3 - https:\/\/yoast.com\/product\/yoast-seo-wordpress\/ -->\n<title>Mer tid f\u00f6r planering och arbetsro ger h\u00f6gre kvalitet - Framtidens Karri\u00e4r \u2013 Grundskolel\u00e4rare<\/title>\n<meta name=\"robots\" content=\"index, follow, max-snippet:-1, max-image-preview:large, max-video-preview:-1\" \/>\n<link rel=\"canonical\" href=\"https:\/\/lararkarriar.se\/grundskola\/2018\/02\/15\/mer-tid-for-planering-och-arbetsro-ger-hogre-kvalitet\/\" \/>\n<meta property=\"og:locale\" content=\"sv_SE\" \/>\n<meta property=\"og:type\" content=\"article\" \/>\n<meta property=\"og:title\" content=\"Mer tid f\u00f6r planering och arbetsro ger h\u00f6gre kvalitet - Framtidens Karri\u00e4r \u2013 Grundskolel\u00e4rare\" \/>\n<meta property=\"og:description\" content=\"Vad \u00e4r viktigast f\u00f6r grundskoll\u00e4rarna f\u00f6r att kunna bedriva undervisning med h\u00f6g kvalitet? N\u00e4stan h\u00e4lften...\" \/>\n<meta property=\"og:url\" content=\"https:\/\/lararkarriar.se\/grundskola\/2018\/02\/15\/mer-tid-for-planering-och-arbetsro-ger-hogre-kvalitet\/\" \/>\n<meta property=\"og:site_name\" content=\"Framtidens Karri\u00e4r \u2013 Grundskolel\u00e4rare\" \/>\n<meta property=\"article:published_time\" content=\"2018-02-15T07:58:05+00:00\" \/>\n<meta property=\"og:image\" content=\"https:\/\/lararkarriar.se\/grundskola\/wp-content\/uploads\/sites\/12\/2018\/02\/kvalitet-fakta.png\" \/>\n\t<meta property=\"og:image:width\" content=\"1000\" \/>\n\t<meta property=\"og:image:height\" content=\"435\" \/>\n\t<meta property=\"og:image:type\" content=\"image\/png\" \/>\n<meta name=\"author\" content=\"stellanstal\" \/>\n<meta name=\"twitter:card\" content=\"summary_large_image\" \/>\n<meta name=\"twitter:label1\" content=\"Skriven av\" \/>\n\t<meta name=\"twitter:data1\" content=\"stellanstal\" \/>\n\t<meta name=\"twitter:label2\" content=\"Ber\u00e4knad l\u00e4stid\" \/>\n\t<meta name=\"twitter:data2\" content=\"3 minuter\" \/>\n<script type=\"application\/ld+json\" class=\"yoast-schema-graph\">{\"@context\":\"https:\\\/\\\/schema.org\",\"@graph\":[{\"@type\":\"Article\",\"@id\":\"https:\\\/\\\/lararkarriar.se\\\/grundskola\\\/2018\\\/02\\\/15\\\/mer-tid-for-planering-och-arbetsro-ger-hogre-kvalitet\\\/#article\",\"isPartOf\":{\"@id\":\"https:\\\/\\\/lararkarriar.se\\\/grundskola\\\/2018\\\/02\\\/15\\\/mer-tid-for-planering-och-arbetsro-ger-hogre-kvalitet\\\/\"},\"author\":{\"name\":\"stellanstal\",\"@id\":\"https:\\\/\\\/lararkarriar.se\\\/grundskola\\\/#\\\/schema\\\/person\\\/c8a43eb855191e573b73ecf8987a3b99\"},\"headline\":\"Mer tid f\u00f6r planering och arbetsro ger h\u00f6gre kvalitet\",\"datePublished\":\"2018-02-15T07:58:05+00:00\",\"mainEntityOfPage\":{\"@id\":\"https:\\\/\\\/lararkarriar.se\\\/grundskola\\\/2018\\\/02\\\/15\\\/mer-tid-for-planering-och-arbetsro-ger-hogre-kvalitet\\\/\"},\"wordCount\":542,\"image\":{\"@id\":\"https:\\\/\\\/lararkarriar.se\\\/grundskola\\\/2018\\\/02\\\/15\\\/mer-tid-for-planering-och-arbetsro-ger-hogre-kvalitet\\\/#primaryimage\"},\"thumbnailUrl\":\"https:\\\/\\\/lararkarriar.se\\\/grundskola\\\/wp-content\\\/uploads\\\/sites\\\/12\\\/2018\\\/02\\\/kvalitet-fakta.png\",\"keywords\":[\"Arbetsmilj\u00f6\",\"Arbetsro\",\"Kvalitet\",\"L\u00e4romedel\",\"Ledarskap\",\"Unders\u00f6kning\",\"Undervisningsmaterial\"],\"articleSection\":[\"Artikel\"],\"inLanguage\":\"sv-SE\"},{\"@type\":\"WebPage\",\"@id\":\"https:\\\/\\\/lararkarriar.se\\\/grundskola\\\/2018\\\/02\\\/15\\\/mer-tid-for-planering-och-arbetsro-ger-hogre-kvalitet\\\/\",\"url\":\"https:\\\/\\\/lararkarriar.se\\\/grundskola\\\/2018\\\/02\\\/15\\\/mer-tid-for-planering-och-arbetsro-ger-hogre-kvalitet\\\/\",\"name\":\"Mer tid f\u00f6r planering och arbetsro ger h\u00f6gre kvalitet - Framtidens Karri\u00e4r \u2013 Grundskolel\u00e4rare\",\"isPartOf\":{\"@id\":\"https:\\\/\\\/lararkarriar.se\\\/grundskola\\\/#website\"},\"primaryImageOfPage\":{\"@id\":\"https:\\\/\\\/lararkarriar.se\\\/grundskola\\\/2018\\\/02\\\/15\\\/mer-tid-for-planering-och-arbetsro-ger-hogre-kvalitet\\\/#primaryimage\"},\"image\":{\"@id\":\"https:\\\/\\\/lararkarriar.se\\\/grundskola\\\/2018\\\/02\\\/15\\\/mer-tid-for-planering-och-arbetsro-ger-hogre-kvalitet\\\/#primaryimage\"},\"thumbnailUrl\":\"https:\\\/\\\/lararkarriar.se\\\/grundskola\\\/wp-content\\\/uploads\\\/sites\\\/12\\\/2018\\\/02\\\/kvalitet-fakta.png\",\"datePublished\":\"2018-02-15T07:58:05+00:00\",\"author\":{\"@id\":\"https:\\\/\\\/lararkarriar.se\\\/grundskola\\\/#\\\/schema\\\/person\\\/c8a43eb855191e573b73ecf8987a3b99\"},\"breadcrumb\":{\"@id\":\"https:\\\/\\\/lararkarriar.se\\\/grundskola\\\/2018\\\/02\\\/15\\\/mer-tid-for-planering-och-arbetsro-ger-hogre-kvalitet\\\/#breadcrumb\"},\"inLanguage\":\"sv-SE\",\"potentialAction\":[{\"@type\":\"ReadAction\",\"target\":[\"https:\\\/\\\/lararkarriar.se\\\/grundskola\\\/2018\\\/02\\\/15\\\/mer-tid-for-planering-och-arbetsro-ger-hogre-kvalitet\\\/\"]}]},{\"@type\":\"ImageObject\",\"inLanguage\":\"sv-SE\",\"@id\":\"https:\\\/\\\/lararkarriar.se\\\/grundskola\\\/2018\\\/02\\\/15\\\/mer-tid-for-planering-och-arbetsro-ger-hogre-kvalitet\\\/#primaryimage\",\"url\":\"https:\\\/\\\/lararkarriar.se\\\/grundskola\\\/wp-content\\\/uploads\\\/sites\\\/12\\\/2018\\\/02\\\/kvalitet-fakta.png\",\"contentUrl\":\"https:\\\/\\\/lararkarriar.se\\\/grundskola\\\/wp-content\\\/uploads\\\/sites\\\/12\\\/2018\\\/02\\\/kvalitet-fakta.png\",\"width\":1000,\"height\":435,\"caption\":\"Kvalitet i grundskolan\"},{\"@type\":\"BreadcrumbList\",\"@id\":\"https:\\\/\\\/lararkarriar.se\\\/grundskola\\\/2018\\\/02\\\/15\\\/mer-tid-for-planering-och-arbetsro-ger-hogre-kvalitet\\\/#breadcrumb\",\"itemListElement\":[{\"@type\":\"ListItem\",\"position\":1,\"name\":\"Home\",\"item\":\"https:\\\/\\\/lararkarriar.se\\\/grundskola\\\/\"},{\"@type\":\"ListItem\",\"position\":2,\"name\":\"Mer tid f\u00f6r planering och arbetsro ger h\u00f6gre kvalitet\"}]},{\"@type\":\"WebSite\",\"@id\":\"https:\\\/\\\/lararkarriar.se\\\/grundskola\\\/#website\",\"url\":\"https:\\\/\\\/lararkarriar.se\\\/grundskola\\\/\",\"name\":\"Framtidens Karri\u00e4r \u2013 Grundskolel\u00e4rare\",\"description\":\"Just another NMDashboard.se Sites site\",\"potentialAction\":[{\"@type\":\"SearchAction\",\"target\":{\"@type\":\"EntryPoint\",\"urlTemplate\":\"https:\\\/\\\/lararkarriar.se\\\/grundskola\\\/?s={search_term_string}\"},\"query-input\":{\"@type\":\"PropertyValueSpecification\",\"valueRequired\":true,\"valueName\":\"search_term_string\"}}],\"inLanguage\":\"sv-SE\"},{\"@type\":\"Person\",\"@id\":\"https:\\\/\\\/lararkarriar.se\\\/grundskola\\\/#\\\/schema\\\/person\\\/c8a43eb855191e573b73ecf8987a3b99\",\"name\":\"stellanstal\",\"image\":{\"@type\":\"ImageObject\",\"inLanguage\":\"sv-SE\",\"@id\":\"https:\\\/\\\/secure.gravatar.com\\\/avatar\\\/cd330fa6bb17f598124b2068ee0b189e4fe0987a50af9d53b78410836060d0c9?s=96&d=mm&r=g\",\"url\":\"https:\\\/\\\/secure.gravatar.com\\\/avatar\\\/cd330fa6bb17f598124b2068ee0b189e4fe0987a50af9d53b78410836060d0c9?s=96&d=mm&r=g\",\"contentUrl\":\"https:\\\/\\\/secure.gravatar.com\\\/avatar\\\/cd330fa6bb17f598124b2068ee0b189e4fe0987a50af9d53b78410836060d0c9?s=96&d=mm&r=g\",\"caption\":\"stellanstal\"},\"url\":\"https:\\\/\\\/lararkarriar.se\\\/grundskola\\\/author\\\/stellanstal\\\/\"}]}<\/script>\n<!-- \/ Yoast SEO plugin. -->","yoast_head_json":{"title":"Mer tid f\u00f6r planering och arbetsro ger h\u00f6gre kvalitet - Framtidens Karri\u00e4r \u2013 Grundskolel\u00e4rare","robots":{"index":"index","follow":"follow","max-snippet":"max-snippet:-1","max-image-preview":"max-image-preview:large","max-video-preview":"max-video-preview:-1"},"canonical":"https:\/\/lararkarriar.se\/grundskola\/2018\/02\/15\/mer-tid-for-planering-och-arbetsro-ger-hogre-kvalitet\/","og_locale":"sv_SE","og_type":"article","og_title":"Mer tid f\u00f6r planering och arbetsro ger h\u00f6gre kvalitet - Framtidens Karri\u00e4r \u2013 Grundskolel\u00e4rare","og_description":"Vad \u00e4r viktigast f\u00f6r grundskoll\u00e4rarna f\u00f6r att kunna bedriva undervisning med h\u00f6g kvalitet? N\u00e4stan h\u00e4lften...","og_url":"https:\/\/lararkarriar.se\/grundskola\/2018\/02\/15\/mer-tid-for-planering-och-arbetsro-ger-hogre-kvalitet\/","og_site_name":"Framtidens Karri\u00e4r \u2013 Grundskolel\u00e4rare","article_published_time":"2018-02-15T07:58:05+00:00","og_image":[{"width":1000,"height":435,"url":"https:\/\/lararkarriar.se\/grundskola\/wp-content\/uploads\/sites\/12\/2018\/02\/kvalitet-fakta.png","type":"image\/png"}],"author":"stellanstal","twitter_card":"summary_large_image","twitter_misc":{"Skriven av":"stellanstal","Ber\u00e4knad l\u00e4stid":"3 minuter"},"schema":{"@context":"https:\/\/schema.org","@graph":[{"@type":"Article","@id":"https:\/\/lararkarriar.se\/grundskola\/2018\/02\/15\/mer-tid-for-planering-och-arbetsro-ger-hogre-kvalitet\/#article","isPartOf":{"@id":"https:\/\/lararkarriar.se\/grundskola\/2018\/02\/15\/mer-tid-for-planering-och-arbetsro-ger-hogre-kvalitet\/"},"author":{"name":"stellanstal","@id":"https:\/\/lararkarriar.se\/grundskola\/#\/schema\/person\/c8a43eb855191e573b73ecf8987a3b99"},"headline":"Mer tid f\u00f6r planering och arbetsro ger h\u00f6gre kvalitet","datePublished":"2018-02-15T07:58:05+00:00","mainEntityOfPage":{"@id":"https:\/\/lararkarriar.se\/grundskola\/2018\/02\/15\/mer-tid-for-planering-och-arbetsro-ger-hogre-kvalitet\/"},"wordCount":542,"image":{"@id":"https:\/\/lararkarriar.se\/grundskola\/2018\/02\/15\/mer-tid-for-planering-och-arbetsro-ger-hogre-kvalitet\/#primaryimage"},"thumbnailUrl":"https:\/\/lararkarriar.se\/grundskola\/wp-content\/uploads\/sites\/12\/2018\/02\/kvalitet-fakta.png","keywords":["Arbetsmilj\u00f6","Arbetsro","Kvalitet","L\u00e4romedel","Ledarskap","Unders\u00f6kning","Undervisningsmaterial"],"articleSection":["Artikel"],"inLanguage":"sv-SE"},{"@type":"WebPage","@id":"https:\/\/lararkarriar.se\/grundskola\/2018\/02\/15\/mer-tid-for-planering-och-arbetsro-ger-hogre-kvalitet\/","url":"https:\/\/lararkarriar.se\/grundskola\/2018\/02\/15\/mer-tid-for-planering-och-arbetsro-ger-hogre-kvalitet\/","name":"Mer tid f\u00f6r planering och arbetsro ger h\u00f6gre kvalitet - Framtidens Karri\u00e4r \u2013 Grundskolel\u00e4rare","isPartOf":{"@id":"https:\/\/lararkarriar.se\/grundskola\/#website"},"primaryImageOfPage":{"@id":"https:\/\/lararkarriar.se\/grundskola\/2018\/02\/15\/mer-tid-for-planering-och-arbetsro-ger-hogre-kvalitet\/#primaryimage"},"image":{"@id":"https:\/\/lararkarriar.se\/grundskola\/2018\/02\/15\/mer-tid-for-planering-och-arbetsro-ger-hogre-kvalitet\/#primaryimage"},"thumbnailUrl":"https:\/\/lararkarriar.se\/grundskola\/wp-content\/uploads\/sites\/12\/2018\/02\/kvalitet-fakta.png","datePublished":"2018-02-15T07:58:05+00:00","author":{"@id":"https:\/\/lararkarriar.se\/grundskola\/#\/schema\/person\/c8a43eb855191e573b73ecf8987a3b99"},"breadcrumb":{"@id":"https:\/\/lararkarriar.se\/grundskola\/2018\/02\/15\/mer-tid-for-planering-och-arbetsro-ger-hogre-kvalitet\/#breadcrumb"},"inLanguage":"sv-SE","potentialAction":[{"@type":"ReadAction","target":["https:\/\/lararkarriar.se\/grundskola\/2018\/02\/15\/mer-tid-for-planering-och-arbetsro-ger-hogre-kvalitet\/"]}]},{"@type":"ImageObject","inLanguage":"sv-SE","@id":"https:\/\/lararkarriar.se\/grundskola\/2018\/02\/15\/mer-tid-for-planering-och-arbetsro-ger-hogre-kvalitet\/#primaryimage","url":"https:\/\/lararkarriar.se\/grundskola\/wp-content\/uploads\/sites\/12\/2018\/02\/kvalitet-fakta.png","contentUrl":"https:\/\/lararkarriar.se\/grundskola\/wp-content\/uploads\/sites\/12\/2018\/02\/kvalitet-fakta.png","width":1000,"height":435,"caption":"Kvalitet i grundskolan"},{"@type":"BreadcrumbList","@id":"https:\/\/lararkarriar.se\/grundskola\/2018\/02\/15\/mer-tid-for-planering-och-arbetsro-ger-hogre-kvalitet\/#breadcrumb","itemListElement":[{"@type":"ListItem","position":1,"name":"Home","item":"https:\/\/lararkarriar.se\/grundskola\/"},{"@type":"ListItem","position":2,"name":"Mer tid f\u00f6r planering och arbetsro ger h\u00f6gre kvalitet"}]},{"@type":"WebSite","@id":"https:\/\/lararkarriar.se\/grundskola\/#website","url":"https:\/\/lararkarriar.se\/grundskola\/","name":"Framtidens Karri\u00e4r \u2013 Grundskolel\u00e4rare","description":"Just another NMDashboard.se Sites site","potentialAction":[{"@type":"SearchAction","target":{"@type":"EntryPoint","urlTemplate":"https:\/\/lararkarriar.se\/grundskola\/?s={search_term_string}"},"query-input":{"@type":"PropertyValueSpecification","valueRequired":true,"valueName":"search_term_string"}}],"inLanguage":"sv-SE"},{"@type":"Person","@id":"https:\/\/lararkarriar.se\/grundskola\/#\/schema\/person\/c8a43eb855191e573b73ecf8987a3b99","name":"stellanstal","image":{"@type":"ImageObject","inLanguage":"sv-SE","@id":"https:\/\/secure.gravatar.com\/avatar\/cd330fa6bb17f598124b2068ee0b189e4fe0987a50af9d53b78410836060d0c9?s=96&d=mm&r=g","url":"https:\/\/secure.gravatar.com\/avatar\/cd330fa6bb17f598124b2068ee0b189e4fe0987a50af9d53b78410836060d0c9?s=96&d=mm&r=g","contentUrl":"https:\/\/secure.gravatar.com\/avatar\/cd330fa6bb17f598124b2068ee0b189e4fe0987a50af9d53b78410836060d0c9?s=96&d=mm&r=g","caption":"stellanstal"},"url":"https:\/\/lararkarriar.se\/grundskola\/author\/stellanstal\/"}]}},"_links":{"self":[{"href":"https:\/\/lararkarriar.se\/grundskola\/wp-json\/wp\/v2\/posts\/6153","targetHints":{"allow":["GET"]}}],"collection":[{"href":"https:\/\/lararkarriar.se\/grundskola\/wp-json\/wp\/v2\/posts"}],"about":[{"href":"https:\/\/lararkarriar.se\/grundskola\/wp-json\/wp\/v2\/types\/post"}],"author":[{"embeddable":true,"href":"https:\/\/lararkarriar.se\/grundskola\/wp-json\/wp\/v2\/users\/3"}],"replies":[{"embeddable":true,"href":"https:\/\/lararkarriar.se\/grundskola\/wp-json\/wp\/v2\/comments?post=6153"}],"version-history":[{"count":0,"href":"https:\/\/lararkarriar.se\/grundskola\/wp-json\/wp\/v2\/posts\/6153\/revisions"}],"wp:featuredmedia":[{"embeddable":true,"href":"https:\/\/lararkarriar.se\/grundskola\/wp-json\/wp\/v2\/media\/6154"}],"wp:attachment":[{"href":"https:\/\/lararkarriar.se\/grundskola\/wp-json\/wp\/v2\/media?parent=6153"}],"wp:term":[{"taxonomy":"category","embeddable":true,"href":"https:\/\/lararkarriar.se\/grundskola\/wp-json\/wp\/v2\/categories?post=6153"},{"taxonomy":"post_tag","embeddable":true,"href":"https:\/\/lararkarriar.se\/grundskola\/wp-json\/wp\/v2\/tags?post=6153"}],"curies":[{"name":"wp","href":"https:\/\/api.w.org\/{rel}","templated":true}]}}