{"id":6161,"date":"2018-02-15T10:14:42","date_gmt":"2018-02-15T08:14:42","guid":{"rendered":"http:\/\/lararkarriar.se\/grundskola\/?p=6161"},"modified":"2018-02-15T10:14:42","modified_gmt":"2018-02-15T08:14:42","slug":"arets-skolranking-2017","status":"publish","type":"post","link":"https:\/\/lararkarriar.se\/grundskola\/2018\/02\/15\/arets-skolranking-2017\/","title":{"rendered":"\u00c5rets skolranking 2017"},"content":{"rendered":"<p><figure id=\"attachment_6162\" aria-describedby=\"caption-attachment-6162\" style=\"width: 1000px\" class=\"wp-caption alignnone\"><img loading=\"lazy\" decoding=\"async\" src=\"https:\/\/lararkarriar.se\/grundskola\/wp-content\/uploads\/sites\/12\/2018\/02\/skolranking-170614-0223.jpg\" alt=\"Johanna Jaara \u00c5strand, ordf\u00f6rande L\u00e4rarf\u00f6rbundet. Foto: L\u00e4rarf\u00f6rbundet\" width=\"1000\" height=\"647\" class=\"size-full wp-image-6162\" srcset=\"https:\/\/lararkarriar.se\/grundskola\/wp-content\/uploads\/sites\/12\/2018\/02\/skolranking-170614-0223.jpg 1000w, https:\/\/lararkarriar.se\/grundskola\/wp-content\/uploads\/sites\/12\/2018\/02\/skolranking-170614-0223-300x194.jpg 300w, https:\/\/lararkarriar.se\/grundskola\/wp-content\/uploads\/sites\/12\/2018\/02\/skolranking-170614-0223-768x497.jpg 768w, https:\/\/lararkarriar.se\/grundskola\/wp-content\/uploads\/sites\/12\/2018\/02\/skolranking-170614-0223-247x160.jpg 247w, https:\/\/lararkarriar.se\/grundskola\/wp-content\/uploads\/sites\/12\/2018\/02\/skolranking-170614-0223-526x340.jpg 526w, https:\/\/lararkarriar.se\/grundskola\/wp-content\/uploads\/sites\/12\/2018\/02\/skolranking-170614-0223-720x466.jpg 720w, https:\/\/lararkarriar.se\/grundskola\/wp-content\/uploads\/sites\/12\/2018\/02\/skolranking-170614-0223-960x621.jpg 960w\" sizes=\"auto, (max-width: 1000px) 100vw, 1000px\" \/><figcaption id=\"caption-attachment-6162\" class=\"wp-caption-text\">Johanna Jaara \u00c5strand, ordf\u00f6rande L\u00e4rarf\u00f6rbundet. Foto: L\u00e4rarf\u00f6rbundet<\/figcaption><\/figure><strong>\u2013 Kommunerna m\u00e5ste sluta sl\u00e5ss om l\u00e4rarna och b\u00f6rja sl\u00e5ss f\u00f6r l\u00e4rarna. Alla m\u00e5ste bidra f\u00f6r att g\u00f6ra l\u00e4raryrket mer attraktivt. Det sa L\u00e4rarf\u00f6rbundets ordf\u00f6rande Johanna Jaara \u00c5strand i samband med att priserna f\u00f6r Sveriges B\u00e4sta skolkommun delades ut i b\u00f6rjan av oktober.<\/strong><\/p>\n<p>L\u00e4rarf\u00f6rbundet presenterade nyligen sin \u00e5rliga rankning B\u00e4sta Skolkommun. Rankingen som genomf\u00f6rdes f\u00f6r sextonde \u00e5ret i rad baseras p\u00e5 13 kriterier och omfattar bland annat l\u00e4rarl\u00f6ner, l\u00e4rart\u00e4thet, resurser till undervisningen och elevresultat. Vellinge kommun hamnade i topp, t\u00e4tt f\u00f6ljd av Orust och Ovan\u00e5ker.<br \/>\n\u2013 Huvudsyftet \u00e4r att lyfta fram de kommuner som v\u00e4rnar om sina l\u00e4rare och s\u00e4tta ljuset p\u00e5 hur viktiga kommuner \u00e4r som l\u00e4rararbetsgivare och f\u00f6ruts\u00e4ttningsgivare till en bra skola, s\u00e4ger Johanna Jaara \u00c5strand.<br \/>\nHon p\u00e5pekar att rankingen inte m\u00e4ter allt, men fungerar som d\u00f6rr\u00f6ppnare f\u00f6r viktiga samtal om lokal skolutveckling.<br \/>\n\u2013 Vi f\u00e5r m\u00e5nga signaler p\u00e5 att rankingen driver skolutveckling och inte minst initierar att man tr\u00e4ffas lokalt och samtalar kring styrkor och svagheter med sin skola, om vad som beh\u00f6ver \u00e5tg\u00e4rdas och om vad som kan bli b\u00e4ttre.<br \/>\nListan toppas av sm\u00e5 kommuner; s\u00e5v\u00e4l Stockholm, G\u00f6teborg som Malm\u00f6 \u00e5terfinns l\u00e5ngt ner i listan. Men enligt Johanna Jaara \u00c5strand spelar storleken ingen roll.<br \/>\n\u2013 Med r\u00e4tt beslut, investeringar och dialog kan alla kommuner bli B\u00e4sta Skolkommun.<\/p>\n<p><strong>Olika recept<\/strong><br \/>\nUtmaningarna f\u00f6r dagens skola \u00e4r m\u00e5nga och de ser olika ut i olika kommuner.<br \/>\n\u2013 Vi ska ha en skola som \u00e4r likv\u00e4rdig i hela Sverige. F\u00f6r att klara det kr\u00e4vs ett nationellt ansvarstagande f\u00f6r att s\u00e4kerst\u00e4lla att resurserna f\u00f6rdelas b\u00e4ttre \u00e4n vad som sker idag. Receptet f\u00f6r att s\u00e4kerst\u00e4lla en bra skola \u00e4r inte detsamma \u00f6verallt. Det handlar om att kunna anpassa organisation, l\u00e4rarinsatser, specialpedagogiska insatser och andra typer av \u00e5tg\u00e4rder som kr\u00e4vs f\u00f6r att eleverna ska f\u00e5 det som de beh\u00f6ver.<br \/>\nEn av skolans allra st\u00f6rsta utman\u00adingar \u00e4r l\u00e4rarbristen.<br \/>\n\u2013 P\u00e5 kort sikt s\u00e5 tvingas jag nog konstatera att bristen p\u00e5 l\u00e4rare kommer att f\u00f6rv\u00e4rras. Men kommunerna m\u00e5ste sluta sl\u00e5ss om l\u00e4rarna och i st\u00e4llet b\u00f6rja sl\u00e5ss f\u00f6r l\u00e4rarna. Alla m\u00e5ste dra sitt str\u00e5 till stacken f\u00f6r att g\u00f6ra yrket mer attraktivt. H\u00f6gre l\u00f6ner, b\u00e4ttre villkor och st\u00f6rre tillit till l\u00e4rarna \u00e4r viktiga grundstenar i det arbetet, avslutar Johanna Jaara \u00c5strand.<\/p>\n<div class=\"faktaruta2-title\">B\u00e4sta skolkommun 2017<\/div><div class=\"faktaruta2\"><\/p>\n<table style=\"border: 0px\">\n<tr>\n<td style=\"border: 0px\"><strong>Plats<\/strong><\/td>\n<td style=\"border: 0px\"><strong>Kommun<\/strong><\/td>\n<td style=\"border: 0px\"><strong>Po\u00e4ng<\/strong><\/td>\n<td style=\"border: 0px\"><strong>2016<\/strong><\/td>\n<\/tr>\n<tr bgcolor=\"#daf0f2\">\n<td style=\"border: 0px\">1<\/td>\n<td style=\"border: 0px\">Vellinge<\/td>\n<td style=\"border: 0px\">713<\/td>\n<td style=\"border: 0px\">1<\/td>\n<\/tr>\n<tr>\n<td style=\"border: 0px\">2<\/td>\n<td style=\"border: 0px\">Orust<\/td>\n<td style=\"border: 0px\">1058<\/td>\n<td style=\"border: 0px\">42<\/td>\n<\/tr>\n<tr bgcolor=\"#daf0f2\">\n<td style=\"border: 0px\">3<\/td>\n<td style=\"border: 0px\">Ovan\u00e5ker<\/td>\n<td style=\"border: 0px\">1068<\/td>\n<td style=\"border: 0px\">52<\/td>\n<\/tr>\n<tr>\n<td style=\"border: 0px\">4<\/td>\n<td style=\"border: 0px\">Kalmar<\/td>\n<td style=\"border: 0px\">1100<\/td>\n<td style=\"border: 0px\">12<\/td>\n<\/tr>\n<tr bgcolor=\"#daf0f2\">\n<td style=\"border: 0px\">5<\/td>\n<td style=\"border: 0px\">Aneby<\/td>\n<td style=\"border: 0px\">1144<\/td>\n<td style=\"border: 0px\">60<\/td>\n<\/tr>\n<tr>\n<td style=\"border: 0px\">6<\/td>\n<td style=\"border: 0px\">Pite\u00e5<\/td>\n<td style=\"border: 0px\">1184<\/td>\n<td style=\"border: 0px\">5<\/td>\n<\/tr>\n<tr bgcolor=\"#daf0f2\">\n<td style=\"border: 0px\">7<\/td>\n<td style=\"border: 0px\">Gr\u00e4storp<\/td>\n<td style=\"border: 0px\">1208<\/td>\n<td style=\"border: 0px\">93<\/td>\n<\/tr>\n<tr>\n<td style=\"border: 0px\">8<\/td>\n<td style=\"border: 0px\">Osby<\/td>\n<td style=\"border: 0px\">1209<\/td>\n<td style=\"border: 0px\">48<\/td>\n<\/tr>\n<tr bgcolor=\"#daf0f2\">\n<td style=\"border: 0px\">9<\/td>\n<td style=\"border: 0px\">Varberg<\/td>\n<td style=\"border: 0px\">1219<\/td>\n<td style=\"border: 0px\">2<\/td>\n<\/tr>\n<tr>\n<td style=\"border: 0px\">10<\/td>\n<td style=\"border: 0px\">Lomma<\/td>\n<td style=\"border: 0px\">1285<\/td>\n<td style=\"border: 0px\">22<\/td>\n<\/tr>\n<\/table>\n<p><\/div>\n","protected":false},"excerpt":{"rendered":"<p>\u2013 Kommunerna m\u00e5ste sluta sl\u00e5ss om l\u00e4rarna och b\u00f6rja sl\u00e5ss f\u00f6r l\u00e4rarna. Alla m\u00e5ste bidra&#8230;<\/p>\n","protected":false},"author":3,"featured_media":6162,"comment_status":"closed","ping_status":"open","sticky":false,"template":"","format":"standard","meta":{"_acf_changed":false,"_monsterinsights_skip_tracking":false,"_monsterinsights_sitenote_active":false,"_monsterinsights_sitenote_note":"","_monsterinsights_sitenote_category":0,"footnotes":""},"categories":[1],"tags":[29,37,204,300,342,424],"class_list":["post-6161","post","type-post","status-publish","format-standard","has-post-thumbnail","hentry","category-artikel","tag-arets-skolkommun","tag-basta-skolkommun","tag-lararforbundet","tag-ranking","tag-skolutveckling","tag-utmaningar"],"acf":[],"yoast_head":"<!-- This site is optimized with the Yoast SEO plugin v27.3 - https:\/\/yoast.com\/product\/yoast-seo-wordpress\/ -->\n<title>\u00c5rets skolranking 2017 - Framtidens Karri\u00e4r \u2013 Grundskolel\u00e4rare<\/title>\n<meta name=\"robots\" content=\"index, follow, max-snippet:-1, max-image-preview:large, max-video-preview:-1\" \/>\n<link rel=\"canonical\" href=\"https:\/\/lararkarriar.se\/grundskola\/2018\/02\/15\/arets-skolranking-2017\/\" \/>\n<meta property=\"og:locale\" content=\"sv_SE\" \/>\n<meta property=\"og:type\" content=\"article\" \/>\n<meta property=\"og:title\" content=\"\u00c5rets skolranking 2017 - Framtidens Karri\u00e4r \u2013 Grundskolel\u00e4rare\" \/>\n<meta property=\"og:description\" content=\"\u2013 Kommunerna m\u00e5ste sluta sl\u00e5ss om l\u00e4rarna och b\u00f6rja sl\u00e5ss f\u00f6r l\u00e4rarna. Alla m\u00e5ste bidra...\" \/>\n<meta property=\"og:url\" content=\"https:\/\/lararkarriar.se\/grundskola\/2018\/02\/15\/arets-skolranking-2017\/\" \/>\n<meta property=\"og:site_name\" content=\"Framtidens Karri\u00e4r \u2013 Grundskolel\u00e4rare\" \/>\n<meta property=\"article:published_time\" content=\"2018-02-15T08:14:42+00:00\" \/>\n<meta property=\"og:image\" content=\"https:\/\/lararkarriar.se\/grundskola\/wp-content\/uploads\/sites\/12\/2018\/02\/skolranking-170614-0223.jpg\" \/>\n\t<meta property=\"og:image:width\" content=\"1000\" \/>\n\t<meta property=\"og:image:height\" content=\"647\" \/>\n\t<meta property=\"og:image:type\" content=\"image\/jpeg\" \/>\n<meta name=\"author\" content=\"stellanstal\" \/>\n<meta name=\"twitter:card\" content=\"summary_large_image\" \/>\n<meta name=\"twitter:label1\" content=\"Skriven av\" \/>\n\t<meta name=\"twitter:data1\" content=\"stellanstal\" \/>\n\t<meta name=\"twitter:label2\" content=\"Ber\u00e4knad l\u00e4stid\" \/>\n\t<meta name=\"twitter:data2\" content=\"2 minuter\" \/>\n<script type=\"application\/ld+json\" class=\"yoast-schema-graph\">{\"@context\":\"https:\\\/\\\/schema.org\",\"@graph\":[{\"@type\":\"Article\",\"@id\":\"https:\\\/\\\/lararkarriar.se\\\/grundskola\\\/2018\\\/02\\\/15\\\/arets-skolranking-2017\\\/#article\",\"isPartOf\":{\"@id\":\"https:\\\/\\\/lararkarriar.se\\\/grundskola\\\/2018\\\/02\\\/15\\\/arets-skolranking-2017\\\/\"},\"author\":{\"name\":\"stellanstal\",\"@id\":\"https:\\\/\\\/lararkarriar.se\\\/grundskola\\\/#\\\/schema\\\/person\\\/c8a43eb855191e573b73ecf8987a3b99\"},\"headline\":\"\u00c5rets skolranking 2017\",\"datePublished\":\"2018-02-15T08:14:42+00:00\",\"mainEntityOfPage\":{\"@id\":\"https:\\\/\\\/lararkarriar.se\\\/grundskola\\\/2018\\\/02\\\/15\\\/arets-skolranking-2017\\\/\"},\"wordCount\":495,\"image\":{\"@id\":\"https:\\\/\\\/lararkarriar.se\\\/grundskola\\\/2018\\\/02\\\/15\\\/arets-skolranking-2017\\\/#primaryimage\"},\"thumbnailUrl\":\"https:\\\/\\\/lararkarriar.se\\\/grundskola\\\/wp-content\\\/uploads\\\/sites\\\/12\\\/2018\\\/02\\\/skolranking-170614-0223.jpg\",\"keywords\":[\"\u00c5rets skolkommun\",\"B\u00e4sta Skolkommun\",\"L\u00e4rarf\u00f6rbundet\",\"Ranking\",\"Skolutveckling\",\"Utmaningar\"],\"articleSection\":[\"Artikel\"],\"inLanguage\":\"sv-SE\"},{\"@type\":\"WebPage\",\"@id\":\"https:\\\/\\\/lararkarriar.se\\\/grundskola\\\/2018\\\/02\\\/15\\\/arets-skolranking-2017\\\/\",\"url\":\"https:\\\/\\\/lararkarriar.se\\\/grundskola\\\/2018\\\/02\\\/15\\\/arets-skolranking-2017\\\/\",\"name\":\"\u00c5rets skolranking 2017 - Framtidens Karri\u00e4r \u2013 Grundskolel\u00e4rare\",\"isPartOf\":{\"@id\":\"https:\\\/\\\/lararkarriar.se\\\/grundskola\\\/#website\"},\"primaryImageOfPage\":{\"@id\":\"https:\\\/\\\/lararkarriar.se\\\/grundskola\\\/2018\\\/02\\\/15\\\/arets-skolranking-2017\\\/#primaryimage\"},\"image\":{\"@id\":\"https:\\\/\\\/lararkarriar.se\\\/grundskola\\\/2018\\\/02\\\/15\\\/arets-skolranking-2017\\\/#primaryimage\"},\"thumbnailUrl\":\"https:\\\/\\\/lararkarriar.se\\\/grundskola\\\/wp-content\\\/uploads\\\/sites\\\/12\\\/2018\\\/02\\\/skolranking-170614-0223.jpg\",\"datePublished\":\"2018-02-15T08:14:42+00:00\",\"author\":{\"@id\":\"https:\\\/\\\/lararkarriar.se\\\/grundskola\\\/#\\\/schema\\\/person\\\/c8a43eb855191e573b73ecf8987a3b99\"},\"breadcrumb\":{\"@id\":\"https:\\\/\\\/lararkarriar.se\\\/grundskola\\\/2018\\\/02\\\/15\\\/arets-skolranking-2017\\\/#breadcrumb\"},\"inLanguage\":\"sv-SE\",\"potentialAction\":[{\"@type\":\"ReadAction\",\"target\":[\"https:\\\/\\\/lararkarriar.se\\\/grundskola\\\/2018\\\/02\\\/15\\\/arets-skolranking-2017\\\/\"]}]},{\"@type\":\"ImageObject\",\"inLanguage\":\"sv-SE\",\"@id\":\"https:\\\/\\\/lararkarriar.se\\\/grundskola\\\/2018\\\/02\\\/15\\\/arets-skolranking-2017\\\/#primaryimage\",\"url\":\"https:\\\/\\\/lararkarriar.se\\\/grundskola\\\/wp-content\\\/uploads\\\/sites\\\/12\\\/2018\\\/02\\\/skolranking-170614-0223.jpg\",\"contentUrl\":\"https:\\\/\\\/lararkarriar.se\\\/grundskola\\\/wp-content\\\/uploads\\\/sites\\\/12\\\/2018\\\/02\\\/skolranking-170614-0223.jpg\",\"width\":1000,\"height\":647,\"caption\":\"Johanna Jaara \u00c5strand, ordf\u00f6rande L\u00e4rarf\u00f6rbundet. Foto: L\u00e4rarf\u00f6rbundet\"},{\"@type\":\"BreadcrumbList\",\"@id\":\"https:\\\/\\\/lararkarriar.se\\\/grundskola\\\/2018\\\/02\\\/15\\\/arets-skolranking-2017\\\/#breadcrumb\",\"itemListElement\":[{\"@type\":\"ListItem\",\"position\":1,\"name\":\"Home\",\"item\":\"https:\\\/\\\/lararkarriar.se\\\/grundskola\\\/\"},{\"@type\":\"ListItem\",\"position\":2,\"name\":\"\u00c5rets skolranking 2017\"}]},{\"@type\":\"WebSite\",\"@id\":\"https:\\\/\\\/lararkarriar.se\\\/grundskola\\\/#website\",\"url\":\"https:\\\/\\\/lararkarriar.se\\\/grundskola\\\/\",\"name\":\"Framtidens Karri\u00e4r \u2013 Grundskolel\u00e4rare\",\"description\":\"Just another NMDashboard.se Sites site\",\"potentialAction\":[{\"@type\":\"SearchAction\",\"target\":{\"@type\":\"EntryPoint\",\"urlTemplate\":\"https:\\\/\\\/lararkarriar.se\\\/grundskola\\\/?s={search_term_string}\"},\"query-input\":{\"@type\":\"PropertyValueSpecification\",\"valueRequired\":true,\"valueName\":\"search_term_string\"}}],\"inLanguage\":\"sv-SE\"},{\"@type\":\"Person\",\"@id\":\"https:\\\/\\\/lararkarriar.se\\\/grundskola\\\/#\\\/schema\\\/person\\\/c8a43eb855191e573b73ecf8987a3b99\",\"name\":\"stellanstal\",\"image\":{\"@type\":\"ImageObject\",\"inLanguage\":\"sv-SE\",\"@id\":\"https:\\\/\\\/secure.gravatar.com\\\/avatar\\\/cd330fa6bb17f598124b2068ee0b189e4fe0987a50af9d53b78410836060d0c9?s=96&d=mm&r=g\",\"url\":\"https:\\\/\\\/secure.gravatar.com\\\/avatar\\\/cd330fa6bb17f598124b2068ee0b189e4fe0987a50af9d53b78410836060d0c9?s=96&d=mm&r=g\",\"contentUrl\":\"https:\\\/\\\/secure.gravatar.com\\\/avatar\\\/cd330fa6bb17f598124b2068ee0b189e4fe0987a50af9d53b78410836060d0c9?s=96&d=mm&r=g\",\"caption\":\"stellanstal\"},\"url\":\"https:\\\/\\\/lararkarriar.se\\\/grundskola\\\/author\\\/stellanstal\\\/\"}]}<\/script>\n<!-- \/ Yoast SEO plugin. -->","yoast_head_json":{"title":"\u00c5rets skolranking 2017 - Framtidens Karri\u00e4r \u2013 Grundskolel\u00e4rare","robots":{"index":"index","follow":"follow","max-snippet":"max-snippet:-1","max-image-preview":"max-image-preview:large","max-video-preview":"max-video-preview:-1"},"canonical":"https:\/\/lararkarriar.se\/grundskola\/2018\/02\/15\/arets-skolranking-2017\/","og_locale":"sv_SE","og_type":"article","og_title":"\u00c5rets skolranking 2017 - Framtidens Karri\u00e4r \u2013 Grundskolel\u00e4rare","og_description":"\u2013 Kommunerna m\u00e5ste sluta sl\u00e5ss om l\u00e4rarna och b\u00f6rja sl\u00e5ss f\u00f6r l\u00e4rarna. Alla m\u00e5ste bidra...","og_url":"https:\/\/lararkarriar.se\/grundskola\/2018\/02\/15\/arets-skolranking-2017\/","og_site_name":"Framtidens Karri\u00e4r \u2013 Grundskolel\u00e4rare","article_published_time":"2018-02-15T08:14:42+00:00","og_image":[{"width":1000,"height":647,"url":"https:\/\/lararkarriar.se\/grundskola\/wp-content\/uploads\/sites\/12\/2018\/02\/skolranking-170614-0223.jpg","type":"image\/jpeg"}],"author":"stellanstal","twitter_card":"summary_large_image","twitter_misc":{"Skriven av":"stellanstal","Ber\u00e4knad l\u00e4stid":"2 minuter"},"schema":{"@context":"https:\/\/schema.org","@graph":[{"@type":"Article","@id":"https:\/\/lararkarriar.se\/grundskola\/2018\/02\/15\/arets-skolranking-2017\/#article","isPartOf":{"@id":"https:\/\/lararkarriar.se\/grundskola\/2018\/02\/15\/arets-skolranking-2017\/"},"author":{"name":"stellanstal","@id":"https:\/\/lararkarriar.se\/grundskola\/#\/schema\/person\/c8a43eb855191e573b73ecf8987a3b99"},"headline":"\u00c5rets skolranking 2017","datePublished":"2018-02-15T08:14:42+00:00","mainEntityOfPage":{"@id":"https:\/\/lararkarriar.se\/grundskola\/2018\/02\/15\/arets-skolranking-2017\/"},"wordCount":495,"image":{"@id":"https:\/\/lararkarriar.se\/grundskola\/2018\/02\/15\/arets-skolranking-2017\/#primaryimage"},"thumbnailUrl":"https:\/\/lararkarriar.se\/grundskola\/wp-content\/uploads\/sites\/12\/2018\/02\/skolranking-170614-0223.jpg","keywords":["\u00c5rets skolkommun","B\u00e4sta Skolkommun","L\u00e4rarf\u00f6rbundet","Ranking","Skolutveckling","Utmaningar"],"articleSection":["Artikel"],"inLanguage":"sv-SE"},{"@type":"WebPage","@id":"https:\/\/lararkarriar.se\/grundskola\/2018\/02\/15\/arets-skolranking-2017\/","url":"https:\/\/lararkarriar.se\/grundskola\/2018\/02\/15\/arets-skolranking-2017\/","name":"\u00c5rets skolranking 2017 - Framtidens Karri\u00e4r \u2013 Grundskolel\u00e4rare","isPartOf":{"@id":"https:\/\/lararkarriar.se\/grundskola\/#website"},"primaryImageOfPage":{"@id":"https:\/\/lararkarriar.se\/grundskola\/2018\/02\/15\/arets-skolranking-2017\/#primaryimage"},"image":{"@id":"https:\/\/lararkarriar.se\/grundskola\/2018\/02\/15\/arets-skolranking-2017\/#primaryimage"},"thumbnailUrl":"https:\/\/lararkarriar.se\/grundskola\/wp-content\/uploads\/sites\/12\/2018\/02\/skolranking-170614-0223.jpg","datePublished":"2018-02-15T08:14:42+00:00","author":{"@id":"https:\/\/lararkarriar.se\/grundskola\/#\/schema\/person\/c8a43eb855191e573b73ecf8987a3b99"},"breadcrumb":{"@id":"https:\/\/lararkarriar.se\/grundskola\/2018\/02\/15\/arets-skolranking-2017\/#breadcrumb"},"inLanguage":"sv-SE","potentialAction":[{"@type":"ReadAction","target":["https:\/\/lararkarriar.se\/grundskola\/2018\/02\/15\/arets-skolranking-2017\/"]}]},{"@type":"ImageObject","inLanguage":"sv-SE","@id":"https:\/\/lararkarriar.se\/grundskola\/2018\/02\/15\/arets-skolranking-2017\/#primaryimage","url":"https:\/\/lararkarriar.se\/grundskola\/wp-content\/uploads\/sites\/12\/2018\/02\/skolranking-170614-0223.jpg","contentUrl":"https:\/\/lararkarriar.se\/grundskola\/wp-content\/uploads\/sites\/12\/2018\/02\/skolranking-170614-0223.jpg","width":1000,"height":647,"caption":"Johanna Jaara \u00c5strand, ordf\u00f6rande L\u00e4rarf\u00f6rbundet. Foto: L\u00e4rarf\u00f6rbundet"},{"@type":"BreadcrumbList","@id":"https:\/\/lararkarriar.se\/grundskola\/2018\/02\/15\/arets-skolranking-2017\/#breadcrumb","itemListElement":[{"@type":"ListItem","position":1,"name":"Home","item":"https:\/\/lararkarriar.se\/grundskola\/"},{"@type":"ListItem","position":2,"name":"\u00c5rets skolranking 2017"}]},{"@type":"WebSite","@id":"https:\/\/lararkarriar.se\/grundskola\/#website","url":"https:\/\/lararkarriar.se\/grundskola\/","name":"Framtidens Karri\u00e4r \u2013 Grundskolel\u00e4rare","description":"Just another NMDashboard.se Sites site","potentialAction":[{"@type":"SearchAction","target":{"@type":"EntryPoint","urlTemplate":"https:\/\/lararkarriar.se\/grundskola\/?s={search_term_string}"},"query-input":{"@type":"PropertyValueSpecification","valueRequired":true,"valueName":"search_term_string"}}],"inLanguage":"sv-SE"},{"@type":"Person","@id":"https:\/\/lararkarriar.se\/grundskola\/#\/schema\/person\/c8a43eb855191e573b73ecf8987a3b99","name":"stellanstal","image":{"@type":"ImageObject","inLanguage":"sv-SE","@id":"https:\/\/secure.gravatar.com\/avatar\/cd330fa6bb17f598124b2068ee0b189e4fe0987a50af9d53b78410836060d0c9?s=96&d=mm&r=g","url":"https:\/\/secure.gravatar.com\/avatar\/cd330fa6bb17f598124b2068ee0b189e4fe0987a50af9d53b78410836060d0c9?s=96&d=mm&r=g","contentUrl":"https:\/\/secure.gravatar.com\/avatar\/cd330fa6bb17f598124b2068ee0b189e4fe0987a50af9d53b78410836060d0c9?s=96&d=mm&r=g","caption":"stellanstal"},"url":"https:\/\/lararkarriar.se\/grundskola\/author\/stellanstal\/"}]}},"_links":{"self":[{"href":"https:\/\/lararkarriar.se\/grundskola\/wp-json\/wp\/v2\/posts\/6161","targetHints":{"allow":["GET"]}}],"collection":[{"href":"https:\/\/lararkarriar.se\/grundskola\/wp-json\/wp\/v2\/posts"}],"about":[{"href":"https:\/\/lararkarriar.se\/grundskola\/wp-json\/wp\/v2\/types\/post"}],"author":[{"embeddable":true,"href":"https:\/\/lararkarriar.se\/grundskola\/wp-json\/wp\/v2\/users\/3"}],"replies":[{"embeddable":true,"href":"https:\/\/lararkarriar.se\/grundskola\/wp-json\/wp\/v2\/comments?post=6161"}],"version-history":[{"count":0,"href":"https:\/\/lararkarriar.se\/grundskola\/wp-json\/wp\/v2\/posts\/6161\/revisions"}],"wp:featuredmedia":[{"embeddable":true,"href":"https:\/\/lararkarriar.se\/grundskola\/wp-json\/wp\/v2\/media\/6162"}],"wp:attachment":[{"href":"https:\/\/lararkarriar.se\/grundskola\/wp-json\/wp\/v2\/media?parent=6161"}],"wp:term":[{"taxonomy":"category","embeddable":true,"href":"https:\/\/lararkarriar.se\/grundskola\/wp-json\/wp\/v2\/categories?post=6161"},{"taxonomy":"post_tag","embeddable":true,"href":"https:\/\/lararkarriar.se\/grundskola\/wp-json\/wp\/v2\/tags?post=6161"}],"curies":[{"name":"wp","href":"https:\/\/api.w.org\/{rel}","templated":true}]}}