{"id":6166,"date":"2018-02-15T10:18:57","date_gmt":"2018-02-15T08:18:57","guid":{"rendered":"http:\/\/lararkarriar.se\/grundskola\/?p=6166"},"modified":"2018-02-15T10:18:57","modified_gmt":"2018-02-15T08:18:57","slug":"skolans-digitalisering-riskerar-ge-larare-merjobb","status":"publish","type":"post","link":"https:\/\/lararkarriar.se\/grundskola\/2018\/02\/15\/skolans-digitalisering-riskerar-ge-larare-merjobb\/","title":{"rendered":"Skolans digitalisering riskerar ge l\u00e4rare merjobb"},"content":{"rendered":"<p><figure id=\"attachment_6168\" aria-describedby=\"caption-attachment-6168\" style=\"width: 1000px\" class=\"wp-caption alignnone\"><img loading=\"lazy\" decoding=\"async\" src=\"https:\/\/lararkarriar.se\/grundskola\/wp-content\/uploads\/sites\/12\/2018\/02\/fordelar-shutterstock-500264593.jpg\" alt=\"Foto: Shutterstock\" width=\"1000\" height=\"650\" class=\"size-full wp-image-6168\" srcset=\"https:\/\/lararkarriar.se\/grundskola\/wp-content\/uploads\/sites\/12\/2018\/02\/fordelar-shutterstock-500264593.jpg 1000w, https:\/\/lararkarriar.se\/grundskola\/wp-content\/uploads\/sites\/12\/2018\/02\/fordelar-shutterstock-500264593-300x195.jpg 300w, https:\/\/lararkarriar.se\/grundskola\/wp-content\/uploads\/sites\/12\/2018\/02\/fordelar-shutterstock-500264593-768x499.jpg 768w, https:\/\/lararkarriar.se\/grundskola\/wp-content\/uploads\/sites\/12\/2018\/02\/fordelar-shutterstock-500264593-246x160.jpg 246w, https:\/\/lararkarriar.se\/grundskola\/wp-content\/uploads\/sites\/12\/2018\/02\/fordelar-shutterstock-500264593-526x342.jpg 526w, https:\/\/lararkarriar.se\/grundskola\/wp-content\/uploads\/sites\/12\/2018\/02\/fordelar-shutterstock-500264593-720x468.jpg 720w, https:\/\/lararkarriar.se\/grundskola\/wp-content\/uploads\/sites\/12\/2018\/02\/fordelar-shutterstock-500264593-960x624.jpg 960w\" sizes=\"auto, (max-width: 1000px) 100vw, 1000px\" \/><figcaption id=\"caption-attachment-6168\" class=\"wp-caption-text\">Foto: Shutterstock<\/figcaption><\/figure><strong>Att digitalisera skolan kr\u00e4ver en genomt\u00e4nkt strategi. Att bara f\u00f6rse l\u00e4rare och elever med ny teknik kan snarare f\u00e5 en o\u00f6nskad effekt menar \u00c5ke Gr\u00f6nlund, professor p\u00e5 Handelsh\u00f6gskolan vid \u00d6rebro universitet.<\/strong><\/p>\n<p><figure id=\"attachment_6167\" aria-describedby=\"caption-attachment-6167\" style=\"width: 150px\" class=\"wp-caption alignright\"><img loading=\"lazy\" decoding=\"async\" src=\"http:\/\/lararkarriar.se\/grundskola\/wp-content\/uploads\/2018\/02\/fordelar_agd-250x330.jpg\" alt=\"\u00c5ke Gr\u00f6nlund, professor p\u00e5 Handelsh\u00f6gskolan vid \u00d6rebro universitet.\" width=\"150\" height=\"198\" class=\"size-medium wp-image-6167\" \/><figcaption id=\"caption-attachment-6167\" class=\"wp-caption-text\">\u00c5ke Gr\u00f6nlund, professor p\u00e5 Handelsh\u00f6gskolan vid \u00d6rebro universitet.<\/figcaption><\/figure>Skolan ska digitaliseras har Skolverket slagit fast och p\u00e5 m\u00e5nga h\u00e5ll \u00e4r \u00f6verg\u00e5ngen i full g\u00e5ng. Men det finns tyv\u00e4rr exempel p\u00e5 att inf\u00f6randet av den nya tekniken b\u00f6rjat i fel \u00e4nde. I sin iver att digitalisera har flera kommuner f\u00f6rsett skolor med datorer eller l\u00e4splattor utan att f\u00f6rst ha t\u00e4nkt ut hur tekniken ska anv\u00e4ndas f\u00f6r att g\u00f6ra nytta.<br \/>\n\u2013 Jag tror inte att det finns n\u00e5gra teknikr\u00e4dda l\u00e4rare. De flesta \u00e4r mer eller mindre digitala redan, privat. D\u00e4remot \u00e4r m\u00e5nga l\u00e4rare r\u00e4dda f\u00f6r att arbetsb\u00f6rdan ska \u00f6ka ytterligare vilket kan bli konsekvensen om man exempelvis f\u00f6rv\u00e4ntas sitta och surfa runt och leta efter appar eller beh\u00f6ver skapa ordning bland en massa digitala dokument f\u00f6r att det saknas genomt\u00e4nkta system f\u00f6r det. Om tekniken f\u00f6r med sig merjobb ist\u00e4llet f\u00f6r merv\u00e4rde blir det kontraproduktivt, s\u00e4ger \u00c5ke Gr\u00f6nlund, professor p\u00e5 Handelsh\u00f6gskolan vid \u00d6rebro universitet. <\/p>\n<p><strong>Omfattande forskningsprojekt<\/strong><br \/>\n\u00c5ke Gr\u00f6nlund ledde det omfattande forskningsprojektet, UnosUno 2010-2013, d\u00e4r man unders\u00f6kte effekten av ett antal skolor som f\u00f6rsett sina elever med var sin dator. Studien visar att det kr\u00e4vs l\u00e5ngt mycket mer \u00e4n tekniken i sig f\u00f6r att den ska vara anv\u00e4ndbar.<br \/>\nEn viktig slutsats \u00e4r att kommuner m\u00e5ste ha en tydlig tanke med hur sj\u00e4lva inf\u00f6randet av den digitala tekniken ska g\u00e5 till. Det kr\u00e4vs ett strukturerat kollegialt utvecklingsarbete d\u00e4r man b\u00e5de tar in arbetsmetoder som redan provats framg\u00e5ngsrikt p\u00e5 andra st\u00e4llen och utvecklar egna. Och det r\u00f6r sig inte om n\u00e5gon punktinsats. Den digitala strategin m\u00e5ste utvecklas i takt med att skolans digitalisering f\u00f6rdjupas.<br \/>\n\u2013 R\u00e4tt anv\u00e4nd kan digital teknik absolut f\u00f6rst\u00e4rka undervisningen, det har vi sett m\u00e5nga exempel p\u00e5, men f\u00f6r att den ska kunna ge den nyttan i alla skolor r\u00e4cker det inte med en dator till alla. L\u00e4rarna kan inte sj\u00e4lva bygga en infrastruktur, och finns inte den kommer man inte l\u00e5ngt, konstaterar \u00c5ke Gr\u00f6nlund.<\/p>\n","protected":false},"excerpt":{"rendered":"<p>Att digitalisera skolan kr\u00e4ver en genomt\u00e4nkt strategi. Att bara f\u00f6rse l\u00e4rare och elever med ny&#8230;<\/p>\n","protected":false},"author":3,"featured_media":6168,"comment_status":"closed","ping_status":"open","sticky":false,"template":"","format":"standard","meta":{"_acf_changed":false,"_monsterinsights_skip_tracking":false,"_monsterinsights_sitenote_active":false,"_monsterinsights_sitenote_note":"","_monsterinsights_sitenote_category":0,"footnotes":""},"categories":[1],"tags":[68,95,272,343,418,427,428],"class_list":["post-6166","post","type-post","status-publish","format-standard","has-post-thumbnail","hentry","category-artikel","tag-digitalisering","tag-forskning","tag-orebro-universitet","tag-skolverket","tag-unosuno-2010-2013","tag-utveckling","tag-utvecklingsarbete"],"acf":[],"yoast_head":"<!-- This site is optimized with the Yoast SEO plugin v27.3 - https:\/\/yoast.com\/product\/yoast-seo-wordpress\/ -->\n<title>Skolans digitalisering riskerar ge l\u00e4rare merjobb - Framtidens Karri\u00e4r \u2013 Grundskolel\u00e4rare<\/title>\n<meta name=\"robots\" content=\"index, follow, max-snippet:-1, max-image-preview:large, max-video-preview:-1\" \/>\n<link rel=\"canonical\" href=\"https:\/\/lararkarriar.se\/grundskola\/2018\/02\/15\/skolans-digitalisering-riskerar-ge-larare-merjobb\/\" \/>\n<meta property=\"og:locale\" content=\"sv_SE\" \/>\n<meta property=\"og:type\" content=\"article\" \/>\n<meta property=\"og:title\" content=\"Skolans digitalisering riskerar ge l\u00e4rare merjobb - Framtidens Karri\u00e4r \u2013 Grundskolel\u00e4rare\" \/>\n<meta property=\"og:description\" content=\"Att digitalisera skolan kr\u00e4ver en genomt\u00e4nkt strategi. Att bara f\u00f6rse l\u00e4rare och elever med ny...\" \/>\n<meta property=\"og:url\" content=\"https:\/\/lararkarriar.se\/grundskola\/2018\/02\/15\/skolans-digitalisering-riskerar-ge-larare-merjobb\/\" \/>\n<meta property=\"og:site_name\" content=\"Framtidens Karri\u00e4r \u2013 Grundskolel\u00e4rare\" \/>\n<meta property=\"article:published_time\" content=\"2018-02-15T08:18:57+00:00\" \/>\n<meta property=\"og:image\" content=\"https:\/\/lararkarriar.se\/grundskola\/wp-content\/uploads\/sites\/12\/2018\/02\/fordelar-shutterstock-500264593.jpg\" \/>\n\t<meta property=\"og:image:width\" content=\"1000\" \/>\n\t<meta property=\"og:image:height\" content=\"650\" \/>\n\t<meta property=\"og:image:type\" content=\"image\/jpeg\" \/>\n<meta name=\"author\" content=\"stellanstal\" \/>\n<meta name=\"twitter:card\" content=\"summary_large_image\" \/>\n<meta name=\"twitter:label1\" content=\"Skriven av\" \/>\n\t<meta name=\"twitter:data1\" content=\"stellanstal\" \/>\n\t<meta name=\"twitter:label2\" content=\"Ber\u00e4knad l\u00e4stid\" \/>\n\t<meta name=\"twitter:data2\" content=\"2 minuter\" \/>\n<script type=\"application\/ld+json\" class=\"yoast-schema-graph\">{\"@context\":\"https:\\\/\\\/schema.org\",\"@graph\":[{\"@type\":\"Article\",\"@id\":\"https:\\\/\\\/lararkarriar.se\\\/grundskola\\\/2018\\\/02\\\/15\\\/skolans-digitalisering-riskerar-ge-larare-merjobb\\\/#article\",\"isPartOf\":{\"@id\":\"https:\\\/\\\/lararkarriar.se\\\/grundskola\\\/2018\\\/02\\\/15\\\/skolans-digitalisering-riskerar-ge-larare-merjobb\\\/\"},\"author\":{\"name\":\"stellanstal\",\"@id\":\"https:\\\/\\\/lararkarriar.se\\\/grundskola\\\/#\\\/schema\\\/person\\\/c8a43eb855191e573b73ecf8987a3b99\"},\"headline\":\"Skolans digitalisering riskerar ge l\u00e4rare merjobb\",\"datePublished\":\"2018-02-15T08:18:57+00:00\",\"mainEntityOfPage\":{\"@id\":\"https:\\\/\\\/lararkarriar.se\\\/grundskola\\\/2018\\\/02\\\/15\\\/skolans-digitalisering-riskerar-ge-larare-merjobb\\\/\"},\"wordCount\":442,\"image\":{\"@id\":\"https:\\\/\\\/lararkarriar.se\\\/grundskola\\\/2018\\\/02\\\/15\\\/skolans-digitalisering-riskerar-ge-larare-merjobb\\\/#primaryimage\"},\"thumbnailUrl\":\"https:\\\/\\\/lararkarriar.se\\\/grundskola\\\/wp-content\\\/uploads\\\/sites\\\/12\\\/2018\\\/02\\\/fordelar-shutterstock-500264593.jpg\",\"keywords\":[\"Digitalisering\",\"Forskning\",\"\u00d6rebro universitet\",\"Skolverket\",\"UnosUno 2010-2013\",\"Utveckling\",\"Utvecklingsarbete\"],\"articleSection\":[\"Artikel\"],\"inLanguage\":\"sv-SE\"},{\"@type\":\"WebPage\",\"@id\":\"https:\\\/\\\/lararkarriar.se\\\/grundskola\\\/2018\\\/02\\\/15\\\/skolans-digitalisering-riskerar-ge-larare-merjobb\\\/\",\"url\":\"https:\\\/\\\/lararkarriar.se\\\/grundskola\\\/2018\\\/02\\\/15\\\/skolans-digitalisering-riskerar-ge-larare-merjobb\\\/\",\"name\":\"Skolans digitalisering riskerar ge l\u00e4rare merjobb - Framtidens Karri\u00e4r \u2013 Grundskolel\u00e4rare\",\"isPartOf\":{\"@id\":\"https:\\\/\\\/lararkarriar.se\\\/grundskola\\\/#website\"},\"primaryImageOfPage\":{\"@id\":\"https:\\\/\\\/lararkarriar.se\\\/grundskola\\\/2018\\\/02\\\/15\\\/skolans-digitalisering-riskerar-ge-larare-merjobb\\\/#primaryimage\"},\"image\":{\"@id\":\"https:\\\/\\\/lararkarriar.se\\\/grundskola\\\/2018\\\/02\\\/15\\\/skolans-digitalisering-riskerar-ge-larare-merjobb\\\/#primaryimage\"},\"thumbnailUrl\":\"https:\\\/\\\/lararkarriar.se\\\/grundskola\\\/wp-content\\\/uploads\\\/sites\\\/12\\\/2018\\\/02\\\/fordelar-shutterstock-500264593.jpg\",\"datePublished\":\"2018-02-15T08:18:57+00:00\",\"author\":{\"@id\":\"https:\\\/\\\/lararkarriar.se\\\/grundskola\\\/#\\\/schema\\\/person\\\/c8a43eb855191e573b73ecf8987a3b99\"},\"breadcrumb\":{\"@id\":\"https:\\\/\\\/lararkarriar.se\\\/grundskola\\\/2018\\\/02\\\/15\\\/skolans-digitalisering-riskerar-ge-larare-merjobb\\\/#breadcrumb\"},\"inLanguage\":\"sv-SE\",\"potentialAction\":[{\"@type\":\"ReadAction\",\"target\":[\"https:\\\/\\\/lararkarriar.se\\\/grundskola\\\/2018\\\/02\\\/15\\\/skolans-digitalisering-riskerar-ge-larare-merjobb\\\/\"]}]},{\"@type\":\"ImageObject\",\"inLanguage\":\"sv-SE\",\"@id\":\"https:\\\/\\\/lararkarriar.se\\\/grundskola\\\/2018\\\/02\\\/15\\\/skolans-digitalisering-riskerar-ge-larare-merjobb\\\/#primaryimage\",\"url\":\"https:\\\/\\\/lararkarriar.se\\\/grundskola\\\/wp-content\\\/uploads\\\/sites\\\/12\\\/2018\\\/02\\\/fordelar-shutterstock-500264593.jpg\",\"contentUrl\":\"https:\\\/\\\/lararkarriar.se\\\/grundskola\\\/wp-content\\\/uploads\\\/sites\\\/12\\\/2018\\\/02\\\/fordelar-shutterstock-500264593.jpg\",\"width\":1000,\"height\":650,\"caption\":\"Foto: Shutterstock\"},{\"@type\":\"BreadcrumbList\",\"@id\":\"https:\\\/\\\/lararkarriar.se\\\/grundskola\\\/2018\\\/02\\\/15\\\/skolans-digitalisering-riskerar-ge-larare-merjobb\\\/#breadcrumb\",\"itemListElement\":[{\"@type\":\"ListItem\",\"position\":1,\"name\":\"Home\",\"item\":\"https:\\\/\\\/lararkarriar.se\\\/grundskola\\\/\"},{\"@type\":\"ListItem\",\"position\":2,\"name\":\"Skolans digitalisering riskerar ge l\u00e4rare merjobb\"}]},{\"@type\":\"WebSite\",\"@id\":\"https:\\\/\\\/lararkarriar.se\\\/grundskola\\\/#website\",\"url\":\"https:\\\/\\\/lararkarriar.se\\\/grundskola\\\/\",\"name\":\"Framtidens Karri\u00e4r \u2013 Grundskolel\u00e4rare\",\"description\":\"Just another NMDashboard.se Sites site\",\"potentialAction\":[{\"@type\":\"SearchAction\",\"target\":{\"@type\":\"EntryPoint\",\"urlTemplate\":\"https:\\\/\\\/lararkarriar.se\\\/grundskola\\\/?s={search_term_string}\"},\"query-input\":{\"@type\":\"PropertyValueSpecification\",\"valueRequired\":true,\"valueName\":\"search_term_string\"}}],\"inLanguage\":\"sv-SE\"},{\"@type\":\"Person\",\"@id\":\"https:\\\/\\\/lararkarriar.se\\\/grundskola\\\/#\\\/schema\\\/person\\\/c8a43eb855191e573b73ecf8987a3b99\",\"name\":\"stellanstal\",\"image\":{\"@type\":\"ImageObject\",\"inLanguage\":\"sv-SE\",\"@id\":\"https:\\\/\\\/secure.gravatar.com\\\/avatar\\\/cd330fa6bb17f598124b2068ee0b189e4fe0987a50af9d53b78410836060d0c9?s=96&d=mm&r=g\",\"url\":\"https:\\\/\\\/secure.gravatar.com\\\/avatar\\\/cd330fa6bb17f598124b2068ee0b189e4fe0987a50af9d53b78410836060d0c9?s=96&d=mm&r=g\",\"contentUrl\":\"https:\\\/\\\/secure.gravatar.com\\\/avatar\\\/cd330fa6bb17f598124b2068ee0b189e4fe0987a50af9d53b78410836060d0c9?s=96&d=mm&r=g\",\"caption\":\"stellanstal\"},\"url\":\"https:\\\/\\\/lararkarriar.se\\\/grundskola\\\/author\\\/stellanstal\\\/\"}]}<\/script>\n<!-- \/ Yoast SEO plugin. -->","yoast_head_json":{"title":"Skolans digitalisering riskerar ge l\u00e4rare merjobb - Framtidens Karri\u00e4r \u2013 Grundskolel\u00e4rare","robots":{"index":"index","follow":"follow","max-snippet":"max-snippet:-1","max-image-preview":"max-image-preview:large","max-video-preview":"max-video-preview:-1"},"canonical":"https:\/\/lararkarriar.se\/grundskola\/2018\/02\/15\/skolans-digitalisering-riskerar-ge-larare-merjobb\/","og_locale":"sv_SE","og_type":"article","og_title":"Skolans digitalisering riskerar ge l\u00e4rare merjobb - Framtidens Karri\u00e4r \u2013 Grundskolel\u00e4rare","og_description":"Att digitalisera skolan kr\u00e4ver en genomt\u00e4nkt strategi. Att bara f\u00f6rse l\u00e4rare och elever med ny...","og_url":"https:\/\/lararkarriar.se\/grundskola\/2018\/02\/15\/skolans-digitalisering-riskerar-ge-larare-merjobb\/","og_site_name":"Framtidens Karri\u00e4r \u2013 Grundskolel\u00e4rare","article_published_time":"2018-02-15T08:18:57+00:00","og_image":[{"width":1000,"height":650,"url":"https:\/\/lararkarriar.se\/grundskola\/wp-content\/uploads\/sites\/12\/2018\/02\/fordelar-shutterstock-500264593.jpg","type":"image\/jpeg"}],"author":"stellanstal","twitter_card":"summary_large_image","twitter_misc":{"Skriven av":"stellanstal","Ber\u00e4knad l\u00e4stid":"2 minuter"},"schema":{"@context":"https:\/\/schema.org","@graph":[{"@type":"Article","@id":"https:\/\/lararkarriar.se\/grundskola\/2018\/02\/15\/skolans-digitalisering-riskerar-ge-larare-merjobb\/#article","isPartOf":{"@id":"https:\/\/lararkarriar.se\/grundskola\/2018\/02\/15\/skolans-digitalisering-riskerar-ge-larare-merjobb\/"},"author":{"name":"stellanstal","@id":"https:\/\/lararkarriar.se\/grundskola\/#\/schema\/person\/c8a43eb855191e573b73ecf8987a3b99"},"headline":"Skolans digitalisering riskerar ge l\u00e4rare merjobb","datePublished":"2018-02-15T08:18:57+00:00","mainEntityOfPage":{"@id":"https:\/\/lararkarriar.se\/grundskola\/2018\/02\/15\/skolans-digitalisering-riskerar-ge-larare-merjobb\/"},"wordCount":442,"image":{"@id":"https:\/\/lararkarriar.se\/grundskola\/2018\/02\/15\/skolans-digitalisering-riskerar-ge-larare-merjobb\/#primaryimage"},"thumbnailUrl":"https:\/\/lararkarriar.se\/grundskola\/wp-content\/uploads\/sites\/12\/2018\/02\/fordelar-shutterstock-500264593.jpg","keywords":["Digitalisering","Forskning","\u00d6rebro universitet","Skolverket","UnosUno 2010-2013","Utveckling","Utvecklingsarbete"],"articleSection":["Artikel"],"inLanguage":"sv-SE"},{"@type":"WebPage","@id":"https:\/\/lararkarriar.se\/grundskola\/2018\/02\/15\/skolans-digitalisering-riskerar-ge-larare-merjobb\/","url":"https:\/\/lararkarriar.se\/grundskola\/2018\/02\/15\/skolans-digitalisering-riskerar-ge-larare-merjobb\/","name":"Skolans digitalisering riskerar ge l\u00e4rare merjobb - Framtidens Karri\u00e4r \u2013 Grundskolel\u00e4rare","isPartOf":{"@id":"https:\/\/lararkarriar.se\/grundskola\/#website"},"primaryImageOfPage":{"@id":"https:\/\/lararkarriar.se\/grundskola\/2018\/02\/15\/skolans-digitalisering-riskerar-ge-larare-merjobb\/#primaryimage"},"image":{"@id":"https:\/\/lararkarriar.se\/grundskola\/2018\/02\/15\/skolans-digitalisering-riskerar-ge-larare-merjobb\/#primaryimage"},"thumbnailUrl":"https:\/\/lararkarriar.se\/grundskola\/wp-content\/uploads\/sites\/12\/2018\/02\/fordelar-shutterstock-500264593.jpg","datePublished":"2018-02-15T08:18:57+00:00","author":{"@id":"https:\/\/lararkarriar.se\/grundskola\/#\/schema\/person\/c8a43eb855191e573b73ecf8987a3b99"},"breadcrumb":{"@id":"https:\/\/lararkarriar.se\/grundskola\/2018\/02\/15\/skolans-digitalisering-riskerar-ge-larare-merjobb\/#breadcrumb"},"inLanguage":"sv-SE","potentialAction":[{"@type":"ReadAction","target":["https:\/\/lararkarriar.se\/grundskola\/2018\/02\/15\/skolans-digitalisering-riskerar-ge-larare-merjobb\/"]}]},{"@type":"ImageObject","inLanguage":"sv-SE","@id":"https:\/\/lararkarriar.se\/grundskola\/2018\/02\/15\/skolans-digitalisering-riskerar-ge-larare-merjobb\/#primaryimage","url":"https:\/\/lararkarriar.se\/grundskola\/wp-content\/uploads\/sites\/12\/2018\/02\/fordelar-shutterstock-500264593.jpg","contentUrl":"https:\/\/lararkarriar.se\/grundskola\/wp-content\/uploads\/sites\/12\/2018\/02\/fordelar-shutterstock-500264593.jpg","width":1000,"height":650,"caption":"Foto: Shutterstock"},{"@type":"BreadcrumbList","@id":"https:\/\/lararkarriar.se\/grundskola\/2018\/02\/15\/skolans-digitalisering-riskerar-ge-larare-merjobb\/#breadcrumb","itemListElement":[{"@type":"ListItem","position":1,"name":"Home","item":"https:\/\/lararkarriar.se\/grundskola\/"},{"@type":"ListItem","position":2,"name":"Skolans digitalisering riskerar ge l\u00e4rare merjobb"}]},{"@type":"WebSite","@id":"https:\/\/lararkarriar.se\/grundskola\/#website","url":"https:\/\/lararkarriar.se\/grundskola\/","name":"Framtidens Karri\u00e4r \u2013 Grundskolel\u00e4rare","description":"Just another NMDashboard.se Sites site","potentialAction":[{"@type":"SearchAction","target":{"@type":"EntryPoint","urlTemplate":"https:\/\/lararkarriar.se\/grundskola\/?s={search_term_string}"},"query-input":{"@type":"PropertyValueSpecification","valueRequired":true,"valueName":"search_term_string"}}],"inLanguage":"sv-SE"},{"@type":"Person","@id":"https:\/\/lararkarriar.se\/grundskola\/#\/schema\/person\/c8a43eb855191e573b73ecf8987a3b99","name":"stellanstal","image":{"@type":"ImageObject","inLanguage":"sv-SE","@id":"https:\/\/secure.gravatar.com\/avatar\/cd330fa6bb17f598124b2068ee0b189e4fe0987a50af9d53b78410836060d0c9?s=96&d=mm&r=g","url":"https:\/\/secure.gravatar.com\/avatar\/cd330fa6bb17f598124b2068ee0b189e4fe0987a50af9d53b78410836060d0c9?s=96&d=mm&r=g","contentUrl":"https:\/\/secure.gravatar.com\/avatar\/cd330fa6bb17f598124b2068ee0b189e4fe0987a50af9d53b78410836060d0c9?s=96&d=mm&r=g","caption":"stellanstal"},"url":"https:\/\/lararkarriar.se\/grundskola\/author\/stellanstal\/"}]}},"_links":{"self":[{"href":"https:\/\/lararkarriar.se\/grundskola\/wp-json\/wp\/v2\/posts\/6166","targetHints":{"allow":["GET"]}}],"collection":[{"href":"https:\/\/lararkarriar.se\/grundskola\/wp-json\/wp\/v2\/posts"}],"about":[{"href":"https:\/\/lararkarriar.se\/grundskola\/wp-json\/wp\/v2\/types\/post"}],"author":[{"embeddable":true,"href":"https:\/\/lararkarriar.se\/grundskola\/wp-json\/wp\/v2\/users\/3"}],"replies":[{"embeddable":true,"href":"https:\/\/lararkarriar.se\/grundskola\/wp-json\/wp\/v2\/comments?post=6166"}],"version-history":[{"count":0,"href":"https:\/\/lararkarriar.se\/grundskola\/wp-json\/wp\/v2\/posts\/6166\/revisions"}],"wp:featuredmedia":[{"embeddable":true,"href":"https:\/\/lararkarriar.se\/grundskola\/wp-json\/wp\/v2\/media\/6168"}],"wp:attachment":[{"href":"https:\/\/lararkarriar.se\/grundskola\/wp-json\/wp\/v2\/media?parent=6166"}],"wp:term":[{"taxonomy":"category","embeddable":true,"href":"https:\/\/lararkarriar.se\/grundskola\/wp-json\/wp\/v2\/categories?post=6166"},{"taxonomy":"post_tag","embeddable":true,"href":"https:\/\/lararkarriar.se\/grundskola\/wp-json\/wp\/v2\/tags?post=6166"}],"curies":[{"name":"wp","href":"https:\/\/api.w.org\/{rel}","templated":true}]}}