{"id":6171,"date":"2018-02-15T10:22:43","date_gmt":"2018-02-15T08:22:43","guid":{"rendered":"http:\/\/lararkarriar.se\/grundskola\/?p=6171"},"modified":"2018-02-15T10:22:43","modified_gmt":"2018-02-15T08:22:43","slug":"digitala-verktyg-underlattar-larande-och-skapar-variation","status":"publish","type":"post","link":"https:\/\/lararkarriar.se\/grundskola\/2018\/02\/15\/digitala-verktyg-underlattar-larande-och-skapar-variation\/","title":{"rendered":"Digitala verktyg underl\u00e4ttar l\u00e4rande och skapar variation"},"content":{"rendered":"<p><figure id=\"attachment_6172\" aria-describedby=\"caption-attachment-6172\" style=\"width: 1000px\" class=\"wp-caption alignnone\"><img loading=\"lazy\" decoding=\"async\" src=\"https:\/\/lararkarriar.se\/grundskola\/wp-content\/uploads\/sites\/12\/2018\/02\/digitalt-alla.jpg\" alt=\"Stella Savvidou, Sanoma utbildning, arbetar p\u00e5 Boo G\u00e5rds skola i Nacka och David Elfsberg, skolledare p\u00e5 Viktor Rydbergs skola i Sundbyberg.\" width=\"1000\" height=\"667\" class=\"size-full wp-image-6172\" srcset=\"https:\/\/lararkarriar.se\/grundskola\/wp-content\/uploads\/sites\/12\/2018\/02\/digitalt-alla.jpg 1000w, https:\/\/lararkarriar.se\/grundskola\/wp-content\/uploads\/sites\/12\/2018\/02\/digitalt-alla-300x200.jpg 300w, https:\/\/lararkarriar.se\/grundskola\/wp-content\/uploads\/sites\/12\/2018\/02\/digitalt-alla-768x512.jpg 768w, https:\/\/lararkarriar.se\/grundskola\/wp-content\/uploads\/sites\/12\/2018\/02\/digitalt-alla-240x160.jpg 240w, https:\/\/lararkarriar.se\/grundskola\/wp-content\/uploads\/sites\/12\/2018\/02\/digitalt-alla-526x351.jpg 526w, https:\/\/lararkarriar.se\/grundskola\/wp-content\/uploads\/sites\/12\/2018\/02\/digitalt-alla-720x480.jpg 720w, https:\/\/lararkarriar.se\/grundskola\/wp-content\/uploads\/sites\/12\/2018\/02\/digitalt-alla-960x640.jpg 960w\" sizes=\"auto, (max-width: 1000px) 100vw, 1000px\" \/><figcaption id=\"caption-attachment-6172\" class=\"wp-caption-text\">Stella Savvidou, Boo G\u00e5rds skola i Nacka och David Elfsberg, skolledare p\u00e5 Viktor Rydbergs skola i Sundbyberg.<\/figcaption><\/figure><strong>Framv\u00e4xten av fler och fler digitala hj\u00e4lpmedel skapar nya f\u00f6ruts\u00e4ttningar f\u00f6r att m\u00f6ta alla i klassrummet p\u00e5 deras individuella niv\u00e5, oavsett \u00e4mne. <\/strong><\/p>\n<p>En avsev\u00e4rd f\u00f6rdel med digitala l\u00e4romedel \u00e4r att m\u00e5nga elever redan har grundl\u00e4ggande digitala kunskaper och att de ofta k\u00e4nner sig bekv\u00e4mare med teknik \u00e4n de g\u00f6r med papper och penna. Det ena b\u00f6r naturligtvis komplettera det andra, men de digitala verktygen blir en allt viktigare del i svenska l\u00e4rares vardag.<br \/>\n\u2013 Som jag ser det finns de digitala verktygen till f\u00f6r att vi ska kunna l\u00e4ra ut det som skolverket och v\u00e5ra politiker har angett i l\u00e4roplanen, n\u00e4mligen grundl\u00e4ggande kunskaper uppdelade i olika grund\u00e4mnen. Hj\u00e4lpmedlen underl\u00e4ttar och effektiviserar l\u00e4randet och skapar variation som i sin tur skapar engagemang hos eleverna, s\u00e4ger David Elfsberg, skolledare p\u00e5 Viktor Rydbergs skola i Sundbyberg, som utg\u00e5r fr\u00e5n Nationalencyklopedins digitala l\u00e4romedel.<br \/>\nSkolan var en av de f\u00f6rsta i Sverige att arbeta 1-till-1, men \u00e4ven om m\u00e5nga kommuner har kommit l\u00e5ngt \u00e4r det fortsatt angel\u00e4get att arbeta konsekvent med digital utveckling.<br \/>\n\u2013 Idag har vi n\u00e5tt dit att vi rent metodiskt kan b\u00f6rja utnyttja teknikens m\u00f6jligheter och anv\u00e4nda oss av existerande infrastruktur, vilket g\u00f6r att vi kan anpassa undervisningen efter individens kunskapsniv\u00e5 och utmaningar.<br \/>\nDavid ser hj\u00e4lpmedlen som ett s\u00e4tt att locka in eleverna i n\u00e5got de redan \u00e4r bekanta med och han \u00e4r \u00f6vertygad om att skolv\u00e4sendets fokus p\u00e5 digitala l\u00e4romedel beh\u00f6ver f\u00f6rst\u00e4rkas ytterligare fram\u00f6ver.<br \/>\n\u2013 Framtidens yrkesliv och studier inneh\u00e5ller oerh\u00f6rt m\u00e5nga fler digitala l\u00f6sningar och vi beh\u00f6ver bygga en plattform som eleverna kan st\u00e5 p\u00e5 n\u00e4r de g\u00e5r vidare i livet. <\/p>\n<p><strong>Medf\u00f6r nya utmaningar<\/strong><br \/>\nHans tankar f\u00e5r bekr\u00e4ftelse fr\u00e5n l\u00e4raren Stella Savvidou som arbetar p\u00e5 Boo G\u00e5rds skola i Nacka. Hon har alltid legat i den digitala framkanten vad g\u00e4ller l\u00e4romedel och f\u00f6r ett antal \u00e5r sedan var hennes klass pilotklass f\u00f6r ett projekt med iPads.<br \/>\n\u2013 Eleverna har en ganska omfattande digital kompetens, men den kretsar framf\u00f6rallt kring sociala medier och spel, inte runt att kunna skapa presentationer och dokument eller arbeta med skolrelaterade program. De har en annan digital verklighet, helt enkelt, men \u00e4r otroligt snabbl\u00e4rda.<br \/>\nI klassrummet till vardags genomsyrar de digitala l\u00e4romedlen Stellas undervisning. Hon betonar dock att hj\u00e4lpmedlen i m\u00e5ngt och mycket \u00e4r inriktade p\u00e5 f\u00e4rdighetstr\u00e4ning snarare \u00e4n probleml\u00f6sning eller l\u00e4ngre resonemang.<br \/>\n\u2013 Vi anv\u00e4nder Bingel, ett digitalt l\u00e4romedel fr\u00e5n Sanoma utbildning, vilket \u00e4r ett oerh\u00f6rt bra komplement till den ordinarie undervisningen. Barnen upplever Sanomas program som en lek samtidigt som det exponerar dem f\u00f6r pedagogiskt material och ser till att de l\u00e4r sig p\u00e5 kuppen. Att ha det digitala s\u00e5 allest\u00e4des n\u00e4rvarande presenterar dock nya utmaningar, till exempel hur vi b\u00f6r hantera k\u00e4llkritik och information. I mitt klassrum p\u00e5g\u00e5r samtalet om kritik kontinuerligt och vi utg\u00e5r ofta fr\u00e5n skolverkets f\u00f6rdjupade material i \u00e4mnet. Det \u00e4r ett l\u00e4rande i sig.<\/p>\n<p><strong>Viktigt att t\u00e4nka till en extra g\u00e5ng<\/strong><br \/>\nRenforsskolan i Vindeln i V\u00e4sterbotten \u00e4r en av de skolor som gjort en snabb och utvecklande resa med hj\u00e4lp av de digitala l\u00e4romedlen.<br \/>\n\u2013 Jag ville driva p\u00e5 den digitala utvecklingen men ha det pedagogiska samtalet i fokus. Jag granskade v\u00e5ra olika m\u00f6jligheter i flera m\u00e5nader innan vi best\u00e4mde att vi skulle utg\u00e5 fr\u00e5n Bonnier Educations tj\u00e4nst, Clio Online. Vinsterna har varit m\u00e5nga, inte minst har det reducerat v\u00e5rt administrativa arbete ganska ordentligt, konstaterar f\u00f6rstel\u00e4raren Lasse Norberg.<br \/>\nUtmaningen \u00e4r att det kan vara sv\u00e5rt att hinna med att f\u00f6ra en diskussion i kollegiet om hur man p\u00e5 b\u00e4sta s\u00e4tt utnyttjar verktygen rent pedagogiskt. Lasse understryker att man genom hj\u00e4lpmedlen f\u00e5r mycket gratis, men att man d\u00e5 ocks\u00e5 kan beh\u00f6va t\u00e4nka till om sin undervisning en extra g\u00e5ng.<br \/>\n\u2013 Det \u00e4r s\u00e5 mycket som ska ing\u00e5 i skolans v\u00e4rld, och f\u00f6r att vi ska kunna g\u00e5 fram\u00e5t gemensamt kr\u00e4vs det att vi har ett liknande arbetss\u00e4tt. Av den anledningen hade vi nyligen en heldag med utbildning f\u00f6r alla kommunens l\u00e4rare. Sedan beh\u00f6ver s\u00e5dan h\u00e4r kunskap regelbundet f\u00f6rnyas f\u00f6r att inte falla i gl\u00f6mska, n\u00e5got som i slut\u00e4nden st\u00e4ller krav p\u00e5 v\u00e5ra pedagogiska ledare.<br \/>\nLasse tycker att skolv\u00e4sendets progression de senaste \u00e5ren har lett till m\u00e5nga positiva f\u00f6r\u00e4ndringar, men han \u00e4r noga med att p\u00e5peka att det \u00e4nd\u00e5 finns mycket kvar att g\u00f6ra.<br \/>\n\u2013 Vi vet inte hur framtidens skola kommer att se ut och den digitala utvecklingen g\u00e5r v\u00e4ldigt snabbt fram\u00e5t. S\u00e5 det g\u00e4ller att visa framf\u00f6tterna och vara beredd p\u00e5 att v\u00e5rt arbete och v\u00e5ra utmaningar kommer att f\u00f6r\u00e4ndras. Vi beh\u00f6ver h\u00e4nga med i utvecklingen helt enkelt, avslutar han.<\/p>\n","protected":false},"excerpt":{"rendered":"<p>Framv\u00e4xten av fler och fler digitala hj\u00e4lpmedel skapar nya f\u00f6ruts\u00e4ttningar f\u00f6r att m\u00f6ta alla i&#8230;<\/p>\n","protected":false},"author":3,"featured_media":6172,"comment_status":"closed","ping_status":"open","sticky":false,"template":"","format":"standard","meta":{"_acf_changed":false,"_monsterinsights_skip_tracking":false,"_monsterinsights_sitenote_active":false,"_monsterinsights_sitenote_note":"","_monsterinsights_sitenote_category":0,"footnotes":""},"categories":[1],"tags":[54,64,68,258,308,322,373,438,441],"class_list":["post-6171","post","type-post","status-publish","format-standard","has-post-thumbnail","hentry","category-artikel","tag-boo-gards-skola","tag-digitala-laromedel","tag-digitalisering","tag-nacka","tag-renforsskolan","tag-sanoma-utbildning","tag-sundbyberg","tag-viktor-rydbergs-skola","tag-vindeln"],"acf":[],"yoast_head":"<!-- This site is optimized with the Yoast SEO plugin v27.3 - https:\/\/yoast.com\/product\/yoast-seo-wordpress\/ -->\n<title>Digitala verktyg underl\u00e4ttar l\u00e4rande och skapar variation - Framtidens Karri\u00e4r \u2013 Grundskolel\u00e4rare<\/title>\n<meta name=\"robots\" content=\"index, follow, max-snippet:-1, max-image-preview:large, max-video-preview:-1\" \/>\n<link rel=\"canonical\" href=\"https:\/\/lararkarriar.se\/grundskola\/2018\/02\/15\/digitala-verktyg-underlattar-larande-och-skapar-variation\/\" \/>\n<meta property=\"og:locale\" content=\"sv_SE\" \/>\n<meta property=\"og:type\" content=\"article\" \/>\n<meta property=\"og:title\" content=\"Digitala verktyg underl\u00e4ttar l\u00e4rande och skapar variation - Framtidens Karri\u00e4r \u2013 Grundskolel\u00e4rare\" \/>\n<meta property=\"og:description\" content=\"Framv\u00e4xten av fler och fler digitala hj\u00e4lpmedel skapar nya f\u00f6ruts\u00e4ttningar f\u00f6r att m\u00f6ta alla i...\" \/>\n<meta property=\"og:url\" content=\"https:\/\/lararkarriar.se\/grundskola\/2018\/02\/15\/digitala-verktyg-underlattar-larande-och-skapar-variation\/\" \/>\n<meta property=\"og:site_name\" content=\"Framtidens Karri\u00e4r \u2013 Grundskolel\u00e4rare\" \/>\n<meta property=\"article:published_time\" content=\"2018-02-15T08:22:43+00:00\" \/>\n<meta property=\"og:image\" content=\"https:\/\/lararkarriar.se\/grundskola\/wp-content\/uploads\/sites\/12\/2018\/02\/digitalt-alla.jpg\" \/>\n\t<meta property=\"og:image:width\" content=\"1000\" \/>\n\t<meta property=\"og:image:height\" content=\"667\" \/>\n\t<meta property=\"og:image:type\" content=\"image\/jpeg\" \/>\n<meta name=\"author\" content=\"stellanstal\" \/>\n<meta name=\"twitter:card\" content=\"summary_large_image\" \/>\n<meta name=\"twitter:label1\" content=\"Skriven av\" \/>\n\t<meta name=\"twitter:data1\" content=\"stellanstal\" \/>\n\t<meta name=\"twitter:label2\" content=\"Ber\u00e4knad l\u00e4stid\" \/>\n\t<meta name=\"twitter:data2\" content=\"5 minuter\" \/>\n<script type=\"application\/ld+json\" class=\"yoast-schema-graph\">{\"@context\":\"https:\\\/\\\/schema.org\",\"@graph\":[{\"@type\":\"Article\",\"@id\":\"https:\\\/\\\/lararkarriar.se\\\/grundskola\\\/2018\\\/02\\\/15\\\/digitala-verktyg-underlattar-larande-och-skapar-variation\\\/#article\",\"isPartOf\":{\"@id\":\"https:\\\/\\\/lararkarriar.se\\\/grundskola\\\/2018\\\/02\\\/15\\\/digitala-verktyg-underlattar-larande-och-skapar-variation\\\/\"},\"author\":{\"name\":\"stellanstal\",\"@id\":\"https:\\\/\\\/lararkarriar.se\\\/grundskola\\\/#\\\/schema\\\/person\\\/c8a43eb855191e573b73ecf8987a3b99\"},\"headline\":\"Digitala verktyg underl\u00e4ttar l\u00e4rande och skapar variation\",\"datePublished\":\"2018-02-15T08:22:43+00:00\",\"mainEntityOfPage\":{\"@id\":\"https:\\\/\\\/lararkarriar.se\\\/grundskola\\\/2018\\\/02\\\/15\\\/digitala-verktyg-underlattar-larande-och-skapar-variation\\\/\"},\"wordCount\":915,\"image\":{\"@id\":\"https:\\\/\\\/lararkarriar.se\\\/grundskola\\\/2018\\\/02\\\/15\\\/digitala-verktyg-underlattar-larande-och-skapar-variation\\\/#primaryimage\"},\"thumbnailUrl\":\"https:\\\/\\\/lararkarriar.se\\\/grundskola\\\/wp-content\\\/uploads\\\/sites\\\/12\\\/2018\\\/02\\\/digitalt-alla.jpg\",\"keywords\":[\"Boo G\u00e5rds skola\",\"Digitala l\u00e4romedel\",\"Digitalisering\",\"Nacka\",\"Renforsskolan\",\"Sanoma utbildning\",\"Sundbyberg\",\"Viktor Rydbergs skola\",\"Vindeln\"],\"articleSection\":[\"Artikel\"],\"inLanguage\":\"sv-SE\"},{\"@type\":\"WebPage\",\"@id\":\"https:\\\/\\\/lararkarriar.se\\\/grundskola\\\/2018\\\/02\\\/15\\\/digitala-verktyg-underlattar-larande-och-skapar-variation\\\/\",\"url\":\"https:\\\/\\\/lararkarriar.se\\\/grundskola\\\/2018\\\/02\\\/15\\\/digitala-verktyg-underlattar-larande-och-skapar-variation\\\/\",\"name\":\"Digitala verktyg underl\u00e4ttar l\u00e4rande och skapar variation - Framtidens Karri\u00e4r \u2013 Grundskolel\u00e4rare\",\"isPartOf\":{\"@id\":\"https:\\\/\\\/lararkarriar.se\\\/grundskola\\\/#website\"},\"primaryImageOfPage\":{\"@id\":\"https:\\\/\\\/lararkarriar.se\\\/grundskola\\\/2018\\\/02\\\/15\\\/digitala-verktyg-underlattar-larande-och-skapar-variation\\\/#primaryimage\"},\"image\":{\"@id\":\"https:\\\/\\\/lararkarriar.se\\\/grundskola\\\/2018\\\/02\\\/15\\\/digitala-verktyg-underlattar-larande-och-skapar-variation\\\/#primaryimage\"},\"thumbnailUrl\":\"https:\\\/\\\/lararkarriar.se\\\/grundskola\\\/wp-content\\\/uploads\\\/sites\\\/12\\\/2018\\\/02\\\/digitalt-alla.jpg\",\"datePublished\":\"2018-02-15T08:22:43+00:00\",\"author\":{\"@id\":\"https:\\\/\\\/lararkarriar.se\\\/grundskola\\\/#\\\/schema\\\/person\\\/c8a43eb855191e573b73ecf8987a3b99\"},\"breadcrumb\":{\"@id\":\"https:\\\/\\\/lararkarriar.se\\\/grundskola\\\/2018\\\/02\\\/15\\\/digitala-verktyg-underlattar-larande-och-skapar-variation\\\/#breadcrumb\"},\"inLanguage\":\"sv-SE\",\"potentialAction\":[{\"@type\":\"ReadAction\",\"target\":[\"https:\\\/\\\/lararkarriar.se\\\/grundskola\\\/2018\\\/02\\\/15\\\/digitala-verktyg-underlattar-larande-och-skapar-variation\\\/\"]}]},{\"@type\":\"ImageObject\",\"inLanguage\":\"sv-SE\",\"@id\":\"https:\\\/\\\/lararkarriar.se\\\/grundskola\\\/2018\\\/02\\\/15\\\/digitala-verktyg-underlattar-larande-och-skapar-variation\\\/#primaryimage\",\"url\":\"https:\\\/\\\/lararkarriar.se\\\/grundskola\\\/wp-content\\\/uploads\\\/sites\\\/12\\\/2018\\\/02\\\/digitalt-alla.jpg\",\"contentUrl\":\"https:\\\/\\\/lararkarriar.se\\\/grundskola\\\/wp-content\\\/uploads\\\/sites\\\/12\\\/2018\\\/02\\\/digitalt-alla.jpg\",\"width\":1000,\"height\":667,\"caption\":\"Stella Savvidou, Sanoma utbildning, arbetar p\u00e5 Boo G\u00e5rds skola i Nacka och David Elfsberg, skolledare p\u00e5 Viktor Rydbergs skola i Sundbyberg.\"},{\"@type\":\"BreadcrumbList\",\"@id\":\"https:\\\/\\\/lararkarriar.se\\\/grundskola\\\/2018\\\/02\\\/15\\\/digitala-verktyg-underlattar-larande-och-skapar-variation\\\/#breadcrumb\",\"itemListElement\":[{\"@type\":\"ListItem\",\"position\":1,\"name\":\"Home\",\"item\":\"https:\\\/\\\/lararkarriar.se\\\/grundskola\\\/\"},{\"@type\":\"ListItem\",\"position\":2,\"name\":\"Digitala verktyg underl\u00e4ttar l\u00e4rande och skapar variation\"}]},{\"@type\":\"WebSite\",\"@id\":\"https:\\\/\\\/lararkarriar.se\\\/grundskola\\\/#website\",\"url\":\"https:\\\/\\\/lararkarriar.se\\\/grundskola\\\/\",\"name\":\"Framtidens Karri\u00e4r \u2013 Grundskolel\u00e4rare\",\"description\":\"Just another NMDashboard.se Sites site\",\"potentialAction\":[{\"@type\":\"SearchAction\",\"target\":{\"@type\":\"EntryPoint\",\"urlTemplate\":\"https:\\\/\\\/lararkarriar.se\\\/grundskola\\\/?s={search_term_string}\"},\"query-input\":{\"@type\":\"PropertyValueSpecification\",\"valueRequired\":true,\"valueName\":\"search_term_string\"}}],\"inLanguage\":\"sv-SE\"},{\"@type\":\"Person\",\"@id\":\"https:\\\/\\\/lararkarriar.se\\\/grundskola\\\/#\\\/schema\\\/person\\\/c8a43eb855191e573b73ecf8987a3b99\",\"name\":\"stellanstal\",\"image\":{\"@type\":\"ImageObject\",\"inLanguage\":\"sv-SE\",\"@id\":\"https:\\\/\\\/secure.gravatar.com\\\/avatar\\\/cd330fa6bb17f598124b2068ee0b189e4fe0987a50af9d53b78410836060d0c9?s=96&d=mm&r=g\",\"url\":\"https:\\\/\\\/secure.gravatar.com\\\/avatar\\\/cd330fa6bb17f598124b2068ee0b189e4fe0987a50af9d53b78410836060d0c9?s=96&d=mm&r=g\",\"contentUrl\":\"https:\\\/\\\/secure.gravatar.com\\\/avatar\\\/cd330fa6bb17f598124b2068ee0b189e4fe0987a50af9d53b78410836060d0c9?s=96&d=mm&r=g\",\"caption\":\"stellanstal\"},\"url\":\"https:\\\/\\\/lararkarriar.se\\\/grundskola\\\/author\\\/stellanstal\\\/\"}]}<\/script>\n<!-- \/ Yoast SEO plugin. -->","yoast_head_json":{"title":"Digitala verktyg underl\u00e4ttar l\u00e4rande och skapar variation - Framtidens Karri\u00e4r \u2013 Grundskolel\u00e4rare","robots":{"index":"index","follow":"follow","max-snippet":"max-snippet:-1","max-image-preview":"max-image-preview:large","max-video-preview":"max-video-preview:-1"},"canonical":"https:\/\/lararkarriar.se\/grundskola\/2018\/02\/15\/digitala-verktyg-underlattar-larande-och-skapar-variation\/","og_locale":"sv_SE","og_type":"article","og_title":"Digitala verktyg underl\u00e4ttar l\u00e4rande och skapar variation - Framtidens Karri\u00e4r \u2013 Grundskolel\u00e4rare","og_description":"Framv\u00e4xten av fler och fler digitala hj\u00e4lpmedel skapar nya f\u00f6ruts\u00e4ttningar f\u00f6r att m\u00f6ta alla i...","og_url":"https:\/\/lararkarriar.se\/grundskola\/2018\/02\/15\/digitala-verktyg-underlattar-larande-och-skapar-variation\/","og_site_name":"Framtidens Karri\u00e4r \u2013 Grundskolel\u00e4rare","article_published_time":"2018-02-15T08:22:43+00:00","og_image":[{"width":1000,"height":667,"url":"https:\/\/lararkarriar.se\/grundskola\/wp-content\/uploads\/sites\/12\/2018\/02\/digitalt-alla.jpg","type":"image\/jpeg"}],"author":"stellanstal","twitter_card":"summary_large_image","twitter_misc":{"Skriven av":"stellanstal","Ber\u00e4knad l\u00e4stid":"5 minuter"},"schema":{"@context":"https:\/\/schema.org","@graph":[{"@type":"Article","@id":"https:\/\/lararkarriar.se\/grundskola\/2018\/02\/15\/digitala-verktyg-underlattar-larande-och-skapar-variation\/#article","isPartOf":{"@id":"https:\/\/lararkarriar.se\/grundskola\/2018\/02\/15\/digitala-verktyg-underlattar-larande-och-skapar-variation\/"},"author":{"name":"stellanstal","@id":"https:\/\/lararkarriar.se\/grundskola\/#\/schema\/person\/c8a43eb855191e573b73ecf8987a3b99"},"headline":"Digitala verktyg underl\u00e4ttar l\u00e4rande och skapar variation","datePublished":"2018-02-15T08:22:43+00:00","mainEntityOfPage":{"@id":"https:\/\/lararkarriar.se\/grundskola\/2018\/02\/15\/digitala-verktyg-underlattar-larande-och-skapar-variation\/"},"wordCount":915,"image":{"@id":"https:\/\/lararkarriar.se\/grundskola\/2018\/02\/15\/digitala-verktyg-underlattar-larande-och-skapar-variation\/#primaryimage"},"thumbnailUrl":"https:\/\/lararkarriar.se\/grundskola\/wp-content\/uploads\/sites\/12\/2018\/02\/digitalt-alla.jpg","keywords":["Boo G\u00e5rds skola","Digitala l\u00e4romedel","Digitalisering","Nacka","Renforsskolan","Sanoma utbildning","Sundbyberg","Viktor Rydbergs skola","Vindeln"],"articleSection":["Artikel"],"inLanguage":"sv-SE"},{"@type":"WebPage","@id":"https:\/\/lararkarriar.se\/grundskola\/2018\/02\/15\/digitala-verktyg-underlattar-larande-och-skapar-variation\/","url":"https:\/\/lararkarriar.se\/grundskola\/2018\/02\/15\/digitala-verktyg-underlattar-larande-och-skapar-variation\/","name":"Digitala verktyg underl\u00e4ttar l\u00e4rande och skapar variation - Framtidens Karri\u00e4r \u2013 Grundskolel\u00e4rare","isPartOf":{"@id":"https:\/\/lararkarriar.se\/grundskola\/#website"},"primaryImageOfPage":{"@id":"https:\/\/lararkarriar.se\/grundskola\/2018\/02\/15\/digitala-verktyg-underlattar-larande-och-skapar-variation\/#primaryimage"},"image":{"@id":"https:\/\/lararkarriar.se\/grundskola\/2018\/02\/15\/digitala-verktyg-underlattar-larande-och-skapar-variation\/#primaryimage"},"thumbnailUrl":"https:\/\/lararkarriar.se\/grundskola\/wp-content\/uploads\/sites\/12\/2018\/02\/digitalt-alla.jpg","datePublished":"2018-02-15T08:22:43+00:00","author":{"@id":"https:\/\/lararkarriar.se\/grundskola\/#\/schema\/person\/c8a43eb855191e573b73ecf8987a3b99"},"breadcrumb":{"@id":"https:\/\/lararkarriar.se\/grundskola\/2018\/02\/15\/digitala-verktyg-underlattar-larande-och-skapar-variation\/#breadcrumb"},"inLanguage":"sv-SE","potentialAction":[{"@type":"ReadAction","target":["https:\/\/lararkarriar.se\/grundskola\/2018\/02\/15\/digitala-verktyg-underlattar-larande-och-skapar-variation\/"]}]},{"@type":"ImageObject","inLanguage":"sv-SE","@id":"https:\/\/lararkarriar.se\/grundskola\/2018\/02\/15\/digitala-verktyg-underlattar-larande-och-skapar-variation\/#primaryimage","url":"https:\/\/lararkarriar.se\/grundskola\/wp-content\/uploads\/sites\/12\/2018\/02\/digitalt-alla.jpg","contentUrl":"https:\/\/lararkarriar.se\/grundskola\/wp-content\/uploads\/sites\/12\/2018\/02\/digitalt-alla.jpg","width":1000,"height":667,"caption":"Stella Savvidou, Sanoma utbildning, arbetar p\u00e5 Boo G\u00e5rds skola i Nacka och David Elfsberg, skolledare p\u00e5 Viktor Rydbergs skola i Sundbyberg."},{"@type":"BreadcrumbList","@id":"https:\/\/lararkarriar.se\/grundskola\/2018\/02\/15\/digitala-verktyg-underlattar-larande-och-skapar-variation\/#breadcrumb","itemListElement":[{"@type":"ListItem","position":1,"name":"Home","item":"https:\/\/lararkarriar.se\/grundskola\/"},{"@type":"ListItem","position":2,"name":"Digitala verktyg underl\u00e4ttar l\u00e4rande och skapar variation"}]},{"@type":"WebSite","@id":"https:\/\/lararkarriar.se\/grundskola\/#website","url":"https:\/\/lararkarriar.se\/grundskola\/","name":"Framtidens Karri\u00e4r \u2013 Grundskolel\u00e4rare","description":"Just another NMDashboard.se Sites site","potentialAction":[{"@type":"SearchAction","target":{"@type":"EntryPoint","urlTemplate":"https:\/\/lararkarriar.se\/grundskola\/?s={search_term_string}"},"query-input":{"@type":"PropertyValueSpecification","valueRequired":true,"valueName":"search_term_string"}}],"inLanguage":"sv-SE"},{"@type":"Person","@id":"https:\/\/lararkarriar.se\/grundskola\/#\/schema\/person\/c8a43eb855191e573b73ecf8987a3b99","name":"stellanstal","image":{"@type":"ImageObject","inLanguage":"sv-SE","@id":"https:\/\/secure.gravatar.com\/avatar\/cd330fa6bb17f598124b2068ee0b189e4fe0987a50af9d53b78410836060d0c9?s=96&d=mm&r=g","url":"https:\/\/secure.gravatar.com\/avatar\/cd330fa6bb17f598124b2068ee0b189e4fe0987a50af9d53b78410836060d0c9?s=96&d=mm&r=g","contentUrl":"https:\/\/secure.gravatar.com\/avatar\/cd330fa6bb17f598124b2068ee0b189e4fe0987a50af9d53b78410836060d0c9?s=96&d=mm&r=g","caption":"stellanstal"},"url":"https:\/\/lararkarriar.se\/grundskola\/author\/stellanstal\/"}]}},"_links":{"self":[{"href":"https:\/\/lararkarriar.se\/grundskola\/wp-json\/wp\/v2\/posts\/6171","targetHints":{"allow":["GET"]}}],"collection":[{"href":"https:\/\/lararkarriar.se\/grundskola\/wp-json\/wp\/v2\/posts"}],"about":[{"href":"https:\/\/lararkarriar.se\/grundskola\/wp-json\/wp\/v2\/types\/post"}],"author":[{"embeddable":true,"href":"https:\/\/lararkarriar.se\/grundskola\/wp-json\/wp\/v2\/users\/3"}],"replies":[{"embeddable":true,"href":"https:\/\/lararkarriar.se\/grundskola\/wp-json\/wp\/v2\/comments?post=6171"}],"version-history":[{"count":0,"href":"https:\/\/lararkarriar.se\/grundskola\/wp-json\/wp\/v2\/posts\/6171\/revisions"}],"wp:featuredmedia":[{"embeddable":true,"href":"https:\/\/lararkarriar.se\/grundskola\/wp-json\/wp\/v2\/media\/6172"}],"wp:attachment":[{"href":"https:\/\/lararkarriar.se\/grundskola\/wp-json\/wp\/v2\/media?parent=6171"}],"wp:term":[{"taxonomy":"category","embeddable":true,"href":"https:\/\/lararkarriar.se\/grundskola\/wp-json\/wp\/v2\/categories?post=6171"},{"taxonomy":"post_tag","embeddable":true,"href":"https:\/\/lararkarriar.se\/grundskola\/wp-json\/wp\/v2\/tags?post=6171"}],"curies":[{"name":"wp","href":"https:\/\/api.w.org\/{rel}","templated":true}]}}