{"id":6180,"date":"2018-02-15T11:22:45","date_gmt":"2018-02-15T09:22:45","guid":{"rendered":"http:\/\/lararkarriar.se\/grundskola\/?p=6180"},"modified":"2018-02-15T11:22:45","modified_gmt":"2018-02-15T09:22:45","slug":"mycket-att-lara-av-danskt-digitaliseringsarbete","status":"publish","type":"post","link":"https:\/\/lararkarriar.se\/grundskola\/2018\/02\/15\/mycket-att-lara-av-danskt-digitaliseringsarbete\/","title":{"rendered":"Mycket att l\u00e4ra av danskt digitaliseringsarbete"},"content":{"rendered":"<p><figure id=\"attachment_6181\" aria-describedby=\"caption-attachment-6181\" style=\"width: 1000px\" class=\"wp-caption alignnone\"><img loading=\"lazy\" decoding=\"async\" src=\"https:\/\/lararkarriar.se\/grundskola\/wp-content\/uploads\/sites\/12\/2018\/02\/digitalt2-angelica1.jpg\" alt=\"Angelica Hedin, redaktionschef p\u00e5 Bonnier Education. Foto: Peter J\u00f6nsson\" width=\"1000\" height=\"700\" class=\"size-full wp-image-6181\" srcset=\"https:\/\/lararkarriar.se\/grundskola\/wp-content\/uploads\/sites\/12\/2018\/02\/digitalt2-angelica1.jpg 1000w, https:\/\/lararkarriar.se\/grundskola\/wp-content\/uploads\/sites\/12\/2018\/02\/digitalt2-angelica1-300x210.jpg 300w, https:\/\/lararkarriar.se\/grundskola\/wp-content\/uploads\/sites\/12\/2018\/02\/digitalt2-angelica1-768x538.jpg 768w, https:\/\/lararkarriar.se\/grundskola\/wp-content\/uploads\/sites\/12\/2018\/02\/digitalt2-angelica1-229x160.jpg 229w, https:\/\/lararkarriar.se\/grundskola\/wp-content\/uploads\/sites\/12\/2018\/02\/digitalt2-angelica1-526x368.jpg 526w, https:\/\/lararkarriar.se\/grundskola\/wp-content\/uploads\/sites\/12\/2018\/02\/digitalt2-angelica1-720x504.jpg 720w, https:\/\/lararkarriar.se\/grundskola\/wp-content\/uploads\/sites\/12\/2018\/02\/digitalt2-angelica1-960x672.jpg 960w\" sizes=\"auto, (max-width: 1000px) 100vw, 1000px\" \/><figcaption id=\"caption-attachment-6181\" class=\"wp-caption-text\">Angelica Hedin, redaktionschef p\u00e5 Bonnier Education. Foto: Peter J\u00f6nsson<\/figcaption><\/figure><strong>Trots att det satsas stort p\u00e5 digitaliseringen av den svenska skolan har Sverige sv\u00e5rt att h\u00e4nga med sina nordiska grannar i utvecklingen. Vi har tr\u00e4ffat Angelica Hedin, redaktionschef p\u00e5 det digitala l\u00e4romedelsf\u00f6rlaget Bonnier Education, f\u00f6r att f\u00e5 svar p\u00e5 varf\u00f6r hon tycker att vi ska g\u00f6ra som i Danmark.<\/strong><\/p>\n<p>I Danmark sk\u00f6rdar den danska skolan digitala framg\u00e5ngar \u2013 idag \u00e4r \u00f6ver 50 procent av de l\u00e4romedel som k\u00f6ps in digitala l\u00e4romedel. I Sverige g\u00e5r det lite tr\u00f6gare. Fram tills idag har digitaliseringen av den svenska skolan fr\u00e4mst best\u00e5tt av investering i it-utrustning i form av datorer och surfplattor, men s\u00e5v\u00e4l elever som l\u00e4rare har saknat material att fylla datorerna med.<br \/>\n\u2013 Digitaliseringen kr\u00e4ver att man f\u00f6r\u00e4ndrar sitt s\u00e4tt att arbeta. Eftersom vi lite grand gl\u00f6mde bort det digitala inneh\u00e5llet i b\u00f6rjan av f\u00f6r\u00e4ndringsarbetet, st\u00e4lldes h\u00f6ga krav p\u00e5 l\u00e4rarna som pl\u00f6tsligt beh\u00f6vde uppfinna allt material sj\u00e4lva. Men s\u00e5 \u00e4r det inte l\u00e4ngre. Med allt det interaktiva, sj\u00e4lvr\u00e4ttande material som finns idag tror jag att vi alla nu \u00e4r redo att ta steget \u00f6ver till det digitala p\u00e5 allvar, betonar Angelica Hedin, redaktionschef f\u00f6r Bonnier Education, som ligger bakom det digitala l\u00e4romedlet Clio Online.<\/p>\n<p><strong>En sammanh\u00e5llen digital struktur<\/strong><br \/>\nTill skillnad fr\u00e5n Sverige b\u00f6rjade Danmark digitaliseringsprocessen fr\u00e5n andra h\u00e5llet genom att utveckla och subventionera digitala l\u00e4romedel. Genom en satsning p\u00e5 55 miljoner danska kronor under sex \u00e5r lyckades Danmark g\u00e5 fr\u00e5n att 10 procent av alla l\u00e4romedel som k\u00f6ps in \u00e4r digitala, till 50 procent. Den danska regeringen var tydlig i sin m\u00e5ls\u00e4ttning om en digital skola, medan riktlinjerna h\u00e4r p\u00e5 hemmaplan har varit mer flytande.<br \/>\n\u2013 Det finns en vilja i Sverige att snabba p\u00e5 processen, men det kr\u00e4ver resurser och st\u00f6d fr\u00e5n myndighetsh\u00e5ll. Vi kan l\u00e4ra av den mer sammanh\u00e5llna danska strukturen, d\u00e4r man bland annat har ett centralt skolinlogg som f\u00f6ljer eleven fr\u00e5n det att hen f\u00f6rst kommer i kontakt med skolv\u00e4sendet, \u00e4ven vid byte av skola eller klass. Det inneb\u00e4r att skolorna avsev\u00e4rt kan minska den tid som l\u00e4ggs p\u00e5 administration av exempelvis konton, registrering och l\u00f6senord.<\/p>\n<p><strong>Individanpassade utmaningar<\/strong><br \/>\nVikten av att integrera digitala verktyg i undervisningen \u00e4r enorm, i synnerhet eftersom dagens skolbarn kommer att beh\u00f6va verka i ett digitaliserat samh\u00e4lle. Angelica Hedin po\u00e4ngterar ocks\u00e5 att det skapar m\u00f6jligheter f\u00f6r l\u00e4rare att f\u00e5 ut det mesta av sina pedagogiska och didaktiska f\u00f6rm\u00e5gor eftersom de kan skr\u00e4ddarsy uppgifter och utmaningar utifr\u00e5n elevernas kunskaper och behov.<br \/>\n\u2013 Alla ska ha chansen att utvecklas efter b\u00e4sta f\u00f6rm\u00e5ga, s\u00e5 behovet att utveckla digitala l\u00e4romedel \u00e4r st\u00f6rre nu \u00e4n n\u00e5gonsin. Det \u00e4r genom digitaliseringen som vi kan se till att ingen h\u00e5lls tillbaka i sin kunskapsutveckling samtidigt som vi ger dem en f\u00f6rst\u00e5else f\u00f6r det moderna samh\u00e4lle som de lever i, avslutar Angelica.<\/p>\n","protected":false},"excerpt":{"rendered":"<p>Trots att det satsas stort p\u00e5 digitaliseringen av den svenska skolan har Sverige sv\u00e5rt att&#8230;<\/p>\n","protected":false},"author":3,"featured_media":6181,"comment_status":"closed","ping_status":"open","sticky":false,"template":"","format":"standard","meta":{"_acf_changed":false,"_monsterinsights_skip_tracking":false,"_monsterinsights_sitenote_active":false,"_monsterinsights_sitenote_note":"","_monsterinsights_sitenote_category":0,"footnotes":""},"categories":[1],"tags":[58,64,68,190,213],"class_list":["post-6180","post","type-post","status-publish","format-standard","has-post-thumbnail","hentry","category-artikel","tag-danmark","tag-digitala-laromedel","tag-digitalisering","tag-kunskapsutveckling","tag-laromedel"],"acf":[],"yoast_head":"<!-- This site is optimized with the Yoast SEO plugin v27.3 - https:\/\/yoast.com\/product\/yoast-seo-wordpress\/ -->\n<title>Mycket att l\u00e4ra av danskt digitaliseringsarbete - Framtidens Karri\u00e4r \u2013 Grundskolel\u00e4rare<\/title>\n<meta name=\"robots\" content=\"index, follow, max-snippet:-1, max-image-preview:large, max-video-preview:-1\" \/>\n<link rel=\"canonical\" href=\"https:\/\/lararkarriar.se\/grundskola\/2018\/02\/15\/mycket-att-lara-av-danskt-digitaliseringsarbete\/\" \/>\n<meta property=\"og:locale\" content=\"sv_SE\" \/>\n<meta property=\"og:type\" content=\"article\" \/>\n<meta property=\"og:title\" content=\"Mycket att l\u00e4ra av danskt digitaliseringsarbete - Framtidens Karri\u00e4r \u2013 Grundskolel\u00e4rare\" \/>\n<meta property=\"og:description\" content=\"Trots att det satsas stort p\u00e5 digitaliseringen av den svenska skolan har Sverige sv\u00e5rt att...\" \/>\n<meta property=\"og:url\" content=\"https:\/\/lararkarriar.se\/grundskola\/2018\/02\/15\/mycket-att-lara-av-danskt-digitaliseringsarbete\/\" \/>\n<meta property=\"og:site_name\" content=\"Framtidens Karri\u00e4r \u2013 Grundskolel\u00e4rare\" \/>\n<meta property=\"article:published_time\" content=\"2018-02-15T09:22:45+00:00\" \/>\n<meta property=\"og:image\" content=\"https:\/\/lararkarriar.se\/grundskola\/wp-content\/uploads\/sites\/12\/2018\/02\/digitalt2-angelica1.jpg\" \/>\n\t<meta property=\"og:image:width\" content=\"1000\" \/>\n\t<meta property=\"og:image:height\" content=\"700\" \/>\n\t<meta property=\"og:image:type\" content=\"image\/jpeg\" \/>\n<meta name=\"author\" content=\"stellanstal\" \/>\n<meta name=\"twitter:card\" content=\"summary_large_image\" \/>\n<meta name=\"twitter:label1\" content=\"Skriven av\" \/>\n\t<meta name=\"twitter:data1\" content=\"stellanstal\" \/>\n\t<meta name=\"twitter:label2\" content=\"Ber\u00e4knad l\u00e4stid\" \/>\n\t<meta name=\"twitter:data2\" content=\"3 minuter\" \/>\n<script type=\"application\/ld+json\" class=\"yoast-schema-graph\">{\"@context\":\"https:\\\/\\\/schema.org\",\"@graph\":[{\"@type\":\"Article\",\"@id\":\"https:\\\/\\\/lararkarriar.se\\\/grundskola\\\/2018\\\/02\\\/15\\\/mycket-att-lara-av-danskt-digitaliseringsarbete\\\/#article\",\"isPartOf\":{\"@id\":\"https:\\\/\\\/lararkarriar.se\\\/grundskola\\\/2018\\\/02\\\/15\\\/mycket-att-lara-av-danskt-digitaliseringsarbete\\\/\"},\"author\":{\"name\":\"stellanstal\",\"@id\":\"https:\\\/\\\/lararkarriar.se\\\/grundskola\\\/#\\\/schema\\\/person\\\/c8a43eb855191e573b73ecf8987a3b99\"},\"headline\":\"Mycket att l\u00e4ra av danskt digitaliseringsarbete\",\"datePublished\":\"2018-02-15T09:22:45+00:00\",\"mainEntityOfPage\":{\"@id\":\"https:\\\/\\\/lararkarriar.se\\\/grundskola\\\/2018\\\/02\\\/15\\\/mycket-att-lara-av-danskt-digitaliseringsarbete\\\/\"},\"wordCount\":554,\"image\":{\"@id\":\"https:\\\/\\\/lararkarriar.se\\\/grundskola\\\/2018\\\/02\\\/15\\\/mycket-att-lara-av-danskt-digitaliseringsarbete\\\/#primaryimage\"},\"thumbnailUrl\":\"https:\\\/\\\/lararkarriar.se\\\/grundskola\\\/wp-content\\\/uploads\\\/sites\\\/12\\\/2018\\\/02\\\/digitalt2-angelica1.jpg\",\"keywords\":[\"Danmark\",\"Digitala l\u00e4romedel\",\"Digitalisering\",\"Kunskapsutveckling\",\"L\u00e4romedel\"],\"articleSection\":[\"Artikel\"],\"inLanguage\":\"sv-SE\"},{\"@type\":\"WebPage\",\"@id\":\"https:\\\/\\\/lararkarriar.se\\\/grundskola\\\/2018\\\/02\\\/15\\\/mycket-att-lara-av-danskt-digitaliseringsarbete\\\/\",\"url\":\"https:\\\/\\\/lararkarriar.se\\\/grundskola\\\/2018\\\/02\\\/15\\\/mycket-att-lara-av-danskt-digitaliseringsarbete\\\/\",\"name\":\"Mycket att l\u00e4ra av danskt digitaliseringsarbete - Framtidens Karri\u00e4r \u2013 Grundskolel\u00e4rare\",\"isPartOf\":{\"@id\":\"https:\\\/\\\/lararkarriar.se\\\/grundskola\\\/#website\"},\"primaryImageOfPage\":{\"@id\":\"https:\\\/\\\/lararkarriar.se\\\/grundskola\\\/2018\\\/02\\\/15\\\/mycket-att-lara-av-danskt-digitaliseringsarbete\\\/#primaryimage\"},\"image\":{\"@id\":\"https:\\\/\\\/lararkarriar.se\\\/grundskola\\\/2018\\\/02\\\/15\\\/mycket-att-lara-av-danskt-digitaliseringsarbete\\\/#primaryimage\"},\"thumbnailUrl\":\"https:\\\/\\\/lararkarriar.se\\\/grundskola\\\/wp-content\\\/uploads\\\/sites\\\/12\\\/2018\\\/02\\\/digitalt2-angelica1.jpg\",\"datePublished\":\"2018-02-15T09:22:45+00:00\",\"author\":{\"@id\":\"https:\\\/\\\/lararkarriar.se\\\/grundskola\\\/#\\\/schema\\\/person\\\/c8a43eb855191e573b73ecf8987a3b99\"},\"breadcrumb\":{\"@id\":\"https:\\\/\\\/lararkarriar.se\\\/grundskola\\\/2018\\\/02\\\/15\\\/mycket-att-lara-av-danskt-digitaliseringsarbete\\\/#breadcrumb\"},\"inLanguage\":\"sv-SE\",\"potentialAction\":[{\"@type\":\"ReadAction\",\"target\":[\"https:\\\/\\\/lararkarriar.se\\\/grundskola\\\/2018\\\/02\\\/15\\\/mycket-att-lara-av-danskt-digitaliseringsarbete\\\/\"]}]},{\"@type\":\"ImageObject\",\"inLanguage\":\"sv-SE\",\"@id\":\"https:\\\/\\\/lararkarriar.se\\\/grundskola\\\/2018\\\/02\\\/15\\\/mycket-att-lara-av-danskt-digitaliseringsarbete\\\/#primaryimage\",\"url\":\"https:\\\/\\\/lararkarriar.se\\\/grundskola\\\/wp-content\\\/uploads\\\/sites\\\/12\\\/2018\\\/02\\\/digitalt2-angelica1.jpg\",\"contentUrl\":\"https:\\\/\\\/lararkarriar.se\\\/grundskola\\\/wp-content\\\/uploads\\\/sites\\\/12\\\/2018\\\/02\\\/digitalt2-angelica1.jpg\",\"width\":1000,\"height\":700,\"caption\":\"Angelica Hedin, redaktionschef p\u00e5 Bonnier Education. Foto: Peter J\u00f6nsson\"},{\"@type\":\"BreadcrumbList\",\"@id\":\"https:\\\/\\\/lararkarriar.se\\\/grundskola\\\/2018\\\/02\\\/15\\\/mycket-att-lara-av-danskt-digitaliseringsarbete\\\/#breadcrumb\",\"itemListElement\":[{\"@type\":\"ListItem\",\"position\":1,\"name\":\"Home\",\"item\":\"https:\\\/\\\/lararkarriar.se\\\/grundskola\\\/\"},{\"@type\":\"ListItem\",\"position\":2,\"name\":\"Mycket att l\u00e4ra av danskt digitaliseringsarbete\"}]},{\"@type\":\"WebSite\",\"@id\":\"https:\\\/\\\/lararkarriar.se\\\/grundskola\\\/#website\",\"url\":\"https:\\\/\\\/lararkarriar.se\\\/grundskola\\\/\",\"name\":\"Framtidens Karri\u00e4r \u2013 Grundskolel\u00e4rare\",\"description\":\"Just another NMDashboard.se Sites site\",\"potentialAction\":[{\"@type\":\"SearchAction\",\"target\":{\"@type\":\"EntryPoint\",\"urlTemplate\":\"https:\\\/\\\/lararkarriar.se\\\/grundskola\\\/?s={search_term_string}\"},\"query-input\":{\"@type\":\"PropertyValueSpecification\",\"valueRequired\":true,\"valueName\":\"search_term_string\"}}],\"inLanguage\":\"sv-SE\"},{\"@type\":\"Person\",\"@id\":\"https:\\\/\\\/lararkarriar.se\\\/grundskola\\\/#\\\/schema\\\/person\\\/c8a43eb855191e573b73ecf8987a3b99\",\"name\":\"stellanstal\",\"image\":{\"@type\":\"ImageObject\",\"inLanguage\":\"sv-SE\",\"@id\":\"https:\\\/\\\/secure.gravatar.com\\\/avatar\\\/cd330fa6bb17f598124b2068ee0b189e4fe0987a50af9d53b78410836060d0c9?s=96&d=mm&r=g\",\"url\":\"https:\\\/\\\/secure.gravatar.com\\\/avatar\\\/cd330fa6bb17f598124b2068ee0b189e4fe0987a50af9d53b78410836060d0c9?s=96&d=mm&r=g\",\"contentUrl\":\"https:\\\/\\\/secure.gravatar.com\\\/avatar\\\/cd330fa6bb17f598124b2068ee0b189e4fe0987a50af9d53b78410836060d0c9?s=96&d=mm&r=g\",\"caption\":\"stellanstal\"},\"url\":\"https:\\\/\\\/lararkarriar.se\\\/grundskola\\\/author\\\/stellanstal\\\/\"}]}<\/script>\n<!-- \/ Yoast SEO plugin. -->","yoast_head_json":{"title":"Mycket att l\u00e4ra av danskt digitaliseringsarbete - Framtidens Karri\u00e4r \u2013 Grundskolel\u00e4rare","robots":{"index":"index","follow":"follow","max-snippet":"max-snippet:-1","max-image-preview":"max-image-preview:large","max-video-preview":"max-video-preview:-1"},"canonical":"https:\/\/lararkarriar.se\/grundskola\/2018\/02\/15\/mycket-att-lara-av-danskt-digitaliseringsarbete\/","og_locale":"sv_SE","og_type":"article","og_title":"Mycket att l\u00e4ra av danskt digitaliseringsarbete - Framtidens Karri\u00e4r \u2013 Grundskolel\u00e4rare","og_description":"Trots att det satsas stort p\u00e5 digitaliseringen av den svenska skolan har Sverige sv\u00e5rt att...","og_url":"https:\/\/lararkarriar.se\/grundskola\/2018\/02\/15\/mycket-att-lara-av-danskt-digitaliseringsarbete\/","og_site_name":"Framtidens Karri\u00e4r \u2013 Grundskolel\u00e4rare","article_published_time":"2018-02-15T09:22:45+00:00","og_image":[{"width":1000,"height":700,"url":"https:\/\/lararkarriar.se\/grundskola\/wp-content\/uploads\/sites\/12\/2018\/02\/digitalt2-angelica1.jpg","type":"image\/jpeg"}],"author":"stellanstal","twitter_card":"summary_large_image","twitter_misc":{"Skriven av":"stellanstal","Ber\u00e4knad l\u00e4stid":"3 minuter"},"schema":{"@context":"https:\/\/schema.org","@graph":[{"@type":"Article","@id":"https:\/\/lararkarriar.se\/grundskola\/2018\/02\/15\/mycket-att-lara-av-danskt-digitaliseringsarbete\/#article","isPartOf":{"@id":"https:\/\/lararkarriar.se\/grundskola\/2018\/02\/15\/mycket-att-lara-av-danskt-digitaliseringsarbete\/"},"author":{"name":"stellanstal","@id":"https:\/\/lararkarriar.se\/grundskola\/#\/schema\/person\/c8a43eb855191e573b73ecf8987a3b99"},"headline":"Mycket att l\u00e4ra av danskt digitaliseringsarbete","datePublished":"2018-02-15T09:22:45+00:00","mainEntityOfPage":{"@id":"https:\/\/lararkarriar.se\/grundskola\/2018\/02\/15\/mycket-att-lara-av-danskt-digitaliseringsarbete\/"},"wordCount":554,"image":{"@id":"https:\/\/lararkarriar.se\/grundskola\/2018\/02\/15\/mycket-att-lara-av-danskt-digitaliseringsarbete\/#primaryimage"},"thumbnailUrl":"https:\/\/lararkarriar.se\/grundskola\/wp-content\/uploads\/sites\/12\/2018\/02\/digitalt2-angelica1.jpg","keywords":["Danmark","Digitala l\u00e4romedel","Digitalisering","Kunskapsutveckling","L\u00e4romedel"],"articleSection":["Artikel"],"inLanguage":"sv-SE"},{"@type":"WebPage","@id":"https:\/\/lararkarriar.se\/grundskola\/2018\/02\/15\/mycket-att-lara-av-danskt-digitaliseringsarbete\/","url":"https:\/\/lararkarriar.se\/grundskola\/2018\/02\/15\/mycket-att-lara-av-danskt-digitaliseringsarbete\/","name":"Mycket att l\u00e4ra av danskt digitaliseringsarbete - Framtidens Karri\u00e4r \u2013 Grundskolel\u00e4rare","isPartOf":{"@id":"https:\/\/lararkarriar.se\/grundskola\/#website"},"primaryImageOfPage":{"@id":"https:\/\/lararkarriar.se\/grundskola\/2018\/02\/15\/mycket-att-lara-av-danskt-digitaliseringsarbete\/#primaryimage"},"image":{"@id":"https:\/\/lararkarriar.se\/grundskola\/2018\/02\/15\/mycket-att-lara-av-danskt-digitaliseringsarbete\/#primaryimage"},"thumbnailUrl":"https:\/\/lararkarriar.se\/grundskola\/wp-content\/uploads\/sites\/12\/2018\/02\/digitalt2-angelica1.jpg","datePublished":"2018-02-15T09:22:45+00:00","author":{"@id":"https:\/\/lararkarriar.se\/grundskola\/#\/schema\/person\/c8a43eb855191e573b73ecf8987a3b99"},"breadcrumb":{"@id":"https:\/\/lararkarriar.se\/grundskola\/2018\/02\/15\/mycket-att-lara-av-danskt-digitaliseringsarbete\/#breadcrumb"},"inLanguage":"sv-SE","potentialAction":[{"@type":"ReadAction","target":["https:\/\/lararkarriar.se\/grundskola\/2018\/02\/15\/mycket-att-lara-av-danskt-digitaliseringsarbete\/"]}]},{"@type":"ImageObject","inLanguage":"sv-SE","@id":"https:\/\/lararkarriar.se\/grundskola\/2018\/02\/15\/mycket-att-lara-av-danskt-digitaliseringsarbete\/#primaryimage","url":"https:\/\/lararkarriar.se\/grundskola\/wp-content\/uploads\/sites\/12\/2018\/02\/digitalt2-angelica1.jpg","contentUrl":"https:\/\/lararkarriar.se\/grundskola\/wp-content\/uploads\/sites\/12\/2018\/02\/digitalt2-angelica1.jpg","width":1000,"height":700,"caption":"Angelica Hedin, redaktionschef p\u00e5 Bonnier Education. Foto: Peter J\u00f6nsson"},{"@type":"BreadcrumbList","@id":"https:\/\/lararkarriar.se\/grundskola\/2018\/02\/15\/mycket-att-lara-av-danskt-digitaliseringsarbete\/#breadcrumb","itemListElement":[{"@type":"ListItem","position":1,"name":"Home","item":"https:\/\/lararkarriar.se\/grundskola\/"},{"@type":"ListItem","position":2,"name":"Mycket att l\u00e4ra av danskt digitaliseringsarbete"}]},{"@type":"WebSite","@id":"https:\/\/lararkarriar.se\/grundskola\/#website","url":"https:\/\/lararkarriar.se\/grundskola\/","name":"Framtidens Karri\u00e4r \u2013 Grundskolel\u00e4rare","description":"Just another NMDashboard.se Sites site","potentialAction":[{"@type":"SearchAction","target":{"@type":"EntryPoint","urlTemplate":"https:\/\/lararkarriar.se\/grundskola\/?s={search_term_string}"},"query-input":{"@type":"PropertyValueSpecification","valueRequired":true,"valueName":"search_term_string"}}],"inLanguage":"sv-SE"},{"@type":"Person","@id":"https:\/\/lararkarriar.se\/grundskola\/#\/schema\/person\/c8a43eb855191e573b73ecf8987a3b99","name":"stellanstal","image":{"@type":"ImageObject","inLanguage":"sv-SE","@id":"https:\/\/secure.gravatar.com\/avatar\/cd330fa6bb17f598124b2068ee0b189e4fe0987a50af9d53b78410836060d0c9?s=96&d=mm&r=g","url":"https:\/\/secure.gravatar.com\/avatar\/cd330fa6bb17f598124b2068ee0b189e4fe0987a50af9d53b78410836060d0c9?s=96&d=mm&r=g","contentUrl":"https:\/\/secure.gravatar.com\/avatar\/cd330fa6bb17f598124b2068ee0b189e4fe0987a50af9d53b78410836060d0c9?s=96&d=mm&r=g","caption":"stellanstal"},"url":"https:\/\/lararkarriar.se\/grundskola\/author\/stellanstal\/"}]}},"_links":{"self":[{"href":"https:\/\/lararkarriar.se\/grundskola\/wp-json\/wp\/v2\/posts\/6180","targetHints":{"allow":["GET"]}}],"collection":[{"href":"https:\/\/lararkarriar.se\/grundskola\/wp-json\/wp\/v2\/posts"}],"about":[{"href":"https:\/\/lararkarriar.se\/grundskola\/wp-json\/wp\/v2\/types\/post"}],"author":[{"embeddable":true,"href":"https:\/\/lararkarriar.se\/grundskola\/wp-json\/wp\/v2\/users\/3"}],"replies":[{"embeddable":true,"href":"https:\/\/lararkarriar.se\/grundskola\/wp-json\/wp\/v2\/comments?post=6180"}],"version-history":[{"count":0,"href":"https:\/\/lararkarriar.se\/grundskola\/wp-json\/wp\/v2\/posts\/6180\/revisions"}],"wp:featuredmedia":[{"embeddable":true,"href":"https:\/\/lararkarriar.se\/grundskola\/wp-json\/wp\/v2\/media\/6181"}],"wp:attachment":[{"href":"https:\/\/lararkarriar.se\/grundskola\/wp-json\/wp\/v2\/media?parent=6180"}],"wp:term":[{"taxonomy":"category","embeddable":true,"href":"https:\/\/lararkarriar.se\/grundskola\/wp-json\/wp\/v2\/categories?post=6180"},{"taxonomy":"post_tag","embeddable":true,"href":"https:\/\/lararkarriar.se\/grundskola\/wp-json\/wp\/v2\/tags?post=6180"}],"curies":[{"name":"wp","href":"https:\/\/api.w.org\/{rel}","templated":true}]}}