{"id":6192,"date":"2018-02-15T10:59:20","date_gmt":"2018-02-15T08:59:20","guid":{"rendered":"http:\/\/lararkarriar.se\/grundskola\/?p=6192"},"modified":"2018-02-15T10:59:20","modified_gmt":"2018-02-15T08:59:20","slug":"attraktiva-arbetsgivare-kannetecknas-av-bra-lon-och-ett-bra-ledarskap","status":"publish","type":"post","link":"https:\/\/lararkarriar.se\/grundskola\/2018\/02\/15\/attraktiva-arbetsgivare-kannetecknas-av-bra-lon-och-ett-bra-ledarskap\/","title":{"rendered":"Attraktiva arbetsgivare k\u00e4nnetecknas av bra l\u00f6n och ett bra ledarskap"},"content":{"rendered":"<p><figure id=\"attachment_6193\" aria-describedby=\"caption-attachment-6193\" style=\"width: 1000px\" class=\"wp-caption alignnone\"><img loading=\"lazy\" decoding=\"async\" src=\"https:\/\/lararkarriar.se\/grundskola\/wp-content\/uploads\/sites\/12\/2018\/02\/attraktiva-alla.jpg\" alt=\"Saskia Skogman, HR-strateg p\u00e5 Academedia och Sarah Thor\u00e9n, grundskolerektor i Karlstad och styrelseledamot i L\u00e4rarf\u00f6rbundet Skolledare.\" width=\"1000\" height=\"663\" class=\"size-full wp-image-6193\" srcset=\"https:\/\/lararkarriar.se\/grundskola\/wp-content\/uploads\/sites\/12\/2018\/02\/attraktiva-alla.jpg 1000w, https:\/\/lararkarriar.se\/grundskola\/wp-content\/uploads\/sites\/12\/2018\/02\/attraktiva-alla-300x199.jpg 300w, https:\/\/lararkarriar.se\/grundskola\/wp-content\/uploads\/sites\/12\/2018\/02\/attraktiva-alla-768x509.jpg 768w, https:\/\/lararkarriar.se\/grundskola\/wp-content\/uploads\/sites\/12\/2018\/02\/attraktiva-alla-241x160.jpg 241w, https:\/\/lararkarriar.se\/grundskola\/wp-content\/uploads\/sites\/12\/2018\/02\/attraktiva-alla-526x349.jpg 526w, https:\/\/lararkarriar.se\/grundskola\/wp-content\/uploads\/sites\/12\/2018\/02\/attraktiva-alla-720x477.jpg 720w, https:\/\/lararkarriar.se\/grundskola\/wp-content\/uploads\/sites\/12\/2018\/02\/attraktiva-alla-960x636.jpg 960w\" sizes=\"auto, (max-width: 1000px) 100vw, 1000px\" \/><figcaption id=\"caption-attachment-6193\" class=\"wp-caption-text\">Saskia Skogman, HR-strateg p\u00e5 Academedia och Sarah Thor\u00e9n, grundskolerektor i Karlstad och styrelseledamot i L\u00e4rarf\u00f6rbundet Skolledare.<\/figcaption><\/figure><strong>N\u00e4r ett slumpm\u00e4ssigt urval av grundskoll\u00e4rare fick ange vilka faktorer de anser k\u00e4nnetecknar en attraktiv arbetsgivare rankades bra l\u00f6n och l\u00f6neutveckling h\u00f6gst, t\u00e4tt f\u00f6ljt av bra ledarskap, bra arbetskamrater och en god psykisk arbetsmilj\u00f6.<\/strong><\/p>\n<p>\u2013 M\u00e5nga av de faktorer som rankas h\u00f6gt i unders\u00f6kningen jobbar vi aktivt med. Vi satsar till exempel mycket p\u00e5 att st\u00e4ndigt utveckla och st\u00f6tta v\u00e5ra chefer och genomf\u00f6r \u00e4ven en omfattande satsning p\u00e5 l\u00e4rarnas arbetsmilj\u00f6. Unders\u00f6kningsresultatet k\u00e4nner jag igen fr\u00e5n andra liknande unders\u00f6kningar, men det \u00e4r positivt att mindre administration rankas relativt l\u00e5gt. Det kan inneb\u00e4ra att allt fler l\u00e4rare har f\u00e5tt administrativ avlastning, s\u00e4ger Saskia Skogman, HR-strateg p\u00e5 Academedia.<br \/>\nHon anser att arbetsgivare beh\u00f6ver ta till sig resultaten fr\u00e5n den h\u00e4r typen av unders\u00f6kningar och verkligen vara lyh\u00f6rda f\u00f6r l\u00e4rarnas \u00f6nskem\u00e5l.<br \/>\n\u2013 L\u00e4rarbristen och det faktum att allt fler l\u00e4rare l\u00e4mnar yrket har gjort fler arbetsgivare medvetna om vikten av att l\u00e5ngsiktigt och konsekvent arbeta f\u00f6r att st\u00e4rka sin attraktivitet, s\u00e4ger Saskia Skogman. <\/p>\n<p><strong>Tid f\u00f6r reflektion och planering<\/strong><br \/>\n\u2013 Jag \u00e4r inte s\u00e4rskilt \u00f6verraskad \u00f6ver vilka faktorer som rankades h\u00f6gst i unders\u00f6kningen. D\u00e4remot var det f\u00f6rv\u00e5nande att endast 44 procent av l\u00e4rarna anser att motiverade elever bidrar till en arbetsgivares attraktivitet, s\u00e4ger Sarah Thor\u00e9n, grundskolerektor i Karlstad och styrelseledamot i L\u00e4rarf\u00f6rbundet Skolledare.<br \/>\nHon betraktar goda m\u00f6jligheter till reflektion och planering som en viktig attraktivitetsfaktor f\u00f6r l\u00e4rararbetsgivare. En rimlig l\u00f6n och m\u00f6jlighet att p\u00e5verka sin arbetsmilj\u00f6 \u00e4r, enligt Sarah Thor\u00e9n, andra faktorer som utm\u00e4rker en attraktiv arbetsgivare. <\/p>\n<p><strong>Tydligg\u00f6r ditt uppdrag som l\u00e4rare<\/strong><br \/>\n\u2013 Reflektionstid f\u00f6r att g\u00f6ra ordentliga analyser i planeringsarbetet \u00e4r n\u00e5got m\u00e5nga v\u00e4rdes\u00e4tter. Ytterligare faktorer som karakteriserar en attraktiv arbetsgivare \u00e4r skolledare som fr\u00e4mjar kollegialt l\u00e4rande och erfarenhetsutbyte som ger l\u00e4rare insyn i hur arbetet fungerar i andra arbetslag och arbetsgrupper, s\u00e4ger Sarah Thor\u00e9n.<br \/>\n80 procent av l\u00e4rarna anser att en god psykisk arbetsmilj\u00f6 \u00f6kar arbetsgivares attraktivitet. En \u00e5tg\u00e4rd som kan st\u00e4rka l\u00e4rares psykiska arbetsmilj\u00f6 \u00e4r, enligt Sarah Thor\u00e9n, att l\u00e4rare g\u00e5r igenom sitt uppdrag tillsammans med sin chef. Tydligg\u00f6r exakt vilka arbetsuppgifter som ing\u00e5r i ditt uppdrag och formulera tillsammans en prioriteringsordning f\u00f6r dina arbetsuppgifter. <\/p>\n<p><strong>R\u00e4tt f\u00f6ruts\u00e4ttningar<\/strong><br \/>\nM\u00e5nga l\u00e4rare v\u00e4rdes\u00e4tter att regelbundet f\u00e5 konkret och individuellt utformad feedback fr\u00e5n sin chef. I dagsl\u00e4get, n\u00e4r m\u00e5nga skolledare \u00e4r chef \u00f6ver mellan fyrtio och femtio medarbetare, \u00e4r det ofta om\u00f6jligt.<br \/>\n\u2013 Det \u00e4r d\u00e4rf\u00f6r viktigt att huvudm\u00e4nnen ger skolledarna rimliga f\u00f6ruts\u00e4ttningar f\u00f6r att kunna ge individuell feedback till samtliga medarbetare. Allt b\u00f6rjar med att huvudm\u00e4nnen ger skolledarna r\u00e4tt f\u00f6ruts\u00e4ttningar att ut\u00f6va ett engagerat och n\u00e4rvarande ledarskap. Det \u00f6kar i sin tur sannolikheten att l\u00e4rarna trivs p\u00e5 jobbet, s\u00e4ger Sarah Thor\u00e9n.<\/p>\n<div class=\"faktaruta2-title\">Vilka av f\u00f6ljande faktorer k\u00e4nnetecknar en attraktiv arbetsgivare inom grundskolan?<\/div><div class=\"faktaruta2\"><img loading=\"lazy\" decoding=\"async\" src=\"https:\/\/lararkarriar.se\/grundskola\/wp-content\/uploads\/sites\/12\/2018\/02\/attraktiva-graf.png\" alt=\"\" width=\"1000\" height=\"660\" class=\"alignnone size-full wp-image-6194\" srcset=\"https:\/\/lararkarriar.se\/grundskola\/wp-content\/uploads\/sites\/12\/2018\/02\/attraktiva-graf.png 1000w, https:\/\/lararkarriar.se\/grundskola\/wp-content\/uploads\/sites\/12\/2018\/02\/attraktiva-graf-300x198.png 300w, https:\/\/lararkarriar.se\/grundskola\/wp-content\/uploads\/sites\/12\/2018\/02\/attraktiva-graf-768x507.png 768w, https:\/\/lararkarriar.se\/grundskola\/wp-content\/uploads\/sites\/12\/2018\/02\/attraktiva-graf-242x160.png 242w, https:\/\/lararkarriar.se\/grundskola\/wp-content\/uploads\/sites\/12\/2018\/02\/attraktiva-graf-526x347.png 526w, https:\/\/lararkarriar.se\/grundskola\/wp-content\/uploads\/sites\/12\/2018\/02\/attraktiva-graf-720x475.png 720w, https:\/\/lararkarriar.se\/grundskola\/wp-content\/uploads\/sites\/12\/2018\/02\/attraktiva-graf-960x634.png 960w\" sizes=\"auto, (max-width: 1000px) 100vw, 1000px\" \/><\/br><br \/>\n<strong>1.<\/strong> Bra l\u00f6n\/l\u00f6neutveckling<br \/>\n<strong>2.<\/strong> Bra ledarskap<br \/>\n<strong>3.<\/strong> Bra team\/arbetskamrater<br \/>\n<strong>4.<\/strong> Bra psykisk arbetsmilj\u00f6 (minskad stress, mental press etc.)<br \/>\n<strong>5.<\/strong> Att kunna \u00e4gna sig mer \u00e5t undervisning<br \/>\n<strong>6.<\/strong> Bra fysisk arbetsmilj\u00f6 (lokaler, ljudniv\u00e5, luft)<br \/>\n<strong>7.<\/strong> M\u00f6jlighet att p\u00e5verka sin arbetssituation<br \/>\n<strong>8.<\/strong> Mindre klasser<br \/>\n<strong>9.<\/strong> M\u00f6jlighet till kompetens\u00adutveckling\/vidareutbildning<br \/>\n<strong>10.<\/strong> Mindre administration<br \/>\n<strong>11.<\/strong> F\u00f6renklad dokumentation<br \/>\n<strong>12.<\/strong> Motiverade\/intresserade elever<br \/>\n<strong>13.<\/strong> Flexibel och mindre reglerad arbetstid<br \/>\n<strong>14.<\/strong> Bra karri\u00e4r- och utvecklings\u00adm\u00f6jligheter<br \/>\n<strong>15.<\/strong> Annat<\/div>\n","protected":false},"excerpt":{"rendered":"<p>N\u00e4r ett slumpm\u00e4ssigt urval av grundskoll\u00e4rare fick ange vilka faktorer de anser k\u00e4nnetecknar en attraktiv&#8230;<\/p>\n","protected":false},"author":3,"featured_media":6193,"comment_status":"closed","ping_status":"open","sticky":false,"template":"","format":"standard","meta":{"_acf_changed":false,"_monsterinsights_skip_tracking":false,"_monsterinsights_sitenote_active":false,"_monsterinsights_sitenote_note":"","_monsterinsights_sitenote_category":0,"footnotes":""},"categories":[1],"tags":[9,19,22,103,205,216,230,413],"class_list":["post-6192","post","type-post","status-publish","format-standard","has-post-thumbnail","hentry","category-artikel","tag-academedia","tag-arbetsgivares-attraktivitet","tag-arbetsmiljo","tag-forutsattningar","tag-lararforbundet-skolledare","tag-ledarskap","tag-loneutveckling","tag-undersokning"],"acf":[],"yoast_head":"<!-- This site is optimized with the Yoast SEO plugin v27.3 - https:\/\/yoast.com\/product\/yoast-seo-wordpress\/ -->\n<title>Attraktiva arbetsgivare k\u00e4nnetecknas av bra l\u00f6n och ett bra ledarskap - Framtidens Karri\u00e4r \u2013 Grundskolel\u00e4rare<\/title>\n<meta name=\"robots\" content=\"index, follow, max-snippet:-1, max-image-preview:large, max-video-preview:-1\" \/>\n<link rel=\"canonical\" href=\"https:\/\/lararkarriar.se\/grundskola\/2018\/02\/15\/attraktiva-arbetsgivare-kannetecknas-av-bra-lon-och-ett-bra-ledarskap\/\" \/>\n<meta property=\"og:locale\" content=\"sv_SE\" \/>\n<meta property=\"og:type\" content=\"article\" \/>\n<meta property=\"og:title\" content=\"Attraktiva arbetsgivare k\u00e4nnetecknas av bra l\u00f6n och ett bra ledarskap - Framtidens Karri\u00e4r \u2013 Grundskolel\u00e4rare\" \/>\n<meta property=\"og:description\" content=\"N\u00e4r ett slumpm\u00e4ssigt urval av grundskoll\u00e4rare fick ange vilka faktorer de anser k\u00e4nnetecknar en attraktiv...\" \/>\n<meta property=\"og:url\" content=\"https:\/\/lararkarriar.se\/grundskola\/2018\/02\/15\/attraktiva-arbetsgivare-kannetecknas-av-bra-lon-och-ett-bra-ledarskap\/\" \/>\n<meta property=\"og:site_name\" content=\"Framtidens Karri\u00e4r \u2013 Grundskolel\u00e4rare\" \/>\n<meta property=\"article:published_time\" content=\"2018-02-15T08:59:20+00:00\" \/>\n<meta property=\"og:image\" content=\"https:\/\/lararkarriar.se\/grundskola\/wp-content\/uploads\/sites\/12\/2018\/02\/attraktiva-alla.jpg\" \/>\n\t<meta property=\"og:image:width\" content=\"1000\" \/>\n\t<meta property=\"og:image:height\" content=\"663\" \/>\n\t<meta property=\"og:image:type\" content=\"image\/jpeg\" \/>\n<meta name=\"author\" content=\"stellanstal\" \/>\n<meta name=\"twitter:card\" content=\"summary_large_image\" \/>\n<meta name=\"twitter:label1\" content=\"Skriven av\" \/>\n\t<meta name=\"twitter:data1\" content=\"stellanstal\" \/>\n\t<meta name=\"twitter:label2\" content=\"Ber\u00e4knad l\u00e4stid\" \/>\n\t<meta name=\"twitter:data2\" content=\"3 minuter\" \/>\n<script type=\"application\/ld+json\" class=\"yoast-schema-graph\">{\"@context\":\"https:\\\/\\\/schema.org\",\"@graph\":[{\"@type\":\"Article\",\"@id\":\"https:\\\/\\\/lararkarriar.se\\\/grundskola\\\/2018\\\/02\\\/15\\\/attraktiva-arbetsgivare-kannetecknas-av-bra-lon-och-ett-bra-ledarskap\\\/#article\",\"isPartOf\":{\"@id\":\"https:\\\/\\\/lararkarriar.se\\\/grundskola\\\/2018\\\/02\\\/15\\\/attraktiva-arbetsgivare-kannetecknas-av-bra-lon-och-ett-bra-ledarskap\\\/\"},\"author\":{\"name\":\"stellanstal\",\"@id\":\"https:\\\/\\\/lararkarriar.se\\\/grundskola\\\/#\\\/schema\\\/person\\\/c8a43eb855191e573b73ecf8987a3b99\"},\"headline\":\"Attraktiva arbetsgivare k\u00e4nnetecknas av bra l\u00f6n och ett bra ledarskap\",\"datePublished\":\"2018-02-15T08:59:20+00:00\",\"mainEntityOfPage\":{\"@id\":\"https:\\\/\\\/lararkarriar.se\\\/grundskola\\\/2018\\\/02\\\/15\\\/attraktiva-arbetsgivare-kannetecknas-av-bra-lon-och-ett-bra-ledarskap\\\/\"},\"wordCount\":651,\"image\":{\"@id\":\"https:\\\/\\\/lararkarriar.se\\\/grundskola\\\/2018\\\/02\\\/15\\\/attraktiva-arbetsgivare-kannetecknas-av-bra-lon-och-ett-bra-ledarskap\\\/#primaryimage\"},\"thumbnailUrl\":\"https:\\\/\\\/lararkarriar.se\\\/grundskola\\\/wp-content\\\/uploads\\\/sites\\\/12\\\/2018\\\/02\\\/attraktiva-alla.jpg\",\"keywords\":[\"Academedia\",\"Arbetsgivares attraktivitet\",\"Arbetsmilj\u00f6\",\"F\u00f6ruts\u00e4ttningar\",\"L\u00e4rarf\u00f6rbundet Skolledare\",\"Ledarskap\",\"L\u00f6neutveckling\",\"Unders\u00f6kning\"],\"articleSection\":[\"Artikel\"],\"inLanguage\":\"sv-SE\"},{\"@type\":\"WebPage\",\"@id\":\"https:\\\/\\\/lararkarriar.se\\\/grundskola\\\/2018\\\/02\\\/15\\\/attraktiva-arbetsgivare-kannetecknas-av-bra-lon-och-ett-bra-ledarskap\\\/\",\"url\":\"https:\\\/\\\/lararkarriar.se\\\/grundskola\\\/2018\\\/02\\\/15\\\/attraktiva-arbetsgivare-kannetecknas-av-bra-lon-och-ett-bra-ledarskap\\\/\",\"name\":\"Attraktiva arbetsgivare k\u00e4nnetecknas av bra l\u00f6n och ett bra ledarskap - Framtidens Karri\u00e4r \u2013 Grundskolel\u00e4rare\",\"isPartOf\":{\"@id\":\"https:\\\/\\\/lararkarriar.se\\\/grundskola\\\/#website\"},\"primaryImageOfPage\":{\"@id\":\"https:\\\/\\\/lararkarriar.se\\\/grundskola\\\/2018\\\/02\\\/15\\\/attraktiva-arbetsgivare-kannetecknas-av-bra-lon-och-ett-bra-ledarskap\\\/#primaryimage\"},\"image\":{\"@id\":\"https:\\\/\\\/lararkarriar.se\\\/grundskola\\\/2018\\\/02\\\/15\\\/attraktiva-arbetsgivare-kannetecknas-av-bra-lon-och-ett-bra-ledarskap\\\/#primaryimage\"},\"thumbnailUrl\":\"https:\\\/\\\/lararkarriar.se\\\/grundskola\\\/wp-content\\\/uploads\\\/sites\\\/12\\\/2018\\\/02\\\/attraktiva-alla.jpg\",\"datePublished\":\"2018-02-15T08:59:20+00:00\",\"author\":{\"@id\":\"https:\\\/\\\/lararkarriar.se\\\/grundskola\\\/#\\\/schema\\\/person\\\/c8a43eb855191e573b73ecf8987a3b99\"},\"breadcrumb\":{\"@id\":\"https:\\\/\\\/lararkarriar.se\\\/grundskola\\\/2018\\\/02\\\/15\\\/attraktiva-arbetsgivare-kannetecknas-av-bra-lon-och-ett-bra-ledarskap\\\/#breadcrumb\"},\"inLanguage\":\"sv-SE\",\"potentialAction\":[{\"@type\":\"ReadAction\",\"target\":[\"https:\\\/\\\/lararkarriar.se\\\/grundskola\\\/2018\\\/02\\\/15\\\/attraktiva-arbetsgivare-kannetecknas-av-bra-lon-och-ett-bra-ledarskap\\\/\"]}]},{\"@type\":\"ImageObject\",\"inLanguage\":\"sv-SE\",\"@id\":\"https:\\\/\\\/lararkarriar.se\\\/grundskola\\\/2018\\\/02\\\/15\\\/attraktiva-arbetsgivare-kannetecknas-av-bra-lon-och-ett-bra-ledarskap\\\/#primaryimage\",\"url\":\"https:\\\/\\\/lararkarriar.se\\\/grundskola\\\/wp-content\\\/uploads\\\/sites\\\/12\\\/2018\\\/02\\\/attraktiva-alla.jpg\",\"contentUrl\":\"https:\\\/\\\/lararkarriar.se\\\/grundskola\\\/wp-content\\\/uploads\\\/sites\\\/12\\\/2018\\\/02\\\/attraktiva-alla.jpg\",\"width\":1000,\"height\":663,\"caption\":\"Saskia Skogman, HR-strateg p\u00e5 Academedia och Sarah Thor\u00e9n, grundskolerektor i Karlstad och styrelseledamot i L\u00e4rarf\u00f6rbundet Skolledare.\"},{\"@type\":\"BreadcrumbList\",\"@id\":\"https:\\\/\\\/lararkarriar.se\\\/grundskola\\\/2018\\\/02\\\/15\\\/attraktiva-arbetsgivare-kannetecknas-av-bra-lon-och-ett-bra-ledarskap\\\/#breadcrumb\",\"itemListElement\":[{\"@type\":\"ListItem\",\"position\":1,\"name\":\"Home\",\"item\":\"https:\\\/\\\/lararkarriar.se\\\/grundskola\\\/\"},{\"@type\":\"ListItem\",\"position\":2,\"name\":\"Attraktiva arbetsgivare k\u00e4nnetecknas av bra l\u00f6n och ett bra ledarskap\"}]},{\"@type\":\"WebSite\",\"@id\":\"https:\\\/\\\/lararkarriar.se\\\/grundskola\\\/#website\",\"url\":\"https:\\\/\\\/lararkarriar.se\\\/grundskola\\\/\",\"name\":\"Framtidens Karri\u00e4r \u2013 Grundskolel\u00e4rare\",\"description\":\"Just another NMDashboard.se Sites site\",\"potentialAction\":[{\"@type\":\"SearchAction\",\"target\":{\"@type\":\"EntryPoint\",\"urlTemplate\":\"https:\\\/\\\/lararkarriar.se\\\/grundskola\\\/?s={search_term_string}\"},\"query-input\":{\"@type\":\"PropertyValueSpecification\",\"valueRequired\":true,\"valueName\":\"search_term_string\"}}],\"inLanguage\":\"sv-SE\"},{\"@type\":\"Person\",\"@id\":\"https:\\\/\\\/lararkarriar.se\\\/grundskola\\\/#\\\/schema\\\/person\\\/c8a43eb855191e573b73ecf8987a3b99\",\"name\":\"stellanstal\",\"image\":{\"@type\":\"ImageObject\",\"inLanguage\":\"sv-SE\",\"@id\":\"https:\\\/\\\/secure.gravatar.com\\\/avatar\\\/cd330fa6bb17f598124b2068ee0b189e4fe0987a50af9d53b78410836060d0c9?s=96&d=mm&r=g\",\"url\":\"https:\\\/\\\/secure.gravatar.com\\\/avatar\\\/cd330fa6bb17f598124b2068ee0b189e4fe0987a50af9d53b78410836060d0c9?s=96&d=mm&r=g\",\"contentUrl\":\"https:\\\/\\\/secure.gravatar.com\\\/avatar\\\/cd330fa6bb17f598124b2068ee0b189e4fe0987a50af9d53b78410836060d0c9?s=96&d=mm&r=g\",\"caption\":\"stellanstal\"},\"url\":\"https:\\\/\\\/lararkarriar.se\\\/grundskola\\\/author\\\/stellanstal\\\/\"}]}<\/script>\n<!-- \/ Yoast SEO plugin. -->","yoast_head_json":{"title":"Attraktiva arbetsgivare k\u00e4nnetecknas av bra l\u00f6n och ett bra ledarskap - Framtidens Karri\u00e4r \u2013 Grundskolel\u00e4rare","robots":{"index":"index","follow":"follow","max-snippet":"max-snippet:-1","max-image-preview":"max-image-preview:large","max-video-preview":"max-video-preview:-1"},"canonical":"https:\/\/lararkarriar.se\/grundskola\/2018\/02\/15\/attraktiva-arbetsgivare-kannetecknas-av-bra-lon-och-ett-bra-ledarskap\/","og_locale":"sv_SE","og_type":"article","og_title":"Attraktiva arbetsgivare k\u00e4nnetecknas av bra l\u00f6n och ett bra ledarskap - Framtidens Karri\u00e4r \u2013 Grundskolel\u00e4rare","og_description":"N\u00e4r ett slumpm\u00e4ssigt urval av grundskoll\u00e4rare fick ange vilka faktorer de anser k\u00e4nnetecknar en attraktiv...","og_url":"https:\/\/lararkarriar.se\/grundskola\/2018\/02\/15\/attraktiva-arbetsgivare-kannetecknas-av-bra-lon-och-ett-bra-ledarskap\/","og_site_name":"Framtidens Karri\u00e4r \u2013 Grundskolel\u00e4rare","article_published_time":"2018-02-15T08:59:20+00:00","og_image":[{"width":1000,"height":663,"url":"https:\/\/lararkarriar.se\/grundskola\/wp-content\/uploads\/sites\/12\/2018\/02\/attraktiva-alla.jpg","type":"image\/jpeg"}],"author":"stellanstal","twitter_card":"summary_large_image","twitter_misc":{"Skriven av":"stellanstal","Ber\u00e4knad l\u00e4stid":"3 minuter"},"schema":{"@context":"https:\/\/schema.org","@graph":[{"@type":"Article","@id":"https:\/\/lararkarriar.se\/grundskola\/2018\/02\/15\/attraktiva-arbetsgivare-kannetecknas-av-bra-lon-och-ett-bra-ledarskap\/#article","isPartOf":{"@id":"https:\/\/lararkarriar.se\/grundskola\/2018\/02\/15\/attraktiva-arbetsgivare-kannetecknas-av-bra-lon-och-ett-bra-ledarskap\/"},"author":{"name":"stellanstal","@id":"https:\/\/lararkarriar.se\/grundskola\/#\/schema\/person\/c8a43eb855191e573b73ecf8987a3b99"},"headline":"Attraktiva arbetsgivare k\u00e4nnetecknas av bra l\u00f6n och ett bra ledarskap","datePublished":"2018-02-15T08:59:20+00:00","mainEntityOfPage":{"@id":"https:\/\/lararkarriar.se\/grundskola\/2018\/02\/15\/attraktiva-arbetsgivare-kannetecknas-av-bra-lon-och-ett-bra-ledarskap\/"},"wordCount":651,"image":{"@id":"https:\/\/lararkarriar.se\/grundskola\/2018\/02\/15\/attraktiva-arbetsgivare-kannetecknas-av-bra-lon-och-ett-bra-ledarskap\/#primaryimage"},"thumbnailUrl":"https:\/\/lararkarriar.se\/grundskola\/wp-content\/uploads\/sites\/12\/2018\/02\/attraktiva-alla.jpg","keywords":["Academedia","Arbetsgivares attraktivitet","Arbetsmilj\u00f6","F\u00f6ruts\u00e4ttningar","L\u00e4rarf\u00f6rbundet Skolledare","Ledarskap","L\u00f6neutveckling","Unders\u00f6kning"],"articleSection":["Artikel"],"inLanguage":"sv-SE"},{"@type":"WebPage","@id":"https:\/\/lararkarriar.se\/grundskola\/2018\/02\/15\/attraktiva-arbetsgivare-kannetecknas-av-bra-lon-och-ett-bra-ledarskap\/","url":"https:\/\/lararkarriar.se\/grundskola\/2018\/02\/15\/attraktiva-arbetsgivare-kannetecknas-av-bra-lon-och-ett-bra-ledarskap\/","name":"Attraktiva arbetsgivare k\u00e4nnetecknas av bra l\u00f6n och ett bra ledarskap - Framtidens Karri\u00e4r \u2013 Grundskolel\u00e4rare","isPartOf":{"@id":"https:\/\/lararkarriar.se\/grundskola\/#website"},"primaryImageOfPage":{"@id":"https:\/\/lararkarriar.se\/grundskola\/2018\/02\/15\/attraktiva-arbetsgivare-kannetecknas-av-bra-lon-och-ett-bra-ledarskap\/#primaryimage"},"image":{"@id":"https:\/\/lararkarriar.se\/grundskola\/2018\/02\/15\/attraktiva-arbetsgivare-kannetecknas-av-bra-lon-och-ett-bra-ledarskap\/#primaryimage"},"thumbnailUrl":"https:\/\/lararkarriar.se\/grundskola\/wp-content\/uploads\/sites\/12\/2018\/02\/attraktiva-alla.jpg","datePublished":"2018-02-15T08:59:20+00:00","author":{"@id":"https:\/\/lararkarriar.se\/grundskola\/#\/schema\/person\/c8a43eb855191e573b73ecf8987a3b99"},"breadcrumb":{"@id":"https:\/\/lararkarriar.se\/grundskola\/2018\/02\/15\/attraktiva-arbetsgivare-kannetecknas-av-bra-lon-och-ett-bra-ledarskap\/#breadcrumb"},"inLanguage":"sv-SE","potentialAction":[{"@type":"ReadAction","target":["https:\/\/lararkarriar.se\/grundskola\/2018\/02\/15\/attraktiva-arbetsgivare-kannetecknas-av-bra-lon-och-ett-bra-ledarskap\/"]}]},{"@type":"ImageObject","inLanguage":"sv-SE","@id":"https:\/\/lararkarriar.se\/grundskola\/2018\/02\/15\/attraktiva-arbetsgivare-kannetecknas-av-bra-lon-och-ett-bra-ledarskap\/#primaryimage","url":"https:\/\/lararkarriar.se\/grundskola\/wp-content\/uploads\/sites\/12\/2018\/02\/attraktiva-alla.jpg","contentUrl":"https:\/\/lararkarriar.se\/grundskola\/wp-content\/uploads\/sites\/12\/2018\/02\/attraktiva-alla.jpg","width":1000,"height":663,"caption":"Saskia Skogman, HR-strateg p\u00e5 Academedia och Sarah Thor\u00e9n, grundskolerektor i Karlstad och styrelseledamot i L\u00e4rarf\u00f6rbundet Skolledare."},{"@type":"BreadcrumbList","@id":"https:\/\/lararkarriar.se\/grundskola\/2018\/02\/15\/attraktiva-arbetsgivare-kannetecknas-av-bra-lon-och-ett-bra-ledarskap\/#breadcrumb","itemListElement":[{"@type":"ListItem","position":1,"name":"Home","item":"https:\/\/lararkarriar.se\/grundskola\/"},{"@type":"ListItem","position":2,"name":"Attraktiva arbetsgivare k\u00e4nnetecknas av bra l\u00f6n och ett bra ledarskap"}]},{"@type":"WebSite","@id":"https:\/\/lararkarriar.se\/grundskola\/#website","url":"https:\/\/lararkarriar.se\/grundskola\/","name":"Framtidens Karri\u00e4r \u2013 Grundskolel\u00e4rare","description":"Just another NMDashboard.se Sites site","potentialAction":[{"@type":"SearchAction","target":{"@type":"EntryPoint","urlTemplate":"https:\/\/lararkarriar.se\/grundskola\/?s={search_term_string}"},"query-input":{"@type":"PropertyValueSpecification","valueRequired":true,"valueName":"search_term_string"}}],"inLanguage":"sv-SE"},{"@type":"Person","@id":"https:\/\/lararkarriar.se\/grundskola\/#\/schema\/person\/c8a43eb855191e573b73ecf8987a3b99","name":"stellanstal","image":{"@type":"ImageObject","inLanguage":"sv-SE","@id":"https:\/\/secure.gravatar.com\/avatar\/cd330fa6bb17f598124b2068ee0b189e4fe0987a50af9d53b78410836060d0c9?s=96&d=mm&r=g","url":"https:\/\/secure.gravatar.com\/avatar\/cd330fa6bb17f598124b2068ee0b189e4fe0987a50af9d53b78410836060d0c9?s=96&d=mm&r=g","contentUrl":"https:\/\/secure.gravatar.com\/avatar\/cd330fa6bb17f598124b2068ee0b189e4fe0987a50af9d53b78410836060d0c9?s=96&d=mm&r=g","caption":"stellanstal"},"url":"https:\/\/lararkarriar.se\/grundskola\/author\/stellanstal\/"}]}},"_links":{"self":[{"href":"https:\/\/lararkarriar.se\/grundskola\/wp-json\/wp\/v2\/posts\/6192","targetHints":{"allow":["GET"]}}],"collection":[{"href":"https:\/\/lararkarriar.se\/grundskola\/wp-json\/wp\/v2\/posts"}],"about":[{"href":"https:\/\/lararkarriar.se\/grundskola\/wp-json\/wp\/v2\/types\/post"}],"author":[{"embeddable":true,"href":"https:\/\/lararkarriar.se\/grundskola\/wp-json\/wp\/v2\/users\/3"}],"replies":[{"embeddable":true,"href":"https:\/\/lararkarriar.se\/grundskola\/wp-json\/wp\/v2\/comments?post=6192"}],"version-history":[{"count":0,"href":"https:\/\/lararkarriar.se\/grundskola\/wp-json\/wp\/v2\/posts\/6192\/revisions"}],"wp:featuredmedia":[{"embeddable":true,"href":"https:\/\/lararkarriar.se\/grundskola\/wp-json\/wp\/v2\/media\/6193"}],"wp:attachment":[{"href":"https:\/\/lararkarriar.se\/grundskola\/wp-json\/wp\/v2\/media?parent=6192"}],"wp:term":[{"taxonomy":"category","embeddable":true,"href":"https:\/\/lararkarriar.se\/grundskola\/wp-json\/wp\/v2\/categories?post=6192"},{"taxonomy":"post_tag","embeddable":true,"href":"https:\/\/lararkarriar.se\/grundskola\/wp-json\/wp\/v2\/tags?post=6192"}],"curies":[{"name":"wp","href":"https:\/\/api.w.org\/{rel}","templated":true}]}}