{"id":6197,"date":"2018-02-15T11:03:48","date_gmt":"2018-02-15T09:03:48","guid":{"rendered":"http:\/\/lararkarriar.se\/grundskola\/?p=6197"},"modified":"2018-02-15T11:03:48","modified_gmt":"2018-02-15T09:03:48","slug":"allt-fler-grundskollarare-utsatts-for-hot-och-vald","status":"publish","type":"post","link":"https:\/\/lararkarriar.se\/grundskola\/2018\/02\/15\/allt-fler-grundskollarare-utsatts-for-hot-och-vald\/","title":{"rendered":"Allt fler grundskoll\u00e4rare uts\u00e4tts f\u00f6r hot och v\u00e5ld"},"content":{"rendered":"<p><figure id=\"attachment_6198\" aria-describedby=\"caption-attachment-6198\" style=\"width: 1000px\" class=\"wp-caption alignnone\"><img loading=\"lazy\" decoding=\"async\" src=\"https:\/\/lararkarriar.se\/grundskola\/wp-content\/uploads\/sites\/12\/2018\/02\/hot-alla.jpg\" alt=\"\u00c5sa Fahl\u00e9n, ordf\u00f6rande i L\u00e4rarnas Riksf\u00f6rbund (Foto: Elisabeth Ohlson Wallin) och Johanna Jaara \u00c5strand, ordf\u00f6rande i L\u00e4rarf\u00f6rbundet (Foto: Peter J\u00f6nsson).\" width=\"1000\" height=\"639\" class=\"size-full wp-image-6198\" srcset=\"https:\/\/lararkarriar.se\/grundskola\/wp-content\/uploads\/sites\/12\/2018\/02\/hot-alla.jpg 1000w, https:\/\/lararkarriar.se\/grundskola\/wp-content\/uploads\/sites\/12\/2018\/02\/hot-alla-300x192.jpg 300w, https:\/\/lararkarriar.se\/grundskola\/wp-content\/uploads\/sites\/12\/2018\/02\/hot-alla-768x491.jpg 768w, https:\/\/lararkarriar.se\/grundskola\/wp-content\/uploads\/sites\/12\/2018\/02\/hot-alla-250x160.jpg 250w, https:\/\/lararkarriar.se\/grundskola\/wp-content\/uploads\/sites\/12\/2018\/02\/hot-alla-526x336.jpg 526w, https:\/\/lararkarriar.se\/grundskola\/wp-content\/uploads\/sites\/12\/2018\/02\/hot-alla-720x460.jpg 720w, https:\/\/lararkarriar.se\/grundskola\/wp-content\/uploads\/sites\/12\/2018\/02\/hot-alla-960x613.jpg 960w\" sizes=\"auto, (max-width: 1000px) 100vw, 1000px\" \/><figcaption id=\"caption-attachment-6198\" class=\"wp-caption-text\">\u00c5sa Fahl\u00e9n, ordf\u00f6rande i L\u00e4rarnas Riksf\u00f6rbund (Foto: Elisabeth Ohlson Wallin) och Johanna Jaara \u00c5strand, ordf\u00f6rande i L\u00e4rarf\u00f6rbundet (Foto: Peter J\u00f6nsson).<\/figcaption><\/figure><strong>62 procent av grundskoll\u00e4rarna har utsatts f\u00f6r hot och v\u00e5ld i sin yrkesut\u00f6vning. Det framg\u00e5r av en unders\u00f6kning som Framtidens Karri\u00e4r \u2013 Grundskoll\u00e4rare genomf\u00f6rt bland ett slumpm\u00e4ssigt urval l\u00e4rare.<\/strong><\/p>\n<p>\u2013 Unders\u00f6kningsresultatet \u00e4r tyv\u00e4rr inte f\u00f6rv\u00e5nande, \u00e4ven om sifforna \u00e4r skr\u00e4mmande. Det mest anm\u00e4rkningsv\u00e4rda \u00e4r att skolledning och huvudm\u00e4n inte g\u00f6r mer f\u00f6r att f\u00f6rebygga hot och v\u00e5ld mot l\u00e4rare, inte minst eftersom det riskerar att undergr\u00e4va skolans roll i samh\u00e4llet. F\u00f6r att minska andelen hot och v\u00e5ld kr\u00e4vs dels en v\u00e4l underbyggd st\u00f6dstruktur f\u00f6r l\u00e4rare som utsatts och dels ett f\u00f6rebyggande arbete som tydligg\u00f6r gr\u00e4nserna mellan hemmets och skolans ansvar i dessa fr\u00e5gor, s\u00e4ger \u00c5sa Fahl\u00e9n, ordf\u00f6rande i L\u00e4rarnas Riksf\u00f6rbund.<br \/>\nSkolor med en bra ledning, v\u00e4l utbyggd elevh\u00e4lsov\u00e5rd och ett v\u00e4lfungerande systematiskt arbetsmilj\u00f6arbete kan, enligt \u00c5sa Fahl\u00e9n, till stor del f\u00f6rebygga f\u00f6rekomsten av hot och v\u00e5ld mot l\u00e4rare. Hon understryker \u00e4ven vikten av att tydligt markera att alla former av hot och v\u00e5ld \u00e4r fullst\u00e4ndigt oacceptabelt. <\/p>\n<p><strong>Hot och v\u00e5ld har \u00f6kat<\/strong><br \/>\n\u2013 Arbetsgivare har ocks\u00e5 stor nytta av en kontinuerlig dialog med en facklig motpart i det h\u00e4r arbetet. Alla h\u00e4ndelser som inkluderar hot och v\u00e5ld m\u00e5ste anm\u00e4las, annars riskerar skolan en flathet som g\u00f6r att antalet incidenter \u00f6kar. Det \u00e4r anm\u00e4rkningsv\u00e4rt att anh\u00f6riga till elever st\u00e5r f\u00f6r 30 procent av incidenterna. H\u00e4r \u00e4r det viktigt att vara tydlig med att skolan inte \u00e4r en allm\u00e4n plats d\u00e4r vem som helst har tilltr\u00e4de, s\u00e4ger \u00c5sa Fahl\u00e9n.<br \/>\n\u2013 Unders\u00f6kningsresultatet bekr\u00e4ftar vad tidigare unders\u00f6kningar om hot och v\u00e5ld mot l\u00e4rare visat, n\u00e4mligen att f\u00f6rekomsten av hot och v\u00e5ld har \u00f6kat de senaste \u00e5ren. Jag \u00e4r f\u00f6rv\u00e5nad och uppr\u00f6rd \u00f6ver att inte mer g\u00f6rs f\u00f6r att f\u00f6rebygga den h\u00e4r typen av situationer, s\u00e4ger Johanna Jaara \u00c5strand, ordf\u00f6rande i L\u00e4rarf\u00f6rbundet.<\/p>\n<p><strong>B\u00f6r ta fr\u00e5gan p\u00e5 st\u00f6rre allvar<\/strong><br \/>\nAtt m\u00e5nga l\u00e4rare uts\u00e4tts f\u00f6r hot och v\u00e5ld indikerar, enligt Johanna Jaara \u00c5strand, att alltf\u00f6r m\u00e5nga elever m\u00e5r d\u00e5ligt. Hon f\u00f6rv\u00e4ntar sig att skolornas huvudm\u00e4n tar fr\u00e5gan p\u00e5 st\u00f6rre allvar fram\u00f6ver och att man anstr\u00e4nger sig f\u00f6r att identifiera orsaken till varje enskild h\u00e4ndelse.<br \/>\n\u2013 En v\u00e4l utbyggd elevh\u00e4lsa och samverkan mellan skola, f\u00f6r\u00e4ldrar och socialtj\u00e4nst \u00e4r en viktig del av det f\u00f6rebyggande arbetet, liksom handlingsplaner som tydligg\u00f6r hur man ska agera n\u00e4r n\u00e5got intr\u00e4ffat, s\u00e4ger Johanna Jaara \u00c5strand.<br \/>\nHon p\u00e5pekar att Arbetsmilj\u00f6verkets senaste kartl\u00e4ggning visar att arbetsmilj\u00f6arbetet har brister p\u00e5 nio av tio skolor.<br \/>\n\u2013 L\u00e4rares signaler p\u00e5 att hot och v\u00e5ld f\u00f6rekommer eller att extra resurser beh\u00f6ver s\u00e4ttas in m\u00e5ste tas p\u00e5 allvar av skolledning och huvudm\u00e4n, s\u00e4ger Johanna Jaara \u00c5strand.<\/p>\n<div class=\"faktaruta2-title\">Har du n\u00e5gon g\u00e5ng blivit utsatt f\u00f6r hot eller v\u00e5ld i din yrkesroll som grundskoll\u00e4rare?<\/div><div class=\"faktaruta2\"><img loading=\"lazy\" decoding=\"async\" src=\"https:\/\/lararkarriar.se\/grundskola\/wp-content\/uploads\/sites\/12\/2018\/02\/hot-graf1.png\" alt=\"\" width=\"1000\" height=\"150\" class=\"alignnone size-full wp-image-6199\" srcset=\"https:\/\/lararkarriar.se\/grundskola\/wp-content\/uploads\/sites\/12\/2018\/02\/hot-graf1.png 1000w, https:\/\/lararkarriar.se\/grundskola\/wp-content\/uploads\/sites\/12\/2018\/02\/hot-graf1-300x45.png 300w, https:\/\/lararkarriar.se\/grundskola\/wp-content\/uploads\/sites\/12\/2018\/02\/hot-graf1-768x115.png 768w, https:\/\/lararkarriar.se\/grundskola\/wp-content\/uploads\/sites\/12\/2018\/02\/hot-graf1-526x79.png 526w, https:\/\/lararkarriar.se\/grundskola\/wp-content\/uploads\/sites\/12\/2018\/02\/hot-graf1-720x108.png 720w, https:\/\/lararkarriar.se\/grundskola\/wp-content\/uploads\/sites\/12\/2018\/02\/hot-graf1-960x144.png 960w\" sizes=\"auto, (max-width: 1000px) 100vw, 1000px\" \/><br \/>\n<\/div>\n<div class=\"faktaruta2-title\">Jag blev utsatt av en...<\/div><div class=\"faktaruta2\"><img loading=\"lazy\" decoding=\"async\" src=\"https:\/\/lararkarriar.se\/grundskola\/wp-content\/uploads\/sites\/12\/2018\/02\/hot-graf2.png\" alt=\"\" width=\"1000\" height=\"250\" class=\"alignnone size-full wp-image-6200\" srcset=\"https:\/\/lararkarriar.se\/grundskola\/wp-content\/uploads\/sites\/12\/2018\/02\/hot-graf2.png 1000w, https:\/\/lararkarriar.se\/grundskola\/wp-content\/uploads\/sites\/12\/2018\/02\/hot-graf2-300x75.png 300w, https:\/\/lararkarriar.se\/grundskola\/wp-content\/uploads\/sites\/12\/2018\/02\/hot-graf2-768x192.png 768w, https:\/\/lararkarriar.se\/grundskola\/wp-content\/uploads\/sites\/12\/2018\/02\/hot-graf2-640x160.png 640w, https:\/\/lararkarriar.se\/grundskola\/wp-content\/uploads\/sites\/12\/2018\/02\/hot-graf2-526x132.png 526w, https:\/\/lararkarriar.se\/grundskola\/wp-content\/uploads\/sites\/12\/2018\/02\/hot-graf2-720x180.png 720w, https:\/\/lararkarriar.se\/grundskola\/wp-content\/uploads\/sites\/12\/2018\/02\/hot-graf2-960x240.png 960w\" sizes=\"auto, (max-width: 1000px) 100vw, 1000px\" \/><br \/>\n<\/div>\n","protected":false},"excerpt":{"rendered":"<p>62 procent av grundskoll\u00e4rarna har utsatts f\u00f6r hot och v\u00e5ld i sin yrkesut\u00f6vning. Det framg\u00e5r&#8230;<\/p>\n","protected":false},"author":3,"featured_media":6198,"comment_status":"closed","ping_status":"open","sticky":false,"template":"","format":"standard","meta":{"_acf_changed":false,"_monsterinsights_skip_tracking":false,"_monsterinsights_sitenote_active":false,"_monsterinsights_sitenote_note":"","_monsterinsights_sitenote_category":0,"footnotes":""},"categories":[1],"tags":[22,76,138,139,204,210,413,430],"class_list":["post-6197","post","type-post","status-publish","format-standard","has-post-thumbnail","hentry","category-artikel","tag-arbetsmiljo","tag-elevhalsa","tag-hot","tag-hot-och-vald","tag-lararforbundet","tag-lararnas-riksforbund","tag-undersokning","tag-vald"],"acf":[],"yoast_head":"<!-- This site is optimized with the Yoast SEO plugin v27.3 - https:\/\/yoast.com\/product\/yoast-seo-wordpress\/ -->\n<title>Allt fler grundskoll\u00e4rare uts\u00e4tts f\u00f6r hot och v\u00e5ld - Framtidens Karri\u00e4r \u2013 Grundskolel\u00e4rare<\/title>\n<meta name=\"robots\" content=\"index, follow, max-snippet:-1, max-image-preview:large, max-video-preview:-1\" \/>\n<link rel=\"canonical\" href=\"https:\/\/lararkarriar.se\/grundskola\/2018\/02\/15\/allt-fler-grundskollarare-utsatts-for-hot-och-vald\/\" \/>\n<meta property=\"og:locale\" content=\"sv_SE\" \/>\n<meta property=\"og:type\" content=\"article\" \/>\n<meta property=\"og:title\" content=\"Allt fler grundskoll\u00e4rare uts\u00e4tts f\u00f6r hot och v\u00e5ld - Framtidens Karri\u00e4r \u2013 Grundskolel\u00e4rare\" \/>\n<meta property=\"og:description\" content=\"62 procent av grundskoll\u00e4rarna har utsatts f\u00f6r hot och v\u00e5ld i sin yrkesut\u00f6vning. Det framg\u00e5r...\" \/>\n<meta property=\"og:url\" content=\"https:\/\/lararkarriar.se\/grundskola\/2018\/02\/15\/allt-fler-grundskollarare-utsatts-for-hot-och-vald\/\" \/>\n<meta property=\"og:site_name\" content=\"Framtidens Karri\u00e4r \u2013 Grundskolel\u00e4rare\" \/>\n<meta property=\"article:published_time\" content=\"2018-02-15T09:03:48+00:00\" \/>\n<meta property=\"og:image\" content=\"https:\/\/lararkarriar.se\/grundskola\/wp-content\/uploads\/sites\/12\/2018\/02\/hot-alla.jpg\" \/>\n\t<meta property=\"og:image:width\" content=\"1000\" \/>\n\t<meta property=\"og:image:height\" content=\"639\" \/>\n\t<meta property=\"og:image:type\" content=\"image\/jpeg\" \/>\n<meta name=\"author\" content=\"stellanstal\" \/>\n<meta name=\"twitter:card\" content=\"summary_large_image\" \/>\n<meta name=\"twitter:label1\" content=\"Skriven av\" \/>\n\t<meta name=\"twitter:data1\" content=\"stellanstal\" \/>\n\t<meta name=\"twitter:label2\" content=\"Ber\u00e4knad l\u00e4stid\" \/>\n\t<meta name=\"twitter:data2\" content=\"3 minuter\" \/>\n<script type=\"application\/ld+json\" class=\"yoast-schema-graph\">{\"@context\":\"https:\\\/\\\/schema.org\",\"@graph\":[{\"@type\":\"Article\",\"@id\":\"https:\\\/\\\/lararkarriar.se\\\/grundskola\\\/2018\\\/02\\\/15\\\/allt-fler-grundskollarare-utsatts-for-hot-och-vald\\\/#article\",\"isPartOf\":{\"@id\":\"https:\\\/\\\/lararkarriar.se\\\/grundskola\\\/2018\\\/02\\\/15\\\/allt-fler-grundskollarare-utsatts-for-hot-och-vald\\\/\"},\"author\":{\"name\":\"stellanstal\",\"@id\":\"https:\\\/\\\/lararkarriar.se\\\/grundskola\\\/#\\\/schema\\\/person\\\/c8a43eb855191e573b73ecf8987a3b99\"},\"headline\":\"Allt fler grundskoll\u00e4rare uts\u00e4tts f\u00f6r hot och v\u00e5ld\",\"datePublished\":\"2018-02-15T09:03:48+00:00\",\"mainEntityOfPage\":{\"@id\":\"https:\\\/\\\/lararkarriar.se\\\/grundskola\\\/2018\\\/02\\\/15\\\/allt-fler-grundskollarare-utsatts-for-hot-och-vald\\\/\"},\"wordCount\":620,\"image\":{\"@id\":\"https:\\\/\\\/lararkarriar.se\\\/grundskola\\\/2018\\\/02\\\/15\\\/allt-fler-grundskollarare-utsatts-for-hot-och-vald\\\/#primaryimage\"},\"thumbnailUrl\":\"https:\\\/\\\/lararkarriar.se\\\/grundskola\\\/wp-content\\\/uploads\\\/sites\\\/12\\\/2018\\\/02\\\/hot-alla.jpg\",\"keywords\":[\"Arbetsmilj\u00f6\",\"Elevh\u00e4lsa\",\"Hot\",\"Hot och v\u00e5ld\",\"L\u00e4rarf\u00f6rbundet\",\"L\u00e4rarnas Riksf\u00f6rbund\",\"Unders\u00f6kning\",\"V\u00e5ld\"],\"articleSection\":[\"Artikel\"],\"inLanguage\":\"sv-SE\"},{\"@type\":\"WebPage\",\"@id\":\"https:\\\/\\\/lararkarriar.se\\\/grundskola\\\/2018\\\/02\\\/15\\\/allt-fler-grundskollarare-utsatts-for-hot-och-vald\\\/\",\"url\":\"https:\\\/\\\/lararkarriar.se\\\/grundskola\\\/2018\\\/02\\\/15\\\/allt-fler-grundskollarare-utsatts-for-hot-och-vald\\\/\",\"name\":\"Allt fler grundskoll\u00e4rare uts\u00e4tts f\u00f6r hot och v\u00e5ld - Framtidens Karri\u00e4r \u2013 Grundskolel\u00e4rare\",\"isPartOf\":{\"@id\":\"https:\\\/\\\/lararkarriar.se\\\/grundskola\\\/#website\"},\"primaryImageOfPage\":{\"@id\":\"https:\\\/\\\/lararkarriar.se\\\/grundskola\\\/2018\\\/02\\\/15\\\/allt-fler-grundskollarare-utsatts-for-hot-och-vald\\\/#primaryimage\"},\"image\":{\"@id\":\"https:\\\/\\\/lararkarriar.se\\\/grundskola\\\/2018\\\/02\\\/15\\\/allt-fler-grundskollarare-utsatts-for-hot-och-vald\\\/#primaryimage\"},\"thumbnailUrl\":\"https:\\\/\\\/lararkarriar.se\\\/grundskola\\\/wp-content\\\/uploads\\\/sites\\\/12\\\/2018\\\/02\\\/hot-alla.jpg\",\"datePublished\":\"2018-02-15T09:03:48+00:00\",\"author\":{\"@id\":\"https:\\\/\\\/lararkarriar.se\\\/grundskola\\\/#\\\/schema\\\/person\\\/c8a43eb855191e573b73ecf8987a3b99\"},\"breadcrumb\":{\"@id\":\"https:\\\/\\\/lararkarriar.se\\\/grundskola\\\/2018\\\/02\\\/15\\\/allt-fler-grundskollarare-utsatts-for-hot-och-vald\\\/#breadcrumb\"},\"inLanguage\":\"sv-SE\",\"potentialAction\":[{\"@type\":\"ReadAction\",\"target\":[\"https:\\\/\\\/lararkarriar.se\\\/grundskola\\\/2018\\\/02\\\/15\\\/allt-fler-grundskollarare-utsatts-for-hot-och-vald\\\/\"]}]},{\"@type\":\"ImageObject\",\"inLanguage\":\"sv-SE\",\"@id\":\"https:\\\/\\\/lararkarriar.se\\\/grundskola\\\/2018\\\/02\\\/15\\\/allt-fler-grundskollarare-utsatts-for-hot-och-vald\\\/#primaryimage\",\"url\":\"https:\\\/\\\/lararkarriar.se\\\/grundskola\\\/wp-content\\\/uploads\\\/sites\\\/12\\\/2018\\\/02\\\/hot-alla.jpg\",\"contentUrl\":\"https:\\\/\\\/lararkarriar.se\\\/grundskola\\\/wp-content\\\/uploads\\\/sites\\\/12\\\/2018\\\/02\\\/hot-alla.jpg\",\"width\":1000,\"height\":639,\"caption\":\"\u00c5sa Fahl\u00e9n, ordf\u00f6rande i L\u00e4rarnas Riksf\u00f6rbund (Foto: Elisabeth Ohlson Wallin) och Johanna Jaara \u00c5strand, ordf\u00f6rande i L\u00e4rarf\u00f6rbundet (Foto: Peter J\u00f6nsson).\"},{\"@type\":\"BreadcrumbList\",\"@id\":\"https:\\\/\\\/lararkarriar.se\\\/grundskola\\\/2018\\\/02\\\/15\\\/allt-fler-grundskollarare-utsatts-for-hot-och-vald\\\/#breadcrumb\",\"itemListElement\":[{\"@type\":\"ListItem\",\"position\":1,\"name\":\"Home\",\"item\":\"https:\\\/\\\/lararkarriar.se\\\/grundskola\\\/\"},{\"@type\":\"ListItem\",\"position\":2,\"name\":\"Allt fler grundskoll\u00e4rare uts\u00e4tts f\u00f6r hot och v\u00e5ld\"}]},{\"@type\":\"WebSite\",\"@id\":\"https:\\\/\\\/lararkarriar.se\\\/grundskola\\\/#website\",\"url\":\"https:\\\/\\\/lararkarriar.se\\\/grundskola\\\/\",\"name\":\"Framtidens Karri\u00e4r \u2013 Grundskolel\u00e4rare\",\"description\":\"Just another NMDashboard.se Sites site\",\"potentialAction\":[{\"@type\":\"SearchAction\",\"target\":{\"@type\":\"EntryPoint\",\"urlTemplate\":\"https:\\\/\\\/lararkarriar.se\\\/grundskola\\\/?s={search_term_string}\"},\"query-input\":{\"@type\":\"PropertyValueSpecification\",\"valueRequired\":true,\"valueName\":\"search_term_string\"}}],\"inLanguage\":\"sv-SE\"},{\"@type\":\"Person\",\"@id\":\"https:\\\/\\\/lararkarriar.se\\\/grundskola\\\/#\\\/schema\\\/person\\\/c8a43eb855191e573b73ecf8987a3b99\",\"name\":\"stellanstal\",\"image\":{\"@type\":\"ImageObject\",\"inLanguage\":\"sv-SE\",\"@id\":\"https:\\\/\\\/secure.gravatar.com\\\/avatar\\\/cd330fa6bb17f598124b2068ee0b189e4fe0987a50af9d53b78410836060d0c9?s=96&d=mm&r=g\",\"url\":\"https:\\\/\\\/secure.gravatar.com\\\/avatar\\\/cd330fa6bb17f598124b2068ee0b189e4fe0987a50af9d53b78410836060d0c9?s=96&d=mm&r=g\",\"contentUrl\":\"https:\\\/\\\/secure.gravatar.com\\\/avatar\\\/cd330fa6bb17f598124b2068ee0b189e4fe0987a50af9d53b78410836060d0c9?s=96&d=mm&r=g\",\"caption\":\"stellanstal\"},\"url\":\"https:\\\/\\\/lararkarriar.se\\\/grundskola\\\/author\\\/stellanstal\\\/\"}]}<\/script>\n<!-- \/ Yoast SEO plugin. -->","yoast_head_json":{"title":"Allt fler grundskoll\u00e4rare uts\u00e4tts f\u00f6r hot och v\u00e5ld - Framtidens Karri\u00e4r \u2013 Grundskolel\u00e4rare","robots":{"index":"index","follow":"follow","max-snippet":"max-snippet:-1","max-image-preview":"max-image-preview:large","max-video-preview":"max-video-preview:-1"},"canonical":"https:\/\/lararkarriar.se\/grundskola\/2018\/02\/15\/allt-fler-grundskollarare-utsatts-for-hot-och-vald\/","og_locale":"sv_SE","og_type":"article","og_title":"Allt fler grundskoll\u00e4rare uts\u00e4tts f\u00f6r hot och v\u00e5ld - Framtidens Karri\u00e4r \u2013 Grundskolel\u00e4rare","og_description":"62 procent av grundskoll\u00e4rarna har utsatts f\u00f6r hot och v\u00e5ld i sin yrkesut\u00f6vning. Det framg\u00e5r...","og_url":"https:\/\/lararkarriar.se\/grundskola\/2018\/02\/15\/allt-fler-grundskollarare-utsatts-for-hot-och-vald\/","og_site_name":"Framtidens Karri\u00e4r \u2013 Grundskolel\u00e4rare","article_published_time":"2018-02-15T09:03:48+00:00","og_image":[{"width":1000,"height":639,"url":"https:\/\/lararkarriar.se\/grundskola\/wp-content\/uploads\/sites\/12\/2018\/02\/hot-alla.jpg","type":"image\/jpeg"}],"author":"stellanstal","twitter_card":"summary_large_image","twitter_misc":{"Skriven av":"stellanstal","Ber\u00e4knad l\u00e4stid":"3 minuter"},"schema":{"@context":"https:\/\/schema.org","@graph":[{"@type":"Article","@id":"https:\/\/lararkarriar.se\/grundskola\/2018\/02\/15\/allt-fler-grundskollarare-utsatts-for-hot-och-vald\/#article","isPartOf":{"@id":"https:\/\/lararkarriar.se\/grundskola\/2018\/02\/15\/allt-fler-grundskollarare-utsatts-for-hot-och-vald\/"},"author":{"name":"stellanstal","@id":"https:\/\/lararkarriar.se\/grundskola\/#\/schema\/person\/c8a43eb855191e573b73ecf8987a3b99"},"headline":"Allt fler grundskoll\u00e4rare uts\u00e4tts f\u00f6r hot och v\u00e5ld","datePublished":"2018-02-15T09:03:48+00:00","mainEntityOfPage":{"@id":"https:\/\/lararkarriar.se\/grundskola\/2018\/02\/15\/allt-fler-grundskollarare-utsatts-for-hot-och-vald\/"},"wordCount":620,"image":{"@id":"https:\/\/lararkarriar.se\/grundskola\/2018\/02\/15\/allt-fler-grundskollarare-utsatts-for-hot-och-vald\/#primaryimage"},"thumbnailUrl":"https:\/\/lararkarriar.se\/grundskola\/wp-content\/uploads\/sites\/12\/2018\/02\/hot-alla.jpg","keywords":["Arbetsmilj\u00f6","Elevh\u00e4lsa","Hot","Hot och v\u00e5ld","L\u00e4rarf\u00f6rbundet","L\u00e4rarnas Riksf\u00f6rbund","Unders\u00f6kning","V\u00e5ld"],"articleSection":["Artikel"],"inLanguage":"sv-SE"},{"@type":"WebPage","@id":"https:\/\/lararkarriar.se\/grundskola\/2018\/02\/15\/allt-fler-grundskollarare-utsatts-for-hot-och-vald\/","url":"https:\/\/lararkarriar.se\/grundskola\/2018\/02\/15\/allt-fler-grundskollarare-utsatts-for-hot-och-vald\/","name":"Allt fler grundskoll\u00e4rare uts\u00e4tts f\u00f6r hot och v\u00e5ld - Framtidens Karri\u00e4r \u2013 Grundskolel\u00e4rare","isPartOf":{"@id":"https:\/\/lararkarriar.se\/grundskola\/#website"},"primaryImageOfPage":{"@id":"https:\/\/lararkarriar.se\/grundskola\/2018\/02\/15\/allt-fler-grundskollarare-utsatts-for-hot-och-vald\/#primaryimage"},"image":{"@id":"https:\/\/lararkarriar.se\/grundskola\/2018\/02\/15\/allt-fler-grundskollarare-utsatts-for-hot-och-vald\/#primaryimage"},"thumbnailUrl":"https:\/\/lararkarriar.se\/grundskola\/wp-content\/uploads\/sites\/12\/2018\/02\/hot-alla.jpg","datePublished":"2018-02-15T09:03:48+00:00","author":{"@id":"https:\/\/lararkarriar.se\/grundskola\/#\/schema\/person\/c8a43eb855191e573b73ecf8987a3b99"},"breadcrumb":{"@id":"https:\/\/lararkarriar.se\/grundskola\/2018\/02\/15\/allt-fler-grundskollarare-utsatts-for-hot-och-vald\/#breadcrumb"},"inLanguage":"sv-SE","potentialAction":[{"@type":"ReadAction","target":["https:\/\/lararkarriar.se\/grundskola\/2018\/02\/15\/allt-fler-grundskollarare-utsatts-for-hot-och-vald\/"]}]},{"@type":"ImageObject","inLanguage":"sv-SE","@id":"https:\/\/lararkarriar.se\/grundskola\/2018\/02\/15\/allt-fler-grundskollarare-utsatts-for-hot-och-vald\/#primaryimage","url":"https:\/\/lararkarriar.se\/grundskola\/wp-content\/uploads\/sites\/12\/2018\/02\/hot-alla.jpg","contentUrl":"https:\/\/lararkarriar.se\/grundskola\/wp-content\/uploads\/sites\/12\/2018\/02\/hot-alla.jpg","width":1000,"height":639,"caption":"\u00c5sa Fahl\u00e9n, ordf\u00f6rande i L\u00e4rarnas Riksf\u00f6rbund (Foto: Elisabeth Ohlson Wallin) och Johanna Jaara \u00c5strand, ordf\u00f6rande i L\u00e4rarf\u00f6rbundet (Foto: Peter J\u00f6nsson)."},{"@type":"BreadcrumbList","@id":"https:\/\/lararkarriar.se\/grundskola\/2018\/02\/15\/allt-fler-grundskollarare-utsatts-for-hot-och-vald\/#breadcrumb","itemListElement":[{"@type":"ListItem","position":1,"name":"Home","item":"https:\/\/lararkarriar.se\/grundskola\/"},{"@type":"ListItem","position":2,"name":"Allt fler grundskoll\u00e4rare uts\u00e4tts f\u00f6r hot och v\u00e5ld"}]},{"@type":"WebSite","@id":"https:\/\/lararkarriar.se\/grundskola\/#website","url":"https:\/\/lararkarriar.se\/grundskola\/","name":"Framtidens Karri\u00e4r \u2013 Grundskolel\u00e4rare","description":"Just another NMDashboard.se Sites site","potentialAction":[{"@type":"SearchAction","target":{"@type":"EntryPoint","urlTemplate":"https:\/\/lararkarriar.se\/grundskola\/?s={search_term_string}"},"query-input":{"@type":"PropertyValueSpecification","valueRequired":true,"valueName":"search_term_string"}}],"inLanguage":"sv-SE"},{"@type":"Person","@id":"https:\/\/lararkarriar.se\/grundskola\/#\/schema\/person\/c8a43eb855191e573b73ecf8987a3b99","name":"stellanstal","image":{"@type":"ImageObject","inLanguage":"sv-SE","@id":"https:\/\/secure.gravatar.com\/avatar\/cd330fa6bb17f598124b2068ee0b189e4fe0987a50af9d53b78410836060d0c9?s=96&d=mm&r=g","url":"https:\/\/secure.gravatar.com\/avatar\/cd330fa6bb17f598124b2068ee0b189e4fe0987a50af9d53b78410836060d0c9?s=96&d=mm&r=g","contentUrl":"https:\/\/secure.gravatar.com\/avatar\/cd330fa6bb17f598124b2068ee0b189e4fe0987a50af9d53b78410836060d0c9?s=96&d=mm&r=g","caption":"stellanstal"},"url":"https:\/\/lararkarriar.se\/grundskola\/author\/stellanstal\/"}]}},"_links":{"self":[{"href":"https:\/\/lararkarriar.se\/grundskola\/wp-json\/wp\/v2\/posts\/6197","targetHints":{"allow":["GET"]}}],"collection":[{"href":"https:\/\/lararkarriar.se\/grundskola\/wp-json\/wp\/v2\/posts"}],"about":[{"href":"https:\/\/lararkarriar.se\/grundskola\/wp-json\/wp\/v2\/types\/post"}],"author":[{"embeddable":true,"href":"https:\/\/lararkarriar.se\/grundskola\/wp-json\/wp\/v2\/users\/3"}],"replies":[{"embeddable":true,"href":"https:\/\/lararkarriar.se\/grundskola\/wp-json\/wp\/v2\/comments?post=6197"}],"version-history":[{"count":0,"href":"https:\/\/lararkarriar.se\/grundskola\/wp-json\/wp\/v2\/posts\/6197\/revisions"}],"wp:featuredmedia":[{"embeddable":true,"href":"https:\/\/lararkarriar.se\/grundskola\/wp-json\/wp\/v2\/media\/6198"}],"wp:attachment":[{"href":"https:\/\/lararkarriar.se\/grundskola\/wp-json\/wp\/v2\/media?parent=6197"}],"wp:term":[{"taxonomy":"category","embeddable":true,"href":"https:\/\/lararkarriar.se\/grundskola\/wp-json\/wp\/v2\/categories?post=6197"},{"taxonomy":"post_tag","embeddable":true,"href":"https:\/\/lararkarriar.se\/grundskola\/wp-json\/wp\/v2\/tags?post=6197"}],"curies":[{"name":"wp","href":"https:\/\/api.w.org\/{rel}","templated":true}]}}