{"id":6230,"date":"2018-02-15T11:35:37","date_gmt":"2018-02-15T09:35:37","guid":{"rendered":"http:\/\/lararkarriar.se\/grundskola\/?p=6230"},"modified":"2018-02-15T11:35:37","modified_gmt":"2018-02-15T09:35:37","slug":"larare-kan-inte-ensamma-ta-ansvar-for-kvaliteten-i-skolan","status":"publish","type":"post","link":"https:\/\/lararkarriar.se\/grundskola\/2018\/02\/15\/larare-kan-inte-ensamma-ta-ansvar-for-kvaliteten-i-skolan\/","title":{"rendered":"L\u00e4rare kan inte ensamma ta ansvar f\u00f6r kvaliteten i skolan"},"content":{"rendered":"<p><figure id=\"attachment_6231\" aria-describedby=\"caption-attachment-6231\" style=\"width: 1000px\" class=\"wp-caption alignnone\"><img loading=\"lazy\" decoding=\"async\" src=\"https:\/\/lararkarriar.se\/grundskola\/wp-content\/uploads\/sites\/12\/2018\/02\/skolverket-scandinav-170802-210.jpg\" alt=\"Peter Fredriksson, generaldirekt\u00f6r, Skolverket. Foto: Skolverket \/ Scandinav Bildbyr\u00e5\" width=\"1000\" height=\"637\" class=\"size-full wp-image-6231\" srcset=\"https:\/\/lararkarriar.se\/grundskola\/wp-content\/uploads\/sites\/12\/2018\/02\/skolverket-scandinav-170802-210.jpg 1000w, https:\/\/lararkarriar.se\/grundskola\/wp-content\/uploads\/sites\/12\/2018\/02\/skolverket-scandinav-170802-210-300x191.jpg 300w, https:\/\/lararkarriar.se\/grundskola\/wp-content\/uploads\/sites\/12\/2018\/02\/skolverket-scandinav-170802-210-768x489.jpg 768w, https:\/\/lararkarriar.se\/grundskola\/wp-content\/uploads\/sites\/12\/2018\/02\/skolverket-scandinav-170802-210-251x160.jpg 251w, https:\/\/lararkarriar.se\/grundskola\/wp-content\/uploads\/sites\/12\/2018\/02\/skolverket-scandinav-170802-210-526x335.jpg 526w, https:\/\/lararkarriar.se\/grundskola\/wp-content\/uploads\/sites\/12\/2018\/02\/skolverket-scandinav-170802-210-720x459.jpg 720w, https:\/\/lararkarriar.se\/grundskola\/wp-content\/uploads\/sites\/12\/2018\/02\/skolverket-scandinav-170802-210-960x612.jpg 960w\" sizes=\"auto, (max-width: 1000px) 100vw, 1000px\" \/><figcaption id=\"caption-attachment-6231\" class=\"wp-caption-text\">Peter Fredriksson, generaldirekt\u00f6r, Skolverket. Foto: Skolverket \/ Scandinav Bildbyr\u00e5<\/figcaption><\/figure><strong>\u2013 Bristande likv\u00e4rdighet, att elever m\u00f6ter skiftande kvalitet i undervisningen, att gapet mellan olika elevgrupper \u00f6kar, sett till resultaten samt l\u00e4rarbristen tillh\u00f6r grundskolans allra viktigaste utmaningar s\u00e4ger Peter Fredriksson, general\u00addirekt\u00f6r, Skolverket.<\/strong><\/p>\n<p>Likv\u00e4rdighet handlar om alla elevers r\u00e4tt att n\u00e5 m\u00e5len, att all undervisning ska h\u00e5lla samma h\u00f6ga kvalitet och att elever ska f\u00e5 relevant st\u00f6d utifr\u00e5n behov och f\u00f6ruts\u00e4ttningar. H\u00e4r ser Peter Fredriksson n\u00e5gra saker som extra viktiga.<br \/>\n\u2013 Undervisning ska vila p\u00e5 forskning och bepr\u00f6vad erfarenhet. D\u00e5 kr\u00e4vs att l\u00e4rare f\u00e5r m\u00f6jlighet att i ett kollegialt l\u00e4rande f\u00f6renas i det som \u00e4r framg\u00e5ngsfaktorer f\u00f6r en undervisning med h\u00f6g kvalitet. Man m\u00e5ste ocks\u00e5 ha en bra och t\u00e4t uppf\u00f6ljning av elevers l\u00e4rande och utifr\u00e5n det ha kompetenser och resurser att rikta st\u00f6d. L\u00e4rare kan inte ensamma ta ansvar. Huvudmannen och rektorer m\u00e5ste g\u00f6ra sitt och organisera och f\u00f6rdela resurser r\u00e4tt. <\/p>\n<p><strong>\u00d6kad segregation<\/strong><br \/>\nSkolsegregationen har \u00f6kat under senare \u00e5r. Peter Fredriksson menar att det fr\u00e4mst \u00e4r en effekt av \u00f6kad social segregation d\u00e4r m\u00e4nniskor klustras utifr\u00e5n socioekonomiska och kulturella faktorer.<br \/>\n\u2013 Sedan f\u00f6rst\u00e4rks den till vissa delar av det fria skolvalet. Men vi beh\u00f6ver inte kapitulera f\u00f6r segregation och dess effekter. Man kan organisera och bygga en skolstruktur utifr\u00e5n ett tydligare integrationsperspektiv. En skola kan till exempel ha en profil eller inriktning som g\u00f6r att elever med olika bakgrunder m\u00f6ts. Viktigt \u00e4r ocks\u00e5 att g\u00f6ra sitt yttersta f\u00f6r att skolor i mer utsatta omr\u00e5den har en s\u00e5dan kvalitet att de mer resursstarka eleverna stannar kvar. <\/p>\n<p><strong>Digital kompetens<\/strong><br \/>\nDigital kompetens st\u00e5r h\u00f6gt upp p\u00e5 skolans och hela samh\u00e4llets agenda. Enligt Peter Fredriksson handlar det i grunden om att f\u00f6rst\u00e5 hur den digitala utvecklingen p\u00e5verkar samh\u00e4llet och m\u00e4nniskor, att ha tillg\u00e5ng till och veta hur olika digitala hj\u00e4lpmedel kan anv\u00e4ndas, att kritiskt kunna granska information och olika medier och att l\u00f6sa problem och oms\u00e4tta id\u00e9er p\u00e5 ett kreativt s\u00e4tt med hj\u00e4lp av digitala verktyg.<br \/>\n\u2013 Att detta \u00e4r viktigt f\u00f6rst\u00e5r alla som insett att internet inte \u00e4r en fluga, som k\u00e4nner till begreppet fake news, som har banken i telefonen och som ser fram emot att sitta i baks\u00e4tet och l\u00e4sa n\u00e4r bilen k\u00f6r sig sj\u00e4lv. Och alla som inte f\u00f6rst\u00e5tt detta kan f\u00e5 hj\u00e4lp av barn i f\u00f6rskolan och elever i skolan. De har koll!<\/p>\n<p><strong><em>Vad anser du b\u00f6r g\u00f6ras f\u00f6r att l\u00e4raryrket ska bli mer attraktivt?<\/em><\/strong><br \/>\n\u2013 Skolans kvalitet st\u00e5r och faller med kompetenta l\u00e4rare. Fortsatta satsningar p\u00e5 att f\u00e5 upp l\u00f6nerna beh\u00f6vs, men det r\u00e4cker inte. Arbetsmilj\u00f6n och f\u00f6ruts\u00e4ttningarna att g\u00f6ra ett jobb med kvalitet beh\u00f6ver st\u00e4rkas, vilket st\u00e4ller krav p\u00e5 en rektor som kan leda, strukturera och organisera. Vi beh\u00f6ver ocks\u00e5 p\u00e5minna om att de allra flesta skolor i Sverige \u00e4r bra och att de allra flesta l\u00e4rare trivs och tycker om sitt jobb. Vi ska sluta m\u00e5la bilden av svensk skola med den d\u00e4r breda penseln doppad i svart f\u00e4rg. Den bilden lockar ingen att bli l\u00e4rare. Det finns all anledning att nyansera bilden, att ta fram b\u00e5de den gula, r\u00f6da och gr\u00f6na f\u00e4rgburken. Problem finns, dem ska vi ta p\u00e5 allvar och g\u00f6ra n\u00e5got \u00e5t. Det kan vi g\u00f6ra och samtidigt s\u00e4ga att l\u00e4raryrket \u00e4r fantastiskt.<\/p>\n<p><strong><em>Hur ser morgondagens grundskola ut, om allt g\u00e5r som du vill och hoppas p\u00e5? <\/em><\/strong><br \/>\n\u2013 I morgondagens skola har vi l\u00e4rare som ratat b\u00e5de l\u00e4kar-, ekonom- och juristutbildningar f\u00f6r att f\u00e5 arbeta i skolan. Vi har elever som f\u00e5r allt det st\u00f6d de beh\u00f6ver, men som ocks\u00e5 har f\u00f6rst\u00e5tt att det kr\u00e4vs anstr\u00e4ngning och tr\u00e4ning f\u00f6r att n\u00e5 framg\u00e5ng i skolarbetet. Vi har f\u00f6r\u00e4ldrar som visar den st\u00f6rsta respekt f\u00f6r rektors och l\u00e4rares kompetens. Vi har politiker som sl\u00e5ss om vems f\u00f6rtj\u00e4nst det \u00e4r att skolan blivit s\u00e5 bra men som i \u00f6vrigt fredar l\u00e4rare och rektorer fr\u00e5n nya reformer. Vi har slagit v\u00e4rlden med h\u00e4pnad och toppar nu alla Pisa-unders\u00f6kningar. S\u00e5 kan det bli, om vi alla tar ansvar f\u00f6r att g\u00f6ra det vi kan g\u00f6ra. Och jag skojar inte, fastsl\u00e5r Peter Fredriksson.<\/p>\n","protected":false},"excerpt":{"rendered":"<p>\u2013 Bristande likv\u00e4rdighet, att elever m\u00f6ter skiftande kvalitet i undervisningen, att gapet mellan olika elevgrupper&#8230;<\/p>\n","protected":false},"author":3,"featured_media":6231,"comment_status":"closed","ping_status":"open","sticky":false,"template":"","format":"standard","meta":{"_acf_changed":false,"_monsterinsights_skip_tracking":false,"_monsterinsights_sitenote_active":false,"_monsterinsights_sitenote_note":"","_monsterinsights_sitenote_category":0,"footnotes":""},"categories":[1],"tags":[19,62,221,254,343],"class_list":["post-6230","post","type-post","status-publish","format-standard","has-post-thumbnail","hentry","category-artikel","tag-arbetsgivares-attraktivitet","tag-digital-kompetens","tag-likvardighet","tag-morgondagens-grundskola","tag-skolverket"],"acf":[],"yoast_head":"<!-- This site is optimized with the Yoast SEO plugin v27.3 - https:\/\/yoast.com\/product\/yoast-seo-wordpress\/ -->\n<title>L\u00e4rare kan inte ensamma ta ansvar f\u00f6r kvaliteten i skolan - Framtidens Karri\u00e4r \u2013 Grundskolel\u00e4rare<\/title>\n<meta name=\"robots\" content=\"index, follow, max-snippet:-1, max-image-preview:large, max-video-preview:-1\" \/>\n<link rel=\"canonical\" href=\"https:\/\/lararkarriar.se\/grundskola\/2018\/02\/15\/larare-kan-inte-ensamma-ta-ansvar-for-kvaliteten-i-skolan\/\" \/>\n<meta property=\"og:locale\" content=\"sv_SE\" \/>\n<meta property=\"og:type\" content=\"article\" \/>\n<meta property=\"og:title\" content=\"L\u00e4rare kan inte ensamma ta ansvar f\u00f6r kvaliteten i skolan - Framtidens Karri\u00e4r \u2013 Grundskolel\u00e4rare\" \/>\n<meta property=\"og:description\" content=\"\u2013 Bristande likv\u00e4rdighet, att elever m\u00f6ter skiftande kvalitet i undervisningen, att gapet mellan olika elevgrupper...\" \/>\n<meta property=\"og:url\" content=\"https:\/\/lararkarriar.se\/grundskola\/2018\/02\/15\/larare-kan-inte-ensamma-ta-ansvar-for-kvaliteten-i-skolan\/\" \/>\n<meta property=\"og:site_name\" content=\"Framtidens Karri\u00e4r \u2013 Grundskolel\u00e4rare\" \/>\n<meta property=\"article:published_time\" content=\"2018-02-15T09:35:37+00:00\" \/>\n<meta property=\"og:image\" content=\"https:\/\/lararkarriar.se\/grundskola\/wp-content\/uploads\/sites\/12\/2018\/02\/skolverket-scandinav-170802-210.jpg\" \/>\n\t<meta property=\"og:image:width\" content=\"1000\" \/>\n\t<meta property=\"og:image:height\" content=\"637\" \/>\n\t<meta property=\"og:image:type\" content=\"image\/jpeg\" \/>\n<meta name=\"author\" content=\"stellanstal\" \/>\n<meta name=\"twitter:card\" content=\"summary_large_image\" \/>\n<meta name=\"twitter:label1\" content=\"Skriven av\" \/>\n\t<meta name=\"twitter:data1\" content=\"stellanstal\" \/>\n\t<meta name=\"twitter:label2\" content=\"Ber\u00e4knad l\u00e4stid\" \/>\n\t<meta name=\"twitter:data2\" content=\"4 minuter\" \/>\n<script type=\"application\/ld+json\" class=\"yoast-schema-graph\">{\"@context\":\"https:\\\/\\\/schema.org\",\"@graph\":[{\"@type\":\"Article\",\"@id\":\"https:\\\/\\\/lararkarriar.se\\\/grundskola\\\/2018\\\/02\\\/15\\\/larare-kan-inte-ensamma-ta-ansvar-for-kvaliteten-i-skolan\\\/#article\",\"isPartOf\":{\"@id\":\"https:\\\/\\\/lararkarriar.se\\\/grundskola\\\/2018\\\/02\\\/15\\\/larare-kan-inte-ensamma-ta-ansvar-for-kvaliteten-i-skolan\\\/\"},\"author\":{\"name\":\"stellanstal\",\"@id\":\"https:\\\/\\\/lararkarriar.se\\\/grundskola\\\/#\\\/schema\\\/person\\\/c8a43eb855191e573b73ecf8987a3b99\"},\"headline\":\"L\u00e4rare kan inte ensamma ta ansvar f\u00f6r kvaliteten i skolan\",\"datePublished\":\"2018-02-15T09:35:37+00:00\",\"mainEntityOfPage\":{\"@id\":\"https:\\\/\\\/lararkarriar.se\\\/grundskola\\\/2018\\\/02\\\/15\\\/larare-kan-inte-ensamma-ta-ansvar-for-kvaliteten-i-skolan\\\/\"},\"wordCount\":820,\"image\":{\"@id\":\"https:\\\/\\\/lararkarriar.se\\\/grundskola\\\/2018\\\/02\\\/15\\\/larare-kan-inte-ensamma-ta-ansvar-for-kvaliteten-i-skolan\\\/#primaryimage\"},\"thumbnailUrl\":\"https:\\\/\\\/lararkarriar.se\\\/grundskola\\\/wp-content\\\/uploads\\\/sites\\\/12\\\/2018\\\/02\\\/skolverket-scandinav-170802-210.jpg\",\"keywords\":[\"Arbetsgivares attraktivitet\",\"Digital kompetens\",\"Likv\u00e4rdighet\",\"Morgondagens grundskola\",\"Skolverket\"],\"articleSection\":[\"Artikel\"],\"inLanguage\":\"sv-SE\"},{\"@type\":\"WebPage\",\"@id\":\"https:\\\/\\\/lararkarriar.se\\\/grundskola\\\/2018\\\/02\\\/15\\\/larare-kan-inte-ensamma-ta-ansvar-for-kvaliteten-i-skolan\\\/\",\"url\":\"https:\\\/\\\/lararkarriar.se\\\/grundskola\\\/2018\\\/02\\\/15\\\/larare-kan-inte-ensamma-ta-ansvar-for-kvaliteten-i-skolan\\\/\",\"name\":\"L\u00e4rare kan inte ensamma ta ansvar f\u00f6r kvaliteten i skolan - Framtidens Karri\u00e4r \u2013 Grundskolel\u00e4rare\",\"isPartOf\":{\"@id\":\"https:\\\/\\\/lararkarriar.se\\\/grundskola\\\/#website\"},\"primaryImageOfPage\":{\"@id\":\"https:\\\/\\\/lararkarriar.se\\\/grundskola\\\/2018\\\/02\\\/15\\\/larare-kan-inte-ensamma-ta-ansvar-for-kvaliteten-i-skolan\\\/#primaryimage\"},\"image\":{\"@id\":\"https:\\\/\\\/lararkarriar.se\\\/grundskola\\\/2018\\\/02\\\/15\\\/larare-kan-inte-ensamma-ta-ansvar-for-kvaliteten-i-skolan\\\/#primaryimage\"},\"thumbnailUrl\":\"https:\\\/\\\/lararkarriar.se\\\/grundskola\\\/wp-content\\\/uploads\\\/sites\\\/12\\\/2018\\\/02\\\/skolverket-scandinav-170802-210.jpg\",\"datePublished\":\"2018-02-15T09:35:37+00:00\",\"author\":{\"@id\":\"https:\\\/\\\/lararkarriar.se\\\/grundskola\\\/#\\\/schema\\\/person\\\/c8a43eb855191e573b73ecf8987a3b99\"},\"breadcrumb\":{\"@id\":\"https:\\\/\\\/lararkarriar.se\\\/grundskola\\\/2018\\\/02\\\/15\\\/larare-kan-inte-ensamma-ta-ansvar-for-kvaliteten-i-skolan\\\/#breadcrumb\"},\"inLanguage\":\"sv-SE\",\"potentialAction\":[{\"@type\":\"ReadAction\",\"target\":[\"https:\\\/\\\/lararkarriar.se\\\/grundskola\\\/2018\\\/02\\\/15\\\/larare-kan-inte-ensamma-ta-ansvar-for-kvaliteten-i-skolan\\\/\"]}]},{\"@type\":\"ImageObject\",\"inLanguage\":\"sv-SE\",\"@id\":\"https:\\\/\\\/lararkarriar.se\\\/grundskola\\\/2018\\\/02\\\/15\\\/larare-kan-inte-ensamma-ta-ansvar-for-kvaliteten-i-skolan\\\/#primaryimage\",\"url\":\"https:\\\/\\\/lararkarriar.se\\\/grundskola\\\/wp-content\\\/uploads\\\/sites\\\/12\\\/2018\\\/02\\\/skolverket-scandinav-170802-210.jpg\",\"contentUrl\":\"https:\\\/\\\/lararkarriar.se\\\/grundskola\\\/wp-content\\\/uploads\\\/sites\\\/12\\\/2018\\\/02\\\/skolverket-scandinav-170802-210.jpg\",\"width\":1000,\"height\":637,\"caption\":\"Peter Fredriksson, generaldirekt\u00f6r, Skolverket. Foto: Skolverket \\\/ Scandinav Bildbyr\u00e5\"},{\"@type\":\"BreadcrumbList\",\"@id\":\"https:\\\/\\\/lararkarriar.se\\\/grundskola\\\/2018\\\/02\\\/15\\\/larare-kan-inte-ensamma-ta-ansvar-for-kvaliteten-i-skolan\\\/#breadcrumb\",\"itemListElement\":[{\"@type\":\"ListItem\",\"position\":1,\"name\":\"Home\",\"item\":\"https:\\\/\\\/lararkarriar.se\\\/grundskola\\\/\"},{\"@type\":\"ListItem\",\"position\":2,\"name\":\"L\u00e4rare kan inte ensamma ta ansvar f\u00f6r kvaliteten i skolan\"}]},{\"@type\":\"WebSite\",\"@id\":\"https:\\\/\\\/lararkarriar.se\\\/grundskola\\\/#website\",\"url\":\"https:\\\/\\\/lararkarriar.se\\\/grundskola\\\/\",\"name\":\"Framtidens Karri\u00e4r \u2013 Grundskolel\u00e4rare\",\"description\":\"Just another NMDashboard.se Sites site\",\"potentialAction\":[{\"@type\":\"SearchAction\",\"target\":{\"@type\":\"EntryPoint\",\"urlTemplate\":\"https:\\\/\\\/lararkarriar.se\\\/grundskola\\\/?s={search_term_string}\"},\"query-input\":{\"@type\":\"PropertyValueSpecification\",\"valueRequired\":true,\"valueName\":\"search_term_string\"}}],\"inLanguage\":\"sv-SE\"},{\"@type\":\"Person\",\"@id\":\"https:\\\/\\\/lararkarriar.se\\\/grundskola\\\/#\\\/schema\\\/person\\\/c8a43eb855191e573b73ecf8987a3b99\",\"name\":\"stellanstal\",\"image\":{\"@type\":\"ImageObject\",\"inLanguage\":\"sv-SE\",\"@id\":\"https:\\\/\\\/secure.gravatar.com\\\/avatar\\\/cd330fa6bb17f598124b2068ee0b189e4fe0987a50af9d53b78410836060d0c9?s=96&d=mm&r=g\",\"url\":\"https:\\\/\\\/secure.gravatar.com\\\/avatar\\\/cd330fa6bb17f598124b2068ee0b189e4fe0987a50af9d53b78410836060d0c9?s=96&d=mm&r=g\",\"contentUrl\":\"https:\\\/\\\/secure.gravatar.com\\\/avatar\\\/cd330fa6bb17f598124b2068ee0b189e4fe0987a50af9d53b78410836060d0c9?s=96&d=mm&r=g\",\"caption\":\"stellanstal\"},\"url\":\"https:\\\/\\\/lararkarriar.se\\\/grundskola\\\/author\\\/stellanstal\\\/\"}]}<\/script>\n<!-- \/ Yoast SEO plugin. -->","yoast_head_json":{"title":"L\u00e4rare kan inte ensamma ta ansvar f\u00f6r kvaliteten i skolan - Framtidens Karri\u00e4r \u2013 Grundskolel\u00e4rare","robots":{"index":"index","follow":"follow","max-snippet":"max-snippet:-1","max-image-preview":"max-image-preview:large","max-video-preview":"max-video-preview:-1"},"canonical":"https:\/\/lararkarriar.se\/grundskola\/2018\/02\/15\/larare-kan-inte-ensamma-ta-ansvar-for-kvaliteten-i-skolan\/","og_locale":"sv_SE","og_type":"article","og_title":"L\u00e4rare kan inte ensamma ta ansvar f\u00f6r kvaliteten i skolan - Framtidens Karri\u00e4r \u2013 Grundskolel\u00e4rare","og_description":"\u2013 Bristande likv\u00e4rdighet, att elever m\u00f6ter skiftande kvalitet i undervisningen, att gapet mellan olika elevgrupper...","og_url":"https:\/\/lararkarriar.se\/grundskola\/2018\/02\/15\/larare-kan-inte-ensamma-ta-ansvar-for-kvaliteten-i-skolan\/","og_site_name":"Framtidens Karri\u00e4r \u2013 Grundskolel\u00e4rare","article_published_time":"2018-02-15T09:35:37+00:00","og_image":[{"width":1000,"height":637,"url":"https:\/\/lararkarriar.se\/grundskola\/wp-content\/uploads\/sites\/12\/2018\/02\/skolverket-scandinav-170802-210.jpg","type":"image\/jpeg"}],"author":"stellanstal","twitter_card":"summary_large_image","twitter_misc":{"Skriven av":"stellanstal","Ber\u00e4knad l\u00e4stid":"4 minuter"},"schema":{"@context":"https:\/\/schema.org","@graph":[{"@type":"Article","@id":"https:\/\/lararkarriar.se\/grundskola\/2018\/02\/15\/larare-kan-inte-ensamma-ta-ansvar-for-kvaliteten-i-skolan\/#article","isPartOf":{"@id":"https:\/\/lararkarriar.se\/grundskola\/2018\/02\/15\/larare-kan-inte-ensamma-ta-ansvar-for-kvaliteten-i-skolan\/"},"author":{"name":"stellanstal","@id":"https:\/\/lararkarriar.se\/grundskola\/#\/schema\/person\/c8a43eb855191e573b73ecf8987a3b99"},"headline":"L\u00e4rare kan inte ensamma ta ansvar f\u00f6r kvaliteten i skolan","datePublished":"2018-02-15T09:35:37+00:00","mainEntityOfPage":{"@id":"https:\/\/lararkarriar.se\/grundskola\/2018\/02\/15\/larare-kan-inte-ensamma-ta-ansvar-for-kvaliteten-i-skolan\/"},"wordCount":820,"image":{"@id":"https:\/\/lararkarriar.se\/grundskola\/2018\/02\/15\/larare-kan-inte-ensamma-ta-ansvar-for-kvaliteten-i-skolan\/#primaryimage"},"thumbnailUrl":"https:\/\/lararkarriar.se\/grundskola\/wp-content\/uploads\/sites\/12\/2018\/02\/skolverket-scandinav-170802-210.jpg","keywords":["Arbetsgivares attraktivitet","Digital kompetens","Likv\u00e4rdighet","Morgondagens grundskola","Skolverket"],"articleSection":["Artikel"],"inLanguage":"sv-SE"},{"@type":"WebPage","@id":"https:\/\/lararkarriar.se\/grundskola\/2018\/02\/15\/larare-kan-inte-ensamma-ta-ansvar-for-kvaliteten-i-skolan\/","url":"https:\/\/lararkarriar.se\/grundskola\/2018\/02\/15\/larare-kan-inte-ensamma-ta-ansvar-for-kvaliteten-i-skolan\/","name":"L\u00e4rare kan inte ensamma ta ansvar f\u00f6r kvaliteten i skolan - Framtidens Karri\u00e4r \u2013 Grundskolel\u00e4rare","isPartOf":{"@id":"https:\/\/lararkarriar.se\/grundskola\/#website"},"primaryImageOfPage":{"@id":"https:\/\/lararkarriar.se\/grundskola\/2018\/02\/15\/larare-kan-inte-ensamma-ta-ansvar-for-kvaliteten-i-skolan\/#primaryimage"},"image":{"@id":"https:\/\/lararkarriar.se\/grundskola\/2018\/02\/15\/larare-kan-inte-ensamma-ta-ansvar-for-kvaliteten-i-skolan\/#primaryimage"},"thumbnailUrl":"https:\/\/lararkarriar.se\/grundskola\/wp-content\/uploads\/sites\/12\/2018\/02\/skolverket-scandinav-170802-210.jpg","datePublished":"2018-02-15T09:35:37+00:00","author":{"@id":"https:\/\/lararkarriar.se\/grundskola\/#\/schema\/person\/c8a43eb855191e573b73ecf8987a3b99"},"breadcrumb":{"@id":"https:\/\/lararkarriar.se\/grundskola\/2018\/02\/15\/larare-kan-inte-ensamma-ta-ansvar-for-kvaliteten-i-skolan\/#breadcrumb"},"inLanguage":"sv-SE","potentialAction":[{"@type":"ReadAction","target":["https:\/\/lararkarriar.se\/grundskola\/2018\/02\/15\/larare-kan-inte-ensamma-ta-ansvar-for-kvaliteten-i-skolan\/"]}]},{"@type":"ImageObject","inLanguage":"sv-SE","@id":"https:\/\/lararkarriar.se\/grundskola\/2018\/02\/15\/larare-kan-inte-ensamma-ta-ansvar-for-kvaliteten-i-skolan\/#primaryimage","url":"https:\/\/lararkarriar.se\/grundskola\/wp-content\/uploads\/sites\/12\/2018\/02\/skolverket-scandinav-170802-210.jpg","contentUrl":"https:\/\/lararkarriar.se\/grundskola\/wp-content\/uploads\/sites\/12\/2018\/02\/skolverket-scandinav-170802-210.jpg","width":1000,"height":637,"caption":"Peter Fredriksson, generaldirekt\u00f6r, Skolverket. Foto: Skolverket \/ Scandinav Bildbyr\u00e5"},{"@type":"BreadcrumbList","@id":"https:\/\/lararkarriar.se\/grundskola\/2018\/02\/15\/larare-kan-inte-ensamma-ta-ansvar-for-kvaliteten-i-skolan\/#breadcrumb","itemListElement":[{"@type":"ListItem","position":1,"name":"Home","item":"https:\/\/lararkarriar.se\/grundskola\/"},{"@type":"ListItem","position":2,"name":"L\u00e4rare kan inte ensamma ta ansvar f\u00f6r kvaliteten i skolan"}]},{"@type":"WebSite","@id":"https:\/\/lararkarriar.se\/grundskola\/#website","url":"https:\/\/lararkarriar.se\/grundskola\/","name":"Framtidens Karri\u00e4r \u2013 Grundskolel\u00e4rare","description":"Just another NMDashboard.se Sites site","potentialAction":[{"@type":"SearchAction","target":{"@type":"EntryPoint","urlTemplate":"https:\/\/lararkarriar.se\/grundskola\/?s={search_term_string}"},"query-input":{"@type":"PropertyValueSpecification","valueRequired":true,"valueName":"search_term_string"}}],"inLanguage":"sv-SE"},{"@type":"Person","@id":"https:\/\/lararkarriar.se\/grundskola\/#\/schema\/person\/c8a43eb855191e573b73ecf8987a3b99","name":"stellanstal","image":{"@type":"ImageObject","inLanguage":"sv-SE","@id":"https:\/\/secure.gravatar.com\/avatar\/cd330fa6bb17f598124b2068ee0b189e4fe0987a50af9d53b78410836060d0c9?s=96&d=mm&r=g","url":"https:\/\/secure.gravatar.com\/avatar\/cd330fa6bb17f598124b2068ee0b189e4fe0987a50af9d53b78410836060d0c9?s=96&d=mm&r=g","contentUrl":"https:\/\/secure.gravatar.com\/avatar\/cd330fa6bb17f598124b2068ee0b189e4fe0987a50af9d53b78410836060d0c9?s=96&d=mm&r=g","caption":"stellanstal"},"url":"https:\/\/lararkarriar.se\/grundskola\/author\/stellanstal\/"}]}},"_links":{"self":[{"href":"https:\/\/lararkarriar.se\/grundskola\/wp-json\/wp\/v2\/posts\/6230","targetHints":{"allow":["GET"]}}],"collection":[{"href":"https:\/\/lararkarriar.se\/grundskola\/wp-json\/wp\/v2\/posts"}],"about":[{"href":"https:\/\/lararkarriar.se\/grundskola\/wp-json\/wp\/v2\/types\/post"}],"author":[{"embeddable":true,"href":"https:\/\/lararkarriar.se\/grundskola\/wp-json\/wp\/v2\/users\/3"}],"replies":[{"embeddable":true,"href":"https:\/\/lararkarriar.se\/grundskola\/wp-json\/wp\/v2\/comments?post=6230"}],"version-history":[{"count":0,"href":"https:\/\/lararkarriar.se\/grundskola\/wp-json\/wp\/v2\/posts\/6230\/revisions"}],"wp:featuredmedia":[{"embeddable":true,"href":"https:\/\/lararkarriar.se\/grundskola\/wp-json\/wp\/v2\/media\/6231"}],"wp:attachment":[{"href":"https:\/\/lararkarriar.se\/grundskola\/wp-json\/wp\/v2\/media?parent=6230"}],"wp:term":[{"taxonomy":"category","embeddable":true,"href":"https:\/\/lararkarriar.se\/grundskola\/wp-json\/wp\/v2\/categories?post=6230"},{"taxonomy":"post_tag","embeddable":true,"href":"https:\/\/lararkarriar.se\/grundskola\/wp-json\/wp\/v2\/tags?post=6230"}],"curies":[{"name":"wp","href":"https:\/\/api.w.org\/{rel}","templated":true}]}}