{"id":6260,"date":"2018-02-15T11:34:21","date_gmt":"2018-02-15T09:34:21","guid":{"rendered":"http:\/\/lararkarriar.se\/grundskola\/?p=6260"},"modified":"2018-02-15T11:34:21","modified_gmt":"2018-02-15T09:34:21","slug":"nyexaminerade-larare-till-traineeprogram","status":"publish","type":"post","link":"https:\/\/lararkarriar.se\/grundskola\/2018\/02\/15\/nyexaminerade-larare-till-traineeprogram\/","title":{"rendered":"Nyexaminerade l\u00e4rare till traineeprogram"},"content":{"rendered":"<figure id=\"attachment_6261\" aria-describedby=\"caption-attachment-6261\" style=\"width: 132px\" class=\"wp-caption alignright\"><img loading=\"lazy\" decoding=\"async\" class=\" wp-image-6261\" src=\"https:\/\/lararkarriar.se\/grundskola\/wp-content\/uploads\/sites\/12\/2018\/03\/taby-signe-besk.jpg\" alt=\"Traineeprogrammet T\u00e4by Friskola\" width=\"132\" height=\"151\" \/><figcaption id=\"caption-attachment-6261\" class=\"wp-caption-text\">Signe Jonsson, Trainee 2017-2018<\/figcaption><\/figure>\n<p><strong>T\u00e4by Friskola s\u00f6ker nyexaminerade l\u00e4rare med starkt engagemang och h\u00f6ga ambitioner till n\u00e4sta \u00e5rs traineeprogram.<\/strong><\/p>\n<p>\u2013 Via traineeprogrammet har jag f\u00e5tt insyn i allt ifr\u00e5n f\u00f6rskoleklass till gymnasiet. En perfekt start p\u00e5 min l\u00e4rarkarri\u00e4r helt enkelt, s\u00e4ger Signe Jonsson som gick traineeprogrammet 2017-2018.<\/p>\n<p><strong>Det h\u00e4r f\u00e5r du:<\/strong><\/p>\n<li>Du f\u00e5r mer tid till att planera dina lektioner<\/li>\n<li>Du f\u00e5r en f\u00f6rstel\u00e4rare som mentor<\/li>\n<li>Du f\u00e5r en ledarskapsutbildning<\/li>\n<li>Du f\u00e5r vara delaktig i att utveckla skolundervisningen<\/li>\n<li>Du f\u00e5r tid till att vara med p\u00e5 kollegors lektioner och l\u00e4ra av v\u00e5ra b\u00e4sta l\u00e4rare<\/li>\n<li>Du spenderar 70 % p\u00e5 undervisning och 30 % p\u00e5 egen utveckling<\/li>\n<div class=\"faktaruta2-title\">S\u00f6k till traineeprogrammet<\/div><div class=\"faktaruta2\">Skicka din ans\u00f6kan till <a href=\"mailto:trainee@tabyfriskola.se\">trainee@tabyfriskola.se<\/a> senast den <strong>31 mars<\/strong>.<br \/>\nMer information finns p\u00e5 <a href=\"http:\/\/tabyfriskola.se\" target=\"_blank\" title=\"Taby annons textlink\" rel=\"noopener noreferrer\">tabyfriskola.se<\/a>.<br \/>\n<\/div>\n","protected":false},"excerpt":{"rendered":"<p>T\u00e4by Friskola s\u00f6ker nyexaminerade l\u00e4rare med starkt engagemang och h\u00f6ga ambitioner till n\u00e4sta \u00e5rs traineeprogram&#8230;.<\/p>\n","protected":false},"author":3,"featured_media":6261,"comment_status":"closed","ping_status":"open","sticky":false,"template":"","format":"standard","meta":{"_acf_changed":false,"_monsterinsights_skip_tracking":false,"_monsterinsights_sitenote_active":false,"_monsterinsights_sitenote_note":"","_monsterinsights_sitenote_category":0,"footnotes":""},"categories":[7],"tags":[121,384,386,397],"class_list":["post-6260","post","type-post","status-publish","format-standard","has-post-thumbnail","hentry","category-presentation","tag-grundskola","tag-taby","tag-taby-kommun","tag-trainee"],"acf":[],"yoast_head":"<!-- This site is optimized with the Yoast SEO plugin v27.3 - https:\/\/yoast.com\/product\/yoast-seo-wordpress\/ -->\n<title>Nyexaminerade l\u00e4rare till traineeprogram - Framtidens Karri\u00e4r \u2013 Grundskolel\u00e4rare<\/title>\n<meta name=\"robots\" content=\"index, follow, max-snippet:-1, max-image-preview:large, max-video-preview:-1\" \/>\n<link rel=\"canonical\" href=\"https:\/\/lararkarriar.se\/grundskola\/2018\/02\/15\/nyexaminerade-larare-till-traineeprogram\/\" \/>\n<meta property=\"og:locale\" content=\"sv_SE\" \/>\n<meta property=\"og:type\" content=\"article\" \/>\n<meta property=\"og:title\" content=\"Nyexaminerade l\u00e4rare till traineeprogram - Framtidens Karri\u00e4r \u2013 Grundskolel\u00e4rare\" \/>\n<meta property=\"og:description\" content=\"T\u00e4by Friskola s\u00f6ker nyexaminerade l\u00e4rare med starkt engagemang och h\u00f6ga ambitioner till n\u00e4sta \u00e5rs traineeprogram....\" \/>\n<meta property=\"og:url\" content=\"https:\/\/lararkarriar.se\/grundskola\/2018\/02\/15\/nyexaminerade-larare-till-traineeprogram\/\" \/>\n<meta property=\"og:site_name\" content=\"Framtidens Karri\u00e4r \u2013 Grundskolel\u00e4rare\" \/>\n<meta property=\"article:published_time\" content=\"2018-02-15T09:34:21+00:00\" \/>\n<meta property=\"og:image\" content=\"https:\/\/lararkarriar.se\/grundskola\/wp-content\/uploads\/sites\/12\/2018\/03\/taby-signe-besk.jpg\" \/>\n\t<meta property=\"og:image:width\" content=\"299\" \/>\n\t<meta property=\"og:image:height\" content=\"387\" \/>\n\t<meta property=\"og:image:type\" content=\"image\/jpeg\" \/>\n<meta name=\"author\" content=\"stellanstal\" \/>\n<meta name=\"twitter:card\" content=\"summary_large_image\" \/>\n<meta name=\"twitter:label1\" content=\"Skriven av\" \/>\n\t<meta name=\"twitter:data1\" content=\"stellanstal\" \/>\n\t<meta name=\"twitter:label2\" content=\"Ber\u00e4knad l\u00e4stid\" \/>\n\t<meta name=\"twitter:data2\" content=\"1 minut\" \/>\n<script type=\"application\/ld+json\" class=\"yoast-schema-graph\">{\"@context\":\"https:\\\/\\\/schema.org\",\"@graph\":[{\"@type\":\"Article\",\"@id\":\"https:\\\/\\\/lararkarriar.se\\\/grundskola\\\/2018\\\/02\\\/15\\\/nyexaminerade-larare-till-traineeprogram\\\/#article\",\"isPartOf\":{\"@id\":\"https:\\\/\\\/lararkarriar.se\\\/grundskola\\\/2018\\\/02\\\/15\\\/nyexaminerade-larare-till-traineeprogram\\\/\"},\"author\":{\"name\":\"stellanstal\",\"@id\":\"https:\\\/\\\/lararkarriar.se\\\/grundskola\\\/#\\\/schema\\\/person\\\/c8a43eb855191e573b73ecf8987a3b99\"},\"headline\":\"Nyexaminerade l\u00e4rare till traineeprogram\",\"datePublished\":\"2018-02-15T09:34:21+00:00\",\"mainEntityOfPage\":{\"@id\":\"https:\\\/\\\/lararkarriar.se\\\/grundskola\\\/2018\\\/02\\\/15\\\/nyexaminerade-larare-till-traineeprogram\\\/\"},\"wordCount\":161,\"image\":{\"@id\":\"https:\\\/\\\/lararkarriar.se\\\/grundskola\\\/2018\\\/02\\\/15\\\/nyexaminerade-larare-till-traineeprogram\\\/#primaryimage\"},\"thumbnailUrl\":\"https:\\\/\\\/lararkarriar.se\\\/grundskola\\\/wp-content\\\/uploads\\\/sites\\\/12\\\/2018\\\/03\\\/taby-signe-besk.jpg\",\"keywords\":[\"Grundskola\",\"T\u00e4by\",\"T\u00e4by kommun\",\"Trainee\"],\"articleSection\":[\"Presentation\"],\"inLanguage\":\"sv-SE\"},{\"@type\":\"WebPage\",\"@id\":\"https:\\\/\\\/lararkarriar.se\\\/grundskola\\\/2018\\\/02\\\/15\\\/nyexaminerade-larare-till-traineeprogram\\\/\",\"url\":\"https:\\\/\\\/lararkarriar.se\\\/grundskola\\\/2018\\\/02\\\/15\\\/nyexaminerade-larare-till-traineeprogram\\\/\",\"name\":\"Nyexaminerade l\u00e4rare till traineeprogram - Framtidens Karri\u00e4r \u2013 Grundskolel\u00e4rare\",\"isPartOf\":{\"@id\":\"https:\\\/\\\/lararkarriar.se\\\/grundskola\\\/#website\"},\"primaryImageOfPage\":{\"@id\":\"https:\\\/\\\/lararkarriar.se\\\/grundskola\\\/2018\\\/02\\\/15\\\/nyexaminerade-larare-till-traineeprogram\\\/#primaryimage\"},\"image\":{\"@id\":\"https:\\\/\\\/lararkarriar.se\\\/grundskola\\\/2018\\\/02\\\/15\\\/nyexaminerade-larare-till-traineeprogram\\\/#primaryimage\"},\"thumbnailUrl\":\"https:\\\/\\\/lararkarriar.se\\\/grundskola\\\/wp-content\\\/uploads\\\/sites\\\/12\\\/2018\\\/03\\\/taby-signe-besk.jpg\",\"datePublished\":\"2018-02-15T09:34:21+00:00\",\"author\":{\"@id\":\"https:\\\/\\\/lararkarriar.se\\\/grundskola\\\/#\\\/schema\\\/person\\\/c8a43eb855191e573b73ecf8987a3b99\"},\"breadcrumb\":{\"@id\":\"https:\\\/\\\/lararkarriar.se\\\/grundskola\\\/2018\\\/02\\\/15\\\/nyexaminerade-larare-till-traineeprogram\\\/#breadcrumb\"},\"inLanguage\":\"sv-SE\",\"potentialAction\":[{\"@type\":\"ReadAction\",\"target\":[\"https:\\\/\\\/lararkarriar.se\\\/grundskola\\\/2018\\\/02\\\/15\\\/nyexaminerade-larare-till-traineeprogram\\\/\"]}]},{\"@type\":\"ImageObject\",\"inLanguage\":\"sv-SE\",\"@id\":\"https:\\\/\\\/lararkarriar.se\\\/grundskola\\\/2018\\\/02\\\/15\\\/nyexaminerade-larare-till-traineeprogram\\\/#primaryimage\",\"url\":\"https:\\\/\\\/lararkarriar.se\\\/grundskola\\\/wp-content\\\/uploads\\\/sites\\\/12\\\/2018\\\/03\\\/taby-signe-besk.jpg\",\"contentUrl\":\"https:\\\/\\\/lararkarriar.se\\\/grundskola\\\/wp-content\\\/uploads\\\/sites\\\/12\\\/2018\\\/03\\\/taby-signe-besk.jpg\",\"width\":299,\"height\":387,\"caption\":\"Signe Jonsson, Trainee 2017-2018\"},{\"@type\":\"BreadcrumbList\",\"@id\":\"https:\\\/\\\/lararkarriar.se\\\/grundskola\\\/2018\\\/02\\\/15\\\/nyexaminerade-larare-till-traineeprogram\\\/#breadcrumb\",\"itemListElement\":[{\"@type\":\"ListItem\",\"position\":1,\"name\":\"Home\",\"item\":\"https:\\\/\\\/lararkarriar.se\\\/grundskola\\\/\"},{\"@type\":\"ListItem\",\"position\":2,\"name\":\"Nyexaminerade l\u00e4rare till traineeprogram\"}]},{\"@type\":\"WebSite\",\"@id\":\"https:\\\/\\\/lararkarriar.se\\\/grundskola\\\/#website\",\"url\":\"https:\\\/\\\/lararkarriar.se\\\/grundskola\\\/\",\"name\":\"Framtidens Karri\u00e4r \u2013 Grundskolel\u00e4rare\",\"description\":\"Just another NMDashboard.se Sites site\",\"potentialAction\":[{\"@type\":\"SearchAction\",\"target\":{\"@type\":\"EntryPoint\",\"urlTemplate\":\"https:\\\/\\\/lararkarriar.se\\\/grundskola\\\/?s={search_term_string}\"},\"query-input\":{\"@type\":\"PropertyValueSpecification\",\"valueRequired\":true,\"valueName\":\"search_term_string\"}}],\"inLanguage\":\"sv-SE\"},{\"@type\":\"Person\",\"@id\":\"https:\\\/\\\/lararkarriar.se\\\/grundskola\\\/#\\\/schema\\\/person\\\/c8a43eb855191e573b73ecf8987a3b99\",\"name\":\"stellanstal\",\"image\":{\"@type\":\"ImageObject\",\"inLanguage\":\"sv-SE\",\"@id\":\"https:\\\/\\\/secure.gravatar.com\\\/avatar\\\/cd330fa6bb17f598124b2068ee0b189e4fe0987a50af9d53b78410836060d0c9?s=96&d=mm&r=g\",\"url\":\"https:\\\/\\\/secure.gravatar.com\\\/avatar\\\/cd330fa6bb17f598124b2068ee0b189e4fe0987a50af9d53b78410836060d0c9?s=96&d=mm&r=g\",\"contentUrl\":\"https:\\\/\\\/secure.gravatar.com\\\/avatar\\\/cd330fa6bb17f598124b2068ee0b189e4fe0987a50af9d53b78410836060d0c9?s=96&d=mm&r=g\",\"caption\":\"stellanstal\"},\"url\":\"https:\\\/\\\/lararkarriar.se\\\/grundskola\\\/author\\\/stellanstal\\\/\"}]}<\/script>\n<!-- \/ Yoast SEO plugin. -->","yoast_head_json":{"title":"Nyexaminerade l\u00e4rare till traineeprogram - Framtidens Karri\u00e4r \u2013 Grundskolel\u00e4rare","robots":{"index":"index","follow":"follow","max-snippet":"max-snippet:-1","max-image-preview":"max-image-preview:large","max-video-preview":"max-video-preview:-1"},"canonical":"https:\/\/lararkarriar.se\/grundskola\/2018\/02\/15\/nyexaminerade-larare-till-traineeprogram\/","og_locale":"sv_SE","og_type":"article","og_title":"Nyexaminerade l\u00e4rare till traineeprogram - Framtidens Karri\u00e4r \u2013 Grundskolel\u00e4rare","og_description":"T\u00e4by Friskola s\u00f6ker nyexaminerade l\u00e4rare med starkt engagemang och h\u00f6ga ambitioner till n\u00e4sta \u00e5rs traineeprogram....","og_url":"https:\/\/lararkarriar.se\/grundskola\/2018\/02\/15\/nyexaminerade-larare-till-traineeprogram\/","og_site_name":"Framtidens Karri\u00e4r \u2013 Grundskolel\u00e4rare","article_published_time":"2018-02-15T09:34:21+00:00","og_image":[{"width":299,"height":387,"url":"https:\/\/lararkarriar.se\/grundskola\/wp-content\/uploads\/sites\/12\/2018\/03\/taby-signe-besk.jpg","type":"image\/jpeg"}],"author":"stellanstal","twitter_card":"summary_large_image","twitter_misc":{"Skriven av":"stellanstal","Ber\u00e4knad l\u00e4stid":"1 minut"},"schema":{"@context":"https:\/\/schema.org","@graph":[{"@type":"Article","@id":"https:\/\/lararkarriar.se\/grundskola\/2018\/02\/15\/nyexaminerade-larare-till-traineeprogram\/#article","isPartOf":{"@id":"https:\/\/lararkarriar.se\/grundskola\/2018\/02\/15\/nyexaminerade-larare-till-traineeprogram\/"},"author":{"name":"stellanstal","@id":"https:\/\/lararkarriar.se\/grundskola\/#\/schema\/person\/c8a43eb855191e573b73ecf8987a3b99"},"headline":"Nyexaminerade l\u00e4rare till traineeprogram","datePublished":"2018-02-15T09:34:21+00:00","mainEntityOfPage":{"@id":"https:\/\/lararkarriar.se\/grundskola\/2018\/02\/15\/nyexaminerade-larare-till-traineeprogram\/"},"wordCount":161,"image":{"@id":"https:\/\/lararkarriar.se\/grundskola\/2018\/02\/15\/nyexaminerade-larare-till-traineeprogram\/#primaryimage"},"thumbnailUrl":"https:\/\/lararkarriar.se\/grundskola\/wp-content\/uploads\/sites\/12\/2018\/03\/taby-signe-besk.jpg","keywords":["Grundskola","T\u00e4by","T\u00e4by kommun","Trainee"],"articleSection":["Presentation"],"inLanguage":"sv-SE"},{"@type":"WebPage","@id":"https:\/\/lararkarriar.se\/grundskola\/2018\/02\/15\/nyexaminerade-larare-till-traineeprogram\/","url":"https:\/\/lararkarriar.se\/grundskola\/2018\/02\/15\/nyexaminerade-larare-till-traineeprogram\/","name":"Nyexaminerade l\u00e4rare till traineeprogram - Framtidens Karri\u00e4r \u2013 Grundskolel\u00e4rare","isPartOf":{"@id":"https:\/\/lararkarriar.se\/grundskola\/#website"},"primaryImageOfPage":{"@id":"https:\/\/lararkarriar.se\/grundskola\/2018\/02\/15\/nyexaminerade-larare-till-traineeprogram\/#primaryimage"},"image":{"@id":"https:\/\/lararkarriar.se\/grundskola\/2018\/02\/15\/nyexaminerade-larare-till-traineeprogram\/#primaryimage"},"thumbnailUrl":"https:\/\/lararkarriar.se\/grundskola\/wp-content\/uploads\/sites\/12\/2018\/03\/taby-signe-besk.jpg","datePublished":"2018-02-15T09:34:21+00:00","author":{"@id":"https:\/\/lararkarriar.se\/grundskola\/#\/schema\/person\/c8a43eb855191e573b73ecf8987a3b99"},"breadcrumb":{"@id":"https:\/\/lararkarriar.se\/grundskola\/2018\/02\/15\/nyexaminerade-larare-till-traineeprogram\/#breadcrumb"},"inLanguage":"sv-SE","potentialAction":[{"@type":"ReadAction","target":["https:\/\/lararkarriar.se\/grundskola\/2018\/02\/15\/nyexaminerade-larare-till-traineeprogram\/"]}]},{"@type":"ImageObject","inLanguage":"sv-SE","@id":"https:\/\/lararkarriar.se\/grundskola\/2018\/02\/15\/nyexaminerade-larare-till-traineeprogram\/#primaryimage","url":"https:\/\/lararkarriar.se\/grundskola\/wp-content\/uploads\/sites\/12\/2018\/03\/taby-signe-besk.jpg","contentUrl":"https:\/\/lararkarriar.se\/grundskola\/wp-content\/uploads\/sites\/12\/2018\/03\/taby-signe-besk.jpg","width":299,"height":387,"caption":"Signe Jonsson, Trainee 2017-2018"},{"@type":"BreadcrumbList","@id":"https:\/\/lararkarriar.se\/grundskola\/2018\/02\/15\/nyexaminerade-larare-till-traineeprogram\/#breadcrumb","itemListElement":[{"@type":"ListItem","position":1,"name":"Home","item":"https:\/\/lararkarriar.se\/grundskola\/"},{"@type":"ListItem","position":2,"name":"Nyexaminerade l\u00e4rare till traineeprogram"}]},{"@type":"WebSite","@id":"https:\/\/lararkarriar.se\/grundskola\/#website","url":"https:\/\/lararkarriar.se\/grundskola\/","name":"Framtidens Karri\u00e4r \u2013 Grundskolel\u00e4rare","description":"Just another NMDashboard.se Sites site","potentialAction":[{"@type":"SearchAction","target":{"@type":"EntryPoint","urlTemplate":"https:\/\/lararkarriar.se\/grundskola\/?s={search_term_string}"},"query-input":{"@type":"PropertyValueSpecification","valueRequired":true,"valueName":"search_term_string"}}],"inLanguage":"sv-SE"},{"@type":"Person","@id":"https:\/\/lararkarriar.se\/grundskola\/#\/schema\/person\/c8a43eb855191e573b73ecf8987a3b99","name":"stellanstal","image":{"@type":"ImageObject","inLanguage":"sv-SE","@id":"https:\/\/secure.gravatar.com\/avatar\/cd330fa6bb17f598124b2068ee0b189e4fe0987a50af9d53b78410836060d0c9?s=96&d=mm&r=g","url":"https:\/\/secure.gravatar.com\/avatar\/cd330fa6bb17f598124b2068ee0b189e4fe0987a50af9d53b78410836060d0c9?s=96&d=mm&r=g","contentUrl":"https:\/\/secure.gravatar.com\/avatar\/cd330fa6bb17f598124b2068ee0b189e4fe0987a50af9d53b78410836060d0c9?s=96&d=mm&r=g","caption":"stellanstal"},"url":"https:\/\/lararkarriar.se\/grundskola\/author\/stellanstal\/"}]}},"_links":{"self":[{"href":"https:\/\/lararkarriar.se\/grundskola\/wp-json\/wp\/v2\/posts\/6260","targetHints":{"allow":["GET"]}}],"collection":[{"href":"https:\/\/lararkarriar.se\/grundskola\/wp-json\/wp\/v2\/posts"}],"about":[{"href":"https:\/\/lararkarriar.se\/grundskola\/wp-json\/wp\/v2\/types\/post"}],"author":[{"embeddable":true,"href":"https:\/\/lararkarriar.se\/grundskola\/wp-json\/wp\/v2\/users\/3"}],"replies":[{"embeddable":true,"href":"https:\/\/lararkarriar.se\/grundskola\/wp-json\/wp\/v2\/comments?post=6260"}],"version-history":[{"count":0,"href":"https:\/\/lararkarriar.se\/grundskola\/wp-json\/wp\/v2\/posts\/6260\/revisions"}],"wp:featuredmedia":[{"embeddable":true,"href":"https:\/\/lararkarriar.se\/grundskola\/wp-json\/wp\/v2\/media\/6261"}],"wp:attachment":[{"href":"https:\/\/lararkarriar.se\/grundskola\/wp-json\/wp\/v2\/media?parent=6260"}],"wp:term":[{"taxonomy":"category","embeddable":true,"href":"https:\/\/lararkarriar.se\/grundskola\/wp-json\/wp\/v2\/categories?post=6260"},{"taxonomy":"post_tag","embeddable":true,"href":"https:\/\/lararkarriar.se\/grundskola\/wp-json\/wp\/v2\/tags?post=6260"}],"curies":[{"name":"wp","href":"https:\/\/api.w.org\/{rel}","templated":true}]}}