{"id":6323,"date":"2019-02-13T11:26:05","date_gmt":"2019-02-13T09:26:05","guid":{"rendered":"http:\/\/lararkarriar.se\/grundskola\/?p=6323"},"modified":"2019-02-13T11:26:05","modified_gmt":"2019-02-13T09:26:05","slug":"tycker-du-ocksa-att-alla-ska-na-malen-med-sin-utbildning","status":"publish","type":"post","link":"https:\/\/lararkarriar.se\/grundskola\/2019\/02\/13\/tycker-du-ocksa-att-alla-ska-na-malen-med-sin-utbildning\/","title":{"rendered":"Tycker du ocks\u00e5 att alla ska n\u00e5 m\u00e5len med sin utbildning?"},"content":{"rendered":"<p><img loading=\"lazy\" decoding=\"async\" src=\"https:\/\/lararkarriar.se\/grundskola\/wp-content\/uploads\/sites\/12\/2019\/02\/spsm-bild.jpg\" alt=\"spsm_bild\" width=\"1000\" height=\"554\" class=\"alignnone size-full wp-image-6324\" srcset=\"https:\/\/lararkarriar.se\/grundskola\/wp-content\/uploads\/sites\/12\/2019\/02\/spsm-bild.jpg 1000w, https:\/\/lararkarriar.se\/grundskola\/wp-content\/uploads\/sites\/12\/2019\/02\/spsm-bild-300x166.jpg 300w, https:\/\/lararkarriar.se\/grundskola\/wp-content\/uploads\/sites\/12\/2019\/02\/spsm-bild-768x425.jpg 768w, https:\/\/lararkarriar.se\/grundskola\/wp-content\/uploads\/sites\/12\/2019\/02\/spsm-bild-289x160.jpg 289w, https:\/\/lararkarriar.se\/grundskola\/wp-content\/uploads\/sites\/12\/2019\/02\/spsm-bild-80x45.jpg 80w, https:\/\/lararkarriar.se\/grundskola\/wp-content\/uploads\/sites\/12\/2019\/02\/spsm-bild-526x291.jpg 526w, https:\/\/lararkarriar.se\/grundskola\/wp-content\/uploads\/sites\/12\/2019\/02\/spsm-bild-720x399.jpg 720w, https:\/\/lararkarriar.se\/grundskola\/wp-content\/uploads\/sites\/12\/2019\/02\/spsm-bild-960x532.jpg 960w, https:\/\/lararkarriar.se\/grundskola\/wp-content\/uploads\/sites\/12\/2019\/02\/spsm-bild-672x372.jpg 672w\" sizes=\"auto, (max-width: 1000px) 100vw, 1000px\" \/><\/p>\n<p><strong>Specialpedagogiska skolmyndigheten erbjuder meningsfulla, intressanta och utvecklande arbetsuppgifter i en stimulerande milj\u00f6.<\/strong><\/p>\n<p>Hos oss f\u00e5r du arbeta f\u00f6r allas lika v\u00e4rde i en organisation d\u00e4r delaktighet och engagerade medarbetare v\u00e4rderas h\u00f6gt. V\u00e5ra arbetsplatser \u00e4r tillg\u00e4nglighetsanpassade med bland annat tillg\u00e5ng till h\u00f6rselslingor, tolk och synanpassning. Vi tycker det \u00e4r viktigt att ha medarbetare som m\u00e5r bra och satsar d\u00e4rf\u00f6r mycket p\u00e5 friskv\u00e5rd och kompetensutveckling.<\/p>\n<p>Myndigheten har tolvhundra medarbetare och verksamhet \u00f6ver hela landet. Specialpedagoger, l\u00e4rare, utredare, elevassistenter, rektorer, psykologer och andra experter har samma viktiga uppdrag och m\u00e5l: Vi jobbar f\u00f6r att alla i f\u00f6rskolan, skolan och vuxenutbildning ska f\u00e5 m\u00f6jlighet att utvecklas och n\u00e5 m\u00e5len f\u00f6r sin utbildning \u2013 oavsett funktionsf\u00f6rm\u00e5ga.<\/p>\n<p>Vill du bidra till Sveriges st\u00f6rsta kunskapsbank inom specialpedagogik? <strong><a href=\"https:\/\/www.spsm.se\/ledigajobb\" title=\"SPSM annons jobb ans\u00f6k\" rel=\"noopener noreferrer\" target=\"_blank\">Klicka h\u00e4r f\u00f6r mer information om vad vi erbjuder.<\/a><\/strong><\/p>\n<div class=\"faktaruta-title\">Specialpedagogiska skolmyndigheten<\/div><div class=\"faktaruta\"><\/p>\n<p>Telefon: 010 473 50 00<br \/>\nTexttelefon: 010 473 68 00<br \/>\n<a href=\"https:\/\/www.spsm.se\/\" title=\"SPSM annons jobb textlink\" rel=\"noopener noreferrer\" target=\"_blank\">www.spsm.se\/<\/a><\/p>\n<p><a href=\"https:\/\/www.spsm.se\/\" title=\"SPSM logotype\" rel=\"noopener noreferrer\" target=\"_blank\"><img loading=\"lazy\" decoding=\"async\" src=\"http:\/\/lararkarriar.se\/grundskola\/wp-content\/uploads\/2019\/02\/spsm_logo-530x160.png\" alt=\"spsm_logo\" width=\"332\" height=\"100\" class=\"alignnone size-large wp-image-6325\" \/><\/a><br \/>\n<\/div>\n","protected":false},"excerpt":{"rendered":"<p>Specialpedagogiska skolmyndigheten erbjuder meningsfulla, intressanta och utvecklande arbetsuppgifter i en stimulerande milj\u00f6. Hos oss f\u00e5r&#8230;<\/p>\n","protected":false},"author":2,"featured_media":6324,"comment_status":"closed","ping_status":"open","sticky":false,"template":"","format":"standard","meta":{"_acf_changed":false,"_monsterinsights_skip_tracking":false,"_monsterinsights_sitenote_active":false,"_monsterinsights_sitenote_note":"","_monsterinsights_sitenote_category":0,"footnotes":""},"categories":[7],"tags":[159,358,421],"class_list":["post-6323","post","type-post","status-publish","format-standard","has-post-thumbnail","hentry","category-presentation","tag-jobb","tag-spsm","tag-utbildning"],"acf":[],"yoast_head":"<!-- This site is optimized with the Yoast SEO plugin v27.3 - https:\/\/yoast.com\/product\/yoast-seo-wordpress\/ -->\n<title>Tycker du ocks\u00e5 att alla ska n\u00e5 m\u00e5len med sin utbildning? - Framtidens Karri\u00e4r \u2013 Grundskolel\u00e4rare<\/title>\n<meta name=\"robots\" content=\"index, follow, max-snippet:-1, max-image-preview:large, max-video-preview:-1\" \/>\n<link rel=\"canonical\" href=\"https:\/\/lararkarriar.se\/grundskola\/2019\/02\/13\/tycker-du-ocksa-att-alla-ska-na-malen-med-sin-utbildning\/\" \/>\n<meta property=\"og:locale\" content=\"sv_SE\" \/>\n<meta property=\"og:type\" content=\"article\" \/>\n<meta property=\"og:title\" content=\"Tycker du ocks\u00e5 att alla ska n\u00e5 m\u00e5len med sin utbildning? - Framtidens Karri\u00e4r \u2013 Grundskolel\u00e4rare\" \/>\n<meta property=\"og:description\" content=\"Specialpedagogiska skolmyndigheten erbjuder meningsfulla, intressanta och utvecklande arbetsuppgifter i en stimulerande milj\u00f6. Hos oss f\u00e5r...\" \/>\n<meta property=\"og:url\" content=\"https:\/\/lararkarriar.se\/grundskola\/2019\/02\/13\/tycker-du-ocksa-att-alla-ska-na-malen-med-sin-utbildning\/\" \/>\n<meta property=\"og:site_name\" content=\"Framtidens Karri\u00e4r \u2013 Grundskolel\u00e4rare\" \/>\n<meta property=\"article:published_time\" content=\"2019-02-13T09:26:05+00:00\" \/>\n<meta property=\"og:image\" content=\"https:\/\/lararkarriar.se\/grundskola\/wp-content\/uploads\/sites\/12\/2019\/02\/spsm-bild.jpg\" \/>\n\t<meta property=\"og:image:width\" content=\"1000\" \/>\n\t<meta property=\"og:image:height\" content=\"554\" \/>\n\t<meta property=\"og:image:type\" content=\"image\/jpeg\" \/>\n<meta name=\"author\" content=\"viktorwallen\" \/>\n<meta name=\"twitter:card\" content=\"summary_large_image\" \/>\n<meta name=\"twitter:label1\" content=\"Skriven av\" \/>\n\t<meta name=\"twitter:data1\" content=\"viktorwallen\" \/>\n\t<meta name=\"twitter:label2\" content=\"Ber\u00e4knad l\u00e4stid\" \/>\n\t<meta name=\"twitter:data2\" content=\"1 minut\" \/>\n<script type=\"application\/ld+json\" class=\"yoast-schema-graph\">{\"@context\":\"https:\\\/\\\/schema.org\",\"@graph\":[{\"@type\":\"Article\",\"@id\":\"https:\\\/\\\/lararkarriar.se\\\/grundskola\\\/2019\\\/02\\\/13\\\/tycker-du-ocksa-att-alla-ska-na-malen-med-sin-utbildning\\\/#article\",\"isPartOf\":{\"@id\":\"https:\\\/\\\/lararkarriar.se\\\/grundskola\\\/2019\\\/02\\\/13\\\/tycker-du-ocksa-att-alla-ska-na-malen-med-sin-utbildning\\\/\"},\"author\":{\"name\":\"viktorwallen\",\"@id\":\"https:\\\/\\\/lararkarriar.se\\\/grundskola\\\/#\\\/schema\\\/person\\\/2a13a849ec7646386c2211f59afe3083\"},\"headline\":\"Tycker du ocks\u00e5 att alla ska n\u00e5 m\u00e5len med sin utbildning?\",\"datePublished\":\"2019-02-13T09:26:05+00:00\",\"mainEntityOfPage\":{\"@id\":\"https:\\\/\\\/lararkarriar.se\\\/grundskola\\\/2019\\\/02\\\/13\\\/tycker-du-ocksa-att-alla-ska-na-malen-med-sin-utbildning\\\/\"},\"wordCount\":176,\"image\":{\"@id\":\"https:\\\/\\\/lararkarriar.se\\\/grundskola\\\/2019\\\/02\\\/13\\\/tycker-du-ocksa-att-alla-ska-na-malen-med-sin-utbildning\\\/#primaryimage\"},\"thumbnailUrl\":\"https:\\\/\\\/lararkarriar.se\\\/grundskola\\\/wp-content\\\/uploads\\\/sites\\\/12\\\/2019\\\/02\\\/spsm-bild.jpg\",\"keywords\":[\"Jobb\",\"SPSM\",\"Utbildning\"],\"articleSection\":[\"Presentation\"],\"inLanguage\":\"sv-SE\"},{\"@type\":\"WebPage\",\"@id\":\"https:\\\/\\\/lararkarriar.se\\\/grundskola\\\/2019\\\/02\\\/13\\\/tycker-du-ocksa-att-alla-ska-na-malen-med-sin-utbildning\\\/\",\"url\":\"https:\\\/\\\/lararkarriar.se\\\/grundskola\\\/2019\\\/02\\\/13\\\/tycker-du-ocksa-att-alla-ska-na-malen-med-sin-utbildning\\\/\",\"name\":\"Tycker du ocks\u00e5 att alla ska n\u00e5 m\u00e5len med sin utbildning? - Framtidens Karri\u00e4r \u2013 Grundskolel\u00e4rare\",\"isPartOf\":{\"@id\":\"https:\\\/\\\/lararkarriar.se\\\/grundskola\\\/#website\"},\"primaryImageOfPage\":{\"@id\":\"https:\\\/\\\/lararkarriar.se\\\/grundskola\\\/2019\\\/02\\\/13\\\/tycker-du-ocksa-att-alla-ska-na-malen-med-sin-utbildning\\\/#primaryimage\"},\"image\":{\"@id\":\"https:\\\/\\\/lararkarriar.se\\\/grundskola\\\/2019\\\/02\\\/13\\\/tycker-du-ocksa-att-alla-ska-na-malen-med-sin-utbildning\\\/#primaryimage\"},\"thumbnailUrl\":\"https:\\\/\\\/lararkarriar.se\\\/grundskola\\\/wp-content\\\/uploads\\\/sites\\\/12\\\/2019\\\/02\\\/spsm-bild.jpg\",\"datePublished\":\"2019-02-13T09:26:05+00:00\",\"author\":{\"@id\":\"https:\\\/\\\/lararkarriar.se\\\/grundskola\\\/#\\\/schema\\\/person\\\/2a13a849ec7646386c2211f59afe3083\"},\"breadcrumb\":{\"@id\":\"https:\\\/\\\/lararkarriar.se\\\/grundskola\\\/2019\\\/02\\\/13\\\/tycker-du-ocksa-att-alla-ska-na-malen-med-sin-utbildning\\\/#breadcrumb\"},\"inLanguage\":\"sv-SE\",\"potentialAction\":[{\"@type\":\"ReadAction\",\"target\":[\"https:\\\/\\\/lararkarriar.se\\\/grundskola\\\/2019\\\/02\\\/13\\\/tycker-du-ocksa-att-alla-ska-na-malen-med-sin-utbildning\\\/\"]}]},{\"@type\":\"ImageObject\",\"inLanguage\":\"sv-SE\",\"@id\":\"https:\\\/\\\/lararkarriar.se\\\/grundskola\\\/2019\\\/02\\\/13\\\/tycker-du-ocksa-att-alla-ska-na-malen-med-sin-utbildning\\\/#primaryimage\",\"url\":\"https:\\\/\\\/lararkarriar.se\\\/grundskola\\\/wp-content\\\/uploads\\\/sites\\\/12\\\/2019\\\/02\\\/spsm-bild.jpg\",\"contentUrl\":\"https:\\\/\\\/lararkarriar.se\\\/grundskola\\\/wp-content\\\/uploads\\\/sites\\\/12\\\/2019\\\/02\\\/spsm-bild.jpg\",\"width\":1000,\"height\":554,\"caption\":\"spsm_bild\"},{\"@type\":\"BreadcrumbList\",\"@id\":\"https:\\\/\\\/lararkarriar.se\\\/grundskola\\\/2019\\\/02\\\/13\\\/tycker-du-ocksa-att-alla-ska-na-malen-med-sin-utbildning\\\/#breadcrumb\",\"itemListElement\":[{\"@type\":\"ListItem\",\"position\":1,\"name\":\"Home\",\"item\":\"https:\\\/\\\/lararkarriar.se\\\/grundskola\\\/\"},{\"@type\":\"ListItem\",\"position\":2,\"name\":\"Tycker du ocks\u00e5 att alla ska n\u00e5 m\u00e5len med sin utbildning?\"}]},{\"@type\":\"WebSite\",\"@id\":\"https:\\\/\\\/lararkarriar.se\\\/grundskola\\\/#website\",\"url\":\"https:\\\/\\\/lararkarriar.se\\\/grundskola\\\/\",\"name\":\"Framtidens Karri\u00e4r \u2013 Grundskolel\u00e4rare\",\"description\":\"Just another NMDashboard.se Sites site\",\"potentialAction\":[{\"@type\":\"SearchAction\",\"target\":{\"@type\":\"EntryPoint\",\"urlTemplate\":\"https:\\\/\\\/lararkarriar.se\\\/grundskola\\\/?s={search_term_string}\"},\"query-input\":{\"@type\":\"PropertyValueSpecification\",\"valueRequired\":true,\"valueName\":\"search_term_string\"}}],\"inLanguage\":\"sv-SE\"},{\"@type\":\"Person\",\"@id\":\"https:\\\/\\\/lararkarriar.se\\\/grundskola\\\/#\\\/schema\\\/person\\\/2a13a849ec7646386c2211f59afe3083\",\"name\":\"viktorwallen\",\"image\":{\"@type\":\"ImageObject\",\"inLanguage\":\"sv-SE\",\"@id\":\"https:\\\/\\\/secure.gravatar.com\\\/avatar\\\/701701bd36169636031933997c8c6b954f2f635bbb7cd4802e4a007f9c9f4e59?s=96&d=mm&r=g\",\"url\":\"https:\\\/\\\/secure.gravatar.com\\\/avatar\\\/701701bd36169636031933997c8c6b954f2f635bbb7cd4802e4a007f9c9f4e59?s=96&d=mm&r=g\",\"contentUrl\":\"https:\\\/\\\/secure.gravatar.com\\\/avatar\\\/701701bd36169636031933997c8c6b954f2f635bbb7cd4802e4a007f9c9f4e59?s=96&d=mm&r=g\",\"caption\":\"viktorwallen\"},\"url\":\"https:\\\/\\\/lararkarriar.se\\\/grundskola\\\/author\\\/viktorwallen\\\/\"}]}<\/script>\n<!-- \/ Yoast SEO plugin. -->","yoast_head_json":{"title":"Tycker du ocks\u00e5 att alla ska n\u00e5 m\u00e5len med sin utbildning? - Framtidens Karri\u00e4r \u2013 Grundskolel\u00e4rare","robots":{"index":"index","follow":"follow","max-snippet":"max-snippet:-1","max-image-preview":"max-image-preview:large","max-video-preview":"max-video-preview:-1"},"canonical":"https:\/\/lararkarriar.se\/grundskola\/2019\/02\/13\/tycker-du-ocksa-att-alla-ska-na-malen-med-sin-utbildning\/","og_locale":"sv_SE","og_type":"article","og_title":"Tycker du ocks\u00e5 att alla ska n\u00e5 m\u00e5len med sin utbildning? - Framtidens Karri\u00e4r \u2013 Grundskolel\u00e4rare","og_description":"Specialpedagogiska skolmyndigheten erbjuder meningsfulla, intressanta och utvecklande arbetsuppgifter i en stimulerande milj\u00f6. Hos oss f\u00e5r...","og_url":"https:\/\/lararkarriar.se\/grundskola\/2019\/02\/13\/tycker-du-ocksa-att-alla-ska-na-malen-med-sin-utbildning\/","og_site_name":"Framtidens Karri\u00e4r \u2013 Grundskolel\u00e4rare","article_published_time":"2019-02-13T09:26:05+00:00","og_image":[{"width":1000,"height":554,"url":"https:\/\/lararkarriar.se\/grundskola\/wp-content\/uploads\/sites\/12\/2019\/02\/spsm-bild.jpg","type":"image\/jpeg"}],"author":"viktorwallen","twitter_card":"summary_large_image","twitter_misc":{"Skriven av":"viktorwallen","Ber\u00e4knad l\u00e4stid":"1 minut"},"schema":{"@context":"https:\/\/schema.org","@graph":[{"@type":"Article","@id":"https:\/\/lararkarriar.se\/grundskola\/2019\/02\/13\/tycker-du-ocksa-att-alla-ska-na-malen-med-sin-utbildning\/#article","isPartOf":{"@id":"https:\/\/lararkarriar.se\/grundskola\/2019\/02\/13\/tycker-du-ocksa-att-alla-ska-na-malen-med-sin-utbildning\/"},"author":{"name":"viktorwallen","@id":"https:\/\/lararkarriar.se\/grundskola\/#\/schema\/person\/2a13a849ec7646386c2211f59afe3083"},"headline":"Tycker du ocks\u00e5 att alla ska n\u00e5 m\u00e5len med sin utbildning?","datePublished":"2019-02-13T09:26:05+00:00","mainEntityOfPage":{"@id":"https:\/\/lararkarriar.se\/grundskola\/2019\/02\/13\/tycker-du-ocksa-att-alla-ska-na-malen-med-sin-utbildning\/"},"wordCount":176,"image":{"@id":"https:\/\/lararkarriar.se\/grundskola\/2019\/02\/13\/tycker-du-ocksa-att-alla-ska-na-malen-med-sin-utbildning\/#primaryimage"},"thumbnailUrl":"https:\/\/lararkarriar.se\/grundskola\/wp-content\/uploads\/sites\/12\/2019\/02\/spsm-bild.jpg","keywords":["Jobb","SPSM","Utbildning"],"articleSection":["Presentation"],"inLanguage":"sv-SE"},{"@type":"WebPage","@id":"https:\/\/lararkarriar.se\/grundskola\/2019\/02\/13\/tycker-du-ocksa-att-alla-ska-na-malen-med-sin-utbildning\/","url":"https:\/\/lararkarriar.se\/grundskola\/2019\/02\/13\/tycker-du-ocksa-att-alla-ska-na-malen-med-sin-utbildning\/","name":"Tycker du ocks\u00e5 att alla ska n\u00e5 m\u00e5len med sin utbildning? - Framtidens Karri\u00e4r \u2013 Grundskolel\u00e4rare","isPartOf":{"@id":"https:\/\/lararkarriar.se\/grundskola\/#website"},"primaryImageOfPage":{"@id":"https:\/\/lararkarriar.se\/grundskola\/2019\/02\/13\/tycker-du-ocksa-att-alla-ska-na-malen-med-sin-utbildning\/#primaryimage"},"image":{"@id":"https:\/\/lararkarriar.se\/grundskola\/2019\/02\/13\/tycker-du-ocksa-att-alla-ska-na-malen-med-sin-utbildning\/#primaryimage"},"thumbnailUrl":"https:\/\/lararkarriar.se\/grundskola\/wp-content\/uploads\/sites\/12\/2019\/02\/spsm-bild.jpg","datePublished":"2019-02-13T09:26:05+00:00","author":{"@id":"https:\/\/lararkarriar.se\/grundskola\/#\/schema\/person\/2a13a849ec7646386c2211f59afe3083"},"breadcrumb":{"@id":"https:\/\/lararkarriar.se\/grundskola\/2019\/02\/13\/tycker-du-ocksa-att-alla-ska-na-malen-med-sin-utbildning\/#breadcrumb"},"inLanguage":"sv-SE","potentialAction":[{"@type":"ReadAction","target":["https:\/\/lararkarriar.se\/grundskola\/2019\/02\/13\/tycker-du-ocksa-att-alla-ska-na-malen-med-sin-utbildning\/"]}]},{"@type":"ImageObject","inLanguage":"sv-SE","@id":"https:\/\/lararkarriar.se\/grundskola\/2019\/02\/13\/tycker-du-ocksa-att-alla-ska-na-malen-med-sin-utbildning\/#primaryimage","url":"https:\/\/lararkarriar.se\/grundskola\/wp-content\/uploads\/sites\/12\/2019\/02\/spsm-bild.jpg","contentUrl":"https:\/\/lararkarriar.se\/grundskola\/wp-content\/uploads\/sites\/12\/2019\/02\/spsm-bild.jpg","width":1000,"height":554,"caption":"spsm_bild"},{"@type":"BreadcrumbList","@id":"https:\/\/lararkarriar.se\/grundskola\/2019\/02\/13\/tycker-du-ocksa-att-alla-ska-na-malen-med-sin-utbildning\/#breadcrumb","itemListElement":[{"@type":"ListItem","position":1,"name":"Home","item":"https:\/\/lararkarriar.se\/grundskola\/"},{"@type":"ListItem","position":2,"name":"Tycker du ocks\u00e5 att alla ska n\u00e5 m\u00e5len med sin utbildning?"}]},{"@type":"WebSite","@id":"https:\/\/lararkarriar.se\/grundskola\/#website","url":"https:\/\/lararkarriar.se\/grundskola\/","name":"Framtidens Karri\u00e4r \u2013 Grundskolel\u00e4rare","description":"Just another NMDashboard.se Sites site","potentialAction":[{"@type":"SearchAction","target":{"@type":"EntryPoint","urlTemplate":"https:\/\/lararkarriar.se\/grundskola\/?s={search_term_string}"},"query-input":{"@type":"PropertyValueSpecification","valueRequired":true,"valueName":"search_term_string"}}],"inLanguage":"sv-SE"},{"@type":"Person","@id":"https:\/\/lararkarriar.se\/grundskola\/#\/schema\/person\/2a13a849ec7646386c2211f59afe3083","name":"viktorwallen","image":{"@type":"ImageObject","inLanguage":"sv-SE","@id":"https:\/\/secure.gravatar.com\/avatar\/701701bd36169636031933997c8c6b954f2f635bbb7cd4802e4a007f9c9f4e59?s=96&d=mm&r=g","url":"https:\/\/secure.gravatar.com\/avatar\/701701bd36169636031933997c8c6b954f2f635bbb7cd4802e4a007f9c9f4e59?s=96&d=mm&r=g","contentUrl":"https:\/\/secure.gravatar.com\/avatar\/701701bd36169636031933997c8c6b954f2f635bbb7cd4802e4a007f9c9f4e59?s=96&d=mm&r=g","caption":"viktorwallen"},"url":"https:\/\/lararkarriar.se\/grundskola\/author\/viktorwallen\/"}]}},"_links":{"self":[{"href":"https:\/\/lararkarriar.se\/grundskola\/wp-json\/wp\/v2\/posts\/6323","targetHints":{"allow":["GET"]}}],"collection":[{"href":"https:\/\/lararkarriar.se\/grundskola\/wp-json\/wp\/v2\/posts"}],"about":[{"href":"https:\/\/lararkarriar.se\/grundskola\/wp-json\/wp\/v2\/types\/post"}],"author":[{"embeddable":true,"href":"https:\/\/lararkarriar.se\/grundskola\/wp-json\/wp\/v2\/users\/2"}],"replies":[{"embeddable":true,"href":"https:\/\/lararkarriar.se\/grundskola\/wp-json\/wp\/v2\/comments?post=6323"}],"version-history":[{"count":0,"href":"https:\/\/lararkarriar.se\/grundskola\/wp-json\/wp\/v2\/posts\/6323\/revisions"}],"wp:featuredmedia":[{"embeddable":true,"href":"https:\/\/lararkarriar.se\/grundskola\/wp-json\/wp\/v2\/media\/6324"}],"wp:attachment":[{"href":"https:\/\/lararkarriar.se\/grundskola\/wp-json\/wp\/v2\/media?parent=6323"}],"wp:term":[{"taxonomy":"category","embeddable":true,"href":"https:\/\/lararkarriar.se\/grundskola\/wp-json\/wp\/v2\/categories?post=6323"},{"taxonomy":"post_tag","embeddable":true,"href":"https:\/\/lararkarriar.se\/grundskola\/wp-json\/wp\/v2\/tags?post=6323"}],"curies":[{"name":"wp","href":"https:\/\/api.w.org\/{rel}","templated":true}]}}