{"id":6351,"date":"2019-02-13T11:32:08","date_gmt":"2019-02-13T09:32:08","guid":{"rendered":"http:\/\/lararkarriar.se\/grundskola\/?p=6351"},"modified":"2019-02-13T11:32:08","modified_gmt":"2019-02-13T09:32:08","slug":"nar-man-samarbetar-med-oss-far-man-var-kompetens-pa-kopet","status":"publish","type":"post","link":"https:\/\/lararkarriar.se\/grundskola\/2019\/02\/13\/nar-man-samarbetar-med-oss-far-man-var-kompetens-pa-kopet\/","title":{"rendered":"N\u00e4r man samarbetar med oss, f\u00e5r man v\u00e5r kompetens p\u00e5 k\u00f6pet!"},"content":{"rendered":"<p><img loading=\"lazy\" decoding=\"async\" src=\"https:\/\/lararkarriar.se\/grundskola\/wp-content\/uploads\/sites\/12\/2019\/02\/clockwork-do7i4040.jpg\" alt=\"clockwork_DO7I4040\" width=\"1000\" height=\"685\" class=\"alignnone size-full wp-image-6386\" srcset=\"https:\/\/lararkarriar.se\/grundskola\/wp-content\/uploads\/sites\/12\/2019\/02\/clockwork-do7i4040.jpg 1000w, https:\/\/lararkarriar.se\/grundskola\/wp-content\/uploads\/sites\/12\/2019\/02\/clockwork-do7i4040-300x206.jpg 300w, https:\/\/lararkarriar.se\/grundskola\/wp-content\/uploads\/sites\/12\/2019\/02\/clockwork-do7i4040-768x526.jpg 768w, https:\/\/lararkarriar.se\/grundskola\/wp-content\/uploads\/sites\/12\/2019\/02\/clockwork-do7i4040-234x160.jpg 234w, https:\/\/lararkarriar.se\/grundskola\/wp-content\/uploads\/sites\/12\/2019\/02\/clockwork-do7i4040-526x360.jpg 526w, https:\/\/lararkarriar.se\/grundskola\/wp-content\/uploads\/sites\/12\/2019\/02\/clockwork-do7i4040-720x493.jpg 720w, https:\/\/lararkarriar.se\/grundskola\/wp-content\/uploads\/sites\/12\/2019\/02\/clockwork-do7i4040-960x658.jpg 960w\" sizes=\"auto, (max-width: 1000px) 100vw, 1000px\" \/><\/p>\n<p><strong>Vi p\u00e5 Clockwork vet att kandidat- och kompetensbristen forts\u00e4tter att vara en stor utmaning f\u00f6r m\u00e5nga skolor \u00f6ver hela landet. D\u00e4rf\u00f6r har vi sedan 2015 fungerat som en l\u00e5ngsiktig HR-partner f\u00f6r skolor i framkant och det sj\u00e4lvklara valet f\u00f6r skolpersonal som vill ta n\u00e4sta steg. Vi \u00e4r mycket mer \u00e4n ett traditionellt bemanningsf\u00f6retag, v\u00e5r m\u00e5ls\u00e4ttning \u00e4r att st\u00f6tta och utveckla den svenska skolan genom att bist\u00e5 med kompetenta medarbetare p\u00e5 r\u00e4tt plats vid r\u00e4tt tillf\u00e4lle.<\/strong><\/p>\n<p>\u201cVi har skolan i v\u00e5rt DNA\u201d s\u00e4ger Fred Hussein, ansvarig f\u00f6r skolbemanningen p\u00e5 Clockwork. Alla medarbetare kommer fr\u00e5n skolans v\u00e4rld med l\u00e5ng erfarenhet fr\u00e5n olika roller.<br \/>\n\u2013 Detta \u00e4r en av de viktigaste framg\u00e5ngsfaktorerna f\u00f6r oss, forts\u00e4tter Fred, och g\u00f6r att m\u00e5nga huvudm\u00e4n och koncerner v\u00e4ljer att inleda samarbete p\u00e5 strategisk niv\u00e5 med Clockwork. Att alla medarbetare som p\u00e5 olika s\u00e4tt tillgodoser skolornas kompetensbehov sj\u00e4lva har en bakgrund som l\u00e4rare, skolledare eller specialpedagoger \u00e4r n\u00e5got som uppskattas. Det blir mer trov\u00e4rdigt och tryggt n\u00e4r vi pratar samma spr\u00e5k och delar m\u00e5nga erfarenheter med v\u00e5ra samarbetsskolor. Vi kan skolans v\u00e4rld och vet vilka utmaningar som kan dyka upp n\u00e4r det g\u00e4ller rekrytering av skolpersonal. Det g\u00f6r att vi kan ta p\u00e5 oss rollen som skolledarens HR-st\u00f6d genom att hantera deras personalbehov. Det inneb\u00e4r i sin tur att skolledarna slipper l\u00e4gga m\u00e5nga timmar p\u00e5 rekrytering och administrativt personalarbete och ist\u00e4llet kan fokusera p\u00e5 att utveckla det pedagogiska ledarskapet, i t\u00e4t dialog med oss.<\/p>\n<p><strong>Hj\u00e4lper m\u00e4nniskor att ta steget till utbildning<\/strong><br \/>\nSom nyexaminerad l\u00e4rare har man s\u00e4llan problem att hitta en arbetsplats, d\u00e4remot att hitta r\u00e4tt arbetsplats. Att b\u00f6rja sin bana som l\u00e4rarvikarie via oss, d\u00e4r vi erbjuder handledning och st\u00f6d av erfarna och legitimerade l\u00e4rare, samt m\u00f6jlighet att f\u00e5 testa att arbeta p\u00e5 olika skolor, tror vi \u00e4r en v\u00e4g in f\u00f6r m\u00e5nga som inte ens t\u00e4nkt tanken p\u00e5 l\u00e4raryrket innan, menar regionchef Cilla Edren.<\/p>\n<p><strong>Vi finns n\u00e4ra, och vi bryr oss p\u00e5 riktigt! <\/strong><br \/>\nF\u00f6r Clockwork \u00e4r den lokala n\u00e4rvaron och det lokala n\u00e4tverket helt avg\u00f6rande. P\u00e5 varje ort d\u00e4r f\u00f6retaget har kontor arbetar lokala rekryteringsansvariga med ett brett kontaktn\u00e4t i regionens skolor. N\u00e4rheten till s\u00e5v\u00e4l kunden som den uthyrda personalen \u00e4r en viktig framg\u00e5ngsfaktor f\u00f6r Clockwork.<br \/>\n\u2013 Det som g\u00f6r att allt fler skolledare v\u00e4ljer oss som en l\u00e5ngsiktig kompetensf\u00f6rs\u00f6rjningspartner \u00e4r bland annat att vi har ett stort engagemang, vilket inneb\u00e4r att vi \u00e4r noga med kvaliteten och detaljerna i varje enskilt uppdrag. Med tydliga strategier och h\u00f6g servicegrad v\u00e4ljer fler och fler skolledare att inleda samarbete som h\u00e5ller \u00f6ver flera l\u00e4s\u00e5r. Detta \u00e4r ett kvitto p\u00e5 att vi beh\u00f6vs och att det vi erbjuder verkligen g\u00f6r skillnad, s\u00e4ger Fred Hussein.<\/p>\n<p><strong>H\u00e5llbar och l\u00e5ngsiktig kompetensf\u00f6rs\u00f6rjningspartner att lita p\u00e5 <\/strong><br \/>\nClockwork Skolbemanning &amp; Rekrytering \u00e4r ISO-certifierade och kollektivavtalsanslutna. Det bidrar till trygghet och stabilitet, b\u00e5de f\u00f6r kunden och f\u00f6r de kandidater som f\u00f6rmedlas ut till skolorna.<br \/>\n\u2013 Vi har valt en annan strategi, med l\u00e5ngsiktighet och kvalitet som v\u00e5ra viktigaste ledord. Vi rekryterar och bemannar f\u00f6r f\u00f6r uppdrag som i genomsnitt \u00e4r en termin l\u00e5nga, men ofta \u00e4r de betydligt l\u00e4ngre \u00e4n s\u00e5. Det \u00e4r ocks\u00e5 vanligt att skolan tar \u00f6ver v\u00e5ra kandidater. <\/p>\n<p><strong>St\u00f6d till rektorer och arbetslag internt och externt <\/strong><br \/>\nAlla de kvalificerade tj\u00e4nster som ing\u00e5r i v\u00e5rt erbjudande, exempelvis hj\u00e4lp med terminsplanering, pedagogisk planering, bed\u00f6mningshj\u00e4lp och uthyrning av skolledare, g\u00f6r oss till ett bollplank f\u00f6r m\u00e5nga olika behov och situationer, s\u00e4ger Fred Hussein.<\/p>\n<p><strong>\u00c4ven chefer beh\u00f6ver bollplank<\/strong><br \/>\nClockwork bist\u00e5r med expertkompetens n\u00e4r skolledning, rektor, enskilda l\u00e4rare eller olika arbetsgrupper beh\u00f6ver r\u00e5d och st\u00f6d. Denna tj\u00e4nst \u00e4r utformad som ett kvalificerat mentorskap som vi kallar processt\u00f6d och rektorsst\u00f6d. Vi \u00e4r v\u00e4ldigt stolta \u00f6ver tj\u00e4nsten d\u00e5 vi skapat den utifr\u00e5n v\u00e5ra egna behov n\u00e4r vi satt p\u00e5 rektorsstolen. Den skr\u00e4ddarsys efter varje individ och \u00e4r v\u00e4ldigt effektiv p\u00e5 kort tid. Ut\u00f6ver bemanning och rekrytering hj\u00e4lper Clockwork skolor \u00f6ver hela landet med elevh\u00e4lsa. Arbetet leds av tidigare l\u00e4raren, specialpedagogen samt skolledaren Cilla Edren.<br \/>\n\u2013 Vi hj\u00e4lper till med verktygen som g\u00f6r vardagen i skolan l\u00e4ttare att hantera. Clockwork s\u00e4tter ihop ett team av specialpedagoger, kuratorer, studiev\u00e4gledare och annat st\u00f6d till skolor, huvudm\u00e4n och skolledare efter ett behov p\u00e5 just din skola. Vi erbjuder bland annat handledning, f\u00f6rel\u00e4sningar och Workshops f\u00f6r skolpersonal kring \u00e5tg\u00e4rdsprogram, pedagogiska kartl\u00e4ggningar, r\u00e5d och st\u00f6d kring anpassningar och s\u00e4rskilt st\u00f6d. I vissa fall bist\u00e5r vi med konkret st\u00f6d i klass, med verktyg och bepr\u00f6vade metoder som ger resultat och fungerar. Observationer och n\u00e4rvaro vid m\u00f6ten med f\u00f6r\u00e4ldrar, samt screening och kartl\u00e4ggning av elever p\u00e5 grupp- och individniv\u00e5 \u00e4r andra exempel d\u00e4r vi kan hj\u00e4lpa till.<br \/>\n\u2013 Vi finns \u00e4ven som st\u00f6d i arbetet vid nedslag av skolinspektionen, och liknande. D\u00e4r tycker jag vi skiljer oss fr\u00e5n ett vanligt skolbemanningsf\u00f6retag. Vi \u00e4r Clockwork! Avslutar Cilla.<\/p>\n<p><strong><a href=\"http:\/\/www.pedagogjobb.nu\/\" title=\"Clockwork pres jobb ans\u00f6k\" rel=\"noopener noreferrer\" target=\"_blank\">Se och bevaka alla v\u00e5ra lediga tj\u00e4nster h\u00e4r<\/a><\/strong><\/p>\n<p><strong><a href=\"http:\/\/www.pedagogjobb.nu\/hitta-medarbetare-35232797\" title=\"Clockwork pres bevaka medarbetare\" rel=\"noopener noreferrer\" target=\"_blank\">S\u00f6ker du personal? Hitta medarbetare h\u00e4r.<\/a><\/strong><\/p>\n<figure id=\"attachment_6387\" aria-describedby=\"caption-attachment-6387\" style=\"width: 1000px\" class=\"wp-caption alignnone\"><img loading=\"lazy\" decoding=\"async\" src=\"https:\/\/lararkarriar.se\/grundskola\/wp-content\/uploads\/sites\/12\/2019\/02\/clockwork-do7i8782.jpg\" alt=\"Cilla Edren och Fred Hussein p\u00e5 Clockwork.\" width=\"1000\" height=\"637\" class=\"size-full wp-image-6387\" srcset=\"https:\/\/lararkarriar.se\/grundskola\/wp-content\/uploads\/sites\/12\/2019\/02\/clockwork-do7i8782.jpg 1000w, https:\/\/lararkarriar.se\/grundskola\/wp-content\/uploads\/sites\/12\/2019\/02\/clockwork-do7i8782-300x191.jpg 300w, https:\/\/lararkarriar.se\/grundskola\/wp-content\/uploads\/sites\/12\/2019\/02\/clockwork-do7i8782-768x489.jpg 768w, https:\/\/lararkarriar.se\/grundskola\/wp-content\/uploads\/sites\/12\/2019\/02\/clockwork-do7i8782-251x160.jpg 251w, https:\/\/lararkarriar.se\/grundskola\/wp-content\/uploads\/sites\/12\/2019\/02\/clockwork-do7i8782-526x335.jpg 526w, https:\/\/lararkarriar.se\/grundskola\/wp-content\/uploads\/sites\/12\/2019\/02\/clockwork-do7i8782-720x459.jpg 720w, https:\/\/lararkarriar.se\/grundskola\/wp-content\/uploads\/sites\/12\/2019\/02\/clockwork-do7i8782-960x612.jpg 960w\" sizes=\"auto, (max-width: 1000px) 100vw, 1000px\" \/><figcaption id=\"caption-attachment-6387\" class=\"wp-caption-text\">Cilla Edren och Fred Hussein p\u00e5 Clockwork.<\/figcaption><\/figure>\n<div class=\"faktaruta-title\">Vad erbjuder Clockwork?<\/div><div class=\"faktaruta\">\u2022 Skolbemanning med fokus p\u00e5 duktiga l\u00e4rarvikarier<br \/>\n\u2022 Skolrekrytering med fokus p\u00e5 rekrytering av skolpersonal<br \/>\n\u2022 Elevh\u00e4lsa med fokus p\u00e5 skr\u00e4ddar-sydda l\u00f6sningar utifr\u00e5n special-pedagogiska insatser<br \/>\n\u2022 Skolledare, rekryterar och bemannar interim-skolledare \u00f6ver hela landet.<br \/>\n\u2022 Hj\u00e4lper skolledare och skolpersonal att ta n\u00e4sta steg<br \/>\n\u2022 Erbjuder st\u00f6d, handledning, bra l\u00f6n fr\u00e5n engagerade medarbetare som ocks\u00e5 \u00e4r legitimerade l\u00e4rare.<br \/>\n\u2022 I v\u00e5r kandidatbank finns l\u00e4rare och skolledare och skolpersonal inom skolans alla niv\u00e5er, fr\u00e5n f\u00f6rskola till h\u00f6gskola samt personal inom elevh\u00e4lsa, s\u00e5som skolsk\u00f6terskor, specialpedagoger, kuratorer och studie- och yrkesv\u00e4gledare.<\/p>\n<p><strong>Kontakt:<\/strong><br \/>\nTel: 0200-11 11 13<br \/>\nE-post: <a href=\"mailto:info@clwork.se\" title=\"Clockwork mail\">info@clwork.se<\/a><br \/>\n<strong><a href=\"https:\/\/clockworkpersonal.se\/\" title=\"Clockwork textlink\" rel=\"noopener noreferrer\" target=\"_blank\">www.clockworkpersonal.se\/<\/a><\/strong><br \/>\n<strong><a href=\"https:\/\/www.facebook.com\/skolbemanning\" title=\"Clockwork facebook\" rel=\"noopener noreferrer\" target=\"_blank\">www.facebook.com\/skolbemanning\/<\/a><\/strong><\/p>\n<p><a href=\"https:\/\/clockworkpersonal.se\/\" title=\"Clockwork logotype\" rel=\"noopener noreferrer\" target=\"_blank\"><img loading=\"lazy\" decoding=\"async\" src=\"http:\/\/lararkarriar.se\/grundskola\/wp-content\/uploads\/2019\/02\/clockwork_logo_skolbemanning_rekrytering-530x306.png\" alt=\"Clockwork logotype\" width=\"332\" height=\"191\" class=\"alignnone size-large wp-image-6383\" \/><\/a><br \/>\n<\/div>\n","protected":false},"excerpt":{"rendered":"<p>Vi p\u00e5 Clockwork vet att kandidat- och kompetensbristen forts\u00e4tter att vara en stor utmaning f\u00f6r&#8230;<\/p>\n","protected":false},"author":2,"featured_media":6386,"comment_status":"closed","ping_status":"open","sticky":false,"template":"","format":"standard","meta":{"_acf_changed":false,"_monsterinsights_skip_tracking":false,"_monsterinsights_sitenote_active":false,"_monsterinsights_sitenote_note":"","_monsterinsights_sitenote_category":0,"footnotes":""},"categories":[7],"tags":[41,42,56,331],"class_list":["post-6351","post","type-post","status-publish","format-standard","has-post-thumbnail","hentry","category-presentation","tag-bemanning","tag-bemanningsforetag","tag-clockwork","tag-skolbemanning"],"acf":[],"yoast_head":"<!-- This site is optimized with the Yoast SEO plugin v27.3 - https:\/\/yoast.com\/product\/yoast-seo-wordpress\/ -->\n<title>N\u00e4r man samarbetar med oss, f\u00e5r man v\u00e5r kompetens p\u00e5 k\u00f6pet! - Framtidens Karri\u00e4r \u2013 Grundskolel\u00e4rare<\/title>\n<meta name=\"robots\" content=\"index, follow, max-snippet:-1, max-image-preview:large, max-video-preview:-1\" \/>\n<link rel=\"canonical\" href=\"http:\/\/lararkarriar.se\/grundskola\/presentation\/nar-man-samarbetar-med-oss-far-man-var-kompetens-pa-kopet\/\" \/>\n<meta property=\"og:locale\" content=\"sv_SE\" \/>\n<meta property=\"og:type\" content=\"article\" \/>\n<meta property=\"og:title\" content=\"N\u00e4r man samarbetar med oss, f\u00e5r man v\u00e5r kompetens p\u00e5 k\u00f6pet! - Framtidens Karri\u00e4r \u2013 Grundskolel\u00e4rare\" \/>\n<meta property=\"og:description\" content=\"Vi p\u00e5 Clockwork vet att kandidat- och kompetensbristen forts\u00e4tter att vara en stor utmaning f\u00f6r...\" \/>\n<meta property=\"og:url\" content=\"http:\/\/lararkarriar.se\/grundskola\/presentation\/nar-man-samarbetar-med-oss-far-man-var-kompetens-pa-kopet\/\" \/>\n<meta property=\"og:site_name\" content=\"Framtidens Karri\u00e4r \u2013 Grundskolel\u00e4rare\" \/>\n<meta property=\"article:published_time\" content=\"2019-02-13T09:32:08+00:00\" \/>\n<meta property=\"og:image\" content=\"https:\/\/lararkarriar.se\/grundskola\/wp-content\/uploads\/sites\/12\/2019\/02\/clockwork-do7i4040.jpg\" \/>\n\t<meta property=\"og:image:width\" content=\"1000\" \/>\n\t<meta property=\"og:image:height\" content=\"685\" \/>\n\t<meta property=\"og:image:type\" content=\"image\/jpeg\" \/>\n<meta name=\"author\" content=\"viktorwallen\" \/>\n<meta name=\"twitter:card\" content=\"summary_large_image\" \/>\n<meta name=\"twitter:label1\" content=\"Skriven av\" \/>\n\t<meta name=\"twitter:data1\" content=\"viktorwallen\" \/>\n\t<meta name=\"twitter:label2\" content=\"Ber\u00e4knad l\u00e4stid\" \/>\n\t<meta name=\"twitter:data2\" content=\"5 minuter\" \/>\n<script type=\"application\/ld+json\" class=\"yoast-schema-graph\">{\"@context\":\"https:\\\/\\\/schema.org\",\"@graph\":[{\"@type\":\"Article\",\"@id\":\"http:\\\/\\\/lararkarriar.se\\\/grundskola\\\/presentation\\\/nar-man-samarbetar-med-oss-far-man-var-kompetens-pa-kopet\\\/#article\",\"isPartOf\":{\"@id\":\"https:\\\/\\\/lararkarriar.se\\\/grundskola\\\/2019\\\/02\\\/13\\\/nar-man-samarbetar-med-oss-far-man-var-kompetens-pa-kopet\\\/\"},\"author\":{\"name\":\"viktorwallen\",\"@id\":\"https:\\\/\\\/lararkarriar.se\\\/grundskola\\\/#\\\/schema\\\/person\\\/2a13a849ec7646386c2211f59afe3083\"},\"headline\":\"N\u00e4r man samarbetar med oss, f\u00e5r man v\u00e5r kompetens p\u00e5 k\u00f6pet!\",\"datePublished\":\"2019-02-13T09:32:08+00:00\",\"mainEntityOfPage\":{\"@id\":\"https:\\\/\\\/lararkarriar.se\\\/grundskola\\\/2019\\\/02\\\/13\\\/nar-man-samarbetar-med-oss-far-man-var-kompetens-pa-kopet\\\/\"},\"wordCount\":1113,\"image\":{\"@id\":\"http:\\\/\\\/lararkarriar.se\\\/grundskola\\\/presentation\\\/nar-man-samarbetar-med-oss-far-man-var-kompetens-pa-kopet\\\/#primaryimage\"},\"thumbnailUrl\":\"https:\\\/\\\/lararkarriar.se\\\/grundskola\\\/wp-content\\\/uploads\\\/sites\\\/12\\\/2019\\\/02\\\/clockwork-do7i4040.jpg\",\"keywords\":[\"Bemanning\",\"Bemanningsf\u00f6retag\",\"Clockwork\",\"Skolbemanning\"],\"articleSection\":[\"Presentation\"],\"inLanguage\":\"sv-SE\"},{\"@type\":\"WebPage\",\"@id\":\"https:\\\/\\\/lararkarriar.se\\\/grundskola\\\/2019\\\/02\\\/13\\\/nar-man-samarbetar-med-oss-far-man-var-kompetens-pa-kopet\\\/\",\"url\":\"http:\\\/\\\/lararkarriar.se\\\/grundskola\\\/presentation\\\/nar-man-samarbetar-med-oss-far-man-var-kompetens-pa-kopet\\\/\",\"name\":\"N\u00e4r man samarbetar med oss, f\u00e5r man v\u00e5r kompetens p\u00e5 k\u00f6pet! - Framtidens Karri\u00e4r \u2013 Grundskolel\u00e4rare\",\"isPartOf\":{\"@id\":\"https:\\\/\\\/lararkarriar.se\\\/grundskola\\\/#website\"},\"primaryImageOfPage\":{\"@id\":\"http:\\\/\\\/lararkarriar.se\\\/grundskola\\\/presentation\\\/nar-man-samarbetar-med-oss-far-man-var-kompetens-pa-kopet\\\/#primaryimage\"},\"image\":{\"@id\":\"http:\\\/\\\/lararkarriar.se\\\/grundskola\\\/presentation\\\/nar-man-samarbetar-med-oss-far-man-var-kompetens-pa-kopet\\\/#primaryimage\"},\"thumbnailUrl\":\"https:\\\/\\\/lararkarriar.se\\\/grundskola\\\/wp-content\\\/uploads\\\/sites\\\/12\\\/2019\\\/02\\\/clockwork-do7i4040.jpg\",\"datePublished\":\"2019-02-13T09:32:08+00:00\",\"author\":{\"@id\":\"https:\\\/\\\/lararkarriar.se\\\/grundskola\\\/#\\\/schema\\\/person\\\/2a13a849ec7646386c2211f59afe3083\"},\"breadcrumb\":{\"@id\":\"http:\\\/\\\/lararkarriar.se\\\/grundskola\\\/presentation\\\/nar-man-samarbetar-med-oss-far-man-var-kompetens-pa-kopet\\\/#breadcrumb\"},\"inLanguage\":\"sv-SE\",\"potentialAction\":[{\"@type\":\"ReadAction\",\"target\":[\"http:\\\/\\\/lararkarriar.se\\\/grundskola\\\/presentation\\\/nar-man-samarbetar-med-oss-far-man-var-kompetens-pa-kopet\\\/\"]}]},{\"@type\":\"ImageObject\",\"inLanguage\":\"sv-SE\",\"@id\":\"http:\\\/\\\/lararkarriar.se\\\/grundskola\\\/presentation\\\/nar-man-samarbetar-med-oss-far-man-var-kompetens-pa-kopet\\\/#primaryimage\",\"url\":\"https:\\\/\\\/lararkarriar.se\\\/grundskola\\\/wp-content\\\/uploads\\\/sites\\\/12\\\/2019\\\/02\\\/clockwork-do7i4040.jpg\",\"contentUrl\":\"https:\\\/\\\/lararkarriar.se\\\/grundskola\\\/wp-content\\\/uploads\\\/sites\\\/12\\\/2019\\\/02\\\/clockwork-do7i4040.jpg\",\"width\":1000,\"height\":685,\"caption\":\"clockwork_DO7I4040\"},{\"@type\":\"BreadcrumbList\",\"@id\":\"http:\\\/\\\/lararkarriar.se\\\/grundskola\\\/presentation\\\/nar-man-samarbetar-med-oss-far-man-var-kompetens-pa-kopet\\\/#breadcrumb\",\"itemListElement\":[{\"@type\":\"ListItem\",\"position\":1,\"name\":\"Home\",\"item\":\"https:\\\/\\\/lararkarriar.se\\\/grundskola\\\/\"},{\"@type\":\"ListItem\",\"position\":2,\"name\":\"N\u00e4r man samarbetar med oss, f\u00e5r man v\u00e5r kompetens p\u00e5 k\u00f6pet!\"}]},{\"@type\":\"WebSite\",\"@id\":\"https:\\\/\\\/lararkarriar.se\\\/grundskola\\\/#website\",\"url\":\"https:\\\/\\\/lararkarriar.se\\\/grundskola\\\/\",\"name\":\"Framtidens Karri\u00e4r \u2013 Grundskolel\u00e4rare\",\"description\":\"Just another NMDashboard.se Sites site\",\"potentialAction\":[{\"@type\":\"SearchAction\",\"target\":{\"@type\":\"EntryPoint\",\"urlTemplate\":\"https:\\\/\\\/lararkarriar.se\\\/grundskola\\\/?s={search_term_string}\"},\"query-input\":{\"@type\":\"PropertyValueSpecification\",\"valueRequired\":true,\"valueName\":\"search_term_string\"}}],\"inLanguage\":\"sv-SE\"},{\"@type\":\"Person\",\"@id\":\"https:\\\/\\\/lararkarriar.se\\\/grundskola\\\/#\\\/schema\\\/person\\\/2a13a849ec7646386c2211f59afe3083\",\"name\":\"viktorwallen\",\"image\":{\"@type\":\"ImageObject\",\"inLanguage\":\"sv-SE\",\"@id\":\"https:\\\/\\\/secure.gravatar.com\\\/avatar\\\/701701bd36169636031933997c8c6b954f2f635bbb7cd4802e4a007f9c9f4e59?s=96&d=mm&r=g\",\"url\":\"https:\\\/\\\/secure.gravatar.com\\\/avatar\\\/701701bd36169636031933997c8c6b954f2f635bbb7cd4802e4a007f9c9f4e59?s=96&d=mm&r=g\",\"contentUrl\":\"https:\\\/\\\/secure.gravatar.com\\\/avatar\\\/701701bd36169636031933997c8c6b954f2f635bbb7cd4802e4a007f9c9f4e59?s=96&d=mm&r=g\",\"caption\":\"viktorwallen\"},\"url\":\"https:\\\/\\\/lararkarriar.se\\\/grundskola\\\/author\\\/viktorwallen\\\/\"}]}<\/script>\n<!-- \/ Yoast SEO plugin. -->","yoast_head_json":{"title":"N\u00e4r man samarbetar med oss, f\u00e5r man v\u00e5r kompetens p\u00e5 k\u00f6pet! - Framtidens Karri\u00e4r \u2013 Grundskolel\u00e4rare","robots":{"index":"index","follow":"follow","max-snippet":"max-snippet:-1","max-image-preview":"max-image-preview:large","max-video-preview":"max-video-preview:-1"},"canonical":"http:\/\/lararkarriar.se\/grundskola\/presentation\/nar-man-samarbetar-med-oss-far-man-var-kompetens-pa-kopet\/","og_locale":"sv_SE","og_type":"article","og_title":"N\u00e4r man samarbetar med oss, f\u00e5r man v\u00e5r kompetens p\u00e5 k\u00f6pet! - Framtidens Karri\u00e4r \u2013 Grundskolel\u00e4rare","og_description":"Vi p\u00e5 Clockwork vet att kandidat- och kompetensbristen forts\u00e4tter att vara en stor utmaning f\u00f6r...","og_url":"http:\/\/lararkarriar.se\/grundskola\/presentation\/nar-man-samarbetar-med-oss-far-man-var-kompetens-pa-kopet\/","og_site_name":"Framtidens Karri\u00e4r \u2013 Grundskolel\u00e4rare","article_published_time":"2019-02-13T09:32:08+00:00","og_image":[{"width":1000,"height":685,"url":"https:\/\/lararkarriar.se\/grundskola\/wp-content\/uploads\/sites\/12\/2019\/02\/clockwork-do7i4040.jpg","type":"image\/jpeg"}],"author":"viktorwallen","twitter_card":"summary_large_image","twitter_misc":{"Skriven av":"viktorwallen","Ber\u00e4knad l\u00e4stid":"5 minuter"},"schema":{"@context":"https:\/\/schema.org","@graph":[{"@type":"Article","@id":"http:\/\/lararkarriar.se\/grundskola\/presentation\/nar-man-samarbetar-med-oss-far-man-var-kompetens-pa-kopet\/#article","isPartOf":{"@id":"https:\/\/lararkarriar.se\/grundskola\/2019\/02\/13\/nar-man-samarbetar-med-oss-far-man-var-kompetens-pa-kopet\/"},"author":{"name":"viktorwallen","@id":"https:\/\/lararkarriar.se\/grundskola\/#\/schema\/person\/2a13a849ec7646386c2211f59afe3083"},"headline":"N\u00e4r man samarbetar med oss, f\u00e5r man v\u00e5r kompetens p\u00e5 k\u00f6pet!","datePublished":"2019-02-13T09:32:08+00:00","mainEntityOfPage":{"@id":"https:\/\/lararkarriar.se\/grundskola\/2019\/02\/13\/nar-man-samarbetar-med-oss-far-man-var-kompetens-pa-kopet\/"},"wordCount":1113,"image":{"@id":"http:\/\/lararkarriar.se\/grundskola\/presentation\/nar-man-samarbetar-med-oss-far-man-var-kompetens-pa-kopet\/#primaryimage"},"thumbnailUrl":"https:\/\/lararkarriar.se\/grundskola\/wp-content\/uploads\/sites\/12\/2019\/02\/clockwork-do7i4040.jpg","keywords":["Bemanning","Bemanningsf\u00f6retag","Clockwork","Skolbemanning"],"articleSection":["Presentation"],"inLanguage":"sv-SE"},{"@type":"WebPage","@id":"https:\/\/lararkarriar.se\/grundskola\/2019\/02\/13\/nar-man-samarbetar-med-oss-far-man-var-kompetens-pa-kopet\/","url":"http:\/\/lararkarriar.se\/grundskola\/presentation\/nar-man-samarbetar-med-oss-far-man-var-kompetens-pa-kopet\/","name":"N\u00e4r man samarbetar med oss, f\u00e5r man v\u00e5r kompetens p\u00e5 k\u00f6pet! - Framtidens Karri\u00e4r \u2013 Grundskolel\u00e4rare","isPartOf":{"@id":"https:\/\/lararkarriar.se\/grundskola\/#website"},"primaryImageOfPage":{"@id":"http:\/\/lararkarriar.se\/grundskola\/presentation\/nar-man-samarbetar-med-oss-far-man-var-kompetens-pa-kopet\/#primaryimage"},"image":{"@id":"http:\/\/lararkarriar.se\/grundskola\/presentation\/nar-man-samarbetar-med-oss-far-man-var-kompetens-pa-kopet\/#primaryimage"},"thumbnailUrl":"https:\/\/lararkarriar.se\/grundskola\/wp-content\/uploads\/sites\/12\/2019\/02\/clockwork-do7i4040.jpg","datePublished":"2019-02-13T09:32:08+00:00","author":{"@id":"https:\/\/lararkarriar.se\/grundskola\/#\/schema\/person\/2a13a849ec7646386c2211f59afe3083"},"breadcrumb":{"@id":"http:\/\/lararkarriar.se\/grundskola\/presentation\/nar-man-samarbetar-med-oss-far-man-var-kompetens-pa-kopet\/#breadcrumb"},"inLanguage":"sv-SE","potentialAction":[{"@type":"ReadAction","target":["http:\/\/lararkarriar.se\/grundskola\/presentation\/nar-man-samarbetar-med-oss-far-man-var-kompetens-pa-kopet\/"]}]},{"@type":"ImageObject","inLanguage":"sv-SE","@id":"http:\/\/lararkarriar.se\/grundskola\/presentation\/nar-man-samarbetar-med-oss-far-man-var-kompetens-pa-kopet\/#primaryimage","url":"https:\/\/lararkarriar.se\/grundskola\/wp-content\/uploads\/sites\/12\/2019\/02\/clockwork-do7i4040.jpg","contentUrl":"https:\/\/lararkarriar.se\/grundskola\/wp-content\/uploads\/sites\/12\/2019\/02\/clockwork-do7i4040.jpg","width":1000,"height":685,"caption":"clockwork_DO7I4040"},{"@type":"BreadcrumbList","@id":"http:\/\/lararkarriar.se\/grundskola\/presentation\/nar-man-samarbetar-med-oss-far-man-var-kompetens-pa-kopet\/#breadcrumb","itemListElement":[{"@type":"ListItem","position":1,"name":"Home","item":"https:\/\/lararkarriar.se\/grundskola\/"},{"@type":"ListItem","position":2,"name":"N\u00e4r man samarbetar med oss, f\u00e5r man v\u00e5r kompetens p\u00e5 k\u00f6pet!"}]},{"@type":"WebSite","@id":"https:\/\/lararkarriar.se\/grundskola\/#website","url":"https:\/\/lararkarriar.se\/grundskola\/","name":"Framtidens Karri\u00e4r \u2013 Grundskolel\u00e4rare","description":"Just another NMDashboard.se Sites site","potentialAction":[{"@type":"SearchAction","target":{"@type":"EntryPoint","urlTemplate":"https:\/\/lararkarriar.se\/grundskola\/?s={search_term_string}"},"query-input":{"@type":"PropertyValueSpecification","valueRequired":true,"valueName":"search_term_string"}}],"inLanguage":"sv-SE"},{"@type":"Person","@id":"https:\/\/lararkarriar.se\/grundskola\/#\/schema\/person\/2a13a849ec7646386c2211f59afe3083","name":"viktorwallen","image":{"@type":"ImageObject","inLanguage":"sv-SE","@id":"https:\/\/secure.gravatar.com\/avatar\/701701bd36169636031933997c8c6b954f2f635bbb7cd4802e4a007f9c9f4e59?s=96&d=mm&r=g","url":"https:\/\/secure.gravatar.com\/avatar\/701701bd36169636031933997c8c6b954f2f635bbb7cd4802e4a007f9c9f4e59?s=96&d=mm&r=g","contentUrl":"https:\/\/secure.gravatar.com\/avatar\/701701bd36169636031933997c8c6b954f2f635bbb7cd4802e4a007f9c9f4e59?s=96&d=mm&r=g","caption":"viktorwallen"},"url":"https:\/\/lararkarriar.se\/grundskola\/author\/viktorwallen\/"}]}},"_links":{"self":[{"href":"https:\/\/lararkarriar.se\/grundskola\/wp-json\/wp\/v2\/posts\/6351","targetHints":{"allow":["GET"]}}],"collection":[{"href":"https:\/\/lararkarriar.se\/grundskola\/wp-json\/wp\/v2\/posts"}],"about":[{"href":"https:\/\/lararkarriar.se\/grundskola\/wp-json\/wp\/v2\/types\/post"}],"author":[{"embeddable":true,"href":"https:\/\/lararkarriar.se\/grundskola\/wp-json\/wp\/v2\/users\/2"}],"replies":[{"embeddable":true,"href":"https:\/\/lararkarriar.se\/grundskola\/wp-json\/wp\/v2\/comments?post=6351"}],"version-history":[{"count":0,"href":"https:\/\/lararkarriar.se\/grundskola\/wp-json\/wp\/v2\/posts\/6351\/revisions"}],"wp:featuredmedia":[{"embeddable":true,"href":"https:\/\/lararkarriar.se\/grundskola\/wp-json\/wp\/v2\/media\/6386"}],"wp:attachment":[{"href":"https:\/\/lararkarriar.se\/grundskola\/wp-json\/wp\/v2\/media?parent=6351"}],"wp:term":[{"taxonomy":"category","embeddable":true,"href":"https:\/\/lararkarriar.se\/grundskola\/wp-json\/wp\/v2\/categories?post=6351"},{"taxonomy":"post_tag","embeddable":true,"href":"https:\/\/lararkarriar.se\/grundskola\/wp-json\/wp\/v2\/tags?post=6351"}],"curies":[{"name":"wp","href":"https:\/\/api.w.org\/{rel}","templated":true}]}}