{"id":6399,"date":"2019-02-13T11:59:21","date_gmt":"2019-02-13T09:59:21","guid":{"rendered":"http:\/\/lararkarriar.se\/grundskola\/?p=6399"},"modified":"2019-02-13T11:59:21","modified_gmt":"2019-02-13T09:59:21","slug":"tillsammans-skapar-vi-varje-elevs-basta-skola","status":"publish","type":"post","link":"https:\/\/lararkarriar.se\/grundskola\/2019\/02\/13\/tillsammans-skapar-vi-varje-elevs-basta-skola\/","title":{"rendered":"Tillsammans skapar vi varje elevs b\u00e4sta skola"},"content":{"rendered":"<figure id=\"attachment_6400\" aria-describedby=\"caption-attachment-6400\" style=\"width: 1000px\" class=\"wp-caption alignnone\"><img loading=\"lazy\" decoding=\"async\" src=\"https:\/\/lararkarriar.se\/grundskola\/wp-content\/uploads\/sites\/12\/2019\/02\/malmo-img-0545.jpg\" alt=\"Ingrid Sundstr\u00f6m Stokbro, utbildningschef och Malin Ullman, projektledare i grundskolef\u00f6rvaltningen\" width=\"1000\" height=\"664\" class=\"size-full wp-image-6400\" srcset=\"https:\/\/lararkarriar.se\/grundskola\/wp-content\/uploads\/sites\/12\/2019\/02\/malmo-img-0545.jpg 1000w, https:\/\/lararkarriar.se\/grundskola\/wp-content\/uploads\/sites\/12\/2019\/02\/malmo-img-0545-300x199.jpg 300w, https:\/\/lararkarriar.se\/grundskola\/wp-content\/uploads\/sites\/12\/2019\/02\/malmo-img-0545-768x510.jpg 768w, https:\/\/lararkarriar.se\/grundskola\/wp-content\/uploads\/sites\/12\/2019\/02\/malmo-img-0545-241x160.jpg 241w, https:\/\/lararkarriar.se\/grundskola\/wp-content\/uploads\/sites\/12\/2019\/02\/malmo-img-0545-526x349.jpg 526w, https:\/\/lararkarriar.se\/grundskola\/wp-content\/uploads\/sites\/12\/2019\/02\/malmo-img-0545-720x478.jpg 720w, https:\/\/lararkarriar.se\/grundskola\/wp-content\/uploads\/sites\/12\/2019\/02\/malmo-img-0545-960x637.jpg 960w\" sizes=\"auto, (max-width: 1000px) 100vw, 1000px\" \/><figcaption id=\"caption-attachment-6400\" class=\"wp-caption-text\">Ingrid Sundstr\u00f6m Stokbro, utbildningschef och Malin Ullman, projektledare i grundskolef\u00f6rvaltningen<\/figcaption><\/figure>\n<p><strong>I Malm\u00f6 har man tagit ett unikt helhetsgrepp om skolutveckling med m\u00e5let att helt och h\u00e5llet leva upp till l\u00e4roplan och skollag. Arbetet g\u00f6rs tillsammans med alla medarbetare och \u00e4r baserat p\u00e5 internationell och nationell forskning om framg\u00e5ngsrika skolsystem.<\/strong><\/p>\n<p>\u2013 Vi arbetar systematiskt tillsammans med alla medarbetare i ett utvecklingsprojekt vi kallar varje elevs b\u00e4sta skola, ber\u00e4ttar Malin Ullman, projektledare i grundskolef\u00f6rvaltningen.<br \/>\nF\u00f6r att kunna arbeta strukturerat och likv\u00e4rdigt har man tagit fram ett strategiskt ramverk. Ramverket pekar ut en gemensam riktning och ett l\u00e5ngsiktigt tillv\u00e4gag\u00e5ngss\u00e4tt f\u00f6r s\u00e5v\u00e4l medarbetare och skolor som f\u00f6rvaltningen som helhet.<br \/>\n\u2013 Vi litar p\u00e5 att professionen unders\u00f6ker undervisningen, f\u00f6ljer elevens l\u00e4rande och utvecklar det, s\u00e4ger Ingrid Sundstr\u00f6m Stokbro, utbildningschef i grundskolef\u00f6rvaltningen. F\u00f6rvaltningen hj\u00e4lper till med struktur och system f\u00f6r ett unders\u00f6kande f\u00f6rh\u00e5llnings\u00e4tt och systematiskt kvalitetsarbete. Vi pr\u00f6var och l\u00e4r tillsammans, men allt sker systematiskt och p\u00e5 vetenskaplig grund och bepr\u00f6vad erfarenhet.<br \/>\n\u2013 Och anledningen till att vi har system och ramar \u00e4r att det inte ska h\u00e4nda i ett klassrum eller f\u00f6r en elev utan det ska h\u00e4nda hos alla, flikar Malin in. Hur man sedan oms\u00e4tter det i handling ute p\u00e5 skolorna \u00e4r upp till varje skolledare, arbetslag och l\u00e4rare att best\u00e4mma, f\u00f6r sj\u00e4lva genomf\u00f6randet sker ju d\u00e4r.<br \/>\n\u2013 Elevens l\u00e4rande ska st\u00e5 i fokus, det \u00e4r v\u00e5rt k\u00e4rnuppdrag och det som alla ska ha f\u00f6r \u00f6gonen oavsett profession, s\u00e4ger Ingrid. Och f\u00f6r att du som l\u00e4rare ska kunna f\u00e5 till utveckling i ditt klassrum s\u00e5 \u00e4r det du och dina kollegor som m\u00e5ste l\u00e4ra kollektivt och f\u00f6rb\u00e4ttra, men med ett gediget system i ryggen som du kan luta dig mot. L\u00e4rare kan inte och ska inte ensamma beh\u00f6va ta ansvar f\u00f6r kvaliteten i skolan.<\/p>\n<p><strong>Vetenskaplig grund \u00e4r ledord<\/strong><br \/>\nAtt arbeta utifr\u00e5n vetenskaplig grund \u00e4r n\u00e5got de b\u00e5da betonar. D\u00e4rf\u00f6r \u00e4r arbetet med varje elevs b\u00e4sta skola inte n\u00e5got som sker godtyckligt utan baseras p\u00e5 s\u00e5v\u00e4l nationell som internationell forskning. I arbetet med varje elevs b\u00e4sta skola f\u00f6ljer dessutom tv\u00e5 forskare arbetet med att implementera strategierna och unders\u00f6ker hur det tar sig uttryck p\u00e5 skolorna.<br \/>\n\u2013 Fokus \u00e4r inte p\u00e5 enskilda lektioner, l\u00e4rare eller situationer. Vi str\u00e4var mot ett framg\u00e5ngsrikt skolsystem. Likv\u00e4rdighet handlar om att alla elever har r\u00e4tt att n\u00e5 m\u00e5len, att all undervisning ska h\u00e5lla h\u00f6g kvalitet och att varje elev ska f\u00e5 st\u00f6d utifr\u00e5n sina behov och f\u00f6ruts\u00e4ttningar. Och det \u00e4r just det varje elevs b\u00e4sta skola handlar om, avslutar Ingrid.<\/p>\n<p><strong><a href=\"https:\/\/malmo.se\/fragaensomvet\" title=\"Malm\u00f6 stad pres jobb ans\u00f6k\" rel=\"noopener noreferrer\" target=\"_blank\">Jobba som grundskoll\u00e4rare i Malm\u00f6 stad. Se v\u00e5ra lediga tj\u00e4nster h\u00e4r<\/a><\/strong><\/p>\n<div class=\"faktaruta-title\">Malm\u00f6 stads grundskolor<\/div><div class=\"faktaruta\">I Malm\u00f6s drygt 76 kommunala grundskolor g\u00e5r cirka 31600 elever. Inom grundskolef\u00f6rvaltningen arbetar 5650 medarbetare. F\u00f6rvaltningen satsar stort p\u00e5 det pedagogiska st\u00f6det till skolorna och samarbetar med forskare s\u00e5v\u00e4l internationellt som nationellt. I varje elevs b\u00e4sta skola uppfylls skolf\u00f6rfattningarnas krav, intentioner och m\u00e5ls\u00e4ttning helt och h\u00e5llet. Fokus ligger inte p\u00e5 enskilda lektioner, l\u00e4rare eller situationer. Str\u00e4van \u00e4r mot ett framg\u00e5ngsrikt skolsystem \u2013 inte enskilda framg\u00e5ngsrika skolor.<\/p>\n<p><strong>Grundskolef\u00f6rvaltningen, Malm\u00f6 stad<\/strong><br \/>\nE-post: <em><a href=\"mailto:grundskola@malmo.se\" title=\"Malm\u00f6 stad mail\">grundskola@malmo.se<\/a><\/em><br \/>\nTel: 040-34 90 90<br \/>\n<strong><a href=\"https:\/\/malmo.se\/grundskola\" title=\"Malm\u00f6 stad textlink\" rel=\"noopener noreferrer\" target=\"_blank\">www.malmo.se\/grundskola<\/a><\/strong><\/p>\n<p><a href=\"https:\/\/malmo.se\/grundskola\" title=\"Malm\u00f6 stad logotype\" rel=\"noopener noreferrer\" target=\"_blank\"><img loading=\"lazy\" decoding=\"async\" src=\"https:\/\/lararkarriar.se\/grundskola\/wp-content\/uploads\/sites\/12\/2019\/02\/malmo-stad-logga-farg.png\" alt=\"Malm\u00f6 stad logotype\" width=\"171\" height=\"228\" class=\"alignnone size-full wp-image-6404\" srcset=\"https:\/\/lararkarriar.se\/grundskola\/wp-content\/uploads\/sites\/12\/2019\/02\/malmo-stad-logga-farg.png 500w, https:\/\/lararkarriar.se\/grundskola\/wp-content\/uploads\/sites\/12\/2019\/02\/malmo-stad-logga-farg-224x300.png 224w, https:\/\/lararkarriar.se\/grundskola\/wp-content\/uploads\/sites\/12\/2019\/02\/malmo-stad-logga-farg-120x160.png 120w\" sizes=\"auto, (max-width: 171px) 100vw, 171px\" \/><\/a><br \/>\n<\/div>\n","protected":false},"excerpt":{"rendered":"<p>I Malm\u00f6 har man tagit ett unikt helhetsgrepp om skolutveckling med m\u00e5let att helt och&#8230;<\/p>\n","protected":false},"author":2,"featured_media":6400,"comment_status":"closed","ping_status":"open","sticky":false,"template":"","format":"standard","meta":{"_acf_changed":false,"_monsterinsights_skip_tracking":false,"_monsterinsights_sitenote_active":false,"_monsterinsights_sitenote_note":"","_monsterinsights_sitenote_category":0,"footnotes":""},"categories":[7],"tags":[121,236,342],"class_list":["post-6399","post","type-post","status-publish","format-standard","has-post-thumbnail","hentry","category-presentation","tag-grundskola","tag-malmo-stad","tag-skolutveckling"],"acf":[],"yoast_head":"<!-- This site is optimized with the Yoast SEO plugin v27.3 - https:\/\/yoast.com\/product\/yoast-seo-wordpress\/ -->\n<title>Tillsammans skapar vi varje elevs b\u00e4sta skola - Framtidens Karri\u00e4r \u2013 Grundskolel\u00e4rare<\/title>\n<meta name=\"robots\" content=\"index, follow, max-snippet:-1, max-image-preview:large, max-video-preview:-1\" \/>\n<link rel=\"canonical\" href=\"https:\/\/lararkarriar.se\/grundskola\/2019\/02\/13\/tillsammans-skapar-vi-varje-elevs-basta-skola\/\" \/>\n<meta property=\"og:locale\" content=\"sv_SE\" \/>\n<meta property=\"og:type\" content=\"article\" \/>\n<meta property=\"og:title\" content=\"Tillsammans skapar vi varje elevs b\u00e4sta skola - Framtidens Karri\u00e4r \u2013 Grundskolel\u00e4rare\" \/>\n<meta property=\"og:description\" content=\"I Malm\u00f6 har man tagit ett unikt helhetsgrepp om skolutveckling med m\u00e5let att helt och...\" \/>\n<meta property=\"og:url\" content=\"https:\/\/lararkarriar.se\/grundskola\/2019\/02\/13\/tillsammans-skapar-vi-varje-elevs-basta-skola\/\" \/>\n<meta property=\"og:site_name\" content=\"Framtidens Karri\u00e4r \u2013 Grundskolel\u00e4rare\" \/>\n<meta property=\"article:published_time\" content=\"2019-02-13T09:59:21+00:00\" \/>\n<meta property=\"og:image\" content=\"https:\/\/lararkarriar.se\/grundskola\/wp-content\/uploads\/sites\/12\/2019\/02\/malmo-img-0545.jpg\" \/>\n\t<meta property=\"og:image:width\" content=\"1000\" \/>\n\t<meta property=\"og:image:height\" content=\"664\" \/>\n\t<meta property=\"og:image:type\" content=\"image\/jpeg\" \/>\n<meta name=\"author\" content=\"viktorwallen\" \/>\n<meta name=\"twitter:card\" content=\"summary_large_image\" \/>\n<meta name=\"twitter:label1\" content=\"Skriven av\" \/>\n\t<meta name=\"twitter:data1\" content=\"viktorwallen\" \/>\n\t<meta name=\"twitter:label2\" content=\"Ber\u00e4knad l\u00e4stid\" \/>\n\t<meta name=\"twitter:data2\" content=\"3 minuter\" \/>\n<script type=\"application\/ld+json\" class=\"yoast-schema-graph\">{\"@context\":\"https:\\\/\\\/schema.org\",\"@graph\":[{\"@type\":\"Article\",\"@id\":\"https:\\\/\\\/lararkarriar.se\\\/grundskola\\\/2019\\\/02\\\/13\\\/tillsammans-skapar-vi-varje-elevs-basta-skola\\\/#article\",\"isPartOf\":{\"@id\":\"https:\\\/\\\/lararkarriar.se\\\/grundskola\\\/2019\\\/02\\\/13\\\/tillsammans-skapar-vi-varje-elevs-basta-skola\\\/\"},\"author\":{\"name\":\"viktorwallen\",\"@id\":\"https:\\\/\\\/lararkarriar.se\\\/grundskola\\\/#\\\/schema\\\/person\\\/2a13a849ec7646386c2211f59afe3083\"},\"headline\":\"Tillsammans skapar vi varje elevs b\u00e4sta skola\",\"datePublished\":\"2019-02-13T09:59:21+00:00\",\"mainEntityOfPage\":{\"@id\":\"https:\\\/\\\/lararkarriar.se\\\/grundskola\\\/2019\\\/02\\\/13\\\/tillsammans-skapar-vi-varje-elevs-basta-skola\\\/\"},\"wordCount\":618,\"image\":{\"@id\":\"https:\\\/\\\/lararkarriar.se\\\/grundskola\\\/2019\\\/02\\\/13\\\/tillsammans-skapar-vi-varje-elevs-basta-skola\\\/#primaryimage\"},\"thumbnailUrl\":\"https:\\\/\\\/lararkarriar.se\\\/grundskola\\\/wp-content\\\/uploads\\\/sites\\\/12\\\/2019\\\/02\\\/malmo-img-0545.jpg\",\"keywords\":[\"Grundskola\",\"Malm\u00f6 stad\",\"Skolutveckling\"],\"articleSection\":[\"Presentation\"],\"inLanguage\":\"sv-SE\"},{\"@type\":\"WebPage\",\"@id\":\"https:\\\/\\\/lararkarriar.se\\\/grundskola\\\/2019\\\/02\\\/13\\\/tillsammans-skapar-vi-varje-elevs-basta-skola\\\/\",\"url\":\"https:\\\/\\\/lararkarriar.se\\\/grundskola\\\/2019\\\/02\\\/13\\\/tillsammans-skapar-vi-varje-elevs-basta-skola\\\/\",\"name\":\"Tillsammans skapar vi varje elevs b\u00e4sta skola - Framtidens Karri\u00e4r \u2013 Grundskolel\u00e4rare\",\"isPartOf\":{\"@id\":\"https:\\\/\\\/lararkarriar.se\\\/grundskola\\\/#website\"},\"primaryImageOfPage\":{\"@id\":\"https:\\\/\\\/lararkarriar.se\\\/grundskola\\\/2019\\\/02\\\/13\\\/tillsammans-skapar-vi-varje-elevs-basta-skola\\\/#primaryimage\"},\"image\":{\"@id\":\"https:\\\/\\\/lararkarriar.se\\\/grundskola\\\/2019\\\/02\\\/13\\\/tillsammans-skapar-vi-varje-elevs-basta-skola\\\/#primaryimage\"},\"thumbnailUrl\":\"https:\\\/\\\/lararkarriar.se\\\/grundskola\\\/wp-content\\\/uploads\\\/sites\\\/12\\\/2019\\\/02\\\/malmo-img-0545.jpg\",\"datePublished\":\"2019-02-13T09:59:21+00:00\",\"author\":{\"@id\":\"https:\\\/\\\/lararkarriar.se\\\/grundskola\\\/#\\\/schema\\\/person\\\/2a13a849ec7646386c2211f59afe3083\"},\"breadcrumb\":{\"@id\":\"https:\\\/\\\/lararkarriar.se\\\/grundskola\\\/2019\\\/02\\\/13\\\/tillsammans-skapar-vi-varje-elevs-basta-skola\\\/#breadcrumb\"},\"inLanguage\":\"sv-SE\",\"potentialAction\":[{\"@type\":\"ReadAction\",\"target\":[\"https:\\\/\\\/lararkarriar.se\\\/grundskola\\\/2019\\\/02\\\/13\\\/tillsammans-skapar-vi-varje-elevs-basta-skola\\\/\"]}]},{\"@type\":\"ImageObject\",\"inLanguage\":\"sv-SE\",\"@id\":\"https:\\\/\\\/lararkarriar.se\\\/grundskola\\\/2019\\\/02\\\/13\\\/tillsammans-skapar-vi-varje-elevs-basta-skola\\\/#primaryimage\",\"url\":\"https:\\\/\\\/lararkarriar.se\\\/grundskola\\\/wp-content\\\/uploads\\\/sites\\\/12\\\/2019\\\/02\\\/malmo-img-0545.jpg\",\"contentUrl\":\"https:\\\/\\\/lararkarriar.se\\\/grundskola\\\/wp-content\\\/uploads\\\/sites\\\/12\\\/2019\\\/02\\\/malmo-img-0545.jpg\",\"width\":1000,\"height\":664,\"caption\":\"Ingrid Sundstr\u00f6m Stokbro, utbildningschef och Malin Ullman, projektledare i grundskolef\u00f6rvaltningen\"},{\"@type\":\"BreadcrumbList\",\"@id\":\"https:\\\/\\\/lararkarriar.se\\\/grundskola\\\/2019\\\/02\\\/13\\\/tillsammans-skapar-vi-varje-elevs-basta-skola\\\/#breadcrumb\",\"itemListElement\":[{\"@type\":\"ListItem\",\"position\":1,\"name\":\"Home\",\"item\":\"https:\\\/\\\/lararkarriar.se\\\/grundskola\\\/\"},{\"@type\":\"ListItem\",\"position\":2,\"name\":\"Tillsammans skapar vi varje elevs b\u00e4sta skola\"}]},{\"@type\":\"WebSite\",\"@id\":\"https:\\\/\\\/lararkarriar.se\\\/grundskola\\\/#website\",\"url\":\"https:\\\/\\\/lararkarriar.se\\\/grundskola\\\/\",\"name\":\"Framtidens Karri\u00e4r \u2013 Grundskolel\u00e4rare\",\"description\":\"Just another NMDashboard.se Sites site\",\"potentialAction\":[{\"@type\":\"SearchAction\",\"target\":{\"@type\":\"EntryPoint\",\"urlTemplate\":\"https:\\\/\\\/lararkarriar.se\\\/grundskola\\\/?s={search_term_string}\"},\"query-input\":{\"@type\":\"PropertyValueSpecification\",\"valueRequired\":true,\"valueName\":\"search_term_string\"}}],\"inLanguage\":\"sv-SE\"},{\"@type\":\"Person\",\"@id\":\"https:\\\/\\\/lararkarriar.se\\\/grundskola\\\/#\\\/schema\\\/person\\\/2a13a849ec7646386c2211f59afe3083\",\"name\":\"viktorwallen\",\"image\":{\"@type\":\"ImageObject\",\"inLanguage\":\"sv-SE\",\"@id\":\"https:\\\/\\\/secure.gravatar.com\\\/avatar\\\/701701bd36169636031933997c8c6b954f2f635bbb7cd4802e4a007f9c9f4e59?s=96&d=mm&r=g\",\"url\":\"https:\\\/\\\/secure.gravatar.com\\\/avatar\\\/701701bd36169636031933997c8c6b954f2f635bbb7cd4802e4a007f9c9f4e59?s=96&d=mm&r=g\",\"contentUrl\":\"https:\\\/\\\/secure.gravatar.com\\\/avatar\\\/701701bd36169636031933997c8c6b954f2f635bbb7cd4802e4a007f9c9f4e59?s=96&d=mm&r=g\",\"caption\":\"viktorwallen\"},\"url\":\"https:\\\/\\\/lararkarriar.se\\\/grundskola\\\/author\\\/viktorwallen\\\/\"}]}<\/script>\n<!-- \/ Yoast SEO plugin. -->","yoast_head_json":{"title":"Tillsammans skapar vi varje elevs b\u00e4sta skola - Framtidens Karri\u00e4r \u2013 Grundskolel\u00e4rare","robots":{"index":"index","follow":"follow","max-snippet":"max-snippet:-1","max-image-preview":"max-image-preview:large","max-video-preview":"max-video-preview:-1"},"canonical":"https:\/\/lararkarriar.se\/grundskola\/2019\/02\/13\/tillsammans-skapar-vi-varje-elevs-basta-skola\/","og_locale":"sv_SE","og_type":"article","og_title":"Tillsammans skapar vi varje elevs b\u00e4sta skola - Framtidens Karri\u00e4r \u2013 Grundskolel\u00e4rare","og_description":"I Malm\u00f6 har man tagit ett unikt helhetsgrepp om skolutveckling med m\u00e5let att helt och...","og_url":"https:\/\/lararkarriar.se\/grundskola\/2019\/02\/13\/tillsammans-skapar-vi-varje-elevs-basta-skola\/","og_site_name":"Framtidens Karri\u00e4r \u2013 Grundskolel\u00e4rare","article_published_time":"2019-02-13T09:59:21+00:00","og_image":[{"width":1000,"height":664,"url":"https:\/\/lararkarriar.se\/grundskola\/wp-content\/uploads\/sites\/12\/2019\/02\/malmo-img-0545.jpg","type":"image\/jpeg"}],"author":"viktorwallen","twitter_card":"summary_large_image","twitter_misc":{"Skriven av":"viktorwallen","Ber\u00e4knad l\u00e4stid":"3 minuter"},"schema":{"@context":"https:\/\/schema.org","@graph":[{"@type":"Article","@id":"https:\/\/lararkarriar.se\/grundskola\/2019\/02\/13\/tillsammans-skapar-vi-varje-elevs-basta-skola\/#article","isPartOf":{"@id":"https:\/\/lararkarriar.se\/grundskola\/2019\/02\/13\/tillsammans-skapar-vi-varje-elevs-basta-skola\/"},"author":{"name":"viktorwallen","@id":"https:\/\/lararkarriar.se\/grundskola\/#\/schema\/person\/2a13a849ec7646386c2211f59afe3083"},"headline":"Tillsammans skapar vi varje elevs b\u00e4sta skola","datePublished":"2019-02-13T09:59:21+00:00","mainEntityOfPage":{"@id":"https:\/\/lararkarriar.se\/grundskola\/2019\/02\/13\/tillsammans-skapar-vi-varje-elevs-basta-skola\/"},"wordCount":618,"image":{"@id":"https:\/\/lararkarriar.se\/grundskola\/2019\/02\/13\/tillsammans-skapar-vi-varje-elevs-basta-skola\/#primaryimage"},"thumbnailUrl":"https:\/\/lararkarriar.se\/grundskola\/wp-content\/uploads\/sites\/12\/2019\/02\/malmo-img-0545.jpg","keywords":["Grundskola","Malm\u00f6 stad","Skolutveckling"],"articleSection":["Presentation"],"inLanguage":"sv-SE"},{"@type":"WebPage","@id":"https:\/\/lararkarriar.se\/grundskola\/2019\/02\/13\/tillsammans-skapar-vi-varje-elevs-basta-skola\/","url":"https:\/\/lararkarriar.se\/grundskola\/2019\/02\/13\/tillsammans-skapar-vi-varje-elevs-basta-skola\/","name":"Tillsammans skapar vi varje elevs b\u00e4sta skola - Framtidens Karri\u00e4r \u2013 Grundskolel\u00e4rare","isPartOf":{"@id":"https:\/\/lararkarriar.se\/grundskola\/#website"},"primaryImageOfPage":{"@id":"https:\/\/lararkarriar.se\/grundskola\/2019\/02\/13\/tillsammans-skapar-vi-varje-elevs-basta-skola\/#primaryimage"},"image":{"@id":"https:\/\/lararkarriar.se\/grundskola\/2019\/02\/13\/tillsammans-skapar-vi-varje-elevs-basta-skola\/#primaryimage"},"thumbnailUrl":"https:\/\/lararkarriar.se\/grundskola\/wp-content\/uploads\/sites\/12\/2019\/02\/malmo-img-0545.jpg","datePublished":"2019-02-13T09:59:21+00:00","author":{"@id":"https:\/\/lararkarriar.se\/grundskola\/#\/schema\/person\/2a13a849ec7646386c2211f59afe3083"},"breadcrumb":{"@id":"https:\/\/lararkarriar.se\/grundskola\/2019\/02\/13\/tillsammans-skapar-vi-varje-elevs-basta-skola\/#breadcrumb"},"inLanguage":"sv-SE","potentialAction":[{"@type":"ReadAction","target":["https:\/\/lararkarriar.se\/grundskola\/2019\/02\/13\/tillsammans-skapar-vi-varje-elevs-basta-skola\/"]}]},{"@type":"ImageObject","inLanguage":"sv-SE","@id":"https:\/\/lararkarriar.se\/grundskola\/2019\/02\/13\/tillsammans-skapar-vi-varje-elevs-basta-skola\/#primaryimage","url":"https:\/\/lararkarriar.se\/grundskola\/wp-content\/uploads\/sites\/12\/2019\/02\/malmo-img-0545.jpg","contentUrl":"https:\/\/lararkarriar.se\/grundskola\/wp-content\/uploads\/sites\/12\/2019\/02\/malmo-img-0545.jpg","width":1000,"height":664,"caption":"Ingrid Sundstr\u00f6m Stokbro, utbildningschef och Malin Ullman, projektledare i grundskolef\u00f6rvaltningen"},{"@type":"BreadcrumbList","@id":"https:\/\/lararkarriar.se\/grundskola\/2019\/02\/13\/tillsammans-skapar-vi-varje-elevs-basta-skola\/#breadcrumb","itemListElement":[{"@type":"ListItem","position":1,"name":"Home","item":"https:\/\/lararkarriar.se\/grundskola\/"},{"@type":"ListItem","position":2,"name":"Tillsammans skapar vi varje elevs b\u00e4sta skola"}]},{"@type":"WebSite","@id":"https:\/\/lararkarriar.se\/grundskola\/#website","url":"https:\/\/lararkarriar.se\/grundskola\/","name":"Framtidens Karri\u00e4r \u2013 Grundskolel\u00e4rare","description":"Just another NMDashboard.se Sites site","potentialAction":[{"@type":"SearchAction","target":{"@type":"EntryPoint","urlTemplate":"https:\/\/lararkarriar.se\/grundskola\/?s={search_term_string}"},"query-input":{"@type":"PropertyValueSpecification","valueRequired":true,"valueName":"search_term_string"}}],"inLanguage":"sv-SE"},{"@type":"Person","@id":"https:\/\/lararkarriar.se\/grundskola\/#\/schema\/person\/2a13a849ec7646386c2211f59afe3083","name":"viktorwallen","image":{"@type":"ImageObject","inLanguage":"sv-SE","@id":"https:\/\/secure.gravatar.com\/avatar\/701701bd36169636031933997c8c6b954f2f635bbb7cd4802e4a007f9c9f4e59?s=96&d=mm&r=g","url":"https:\/\/secure.gravatar.com\/avatar\/701701bd36169636031933997c8c6b954f2f635bbb7cd4802e4a007f9c9f4e59?s=96&d=mm&r=g","contentUrl":"https:\/\/secure.gravatar.com\/avatar\/701701bd36169636031933997c8c6b954f2f635bbb7cd4802e4a007f9c9f4e59?s=96&d=mm&r=g","caption":"viktorwallen"},"url":"https:\/\/lararkarriar.se\/grundskola\/author\/viktorwallen\/"}]}},"_links":{"self":[{"href":"https:\/\/lararkarriar.se\/grundskola\/wp-json\/wp\/v2\/posts\/6399","targetHints":{"allow":["GET"]}}],"collection":[{"href":"https:\/\/lararkarriar.se\/grundskola\/wp-json\/wp\/v2\/posts"}],"about":[{"href":"https:\/\/lararkarriar.se\/grundskola\/wp-json\/wp\/v2\/types\/post"}],"author":[{"embeddable":true,"href":"https:\/\/lararkarriar.se\/grundskola\/wp-json\/wp\/v2\/users\/2"}],"replies":[{"embeddable":true,"href":"https:\/\/lararkarriar.se\/grundskola\/wp-json\/wp\/v2\/comments?post=6399"}],"version-history":[{"count":0,"href":"https:\/\/lararkarriar.se\/grundskola\/wp-json\/wp\/v2\/posts\/6399\/revisions"}],"wp:featuredmedia":[{"embeddable":true,"href":"https:\/\/lararkarriar.se\/grundskola\/wp-json\/wp\/v2\/media\/6400"}],"wp:attachment":[{"href":"https:\/\/lararkarriar.se\/grundskola\/wp-json\/wp\/v2\/media?parent=6399"}],"wp:term":[{"taxonomy":"category","embeddable":true,"href":"https:\/\/lararkarriar.se\/grundskola\/wp-json\/wp\/v2\/categories?post=6399"},{"taxonomy":"post_tag","embeddable":true,"href":"https:\/\/lararkarriar.se\/grundskola\/wp-json\/wp\/v2\/tags?post=6399"}],"curies":[{"name":"wp","href":"https:\/\/api.w.org\/{rel}","templated":true}]}}