{"id":6406,"date":"2019-02-13T14:34:43","date_gmt":"2019-02-13T12:34:43","guid":{"rendered":"http:\/\/lararkarriar.se\/grundskola\/?p=6406"},"modified":"2019-02-13T14:34:43","modified_gmt":"2019-02-13T12:34:43","slug":"mojligheter-och-variation-i-mora","status":"publish","type":"post","link":"https:\/\/lararkarriar.se\/grundskola\/2019\/02\/13\/mojligheter-och-variation-i-mora\/","title":{"rendered":"M\u00f6jligheter och variation i Mora"},"content":{"rendered":"<p><figure id=\"attachment_6418\" aria-describedby=\"caption-attachment-6418\" style=\"width: 1000px\" class=\"wp-caption alignnone\"><img loading=\"lazy\" decoding=\"async\" src=\"https:\/\/lararkarriar.se\/grundskola\/wp-content\/uploads\/sites\/12\/2019\/02\/mora-img-5077a.jpg\" alt=\"Lina Stick\u00e5, f\u00f6rstel\u00e4rare och Inga-Lena Spansk, skolchef. Foto: Sara Lansgren\" width=\"1000\" height=\"627\" class=\"size-full wp-image-6418\" srcset=\"https:\/\/lararkarriar.se\/grundskola\/wp-content\/uploads\/sites\/12\/2019\/02\/mora-img-5077a.jpg 1000w, https:\/\/lararkarriar.se\/grundskola\/wp-content\/uploads\/sites\/12\/2019\/02\/mora-img-5077a-300x188.jpg 300w, https:\/\/lararkarriar.se\/grundskola\/wp-content\/uploads\/sites\/12\/2019\/02\/mora-img-5077a-768x482.jpg 768w, https:\/\/lararkarriar.se\/grundskola\/wp-content\/uploads\/sites\/12\/2019\/02\/mora-img-5077a-255x160.jpg 255w, https:\/\/lararkarriar.se\/grundskola\/wp-content\/uploads\/sites\/12\/2019\/02\/mora-img-5077a-526x330.jpg 526w, https:\/\/lararkarriar.se\/grundskola\/wp-content\/uploads\/sites\/12\/2019\/02\/mora-img-5077a-720x451.jpg 720w, https:\/\/lararkarriar.se\/grundskola\/wp-content\/uploads\/sites\/12\/2019\/02\/mora-img-5077a-960x602.jpg 960w\" sizes=\"auto, (max-width: 1000px) 100vw, 1000px\" \/><figcaption id=\"caption-attachment-6418\" class=\"wp-caption-text\">Lina Stick\u00e5, f\u00f6rstel\u00e4rare och Inga-Lena Spansk, skolchef. Foto: Sara Lansgren<\/figcaption><\/figure><strong>I Mora kommun p\u00e5g\u00e5r ett systematiskt kvalitetsarbete, med syftet att kontinuerligt skapa m\u00f6jligheter f\u00f6r framsteg f\u00f6r s\u00e5v\u00e4l l\u00e4rare som elever. Resultatet \u00e4r en utvecklande arbetsmilj\u00f6 med m\u00e5nga intressanta karri\u00e4r- och utvecklingsm\u00f6jligheter. <\/strong><\/p>\n<p>Mora \u00e4r platsen f\u00f6r aktiva pedagoger som trivs med sitt jobb och vill vara en del av att utveckla skolan. F\u00f6r Lina Stick\u00e5, f\u00f6rstel\u00e4rare i matematik, var det en avg\u00f6rande aspekt n\u00e4r hon valde att g\u00e5 tillbaka till klassrummet fr\u00e5n sitt jobb som rektor.<br \/>\n\u2013 H\u00e4r har jag f\u00f6rm\u00e5nen att b\u00e5de ta del av klassrummets alla utmaningar och vara delaktig i m\u00e5nga utvecklingsfr\u00e5gor. Mora har en stark vilja och tradition vad g\u00e4ller att st\u00e4ndigt f\u00f6rb\u00e4ttras, och det tilltalar mig. Dessutom har kommunen etablerat m\u00e5nga positiva st\u00f6dfunktioner, s\u00e5som digitaliseringsst\u00f6d, \u00e4mneslag och studiepedagoger, som tagit \u00f6ver vissa kringuppgifter f\u00f6r l\u00e4rarna, s\u00e5 man \u00e4r aldrig ensam i sin yrkesroll. <\/p>\n<p><strong>Systematiskt kvalitetsutvecklingsarbete<\/strong><br \/>\nSatsningarna p\u00e5 utveckling genomsyrar kommunens verksamhet och m\u00e4rks inte minst p\u00e5 dess tydliga satsning p\u00e5 fortbildningsm\u00f6jligheter. F\u00f6rutom ett l\u00e5ngtg\u00e5ende samarbete med h\u00f6gskolan i Dalarna finns \u00e4ven m\u00f6jligheter att vidareutbilda sig p\u00e5 andra l\u00e4ros\u00e4ten, men det g\u00f6rs ocks\u00e5 stora insatser p\u00e5 hemmaplan. Bland annat har kommunen tillsammans med h\u00f6gskolan i Dalarna lanserat s\u00e5 kallad arbetsintegrerad l\u00e4rarutbildning, d\u00e4r studenter kan arbeta vid Moras skolor samtidigt som de utbildar sig till l\u00e4rare.<br \/>\n\u2013 Vi driver ett systematiskt kvalitetsarbete som kommer alla parter till gagn. St\u00f6det fr\u00e5n H\u00f6gskolan Dalarna har mynnat ut i Noretmodellen, ett lektionsuppl\u00e4gg vars syfte \u00e4r att genom tydlighet och tillg\u00e4nglighet skapa studiero och motivation f\u00f6r alla elever, ber\u00e4ttar skolchefen Inga-Lena Spansk.<\/p>\n<p><strong>Det finns plats i Mora<\/strong><br \/>\nArbetet bedrivs med avstamp i kommunens v\u00e4rdegrund \u2013 alla \u00e4r olika, och lika bra. Fr\u00e5gar man Inga-Lena \u00e4r mottot en fundamental f\u00f6ruts\u00e4ttning f\u00f6r att kunna ta vara p\u00e5 alla de kompetenser och erfarenheter som finns inom kommunen.<br \/>\n\u2013 Till syvende och sist handlar satsningarna i Mora kommun om skolutveckling. Oavsett om man vill jobba med stora fr\u00e5gor eller med sm\u00e5, finns en plats f\u00f6r alla h\u00e4r i Mora, avslutar hon.<\/p>\n<p><strong><a href=\"https:\/\/morakommun.se\/naringsliv-och-arbete\/jobba-hos-oss\/lediga-jobb.html\" title=\"Mora pres jobb ans\u00f6k\" rel=\"noopener noreferrer\" target=\"_blank\">L\u00e4s mer om v\u00e5ra lediga tj\u00e4nster inom Mora kommun, klicka h\u00e4r!<\/a><\/strong><\/p>\n<div class=\"faktaruta-title\">Mora kommun<\/div><div class=\"faktaruta\">Mora kommun har v\u00e4l fungerande skolor med skickliga l\u00e4rare, skolledare och elever. En anledning till de goda resultaten \u00e4r en medveten satsning p\u00e5 engagerad och kompetent personal, kompetensutveckling och l\u00e4rarlyftssatsningar. Det kollegiala l\u00e4randet \u00e4r en av de genomgripande insatser som bildar en r\u00f6d tr\u00e5d fr\u00e5n f\u00f6rskola till h\u00f6gskola och ett av sk\u00e4len till den h\u00f6ga trivseln och det goda samarbetet.<\/p>\n<p>Mora kommun<br \/>\nTel: 0250-260 00<br \/>\n<em>E-post: <a href=\"mailto:mora.kommun@mora.se\" title=\"Mora mail\">mora.kommun@mora.se<\/a><\/em><br \/>\n<strong><a href=\"http:\/\/www.morakommun.se\" title=\"Mora textlink\" rel=\"noopener noreferrer\" target=\"_blank\">www.morakommun.se<\/a><\/strong><\/br><br \/>\n<a href=\"http:\/\/www.morakommun.se\" title=\"Mora logotype\" rel=\"noopener noreferrer\" target=\"_blank\"><img loading=\"lazy\" decoding=\"async\" src=\"http:\/\/lararkarriar.se\/grundskola\/wp-content\/uploads\/2019\/02\/mora_kommun_logo_cmyk-530x192.png\" alt=\"\" width=\"332\" height=\"120\" class=\"alignnone size-large wp-image-6426\" \/><\/a><\/div>\n","protected":false},"excerpt":{"rendered":"<p>I Mora kommun p\u00e5g\u00e5r ett systematiskt kvalitetsarbete, med syftet att kontinuerligt skapa m\u00f6jligheter f\u00f6r framsteg&#8230;<\/p>\n","protected":false},"author":3,"featured_media":6418,"comment_status":"closed","ping_status":"open","sticky":false,"template":"","format":"standard","meta":{"_acf_changed":false,"_monsterinsights_skip_tracking":false,"_monsterinsights_sitenote_active":false,"_monsterinsights_sitenote_note":"","_monsterinsights_sitenote_category":0,"footnotes":""},"categories":[7],"tags":[22,174,194,253,372,427,431],"class_list":["post-6406","post","type-post","status-publish","format-standard","has-post-thumbnail","hentry","category-presentation","tag-arbetsmiljo","tag-kompetensutveckling","tag-kvalitetsarbete","tag-mora-kommun","tag-studiero","tag-utveckling","tag-vardegrund"],"acf":[],"yoast_head":"<!-- This site is optimized with the Yoast SEO plugin v27.3 - https:\/\/yoast.com\/product\/yoast-seo-wordpress\/ -->\n<title>M\u00f6jligheter och variation i Mora - Framtidens Karri\u00e4r \u2013 Grundskolel\u00e4rare<\/title>\n<meta name=\"robots\" content=\"index, follow, max-snippet:-1, max-image-preview:large, max-video-preview:-1\" \/>\n<link rel=\"canonical\" href=\"https:\/\/lararkarriar.se\/grundskola\/2019\/02\/13\/mojligheter-och-variation-i-mora\/\" \/>\n<meta property=\"og:locale\" content=\"sv_SE\" \/>\n<meta property=\"og:type\" content=\"article\" \/>\n<meta property=\"og:title\" content=\"M\u00f6jligheter och variation i Mora - Framtidens Karri\u00e4r \u2013 Grundskolel\u00e4rare\" \/>\n<meta property=\"og:description\" content=\"I Mora kommun p\u00e5g\u00e5r ett systematiskt kvalitetsarbete, med syftet att kontinuerligt skapa m\u00f6jligheter f\u00f6r framsteg...\" \/>\n<meta property=\"og:url\" content=\"https:\/\/lararkarriar.se\/grundskola\/2019\/02\/13\/mojligheter-och-variation-i-mora\/\" \/>\n<meta property=\"og:site_name\" content=\"Framtidens Karri\u00e4r \u2013 Grundskolel\u00e4rare\" \/>\n<meta property=\"article:published_time\" content=\"2019-02-13T12:34:43+00:00\" \/>\n<meta property=\"og:image\" content=\"https:\/\/lararkarriar.se\/grundskola\/wp-content\/uploads\/sites\/12\/2019\/02\/mora-img-5077a.jpg\" \/>\n\t<meta property=\"og:image:width\" content=\"1000\" \/>\n\t<meta property=\"og:image:height\" content=\"627\" \/>\n\t<meta property=\"og:image:type\" content=\"image\/jpeg\" \/>\n<meta name=\"author\" content=\"stellanstal\" \/>\n<meta name=\"twitter:card\" content=\"summary_large_image\" \/>\n<meta name=\"twitter:label1\" content=\"Skriven av\" \/>\n\t<meta name=\"twitter:data1\" content=\"stellanstal\" \/>\n\t<meta name=\"twitter:label2\" content=\"Ber\u00e4knad l\u00e4stid\" \/>\n\t<meta name=\"twitter:data2\" content=\"3 minuter\" \/>\n<script type=\"application\/ld+json\" class=\"yoast-schema-graph\">{\"@context\":\"https:\\\/\\\/schema.org\",\"@graph\":[{\"@type\":\"Article\",\"@id\":\"https:\\\/\\\/lararkarriar.se\\\/grundskola\\\/2019\\\/02\\\/13\\\/mojligheter-och-variation-i-mora\\\/#article\",\"isPartOf\":{\"@id\":\"https:\\\/\\\/lararkarriar.se\\\/grundskola\\\/2019\\\/02\\\/13\\\/mojligheter-och-variation-i-mora\\\/\"},\"author\":{\"name\":\"stellanstal\",\"@id\":\"https:\\\/\\\/lararkarriar.se\\\/grundskola\\\/#\\\/schema\\\/person\\\/c8a43eb855191e573b73ecf8987a3b99\"},\"headline\":\"M\u00f6jligheter och variation i Mora\",\"datePublished\":\"2019-02-13T12:34:43+00:00\",\"mainEntityOfPage\":{\"@id\":\"https:\\\/\\\/lararkarriar.se\\\/grundskola\\\/2019\\\/02\\\/13\\\/mojligheter-och-variation-i-mora\\\/\"},\"wordCount\":512,\"image\":{\"@id\":\"https:\\\/\\\/lararkarriar.se\\\/grundskola\\\/2019\\\/02\\\/13\\\/mojligheter-och-variation-i-mora\\\/#primaryimage\"},\"thumbnailUrl\":\"https:\\\/\\\/lararkarriar.se\\\/grundskola\\\/wp-content\\\/uploads\\\/sites\\\/12\\\/2019\\\/02\\\/mora-img-5077a.jpg\",\"keywords\":[\"Arbetsmilj\u00f6\",\"Kompetensutveckling\",\"Kvalitetsarbete\",\"Mora kommun\",\"Studiero\",\"Utveckling\",\"V\u00e4rdegrund\"],\"articleSection\":[\"Presentation\"],\"inLanguage\":\"sv-SE\"},{\"@type\":\"WebPage\",\"@id\":\"https:\\\/\\\/lararkarriar.se\\\/grundskola\\\/2019\\\/02\\\/13\\\/mojligheter-och-variation-i-mora\\\/\",\"url\":\"https:\\\/\\\/lararkarriar.se\\\/grundskola\\\/2019\\\/02\\\/13\\\/mojligheter-och-variation-i-mora\\\/\",\"name\":\"M\u00f6jligheter och variation i Mora - Framtidens Karri\u00e4r \u2013 Grundskolel\u00e4rare\",\"isPartOf\":{\"@id\":\"https:\\\/\\\/lararkarriar.se\\\/grundskola\\\/#website\"},\"primaryImageOfPage\":{\"@id\":\"https:\\\/\\\/lararkarriar.se\\\/grundskola\\\/2019\\\/02\\\/13\\\/mojligheter-och-variation-i-mora\\\/#primaryimage\"},\"image\":{\"@id\":\"https:\\\/\\\/lararkarriar.se\\\/grundskola\\\/2019\\\/02\\\/13\\\/mojligheter-och-variation-i-mora\\\/#primaryimage\"},\"thumbnailUrl\":\"https:\\\/\\\/lararkarriar.se\\\/grundskola\\\/wp-content\\\/uploads\\\/sites\\\/12\\\/2019\\\/02\\\/mora-img-5077a.jpg\",\"datePublished\":\"2019-02-13T12:34:43+00:00\",\"author\":{\"@id\":\"https:\\\/\\\/lararkarriar.se\\\/grundskola\\\/#\\\/schema\\\/person\\\/c8a43eb855191e573b73ecf8987a3b99\"},\"breadcrumb\":{\"@id\":\"https:\\\/\\\/lararkarriar.se\\\/grundskola\\\/2019\\\/02\\\/13\\\/mojligheter-och-variation-i-mora\\\/#breadcrumb\"},\"inLanguage\":\"sv-SE\",\"potentialAction\":[{\"@type\":\"ReadAction\",\"target\":[\"https:\\\/\\\/lararkarriar.se\\\/grundskola\\\/2019\\\/02\\\/13\\\/mojligheter-och-variation-i-mora\\\/\"]}]},{\"@type\":\"ImageObject\",\"inLanguage\":\"sv-SE\",\"@id\":\"https:\\\/\\\/lararkarriar.se\\\/grundskola\\\/2019\\\/02\\\/13\\\/mojligheter-och-variation-i-mora\\\/#primaryimage\",\"url\":\"https:\\\/\\\/lararkarriar.se\\\/grundskola\\\/wp-content\\\/uploads\\\/sites\\\/12\\\/2019\\\/02\\\/mora-img-5077a.jpg\",\"contentUrl\":\"https:\\\/\\\/lararkarriar.se\\\/grundskola\\\/wp-content\\\/uploads\\\/sites\\\/12\\\/2019\\\/02\\\/mora-img-5077a.jpg\",\"width\":1000,\"height\":627,\"caption\":\"Lina Stick\u00e5, f\u00f6rstel\u00e4rare och Inga-Lena Spansk, skolchef. Foto: Sara Lansgren\"},{\"@type\":\"BreadcrumbList\",\"@id\":\"https:\\\/\\\/lararkarriar.se\\\/grundskola\\\/2019\\\/02\\\/13\\\/mojligheter-och-variation-i-mora\\\/#breadcrumb\",\"itemListElement\":[{\"@type\":\"ListItem\",\"position\":1,\"name\":\"Home\",\"item\":\"https:\\\/\\\/lararkarriar.se\\\/grundskola\\\/\"},{\"@type\":\"ListItem\",\"position\":2,\"name\":\"M\u00f6jligheter och variation i Mora\"}]},{\"@type\":\"WebSite\",\"@id\":\"https:\\\/\\\/lararkarriar.se\\\/grundskola\\\/#website\",\"url\":\"https:\\\/\\\/lararkarriar.se\\\/grundskola\\\/\",\"name\":\"Framtidens Karri\u00e4r \u2013 Grundskolel\u00e4rare\",\"description\":\"Just another NMDashboard.se Sites site\",\"potentialAction\":[{\"@type\":\"SearchAction\",\"target\":{\"@type\":\"EntryPoint\",\"urlTemplate\":\"https:\\\/\\\/lararkarriar.se\\\/grundskola\\\/?s={search_term_string}\"},\"query-input\":{\"@type\":\"PropertyValueSpecification\",\"valueRequired\":true,\"valueName\":\"search_term_string\"}}],\"inLanguage\":\"sv-SE\"},{\"@type\":\"Person\",\"@id\":\"https:\\\/\\\/lararkarriar.se\\\/grundskola\\\/#\\\/schema\\\/person\\\/c8a43eb855191e573b73ecf8987a3b99\",\"name\":\"stellanstal\",\"image\":{\"@type\":\"ImageObject\",\"inLanguage\":\"sv-SE\",\"@id\":\"https:\\\/\\\/secure.gravatar.com\\\/avatar\\\/cd330fa6bb17f598124b2068ee0b189e4fe0987a50af9d53b78410836060d0c9?s=96&d=mm&r=g\",\"url\":\"https:\\\/\\\/secure.gravatar.com\\\/avatar\\\/cd330fa6bb17f598124b2068ee0b189e4fe0987a50af9d53b78410836060d0c9?s=96&d=mm&r=g\",\"contentUrl\":\"https:\\\/\\\/secure.gravatar.com\\\/avatar\\\/cd330fa6bb17f598124b2068ee0b189e4fe0987a50af9d53b78410836060d0c9?s=96&d=mm&r=g\",\"caption\":\"stellanstal\"},\"url\":\"https:\\\/\\\/lararkarriar.se\\\/grundskola\\\/author\\\/stellanstal\\\/\"}]}<\/script>\n<!-- \/ Yoast SEO plugin. -->","yoast_head_json":{"title":"M\u00f6jligheter och variation i Mora - Framtidens Karri\u00e4r \u2013 Grundskolel\u00e4rare","robots":{"index":"index","follow":"follow","max-snippet":"max-snippet:-1","max-image-preview":"max-image-preview:large","max-video-preview":"max-video-preview:-1"},"canonical":"https:\/\/lararkarriar.se\/grundskola\/2019\/02\/13\/mojligheter-och-variation-i-mora\/","og_locale":"sv_SE","og_type":"article","og_title":"M\u00f6jligheter och variation i Mora - Framtidens Karri\u00e4r \u2013 Grundskolel\u00e4rare","og_description":"I Mora kommun p\u00e5g\u00e5r ett systematiskt kvalitetsarbete, med syftet att kontinuerligt skapa m\u00f6jligheter f\u00f6r framsteg...","og_url":"https:\/\/lararkarriar.se\/grundskola\/2019\/02\/13\/mojligheter-och-variation-i-mora\/","og_site_name":"Framtidens Karri\u00e4r \u2013 Grundskolel\u00e4rare","article_published_time":"2019-02-13T12:34:43+00:00","og_image":[{"width":1000,"height":627,"url":"https:\/\/lararkarriar.se\/grundskola\/wp-content\/uploads\/sites\/12\/2019\/02\/mora-img-5077a.jpg","type":"image\/jpeg"}],"author":"stellanstal","twitter_card":"summary_large_image","twitter_misc":{"Skriven av":"stellanstal","Ber\u00e4knad l\u00e4stid":"3 minuter"},"schema":{"@context":"https:\/\/schema.org","@graph":[{"@type":"Article","@id":"https:\/\/lararkarriar.se\/grundskola\/2019\/02\/13\/mojligheter-och-variation-i-mora\/#article","isPartOf":{"@id":"https:\/\/lararkarriar.se\/grundskola\/2019\/02\/13\/mojligheter-och-variation-i-mora\/"},"author":{"name":"stellanstal","@id":"https:\/\/lararkarriar.se\/grundskola\/#\/schema\/person\/c8a43eb855191e573b73ecf8987a3b99"},"headline":"M\u00f6jligheter och variation i Mora","datePublished":"2019-02-13T12:34:43+00:00","mainEntityOfPage":{"@id":"https:\/\/lararkarriar.se\/grundskola\/2019\/02\/13\/mojligheter-och-variation-i-mora\/"},"wordCount":512,"image":{"@id":"https:\/\/lararkarriar.se\/grundskola\/2019\/02\/13\/mojligheter-och-variation-i-mora\/#primaryimage"},"thumbnailUrl":"https:\/\/lararkarriar.se\/grundskola\/wp-content\/uploads\/sites\/12\/2019\/02\/mora-img-5077a.jpg","keywords":["Arbetsmilj\u00f6","Kompetensutveckling","Kvalitetsarbete","Mora kommun","Studiero","Utveckling","V\u00e4rdegrund"],"articleSection":["Presentation"],"inLanguage":"sv-SE"},{"@type":"WebPage","@id":"https:\/\/lararkarriar.se\/grundskola\/2019\/02\/13\/mojligheter-och-variation-i-mora\/","url":"https:\/\/lararkarriar.se\/grundskola\/2019\/02\/13\/mojligheter-och-variation-i-mora\/","name":"M\u00f6jligheter och variation i Mora - Framtidens Karri\u00e4r \u2013 Grundskolel\u00e4rare","isPartOf":{"@id":"https:\/\/lararkarriar.se\/grundskola\/#website"},"primaryImageOfPage":{"@id":"https:\/\/lararkarriar.se\/grundskola\/2019\/02\/13\/mojligheter-och-variation-i-mora\/#primaryimage"},"image":{"@id":"https:\/\/lararkarriar.se\/grundskola\/2019\/02\/13\/mojligheter-och-variation-i-mora\/#primaryimage"},"thumbnailUrl":"https:\/\/lararkarriar.se\/grundskola\/wp-content\/uploads\/sites\/12\/2019\/02\/mora-img-5077a.jpg","datePublished":"2019-02-13T12:34:43+00:00","author":{"@id":"https:\/\/lararkarriar.se\/grundskola\/#\/schema\/person\/c8a43eb855191e573b73ecf8987a3b99"},"breadcrumb":{"@id":"https:\/\/lararkarriar.se\/grundskola\/2019\/02\/13\/mojligheter-och-variation-i-mora\/#breadcrumb"},"inLanguage":"sv-SE","potentialAction":[{"@type":"ReadAction","target":["https:\/\/lararkarriar.se\/grundskola\/2019\/02\/13\/mojligheter-och-variation-i-mora\/"]}]},{"@type":"ImageObject","inLanguage":"sv-SE","@id":"https:\/\/lararkarriar.se\/grundskola\/2019\/02\/13\/mojligheter-och-variation-i-mora\/#primaryimage","url":"https:\/\/lararkarriar.se\/grundskola\/wp-content\/uploads\/sites\/12\/2019\/02\/mora-img-5077a.jpg","contentUrl":"https:\/\/lararkarriar.se\/grundskola\/wp-content\/uploads\/sites\/12\/2019\/02\/mora-img-5077a.jpg","width":1000,"height":627,"caption":"Lina Stick\u00e5, f\u00f6rstel\u00e4rare och Inga-Lena Spansk, skolchef. Foto: Sara Lansgren"},{"@type":"BreadcrumbList","@id":"https:\/\/lararkarriar.se\/grundskola\/2019\/02\/13\/mojligheter-och-variation-i-mora\/#breadcrumb","itemListElement":[{"@type":"ListItem","position":1,"name":"Home","item":"https:\/\/lararkarriar.se\/grundskola\/"},{"@type":"ListItem","position":2,"name":"M\u00f6jligheter och variation i Mora"}]},{"@type":"WebSite","@id":"https:\/\/lararkarriar.se\/grundskola\/#website","url":"https:\/\/lararkarriar.se\/grundskola\/","name":"Framtidens Karri\u00e4r \u2013 Grundskolel\u00e4rare","description":"Just another NMDashboard.se Sites site","potentialAction":[{"@type":"SearchAction","target":{"@type":"EntryPoint","urlTemplate":"https:\/\/lararkarriar.se\/grundskola\/?s={search_term_string}"},"query-input":{"@type":"PropertyValueSpecification","valueRequired":true,"valueName":"search_term_string"}}],"inLanguage":"sv-SE"},{"@type":"Person","@id":"https:\/\/lararkarriar.se\/grundskola\/#\/schema\/person\/c8a43eb855191e573b73ecf8987a3b99","name":"stellanstal","image":{"@type":"ImageObject","inLanguage":"sv-SE","@id":"https:\/\/secure.gravatar.com\/avatar\/cd330fa6bb17f598124b2068ee0b189e4fe0987a50af9d53b78410836060d0c9?s=96&d=mm&r=g","url":"https:\/\/secure.gravatar.com\/avatar\/cd330fa6bb17f598124b2068ee0b189e4fe0987a50af9d53b78410836060d0c9?s=96&d=mm&r=g","contentUrl":"https:\/\/secure.gravatar.com\/avatar\/cd330fa6bb17f598124b2068ee0b189e4fe0987a50af9d53b78410836060d0c9?s=96&d=mm&r=g","caption":"stellanstal"},"url":"https:\/\/lararkarriar.se\/grundskola\/author\/stellanstal\/"}]}},"_links":{"self":[{"href":"https:\/\/lararkarriar.se\/grundskola\/wp-json\/wp\/v2\/posts\/6406","targetHints":{"allow":["GET"]}}],"collection":[{"href":"https:\/\/lararkarriar.se\/grundskola\/wp-json\/wp\/v2\/posts"}],"about":[{"href":"https:\/\/lararkarriar.se\/grundskola\/wp-json\/wp\/v2\/types\/post"}],"author":[{"embeddable":true,"href":"https:\/\/lararkarriar.se\/grundskola\/wp-json\/wp\/v2\/users\/3"}],"replies":[{"embeddable":true,"href":"https:\/\/lararkarriar.se\/grundskola\/wp-json\/wp\/v2\/comments?post=6406"}],"version-history":[{"count":0,"href":"https:\/\/lararkarriar.se\/grundskola\/wp-json\/wp\/v2\/posts\/6406\/revisions"}],"wp:featuredmedia":[{"embeddable":true,"href":"https:\/\/lararkarriar.se\/grundskola\/wp-json\/wp\/v2\/media\/6418"}],"wp:attachment":[{"href":"https:\/\/lararkarriar.se\/grundskola\/wp-json\/wp\/v2\/media?parent=6406"}],"wp:term":[{"taxonomy":"category","embeddable":true,"href":"https:\/\/lararkarriar.se\/grundskola\/wp-json\/wp\/v2\/categories?post=6406"},{"taxonomy":"post_tag","embeddable":true,"href":"https:\/\/lararkarriar.se\/grundskola\/wp-json\/wp\/v2\/tags?post=6406"}],"curies":[{"name":"wp","href":"https:\/\/api.w.org\/{rel}","templated":true}]}}