{"id":6410,"date":"2019-02-13T11:56:53","date_gmt":"2019-02-13T09:56:53","guid":{"rendered":"http:\/\/lararkarriar.se\/grundskola\/?p=6410"},"modified":"2019-02-13T11:56:53","modified_gmt":"2019-02-13T09:56:53","slug":"vi-vill-hjalpa-eleverna-att-forverkliga-sina-drommar","status":"publish","type":"post","link":"https:\/\/lararkarriar.se\/grundskola\/2019\/02\/13\/vi-vill-hjalpa-eleverna-att-forverkliga-sina-drommar\/","title":{"rendered":"Vi vill hj\u00e4lpa eleverna att f\u00f6rverkliga sina dr\u00f6mmar"},"content":{"rendered":"<figure id=\"attachment_6411\" aria-describedby=\"caption-attachment-6411\" style=\"width: 1000px\" class=\"wp-caption alignnone\"><img loading=\"lazy\" decoding=\"async\" src=\"https:\/\/lararkarriar.se\/grundskola\/wp-content\/uploads\/sites\/12\/2019\/02\/lulea-443a8871.jpg\" alt=\"Maarit Enbuske, skolchef i Lule\u00e5. Foto: Viveka \u00d6sterman\" width=\"1000\" height=\"697\" class=\"size-full wp-image-6411\" srcset=\"https:\/\/lararkarriar.se\/grundskola\/wp-content\/uploads\/sites\/12\/2019\/02\/lulea-443a8871.jpg 1000w, https:\/\/lararkarriar.se\/grundskola\/wp-content\/uploads\/sites\/12\/2019\/02\/lulea-443a8871-300x209.jpg 300w, https:\/\/lararkarriar.se\/grundskola\/wp-content\/uploads\/sites\/12\/2019\/02\/lulea-443a8871-768x535.jpg 768w, https:\/\/lararkarriar.se\/grundskola\/wp-content\/uploads\/sites\/12\/2019\/02\/lulea-443a8871-230x160.jpg 230w, https:\/\/lararkarriar.se\/grundskola\/wp-content\/uploads\/sites\/12\/2019\/02\/lulea-443a8871-526x367.jpg 526w, https:\/\/lararkarriar.se\/grundskola\/wp-content\/uploads\/sites\/12\/2019\/02\/lulea-443a8871-720x502.jpg 720w, https:\/\/lararkarriar.se\/grundskola\/wp-content\/uploads\/sites\/12\/2019\/02\/lulea-443a8871-960x669.jpg 960w\" sizes=\"auto, (max-width: 1000px) 100vw, 1000px\" \/><figcaption id=\"caption-attachment-6411\" class=\"wp-caption-text\">Maarit Enbuske, skolchef i Lule\u00e5. Foto: Viveka \u00d6sterman<br \/><\/figcaption><\/figure>\n<p><strong>\u2013 Jag vill att varje elev som l\u00e4mnar verksamheten ska k\u00e4nna att alla d\u00f6rrar st\u00e5r \u00f6ppna. Att v\u00e5r skola gett dem den framtidstro och grund de beh\u00f6ver f\u00f6r att de ska kunna f\u00f6rverkliga sina egna dr\u00f6mmar, s\u00e4ger Maarit Enbuske, skolchef i Lule\u00e5.<\/strong><\/p>\n<p>Under \u00e5ren 2017\u20132019 har Lule\u00e5 kommun avsatt 31,5 miljoner kronor i \u201dSkolpaketet\u201d, med fokus p\u00e5 att trygga kompetensf\u00f6rs\u00f6rjning p\u00e5 kort och l\u00e5ng sikt. Satsningen g\u00e5r nu in p\u00e5 sitt tredje \u00e5r d\u00e4r mycket handlar om att utv\u00e4rdera olika modeller som testats under de g\u00e5ngna \u00e5ren.<br \/>\n\u2013 Nu ska vi titta n\u00e4rmare p\u00e5 hur vi ska oms\u00e4tta v\u00e5ra nya l\u00e4rdomar i det ordinarie arbetet fram\u00f6ver. Vi hoppas att satsningen kommer att medverka till att vi kan ligga p\u00e5 en fortsatt h\u00f6g niv\u00e5 n\u00e4r det kommer till beh\u00f6riga l\u00e4rare i v\u00e5ra skolor. Tanken \u00e4r ju att det ska bli n\u00e5got best\u00e5ende av det b\u00e4sta vi har l\u00e4rt oss under dessa tre \u00e5r, s\u00e4ger Maarit Enbuske, skolchef.<br \/>\nDigitalisering har varit ett av flera fokusomr\u00e5den.<br \/>\n\u2013 Hela skolv\u00e4rlden har varit p\u00e5 v\u00e4g in i en allt mer dokumentationstyngd verksamhet. V\u00e5r ambition \u00e4r att digitalisera s\u00e5 mycket som m\u00f6jligt i syfte att freda l\u00e4rarna fr\u00e5n administrativt kringarbete s\u00e5 att de kan fokusera mer p\u00e5 huvuduppdraget, barnens l\u00e4rande.<\/p>\n<p><strong>H\u00f6gt st\u00e4llda m\u00e5l<\/strong><br \/>\nLule\u00e5 toppar L\u00e4rarf\u00f6rbundets rankning n\u00e4r det kommer till andelen beh\u00f6riga l\u00e4rare i skolorna. Maarit Enbuskes f\u00f6rhoppning \u00e4r att satsningarna som gjorts i skolpaketet ska b\u00e4ra frukt i form av bland annat fortsatt h\u00f6g beh\u00f6righet bland skolans anst\u00e4llda.<br \/>\n\u2013 Det \u00e4r en viktig kvalitetsnyckel f\u00f6r att varje barn ska kunna komma s\u00e5 l\u00e5ngt som m\u00f6jligt och uppn\u00e5 sina m\u00e5l. N\u00e4r eleverna l\u00e4mnar verksamheten ska de k\u00e4nna att alla d\u00f6rrar st\u00e5r \u00f6ppna, att skolan gett dem en framtidstro och den grund de beh\u00f6ver f\u00f6r att f\u00f6rverkliga sina dr\u00f6mmar.<br \/>\nAtt vara b\u00e4st i landet n\u00e4r det kommer till utbildade l\u00e4rare \u00e4r f\u00f6rst\u00e5s mycket roligt, s\u00e4ger hon, men p\u00e5pekar samtidigt att det fortfarande finns omr\u00e5den med f\u00f6rb\u00e4ttringspotential.<br \/>\n\u2013 Vi forts\u00e4tter p\u00e5 den inslagna v\u00e4gen med ett m\u00e5lmedvetet kvalitetsarbete. Inom fem \u00e5r ska Lule\u00e5 vara en av de b\u00e4sta skolkommunerna i Sverige, en dynamisk verksamhet d\u00e4r l\u00e4rarna stannar kvar och eleverna n\u00e5r sina m\u00e5l.<\/p>\n<p><strong><a href=\"http:\/\/www.lulea.se\/ledigajobb\" title=\"Lule\u00e5 kommun pres jobb ans\u00f6k\" rel=\"noopener noreferrer\" target=\"_blank\">Klicka h\u00e4r f\u00f6r att se v\u00e5ra lediga tj\u00e4nster<\/a><\/strong><\/p>\n<div class=\"faktaruta-title\">Lule\u00e5 kommuns grundskolor<\/div><div class=\"faktaruta\">Lule\u00e5 har l\u00e4nge placerat sig i topp i L\u00e4rarf\u00f6rbundets skolranking av landets 290 kommuner.<br \/>\nAntalet barn och elever, fr\u00e5n f\u00f6rskola till gymnasieskola uppg\u00e5r till cirka 14000, grundskolan har 8000 elever. Andelen beh\u00f6riga och legitimerade l\u00e4rare \u00e4r h\u00f6g, drygt 90% j\u00e4mf\u00f6rt med rikets cirka 80%, men precis som i \u00f6vriga landet har kommunen behov av att rekrytera fler l\u00e4rare. Totalt har barn- och utbildningsf\u00f6rvaltningen cirka 3000 anst\u00e4llda inom f\u00f6r-, grund- och gymnasieskola.<\/p>\n<p><strong><a href=\"https:\/\/www.lulea.se\/\" title=\"Lule\u00e5 kommun textlink\" rel=\"noopener noreferrer\" target=\"_blank\">www.lulea.se\/<\/a><\/strong><\/p>\n<p><a href=\"https:\/\/www.lulea.se\/\" title=\"Lule\u00e5 kommun logotype\" rel=\"noopener noreferrer\" target=\"_blank\"><img loading=\"lazy\" decoding=\"async\" src=\"http:\/\/lararkarriar.se\/grundskola\/wp-content\/uploads\/2019\/02\/lulea_logo-530x140.png\" alt=\"Lule\u00e5 kommun logotype\" width=\"332\" height=\"87\" class=\"alignnone size-full wp-image-6412\" \/><\/a><br \/>\n<\/div>\n","protected":false},"excerpt":{"rendered":"<p>\u2013 Jag vill att varje elev som l\u00e4mnar verksamheten ska k\u00e4nna att alla d\u00f6rrar st\u00e5r&#8230;<\/p>\n","protected":false},"author":2,"featured_media":6411,"comment_status":"closed","ping_status":"open","sticky":false,"template":"","format":"standard","meta":{"_acf_changed":false,"_monsterinsights_skip_tracking":false,"_monsterinsights_sitenote_active":false,"_monsterinsights_sitenote_note":"","_monsterinsights_sitenote_category":0,"footnotes":""},"categories":[7],"tags":[121,233,234,332],"class_list":["post-6410","post","type-post","status-publish","format-standard","has-post-thumbnail","hentry","category-presentation","tag-grundskola","tag-lulea-kommun","tag-luleas-grundskolor","tag-skolchef"],"acf":[],"yoast_head":"<!-- This site is optimized with the Yoast SEO plugin v27.3 - https:\/\/yoast.com\/product\/yoast-seo-wordpress\/ -->\n<title>Vi vill hj\u00e4lpa eleverna att f\u00f6rverkliga sina dr\u00f6mmar - Framtidens Karri\u00e4r \u2013 Grundskolel\u00e4rare<\/title>\n<meta name=\"robots\" content=\"index, follow, max-snippet:-1, max-image-preview:large, max-video-preview:-1\" \/>\n<link rel=\"canonical\" href=\"https:\/\/lararkarriar.se\/grundskola\/2019\/02\/13\/vi-vill-hjalpa-eleverna-att-forverkliga-sina-drommar\/\" \/>\n<meta property=\"og:locale\" content=\"sv_SE\" \/>\n<meta property=\"og:type\" content=\"article\" \/>\n<meta property=\"og:title\" content=\"Vi vill hj\u00e4lpa eleverna att f\u00f6rverkliga sina dr\u00f6mmar - Framtidens Karri\u00e4r \u2013 Grundskolel\u00e4rare\" \/>\n<meta property=\"og:description\" content=\"\u2013 Jag vill att varje elev som l\u00e4mnar verksamheten ska k\u00e4nna att alla d\u00f6rrar st\u00e5r...\" \/>\n<meta property=\"og:url\" content=\"https:\/\/lararkarriar.se\/grundskola\/2019\/02\/13\/vi-vill-hjalpa-eleverna-att-forverkliga-sina-drommar\/\" \/>\n<meta property=\"og:site_name\" content=\"Framtidens Karri\u00e4r \u2013 Grundskolel\u00e4rare\" \/>\n<meta property=\"article:published_time\" content=\"2019-02-13T09:56:53+00:00\" \/>\n<meta property=\"og:image\" content=\"https:\/\/lararkarriar.se\/grundskola\/wp-content\/uploads\/sites\/12\/2019\/02\/lulea-443a8871.jpg\" \/>\n\t<meta property=\"og:image:width\" content=\"1000\" \/>\n\t<meta property=\"og:image:height\" content=\"697\" \/>\n\t<meta property=\"og:image:type\" content=\"image\/jpeg\" \/>\n<meta name=\"author\" content=\"viktorwallen\" \/>\n<meta name=\"twitter:card\" content=\"summary_large_image\" \/>\n<meta name=\"twitter:label1\" content=\"Skriven av\" \/>\n\t<meta name=\"twitter:data1\" content=\"viktorwallen\" \/>\n\t<meta name=\"twitter:label2\" content=\"Ber\u00e4knad l\u00e4stid\" \/>\n\t<meta name=\"twitter:data2\" content=\"3 minuter\" \/>\n<script type=\"application\/ld+json\" class=\"yoast-schema-graph\">{\"@context\":\"https:\\\/\\\/schema.org\",\"@graph\":[{\"@type\":\"Article\",\"@id\":\"https:\\\/\\\/lararkarriar.se\\\/grundskola\\\/2019\\\/02\\\/13\\\/vi-vill-hjalpa-eleverna-att-forverkliga-sina-drommar\\\/#article\",\"isPartOf\":{\"@id\":\"https:\\\/\\\/lararkarriar.se\\\/grundskola\\\/2019\\\/02\\\/13\\\/vi-vill-hjalpa-eleverna-att-forverkliga-sina-drommar\\\/\"},\"author\":{\"name\":\"viktorwallen\",\"@id\":\"https:\\\/\\\/lararkarriar.se\\\/grundskola\\\/#\\\/schema\\\/person\\\/2a13a849ec7646386c2211f59afe3083\"},\"headline\":\"Vi vill hj\u00e4lpa eleverna att f\u00f6rverkliga sina dr\u00f6mmar\",\"datePublished\":\"2019-02-13T09:56:53+00:00\",\"mainEntityOfPage\":{\"@id\":\"https:\\\/\\\/lararkarriar.se\\\/grundskola\\\/2019\\\/02\\\/13\\\/vi-vill-hjalpa-eleverna-att-forverkliga-sina-drommar\\\/\"},\"wordCount\":560,\"image\":{\"@id\":\"https:\\\/\\\/lararkarriar.se\\\/grundskola\\\/2019\\\/02\\\/13\\\/vi-vill-hjalpa-eleverna-att-forverkliga-sina-drommar\\\/#primaryimage\"},\"thumbnailUrl\":\"https:\\\/\\\/lararkarriar.se\\\/grundskola\\\/wp-content\\\/uploads\\\/sites\\\/12\\\/2019\\\/02\\\/lulea-443a8871.jpg\",\"keywords\":[\"Grundskola\",\"Lule\u00e5 kommun\",\"Lule\u00e5s grundskolor\",\"Skolchef\"],\"articleSection\":[\"Presentation\"],\"inLanguage\":\"sv-SE\"},{\"@type\":\"WebPage\",\"@id\":\"https:\\\/\\\/lararkarriar.se\\\/grundskola\\\/2019\\\/02\\\/13\\\/vi-vill-hjalpa-eleverna-att-forverkliga-sina-drommar\\\/\",\"url\":\"https:\\\/\\\/lararkarriar.se\\\/grundskola\\\/2019\\\/02\\\/13\\\/vi-vill-hjalpa-eleverna-att-forverkliga-sina-drommar\\\/\",\"name\":\"Vi vill hj\u00e4lpa eleverna att f\u00f6rverkliga sina dr\u00f6mmar - Framtidens Karri\u00e4r \u2013 Grundskolel\u00e4rare\",\"isPartOf\":{\"@id\":\"https:\\\/\\\/lararkarriar.se\\\/grundskola\\\/#website\"},\"primaryImageOfPage\":{\"@id\":\"https:\\\/\\\/lararkarriar.se\\\/grundskola\\\/2019\\\/02\\\/13\\\/vi-vill-hjalpa-eleverna-att-forverkliga-sina-drommar\\\/#primaryimage\"},\"image\":{\"@id\":\"https:\\\/\\\/lararkarriar.se\\\/grundskola\\\/2019\\\/02\\\/13\\\/vi-vill-hjalpa-eleverna-att-forverkliga-sina-drommar\\\/#primaryimage\"},\"thumbnailUrl\":\"https:\\\/\\\/lararkarriar.se\\\/grundskola\\\/wp-content\\\/uploads\\\/sites\\\/12\\\/2019\\\/02\\\/lulea-443a8871.jpg\",\"datePublished\":\"2019-02-13T09:56:53+00:00\",\"author\":{\"@id\":\"https:\\\/\\\/lararkarriar.se\\\/grundskola\\\/#\\\/schema\\\/person\\\/2a13a849ec7646386c2211f59afe3083\"},\"breadcrumb\":{\"@id\":\"https:\\\/\\\/lararkarriar.se\\\/grundskola\\\/2019\\\/02\\\/13\\\/vi-vill-hjalpa-eleverna-att-forverkliga-sina-drommar\\\/#breadcrumb\"},\"inLanguage\":\"sv-SE\",\"potentialAction\":[{\"@type\":\"ReadAction\",\"target\":[\"https:\\\/\\\/lararkarriar.se\\\/grundskola\\\/2019\\\/02\\\/13\\\/vi-vill-hjalpa-eleverna-att-forverkliga-sina-drommar\\\/\"]}]},{\"@type\":\"ImageObject\",\"inLanguage\":\"sv-SE\",\"@id\":\"https:\\\/\\\/lararkarriar.se\\\/grundskola\\\/2019\\\/02\\\/13\\\/vi-vill-hjalpa-eleverna-att-forverkliga-sina-drommar\\\/#primaryimage\",\"url\":\"https:\\\/\\\/lararkarriar.se\\\/grundskola\\\/wp-content\\\/uploads\\\/sites\\\/12\\\/2019\\\/02\\\/lulea-443a8871.jpg\",\"contentUrl\":\"https:\\\/\\\/lararkarriar.se\\\/grundskola\\\/wp-content\\\/uploads\\\/sites\\\/12\\\/2019\\\/02\\\/lulea-443a8871.jpg\",\"width\":1000,\"height\":697,\"caption\":\"Maarit Enbuske, skolchef i Lule\u00e5. Foto: Viveka \u00d6sterman\"},{\"@type\":\"BreadcrumbList\",\"@id\":\"https:\\\/\\\/lararkarriar.se\\\/grundskola\\\/2019\\\/02\\\/13\\\/vi-vill-hjalpa-eleverna-att-forverkliga-sina-drommar\\\/#breadcrumb\",\"itemListElement\":[{\"@type\":\"ListItem\",\"position\":1,\"name\":\"Home\",\"item\":\"https:\\\/\\\/lararkarriar.se\\\/grundskola\\\/\"},{\"@type\":\"ListItem\",\"position\":2,\"name\":\"Vi vill hj\u00e4lpa eleverna att f\u00f6rverkliga sina dr\u00f6mmar\"}]},{\"@type\":\"WebSite\",\"@id\":\"https:\\\/\\\/lararkarriar.se\\\/grundskola\\\/#website\",\"url\":\"https:\\\/\\\/lararkarriar.se\\\/grundskola\\\/\",\"name\":\"Framtidens Karri\u00e4r \u2013 Grundskolel\u00e4rare\",\"description\":\"Just another NMDashboard.se Sites site\",\"potentialAction\":[{\"@type\":\"SearchAction\",\"target\":{\"@type\":\"EntryPoint\",\"urlTemplate\":\"https:\\\/\\\/lararkarriar.se\\\/grundskola\\\/?s={search_term_string}\"},\"query-input\":{\"@type\":\"PropertyValueSpecification\",\"valueRequired\":true,\"valueName\":\"search_term_string\"}}],\"inLanguage\":\"sv-SE\"},{\"@type\":\"Person\",\"@id\":\"https:\\\/\\\/lararkarriar.se\\\/grundskola\\\/#\\\/schema\\\/person\\\/2a13a849ec7646386c2211f59afe3083\",\"name\":\"viktorwallen\",\"image\":{\"@type\":\"ImageObject\",\"inLanguage\":\"sv-SE\",\"@id\":\"https:\\\/\\\/secure.gravatar.com\\\/avatar\\\/701701bd36169636031933997c8c6b954f2f635bbb7cd4802e4a007f9c9f4e59?s=96&d=mm&r=g\",\"url\":\"https:\\\/\\\/secure.gravatar.com\\\/avatar\\\/701701bd36169636031933997c8c6b954f2f635bbb7cd4802e4a007f9c9f4e59?s=96&d=mm&r=g\",\"contentUrl\":\"https:\\\/\\\/secure.gravatar.com\\\/avatar\\\/701701bd36169636031933997c8c6b954f2f635bbb7cd4802e4a007f9c9f4e59?s=96&d=mm&r=g\",\"caption\":\"viktorwallen\"},\"url\":\"https:\\\/\\\/lararkarriar.se\\\/grundskola\\\/author\\\/viktorwallen\\\/\"}]}<\/script>\n<!-- \/ Yoast SEO plugin. -->","yoast_head_json":{"title":"Vi vill hj\u00e4lpa eleverna att f\u00f6rverkliga sina dr\u00f6mmar - Framtidens Karri\u00e4r \u2013 Grundskolel\u00e4rare","robots":{"index":"index","follow":"follow","max-snippet":"max-snippet:-1","max-image-preview":"max-image-preview:large","max-video-preview":"max-video-preview:-1"},"canonical":"https:\/\/lararkarriar.se\/grundskola\/2019\/02\/13\/vi-vill-hjalpa-eleverna-att-forverkliga-sina-drommar\/","og_locale":"sv_SE","og_type":"article","og_title":"Vi vill hj\u00e4lpa eleverna att f\u00f6rverkliga sina dr\u00f6mmar - Framtidens Karri\u00e4r \u2013 Grundskolel\u00e4rare","og_description":"\u2013 Jag vill att varje elev som l\u00e4mnar verksamheten ska k\u00e4nna att alla d\u00f6rrar st\u00e5r...","og_url":"https:\/\/lararkarriar.se\/grundskola\/2019\/02\/13\/vi-vill-hjalpa-eleverna-att-forverkliga-sina-drommar\/","og_site_name":"Framtidens Karri\u00e4r \u2013 Grundskolel\u00e4rare","article_published_time":"2019-02-13T09:56:53+00:00","og_image":[{"width":1000,"height":697,"url":"https:\/\/lararkarriar.se\/grundskola\/wp-content\/uploads\/sites\/12\/2019\/02\/lulea-443a8871.jpg","type":"image\/jpeg"}],"author":"viktorwallen","twitter_card":"summary_large_image","twitter_misc":{"Skriven av":"viktorwallen","Ber\u00e4knad l\u00e4stid":"3 minuter"},"schema":{"@context":"https:\/\/schema.org","@graph":[{"@type":"Article","@id":"https:\/\/lararkarriar.se\/grundskola\/2019\/02\/13\/vi-vill-hjalpa-eleverna-att-forverkliga-sina-drommar\/#article","isPartOf":{"@id":"https:\/\/lararkarriar.se\/grundskola\/2019\/02\/13\/vi-vill-hjalpa-eleverna-att-forverkliga-sina-drommar\/"},"author":{"name":"viktorwallen","@id":"https:\/\/lararkarriar.se\/grundskola\/#\/schema\/person\/2a13a849ec7646386c2211f59afe3083"},"headline":"Vi vill hj\u00e4lpa eleverna att f\u00f6rverkliga sina dr\u00f6mmar","datePublished":"2019-02-13T09:56:53+00:00","mainEntityOfPage":{"@id":"https:\/\/lararkarriar.se\/grundskola\/2019\/02\/13\/vi-vill-hjalpa-eleverna-att-forverkliga-sina-drommar\/"},"wordCount":560,"image":{"@id":"https:\/\/lararkarriar.se\/grundskola\/2019\/02\/13\/vi-vill-hjalpa-eleverna-att-forverkliga-sina-drommar\/#primaryimage"},"thumbnailUrl":"https:\/\/lararkarriar.se\/grundskola\/wp-content\/uploads\/sites\/12\/2019\/02\/lulea-443a8871.jpg","keywords":["Grundskola","Lule\u00e5 kommun","Lule\u00e5s grundskolor","Skolchef"],"articleSection":["Presentation"],"inLanguage":"sv-SE"},{"@type":"WebPage","@id":"https:\/\/lararkarriar.se\/grundskola\/2019\/02\/13\/vi-vill-hjalpa-eleverna-att-forverkliga-sina-drommar\/","url":"https:\/\/lararkarriar.se\/grundskola\/2019\/02\/13\/vi-vill-hjalpa-eleverna-att-forverkliga-sina-drommar\/","name":"Vi vill hj\u00e4lpa eleverna att f\u00f6rverkliga sina dr\u00f6mmar - Framtidens Karri\u00e4r \u2013 Grundskolel\u00e4rare","isPartOf":{"@id":"https:\/\/lararkarriar.se\/grundskola\/#website"},"primaryImageOfPage":{"@id":"https:\/\/lararkarriar.se\/grundskola\/2019\/02\/13\/vi-vill-hjalpa-eleverna-att-forverkliga-sina-drommar\/#primaryimage"},"image":{"@id":"https:\/\/lararkarriar.se\/grundskola\/2019\/02\/13\/vi-vill-hjalpa-eleverna-att-forverkliga-sina-drommar\/#primaryimage"},"thumbnailUrl":"https:\/\/lararkarriar.se\/grundskola\/wp-content\/uploads\/sites\/12\/2019\/02\/lulea-443a8871.jpg","datePublished":"2019-02-13T09:56:53+00:00","author":{"@id":"https:\/\/lararkarriar.se\/grundskola\/#\/schema\/person\/2a13a849ec7646386c2211f59afe3083"},"breadcrumb":{"@id":"https:\/\/lararkarriar.se\/grundskola\/2019\/02\/13\/vi-vill-hjalpa-eleverna-att-forverkliga-sina-drommar\/#breadcrumb"},"inLanguage":"sv-SE","potentialAction":[{"@type":"ReadAction","target":["https:\/\/lararkarriar.se\/grundskola\/2019\/02\/13\/vi-vill-hjalpa-eleverna-att-forverkliga-sina-drommar\/"]}]},{"@type":"ImageObject","inLanguage":"sv-SE","@id":"https:\/\/lararkarriar.se\/grundskola\/2019\/02\/13\/vi-vill-hjalpa-eleverna-att-forverkliga-sina-drommar\/#primaryimage","url":"https:\/\/lararkarriar.se\/grundskola\/wp-content\/uploads\/sites\/12\/2019\/02\/lulea-443a8871.jpg","contentUrl":"https:\/\/lararkarriar.se\/grundskola\/wp-content\/uploads\/sites\/12\/2019\/02\/lulea-443a8871.jpg","width":1000,"height":697,"caption":"Maarit Enbuske, skolchef i Lule\u00e5. Foto: Viveka \u00d6sterman"},{"@type":"BreadcrumbList","@id":"https:\/\/lararkarriar.se\/grundskola\/2019\/02\/13\/vi-vill-hjalpa-eleverna-att-forverkliga-sina-drommar\/#breadcrumb","itemListElement":[{"@type":"ListItem","position":1,"name":"Home","item":"https:\/\/lararkarriar.se\/grundskola\/"},{"@type":"ListItem","position":2,"name":"Vi vill hj\u00e4lpa eleverna att f\u00f6rverkliga sina dr\u00f6mmar"}]},{"@type":"WebSite","@id":"https:\/\/lararkarriar.se\/grundskola\/#website","url":"https:\/\/lararkarriar.se\/grundskola\/","name":"Framtidens Karri\u00e4r \u2013 Grundskolel\u00e4rare","description":"Just another NMDashboard.se Sites site","potentialAction":[{"@type":"SearchAction","target":{"@type":"EntryPoint","urlTemplate":"https:\/\/lararkarriar.se\/grundskola\/?s={search_term_string}"},"query-input":{"@type":"PropertyValueSpecification","valueRequired":true,"valueName":"search_term_string"}}],"inLanguage":"sv-SE"},{"@type":"Person","@id":"https:\/\/lararkarriar.se\/grundskola\/#\/schema\/person\/2a13a849ec7646386c2211f59afe3083","name":"viktorwallen","image":{"@type":"ImageObject","inLanguage":"sv-SE","@id":"https:\/\/secure.gravatar.com\/avatar\/701701bd36169636031933997c8c6b954f2f635bbb7cd4802e4a007f9c9f4e59?s=96&d=mm&r=g","url":"https:\/\/secure.gravatar.com\/avatar\/701701bd36169636031933997c8c6b954f2f635bbb7cd4802e4a007f9c9f4e59?s=96&d=mm&r=g","contentUrl":"https:\/\/secure.gravatar.com\/avatar\/701701bd36169636031933997c8c6b954f2f635bbb7cd4802e4a007f9c9f4e59?s=96&d=mm&r=g","caption":"viktorwallen"},"url":"https:\/\/lararkarriar.se\/grundskola\/author\/viktorwallen\/"}]}},"_links":{"self":[{"href":"https:\/\/lararkarriar.se\/grundskola\/wp-json\/wp\/v2\/posts\/6410","targetHints":{"allow":["GET"]}}],"collection":[{"href":"https:\/\/lararkarriar.se\/grundskola\/wp-json\/wp\/v2\/posts"}],"about":[{"href":"https:\/\/lararkarriar.se\/grundskola\/wp-json\/wp\/v2\/types\/post"}],"author":[{"embeddable":true,"href":"https:\/\/lararkarriar.se\/grundskola\/wp-json\/wp\/v2\/users\/2"}],"replies":[{"embeddable":true,"href":"https:\/\/lararkarriar.se\/grundskola\/wp-json\/wp\/v2\/comments?post=6410"}],"version-history":[{"count":0,"href":"https:\/\/lararkarriar.se\/grundskola\/wp-json\/wp\/v2\/posts\/6410\/revisions"}],"wp:featuredmedia":[{"embeddable":true,"href":"https:\/\/lararkarriar.se\/grundskola\/wp-json\/wp\/v2\/media\/6411"}],"wp:attachment":[{"href":"https:\/\/lararkarriar.se\/grundskola\/wp-json\/wp\/v2\/media?parent=6410"}],"wp:term":[{"taxonomy":"category","embeddable":true,"href":"https:\/\/lararkarriar.se\/grundskola\/wp-json\/wp\/v2\/categories?post=6410"},{"taxonomy":"post_tag","embeddable":true,"href":"https:\/\/lararkarriar.se\/grundskola\/wp-json\/wp\/v2\/tags?post=6410"}],"curies":[{"name":"wp","href":"https:\/\/api.w.org\/{rel}","templated":true}]}}