{"id":6431,"date":"2019-02-13T12:20:48","date_gmt":"2019-02-13T10:20:48","guid":{"rendered":"http:\/\/lararkarriar.se\/grundskola\/?p=6431"},"modified":"2019-02-13T12:20:48","modified_gmt":"2019-02-13T10:20:48","slug":"fa-basta-starten-som-ny-larare-med-traineeprogram","status":"publish","type":"post","link":"https:\/\/lararkarriar.se\/grundskola\/2019\/02\/13\/fa-basta-starten-som-ny-larare-med-traineeprogram\/","title":{"rendered":"F\u00e5 b\u00e4sta starten som ny l\u00e4rare med traineeprogram"},"content":{"rendered":"<p><figure id=\"attachment_6435\" aria-describedby=\"caption-attachment-6435\" style=\"width: 1000px\" class=\"wp-caption alignnone\"><img loading=\"lazy\" decoding=\"async\" src=\"https:\/\/lararkarriar.se\/grundskola\/wp-content\/uploads\/sites\/12\/2019\/02\/taby-natalie-intervju.jpg\" alt=\"Natalie Wahlstr\u00f6m, \u00e4mnesl\u00e4rare i samh\u00e4llskunskap, religionskunskap och geografi.\" width=\"1000\" height=\"690\" class=\"size-full wp-image-6435\" srcset=\"https:\/\/lararkarriar.se\/grundskola\/wp-content\/uploads\/sites\/12\/2019\/02\/taby-natalie-intervju.jpg 1000w, https:\/\/lararkarriar.se\/grundskola\/wp-content\/uploads\/sites\/12\/2019\/02\/taby-natalie-intervju-300x207.jpg 300w, https:\/\/lararkarriar.se\/grundskola\/wp-content\/uploads\/sites\/12\/2019\/02\/taby-natalie-intervju-768x530.jpg 768w, https:\/\/lararkarriar.se\/grundskola\/wp-content\/uploads\/sites\/12\/2019\/02\/taby-natalie-intervju-232x160.jpg 232w, https:\/\/lararkarriar.se\/grundskola\/wp-content\/uploads\/sites\/12\/2019\/02\/taby-natalie-intervju-526x363.jpg 526w, https:\/\/lararkarriar.se\/grundskola\/wp-content\/uploads\/sites\/12\/2019\/02\/taby-natalie-intervju-720x497.jpg 720w, https:\/\/lararkarriar.se\/grundskola\/wp-content\/uploads\/sites\/12\/2019\/02\/taby-natalie-intervju-960x662.jpg 960w\" sizes=\"auto, (max-width: 1000px) 100vw, 1000px\" \/><figcaption id=\"caption-attachment-6435\" class=\"wp-caption-text\">Natalie Wahlstr\u00f6m, \u00e4mnesl\u00e4rare i samh\u00e4llskunskap, religionskunskap och geografi.<\/figcaption><\/figure><strong>M\u00f6tet med arbetslivet efter l\u00e4rarh\u00f6gskolan kan vara tufft. T\u00e4by Friskola g\u00e5r i br\u00e4schen f\u00f6r att ge nya l\u00e4rare en b\u00e4ttre start, med ett traineeprogram som ger nyutexaminerade de verktyg de beh\u00f6ver f\u00f6r att lyckas.<br \/>\n\u2013 Det \u00e4r en fantastisk introduktion till yrket, som verkligen ger trygghet och kunskap.<\/strong><\/p>\n<p>Det s\u00e4ger Natalie Wahlstr\u00f6m, \u00e4mnesl\u00e4rare i samh\u00e4llskunskap, religionskunskap och geografi p\u00e5 h\u00f6gstadiet. Natalie fick reda p\u00e5 det d\u00e5 helt nya traineeprogrammet n\u00e4r hon f\u00f6r tv\u00e5 \u00e5r sedan gick sista terminen p\u00e5 l\u00e4rarutbildningen i Uppsala. Hon s\u00f6kte och blev antagen i h\u00e5rd konkurrens.<br \/>\n\u2013 Det har varit otroligt l\u00e4rorikt. St\u00f6det man f\u00e5r av handledare och \u00f6vriga p\u00e5 skolan och i traineegruppen \u00e4r ov\u00e4rderligt och g\u00f6r att man k\u00e4nner sig s\u00e5 mycket s\u00e4krare i sin yrkesroll. Vi f\u00e5r ta del av mer erfarna l\u00e4rares kunskap och metoder i olika stadier och det har vi stor nytta av. Det \u00e4r ju skillnad i att undervisa p\u00e5 l\u00e5gstadiet j\u00e4mf\u00f6rt med gymnasiet, och man l\u00e4r sig mycket av varandra, s\u00e4ger hon.<br \/>\nUnder traineeprogrammet, som sp\u00e4nner \u00f6ver ett l\u00e4s\u00e5r, arbetar deltagarna 70 procent som l\u00e4rare. \u00d6vriga tiden \u00e4gnas \u00e5t bland annat auskultation, ledarskapsutbildning och att l\u00e4ra sig om de olika funktionerna i skolan, exempelvis elevh\u00e4lsan och styrelsearbete. Gruppen best\u00e5r av cirka fem deltagare och man tr\u00e4ffas varje vecka f\u00f6r att utbyta tankar och id\u00e9er.<\/p>\n<p><strong><a href=\"http:\/\/www.tabyfriskola.se\/Kontakt\/arbeta-pa-taby-friskola\/\" title=\"T\u00e4by pres jobb ans\u00f6k\" rel=\"noopener noreferrer\" target=\"_blank\">Jobba med oss! L\u00e4s mer och ans\u00f6k h\u00e4r!<\/a><\/strong><\/p>\n<p><strong>Vinst f\u00f6r alla<\/strong><br \/>\nT\u00e4by Friskola \u00e4r lite av en pionj\u00e4r med sitt traineeprogram, som p\u00e5 kort tid f\u00e5tt m\u00e5nga s\u00f6kande. Rektor Karin J\u00e4rleby menar att programmet \u00e4r en stor vinst \u00e4ven f\u00f6r T\u00e4by Friskola. De s\u00f6kande \u00e4r h\u00f6gt motiverade och brinner f\u00f6r skolutveckling.<br \/>\n\u2013 \u00c4ldre, erfaren personal f\u00e5r nya impulser och l\u00e4r sig mycket av de unga. Det \u00e4r ocks\u00e5 en vinst f\u00f6r samh\u00e4llet om vi genom den h\u00e4r typen av program kan locka fler till l\u00e4raryrket och f\u00e5 dem att stanna, menar hon.<br \/>\nNatalie h\u00e5ller med.<br \/>\n\u2013 Den h\u00e4r typen av satsningar beh\u00f6vs verkligen. Det finns ofta ett glapp mellan l\u00e4rarutbildningen och arbetslivet, och traineeprogrammet ger tid att kombinera teori med praktik. Det ska inte f\u00f6rv\u00e4xlas med VFU, utan \u00e4r en v\u00e4ldigt systematisk introduktion till yrket med mycket eget ansvar. Nu har jag en j\u00e4ttebra bas och n\u00e4tverk f\u00f6r min fortsatta karri\u00e4r. Jag har f\u00e5tt b\u00f6rja r\u00e4tt och kan idag undervisa p\u00e5 det s\u00e4tt som jag vill.<\/p>\n<figure id=\"attachment_6433\" aria-describedby=\"caption-attachment-6433\" style=\"width: 1000px\" class=\"wp-caption alignnone\"><img loading=\"lazy\" decoding=\"async\" src=\"https:\/\/lararkarriar.se\/grundskola\/wp-content\/uploads\/sites\/12\/2019\/02\/taby-karinjarleby-hemsidan.jpg\" alt=\"Karin J\u00e4rleby, rektor p\u00e5 T\u00e4by Friskola.\" width=\"1000\" height=\"564\" class=\"size-full wp-image-6433\" srcset=\"https:\/\/lararkarriar.se\/grundskola\/wp-content\/uploads\/sites\/12\/2019\/02\/taby-karinjarleby-hemsidan.jpg 1000w, https:\/\/lararkarriar.se\/grundskola\/wp-content\/uploads\/sites\/12\/2019\/02\/taby-karinjarleby-hemsidan-300x169.jpg 300w, https:\/\/lararkarriar.se\/grundskola\/wp-content\/uploads\/sites\/12\/2019\/02\/taby-karinjarleby-hemsidan-768x433.jpg 768w, https:\/\/lararkarriar.se\/grundskola\/wp-content\/uploads\/sites\/12\/2019\/02\/taby-karinjarleby-hemsidan-284x160.jpg 284w, https:\/\/lararkarriar.se\/grundskola\/wp-content\/uploads\/sites\/12\/2019\/02\/taby-karinjarleby-hemsidan-80x45.jpg 80w, https:\/\/lararkarriar.se\/grundskola\/wp-content\/uploads\/sites\/12\/2019\/02\/taby-karinjarleby-hemsidan-720x406.jpg 720w, https:\/\/lararkarriar.se\/grundskola\/wp-content\/uploads\/sites\/12\/2019\/02\/taby-karinjarleby-hemsidan-960x541.jpg 960w, https:\/\/lararkarriar.se\/grundskola\/wp-content\/uploads\/sites\/12\/2019\/02\/taby-karinjarleby-hemsidan-526x297.jpg 526w\" sizes=\"auto, (max-width: 1000px) 100vw, 1000px\" \/><figcaption id=\"caption-attachment-6433\" class=\"wp-caption-text\">Karin J\u00e4rleby, rektor p\u00e5 T\u00e4by Friskola.<\/figcaption><\/figure>\n<div class=\"faktaruta-title\">T\u00e4by Friskola<\/div><div class=\"faktaruta\">T\u00e4by Friskola omfattar sex grundskolor, fr\u00e5n f\u00f6rskoleklasser till och med h\u00f6gstadiet och har totalt cirka 920 elever. I koncernen ing\u00e5r \u00e4ven Almaskolan, Tibble Gymnasium &amp; Stockholms Idrottsgymnasium, vilka tillsammans driver traineeprogrammet. Fokus \u00e4r p\u00e5 kunskaps\u00adutveckling, och eleverna f\u00f6ljs noga genom hela skolg\u00e5ngen. Traineeprogrammet riktas till l\u00e4rare med h\u00f6gst ett \u00e5rs yrkeserfarenhet. N\u00e4sta grupp startar i augusti 2019 och ans\u00f6knings\u00adtiden g\u00e5r ut den 31 mars.<br \/>\n<strong>L\u00e4s mer p\u00e5: <a href=\"http:\/\/www.tabyfriskola.se\" title=\"T\u00e4by textlink\" rel=\"noopener noreferrer\" target=\"_blank\">www.tabyfriskola.se<\/a><\/strong><\/br><br \/>\n<a href=\"http:\/\/www.tabyfriskola.se\" title=\"T\u00e4by logotype\" rel=\"noopener noreferrer\" target=\"_blank\"><img loading=\"lazy\" decoding=\"async\" src=\"https:\/\/lararkarriar.se\/grundskola\/wp-content\/uploads\/sites\/12\/2019\/02\/taby-logga.png\" alt=\"\" width=\"300\" height=\"192\" class=\"alignnone size-full wp-image-6434\" srcset=\"https:\/\/lararkarriar.se\/grundskola\/wp-content\/uploads\/sites\/12\/2019\/02\/taby-logga.png 500w, https:\/\/lararkarriar.se\/grundskola\/wp-content\/uploads\/sites\/12\/2019\/02\/taby-logga-300x192.png 300w, https:\/\/lararkarriar.se\/grundskola\/wp-content\/uploads\/sites\/12\/2019\/02\/taby-logga-250x160.png 250w\" sizes=\"auto, (max-width: 300px) 100vw, 300px\" \/><\/a><\/div>\n","protected":false},"excerpt":{"rendered":"<p>M\u00f6tet med arbetslivet efter l\u00e4rarh\u00f6gskolan kan vara tufft. T\u00e4by Friskola g\u00e5r i br\u00e4schen f\u00f6r att&#8230;<\/p>\n","protected":false},"author":3,"featured_media":6435,"comment_status":"closed","ping_status":"open","sticky":false,"template":"","format":"standard","meta":{"_acf_changed":false,"_monsterinsights_skip_tracking":false,"_monsterinsights_sitenote_active":false,"_monsterinsights_sitenote_note":"","_monsterinsights_sitenote_category":0,"footnotes":""},"categories":[7],"tags":[190,269,323,383,385,397,398],"class_list":["post-6431","post","type-post","status-publish","format-standard","has-post-thumbnail","hentry","category-presentation","tag-kunskapsutveckling","tag-nyutexaminerad","tag-satsningar","tag-systematisk-introduktion","tag-taby-friskola","tag-trainee","tag-traineeprogram"],"acf":[],"yoast_head":"<!-- This site is optimized with the Yoast SEO plugin v27.3 - https:\/\/yoast.com\/product\/yoast-seo-wordpress\/ -->\n<title>F\u00e5 b\u00e4sta starten som ny l\u00e4rare med traineeprogram - Framtidens Karri\u00e4r \u2013 Grundskolel\u00e4rare<\/title>\n<meta name=\"robots\" content=\"index, follow, max-snippet:-1, max-image-preview:large, max-video-preview:-1\" \/>\n<link rel=\"canonical\" href=\"https:\/\/lararkarriar.se\/grundskola\/2019\/02\/13\/fa-basta-starten-som-ny-larare-med-traineeprogram\/\" \/>\n<meta property=\"og:locale\" content=\"sv_SE\" \/>\n<meta property=\"og:type\" content=\"article\" \/>\n<meta property=\"og:title\" content=\"F\u00e5 b\u00e4sta starten som ny l\u00e4rare med traineeprogram - Framtidens Karri\u00e4r \u2013 Grundskolel\u00e4rare\" \/>\n<meta property=\"og:description\" content=\"M\u00f6tet med arbetslivet efter l\u00e4rarh\u00f6gskolan kan vara tufft. T\u00e4by Friskola g\u00e5r i br\u00e4schen f\u00f6r att...\" \/>\n<meta property=\"og:url\" content=\"https:\/\/lararkarriar.se\/grundskola\/2019\/02\/13\/fa-basta-starten-som-ny-larare-med-traineeprogram\/\" \/>\n<meta property=\"og:site_name\" content=\"Framtidens Karri\u00e4r \u2013 Grundskolel\u00e4rare\" \/>\n<meta property=\"article:published_time\" content=\"2019-02-13T10:20:48+00:00\" \/>\n<meta property=\"og:image\" content=\"https:\/\/lararkarriar.se\/grundskola\/wp-content\/uploads\/sites\/12\/2019\/02\/taby-natalie-intervju.jpg\" \/>\n\t<meta property=\"og:image:width\" content=\"1000\" \/>\n\t<meta property=\"og:image:height\" content=\"690\" \/>\n\t<meta property=\"og:image:type\" content=\"image\/jpeg\" \/>\n<meta name=\"author\" content=\"stellanstal\" \/>\n<meta name=\"twitter:card\" content=\"summary_large_image\" \/>\n<meta name=\"twitter:label1\" content=\"Skriven av\" \/>\n\t<meta name=\"twitter:data1\" content=\"stellanstal\" \/>\n\t<meta name=\"twitter:label2\" content=\"Ber\u00e4knad l\u00e4stid\" \/>\n\t<meta name=\"twitter:data2\" content=\"3 minuter\" \/>\n<script type=\"application\/ld+json\" class=\"yoast-schema-graph\">{\"@context\":\"https:\\\/\\\/schema.org\",\"@graph\":[{\"@type\":\"Article\",\"@id\":\"https:\\\/\\\/lararkarriar.se\\\/grundskola\\\/2019\\\/02\\\/13\\\/fa-basta-starten-som-ny-larare-med-traineeprogram\\\/#article\",\"isPartOf\":{\"@id\":\"https:\\\/\\\/lararkarriar.se\\\/grundskola\\\/2019\\\/02\\\/13\\\/fa-basta-starten-som-ny-larare-med-traineeprogram\\\/\"},\"author\":{\"name\":\"stellanstal\",\"@id\":\"https:\\\/\\\/lararkarriar.se\\\/grundskola\\\/#\\\/schema\\\/person\\\/c8a43eb855191e573b73ecf8987a3b99\"},\"headline\":\"F\u00e5 b\u00e4sta starten som ny l\u00e4rare med traineeprogram\",\"datePublished\":\"2019-02-13T10:20:48+00:00\",\"mainEntityOfPage\":{\"@id\":\"https:\\\/\\\/lararkarriar.se\\\/grundskola\\\/2019\\\/02\\\/13\\\/fa-basta-starten-som-ny-larare-med-traineeprogram\\\/\"},\"wordCount\":589,\"image\":{\"@id\":\"https:\\\/\\\/lararkarriar.se\\\/grundskola\\\/2019\\\/02\\\/13\\\/fa-basta-starten-som-ny-larare-med-traineeprogram\\\/#primaryimage\"},\"thumbnailUrl\":\"https:\\\/\\\/lararkarriar.se\\\/grundskola\\\/wp-content\\\/uploads\\\/sites\\\/12\\\/2019\\\/02\\\/taby-natalie-intervju.jpg\",\"keywords\":[\"Kunskapsutveckling\",\"Nyutexaminerad\",\"Satsningar\",\"Systematisk introduktion\",\"T\u00e4by Friskola\",\"Trainee\",\"Traineeprogram\"],\"articleSection\":[\"Presentation\"],\"inLanguage\":\"sv-SE\"},{\"@type\":\"WebPage\",\"@id\":\"https:\\\/\\\/lararkarriar.se\\\/grundskola\\\/2019\\\/02\\\/13\\\/fa-basta-starten-som-ny-larare-med-traineeprogram\\\/\",\"url\":\"https:\\\/\\\/lararkarriar.se\\\/grundskola\\\/2019\\\/02\\\/13\\\/fa-basta-starten-som-ny-larare-med-traineeprogram\\\/\",\"name\":\"F\u00e5 b\u00e4sta starten som ny l\u00e4rare med traineeprogram - Framtidens Karri\u00e4r \u2013 Grundskolel\u00e4rare\",\"isPartOf\":{\"@id\":\"https:\\\/\\\/lararkarriar.se\\\/grundskola\\\/#website\"},\"primaryImageOfPage\":{\"@id\":\"https:\\\/\\\/lararkarriar.se\\\/grundskola\\\/2019\\\/02\\\/13\\\/fa-basta-starten-som-ny-larare-med-traineeprogram\\\/#primaryimage\"},\"image\":{\"@id\":\"https:\\\/\\\/lararkarriar.se\\\/grundskola\\\/2019\\\/02\\\/13\\\/fa-basta-starten-som-ny-larare-med-traineeprogram\\\/#primaryimage\"},\"thumbnailUrl\":\"https:\\\/\\\/lararkarriar.se\\\/grundskola\\\/wp-content\\\/uploads\\\/sites\\\/12\\\/2019\\\/02\\\/taby-natalie-intervju.jpg\",\"datePublished\":\"2019-02-13T10:20:48+00:00\",\"author\":{\"@id\":\"https:\\\/\\\/lararkarriar.se\\\/grundskola\\\/#\\\/schema\\\/person\\\/c8a43eb855191e573b73ecf8987a3b99\"},\"breadcrumb\":{\"@id\":\"https:\\\/\\\/lararkarriar.se\\\/grundskola\\\/2019\\\/02\\\/13\\\/fa-basta-starten-som-ny-larare-med-traineeprogram\\\/#breadcrumb\"},\"inLanguage\":\"sv-SE\",\"potentialAction\":[{\"@type\":\"ReadAction\",\"target\":[\"https:\\\/\\\/lararkarriar.se\\\/grundskola\\\/2019\\\/02\\\/13\\\/fa-basta-starten-som-ny-larare-med-traineeprogram\\\/\"]}]},{\"@type\":\"ImageObject\",\"inLanguage\":\"sv-SE\",\"@id\":\"https:\\\/\\\/lararkarriar.se\\\/grundskola\\\/2019\\\/02\\\/13\\\/fa-basta-starten-som-ny-larare-med-traineeprogram\\\/#primaryimage\",\"url\":\"https:\\\/\\\/lararkarriar.se\\\/grundskola\\\/wp-content\\\/uploads\\\/sites\\\/12\\\/2019\\\/02\\\/taby-natalie-intervju.jpg\",\"contentUrl\":\"https:\\\/\\\/lararkarriar.se\\\/grundskola\\\/wp-content\\\/uploads\\\/sites\\\/12\\\/2019\\\/02\\\/taby-natalie-intervju.jpg\",\"width\":1000,\"height\":690,\"caption\":\"Natalie Wahlstr\u00f6m, \u00e4mnesl\u00e4rare.\"},{\"@type\":\"BreadcrumbList\",\"@id\":\"https:\\\/\\\/lararkarriar.se\\\/grundskola\\\/2019\\\/02\\\/13\\\/fa-basta-starten-som-ny-larare-med-traineeprogram\\\/#breadcrumb\",\"itemListElement\":[{\"@type\":\"ListItem\",\"position\":1,\"name\":\"Home\",\"item\":\"https:\\\/\\\/lararkarriar.se\\\/grundskola\\\/\"},{\"@type\":\"ListItem\",\"position\":2,\"name\":\"F\u00e5 b\u00e4sta starten som ny l\u00e4rare med traineeprogram\"}]},{\"@type\":\"WebSite\",\"@id\":\"https:\\\/\\\/lararkarriar.se\\\/grundskola\\\/#website\",\"url\":\"https:\\\/\\\/lararkarriar.se\\\/grundskola\\\/\",\"name\":\"Framtidens Karri\u00e4r \u2013 Grundskolel\u00e4rare\",\"description\":\"Just another NMDashboard.se Sites site\",\"potentialAction\":[{\"@type\":\"SearchAction\",\"target\":{\"@type\":\"EntryPoint\",\"urlTemplate\":\"https:\\\/\\\/lararkarriar.se\\\/grundskola\\\/?s={search_term_string}\"},\"query-input\":{\"@type\":\"PropertyValueSpecification\",\"valueRequired\":true,\"valueName\":\"search_term_string\"}}],\"inLanguage\":\"sv-SE\"},{\"@type\":\"Person\",\"@id\":\"https:\\\/\\\/lararkarriar.se\\\/grundskola\\\/#\\\/schema\\\/person\\\/c8a43eb855191e573b73ecf8987a3b99\",\"name\":\"stellanstal\",\"image\":{\"@type\":\"ImageObject\",\"inLanguage\":\"sv-SE\",\"@id\":\"https:\\\/\\\/secure.gravatar.com\\\/avatar\\\/cd330fa6bb17f598124b2068ee0b189e4fe0987a50af9d53b78410836060d0c9?s=96&d=mm&r=g\",\"url\":\"https:\\\/\\\/secure.gravatar.com\\\/avatar\\\/cd330fa6bb17f598124b2068ee0b189e4fe0987a50af9d53b78410836060d0c9?s=96&d=mm&r=g\",\"contentUrl\":\"https:\\\/\\\/secure.gravatar.com\\\/avatar\\\/cd330fa6bb17f598124b2068ee0b189e4fe0987a50af9d53b78410836060d0c9?s=96&d=mm&r=g\",\"caption\":\"stellanstal\"},\"url\":\"https:\\\/\\\/lararkarriar.se\\\/grundskola\\\/author\\\/stellanstal\\\/\"}]}<\/script>\n<!-- \/ Yoast SEO plugin. -->","yoast_head_json":{"title":"F\u00e5 b\u00e4sta starten som ny l\u00e4rare med traineeprogram - Framtidens Karri\u00e4r \u2013 Grundskolel\u00e4rare","robots":{"index":"index","follow":"follow","max-snippet":"max-snippet:-1","max-image-preview":"max-image-preview:large","max-video-preview":"max-video-preview:-1"},"canonical":"https:\/\/lararkarriar.se\/grundskola\/2019\/02\/13\/fa-basta-starten-som-ny-larare-med-traineeprogram\/","og_locale":"sv_SE","og_type":"article","og_title":"F\u00e5 b\u00e4sta starten som ny l\u00e4rare med traineeprogram - Framtidens Karri\u00e4r \u2013 Grundskolel\u00e4rare","og_description":"M\u00f6tet med arbetslivet efter l\u00e4rarh\u00f6gskolan kan vara tufft. T\u00e4by Friskola g\u00e5r i br\u00e4schen f\u00f6r att...","og_url":"https:\/\/lararkarriar.se\/grundskola\/2019\/02\/13\/fa-basta-starten-som-ny-larare-med-traineeprogram\/","og_site_name":"Framtidens Karri\u00e4r \u2013 Grundskolel\u00e4rare","article_published_time":"2019-02-13T10:20:48+00:00","og_image":[{"width":1000,"height":690,"url":"https:\/\/lararkarriar.se\/grundskola\/wp-content\/uploads\/sites\/12\/2019\/02\/taby-natalie-intervju.jpg","type":"image\/jpeg"}],"author":"stellanstal","twitter_card":"summary_large_image","twitter_misc":{"Skriven av":"stellanstal","Ber\u00e4knad l\u00e4stid":"3 minuter"},"schema":{"@context":"https:\/\/schema.org","@graph":[{"@type":"Article","@id":"https:\/\/lararkarriar.se\/grundskola\/2019\/02\/13\/fa-basta-starten-som-ny-larare-med-traineeprogram\/#article","isPartOf":{"@id":"https:\/\/lararkarriar.se\/grundskola\/2019\/02\/13\/fa-basta-starten-som-ny-larare-med-traineeprogram\/"},"author":{"name":"stellanstal","@id":"https:\/\/lararkarriar.se\/grundskola\/#\/schema\/person\/c8a43eb855191e573b73ecf8987a3b99"},"headline":"F\u00e5 b\u00e4sta starten som ny l\u00e4rare med traineeprogram","datePublished":"2019-02-13T10:20:48+00:00","mainEntityOfPage":{"@id":"https:\/\/lararkarriar.se\/grundskola\/2019\/02\/13\/fa-basta-starten-som-ny-larare-med-traineeprogram\/"},"wordCount":589,"image":{"@id":"https:\/\/lararkarriar.se\/grundskola\/2019\/02\/13\/fa-basta-starten-som-ny-larare-med-traineeprogram\/#primaryimage"},"thumbnailUrl":"https:\/\/lararkarriar.se\/grundskola\/wp-content\/uploads\/sites\/12\/2019\/02\/taby-natalie-intervju.jpg","keywords":["Kunskapsutveckling","Nyutexaminerad","Satsningar","Systematisk introduktion","T\u00e4by Friskola","Trainee","Traineeprogram"],"articleSection":["Presentation"],"inLanguage":"sv-SE"},{"@type":"WebPage","@id":"https:\/\/lararkarriar.se\/grundskola\/2019\/02\/13\/fa-basta-starten-som-ny-larare-med-traineeprogram\/","url":"https:\/\/lararkarriar.se\/grundskola\/2019\/02\/13\/fa-basta-starten-som-ny-larare-med-traineeprogram\/","name":"F\u00e5 b\u00e4sta starten som ny l\u00e4rare med traineeprogram - Framtidens Karri\u00e4r \u2013 Grundskolel\u00e4rare","isPartOf":{"@id":"https:\/\/lararkarriar.se\/grundskola\/#website"},"primaryImageOfPage":{"@id":"https:\/\/lararkarriar.se\/grundskola\/2019\/02\/13\/fa-basta-starten-som-ny-larare-med-traineeprogram\/#primaryimage"},"image":{"@id":"https:\/\/lararkarriar.se\/grundskola\/2019\/02\/13\/fa-basta-starten-som-ny-larare-med-traineeprogram\/#primaryimage"},"thumbnailUrl":"https:\/\/lararkarriar.se\/grundskola\/wp-content\/uploads\/sites\/12\/2019\/02\/taby-natalie-intervju.jpg","datePublished":"2019-02-13T10:20:48+00:00","author":{"@id":"https:\/\/lararkarriar.se\/grundskola\/#\/schema\/person\/c8a43eb855191e573b73ecf8987a3b99"},"breadcrumb":{"@id":"https:\/\/lararkarriar.se\/grundskola\/2019\/02\/13\/fa-basta-starten-som-ny-larare-med-traineeprogram\/#breadcrumb"},"inLanguage":"sv-SE","potentialAction":[{"@type":"ReadAction","target":["https:\/\/lararkarriar.se\/grundskola\/2019\/02\/13\/fa-basta-starten-som-ny-larare-med-traineeprogram\/"]}]},{"@type":"ImageObject","inLanguage":"sv-SE","@id":"https:\/\/lararkarriar.se\/grundskola\/2019\/02\/13\/fa-basta-starten-som-ny-larare-med-traineeprogram\/#primaryimage","url":"https:\/\/lararkarriar.se\/grundskola\/wp-content\/uploads\/sites\/12\/2019\/02\/taby-natalie-intervju.jpg","contentUrl":"https:\/\/lararkarriar.se\/grundskola\/wp-content\/uploads\/sites\/12\/2019\/02\/taby-natalie-intervju.jpg","width":1000,"height":690,"caption":"Natalie Wahlstr\u00f6m, \u00e4mnesl\u00e4rare."},{"@type":"BreadcrumbList","@id":"https:\/\/lararkarriar.se\/grundskola\/2019\/02\/13\/fa-basta-starten-som-ny-larare-med-traineeprogram\/#breadcrumb","itemListElement":[{"@type":"ListItem","position":1,"name":"Home","item":"https:\/\/lararkarriar.se\/grundskola\/"},{"@type":"ListItem","position":2,"name":"F\u00e5 b\u00e4sta starten som ny l\u00e4rare med traineeprogram"}]},{"@type":"WebSite","@id":"https:\/\/lararkarriar.se\/grundskola\/#website","url":"https:\/\/lararkarriar.se\/grundskola\/","name":"Framtidens Karri\u00e4r \u2013 Grundskolel\u00e4rare","description":"Just another NMDashboard.se Sites site","potentialAction":[{"@type":"SearchAction","target":{"@type":"EntryPoint","urlTemplate":"https:\/\/lararkarriar.se\/grundskola\/?s={search_term_string}"},"query-input":{"@type":"PropertyValueSpecification","valueRequired":true,"valueName":"search_term_string"}}],"inLanguage":"sv-SE"},{"@type":"Person","@id":"https:\/\/lararkarriar.se\/grundskola\/#\/schema\/person\/c8a43eb855191e573b73ecf8987a3b99","name":"stellanstal","image":{"@type":"ImageObject","inLanguage":"sv-SE","@id":"https:\/\/secure.gravatar.com\/avatar\/cd330fa6bb17f598124b2068ee0b189e4fe0987a50af9d53b78410836060d0c9?s=96&d=mm&r=g","url":"https:\/\/secure.gravatar.com\/avatar\/cd330fa6bb17f598124b2068ee0b189e4fe0987a50af9d53b78410836060d0c9?s=96&d=mm&r=g","contentUrl":"https:\/\/secure.gravatar.com\/avatar\/cd330fa6bb17f598124b2068ee0b189e4fe0987a50af9d53b78410836060d0c9?s=96&d=mm&r=g","caption":"stellanstal"},"url":"https:\/\/lararkarriar.se\/grundskola\/author\/stellanstal\/"}]}},"_links":{"self":[{"href":"https:\/\/lararkarriar.se\/grundskola\/wp-json\/wp\/v2\/posts\/6431","targetHints":{"allow":["GET"]}}],"collection":[{"href":"https:\/\/lararkarriar.se\/grundskola\/wp-json\/wp\/v2\/posts"}],"about":[{"href":"https:\/\/lararkarriar.se\/grundskola\/wp-json\/wp\/v2\/types\/post"}],"author":[{"embeddable":true,"href":"https:\/\/lararkarriar.se\/grundskola\/wp-json\/wp\/v2\/users\/3"}],"replies":[{"embeddable":true,"href":"https:\/\/lararkarriar.se\/grundskola\/wp-json\/wp\/v2\/comments?post=6431"}],"version-history":[{"count":0,"href":"https:\/\/lararkarriar.se\/grundskola\/wp-json\/wp\/v2\/posts\/6431\/revisions"}],"wp:featuredmedia":[{"embeddable":true,"href":"https:\/\/lararkarriar.se\/grundskola\/wp-json\/wp\/v2\/media\/6435"}],"wp:attachment":[{"href":"https:\/\/lararkarriar.se\/grundskola\/wp-json\/wp\/v2\/media?parent=6431"}],"wp:term":[{"taxonomy":"category","embeddable":true,"href":"https:\/\/lararkarriar.se\/grundskola\/wp-json\/wp\/v2\/categories?post=6431"},{"taxonomy":"post_tag","embeddable":true,"href":"https:\/\/lararkarriar.se\/grundskola\/wp-json\/wp\/v2\/tags?post=6431"}],"curies":[{"name":"wp","href":"https:\/\/api.w.org\/{rel}","templated":true}]}}