{"id":6432,"date":"2019-02-13T14:42:40","date_gmt":"2019-02-13T12:42:40","guid":{"rendered":"http:\/\/lararkarriar.se\/grundskola\/?p=6432"},"modified":"2019-02-13T14:42:40","modified_gmt":"2019-02-13T12:42:40","slug":"viktigt-att-satsa-pa-manniskorna","status":"publish","type":"post","link":"https:\/\/lararkarriar.se\/grundskola\/2019\/02\/13\/viktigt-att-satsa-pa-manniskorna\/","title":{"rendered":"Viktigt att satsa p\u00e5 m\u00e4nniskorna"},"content":{"rendered":"<figure id=\"attachment_6436\" aria-describedby=\"caption-attachment-6436\" style=\"width: 1000px\" class=\"wp-caption alignnone\"><img loading=\"lazy\" decoding=\"async\" src=\"https:\/\/lararkarriar.se\/grundskola\/wp-content\/uploads\/sites\/12\/2019\/02\/sandviken-dsc-7582-edit.jpg\" alt=\"Helena Harrysson, personalutvecklare p\u00e5 kunskapsf\u00f6rvaltningen i Sandviken. Foto: Emma Engstr\u00f6m\" width=\"1000\" height=\"701\" class=\"size-full wp-image-6436\" srcset=\"https:\/\/lararkarriar.se\/grundskola\/wp-content\/uploads\/sites\/12\/2019\/02\/sandviken-dsc-7582-edit.jpg 1000w, https:\/\/lararkarriar.se\/grundskola\/wp-content\/uploads\/sites\/12\/2019\/02\/sandviken-dsc-7582-edit-300x210.jpg 300w, https:\/\/lararkarriar.se\/grundskola\/wp-content\/uploads\/sites\/12\/2019\/02\/sandviken-dsc-7582-edit-768x538.jpg 768w, https:\/\/lararkarriar.se\/grundskola\/wp-content\/uploads\/sites\/12\/2019\/02\/sandviken-dsc-7582-edit-228x160.jpg 228w, https:\/\/lararkarriar.se\/grundskola\/wp-content\/uploads\/sites\/12\/2019\/02\/sandviken-dsc-7582-edit-526x369.jpg 526w, https:\/\/lararkarriar.se\/grundskola\/wp-content\/uploads\/sites\/12\/2019\/02\/sandviken-dsc-7582-edit-720x505.jpg 720w, https:\/\/lararkarriar.se\/grundskola\/wp-content\/uploads\/sites\/12\/2019\/02\/sandviken-dsc-7582-edit-960x673.jpg 960w\" sizes=\"auto, (max-width: 1000px) 100vw, 1000px\" \/><figcaption id=\"caption-attachment-6436\" class=\"wp-caption-text\">Helena Harrysson, personalutvecklare p\u00e5 kunskapsf\u00f6rvaltningen i Sandviken. Foto: Emma Engstr\u00f6m<\/figcaption><\/figure>\n<p><strong>Bra ledarskap \u00e4r en grundpelare f\u00f6r personalens v\u00e4lm\u00e5ende. Kunskapsf\u00f6rvaltningen i Sandviken var tidigt ute med den insikten, och \u00e4ven med praktisk handling. Sedan 2003 finns h\u00e4r en fast anst\u00e4lld personalutvecklare som l\u00e4rare kan v\u00e4nda sig till med b\u00e5de sm\u00e5 och stora bekymmer.<\/strong><\/p>\n<p>I Sandvikens kommun finns en grundad syn p\u00e5 att det \u00e4r viktigt med bra ledarskap.<br \/>\n\u2013 Det \u00e4r s\u00e5dant man l\u00e4r sig och vet om rent teoretiskt, men vi har verkligen sett och f\u00f6rst\u00e5tt hur viktigt det \u00e4r i praktiken. F\u00f6rutom att kommunen satsar mycket p\u00e5 ledarskapsutbildningar har vi en skolorganisation med bitr\u00e4dande rektorer. Syftet \u00e4r dels att avlasta rektorerna, dels att det ska finnas pedagogiska ledare ute i verksamheten, s\u00e4ger Helena Harrysson, personalutvecklare p\u00e5 kunskapsf\u00f6rvaltningen i Sandviken.<br \/>\nAtt f\u00f6rvaltningen har heltidsanst\u00e4lld medarbetare som enbart har till uppgift att vara tillg\u00e4nglig f\u00f6r utveckling av personal \u00e4r ganska unikt.<br \/>\n\u2013 De flesta kommuner har en f\u00f6retagsh\u00e4lsov\u00e5rd som handhar dessa fr\u00e5gor. Men n\u00e4r l\u00e4raren kommer dit \u00e4r det ofta redan f\u00f6r sent, d\u00e5 m\u00e5r personen redan d\u00e5ligt. Min fr\u00e4msta uppgift \u00e4r att arbeta f\u00f6rebyggande, s\u00e4ger Helena Harrysson.<br \/>\nEn stor del av hennes uppdrag handlar om att coacha och handleda skolans personal, b\u00e5de enskilt och i grupp.<br \/>\n\u2013 Det finns v\u00e4ldigt lite tid \u00f6ver f\u00f6r reflektion i skolan; tempot f\u00f6r l\u00e4rarna \u00e4r h\u00f6gt och att verkligen bli lyssnad p\u00e5 \u00e4r ovanligt. Jag b\u00e5de lyssnar och kan f\u00f6rse dem med verktyg f\u00f6r att hantera olika situationer.<\/p>\n<p><strong>Avlastar ledarna<\/strong><br \/>\nDet har g\u00e5tt 16 \u00e5r sedan Helena Harrysson, som tidigare arbetat som rektor, knackade p\u00e5 f\u00f6rvaltningschefens d\u00f6rr och erbj\u00f6d sina tj\u00e4nster som personalutvecklare.<br \/>\n\u2013 F\u00f6rutom att jag fungerar som st\u00f6d och samtalspartner f\u00f6r l\u00e4rarna inneb\u00e4r min tj\u00e4nst \u00e4ven en avlastning f\u00f6r skolledarna. Jag har fullt fokus p\u00e5 mina klienter under v\u00e5ra samtal, men n\u00e4r de g\u00e5r ut genom d\u00f6rren beh\u00f6ver jag inte forts\u00e4tta b\u00e4ra deras bekymmer, som en chef ju m\u00e5ste g\u00f6ra. Det g\u00f6r att jag kan jobba p\u00e5 ett annat s\u00e4tt.<br \/>\nEn av de viktigaste delarna i uppdraget som personalutvecklare \u00e4r ocks\u00e5 att handleda och coacha, fr\u00e4mst nyanst\u00e4llda, skolledare.<br \/>\n\u2013 M\u00e5nga forts\u00e4tter sin handledning hos mig fast de inte l\u00e4ngre kan r\u00e4knas som nya \u2013 just f\u00f6r att de som chefer beh\u00f6ver en stund som \u00e4r till bara f\u00f6r deras tankar. Syftet \u00e4r detsamma som f\u00f6r \u00f6vrig personal \u2013 att f\u00f6rebygga. Om inte medarbetarna m\u00e5r bra g\u00e5r det inte att komma n\u00e5gonstans med planer och verksamhetsm\u00e5l. Det \u00e4r d\u00e4rf\u00f6r det \u00e4r s\u00e5 viktigt att satsa p\u00e5 m\u00e4nniskorna, fastsl\u00e5r Helena Harrysson.<\/p>\n<p><strong><a href=\"https:\/\/sandviken.se\/kommunpolitik\/ledigajobb.4.195dd5bf960ef47f87fff2440.html?lp-assignmentForm-occupation=4952\" title=\"Sandvikens kommun pres jobb ans\u00f6k\" rel=\"noopener noreferrer\" target=\"_blank\">Jobba som grundskoll\u00e4rare i Sandvikens kommun. Se v\u00e5ra lediga tj\u00e4nster h\u00e4r<\/a><\/strong><\/p>\n<div class=\"faktaruta-title\">Sandvikens kommuns grundskolor<\/div><div class=\"faktaruta\">I Sandvikens kommun finns 16 grundskolor, varav en \u00e4r frist\u00e5ende skola. Grundskolans uppdrag \u00e4r att skapa goda f\u00f6ruts\u00e4ttningar f\u00f6r elevernas kunskapsm\u00e4ssiga och sociala utveckling. <\/p>\n<p><strong><a href=\"https:\/\/www.sandviken.se\" title=\"Sandvikens kommun textlink\" rel=\"noopener noreferrer\" target=\"_blank\">www.sandviken.se<\/a><\/strong><\/p>\n<p><a href=\"https:\/\/www.sandviken.se\" title=\"Sandvikens kommun logotype\" rel=\"noopener noreferrer\" target=\"_blank\"><img loading=\"lazy\" decoding=\"async\" src=\"http:\/\/lararkarriar.se\/grundskola\/wp-content\/uploads\/2019\/02\/sandviken_sk_cmyk-530x132.png\" alt=\"Sandvikens kommun logotype\" width=\"332\" height=\"83\" class=\"alignnone size-full wp-image-6443\" \/><\/a><br \/>\n<\/div>\n","protected":false},"excerpt":{"rendered":"<p>Bra ledarskap \u00e4r en grundpelare f\u00f6r personalens v\u00e4lm\u00e5ende. Kunskapsf\u00f6rvaltningen i Sandviken var tidigt ute med&#8230;<\/p>\n","protected":false},"author":2,"featured_media":6436,"comment_status":"closed","ping_status":"open","sticky":false,"template":"","format":"standard","meta":{"_acf_changed":false,"_monsterinsights_skip_tracking":false,"_monsterinsights_sitenote_active":false,"_monsterinsights_sitenote_note":"","_monsterinsights_sitenote_category":0,"footnotes":""},"categories":[7],"tags":[121,186,320,321],"class_list":["post-6432","post","type-post","status-publish","format-standard","has-post-thumbnail","hentry","category-presentation","tag-grundskola","tag-kunskapsforvaltningen","tag-sandviken","tag-sandvikens-kommun"],"acf":[],"yoast_head":"<!-- This site is optimized with the Yoast SEO plugin v27.3 - https:\/\/yoast.com\/product\/yoast-seo-wordpress\/ -->\n<title>Viktigt att satsa p\u00e5 m\u00e4nniskorna - Framtidens Karri\u00e4r \u2013 Grundskolel\u00e4rare<\/title>\n<meta name=\"robots\" content=\"index, follow, max-snippet:-1, max-image-preview:large, max-video-preview:-1\" \/>\n<link rel=\"canonical\" href=\"https:\/\/lararkarriar.se\/grundskola\/2019\/02\/13\/viktigt-att-satsa-pa-manniskorna\/\" \/>\n<meta property=\"og:locale\" content=\"sv_SE\" \/>\n<meta property=\"og:type\" content=\"article\" \/>\n<meta property=\"og:title\" content=\"Viktigt att satsa p\u00e5 m\u00e4nniskorna - Framtidens Karri\u00e4r \u2013 Grundskolel\u00e4rare\" \/>\n<meta property=\"og:description\" content=\"Bra ledarskap \u00e4r en grundpelare f\u00f6r personalens v\u00e4lm\u00e5ende. Kunskapsf\u00f6rvaltningen i Sandviken var tidigt ute med...\" \/>\n<meta property=\"og:url\" content=\"https:\/\/lararkarriar.se\/grundskola\/2019\/02\/13\/viktigt-att-satsa-pa-manniskorna\/\" \/>\n<meta property=\"og:site_name\" content=\"Framtidens Karri\u00e4r \u2013 Grundskolel\u00e4rare\" \/>\n<meta property=\"article:published_time\" content=\"2019-02-13T12:42:40+00:00\" \/>\n<meta property=\"og:image\" content=\"https:\/\/lararkarriar.se\/grundskola\/wp-content\/uploads\/sites\/12\/2019\/02\/sandviken-dsc-7582-edit.jpg\" \/>\n\t<meta property=\"og:image:width\" content=\"1000\" \/>\n\t<meta property=\"og:image:height\" content=\"701\" \/>\n\t<meta property=\"og:image:type\" content=\"image\/jpeg\" \/>\n<meta name=\"author\" content=\"viktorwallen\" \/>\n<meta name=\"twitter:card\" content=\"summary_large_image\" \/>\n<meta name=\"twitter:label1\" content=\"Skriven av\" \/>\n\t<meta name=\"twitter:data1\" content=\"viktorwallen\" \/>\n\t<meta name=\"twitter:label2\" content=\"Ber\u00e4knad l\u00e4stid\" \/>\n\t<meta name=\"twitter:data2\" content=\"3 minuter\" \/>\n<script type=\"application\/ld+json\" class=\"yoast-schema-graph\">{\"@context\":\"https:\\\/\\\/schema.org\",\"@graph\":[{\"@type\":\"Article\",\"@id\":\"https:\\\/\\\/lararkarriar.se\\\/grundskola\\\/2019\\\/02\\\/13\\\/viktigt-att-satsa-pa-manniskorna\\\/#article\",\"isPartOf\":{\"@id\":\"https:\\\/\\\/lararkarriar.se\\\/grundskola\\\/2019\\\/02\\\/13\\\/viktigt-att-satsa-pa-manniskorna\\\/\"},\"author\":{\"name\":\"viktorwallen\",\"@id\":\"https:\\\/\\\/lararkarriar.se\\\/grundskola\\\/#\\\/schema\\\/person\\\/2a13a849ec7646386c2211f59afe3083\"},\"headline\":\"Viktigt att satsa p\u00e5 m\u00e4nniskorna\",\"datePublished\":\"2019-02-13T12:42:40+00:00\",\"mainEntityOfPage\":{\"@id\":\"https:\\\/\\\/lararkarriar.se\\\/grundskola\\\/2019\\\/02\\\/13\\\/viktigt-att-satsa-pa-manniskorna\\\/\"},\"wordCount\":559,\"image\":{\"@id\":\"https:\\\/\\\/lararkarriar.se\\\/grundskola\\\/2019\\\/02\\\/13\\\/viktigt-att-satsa-pa-manniskorna\\\/#primaryimage\"},\"thumbnailUrl\":\"https:\\\/\\\/lararkarriar.se\\\/grundskola\\\/wp-content\\\/uploads\\\/sites\\\/12\\\/2019\\\/02\\\/sandviken-dsc-7582-edit.jpg\",\"keywords\":[\"Grundskola\",\"Kunskapsf\u00f6rvaltningen\",\"Sandviken\",\"Sandvikens kommun\"],\"articleSection\":[\"Presentation\"],\"inLanguage\":\"sv-SE\"},{\"@type\":\"WebPage\",\"@id\":\"https:\\\/\\\/lararkarriar.se\\\/grundskola\\\/2019\\\/02\\\/13\\\/viktigt-att-satsa-pa-manniskorna\\\/\",\"url\":\"https:\\\/\\\/lararkarriar.se\\\/grundskola\\\/2019\\\/02\\\/13\\\/viktigt-att-satsa-pa-manniskorna\\\/\",\"name\":\"Viktigt att satsa p\u00e5 m\u00e4nniskorna - Framtidens Karri\u00e4r \u2013 Grundskolel\u00e4rare\",\"isPartOf\":{\"@id\":\"https:\\\/\\\/lararkarriar.se\\\/grundskola\\\/#website\"},\"primaryImageOfPage\":{\"@id\":\"https:\\\/\\\/lararkarriar.se\\\/grundskola\\\/2019\\\/02\\\/13\\\/viktigt-att-satsa-pa-manniskorna\\\/#primaryimage\"},\"image\":{\"@id\":\"https:\\\/\\\/lararkarriar.se\\\/grundskola\\\/2019\\\/02\\\/13\\\/viktigt-att-satsa-pa-manniskorna\\\/#primaryimage\"},\"thumbnailUrl\":\"https:\\\/\\\/lararkarriar.se\\\/grundskola\\\/wp-content\\\/uploads\\\/sites\\\/12\\\/2019\\\/02\\\/sandviken-dsc-7582-edit.jpg\",\"datePublished\":\"2019-02-13T12:42:40+00:00\",\"author\":{\"@id\":\"https:\\\/\\\/lararkarriar.se\\\/grundskola\\\/#\\\/schema\\\/person\\\/2a13a849ec7646386c2211f59afe3083\"},\"breadcrumb\":{\"@id\":\"https:\\\/\\\/lararkarriar.se\\\/grundskola\\\/2019\\\/02\\\/13\\\/viktigt-att-satsa-pa-manniskorna\\\/#breadcrumb\"},\"inLanguage\":\"sv-SE\",\"potentialAction\":[{\"@type\":\"ReadAction\",\"target\":[\"https:\\\/\\\/lararkarriar.se\\\/grundskola\\\/2019\\\/02\\\/13\\\/viktigt-att-satsa-pa-manniskorna\\\/\"]}]},{\"@type\":\"ImageObject\",\"inLanguage\":\"sv-SE\",\"@id\":\"https:\\\/\\\/lararkarriar.se\\\/grundskola\\\/2019\\\/02\\\/13\\\/viktigt-att-satsa-pa-manniskorna\\\/#primaryimage\",\"url\":\"https:\\\/\\\/lararkarriar.se\\\/grundskola\\\/wp-content\\\/uploads\\\/sites\\\/12\\\/2019\\\/02\\\/sandviken-dsc-7582-edit.jpg\",\"contentUrl\":\"https:\\\/\\\/lararkarriar.se\\\/grundskola\\\/wp-content\\\/uploads\\\/sites\\\/12\\\/2019\\\/02\\\/sandviken-dsc-7582-edit.jpg\",\"width\":1000,\"height\":701,\"caption\":\"Helena Harrysson, personalutvecklare p\u00e5 kunskapsf\u00f6rvaltningen i Sandviken. Foto: Emma Engstr\u00f6m\"},{\"@type\":\"BreadcrumbList\",\"@id\":\"https:\\\/\\\/lararkarriar.se\\\/grundskola\\\/2019\\\/02\\\/13\\\/viktigt-att-satsa-pa-manniskorna\\\/#breadcrumb\",\"itemListElement\":[{\"@type\":\"ListItem\",\"position\":1,\"name\":\"Home\",\"item\":\"https:\\\/\\\/lararkarriar.se\\\/grundskola\\\/\"},{\"@type\":\"ListItem\",\"position\":2,\"name\":\"Viktigt att satsa p\u00e5 m\u00e4nniskorna\"}]},{\"@type\":\"WebSite\",\"@id\":\"https:\\\/\\\/lararkarriar.se\\\/grundskola\\\/#website\",\"url\":\"https:\\\/\\\/lararkarriar.se\\\/grundskola\\\/\",\"name\":\"Framtidens Karri\u00e4r \u2013 Grundskolel\u00e4rare\",\"description\":\"Just another NMDashboard.se Sites site\",\"potentialAction\":[{\"@type\":\"SearchAction\",\"target\":{\"@type\":\"EntryPoint\",\"urlTemplate\":\"https:\\\/\\\/lararkarriar.se\\\/grundskola\\\/?s={search_term_string}\"},\"query-input\":{\"@type\":\"PropertyValueSpecification\",\"valueRequired\":true,\"valueName\":\"search_term_string\"}}],\"inLanguage\":\"sv-SE\"},{\"@type\":\"Person\",\"@id\":\"https:\\\/\\\/lararkarriar.se\\\/grundskola\\\/#\\\/schema\\\/person\\\/2a13a849ec7646386c2211f59afe3083\",\"name\":\"viktorwallen\",\"image\":{\"@type\":\"ImageObject\",\"inLanguage\":\"sv-SE\",\"@id\":\"https:\\\/\\\/secure.gravatar.com\\\/avatar\\\/701701bd36169636031933997c8c6b954f2f635bbb7cd4802e4a007f9c9f4e59?s=96&d=mm&r=g\",\"url\":\"https:\\\/\\\/secure.gravatar.com\\\/avatar\\\/701701bd36169636031933997c8c6b954f2f635bbb7cd4802e4a007f9c9f4e59?s=96&d=mm&r=g\",\"contentUrl\":\"https:\\\/\\\/secure.gravatar.com\\\/avatar\\\/701701bd36169636031933997c8c6b954f2f635bbb7cd4802e4a007f9c9f4e59?s=96&d=mm&r=g\",\"caption\":\"viktorwallen\"},\"url\":\"https:\\\/\\\/lararkarriar.se\\\/grundskola\\\/author\\\/viktorwallen\\\/\"}]}<\/script>\n<!-- \/ Yoast SEO plugin. -->","yoast_head_json":{"title":"Viktigt att satsa p\u00e5 m\u00e4nniskorna - Framtidens Karri\u00e4r \u2013 Grundskolel\u00e4rare","robots":{"index":"index","follow":"follow","max-snippet":"max-snippet:-1","max-image-preview":"max-image-preview:large","max-video-preview":"max-video-preview:-1"},"canonical":"https:\/\/lararkarriar.se\/grundskola\/2019\/02\/13\/viktigt-att-satsa-pa-manniskorna\/","og_locale":"sv_SE","og_type":"article","og_title":"Viktigt att satsa p\u00e5 m\u00e4nniskorna - Framtidens Karri\u00e4r \u2013 Grundskolel\u00e4rare","og_description":"Bra ledarskap \u00e4r en grundpelare f\u00f6r personalens v\u00e4lm\u00e5ende. Kunskapsf\u00f6rvaltningen i Sandviken var tidigt ute med...","og_url":"https:\/\/lararkarriar.se\/grundskola\/2019\/02\/13\/viktigt-att-satsa-pa-manniskorna\/","og_site_name":"Framtidens Karri\u00e4r \u2013 Grundskolel\u00e4rare","article_published_time":"2019-02-13T12:42:40+00:00","og_image":[{"width":1000,"height":701,"url":"https:\/\/lararkarriar.se\/grundskola\/wp-content\/uploads\/sites\/12\/2019\/02\/sandviken-dsc-7582-edit.jpg","type":"image\/jpeg"}],"author":"viktorwallen","twitter_card":"summary_large_image","twitter_misc":{"Skriven av":"viktorwallen","Ber\u00e4knad l\u00e4stid":"3 minuter"},"schema":{"@context":"https:\/\/schema.org","@graph":[{"@type":"Article","@id":"https:\/\/lararkarriar.se\/grundskola\/2019\/02\/13\/viktigt-att-satsa-pa-manniskorna\/#article","isPartOf":{"@id":"https:\/\/lararkarriar.se\/grundskola\/2019\/02\/13\/viktigt-att-satsa-pa-manniskorna\/"},"author":{"name":"viktorwallen","@id":"https:\/\/lararkarriar.se\/grundskola\/#\/schema\/person\/2a13a849ec7646386c2211f59afe3083"},"headline":"Viktigt att satsa p\u00e5 m\u00e4nniskorna","datePublished":"2019-02-13T12:42:40+00:00","mainEntityOfPage":{"@id":"https:\/\/lararkarriar.se\/grundskola\/2019\/02\/13\/viktigt-att-satsa-pa-manniskorna\/"},"wordCount":559,"image":{"@id":"https:\/\/lararkarriar.se\/grundskola\/2019\/02\/13\/viktigt-att-satsa-pa-manniskorna\/#primaryimage"},"thumbnailUrl":"https:\/\/lararkarriar.se\/grundskola\/wp-content\/uploads\/sites\/12\/2019\/02\/sandviken-dsc-7582-edit.jpg","keywords":["Grundskola","Kunskapsf\u00f6rvaltningen","Sandviken","Sandvikens kommun"],"articleSection":["Presentation"],"inLanguage":"sv-SE"},{"@type":"WebPage","@id":"https:\/\/lararkarriar.se\/grundskola\/2019\/02\/13\/viktigt-att-satsa-pa-manniskorna\/","url":"https:\/\/lararkarriar.se\/grundskola\/2019\/02\/13\/viktigt-att-satsa-pa-manniskorna\/","name":"Viktigt att satsa p\u00e5 m\u00e4nniskorna - Framtidens Karri\u00e4r \u2013 Grundskolel\u00e4rare","isPartOf":{"@id":"https:\/\/lararkarriar.se\/grundskola\/#website"},"primaryImageOfPage":{"@id":"https:\/\/lararkarriar.se\/grundskola\/2019\/02\/13\/viktigt-att-satsa-pa-manniskorna\/#primaryimage"},"image":{"@id":"https:\/\/lararkarriar.se\/grundskola\/2019\/02\/13\/viktigt-att-satsa-pa-manniskorna\/#primaryimage"},"thumbnailUrl":"https:\/\/lararkarriar.se\/grundskola\/wp-content\/uploads\/sites\/12\/2019\/02\/sandviken-dsc-7582-edit.jpg","datePublished":"2019-02-13T12:42:40+00:00","author":{"@id":"https:\/\/lararkarriar.se\/grundskola\/#\/schema\/person\/2a13a849ec7646386c2211f59afe3083"},"breadcrumb":{"@id":"https:\/\/lararkarriar.se\/grundskola\/2019\/02\/13\/viktigt-att-satsa-pa-manniskorna\/#breadcrumb"},"inLanguage":"sv-SE","potentialAction":[{"@type":"ReadAction","target":["https:\/\/lararkarriar.se\/grundskola\/2019\/02\/13\/viktigt-att-satsa-pa-manniskorna\/"]}]},{"@type":"ImageObject","inLanguage":"sv-SE","@id":"https:\/\/lararkarriar.se\/grundskola\/2019\/02\/13\/viktigt-att-satsa-pa-manniskorna\/#primaryimage","url":"https:\/\/lararkarriar.se\/grundskola\/wp-content\/uploads\/sites\/12\/2019\/02\/sandviken-dsc-7582-edit.jpg","contentUrl":"https:\/\/lararkarriar.se\/grundskola\/wp-content\/uploads\/sites\/12\/2019\/02\/sandviken-dsc-7582-edit.jpg","width":1000,"height":701,"caption":"Helena Harrysson, personalutvecklare p\u00e5 kunskapsf\u00f6rvaltningen i Sandviken. Foto: Emma Engstr\u00f6m"},{"@type":"BreadcrumbList","@id":"https:\/\/lararkarriar.se\/grundskola\/2019\/02\/13\/viktigt-att-satsa-pa-manniskorna\/#breadcrumb","itemListElement":[{"@type":"ListItem","position":1,"name":"Home","item":"https:\/\/lararkarriar.se\/grundskola\/"},{"@type":"ListItem","position":2,"name":"Viktigt att satsa p\u00e5 m\u00e4nniskorna"}]},{"@type":"WebSite","@id":"https:\/\/lararkarriar.se\/grundskola\/#website","url":"https:\/\/lararkarriar.se\/grundskola\/","name":"Framtidens Karri\u00e4r \u2013 Grundskolel\u00e4rare","description":"Just another NMDashboard.se Sites site","potentialAction":[{"@type":"SearchAction","target":{"@type":"EntryPoint","urlTemplate":"https:\/\/lararkarriar.se\/grundskola\/?s={search_term_string}"},"query-input":{"@type":"PropertyValueSpecification","valueRequired":true,"valueName":"search_term_string"}}],"inLanguage":"sv-SE"},{"@type":"Person","@id":"https:\/\/lararkarriar.se\/grundskola\/#\/schema\/person\/2a13a849ec7646386c2211f59afe3083","name":"viktorwallen","image":{"@type":"ImageObject","inLanguage":"sv-SE","@id":"https:\/\/secure.gravatar.com\/avatar\/701701bd36169636031933997c8c6b954f2f635bbb7cd4802e4a007f9c9f4e59?s=96&d=mm&r=g","url":"https:\/\/secure.gravatar.com\/avatar\/701701bd36169636031933997c8c6b954f2f635bbb7cd4802e4a007f9c9f4e59?s=96&d=mm&r=g","contentUrl":"https:\/\/secure.gravatar.com\/avatar\/701701bd36169636031933997c8c6b954f2f635bbb7cd4802e4a007f9c9f4e59?s=96&d=mm&r=g","caption":"viktorwallen"},"url":"https:\/\/lararkarriar.se\/grundskola\/author\/viktorwallen\/"}]}},"_links":{"self":[{"href":"https:\/\/lararkarriar.se\/grundskola\/wp-json\/wp\/v2\/posts\/6432","targetHints":{"allow":["GET"]}}],"collection":[{"href":"https:\/\/lararkarriar.se\/grundskola\/wp-json\/wp\/v2\/posts"}],"about":[{"href":"https:\/\/lararkarriar.se\/grundskola\/wp-json\/wp\/v2\/types\/post"}],"author":[{"embeddable":true,"href":"https:\/\/lararkarriar.se\/grundskola\/wp-json\/wp\/v2\/users\/2"}],"replies":[{"embeddable":true,"href":"https:\/\/lararkarriar.se\/grundskola\/wp-json\/wp\/v2\/comments?post=6432"}],"version-history":[{"count":0,"href":"https:\/\/lararkarriar.se\/grundskola\/wp-json\/wp\/v2\/posts\/6432\/revisions"}],"wp:featuredmedia":[{"embeddable":true,"href":"https:\/\/lararkarriar.se\/grundskola\/wp-json\/wp\/v2\/media\/6436"}],"wp:attachment":[{"href":"https:\/\/lararkarriar.se\/grundskola\/wp-json\/wp\/v2\/media?parent=6432"}],"wp:term":[{"taxonomy":"category","embeddable":true,"href":"https:\/\/lararkarriar.se\/grundskola\/wp-json\/wp\/v2\/categories?post=6432"},{"taxonomy":"post_tag","embeddable":true,"href":"https:\/\/lararkarriar.se\/grundskola\/wp-json\/wp\/v2\/tags?post=6432"}],"curies":[{"name":"wp","href":"https:\/\/api.w.org\/{rel}","templated":true}]}}