{"id":6440,"date":"2019-02-13T14:38:33","date_gmt":"2019-02-13T12:38:33","guid":{"rendered":"http:\/\/lararkarriar.se\/grundskola\/?p=6440"},"modified":"2019-02-13T14:38:33","modified_gmt":"2019-02-13T12:38:33","slug":"lar-nytt-och-utvecklas-i-huddinge","status":"publish","type":"post","link":"https:\/\/lararkarriar.se\/grundskola\/2019\/02\/13\/lar-nytt-och-utvecklas-i-huddinge\/","title":{"rendered":"L\u00e4r nytt och utvecklas i Huddinge"},"content":{"rendered":"<p><figure id=\"attachment_6441\" aria-describedby=\"caption-attachment-6441\" style=\"width: 1000px\" class=\"wp-caption alignnone\"><img loading=\"lazy\" decoding=\"async\" src=\"https:\/\/lararkarriar.se\/grundskola\/wp-content\/uploads\/sites\/12\/2019\/02\/huddinge-henrik-robert-4.jpg\" alt=\"Henrik Ek, l\u00e4rare i NO, matematik och teknik p\u00e5 Vistaskolan och Robert Nygren, l\u00e4rare i idrott och h\u00e4lsa p\u00e5 Kungsklippeskolan. Foto: Johan Marklund\" width=\"1000\" height=\"630\" class=\"size-full wp-image-6441\" srcset=\"https:\/\/lararkarriar.se\/grundskola\/wp-content\/uploads\/sites\/12\/2019\/02\/huddinge-henrik-robert-4.jpg 1000w, https:\/\/lararkarriar.se\/grundskola\/wp-content\/uploads\/sites\/12\/2019\/02\/huddinge-henrik-robert-4-300x189.jpg 300w, https:\/\/lararkarriar.se\/grundskola\/wp-content\/uploads\/sites\/12\/2019\/02\/huddinge-henrik-robert-4-768x484.jpg 768w, https:\/\/lararkarriar.se\/grundskola\/wp-content\/uploads\/sites\/12\/2019\/02\/huddinge-henrik-robert-4-254x160.jpg 254w, https:\/\/lararkarriar.se\/grundskola\/wp-content\/uploads\/sites\/12\/2019\/02\/huddinge-henrik-robert-4-526x331.jpg 526w, https:\/\/lararkarriar.se\/grundskola\/wp-content\/uploads\/sites\/12\/2019\/02\/huddinge-henrik-robert-4-720x454.jpg 720w, https:\/\/lararkarriar.se\/grundskola\/wp-content\/uploads\/sites\/12\/2019\/02\/huddinge-henrik-robert-4-960x605.jpg 960w\" sizes=\"auto, (max-width: 1000px) 100vw, 1000px\" \/><figcaption id=\"caption-attachment-6441\" class=\"wp-caption-text\">Henrik Ek, l\u00e4rare i NO, matematik och teknik p\u00e5 Vistaskolan och Robert Nygren, l\u00e4rare i idrott och h\u00e4lsa p\u00e5 Kungsklippeskolan. Foto: Johan Marklund<\/figcaption><\/figure><strong>Vill du arbeta i en kommun d\u00e4r kollegialt l\u00e4rande och likv\u00e4rdighet \u00e4r grundl\u00e4ggande och d\u00e4r man verkligen satsar p\u00e5 kompetensutveckling, fortbildning och starka n\u00e4tverk? V\u00e4lkommen till grundskolan i Huddinge. H\u00e4r \u00e4r l\u00e4raren i tydligt fokus i arbetet med att utveckla och f\u00f6rb\u00e4ttra skolan. <\/strong><\/p>\n<p>Huddinge kommun har under flera \u00e5r arbetat strukturerat och strategiskt med att st\u00e4rka l\u00e4rarrollen och ge sina l\u00e4rare f\u00f6ruts\u00e4ttningar att utvecklas i sin profession. Det finns en stark tonvikt p\u00e5 att skapa fora f\u00f6r att l\u00e4rare ska kunna tr\u00e4ffas, l\u00e4ra av varandra och l\u00e4ra nytt.<br \/>\n\u2013 De m\u00e5nga satsningarna p\u00e5 l\u00e4rarna \u00e4r verkligen n\u00e5got som g\u00f6r Huddinge kommun speciell. Det finns en stark vilja hos alla att utveckla skolan och att ge l\u00e4rare de verktyg de beh\u00f6ver. Vi ser ocks\u00e5 hur det ger resultat ute p\u00e5 skolorna, s\u00e4ger Henrik Ek, l\u00e4rare i NO, matematik och teknik p\u00e5 Vistaskolan.<br \/>\nHan f\u00e5r medh\u00e5ll av Robert Nygren, l\u00e4rare i idrott och h\u00e4lsa p\u00e5 Kungsklippeskolan.<br \/>\n\u2013 M\u00e5nga som kommer utifr\u00e5n blir v\u00e4ldigt positivt \u00f6verraskade n\u00e4r de ser hur tydligt vi arbetar med de h\u00e4r fr\u00e5gorna. Det \u00e4r ovanligt att kommuner har en s\u00e5 genomt\u00e4nkt plan och organisation f\u00f6r detta. Trots att grundskolan i Huddinge \u00e4r en stor organisation \u00e4r den inte tr\u00f6g, h\u00e4r finns b\u00e5de f\u00f6r\u00e4ndringsvilja och kontinuitet, s\u00e4ger han.<\/p>\n<p><strong>\u00c4mnesl\u00e4rare tr\u00e4ffas<\/strong><br \/>\nDet finns flera parallella satsningar p\u00e5 l\u00e4rarna i Huddinge kommun. Henrik och Robert \u00e4r b\u00e5da kommun\u00f6vergripande f\u00f6rstel\u00e4rare, K\u00d6F, som spelar en viktig roll i arbetet med att skapa en likv\u00e4rdig skola. Det finns en eller tv\u00e5 kommun\u00f6vergripande f\u00f6rstel\u00e4rare i varje \u00e4mne och dessa arbetar en dag i veckan med utvecklingsfr\u00e5gor inom sitt \u00e4mne. De kommun\u00f6vergripande f\u00f6rstel\u00e4rarna tr\u00e4ffar samtliga l\u00e4rare i sitt \u00e4mne p\u00e5 en gemensam konferens varje \u00e5r, d\u00e4r man arbetar efter s\u00e5v\u00e4l gemensamma som \u00e4mnesspecifika teman.<br \/>\n\u2013 Det \u00e4r ett v\u00e4ldigt bra s\u00e4tt att n\u00e5 ut till samtliga l\u00e4rare i kommunen, s\u00e5 att alla f\u00e5r tr\u00e4ffas och diskutera viktiga fr\u00e5gor. Inte minst f\u00f6r de l\u00e4rare som \u00e4r ensamma om sitt \u00e4mne p\u00e5 sin skola \u00e4r det enormt v\u00e4rdefullt att f\u00e5 ta del av andras tankar och lyfta fram hur man sj\u00e4lv t\u00e4nker. Det \u00e4r s\u00e5dant som skapar likv\u00e4rdighet, s\u00e4ger Robert. <\/p>\n<p><strong>Inspirationsdag<\/strong><br \/>\nEn annan satsning \u00e4r Huddinge Visar, som \u00e4r en \u00e5rligen \u00e5terkommande inspirationsdag med workshops, f\u00f6rel\u00e4sningar och diskussionsgrupper. Alla l\u00e4rare deltar och de som vill kan \u00e4ven h\u00e5lla i workhops eller f\u00f6rel\u00e4sa. IKT, spr\u00e5kutveckling och matematik \u00e4r tre generella fokusomr\u00e5den, som genomsyrar evenemanget.<br \/>\n\u2013 Detta \u00e4r ett otroligt bra och uppskattat forum f\u00f6r att l\u00e4ra av varandra, bygga n\u00e4tverk och sj\u00e4lv kunna bidra med eget kunnande, id\u00e9er och inspiration. B\u00e5de Huddinge Visar och den centrala K\u00d6F-konferensen \u00e4r verkligen handfasta exempel p\u00e5 hur Huddinge kommun prioriterar kollegialt l\u00e4rande, fortbildning och kompetensutveckling, s\u00e4ger Henrik.<br \/>\nF\u00f6r den som \u00e4r nyanst\u00e4lld finns ett omfattande introduktionsprogram, med b\u00e5de gemensamma f\u00f6rel\u00e4sningar och seminarier och specifika satsningar om exempelvis ledarskap i klassrummet, bed\u00f6mning, systematik och l\u00e4rarmilj\u00f6n. Alla nyanst\u00e4llda l\u00e4rare f\u00e5r delta i programmet, oavsett om man nyutexaminerad eller har l\u00e5ng erfarenhet av att undervisa. De kommun\u00f6vergripande f\u00f6rstel\u00e4rarna h\u00e5ller i introduktionen.<br \/>\n\u2013 Programmet \u00e4r ett viktigt led i det centrala arbetet med att skapa likv\u00e4rdighet och kollegialt l\u00e4rande, menar Henrik och Robert.<\/p>\n<p><strong>M\u00e5nga olika m\u00f6jligheter<\/strong><br \/>\nHuddinge kommun utm\u00e4rker sig inte bara genom sina m\u00e5nga satsningar p\u00e5 l\u00e4rare. Den \u00e4r ocks\u00e5 den n\u00e4st st\u00f6rsta kommunen i Stockholms l\u00e4n och h\u00e4r finns en stor variation. Huddinge har b\u00e5de sm\u00e5 och stora grundskolor och en m\u00e4ngd olika typer av bostadsomr\u00e5den. F\u00f6r l\u00e4rare finns det ett brett spektrum av olika m\u00f6jligheter, framh\u00e5ller Robert och Henrik.<br \/>\n\u2013 Det \u00e4r en dynamisk kommun d\u00e4r det h\u00e4nder mycket och vi arbetar h\u00e5rt med att skapa likv\u00e4rdiga f\u00f6ruts\u00e4ttningar f\u00f6r alla elever i kommunen. Tack vare v\u00e5rt tydliga fokus p\u00e5 l\u00e4rare f\u00e5r vi den samsyn och de redskap som beh\u00f6vs f\u00f6r att f\u00f6rverkliga det.<\/p>\n<p><strong><a href=\"https:\/\/www.huddinge.se\/arbete-och-karriar\/ledigajobb\/\" title=\"Huddinge pres jobb ans\u00f6k\" rel=\"noopener noreferrer\" target=\"_blank\">Kom och jobba med oss! Se v\u00e5ra lediga tj\u00e4nster och ans\u00f6k h\u00e4r!<\/a><\/strong><\/p>\n<div class=\"faktaruta-title\">Huddinge kommun, Barn- och utbildningsf\u00f6rvaltningen<\/div><div class=\"faktaruta\">Barn- och utbildningsf\u00f6rvaltningen i Huddinge ansvarar f\u00f6r f\u00f6rskoleverksamhet (f\u00f6rskola, familjedaghem och \u00f6ppen f\u00f6rskola), skolbarnomsorg (fritidshem och \u00f6ppen fritidsverksamhet), grundskola, s\u00e4rskola, gymnasieskola och vuxenutbildning.<\/p>\n<p>Huddinge kommun<br \/>\nBarn- och utbildningsf\u00f6rvaltningen<br \/>\n141 85 Huddinge<br \/>\nTel vxl: 08-535 300 00<br \/>\n<em>E-post: <a href=\"mailto:barn-utbildning@huddinge.se\" title=\"Huddinge mail\">barn-utbildning@huddinge.se<\/a><\/em><br \/>\n<strong><a href=\"http:\/\/www.pedagoghuddinge.se\" title=\"Huddinge pedagog textlink\" rel=\"noopener noreferrer\" target=\"_blank\">www.pedagoghuddinge.se<\/a><br \/>\n<a href=\"http:\/\/www.huddinge.se\" title=\"Huddinge textlink\" rel=\"noopener noreferrer\" target=\"_blank\">www.huddinge.se<\/a><\/strong><\/br><br \/>\n<a href=\"http:\/\/www.pedagoghuddinge.se\" title=\"Huddinge pedagog logotype\" rel=\"noopener noreferrer\" target=\"_blank\"><img loading=\"lazy\" decoding=\"async\" src=\"http:\/\/lararkarriar.se\/grundskola\/wp-content\/uploads\/2019\/02\/huddinge_kommun_logotyp_svart-530x149.png\" alt=\"\" width=\"332\" height=\"93\" class=\"alignnone size-large wp-image-6442\" \/><\/a><\/div>\n","protected":false},"excerpt":{"rendered":"<p>Vill du arbeta i en kommun d\u00e4r kollegialt l\u00e4rande och likv\u00e4rdighet \u00e4r grundl\u00e4ggande och d\u00e4r&#8230;<\/p>\n","protected":false},"author":3,"featured_media":6441,"comment_status":"closed","ping_status":"open","sticky":false,"template":"","format":"standard","meta":{"_acf_changed":false,"_monsterinsights_skip_tracking":false,"_monsterinsights_sitenote_active":false,"_monsterinsights_sitenote_note":"","_monsterinsights_sitenote_category":0,"footnotes":""},"categories":[7],"tags":[103,142,153,163,184,323,427,432,442],"class_list":["post-6440","post","type-post","status-publish","format-standard","has-post-thumbnail","hentry","category-presentation","tag-forutsattningar","tag-huddinge-kommun","tag-inspirationsdag","tag-karriarmojligheter","tag-kungsklippeskolan","tag-satsningar","tag-utveckling","tag-variation","tag-vistaskolan"],"acf":[],"yoast_head":"<!-- This site is optimized with the Yoast SEO plugin v27.3 - https:\/\/yoast.com\/product\/yoast-seo-wordpress\/ -->\n<title>L\u00e4r nytt och utvecklas i Huddinge - Framtidens Karri\u00e4r \u2013 Grundskolel\u00e4rare<\/title>\n<meta name=\"robots\" content=\"index, follow, max-snippet:-1, max-image-preview:large, max-video-preview:-1\" \/>\n<link rel=\"canonical\" href=\"https:\/\/lararkarriar.se\/grundskola\/2019\/02\/13\/lar-nytt-och-utvecklas-i-huddinge\/\" \/>\n<meta property=\"og:locale\" content=\"sv_SE\" \/>\n<meta property=\"og:type\" content=\"article\" \/>\n<meta property=\"og:title\" content=\"L\u00e4r nytt och utvecklas i Huddinge - Framtidens Karri\u00e4r \u2013 Grundskolel\u00e4rare\" \/>\n<meta property=\"og:description\" content=\"Vill du arbeta i en kommun d\u00e4r kollegialt l\u00e4rande och likv\u00e4rdighet \u00e4r grundl\u00e4ggande och d\u00e4r...\" \/>\n<meta property=\"og:url\" content=\"https:\/\/lararkarriar.se\/grundskola\/2019\/02\/13\/lar-nytt-och-utvecklas-i-huddinge\/\" \/>\n<meta property=\"og:site_name\" content=\"Framtidens Karri\u00e4r \u2013 Grundskolel\u00e4rare\" \/>\n<meta property=\"article:published_time\" content=\"2019-02-13T12:38:33+00:00\" \/>\n<meta property=\"og:image\" content=\"https:\/\/lararkarriar.se\/grundskola\/wp-content\/uploads\/sites\/12\/2019\/02\/huddinge-henrik-robert-4.jpg\" \/>\n\t<meta property=\"og:image:width\" content=\"1000\" \/>\n\t<meta property=\"og:image:height\" content=\"630\" \/>\n\t<meta property=\"og:image:type\" content=\"image\/jpeg\" \/>\n<meta name=\"author\" content=\"stellanstal\" \/>\n<meta name=\"twitter:card\" content=\"summary_large_image\" \/>\n<meta name=\"twitter:label1\" content=\"Skriven av\" \/>\n\t<meta name=\"twitter:data1\" content=\"stellanstal\" \/>\n\t<meta name=\"twitter:label2\" content=\"Ber\u00e4knad l\u00e4stid\" \/>\n\t<meta name=\"twitter:data2\" content=\"4 minuter\" \/>\n<script type=\"application\/ld+json\" class=\"yoast-schema-graph\">{\"@context\":\"https:\\\/\\\/schema.org\",\"@graph\":[{\"@type\":\"Article\",\"@id\":\"https:\\\/\\\/lararkarriar.se\\\/grundskola\\\/2019\\\/02\\\/13\\\/lar-nytt-och-utvecklas-i-huddinge\\\/#article\",\"isPartOf\":{\"@id\":\"https:\\\/\\\/lararkarriar.se\\\/grundskola\\\/2019\\\/02\\\/13\\\/lar-nytt-och-utvecklas-i-huddinge\\\/\"},\"author\":{\"name\":\"stellanstal\",\"@id\":\"https:\\\/\\\/lararkarriar.se\\\/grundskola\\\/#\\\/schema\\\/person\\\/c8a43eb855191e573b73ecf8987a3b99\"},\"headline\":\"L\u00e4r nytt och utvecklas i Huddinge\",\"datePublished\":\"2019-02-13T12:38:33+00:00\",\"mainEntityOfPage\":{\"@id\":\"https:\\\/\\\/lararkarriar.se\\\/grundskola\\\/2019\\\/02\\\/13\\\/lar-nytt-och-utvecklas-i-huddinge\\\/\"},\"wordCount\":873,\"image\":{\"@id\":\"https:\\\/\\\/lararkarriar.se\\\/grundskola\\\/2019\\\/02\\\/13\\\/lar-nytt-och-utvecklas-i-huddinge\\\/#primaryimage\"},\"thumbnailUrl\":\"https:\\\/\\\/lararkarriar.se\\\/grundskola\\\/wp-content\\\/uploads\\\/sites\\\/12\\\/2019\\\/02\\\/huddinge-henrik-robert-4.jpg\",\"keywords\":[\"F\u00f6ruts\u00e4ttningar\",\"Huddinge kommun\",\"Inspirationsdag\",\"Karri\u00e4rm\u00f6jligheter\",\"Kungsklippeskolan\",\"Satsningar\",\"Utveckling\",\"Variation\",\"Vistaskolan\"],\"articleSection\":[\"Presentation\"],\"inLanguage\":\"sv-SE\"},{\"@type\":\"WebPage\",\"@id\":\"https:\\\/\\\/lararkarriar.se\\\/grundskola\\\/2019\\\/02\\\/13\\\/lar-nytt-och-utvecklas-i-huddinge\\\/\",\"url\":\"https:\\\/\\\/lararkarriar.se\\\/grundskola\\\/2019\\\/02\\\/13\\\/lar-nytt-och-utvecklas-i-huddinge\\\/\",\"name\":\"L\u00e4r nytt och utvecklas i Huddinge - Framtidens Karri\u00e4r \u2013 Grundskolel\u00e4rare\",\"isPartOf\":{\"@id\":\"https:\\\/\\\/lararkarriar.se\\\/grundskola\\\/#website\"},\"primaryImageOfPage\":{\"@id\":\"https:\\\/\\\/lararkarriar.se\\\/grundskola\\\/2019\\\/02\\\/13\\\/lar-nytt-och-utvecklas-i-huddinge\\\/#primaryimage\"},\"image\":{\"@id\":\"https:\\\/\\\/lararkarriar.se\\\/grundskola\\\/2019\\\/02\\\/13\\\/lar-nytt-och-utvecklas-i-huddinge\\\/#primaryimage\"},\"thumbnailUrl\":\"https:\\\/\\\/lararkarriar.se\\\/grundskola\\\/wp-content\\\/uploads\\\/sites\\\/12\\\/2019\\\/02\\\/huddinge-henrik-robert-4.jpg\",\"datePublished\":\"2019-02-13T12:38:33+00:00\",\"author\":{\"@id\":\"https:\\\/\\\/lararkarriar.se\\\/grundskola\\\/#\\\/schema\\\/person\\\/c8a43eb855191e573b73ecf8987a3b99\"},\"breadcrumb\":{\"@id\":\"https:\\\/\\\/lararkarriar.se\\\/grundskola\\\/2019\\\/02\\\/13\\\/lar-nytt-och-utvecklas-i-huddinge\\\/#breadcrumb\"},\"inLanguage\":\"sv-SE\",\"potentialAction\":[{\"@type\":\"ReadAction\",\"target\":[\"https:\\\/\\\/lararkarriar.se\\\/grundskola\\\/2019\\\/02\\\/13\\\/lar-nytt-och-utvecklas-i-huddinge\\\/\"]}]},{\"@type\":\"ImageObject\",\"inLanguage\":\"sv-SE\",\"@id\":\"https:\\\/\\\/lararkarriar.se\\\/grundskola\\\/2019\\\/02\\\/13\\\/lar-nytt-och-utvecklas-i-huddinge\\\/#primaryimage\",\"url\":\"https:\\\/\\\/lararkarriar.se\\\/grundskola\\\/wp-content\\\/uploads\\\/sites\\\/12\\\/2019\\\/02\\\/huddinge-henrik-robert-4.jpg\",\"contentUrl\":\"https:\\\/\\\/lararkarriar.se\\\/grundskola\\\/wp-content\\\/uploads\\\/sites\\\/12\\\/2019\\\/02\\\/huddinge-henrik-robert-4.jpg\",\"width\":1000,\"height\":630,\"caption\":\"Henrik Ek, l\u00e4rare i NO, matematik och teknik p\u00e5 Vistaskolan och Robert Nygren, l\u00e4rare i idrott och h\u00e4lsa p\u00e5 Kungsklippeskolan. Foto: Johan Marklund\"},{\"@type\":\"BreadcrumbList\",\"@id\":\"https:\\\/\\\/lararkarriar.se\\\/grundskola\\\/2019\\\/02\\\/13\\\/lar-nytt-och-utvecklas-i-huddinge\\\/#breadcrumb\",\"itemListElement\":[{\"@type\":\"ListItem\",\"position\":1,\"name\":\"Home\",\"item\":\"https:\\\/\\\/lararkarriar.se\\\/grundskola\\\/\"},{\"@type\":\"ListItem\",\"position\":2,\"name\":\"L\u00e4r nytt och utvecklas i Huddinge\"}]},{\"@type\":\"WebSite\",\"@id\":\"https:\\\/\\\/lararkarriar.se\\\/grundskola\\\/#website\",\"url\":\"https:\\\/\\\/lararkarriar.se\\\/grundskola\\\/\",\"name\":\"Framtidens Karri\u00e4r \u2013 Grundskolel\u00e4rare\",\"description\":\"Just another NMDashboard.se Sites site\",\"potentialAction\":[{\"@type\":\"SearchAction\",\"target\":{\"@type\":\"EntryPoint\",\"urlTemplate\":\"https:\\\/\\\/lararkarriar.se\\\/grundskola\\\/?s={search_term_string}\"},\"query-input\":{\"@type\":\"PropertyValueSpecification\",\"valueRequired\":true,\"valueName\":\"search_term_string\"}}],\"inLanguage\":\"sv-SE\"},{\"@type\":\"Person\",\"@id\":\"https:\\\/\\\/lararkarriar.se\\\/grundskola\\\/#\\\/schema\\\/person\\\/c8a43eb855191e573b73ecf8987a3b99\",\"name\":\"stellanstal\",\"image\":{\"@type\":\"ImageObject\",\"inLanguage\":\"sv-SE\",\"@id\":\"https:\\\/\\\/secure.gravatar.com\\\/avatar\\\/cd330fa6bb17f598124b2068ee0b189e4fe0987a50af9d53b78410836060d0c9?s=96&d=mm&r=g\",\"url\":\"https:\\\/\\\/secure.gravatar.com\\\/avatar\\\/cd330fa6bb17f598124b2068ee0b189e4fe0987a50af9d53b78410836060d0c9?s=96&d=mm&r=g\",\"contentUrl\":\"https:\\\/\\\/secure.gravatar.com\\\/avatar\\\/cd330fa6bb17f598124b2068ee0b189e4fe0987a50af9d53b78410836060d0c9?s=96&d=mm&r=g\",\"caption\":\"stellanstal\"},\"url\":\"https:\\\/\\\/lararkarriar.se\\\/grundskola\\\/author\\\/stellanstal\\\/\"}]}<\/script>\n<!-- \/ Yoast SEO plugin. -->","yoast_head_json":{"title":"L\u00e4r nytt och utvecklas i Huddinge - Framtidens Karri\u00e4r \u2013 Grundskolel\u00e4rare","robots":{"index":"index","follow":"follow","max-snippet":"max-snippet:-1","max-image-preview":"max-image-preview:large","max-video-preview":"max-video-preview:-1"},"canonical":"https:\/\/lararkarriar.se\/grundskola\/2019\/02\/13\/lar-nytt-och-utvecklas-i-huddinge\/","og_locale":"sv_SE","og_type":"article","og_title":"L\u00e4r nytt och utvecklas i Huddinge - Framtidens Karri\u00e4r \u2013 Grundskolel\u00e4rare","og_description":"Vill du arbeta i en kommun d\u00e4r kollegialt l\u00e4rande och likv\u00e4rdighet \u00e4r grundl\u00e4ggande och d\u00e4r...","og_url":"https:\/\/lararkarriar.se\/grundskola\/2019\/02\/13\/lar-nytt-och-utvecklas-i-huddinge\/","og_site_name":"Framtidens Karri\u00e4r \u2013 Grundskolel\u00e4rare","article_published_time":"2019-02-13T12:38:33+00:00","og_image":[{"width":1000,"height":630,"url":"https:\/\/lararkarriar.se\/grundskola\/wp-content\/uploads\/sites\/12\/2019\/02\/huddinge-henrik-robert-4.jpg","type":"image\/jpeg"}],"author":"stellanstal","twitter_card":"summary_large_image","twitter_misc":{"Skriven av":"stellanstal","Ber\u00e4knad l\u00e4stid":"4 minuter"},"schema":{"@context":"https:\/\/schema.org","@graph":[{"@type":"Article","@id":"https:\/\/lararkarriar.se\/grundskola\/2019\/02\/13\/lar-nytt-och-utvecklas-i-huddinge\/#article","isPartOf":{"@id":"https:\/\/lararkarriar.se\/grundskola\/2019\/02\/13\/lar-nytt-och-utvecklas-i-huddinge\/"},"author":{"name":"stellanstal","@id":"https:\/\/lararkarriar.se\/grundskola\/#\/schema\/person\/c8a43eb855191e573b73ecf8987a3b99"},"headline":"L\u00e4r nytt och utvecklas i Huddinge","datePublished":"2019-02-13T12:38:33+00:00","mainEntityOfPage":{"@id":"https:\/\/lararkarriar.se\/grundskola\/2019\/02\/13\/lar-nytt-och-utvecklas-i-huddinge\/"},"wordCount":873,"image":{"@id":"https:\/\/lararkarriar.se\/grundskola\/2019\/02\/13\/lar-nytt-och-utvecklas-i-huddinge\/#primaryimage"},"thumbnailUrl":"https:\/\/lararkarriar.se\/grundskola\/wp-content\/uploads\/sites\/12\/2019\/02\/huddinge-henrik-robert-4.jpg","keywords":["F\u00f6ruts\u00e4ttningar","Huddinge kommun","Inspirationsdag","Karri\u00e4rm\u00f6jligheter","Kungsklippeskolan","Satsningar","Utveckling","Variation","Vistaskolan"],"articleSection":["Presentation"],"inLanguage":"sv-SE"},{"@type":"WebPage","@id":"https:\/\/lararkarriar.se\/grundskola\/2019\/02\/13\/lar-nytt-och-utvecklas-i-huddinge\/","url":"https:\/\/lararkarriar.se\/grundskola\/2019\/02\/13\/lar-nytt-och-utvecklas-i-huddinge\/","name":"L\u00e4r nytt och utvecklas i Huddinge - Framtidens Karri\u00e4r \u2013 Grundskolel\u00e4rare","isPartOf":{"@id":"https:\/\/lararkarriar.se\/grundskola\/#website"},"primaryImageOfPage":{"@id":"https:\/\/lararkarriar.se\/grundskola\/2019\/02\/13\/lar-nytt-och-utvecklas-i-huddinge\/#primaryimage"},"image":{"@id":"https:\/\/lararkarriar.se\/grundskola\/2019\/02\/13\/lar-nytt-och-utvecklas-i-huddinge\/#primaryimage"},"thumbnailUrl":"https:\/\/lararkarriar.se\/grundskola\/wp-content\/uploads\/sites\/12\/2019\/02\/huddinge-henrik-robert-4.jpg","datePublished":"2019-02-13T12:38:33+00:00","author":{"@id":"https:\/\/lararkarriar.se\/grundskola\/#\/schema\/person\/c8a43eb855191e573b73ecf8987a3b99"},"breadcrumb":{"@id":"https:\/\/lararkarriar.se\/grundskola\/2019\/02\/13\/lar-nytt-och-utvecklas-i-huddinge\/#breadcrumb"},"inLanguage":"sv-SE","potentialAction":[{"@type":"ReadAction","target":["https:\/\/lararkarriar.se\/grundskola\/2019\/02\/13\/lar-nytt-och-utvecklas-i-huddinge\/"]}]},{"@type":"ImageObject","inLanguage":"sv-SE","@id":"https:\/\/lararkarriar.se\/grundskola\/2019\/02\/13\/lar-nytt-och-utvecklas-i-huddinge\/#primaryimage","url":"https:\/\/lararkarriar.se\/grundskola\/wp-content\/uploads\/sites\/12\/2019\/02\/huddinge-henrik-robert-4.jpg","contentUrl":"https:\/\/lararkarriar.se\/grundskola\/wp-content\/uploads\/sites\/12\/2019\/02\/huddinge-henrik-robert-4.jpg","width":1000,"height":630,"caption":"Henrik Ek, l\u00e4rare i NO, matematik och teknik p\u00e5 Vistaskolan och Robert Nygren, l\u00e4rare i idrott och h\u00e4lsa p\u00e5 Kungsklippeskolan. Foto: Johan Marklund"},{"@type":"BreadcrumbList","@id":"https:\/\/lararkarriar.se\/grundskola\/2019\/02\/13\/lar-nytt-och-utvecklas-i-huddinge\/#breadcrumb","itemListElement":[{"@type":"ListItem","position":1,"name":"Home","item":"https:\/\/lararkarriar.se\/grundskola\/"},{"@type":"ListItem","position":2,"name":"L\u00e4r nytt och utvecklas i Huddinge"}]},{"@type":"WebSite","@id":"https:\/\/lararkarriar.se\/grundskola\/#website","url":"https:\/\/lararkarriar.se\/grundskola\/","name":"Framtidens Karri\u00e4r \u2013 Grundskolel\u00e4rare","description":"Just another NMDashboard.se Sites site","potentialAction":[{"@type":"SearchAction","target":{"@type":"EntryPoint","urlTemplate":"https:\/\/lararkarriar.se\/grundskola\/?s={search_term_string}"},"query-input":{"@type":"PropertyValueSpecification","valueRequired":true,"valueName":"search_term_string"}}],"inLanguage":"sv-SE"},{"@type":"Person","@id":"https:\/\/lararkarriar.se\/grundskola\/#\/schema\/person\/c8a43eb855191e573b73ecf8987a3b99","name":"stellanstal","image":{"@type":"ImageObject","inLanguage":"sv-SE","@id":"https:\/\/secure.gravatar.com\/avatar\/cd330fa6bb17f598124b2068ee0b189e4fe0987a50af9d53b78410836060d0c9?s=96&d=mm&r=g","url":"https:\/\/secure.gravatar.com\/avatar\/cd330fa6bb17f598124b2068ee0b189e4fe0987a50af9d53b78410836060d0c9?s=96&d=mm&r=g","contentUrl":"https:\/\/secure.gravatar.com\/avatar\/cd330fa6bb17f598124b2068ee0b189e4fe0987a50af9d53b78410836060d0c9?s=96&d=mm&r=g","caption":"stellanstal"},"url":"https:\/\/lararkarriar.se\/grundskola\/author\/stellanstal\/"}]}},"_links":{"self":[{"href":"https:\/\/lararkarriar.se\/grundskola\/wp-json\/wp\/v2\/posts\/6440","targetHints":{"allow":["GET"]}}],"collection":[{"href":"https:\/\/lararkarriar.se\/grundskola\/wp-json\/wp\/v2\/posts"}],"about":[{"href":"https:\/\/lararkarriar.se\/grundskola\/wp-json\/wp\/v2\/types\/post"}],"author":[{"embeddable":true,"href":"https:\/\/lararkarriar.se\/grundskola\/wp-json\/wp\/v2\/users\/3"}],"replies":[{"embeddable":true,"href":"https:\/\/lararkarriar.se\/grundskola\/wp-json\/wp\/v2\/comments?post=6440"}],"version-history":[{"count":0,"href":"https:\/\/lararkarriar.se\/grundskola\/wp-json\/wp\/v2\/posts\/6440\/revisions"}],"wp:featuredmedia":[{"embeddable":true,"href":"https:\/\/lararkarriar.se\/grundskola\/wp-json\/wp\/v2\/media\/6441"}],"wp:attachment":[{"href":"https:\/\/lararkarriar.se\/grundskola\/wp-json\/wp\/v2\/media?parent=6440"}],"wp:term":[{"taxonomy":"category","embeddable":true,"href":"https:\/\/lararkarriar.se\/grundskola\/wp-json\/wp\/v2\/categories?post=6440"},{"taxonomy":"post_tag","embeddable":true,"href":"https:\/\/lararkarriar.se\/grundskola\/wp-json\/wp\/v2\/tags?post=6440"}],"curies":[{"name":"wp","href":"https:\/\/api.w.org\/{rel}","templated":true}]}}