{"id":6455,"date":"2019-02-13T14:52:30","date_gmt":"2019-02-13T12:52:30","guid":{"rendered":"http:\/\/lararkarriar.se\/grundskola\/?p=6455"},"modified":"2019-02-13T14:52:30","modified_gmt":"2019-02-13T12:52:30","slug":"pa-resursstarka-onneredsskolan-trivs-lararna","status":"publish","type":"post","link":"https:\/\/lararkarriar.se\/grundskola\/2019\/02\/13\/pa-resursstarka-onneredsskolan-trivs-lararna\/","title":{"rendered":"P\u00e5 resursstarka \u00d6nneredsskolan trivs l\u00e4rarna"},"content":{"rendered":"<p><figure id=\"attachment_6457\" aria-describedby=\"caption-attachment-6457\" style=\"width: 1000px\" class=\"wp-caption alignnone\"><img loading=\"lazy\" decoding=\"async\" src=\"https:\/\/lararkarriar.se\/grundskola\/wp-content\/uploads\/sites\/12\/2019\/02\/goteborg-larare-onneredsskolan-01.jpg\" alt=\"Bra ledning, till\u00e5tande atmosf\u00e4r och h\u00e4rliga kollegor g\u00f6r att l\u00e4rarna PM Svensson och Liv Lindahl stortrivs p\u00e5 \u00d6nnereds\u00adskolans h\u00f6gstadium i G\u00f6teborg. Foto: Patrik Bergenstav\" width=\"1000\" height=\"640\" class=\"size-full wp-image-6457\" srcset=\"https:\/\/lararkarriar.se\/grundskola\/wp-content\/uploads\/sites\/12\/2019\/02\/goteborg-larare-onneredsskolan-01.jpg 1000w, https:\/\/lararkarriar.se\/grundskola\/wp-content\/uploads\/sites\/12\/2019\/02\/goteborg-larare-onneredsskolan-01-300x192.jpg 300w, https:\/\/lararkarriar.se\/grundskola\/wp-content\/uploads\/sites\/12\/2019\/02\/goteborg-larare-onneredsskolan-01-768x492.jpg 768w, https:\/\/lararkarriar.se\/grundskola\/wp-content\/uploads\/sites\/12\/2019\/02\/goteborg-larare-onneredsskolan-01-250x160.jpg 250w, https:\/\/lararkarriar.se\/grundskola\/wp-content\/uploads\/sites\/12\/2019\/02\/goteborg-larare-onneredsskolan-01-526x337.jpg 526w, https:\/\/lararkarriar.se\/grundskola\/wp-content\/uploads\/sites\/12\/2019\/02\/goteborg-larare-onneredsskolan-01-720x461.jpg 720w, https:\/\/lararkarriar.se\/grundskola\/wp-content\/uploads\/sites\/12\/2019\/02\/goteborg-larare-onneredsskolan-01-960x614.jpg 960w\" sizes=\"auto, (max-width: 1000px) 100vw, 1000px\" \/><figcaption id=\"caption-attachment-6457\" class=\"wp-caption-text\">Bra ledning, till\u00e5tande atmosf\u00e4r och h\u00e4rliga kollegor g\u00f6r att l\u00e4rarna PM Svensson och Liv Lindahl stortrivs p\u00e5 \u00d6nnereds\u00adskolans h\u00f6gstadium i G\u00f6teborg. Foto: Patrik Bergenstav<\/figcaption><\/figure><strong>Liv Lindahl och PM Svensson stortrivs med att jobba p\u00e5 \u00d6nneredsskolans h\u00f6gstadium i G\u00f6teborg.<br \/>\n\u2013 Det \u00e4r h\u00f6gt i tak och h\u00e4r finns mycket kompetens. Gemenskapen mellan kollegorna \u00e4r s\u00e5 stark att vi till och med umg\u00e5s p\u00e5 fritiden. <\/strong><\/p>\n<p>I ett av v\u00e4stra G\u00f6teborgs lugna villakvarter med promenadavst\u00e5nd till havet, ligger \u00d6nneredsskolan. Liv Lindahl fick fast tj\u00e4nst h\u00e4r 2006. Sedan dess har hon jobbat b\u00e5de som SO-l\u00e4rare och speciall\u00e4rare, hon har jobbat med socialt utsatta elever och leder nu arbetet med elevh\u00e4lsan.<br \/>\n\u2013 Att man har m\u00f6jlighet att prova olika tj\u00e4nster inom organisationen \u00e4r en stor f\u00f6rdel. Det \u00e4r utvecklande och motiverande. <\/p>\n<p><strong>H\u00f6gt i tak och mycket kompetens<\/strong><br \/>\nPM Svensson \u00e4r f\u00f6rstel\u00e4rare och undervisar i SO, svenska och svenska som andraspr\u00e5k. Han har jobbat p\u00e5 skolan i 20 \u00e5r.<br \/>\n\u2013 Att jag trivs s\u00e5 bra beror till stor del p\u00e5 alla h\u00e4rliga kollegor. Det \u00e4r h\u00f6gt i tak och det finns mycket kompetens. Vi har v\u00e4ldigt roligt tillsammans, s\u00e4ger han.<br \/>\nEftersom personaloms\u00e4ttningen \u00e4r l\u00e5g har det bildats en stark grupp som f\u00f6r\u00e4ndras i lagom takt. Att man jobbar i b\u00e5de arbetslag och \u00e4mneslag g\u00f6r det enkelt att utbyta information och erfarenheter. \u00c4mneslagen delar arbetsrum och arbetslagen har m\u00f6te varje vecka.<br \/>\n\u2013 Vi l\u00e4r av varandra hela tiden!<br \/>\nI skolan har man kommit \u00f6verens om en struktur som alla l\u00e4rare anv\u00e4nder sig av. Det skapar en tydlighet f\u00f6r b\u00e5de elever och l\u00e4rare.<br \/>\n\u2013 Varje lektion b\u00f6rjar och slutar p\u00e5 samma s\u00e4tt. N\u00e4r eleverna kommer in i klassrummet s\u00e5 st\u00e5r det p\u00e5 tavlan vilken tid lektionen slutar, vad den ska handla om och vad syftet med lektionen \u00e4r. Alla l\u00e4rare g\u00f6r likadant. Det g\u00f6r det ocks\u00e5 l\u00e4ttare att komma in i rutinerna som ny pedagog. Man beh\u00f6ver inte uppfinna hjulet en g\u00e5ng till.<br \/>\nSamtidigt finns det stora m\u00f6jligheter f\u00f6r flexibla l\u00f6sningar p\u00e5 skolan.<br \/>\n\u2013 V\u00e5r rektor \u00e4r till\u00e5tande och tar g\u00e4rna tillvara alla goda id\u00e9er som finns hos personalen. Att hon litar p\u00e5 oss l\u00e4rare och l\u00e5ter oss g\u00f6ra det vi \u00e4r bra p\u00e5, \u00e4r oerh\u00f6rt viktigt f\u00f6r trivseln. Det \u00e4r s\u00e5 ett bra lag skapas. Samtidigt har hon h\u00f6ga f\u00f6rv\u00e4ntningar p\u00e5 oss, vilket g\u00f6r att vi lyfter oss, s\u00e4ger Liv Lindahl. <\/p>\n<p><strong>Arbetslag med resurspersonal<\/strong><br \/>\nP\u00e5 \u00d6nneredsskolan har man valt ett eget s\u00e4tt att jobba med elever i behov av st\u00f6d.<br \/>\n\u2013 V\u00e5ra nyanl\u00e4nda elever g\u00e5r inte i f\u00f6rberedelseklasser. Ist\u00e4llet g\u00e5r de i vanliga klasser och har st\u00f6d p\u00e5 sitt hemspr\u00e5k av skolans anst\u00e4llda studiehandledare. Man m\u00e5ste ju faktiskt inte kunna svenska f\u00f6r att kunna l\u00e4ra sig matte, kemi eller fysik, menar Liv Lindahl.<br \/>\nH\u00e4r finns ocks\u00e5 en s\u00e4rskild studiegrupp f\u00f6r elever med autism. \u00c4ven de h\u00f6r till vanliga klasser, men tack vare personalt\u00e4theten s\u00e5 finns det stora m\u00f6jligheter till flexibla l\u00f6sningar. Det finns alltid m\u00f6jligheten att arbeta i anpassade lokaler om n\u00e5gon elev beh\u00f6ver dra sig undan.<br \/>\n\u2013 \u00d6nneredsskolan \u00e4r extremt resursstark! Vi har faktiskt ett helt arbetslag med resurspersonal f\u00f6r att \u00f6ka likv\u00e4rdigheten och st\u00f6tta alla elever p\u00e5 skolan. P\u00e5 s\u00e5 vis har \u00e4ven l\u00e4rare l\u00e4tt att f\u00e5 st\u00f6d i att m\u00f6ta elevers olika behov. V\u00e5r rektor har prioriterat detta i budgeten. Hon \u00e4r specialpedagog i botten och det m\u00e4rks. <\/p>\n<p><strong>Trivseln sitter i v\u00e4ggarna<\/strong><br \/>\nPM Svensson, som \u00e4r klassf\u00f6rest\u00e5ndare, uppskattar att det finns extra tid avsatt f\u00f6r uppdraget samt att man \u00e4r tv\u00e5 mentorer i varje klass. Han lyfter ocks\u00e5 fram eleverna som en anledning att gl\u00e4dja sig \u00f6ver att g\u00e5 till jobbet.<br \/>\n\u2013 Vi har en h\u00e4rlig mix av elever. De kommer fr\u00e5n olika sociala grupper, de talar olika spr\u00e5k och de bor p\u00e5 olika st\u00e4llen. F\u00f6r mig som \u00e4r SO-l\u00e4rare \u00e4r eleverna en fantastisk k\u00e4lla till ny kunskap och olika perspektiv. Personligen tycker jag att jag har v\u00e4rldens b\u00e4sta jobb!<br \/>\nVeckan f\u00f6re skolstart \u00e4r det tradition att arbetslagen under n\u00e5gra dagar planerar inf\u00f6r skolstarten samtidigt som man umg\u00e5s och bygger starka lag. L\u00e4rarna umg\u00e5s \u00e4ven p\u00e5 fritiden. P\u00e5 onsdagar spelar de innebandy och de anordnar temakv\u00e4llar, om allt fr\u00e5n Argentina till Galapagos, p\u00e5 skolan. Ibland lagar de mat tillsammans i hemkunskapssalen.<br \/>\n\u2013 Det \u00e4r ett fantastiskt gott g\u00e4ng och det \u00e4r l\u00e4tt att komma in i gemenskapen om man \u00e4r ny. S\u00e5 har det varit under alla v\u00e5ra \u00e5r h\u00e4r. Trivseln sitter i v\u00e4ggarna.<\/p>\n<p><strong><a href=\"https:\/\/goteborg.se\/wps\/portal\/start\/jobb\/lediga-jobb-i-goteborgs\/!ut\/p\/z1\/hY_dboJAEIWfpRdclpkFitg7aAJRSLVaI-yNWWRFUtgl6yqpD9YX6IsJqWnSpj9zN-d8Z36AQgpUsFNVMl1Jweq-z6i7mZPpkxcQH2fROMTJczwPH-PEmywsWP8H0N7GX8rHa_67HCyswEaMZh_5P8ZPgVZ5Y3bbxkTTdi0khDi247njMSF3w_2-yG2vBKr4jiuuzKPq39pr3R7uDTSw6zqzlLKsubmVjYE_RfbyoCH9SkLWXz7aOFaEZOqQ2HODEfpJ_GC78WgV9ruXQIEWMqxqzRVkBW-Z0g0X-qoM7qcGWaSOoji8yJrv3t_UidVaVKLkYuC2TPNSqlfIlj3ADDzqvKqLAYC2WaXnhK9vWX7mmX9zAU-swf0!\/dz\/d5\/L2dBISEvZ0FBIS9nQSEh\/#Z7_42G01J41K86B70ALKC36K7UF15\" title=\"G\u00f6teborg pres jobb ans\u00f6k\" rel=\"noopener noreferrer\" target=\"_blank\">Jobba med oss i G\u00f6teborg! L\u00e4s mer och ans\u00f6k h\u00e4r!<\/a><\/strong><\/p>\n<div class=\"faktaruta-title\">G\u00f6teborgs stad, grundskolef\u00f6rvaltningen<\/div><div class=\"faktaruta\">I G\u00f6teborgs grundskolef\u00f6rvaltning ing\u00e5r 146 kommunala grundskolor och 41 frist\u00e5ende grundskolor d\u00e4r det g\u00e5r cirka 59&nbsp;000 elever. Hela f\u00f6rvaltningen har drygt 8&nbsp;000 medarbetare och chefer som gemensamt arbetar med att utveckla och f\u00f6rvalta verksamheten till framtidens skola.<\/p>\n<p>P\u00e5 grundskolef\u00f6rvaltningen \u00e4r vi innovativa g\u00e4llande v\u00e5r kultur, v\u00e5ra f\u00f6rh\u00e5llningss\u00e4tt samt n\u00e4r det g\u00e4ller styrning och ledning, s\u00e5 att vi kan st\u00f6dja rektorerna p\u00e5 skolorna och skapa bra f\u00f6ruts\u00e4ttningar f\u00f6r den pedagogiska utvecklingen. <\/p>\n<p>Nu s\u00f6ker vi dig som har ett stort engagemang f\u00f6r att tillsammans med andra medarbetare och chefer skapa en modern organisation d\u00e4r vi har fokus p\u00e5 att:<br \/>\n\u2022 \u00f6ka kvaliteten i undervisningen f\u00f6r att \u00f6ka elevers l\u00e4rande<br \/>\n\u2022 skapa tydligare ansvar, styrning och ledning f\u00f6r att \u00f6ka elevers kunskapsresultat<br \/>\n\u2022 \u00f6ka likv\u00e4rdighet mellan skolor f\u00f6r att alla elever ska f\u00e5 tillg\u00e5ng till undervisning av h\u00f6g kvalitet samt kompensera f\u00f6r deras olika f\u00f6ruts\u00e4ttningar.<\/p>\n<p><strong><a href=\"http:\/\/www.goteborg.se\/grundskoleforvaltningen\" title=\"G\u00f6teborg textlink\" rel=\"noopener noreferrer\" target=\"_blank\">www.goteborg.se\/grundskoleforvaltningen<\/a><\/strong><\/br><br \/>\n<a href=\"http:\/\/www.goteborg.se\/grundskoleforvaltningen\" title=\"G\u00f6teborg logotype\" rel=\"noopener noreferrer\" target=\"_blank\"><img loading=\"lazy\" decoding=\"async\" src=\"http:\/\/lararkarriar.se\/grundskola\/wp-content\/uploads\/2019\/02\/goteborg_gbg_li_cmyk-530x176.png\" alt=\"\" width=\"332\" height=\"110\" class=\"alignnone size-large wp-image-6456\" \/><\/a><\/div>\n","protected":false},"excerpt":{"rendered":"<p>Liv Lindahl och PM Svensson stortrivs med att jobba p\u00e5 \u00d6nneredsskolans h\u00f6gstadium i G\u00f6teborg. \u2013&#8230;<\/p>\n","protected":false},"author":3,"featured_media":6457,"comment_status":"closed","ping_status":"open","sticky":false,"template":"","format":"standard","meta":{"_acf_changed":false,"_monsterinsights_skip_tracking":false,"_monsterinsights_sitenote_active":false,"_monsterinsights_sitenote_note":"","_monsterinsights_sitenote_category":0,"footnotes":""},"categories":[7],"tags":[76,120,135,172,197,271,311,401,406],"class_list":["post-6455","post","type-post","status-publish","format-standard","has-post-thumbnail","hentry","category-presentation","tag-elevhalsa","tag-goteborgs-stad","tag-hogt-i-tak","tag-kompetens","tag-lagarbete","tag-onneredsskolan","tag-resurspersonal","tag-trivsel","tag-tydlighet"],"acf":[],"yoast_head":"<!-- This site is optimized with the Yoast SEO plugin v27.3 - https:\/\/yoast.com\/product\/yoast-seo-wordpress\/ -->\n<title>P\u00e5 resursstarka \u00d6nneredsskolan trivs l\u00e4rarna - Framtidens Karri\u00e4r \u2013 Grundskolel\u00e4rare<\/title>\n<meta name=\"robots\" content=\"index, follow, max-snippet:-1, max-image-preview:large, max-video-preview:-1\" \/>\n<link rel=\"canonical\" href=\"https:\/\/lararkarriar.se\/grundskola\/2019\/02\/13\/pa-resursstarka-onneredsskolan-trivs-lararna\/\" \/>\n<meta property=\"og:locale\" content=\"sv_SE\" \/>\n<meta property=\"og:type\" content=\"article\" \/>\n<meta property=\"og:title\" content=\"P\u00e5 resursstarka \u00d6nneredsskolan trivs l\u00e4rarna - Framtidens Karri\u00e4r \u2013 Grundskolel\u00e4rare\" \/>\n<meta property=\"og:description\" content=\"Liv Lindahl och PM Svensson stortrivs med att jobba p\u00e5 \u00d6nneredsskolans h\u00f6gstadium i G\u00f6teborg. \u2013...\" \/>\n<meta property=\"og:url\" content=\"https:\/\/lararkarriar.se\/grundskola\/2019\/02\/13\/pa-resursstarka-onneredsskolan-trivs-lararna\/\" \/>\n<meta property=\"og:site_name\" content=\"Framtidens Karri\u00e4r \u2013 Grundskolel\u00e4rare\" \/>\n<meta property=\"article:published_time\" content=\"2019-02-13T12:52:30+00:00\" \/>\n<meta property=\"og:image\" content=\"https:\/\/lararkarriar.se\/grundskola\/wp-content\/uploads\/sites\/12\/2019\/02\/goteborg-larare-onneredsskolan-01.jpg\" \/>\n\t<meta property=\"og:image:width\" content=\"1000\" \/>\n\t<meta property=\"og:image:height\" content=\"640\" \/>\n\t<meta property=\"og:image:type\" content=\"image\/jpeg\" \/>\n<meta name=\"author\" content=\"stellanstal\" \/>\n<meta name=\"twitter:card\" content=\"summary_large_image\" \/>\n<meta name=\"twitter:label1\" content=\"Skriven av\" \/>\n\t<meta name=\"twitter:data1\" content=\"stellanstal\" \/>\n\t<meta name=\"twitter:label2\" content=\"Ber\u00e4knad l\u00e4stid\" \/>\n\t<meta name=\"twitter:data2\" content=\"5 minuter\" \/>\n<script type=\"application\/ld+json\" class=\"yoast-schema-graph\">{\"@context\":\"https:\\\/\\\/schema.org\",\"@graph\":[{\"@type\":\"Article\",\"@id\":\"https:\\\/\\\/lararkarriar.se\\\/grundskola\\\/2019\\\/02\\\/13\\\/pa-resursstarka-onneredsskolan-trivs-lararna\\\/#article\",\"isPartOf\":{\"@id\":\"https:\\\/\\\/lararkarriar.se\\\/grundskola\\\/2019\\\/02\\\/13\\\/pa-resursstarka-onneredsskolan-trivs-lararna\\\/\"},\"author\":{\"name\":\"stellanstal\",\"@id\":\"https:\\\/\\\/lararkarriar.se\\\/grundskola\\\/#\\\/schema\\\/person\\\/c8a43eb855191e573b73ecf8987a3b99\"},\"headline\":\"P\u00e5 resursstarka \u00d6nneredsskolan trivs l\u00e4rarna\",\"datePublished\":\"2019-02-13T12:52:30+00:00\",\"mainEntityOfPage\":{\"@id\":\"https:\\\/\\\/lararkarriar.se\\\/grundskola\\\/2019\\\/02\\\/13\\\/pa-resursstarka-onneredsskolan-trivs-lararna\\\/\"},\"wordCount\":1051,\"image\":{\"@id\":\"https:\\\/\\\/lararkarriar.se\\\/grundskola\\\/2019\\\/02\\\/13\\\/pa-resursstarka-onneredsskolan-trivs-lararna\\\/#primaryimage\"},\"thumbnailUrl\":\"https:\\\/\\\/lararkarriar.se\\\/grundskola\\\/wp-content\\\/uploads\\\/sites\\\/12\\\/2019\\\/02\\\/goteborg-larare-onneredsskolan-01.jpg\",\"keywords\":[\"Elevh\u00e4lsa\",\"G\u00f6teborgs stad\",\"H\u00f6gt i tak\",\"Kompetens\",\"Lagarbete\",\"\u00d6nneredsskolan\",\"Resurspersonal\",\"Trivsel\",\"Tydlighet\"],\"articleSection\":[\"Presentation\"],\"inLanguage\":\"sv-SE\"},{\"@type\":\"WebPage\",\"@id\":\"https:\\\/\\\/lararkarriar.se\\\/grundskola\\\/2019\\\/02\\\/13\\\/pa-resursstarka-onneredsskolan-trivs-lararna\\\/\",\"url\":\"https:\\\/\\\/lararkarriar.se\\\/grundskola\\\/2019\\\/02\\\/13\\\/pa-resursstarka-onneredsskolan-trivs-lararna\\\/\",\"name\":\"P\u00e5 resursstarka \u00d6nneredsskolan trivs l\u00e4rarna - Framtidens Karri\u00e4r \u2013 Grundskolel\u00e4rare\",\"isPartOf\":{\"@id\":\"https:\\\/\\\/lararkarriar.se\\\/grundskola\\\/#website\"},\"primaryImageOfPage\":{\"@id\":\"https:\\\/\\\/lararkarriar.se\\\/grundskola\\\/2019\\\/02\\\/13\\\/pa-resursstarka-onneredsskolan-trivs-lararna\\\/#primaryimage\"},\"image\":{\"@id\":\"https:\\\/\\\/lararkarriar.se\\\/grundskola\\\/2019\\\/02\\\/13\\\/pa-resursstarka-onneredsskolan-trivs-lararna\\\/#primaryimage\"},\"thumbnailUrl\":\"https:\\\/\\\/lararkarriar.se\\\/grundskola\\\/wp-content\\\/uploads\\\/sites\\\/12\\\/2019\\\/02\\\/goteborg-larare-onneredsskolan-01.jpg\",\"datePublished\":\"2019-02-13T12:52:30+00:00\",\"author\":{\"@id\":\"https:\\\/\\\/lararkarriar.se\\\/grundskola\\\/#\\\/schema\\\/person\\\/c8a43eb855191e573b73ecf8987a3b99\"},\"breadcrumb\":{\"@id\":\"https:\\\/\\\/lararkarriar.se\\\/grundskola\\\/2019\\\/02\\\/13\\\/pa-resursstarka-onneredsskolan-trivs-lararna\\\/#breadcrumb\"},\"inLanguage\":\"sv-SE\",\"potentialAction\":[{\"@type\":\"ReadAction\",\"target\":[\"https:\\\/\\\/lararkarriar.se\\\/grundskola\\\/2019\\\/02\\\/13\\\/pa-resursstarka-onneredsskolan-trivs-lararna\\\/\"]}]},{\"@type\":\"ImageObject\",\"inLanguage\":\"sv-SE\",\"@id\":\"https:\\\/\\\/lararkarriar.se\\\/grundskola\\\/2019\\\/02\\\/13\\\/pa-resursstarka-onneredsskolan-trivs-lararna\\\/#primaryimage\",\"url\":\"https:\\\/\\\/lararkarriar.se\\\/grundskola\\\/wp-content\\\/uploads\\\/sites\\\/12\\\/2019\\\/02\\\/goteborg-larare-onneredsskolan-01.jpg\",\"contentUrl\":\"https:\\\/\\\/lararkarriar.se\\\/grundskola\\\/wp-content\\\/uploads\\\/sites\\\/12\\\/2019\\\/02\\\/goteborg-larare-onneredsskolan-01.jpg\",\"width\":1000,\"height\":640,\"caption\":\"Bra ledning, till\u00e5tande atmosf\u00e4r och h\u00e4rliga kollegor g\u00f6r att l\u00e4rarna PM Svensson och Liv Lindahl stortrivs p\u00e5 \u00d6nnereds\u00adskolans h\u00f6gstadium i G\u00f6teborg. Foto: Patrik Bergenstav\"},{\"@type\":\"BreadcrumbList\",\"@id\":\"https:\\\/\\\/lararkarriar.se\\\/grundskola\\\/2019\\\/02\\\/13\\\/pa-resursstarka-onneredsskolan-trivs-lararna\\\/#breadcrumb\",\"itemListElement\":[{\"@type\":\"ListItem\",\"position\":1,\"name\":\"Home\",\"item\":\"https:\\\/\\\/lararkarriar.se\\\/grundskola\\\/\"},{\"@type\":\"ListItem\",\"position\":2,\"name\":\"P\u00e5 resursstarka \u00d6nneredsskolan trivs l\u00e4rarna\"}]},{\"@type\":\"WebSite\",\"@id\":\"https:\\\/\\\/lararkarriar.se\\\/grundskola\\\/#website\",\"url\":\"https:\\\/\\\/lararkarriar.se\\\/grundskola\\\/\",\"name\":\"Framtidens Karri\u00e4r \u2013 Grundskolel\u00e4rare\",\"description\":\"Just another NMDashboard.se Sites site\",\"potentialAction\":[{\"@type\":\"SearchAction\",\"target\":{\"@type\":\"EntryPoint\",\"urlTemplate\":\"https:\\\/\\\/lararkarriar.se\\\/grundskola\\\/?s={search_term_string}\"},\"query-input\":{\"@type\":\"PropertyValueSpecification\",\"valueRequired\":true,\"valueName\":\"search_term_string\"}}],\"inLanguage\":\"sv-SE\"},{\"@type\":\"Person\",\"@id\":\"https:\\\/\\\/lararkarriar.se\\\/grundskola\\\/#\\\/schema\\\/person\\\/c8a43eb855191e573b73ecf8987a3b99\",\"name\":\"stellanstal\",\"image\":{\"@type\":\"ImageObject\",\"inLanguage\":\"sv-SE\",\"@id\":\"https:\\\/\\\/secure.gravatar.com\\\/avatar\\\/cd330fa6bb17f598124b2068ee0b189e4fe0987a50af9d53b78410836060d0c9?s=96&d=mm&r=g\",\"url\":\"https:\\\/\\\/secure.gravatar.com\\\/avatar\\\/cd330fa6bb17f598124b2068ee0b189e4fe0987a50af9d53b78410836060d0c9?s=96&d=mm&r=g\",\"contentUrl\":\"https:\\\/\\\/secure.gravatar.com\\\/avatar\\\/cd330fa6bb17f598124b2068ee0b189e4fe0987a50af9d53b78410836060d0c9?s=96&d=mm&r=g\",\"caption\":\"stellanstal\"},\"url\":\"https:\\\/\\\/lararkarriar.se\\\/grundskola\\\/author\\\/stellanstal\\\/\"}]}<\/script>\n<!-- \/ Yoast SEO plugin. -->","yoast_head_json":{"title":"P\u00e5 resursstarka \u00d6nneredsskolan trivs l\u00e4rarna - Framtidens Karri\u00e4r \u2013 Grundskolel\u00e4rare","robots":{"index":"index","follow":"follow","max-snippet":"max-snippet:-1","max-image-preview":"max-image-preview:large","max-video-preview":"max-video-preview:-1"},"canonical":"https:\/\/lararkarriar.se\/grundskola\/2019\/02\/13\/pa-resursstarka-onneredsskolan-trivs-lararna\/","og_locale":"sv_SE","og_type":"article","og_title":"P\u00e5 resursstarka \u00d6nneredsskolan trivs l\u00e4rarna - Framtidens Karri\u00e4r \u2013 Grundskolel\u00e4rare","og_description":"Liv Lindahl och PM Svensson stortrivs med att jobba p\u00e5 \u00d6nneredsskolans h\u00f6gstadium i G\u00f6teborg. \u2013...","og_url":"https:\/\/lararkarriar.se\/grundskola\/2019\/02\/13\/pa-resursstarka-onneredsskolan-trivs-lararna\/","og_site_name":"Framtidens Karri\u00e4r \u2013 Grundskolel\u00e4rare","article_published_time":"2019-02-13T12:52:30+00:00","og_image":[{"width":1000,"height":640,"url":"https:\/\/lararkarriar.se\/grundskola\/wp-content\/uploads\/sites\/12\/2019\/02\/goteborg-larare-onneredsskolan-01.jpg","type":"image\/jpeg"}],"author":"stellanstal","twitter_card":"summary_large_image","twitter_misc":{"Skriven av":"stellanstal","Ber\u00e4knad l\u00e4stid":"5 minuter"},"schema":{"@context":"https:\/\/schema.org","@graph":[{"@type":"Article","@id":"https:\/\/lararkarriar.se\/grundskola\/2019\/02\/13\/pa-resursstarka-onneredsskolan-trivs-lararna\/#article","isPartOf":{"@id":"https:\/\/lararkarriar.se\/grundskola\/2019\/02\/13\/pa-resursstarka-onneredsskolan-trivs-lararna\/"},"author":{"name":"stellanstal","@id":"https:\/\/lararkarriar.se\/grundskola\/#\/schema\/person\/c8a43eb855191e573b73ecf8987a3b99"},"headline":"P\u00e5 resursstarka \u00d6nneredsskolan trivs l\u00e4rarna","datePublished":"2019-02-13T12:52:30+00:00","mainEntityOfPage":{"@id":"https:\/\/lararkarriar.se\/grundskola\/2019\/02\/13\/pa-resursstarka-onneredsskolan-trivs-lararna\/"},"wordCount":1051,"image":{"@id":"https:\/\/lararkarriar.se\/grundskola\/2019\/02\/13\/pa-resursstarka-onneredsskolan-trivs-lararna\/#primaryimage"},"thumbnailUrl":"https:\/\/lararkarriar.se\/grundskola\/wp-content\/uploads\/sites\/12\/2019\/02\/goteborg-larare-onneredsskolan-01.jpg","keywords":["Elevh\u00e4lsa","G\u00f6teborgs stad","H\u00f6gt i tak","Kompetens","Lagarbete","\u00d6nneredsskolan","Resurspersonal","Trivsel","Tydlighet"],"articleSection":["Presentation"],"inLanguage":"sv-SE"},{"@type":"WebPage","@id":"https:\/\/lararkarriar.se\/grundskola\/2019\/02\/13\/pa-resursstarka-onneredsskolan-trivs-lararna\/","url":"https:\/\/lararkarriar.se\/grundskola\/2019\/02\/13\/pa-resursstarka-onneredsskolan-trivs-lararna\/","name":"P\u00e5 resursstarka \u00d6nneredsskolan trivs l\u00e4rarna - Framtidens Karri\u00e4r \u2013 Grundskolel\u00e4rare","isPartOf":{"@id":"https:\/\/lararkarriar.se\/grundskola\/#website"},"primaryImageOfPage":{"@id":"https:\/\/lararkarriar.se\/grundskola\/2019\/02\/13\/pa-resursstarka-onneredsskolan-trivs-lararna\/#primaryimage"},"image":{"@id":"https:\/\/lararkarriar.se\/grundskola\/2019\/02\/13\/pa-resursstarka-onneredsskolan-trivs-lararna\/#primaryimage"},"thumbnailUrl":"https:\/\/lararkarriar.se\/grundskola\/wp-content\/uploads\/sites\/12\/2019\/02\/goteborg-larare-onneredsskolan-01.jpg","datePublished":"2019-02-13T12:52:30+00:00","author":{"@id":"https:\/\/lararkarriar.se\/grundskola\/#\/schema\/person\/c8a43eb855191e573b73ecf8987a3b99"},"breadcrumb":{"@id":"https:\/\/lararkarriar.se\/grundskola\/2019\/02\/13\/pa-resursstarka-onneredsskolan-trivs-lararna\/#breadcrumb"},"inLanguage":"sv-SE","potentialAction":[{"@type":"ReadAction","target":["https:\/\/lararkarriar.se\/grundskola\/2019\/02\/13\/pa-resursstarka-onneredsskolan-trivs-lararna\/"]}]},{"@type":"ImageObject","inLanguage":"sv-SE","@id":"https:\/\/lararkarriar.se\/grundskola\/2019\/02\/13\/pa-resursstarka-onneredsskolan-trivs-lararna\/#primaryimage","url":"https:\/\/lararkarriar.se\/grundskola\/wp-content\/uploads\/sites\/12\/2019\/02\/goteborg-larare-onneredsskolan-01.jpg","contentUrl":"https:\/\/lararkarriar.se\/grundskola\/wp-content\/uploads\/sites\/12\/2019\/02\/goteborg-larare-onneredsskolan-01.jpg","width":1000,"height":640,"caption":"Bra ledning, till\u00e5tande atmosf\u00e4r och h\u00e4rliga kollegor g\u00f6r att l\u00e4rarna PM Svensson och Liv Lindahl stortrivs p\u00e5 \u00d6nnereds\u00adskolans h\u00f6gstadium i G\u00f6teborg. Foto: Patrik Bergenstav"},{"@type":"BreadcrumbList","@id":"https:\/\/lararkarriar.se\/grundskola\/2019\/02\/13\/pa-resursstarka-onneredsskolan-trivs-lararna\/#breadcrumb","itemListElement":[{"@type":"ListItem","position":1,"name":"Home","item":"https:\/\/lararkarriar.se\/grundskola\/"},{"@type":"ListItem","position":2,"name":"P\u00e5 resursstarka \u00d6nneredsskolan trivs l\u00e4rarna"}]},{"@type":"WebSite","@id":"https:\/\/lararkarriar.se\/grundskola\/#website","url":"https:\/\/lararkarriar.se\/grundskola\/","name":"Framtidens Karri\u00e4r \u2013 Grundskolel\u00e4rare","description":"Just another NMDashboard.se Sites site","potentialAction":[{"@type":"SearchAction","target":{"@type":"EntryPoint","urlTemplate":"https:\/\/lararkarriar.se\/grundskola\/?s={search_term_string}"},"query-input":{"@type":"PropertyValueSpecification","valueRequired":true,"valueName":"search_term_string"}}],"inLanguage":"sv-SE"},{"@type":"Person","@id":"https:\/\/lararkarriar.se\/grundskola\/#\/schema\/person\/c8a43eb855191e573b73ecf8987a3b99","name":"stellanstal","image":{"@type":"ImageObject","inLanguage":"sv-SE","@id":"https:\/\/secure.gravatar.com\/avatar\/cd330fa6bb17f598124b2068ee0b189e4fe0987a50af9d53b78410836060d0c9?s=96&d=mm&r=g","url":"https:\/\/secure.gravatar.com\/avatar\/cd330fa6bb17f598124b2068ee0b189e4fe0987a50af9d53b78410836060d0c9?s=96&d=mm&r=g","contentUrl":"https:\/\/secure.gravatar.com\/avatar\/cd330fa6bb17f598124b2068ee0b189e4fe0987a50af9d53b78410836060d0c9?s=96&d=mm&r=g","caption":"stellanstal"},"url":"https:\/\/lararkarriar.se\/grundskola\/author\/stellanstal\/"}]}},"_links":{"self":[{"href":"https:\/\/lararkarriar.se\/grundskola\/wp-json\/wp\/v2\/posts\/6455","targetHints":{"allow":["GET"]}}],"collection":[{"href":"https:\/\/lararkarriar.se\/grundskola\/wp-json\/wp\/v2\/posts"}],"about":[{"href":"https:\/\/lararkarriar.se\/grundskola\/wp-json\/wp\/v2\/types\/post"}],"author":[{"embeddable":true,"href":"https:\/\/lararkarriar.se\/grundskola\/wp-json\/wp\/v2\/users\/3"}],"replies":[{"embeddable":true,"href":"https:\/\/lararkarriar.se\/grundskola\/wp-json\/wp\/v2\/comments?post=6455"}],"version-history":[{"count":0,"href":"https:\/\/lararkarriar.se\/grundskola\/wp-json\/wp\/v2\/posts\/6455\/revisions"}],"wp:featuredmedia":[{"embeddable":true,"href":"https:\/\/lararkarriar.se\/grundskola\/wp-json\/wp\/v2\/media\/6457"}],"wp:attachment":[{"href":"https:\/\/lararkarriar.se\/grundskola\/wp-json\/wp\/v2\/media?parent=6455"}],"wp:term":[{"taxonomy":"category","embeddable":true,"href":"https:\/\/lararkarriar.se\/grundskola\/wp-json\/wp\/v2\/categories?post=6455"},{"taxonomy":"post_tag","embeddable":true,"href":"https:\/\/lararkarriar.se\/grundskola\/wp-json\/wp\/v2\/tags?post=6455"}],"curies":[{"name":"wp","href":"https:\/\/api.w.org\/{rel}","templated":true}]}}