{"id":6476,"date":"2019-02-13T15:02:45","date_gmt":"2019-02-13T13:02:45","guid":{"rendered":"http:\/\/lararkarriar.se\/grundskola\/?p=6476"},"modified":"2019-02-13T15:02:45","modified_gmt":"2019-02-13T13:02:45","slug":"arbetet-ger-stor-frihet-att-improvisera","status":"publish","type":"post","link":"https:\/\/lararkarriar.se\/grundskola\/2019\/02\/13\/arbetet-ger-stor-frihet-att-improvisera\/","title":{"rendered":"Arbetet ger stor frihet att improvisera"},"content":{"rendered":"<figure id=\"attachment_6478\" aria-describedby=\"caption-attachment-6478\" style=\"width: 1000px\" class=\"wp-caption alignnone\"><img loading=\"lazy\" decoding=\"async\" src=\"https:\/\/lararkarriar.se\/grundskola\/wp-content\/uploads\/sites\/12\/2019\/02\/vimmerby-nes190204-dn-0039.jpg\" alt=\"Lotten Ekl\u00f6f-Sandell och Malin Linderson, f\u00f6rstel\u00e4rare i Vimmerby. Foto: Daniel Nestor\" width=\"1000\" height=\"650\" class=\"size-full wp-image-6478\" srcset=\"https:\/\/lararkarriar.se\/grundskola\/wp-content\/uploads\/sites\/12\/2019\/02\/vimmerby-nes190204-dn-0039.jpg 1000w, https:\/\/lararkarriar.se\/grundskola\/wp-content\/uploads\/sites\/12\/2019\/02\/vimmerby-nes190204-dn-0039-300x195.jpg 300w, https:\/\/lararkarriar.se\/grundskola\/wp-content\/uploads\/sites\/12\/2019\/02\/vimmerby-nes190204-dn-0039-768x499.jpg 768w, https:\/\/lararkarriar.se\/grundskola\/wp-content\/uploads\/sites\/12\/2019\/02\/vimmerby-nes190204-dn-0039-246x160.jpg 246w, https:\/\/lararkarriar.se\/grundskola\/wp-content\/uploads\/sites\/12\/2019\/02\/vimmerby-nes190204-dn-0039-526x342.jpg 526w, https:\/\/lararkarriar.se\/grundskola\/wp-content\/uploads\/sites\/12\/2019\/02\/vimmerby-nes190204-dn-0039-720x468.jpg 720w, https:\/\/lararkarriar.se\/grundskola\/wp-content\/uploads\/sites\/12\/2019\/02\/vimmerby-nes190204-dn-0039-960x624.jpg 960w\" sizes=\"auto, (max-width: 1000px) 100vw, 1000px\" \/><figcaption id=\"caption-attachment-6478\" class=\"wp-caption-text\">Lotten Ekl\u00f6f-Sandell och Malin Linderson, f\u00f6rstel\u00e4rare i Vimmerby. Foto: Daniel Nestor<\/figcaption><\/figure>\n<p><strong>Kreativitet, flexibilitet, korta beslutsv\u00e4gar samt stora m\u00f6jligheter att p\u00e5verka b\u00e5de verksamheten och den egna arbetsdagen. Det \u00e4r ord som dyker upp n\u00e4r f\u00f6rstel\u00e4rarna Malin Linderson och Lotten Ekl\u00f6f-Sandell beskriver hur det \u00e4r att vara l\u00e4rare p\u00e5 en liten skola i Vimmerby kommun.<\/strong><\/p>\n<p>Malin Linderson \u00e4r inne p\u00e5 sitt 20:e \u00e5r som l\u00e4rare p\u00e5 Djursdala skola som just nu har 43 elever f\u00f6rdelade p\u00e5 tre klasser. Skolan \u00e4r omgiven av vacker natur d\u00e4r skolg\u00e5rden inbjuder till m\u00e5nga aktiviteter. H\u00e4r finns \u00e4ven ett naturklassrum med vindskydd, eldstad, sittplatser och dass.<br \/>\n\u2013 Skolan \u00e4r fantastisk b\u00e5de p\u00e5 ut- och insidan. Att arbeta med \u00e5ldersintegrerade klasser har f\u00f6rst\u00e5s sina utmaningar men det ger ocks\u00e5 v\u00e4ldigt mycket tillbaka, inte minst i form av att eleverna l\u00e4r av varandra.<br \/>\nS\u00e5v\u00e4l l\u00e4rmilj\u00f6 som den sociala milj\u00f6n gynnas av det lilla formatet.<br \/>\n\u2013 En liten skola mitt i byn f\u00f6r med sig att alla k\u00e4nner alla, b\u00e5de barn och vuxna. F\u00f6r\u00e4ldrar blir involverade i verksamheten p\u00e5 ett naturligt s\u00e4tt, s\u00e4ger Lotten Ekl\u00f6f-Sandell, l\u00e4rare i en 4\u20136-klass p\u00e5 Tuna skola med totalt 40 elever. \u00c4ven h\u00e4r finns naturen bara om h\u00f6rnet.<\/p>\n<p><strong>Dynamik<\/strong><br \/>\nLotten hade arbetat i 14 \u00e5r som l\u00e4rare p\u00e5 st\u00f6rre skolor innan hon f\u00f6r fem \u00e5r sedan best\u00e4mde sig f\u00f6r att s\u00f6ka tj\u00e4nsten p\u00e5 Tuna skola. Ett beslut hon inte har \u00e5ngrat.<br \/>\n\u2013 Beslutsv\u00e4garna \u00e4r korta och man har stort inflytande \u00f6ver sin vardag med stor frihet att improvisera.<br \/>\n\u00c4ven eleverna har stort medinflytande, deras id\u00e9er kan snabbt oms\u00e4ttas i praktisk handling.<br \/>\nHon f\u00e5r medh\u00e5ll av Malin som p\u00e5pekar att l\u00e4rarjobbet p\u00e5 en liten skola \u00e4ven inneb\u00e4r en del utmaningar.<br \/>\n\u2013 Vi har ingen kurator, skolsk\u00f6terska eller expeditionspersonal p\u00e5 plats dagligen, s\u00e5 h\u00e4nder det n\u00e5got f\u00e5r jag ringa efter n\u00e5gon som kommer n\u00e4sta dag eller l\u00f6sa det sj\u00e4lv. Du tvingas vara b\u00e5de flexibel och kreativ, en probleml\u00f6sare!<br \/>\nB\u00e5de Malin och Lotten har f\u00f6rstel\u00e4raruppdrag p\u00e5 sina respektive skolor.<br \/>\n\u2013 F\u00f6rstel\u00e4rartj\u00e4nster \u00e4r viktigt f\u00f6r sm\u00e5 skolor. Det \u00e4r viktigt att det syns att vi driver viktiga fr\u00e5gor p\u00e5 alla skolor, stora som sm\u00e5, s\u00e4ger Malin.<br \/>\nP\u00e5 fr\u00e5gan om de kan rekommendera andra l\u00e4rare att s\u00f6ka sig till mindre skolor blir svaret ett unisont \u201dja\u201d.<br \/>\n\u2013 Det blir en positiv dynamik i verksamheten eftersom skolan \u00e4r s\u00e5 viktig f\u00f6r hela samh\u00e4llet. Ett fantastiskt roligt jobb, fastsl\u00e5r Lotten.<\/p>\n<p><strong><a href=\"http:\/\/www.vimmerby.se\/naringslivocharbete\/arbetsmarknad\/ledigajobbikommunen.4.3007f0e915c15cbcef5f0ea7.html\" title=\"Vimmerby kommun pres jobb ans\u00f6k\" rel=\"noopener noreferrer\" target=\"_blank\">Jobba som grundskoll\u00e4rare i Vimmerby kommun. Se v\u00e5ra lediga tj\u00e4nster h\u00e4r<\/a><\/strong><\/p>\n<div class=\"faktaruta-title\">Vimmerby kommuns grundskolor<\/div><div class=\"faktaruta\">I Vimmerby kommun finns nio kommunala grundskolor. F\u00f6rskoleklass samt fritidshem finns p\u00e5 skolorna. V\u00e5r ambition \u00e4r att bli b\u00e4st i det vi g\u00f6r f\u00f6r v\u00e5ra barn och ungdomars b\u00e4sta.<\/p>\n<p><strong>Vimmerby kommun<\/strong><br \/>\n598 81 Vimmerby<br \/>\nTel: 0492-76 90 00<br \/>\n<strong><a href=\"https:\/\/www.vimmerby.se\" title=\"Vimmerby kommun textlink\" rel=\"noopener noreferrer\" target=\"_blank\">www.vimmerby.se<\/a><\/strong><\/p>\n<p><a href=\"https:\/\/www.vimmerby.se\" title=\"Vimmerby kommun logotype\" rel=\"noopener noreferrer\" target=\"_blank\"><img loading=\"lazy\" decoding=\"async\" src=\"http:\/\/lararkarriar.se\/grundskola\/wp-content\/uploads\/2019\/02\/vimmerby_kommun_cmyk-530x222.png\" alt=\"Vimmerby kommun logotype\" width=\"332\" height=\"139\" class=\"alignnone size-medium wp-image-6477\" \/><\/a><br \/>\n<\/div>\n","protected":false},"excerpt":{"rendered":"<p>Kreativitet, flexibilitet, korta beslutsv\u00e4gar samt stora m\u00f6jligheter att p\u00e5verka b\u00e5de verksamheten och den egna arbetsdagen&#8230;.<\/p>\n","protected":false},"author":2,"featured_media":6478,"comment_status":"closed","ping_status":"open","sticky":false,"template":"","format":"standard","meta":{"_acf_changed":false,"_monsterinsights_skip_tracking":false,"_monsterinsights_sitenote_active":false,"_monsterinsights_sitenote_note":"","_monsterinsights_sitenote_category":0,"footnotes":""},"categories":[7],"tags":[97,121,170,178,440],"class_list":["post-6476","post","type-post","status-publish","format-standard","has-post-thumbnail","hentry","category-presentation","tag-forskola","tag-grundskola","tag-kommunala-grundskolor","tag-korta-beslutsvagar","tag-vimmerby-kommun"],"acf":[],"yoast_head":"<!-- This site is optimized with the Yoast SEO plugin v27.3 - https:\/\/yoast.com\/product\/yoast-seo-wordpress\/ -->\n<title>Arbetet ger stor frihet att improvisera - Framtidens Karri\u00e4r \u2013 Grundskolel\u00e4rare<\/title>\n<meta name=\"robots\" content=\"index, follow, max-snippet:-1, max-image-preview:large, max-video-preview:-1\" \/>\n<link rel=\"canonical\" href=\"https:\/\/lararkarriar.se\/grundskola\/2019\/02\/13\/arbetet-ger-stor-frihet-att-improvisera\/\" \/>\n<meta property=\"og:locale\" content=\"sv_SE\" \/>\n<meta property=\"og:type\" content=\"article\" \/>\n<meta property=\"og:title\" content=\"Arbetet ger stor frihet att improvisera - Framtidens Karri\u00e4r \u2013 Grundskolel\u00e4rare\" \/>\n<meta property=\"og:description\" content=\"Kreativitet, flexibilitet, korta beslutsv\u00e4gar samt stora m\u00f6jligheter att p\u00e5verka b\u00e5de verksamheten och den egna arbetsdagen....\" \/>\n<meta property=\"og:url\" content=\"https:\/\/lararkarriar.se\/grundskola\/2019\/02\/13\/arbetet-ger-stor-frihet-att-improvisera\/\" \/>\n<meta property=\"og:site_name\" content=\"Framtidens Karri\u00e4r \u2013 Grundskolel\u00e4rare\" \/>\n<meta property=\"article:published_time\" content=\"2019-02-13T13:02:45+00:00\" \/>\n<meta property=\"og:image\" content=\"https:\/\/lararkarriar.se\/grundskola\/wp-content\/uploads\/sites\/12\/2019\/02\/vimmerby-nes190204-dn-0039.jpg\" \/>\n\t<meta property=\"og:image:width\" content=\"1000\" \/>\n\t<meta property=\"og:image:height\" content=\"650\" \/>\n\t<meta property=\"og:image:type\" content=\"image\/jpeg\" \/>\n<meta name=\"author\" content=\"viktorwallen\" \/>\n<meta name=\"twitter:card\" content=\"summary_large_image\" \/>\n<meta name=\"twitter:label1\" content=\"Skriven av\" \/>\n\t<meta name=\"twitter:data1\" content=\"viktorwallen\" \/>\n\t<meta name=\"twitter:label2\" content=\"Ber\u00e4knad l\u00e4stid\" \/>\n\t<meta name=\"twitter:data2\" content=\"3 minuter\" \/>\n<script type=\"application\/ld+json\" class=\"yoast-schema-graph\">{\"@context\":\"https:\\\/\\\/schema.org\",\"@graph\":[{\"@type\":\"Article\",\"@id\":\"https:\\\/\\\/lararkarriar.se\\\/grundskola\\\/2019\\\/02\\\/13\\\/arbetet-ger-stor-frihet-att-improvisera\\\/#article\",\"isPartOf\":{\"@id\":\"https:\\\/\\\/lararkarriar.se\\\/grundskola\\\/2019\\\/02\\\/13\\\/arbetet-ger-stor-frihet-att-improvisera\\\/\"},\"author\":{\"name\":\"viktorwallen\",\"@id\":\"https:\\\/\\\/lararkarriar.se\\\/grundskola\\\/#\\\/schema\\\/person\\\/2a13a849ec7646386c2211f59afe3083\"},\"headline\":\"Arbetet ger stor frihet att improvisera\",\"datePublished\":\"2019-02-13T13:02:45+00:00\",\"mainEntityOfPage\":{\"@id\":\"https:\\\/\\\/lararkarriar.se\\\/grundskola\\\/2019\\\/02\\\/13\\\/arbetet-ger-stor-frihet-att-improvisera\\\/\"},\"wordCount\":535,\"image\":{\"@id\":\"https:\\\/\\\/lararkarriar.se\\\/grundskola\\\/2019\\\/02\\\/13\\\/arbetet-ger-stor-frihet-att-improvisera\\\/#primaryimage\"},\"thumbnailUrl\":\"https:\\\/\\\/lararkarriar.se\\\/grundskola\\\/wp-content\\\/uploads\\\/sites\\\/12\\\/2019\\\/02\\\/vimmerby-nes190204-dn-0039.jpg\",\"keywords\":[\"F\u00f6rskola\",\"Grundskola\",\"Kommunala grundskolor\",\"Korta beslutsv\u00e4gar\",\"Vimmerby kommun\"],\"articleSection\":[\"Presentation\"],\"inLanguage\":\"sv-SE\"},{\"@type\":\"WebPage\",\"@id\":\"https:\\\/\\\/lararkarriar.se\\\/grundskola\\\/2019\\\/02\\\/13\\\/arbetet-ger-stor-frihet-att-improvisera\\\/\",\"url\":\"https:\\\/\\\/lararkarriar.se\\\/grundskola\\\/2019\\\/02\\\/13\\\/arbetet-ger-stor-frihet-att-improvisera\\\/\",\"name\":\"Arbetet ger stor frihet att improvisera - Framtidens Karri\u00e4r \u2013 Grundskolel\u00e4rare\",\"isPartOf\":{\"@id\":\"https:\\\/\\\/lararkarriar.se\\\/grundskola\\\/#website\"},\"primaryImageOfPage\":{\"@id\":\"https:\\\/\\\/lararkarriar.se\\\/grundskola\\\/2019\\\/02\\\/13\\\/arbetet-ger-stor-frihet-att-improvisera\\\/#primaryimage\"},\"image\":{\"@id\":\"https:\\\/\\\/lararkarriar.se\\\/grundskola\\\/2019\\\/02\\\/13\\\/arbetet-ger-stor-frihet-att-improvisera\\\/#primaryimage\"},\"thumbnailUrl\":\"https:\\\/\\\/lararkarriar.se\\\/grundskola\\\/wp-content\\\/uploads\\\/sites\\\/12\\\/2019\\\/02\\\/vimmerby-nes190204-dn-0039.jpg\",\"datePublished\":\"2019-02-13T13:02:45+00:00\",\"author\":{\"@id\":\"https:\\\/\\\/lararkarriar.se\\\/grundskola\\\/#\\\/schema\\\/person\\\/2a13a849ec7646386c2211f59afe3083\"},\"breadcrumb\":{\"@id\":\"https:\\\/\\\/lararkarriar.se\\\/grundskola\\\/2019\\\/02\\\/13\\\/arbetet-ger-stor-frihet-att-improvisera\\\/#breadcrumb\"},\"inLanguage\":\"sv-SE\",\"potentialAction\":[{\"@type\":\"ReadAction\",\"target\":[\"https:\\\/\\\/lararkarriar.se\\\/grundskola\\\/2019\\\/02\\\/13\\\/arbetet-ger-stor-frihet-att-improvisera\\\/\"]}]},{\"@type\":\"ImageObject\",\"inLanguage\":\"sv-SE\",\"@id\":\"https:\\\/\\\/lararkarriar.se\\\/grundskola\\\/2019\\\/02\\\/13\\\/arbetet-ger-stor-frihet-att-improvisera\\\/#primaryimage\",\"url\":\"https:\\\/\\\/lararkarriar.se\\\/grundskola\\\/wp-content\\\/uploads\\\/sites\\\/12\\\/2019\\\/02\\\/vimmerby-nes190204-dn-0039.jpg\",\"contentUrl\":\"https:\\\/\\\/lararkarriar.se\\\/grundskola\\\/wp-content\\\/uploads\\\/sites\\\/12\\\/2019\\\/02\\\/vimmerby-nes190204-dn-0039.jpg\",\"width\":1000,\"height\":650,\"caption\":\"Lotten Ekl\u00f6f-Sandell och Malin Linderson, f\u00f6rstel\u00e4rare i Vimmerby. Foto: Daniel Nestor\"},{\"@type\":\"BreadcrumbList\",\"@id\":\"https:\\\/\\\/lararkarriar.se\\\/grundskola\\\/2019\\\/02\\\/13\\\/arbetet-ger-stor-frihet-att-improvisera\\\/#breadcrumb\",\"itemListElement\":[{\"@type\":\"ListItem\",\"position\":1,\"name\":\"Home\",\"item\":\"https:\\\/\\\/lararkarriar.se\\\/grundskola\\\/\"},{\"@type\":\"ListItem\",\"position\":2,\"name\":\"Arbetet ger stor frihet att improvisera\"}]},{\"@type\":\"WebSite\",\"@id\":\"https:\\\/\\\/lararkarriar.se\\\/grundskola\\\/#website\",\"url\":\"https:\\\/\\\/lararkarriar.se\\\/grundskola\\\/\",\"name\":\"Framtidens Karri\u00e4r \u2013 Grundskolel\u00e4rare\",\"description\":\"Just another NMDashboard.se Sites site\",\"potentialAction\":[{\"@type\":\"SearchAction\",\"target\":{\"@type\":\"EntryPoint\",\"urlTemplate\":\"https:\\\/\\\/lararkarriar.se\\\/grundskola\\\/?s={search_term_string}\"},\"query-input\":{\"@type\":\"PropertyValueSpecification\",\"valueRequired\":true,\"valueName\":\"search_term_string\"}}],\"inLanguage\":\"sv-SE\"},{\"@type\":\"Person\",\"@id\":\"https:\\\/\\\/lararkarriar.se\\\/grundskola\\\/#\\\/schema\\\/person\\\/2a13a849ec7646386c2211f59afe3083\",\"name\":\"viktorwallen\",\"image\":{\"@type\":\"ImageObject\",\"inLanguage\":\"sv-SE\",\"@id\":\"https:\\\/\\\/secure.gravatar.com\\\/avatar\\\/701701bd36169636031933997c8c6b954f2f635bbb7cd4802e4a007f9c9f4e59?s=96&d=mm&r=g\",\"url\":\"https:\\\/\\\/secure.gravatar.com\\\/avatar\\\/701701bd36169636031933997c8c6b954f2f635bbb7cd4802e4a007f9c9f4e59?s=96&d=mm&r=g\",\"contentUrl\":\"https:\\\/\\\/secure.gravatar.com\\\/avatar\\\/701701bd36169636031933997c8c6b954f2f635bbb7cd4802e4a007f9c9f4e59?s=96&d=mm&r=g\",\"caption\":\"viktorwallen\"},\"url\":\"https:\\\/\\\/lararkarriar.se\\\/grundskola\\\/author\\\/viktorwallen\\\/\"}]}<\/script>\n<!-- \/ Yoast SEO plugin. -->","yoast_head_json":{"title":"Arbetet ger stor frihet att improvisera - Framtidens Karri\u00e4r \u2013 Grundskolel\u00e4rare","robots":{"index":"index","follow":"follow","max-snippet":"max-snippet:-1","max-image-preview":"max-image-preview:large","max-video-preview":"max-video-preview:-1"},"canonical":"https:\/\/lararkarriar.se\/grundskola\/2019\/02\/13\/arbetet-ger-stor-frihet-att-improvisera\/","og_locale":"sv_SE","og_type":"article","og_title":"Arbetet ger stor frihet att improvisera - Framtidens Karri\u00e4r \u2013 Grundskolel\u00e4rare","og_description":"Kreativitet, flexibilitet, korta beslutsv\u00e4gar samt stora m\u00f6jligheter att p\u00e5verka b\u00e5de verksamheten och den egna arbetsdagen....","og_url":"https:\/\/lararkarriar.se\/grundskola\/2019\/02\/13\/arbetet-ger-stor-frihet-att-improvisera\/","og_site_name":"Framtidens Karri\u00e4r \u2013 Grundskolel\u00e4rare","article_published_time":"2019-02-13T13:02:45+00:00","og_image":[{"width":1000,"height":650,"url":"https:\/\/lararkarriar.se\/grundskola\/wp-content\/uploads\/sites\/12\/2019\/02\/vimmerby-nes190204-dn-0039.jpg","type":"image\/jpeg"}],"author":"viktorwallen","twitter_card":"summary_large_image","twitter_misc":{"Skriven av":"viktorwallen","Ber\u00e4knad l\u00e4stid":"3 minuter"},"schema":{"@context":"https:\/\/schema.org","@graph":[{"@type":"Article","@id":"https:\/\/lararkarriar.se\/grundskola\/2019\/02\/13\/arbetet-ger-stor-frihet-att-improvisera\/#article","isPartOf":{"@id":"https:\/\/lararkarriar.se\/grundskola\/2019\/02\/13\/arbetet-ger-stor-frihet-att-improvisera\/"},"author":{"name":"viktorwallen","@id":"https:\/\/lararkarriar.se\/grundskola\/#\/schema\/person\/2a13a849ec7646386c2211f59afe3083"},"headline":"Arbetet ger stor frihet att improvisera","datePublished":"2019-02-13T13:02:45+00:00","mainEntityOfPage":{"@id":"https:\/\/lararkarriar.se\/grundskola\/2019\/02\/13\/arbetet-ger-stor-frihet-att-improvisera\/"},"wordCount":535,"image":{"@id":"https:\/\/lararkarriar.se\/grundskola\/2019\/02\/13\/arbetet-ger-stor-frihet-att-improvisera\/#primaryimage"},"thumbnailUrl":"https:\/\/lararkarriar.se\/grundskola\/wp-content\/uploads\/sites\/12\/2019\/02\/vimmerby-nes190204-dn-0039.jpg","keywords":["F\u00f6rskola","Grundskola","Kommunala grundskolor","Korta beslutsv\u00e4gar","Vimmerby kommun"],"articleSection":["Presentation"],"inLanguage":"sv-SE"},{"@type":"WebPage","@id":"https:\/\/lararkarriar.se\/grundskola\/2019\/02\/13\/arbetet-ger-stor-frihet-att-improvisera\/","url":"https:\/\/lararkarriar.se\/grundskola\/2019\/02\/13\/arbetet-ger-stor-frihet-att-improvisera\/","name":"Arbetet ger stor frihet att improvisera - Framtidens Karri\u00e4r \u2013 Grundskolel\u00e4rare","isPartOf":{"@id":"https:\/\/lararkarriar.se\/grundskola\/#website"},"primaryImageOfPage":{"@id":"https:\/\/lararkarriar.se\/grundskola\/2019\/02\/13\/arbetet-ger-stor-frihet-att-improvisera\/#primaryimage"},"image":{"@id":"https:\/\/lararkarriar.se\/grundskola\/2019\/02\/13\/arbetet-ger-stor-frihet-att-improvisera\/#primaryimage"},"thumbnailUrl":"https:\/\/lararkarriar.se\/grundskola\/wp-content\/uploads\/sites\/12\/2019\/02\/vimmerby-nes190204-dn-0039.jpg","datePublished":"2019-02-13T13:02:45+00:00","author":{"@id":"https:\/\/lararkarriar.se\/grundskola\/#\/schema\/person\/2a13a849ec7646386c2211f59afe3083"},"breadcrumb":{"@id":"https:\/\/lararkarriar.se\/grundskola\/2019\/02\/13\/arbetet-ger-stor-frihet-att-improvisera\/#breadcrumb"},"inLanguage":"sv-SE","potentialAction":[{"@type":"ReadAction","target":["https:\/\/lararkarriar.se\/grundskola\/2019\/02\/13\/arbetet-ger-stor-frihet-att-improvisera\/"]}]},{"@type":"ImageObject","inLanguage":"sv-SE","@id":"https:\/\/lararkarriar.se\/grundskola\/2019\/02\/13\/arbetet-ger-stor-frihet-att-improvisera\/#primaryimage","url":"https:\/\/lararkarriar.se\/grundskola\/wp-content\/uploads\/sites\/12\/2019\/02\/vimmerby-nes190204-dn-0039.jpg","contentUrl":"https:\/\/lararkarriar.se\/grundskola\/wp-content\/uploads\/sites\/12\/2019\/02\/vimmerby-nes190204-dn-0039.jpg","width":1000,"height":650,"caption":"Lotten Ekl\u00f6f-Sandell och Malin Linderson, f\u00f6rstel\u00e4rare i Vimmerby. Foto: Daniel Nestor"},{"@type":"BreadcrumbList","@id":"https:\/\/lararkarriar.se\/grundskola\/2019\/02\/13\/arbetet-ger-stor-frihet-att-improvisera\/#breadcrumb","itemListElement":[{"@type":"ListItem","position":1,"name":"Home","item":"https:\/\/lararkarriar.se\/grundskola\/"},{"@type":"ListItem","position":2,"name":"Arbetet ger stor frihet att improvisera"}]},{"@type":"WebSite","@id":"https:\/\/lararkarriar.se\/grundskola\/#website","url":"https:\/\/lararkarriar.se\/grundskola\/","name":"Framtidens Karri\u00e4r \u2013 Grundskolel\u00e4rare","description":"Just another NMDashboard.se Sites site","potentialAction":[{"@type":"SearchAction","target":{"@type":"EntryPoint","urlTemplate":"https:\/\/lararkarriar.se\/grundskola\/?s={search_term_string}"},"query-input":{"@type":"PropertyValueSpecification","valueRequired":true,"valueName":"search_term_string"}}],"inLanguage":"sv-SE"},{"@type":"Person","@id":"https:\/\/lararkarriar.se\/grundskola\/#\/schema\/person\/2a13a849ec7646386c2211f59afe3083","name":"viktorwallen","image":{"@type":"ImageObject","inLanguage":"sv-SE","@id":"https:\/\/secure.gravatar.com\/avatar\/701701bd36169636031933997c8c6b954f2f635bbb7cd4802e4a007f9c9f4e59?s=96&d=mm&r=g","url":"https:\/\/secure.gravatar.com\/avatar\/701701bd36169636031933997c8c6b954f2f635bbb7cd4802e4a007f9c9f4e59?s=96&d=mm&r=g","contentUrl":"https:\/\/secure.gravatar.com\/avatar\/701701bd36169636031933997c8c6b954f2f635bbb7cd4802e4a007f9c9f4e59?s=96&d=mm&r=g","caption":"viktorwallen"},"url":"https:\/\/lararkarriar.se\/grundskola\/author\/viktorwallen\/"}]}},"_links":{"self":[{"href":"https:\/\/lararkarriar.se\/grundskola\/wp-json\/wp\/v2\/posts\/6476","targetHints":{"allow":["GET"]}}],"collection":[{"href":"https:\/\/lararkarriar.se\/grundskola\/wp-json\/wp\/v2\/posts"}],"about":[{"href":"https:\/\/lararkarriar.se\/grundskola\/wp-json\/wp\/v2\/types\/post"}],"author":[{"embeddable":true,"href":"https:\/\/lararkarriar.se\/grundskola\/wp-json\/wp\/v2\/users\/2"}],"replies":[{"embeddable":true,"href":"https:\/\/lararkarriar.se\/grundskola\/wp-json\/wp\/v2\/comments?post=6476"}],"version-history":[{"count":0,"href":"https:\/\/lararkarriar.se\/grundskola\/wp-json\/wp\/v2\/posts\/6476\/revisions"}],"wp:featuredmedia":[{"embeddable":true,"href":"https:\/\/lararkarriar.se\/grundskola\/wp-json\/wp\/v2\/media\/6478"}],"wp:attachment":[{"href":"https:\/\/lararkarriar.se\/grundskola\/wp-json\/wp\/v2\/media?parent=6476"}],"wp:term":[{"taxonomy":"category","embeddable":true,"href":"https:\/\/lararkarriar.se\/grundskola\/wp-json\/wp\/v2\/categories?post=6476"},{"taxonomy":"post_tag","embeddable":true,"href":"https:\/\/lararkarriar.se\/grundskola\/wp-json\/wp\/v2\/tags?post=6476"}],"curies":[{"name":"wp","href":"https:\/\/api.w.org\/{rel}","templated":true}]}}